{"id":2316,"date":"2025-05-06T10:27:34","date_gmt":"2025-05-06T13:27:34","guid":{"rendered":"https:\/\/www.muyjujuy.com\/?p=2316"},"modified":"2025-05-06T10:27:34","modified_gmt":"2025-05-06T13:27:34","slug":"imputaran-al-autor-del-femicidio-de-angelina-gonzalez-por-homicidio-agravado-por-el-vinculo-y-por-violencia-de-genero","status":"publish","type":"post","link":"https:\/\/www.muyjujuy.com\/index.php\/2025\/05\/06\/imputaran-al-autor-del-femicidio-de-angelina-gonzalez-por-homicidio-agravado-por-el-vinculo-y-por-violencia-de-genero\/","title":{"rendered":"Imputar\u00e1n al autor del femicidio de Angelina Gonz\u00e1lez por \u201chomicidio agravado por el v\u00ednculo y por violencia de g\u00e9nero\u201d"},"content":{"rendered":"\n<p>El joven de 25 a\u00f1os fue derivado al Servicio Penitenciario y en breve ser\u00e1 convocado a una audiencia imputativa donde se le informar\u00e1n los cargos en su contra y deber\u00e1 designar defensa legal.<\/p>\n\n\n\n<p>A pocas horas de haberse encontrado el cuerpo sin vida de Angelina Judith Gonz\u00e1lez, una joven de 15 a\u00f1os reportada como desaparecida y hallada en el cauce del R\u00edo Las Pavas, la causa avanza r\u00e1pidamente y ya hay una persona detenida.<\/p>\n\n\n\n<p>La fiscal Romina N\u00fa\u00f1ez, titular de la Fiscal\u00eda Especializada en Violencia de G\u00e9nero, Violencia Sexual e Intrafamiliar con sede en Perico, ofreci\u00f3 declaraciones recientes en las que confirm\u00f3 el traslado del acusado al penal y anticip\u00f3 que en las pr\u00f3ximas horas se llevar\u00e1 a cabo la audiencia de imputaci\u00f3n.<\/p>\n\n\n\n<p>N\u00fa\u00f1ez confirm\u00f3 que el individuo ser\u00e1 acusado formalmente de \u201chomicidio agravado por el v\u00ednculo y por mediar violencia de g\u00e9nero\u201d.<\/p>\n\n\n\n<p>&#8220;En breve se solicitar\u00e1 la correspondiente audiencia de imputaci\u00f3n, lectura de cargos y pedido de prisi\u00f3n preventiva, ya que las pruebas reunidas por este Ministerio permiten encuadrar el hecho como \u2018homicidio agravado por el v\u00ednculo y por violencia de g\u00e9nero\u2019 contra este sujeto que actualmente se encuentra alojado en el Servicio Penitenciario de la Provincia de Jujuy&#8221;, declar\u00f3 la fiscal.<\/p>\n\n\n\n<p>Cabe recordar que el detenido hab\u00eda ingerido una sustancia t\u00f3xica y fue inicialmente hospitalizado en el nosocomio Arturo Zabala de Perico, donde permaneci\u00f3 bajo vigilancia. Una vez estabilizado, fue trasladado y qued\u00f3 a disposici\u00f3n de la Justicia en el penal provincial.<\/p>\n\n\n\n<p><strong>Detalles del caso de Angelina Judith Gonz\u00e1lez<\/strong><\/p>\n\n\n\n<p>La menor, oriunda de la localidad de Pampa Blanca, en el departamento El Carmen, hab\u00eda salido de su domicilio durante la tarde del s\u00e1bado 3 de mayo. Al no regresar y no contestar llamadas ni mensajes, su familia radic\u00f3 la denuncia en la madrugada del domingo 4.<\/p>\n\n\n\n<p>A partir de ese momento, se puso en marcha un operativo de b\u00fasqueda coordinado por diversas \u00e1reas del Ministerio de Seguridad y Justicia. Finalmente, alrededor del mediod\u00eda del lunes 5 de mayo, se encontr\u00f3 el cuerpo de la adolescente, el cual fue identificado posteriormente por sus padres.<\/p>\n","protected":false},"excerpt":{"rendered":"<p>El joven de 25 a\u00f1os fue derivado al Servicio Penitenciario y en breve ser\u00e1 convocado a una audiencia imputativa donde se le informar\u00e1n los cargos en su contra y deber\u00e1 designar defensa legal. A pocas horas de haberse encontrado el cuerpo sin vida de Angelina Judith Gonz\u00e1lez, una joven de 15 a\u00f1os reportada como desaparecida [&hellip;]<\/p>\n","protected":false},"author":1,"featured_media":2317,"comment_status":"open","ping_status":"open","sticky":false,"template":"","format":"standard","meta":{"footnotes":""},"categories":[846],"tags":[],"class_list":{"0":"post-2316","1":"post","2":"type-post","3":"status-publish","4":"format-standard","5":"has-post-thumbnail","7":"category-justicia"},"yoast_head":"<!-- This site is optimized with the Yoast SEO plugin v27.5 - https:\/\/yoast.com\/product\/yoast-seo-wordpress\/ -->\n<title>Imputar\u00e1n al autor del femicidio de Angelina Gonz\u00e1lez por \u201chomicidio agravado por el v\u00ednculo y por violencia de g\u00e9nero\u201d - Muy Jujuy<\/title>\n<meta name=\"robots\" content=\"index, follow, max-snippet:-1, max-image-preview:large, max-video-preview:-1\" \/>\n<link rel=\"canonical\" href=\"https:\/\/www.muyjujuy.com\/index.php\/2025\/05\/06\/imputaran-al-autor-del-femicidio-de-angelina-gonzalez-por-homicidio-agravado-por-el-vinculo-y-por-violencia-de-genero\/\" \/>\n<meta property=\"og:locale\" content=\"es_ES\" \/>\n<meta property=\"og:type\" content=\"article\" \/>\n<meta property=\"og:title\" content=\"Imputar\u00e1n al autor del femicidio de Angelina Gonz\u00e1lez por \u201chomicidio agravado por el v\u00ednculo y por violencia de g\u00e9nero\u201d - Muy Jujuy\" \/>\n<meta property=\"og:description\" content=\"El joven de 25 a\u00f1os fue derivado al Servicio Penitenciario y en breve ser\u00e1 convocado a una audiencia imputativa donde se le informar\u00e1n los cargos en su contra y deber\u00e1 designar defensa legal. A pocas horas de haberse encontrado el cuerpo sin vida de Angelina Judith Gonz\u00e1lez, una joven de 15 a\u00f1os reportada como desaparecida [&hellip;]\" \/>\n<meta property=\"og:url\" content=\"https:\/\/www.muyjujuy.com\/index.php\/2025\/05\/06\/imputaran-al-autor-del-femicidio-de-angelina-gonzalez-por-homicidio-agravado-por-el-vinculo-y-por-violencia-de-genero\/\" \/>\n<meta property=\"og:site_name\" content=\"Muy Jujuy\" \/>\n<meta property=\"article:publisher\" content=\"https:\/\/www.facebook.com\/muyjujuycom\" \/>\n<meta property=\"article:published_time\" content=\"2025-05-06T13:27:34+00:00\" \/>\n<meta name=\"author\" content=\"admin\" \/>\n<meta name=\"twitter:card\" content=\"summary_large_image\" \/>\n<meta name=\"twitter:creator\" content=\"@muyjujuy\" \/>\n<meta name=\"twitter:site\" content=\"@muyjujuy\" \/>\n<meta name=\"twitter:label1\" content=\"Escrito por\" \/>\n\t<meta name=\"twitter:data1\" content=\"admin\" \/>\n\t<meta name=\"twitter:label2\" content=\"Tiempo de lectura\" \/>\n\t<meta name=\"twitter:data2\" content=\"2 minutos\" \/>\n<script type=\"application\/ld+json\" class=\"yoast-schema-graph\">{\"@context\":\"https:\\\/\\\/schema.org\",\"@graph\":[{\"@type\":\"Article\",\"@id\":\"https:\\\/\\\/www.muyjujuy.com\\\/index.php\\\/2025\\\/05\\\/06\\\/imputaran-al-autor-del-femicidio-de-angelina-gonzalez-por-homicidio-agravado-por-el-vinculo-y-por-violencia-de-genero\\\/#article\",\"isPartOf\":{\"@id\":\"https:\\\/\\\/www.muyjujuy.com\\\/index.php\\\/2025\\\/05\\\/06\\\/imputaran-al-autor-del-femicidio-de-angelina-gonzalez-por-homicidio-agravado-por-el-vinculo-y-por-violencia-de-genero\\\/\"},\"author\":{\"name\":\"admin\",\"@id\":\"https:\\\/\\\/www.muyjujuy.com\\\/#\\\/schema\\\/person\\\/a3b63db1f387ec4149299954904c5bf0\"},\"headline\":\"Imputar\u00e1n al autor del femicidio de Angelina Gonz\u00e1lez por \u201chomicidio agravado por el v\u00ednculo y por violencia de g\u00e9nero\u201d\",\"datePublished\":\"2025-05-06T13:27:34+00:00\",\"mainEntityOfPage\":{\"@id\":\"https:\\\/\\\/www.muyjujuy.com\\\/index.php\\\/2025\\\/05\\\/06\\\/imputaran-al-autor-del-femicidio-de-angelina-gonzalez-por-homicidio-agravado-por-el-vinculo-y-por-violencia-de-genero\\\/\"},\"wordCount\":389,\"commentCount\":0,\"publisher\":{\"@id\":\"https:\\\/\\\/www.muyjujuy.com\\\/#organization\"},\"image\":{\"@id\":\"https:\\\/\\\/www.muyjujuy.com\\\/index.php\\\/2025\\\/05\\\/06\\\/imputaran-al-autor-del-femicidio-de-angelina-gonzalez-por-homicidio-agravado-por-el-vinculo-y-por-violencia-de-genero\\\/#primaryimage\"},\"thumbnailUrl\":\"https:\\\/\\\/www.muyjujuy.com\\\/wp-content\\\/uploads\\\/2025\\\/05\\\/crimen.jpg\",\"articleSection\":[\"JUSTICIA\"],\"inLanguage\":\"es-AR\",\"potentialAction\":[{\"@type\":\"CommentAction\",\"name\":\"Comment\",\"target\":[\"https:\\\/\\\/www.muyjujuy.com\\\/index.php\\\/2025\\\/05\\\/06\\\/imputaran-al-autor-del-femicidio-de-angelina-gonzalez-por-homicidio-agravado-por-el-vinculo-y-por-violencia-de-genero\\\/#respond\"]}]},{\"@type\":\"WebPage\",\"@id\":\"https:\\\/\\\/www.muyjujuy.com\\\/index.php\\\/2025\\\/05\\\/06\\\/imputaran-al-autor-del-femicidio-de-angelina-gonzalez-por-homicidio-agravado-por-el-vinculo-y-por-violencia-de-genero\\\/\",\"url\":\"https:\\\/\\\/www.muyjujuy.com\\\/index.php\\\/2025\\\/05\\\/06\\\/imputaran-al-autor-del-femicidio-de-angelina-gonzalez-por-homicidio-agravado-por-el-vinculo-y-por-violencia-de-genero\\\/\",\"name\":\"Imputar\u00e1n al autor del femicidio de Angelina Gonz\u00e1lez por \u201chomicidio agravado por el v\u00ednculo y por violencia de g\u00e9nero\u201d - Muy Jujuy\",\"isPartOf\":{\"@id\":\"https:\\\/\\\/www.muyjujuy.com\\\/#website\"},\"primaryImageOfPage\":{\"@id\":\"https:\\\/\\\/www.muyjujuy.com\\\/index.php\\\/2025\\\/05\\\/06\\\/imputaran-al-autor-del-femicidio-de-angelina-gonzalez-por-homicidio-agravado-por-el-vinculo-y-por-violencia-de-genero\\\/#primaryimage\"},\"image\":{\"@id\":\"https:\\\/\\\/www.muyjujuy.com\\\/index.php\\\/2025\\\/05\\\/06\\\/imputaran-al-autor-del-femicidio-de-angelina-gonzalez-por-homicidio-agravado-por-el-vinculo-y-por-violencia-de-genero\\\/#primaryimage\"},\"thumbnailUrl\":\"https:\\\/\\\/www.muyjujuy.com\\\/wp-content\\\/uploads\\\/2025\\\/05\\\/crimen.jpg\",\"datePublished\":\"2025-05-06T13:27:34+00:00\",\"breadcrumb\":{\"@id\":\"https:\\\/\\\/www.muyjujuy.com\\\/index.php\\\/2025\\\/05\\\/06\\\/imputaran-al-autor-del-femicidio-de-angelina-gonzalez-por-homicidio-agravado-por-el-vinculo-y-por-violencia-de-genero\\\/#breadcrumb\"},\"inLanguage\":\"es-AR\",\"potentialAction\":[{\"@type\":\"ReadAction\",\"target\":[\"https:\\\/\\\/www.muyjujuy.com\\\/index.php\\\/2025\\\/05\\\/06\\\/imputaran-al-autor-del-femicidio-de-angelina-gonzalez-por-homicidio-agravado-por-el-vinculo-y-por-violencia-de-genero\\\/\"]}]},{\"@type\":\"ImageObject\",\"inLanguage\":\"es-AR\",\"@id\":\"https:\\\/\\\/www.muyjujuy.com\\\/index.php\\\/2025\\\/05\\\/06\\\/imputaran-al-autor-del-femicidio-de-angelina-gonzalez-por-homicidio-agravado-por-el-vinculo-y-por-violencia-de-genero\\\/#primaryimage\",\"url\":\"https:\\\/\\\/www.muyjujuy.com\\\/wp-content\\\/uploads\\\/2025\\\/05\\\/crimen.jpg\",\"contentUrl\":\"https:\\\/\\\/www.muyjujuy.com\\\/wp-content\\\/uploads\\\/2025\\\/05\\\/crimen.jpg\",\"width\":558,\"height\":522},{\"@type\":\"BreadcrumbList\",\"@id\":\"https:\\\/\\\/www.muyjujuy.com\\\/index.php\\\/2025\\\/05\\\/06\\\/imputaran-al-autor-del-femicidio-de-angelina-gonzalez-por-homicidio-agravado-por-el-vinculo-y-por-violencia-de-genero\\\/#breadcrumb\",\"itemListElement\":[{\"@type\":\"ListItem\",\"position\":1,\"name\":\"Inicio\",\"item\":\"https:\\\/\\\/www.muyjujuy.com\\\/\"},{\"@type\":\"ListItem\",\"position\":2,\"name\":\"Imputar\u00e1n al autor del femicidio de Angelina Gonz\u00e1lez por \u201chomicidio agravado por el v\u00ednculo y por violencia de g\u00e9nero\u201d\"}]},{\"@type\":\"WebSite\",\"@id\":\"https:\\\/\\\/www.muyjujuy.com\\\/#website\",\"url\":\"https:\\\/\\\/www.muyjujuy.com\\\/\",\"name\":\"Muy Jujuy\",\"description\":\"\",\"publisher\":{\"@id\":\"https:\\\/\\\/www.muyjujuy.com\\\/#organization\"},\"potentialAction\":[{\"@type\":\"SearchAction\",\"target\":{\"@type\":\"EntryPoint\",\"urlTemplate\":\"https:\\\/\\\/www.muyjujuy.com\\\/?s={search_term_string}\"},\"query-input\":{\"@type\":\"PropertyValueSpecification\",\"valueRequired\":true,\"valueName\":\"search_term_string\"}}],\"inLanguage\":\"es-AR\"},{\"@type\":\"Organization\",\"@id\":\"https:\\\/\\\/www.muyjujuy.com\\\/#organization\",\"name\":\"Muy Jujuy\",\"url\":\"https:\\\/\\\/www.muyjujuy.com\\\/\",\"logo\":{\"@type\":\"ImageObject\",\"inLanguage\":\"es-AR\",\"@id\":\"https:\\\/\\\/www.muyjujuy.com\\\/#\\\/schema\\\/logo\\\/image\\\/\",\"url\":\"http:\\\/\\\/www.muyjujuy.com\\\/wp-content\\\/uploads\\\/2022\\\/05\\\/logo-mobil-jujuy.png\",\"contentUrl\":\"http:\\\/\\\/www.muyjujuy.com\\\/wp-content\\\/uploads\\\/2022\\\/05\\\/logo-mobil-jujuy.png\",\"width\":174,\"height\":81,\"caption\":\"Muy Jujuy\"},\"image\":{\"@id\":\"https:\\\/\\\/www.muyjujuy.com\\\/#\\\/schema\\\/logo\\\/image\\\/\"},\"sameAs\":[\"https:\\\/\\\/www.facebook.com\\\/muyjujuycom\",\"https:\\\/\\\/x.com\\\/muyjujuy\",\"https:\\\/\\\/www.instagram.com\\\/muyjujuycom\"]},{\"@type\":\"Person\",\"@id\":\"https:\\\/\\\/www.muyjujuy.com\\\/#\\\/schema\\\/person\\\/a3b63db1f387ec4149299954904c5bf0\",\"name\":\"admin\",\"image\":{\"@type\":\"ImageObject\",\"inLanguage\":\"es-AR\",\"@id\":\"https:\\\/\\\/secure.gravatar.com\\\/avatar\\\/b6e63d8d3a73633362405a0ad27e9c28391755813b59886f19a99d6cef8a03fc?s=96&d=mm&r=g\",\"url\":\"https:\\\/\\\/secure.gravatar.com\\\/avatar\\\/b6e63d8d3a73633362405a0ad27e9c28391755813b59886f19a99d6cef8a03fc?s=96&d=mm&r=g\",\"contentUrl\":\"https:\\\/\\\/secure.gravatar.com\\\/avatar\\\/b6e63d8d3a73633362405a0ad27e9c28391755813b59886f19a99d6cef8a03fc?s=96&d=mm&r=g\",\"caption\":\"admin\"},\"url\":\"https:\\\/\\\/www.muyjujuy.com\\\/index.php\\\/author\\\/soyeleditor\\\/\"}]}<\/script>\n<!-- \/ Yoast SEO plugin. -->","yoast_head_json":{"title":"Imputar\u00e1n al autor del femicidio de Angelina Gonz\u00e1lez por \u201chomicidio agravado por el v\u00ednculo y por violencia de g\u00e9nero\u201d - Muy Jujuy","robots":{"index":"index","follow":"follow","max-snippet":"max-snippet:-1","max-image-preview":"max-image-preview:large","max-video-preview":"max-video-preview:-1"},"canonical":"https:\/\/www.muyjujuy.com\/index.php\/2025\/05\/06\/imputaran-al-autor-del-femicidio-de-angelina-gonzalez-por-homicidio-agravado-por-el-vinculo-y-por-violencia-de-genero\/","og_locale":"es_ES","og_type":"article","og_title":"Imputar\u00e1n al autor del femicidio de Angelina Gonz\u00e1lez por \u201chomicidio agravado por el v\u00ednculo y por violencia de g\u00e9nero\u201d - Muy Jujuy","og_description":"El joven de 25 a\u00f1os fue derivado al Servicio Penitenciario y en breve ser\u00e1 convocado a una audiencia imputativa donde se le informar\u00e1n los cargos en su contra y deber\u00e1 designar defensa legal. A pocas horas de haberse encontrado el cuerpo sin vida de Angelina Judith Gonz\u00e1lez, una joven de 15 a\u00f1os reportada como desaparecida [&hellip;]","og_url":"https:\/\/www.muyjujuy.com\/index.php\/2025\/05\/06\/imputaran-al-autor-del-femicidio-de-angelina-gonzalez-por-homicidio-agravado-por-el-vinculo-y-por-violencia-de-genero\/","og_site_name":"Muy Jujuy","article_publisher":"https:\/\/www.facebook.com\/muyjujuycom","article_published_time":"2025-05-06T13:27:34+00:00","author":"admin","twitter_card":"summary_large_image","twitter_creator":"@muyjujuy","twitter_site":"@muyjujuy","twitter_misc":{"Escrito por":"admin","Tiempo de lectura":"2 minutos"},"schema":{"@context":"https:\/\/schema.org","@graph":[{"@type":"Article","@id":"https:\/\/www.muyjujuy.com\/index.php\/2025\/05\/06\/imputaran-al-autor-del-femicidio-de-angelina-gonzalez-por-homicidio-agravado-por-el-vinculo-y-por-violencia-de-genero\/#article","isPartOf":{"@id":"https:\/\/www.muyjujuy.com\/index.php\/2025\/05\/06\/imputaran-al-autor-del-femicidio-de-angelina-gonzalez-por-homicidio-agravado-por-el-vinculo-y-por-violencia-de-genero\/"},"author":{"name":"admin","@id":"https:\/\/www.muyjujuy.com\/#\/schema\/person\/a3b63db1f387ec4149299954904c5bf0"},"headline":"Imputar\u00e1n al autor del femicidio de Angelina Gonz\u00e1lez por \u201chomicidio agravado por el v\u00ednculo y por violencia de g\u00e9nero\u201d","datePublished":"2025-05-06T13:27:34+00:00","mainEntityOfPage":{"@id":"https:\/\/www.muyjujuy.com\/index.php\/2025\/05\/06\/imputaran-al-autor-del-femicidio-de-angelina-gonzalez-por-homicidio-agravado-por-el-vinculo-y-por-violencia-de-genero\/"},"wordCount":389,"commentCount":0,"publisher":{"@id":"https:\/\/www.muyjujuy.com\/#organization"},"image":{"@id":"https:\/\/www.muyjujuy.com\/index.php\/2025\/05\/06\/imputaran-al-autor-del-femicidio-de-angelina-gonzalez-por-homicidio-agravado-por-el-vinculo-y-por-violencia-de-genero\/#primaryimage"},"thumbnailUrl":"https:\/\/www.muyjujuy.com\/wp-content\/uploads\/2025\/05\/crimen.jpg","articleSection":["JUSTICIA"],"inLanguage":"es-AR","potentialAction":[{"@type":"CommentAction","name":"Comment","target":["https:\/\/www.muyjujuy.com\/index.php\/2025\/05\/06\/imputaran-al-autor-del-femicidio-de-angelina-gonzalez-por-homicidio-agravado-por-el-vinculo-y-por-violencia-de-genero\/#respond"]}]},{"@type":"WebPage","@id":"https:\/\/www.muyjujuy.com\/index.php\/2025\/05\/06\/imputaran-al-autor-del-femicidio-de-angelina-gonzalez-por-homicidio-agravado-por-el-vinculo-y-por-violencia-de-genero\/","url":"https:\/\/www.muyjujuy.com\/index.php\/2025\/05\/06\/imputaran-al-autor-del-femicidio-de-angelina-gonzalez-por-homicidio-agravado-por-el-vinculo-y-por-violencia-de-genero\/","name":"Imputar\u00e1n al autor del femicidio de Angelina Gonz\u00e1lez por \u201chomicidio agravado por el v\u00ednculo y por violencia de g\u00e9nero\u201d - Muy Jujuy","isPartOf":{"@id":"https:\/\/www.muyjujuy.com\/#website"},"primaryImageOfPage":{"@id":"https:\/\/www.muyjujuy.com\/index.php\/2025\/05\/06\/imputaran-al-autor-del-femicidio-de-angelina-gonzalez-por-homicidio-agravado-por-el-vinculo-y-por-violencia-de-genero\/#primaryimage"},"image":{"@id":"https:\/\/www.muyjujuy.com\/index.php\/2025\/05\/06\/imputaran-al-autor-del-femicidio-de-angelina-gonzalez-por-homicidio-agravado-por-el-vinculo-y-por-violencia-de-genero\/#primaryimage"},"thumbnailUrl":"https:\/\/www.muyjujuy.com\/wp-content\/uploads\/2025\/05\/crimen.jpg","datePublished":"2025-05-06T13:27:34+00:00","breadcrumb":{"@id":"https:\/\/www.muyjujuy.com\/index.php\/2025\/05\/06\/imputaran-al-autor-del-femicidio-de-angelina-gonzalez-por-homicidio-agravado-por-el-vinculo-y-por-violencia-de-genero\/#breadcrumb"},"inLanguage":"es-AR","potentialAction":[{"@type":"ReadAction","target":["https:\/\/www.muyjujuy.com\/index.php\/2025\/05\/06\/imputaran-al-autor-del-femicidio-de-angelina-gonzalez-por-homicidio-agravado-por-el-vinculo-y-por-violencia-de-genero\/"]}]},{"@type":"ImageObject","inLanguage":"es-AR","@id":"https:\/\/www.muyjujuy.com\/index.php\/2025\/05\/06\/imputaran-al-autor-del-femicidio-de-angelina-gonzalez-por-homicidio-agravado-por-el-vinculo-y-por-violencia-de-genero\/#primaryimage","url":"https:\/\/www.muyjujuy.com\/wp-content\/uploads\/2025\/05\/crimen.jpg","contentUrl":"https:\/\/www.muyjujuy.com\/wp-content\/uploads\/2025\/05\/crimen.jpg","width":558,"height":522},{"@type":"BreadcrumbList","@id":"https:\/\/www.muyjujuy.com\/index.php\/2025\/05\/06\/imputaran-al-autor-del-femicidio-de-angelina-gonzalez-por-homicidio-agravado-por-el-vinculo-y-por-violencia-de-genero\/#breadcrumb","itemListElement":[{"@type":"ListItem","position":1,"name":"Inicio","item":"https:\/\/www.muyjujuy.com\/"},{"@type":"ListItem","position":2,"name":"Imputar\u00e1n al autor del femicidio de Angelina Gonz\u00e1lez por \u201chomicidio agravado por el v\u00ednculo y por violencia de g\u00e9nero\u201d"}]},{"@type":"WebSite","@id":"https:\/\/www.muyjujuy.com\/#website","url":"https:\/\/www.muyjujuy.com\/","name":"Muy Jujuy","description":"","publisher":{"@id":"https:\/\/www.muyjujuy.com\/#organization"},"potentialAction":[{"@type":"SearchAction","target":{"@type":"EntryPoint","urlTemplate":"https:\/\/www.muyjujuy.com\/?s={search_term_string}"},"query-input":{"@type":"PropertyValueSpecification","valueRequired":true,"valueName":"search_term_string"}}],"inLanguage":"es-AR"},{"@type":"Organization","@id":"https:\/\/www.muyjujuy.com\/#organization","name":"Muy Jujuy","url":"https:\/\/www.muyjujuy.com\/","logo":{"@type":"ImageObject","inLanguage":"es-AR","@id":"https:\/\/www.muyjujuy.com\/#\/schema\/logo\/image\/","url":"http:\/\/www.muyjujuy.com\/wp-content\/uploads\/2022\/05\/logo-mobil-jujuy.png","contentUrl":"http:\/\/www.muyjujuy.com\/wp-content\/uploads\/2022\/05\/logo-mobil-jujuy.png","width":174,"height":81,"caption":"Muy Jujuy"},"image":{"@id":"https:\/\/www.muyjujuy.com\/#\/schema\/logo\/image\/"},"sameAs":["https:\/\/www.facebook.com\/muyjujuycom","https:\/\/x.com\/muyjujuy","https:\/\/www.instagram.com\/muyjujuycom"]},{"@type":"Person","@id":"https:\/\/www.muyjujuy.com\/#\/schema\/person\/a3b63db1f387ec4149299954904c5bf0","name":"admin","image":{"@type":"ImageObject","inLanguage":"es-AR","@id":"https:\/\/secure.gravatar.com\/avatar\/b6e63d8d3a73633362405a0ad27e9c28391755813b59886f19a99d6cef8a03fc?s=96&d=mm&r=g","url":"https:\/\/secure.gravatar.com\/avatar\/b6e63d8d3a73633362405a0ad27e9c28391755813b59886f19a99d6cef8a03fc?s=96&d=mm&r=g","contentUrl":"https:\/\/secure.gravatar.com\/avatar\/b6e63d8d3a73633362405a0ad27e9c28391755813b59886f19a99d6cef8a03fc?s=96&d=mm&r=g","caption":"admin"},"url":"https:\/\/www.muyjujuy.com\/index.php\/author\/soyeleditor\/"}]}},"_links":{"self":[{"href":"https:\/\/www.muyjujuy.com\/index.php\/wp-json\/wp\/v2\/posts\/2316","targetHints":{"allow":["GET"]}}],"collection":[{"href":"https:\/\/www.muyjujuy.com\/index.php\/wp-json\/wp\/v2\/posts"}],"about":[{"href":"https:\/\/www.muyjujuy.com\/index.php\/wp-json\/wp\/v2\/types\/post"}],"author":[{"embeddable":true,"href":"https:\/\/www.muyjujuy.com\/index.php\/wp-json\/wp\/v2\/users\/1"}],"replies":[{"embeddable":true,"href":"https:\/\/www.muyjujuy.com\/index.php\/wp-json\/wp\/v2\/comments?post=2316"}],"version-history":[{"count":1,"href":"https:\/\/www.muyjujuy.com\/index.php\/wp-json\/wp\/v2\/posts\/2316\/revisions"}],"predecessor-version":[{"id":2318,"href":"https:\/\/www.muyjujuy.com\/index.php\/wp-json\/wp\/v2\/posts\/2316\/revisions\/2318"}],"wp:featuredmedia":[{"embeddable":true,"href":"https:\/\/www.muyjujuy.com\/index.php\/wp-json\/wp\/v2\/media\/2317"}],"wp:attachment":[{"href":"https:\/\/www.muyjujuy.com\/index.php\/wp-json\/wp\/v2\/media?parent=2316"}],"wp:term":[{"taxonomy":"category","embeddable":true,"href":"https:\/\/www.muyjujuy.com\/index.php\/wp-json\/wp\/v2\/categories?post=2316"},{"taxonomy":"post_tag","embeddable":true,"href":"https:\/\/www.muyjujuy.com\/index.php\/wp-json\/wp\/v2\/tags?post=2316"}],"curies":[{"name":"wp","href":"https:\/\/api.w.org\/{rel}","templated":true}]}}