{"id":2325,"date":"2025-05-07T09:16:16","date_gmt":"2025-05-07T12:16:16","guid":{"rendered":"https:\/\/www.muyjujuy.com\/?p=2325"},"modified":"2025-05-07T09:16:16","modified_gmt":"2025-05-07T12:16:16","slug":"se-preve-una-participacion-del-50-al-60-en-las-elecciones-provinciales-del-domingo","status":"publish","type":"post","link":"https:\/\/www.muyjujuy.com\/index.php\/2025\/05\/07\/se-preve-una-participacion-del-50-al-60-en-las-elecciones-provinciales-del-domingo\/","title":{"rendered":"Se prev\u00e9 una participaci\u00f3n del 50 al 60% en las elecciones provinciales del domingo"},"content":{"rendered":"\n<p>El ministro de Gobierno, Justicia, Derechos Humanos y Trabajo, Normando \u00c1lvarez Garc\u00eda, anticip\u00f3 que la participaci\u00f3n en las urnas ser\u00e1 moderada, como suele ocurrir en las elecciones legislativas.<\/p>\n\n\n\n<p>En v\u00edsperas de los comicios provinciales que se celebrar\u00e1n este domingo, el funcionario proyect\u00f3 una afluencia de entre el 50% y el 60% del padr\u00f3n electoral. Explic\u00f3 que, al no tratarse de una elecci\u00f3n para cargos ejecutivos, como la de presidente, gobernador o intendente, el inter\u00e9s de los votantes suele ser m\u00e1s bajo.<\/p>\n\n\n\n<p>&#8220;Cuando no se eligen cargos ejecutivos, la gente suele tener menos motivaci\u00f3n para votar&#8221;, se\u00f1al\u00f3.<\/p>\n\n\n\n<p>En esta ocasi\u00f3n, se habilitar\u00e1n 1.796 mesas distribuidas en 308 establecimientos educativos de toda la provincia. Adem\u00e1s, 598.408 ciudadanos nacidos en el pa\u00eds podr\u00e1n ejercer su derecho al voto, a lo que se suman los ciudadanos extranjeros habilitados.<\/p>\n\n\n\n<p>Este a\u00f1o, m\u00e1s de 10.000 nuevos electores se incorporaron al registro, lo que requiri\u00f3 un aumento en la cantidad de mesas y mejoras en la organizaci\u00f3n para el d\u00eda de las elecciones.<\/p>\n\n\n\n<p>4o mini<\/p>\n","protected":false},"excerpt":{"rendered":"<p>El ministro de Gobierno, Justicia, Derechos Humanos y Trabajo, Normando \u00c1lvarez Garc\u00eda, anticip\u00f3 que la participaci\u00f3n en las urnas ser\u00e1 moderada, como suele ocurrir en las elecciones legislativas. En v\u00edsperas de los comicios provinciales que se celebrar\u00e1n este domingo, el funcionario proyect\u00f3 una afluencia de entre el 50% y el 60% del padr\u00f3n electoral. Explic\u00f3 [&hellip;]<\/p>\n","protected":false},"author":1,"featured_media":2326,"comment_status":"open","ping_status":"open","sticky":false,"template":"","format":"standard","meta":{"footnotes":""},"categories":[842],"tags":[],"class_list":{"0":"post-2325","1":"post","2":"type-post","3":"status-publish","4":"format-standard","5":"has-post-thumbnail","7":"category-votacion"},"yoast_head":"<!-- This site is optimized with the Yoast SEO plugin v27.5 - https:\/\/yoast.com\/product\/yoast-seo-wordpress\/ -->\n<title>Se prev\u00e9 una participaci\u00f3n del 50 al 60% en las elecciones provinciales del domingo - Muy Jujuy<\/title>\n<meta name=\"robots\" content=\"index, follow, max-snippet:-1, max-image-preview:large, max-video-preview:-1\" \/>\n<link rel=\"canonical\" href=\"https:\/\/www.muyjujuy.com\/index.php\/2025\/05\/07\/se-preve-una-participacion-del-50-al-60-en-las-elecciones-provinciales-del-domingo\/\" \/>\n<meta property=\"og:locale\" content=\"es_ES\" \/>\n<meta property=\"og:type\" content=\"article\" \/>\n<meta property=\"og:title\" content=\"Se prev\u00e9 una participaci\u00f3n del 50 al 60% en las elecciones provinciales del domingo - Muy Jujuy\" \/>\n<meta property=\"og:description\" content=\"El ministro de Gobierno, Justicia, Derechos Humanos y Trabajo, Normando \u00c1lvarez Garc\u00eda, anticip\u00f3 que la participaci\u00f3n en las urnas ser\u00e1 moderada, como suele ocurrir en las elecciones legislativas. En v\u00edsperas de los comicios provinciales que se celebrar\u00e1n este domingo, el funcionario proyect\u00f3 una afluencia de entre el 50% y el 60% del padr\u00f3n electoral. Explic\u00f3 [&hellip;]\" \/>\n<meta property=\"og:url\" content=\"https:\/\/www.muyjujuy.com\/index.php\/2025\/05\/07\/se-preve-una-participacion-del-50-al-60-en-las-elecciones-provinciales-del-domingo\/\" \/>\n<meta property=\"og:site_name\" content=\"Muy Jujuy\" \/>\n<meta property=\"article:publisher\" content=\"https:\/\/www.facebook.com\/muyjujuycom\" \/>\n<meta property=\"article:published_time\" content=\"2025-05-07T12:16:16+00:00\" \/>\n<meta name=\"author\" content=\"admin\" \/>\n<meta name=\"twitter:card\" content=\"summary_large_image\" \/>\n<meta name=\"twitter:creator\" content=\"@muyjujuy\" \/>\n<meta name=\"twitter:site\" content=\"@muyjujuy\" \/>\n<meta name=\"twitter:label1\" content=\"Escrito por\" \/>\n\t<meta name=\"twitter:data1\" content=\"admin\" \/>\n\t<meta name=\"twitter:label2\" content=\"Tiempo de lectura\" \/>\n\t<meta name=\"twitter:data2\" content=\"1 minuto\" \/>\n<script type=\"application\/ld+json\" class=\"yoast-schema-graph\">{\"@context\":\"https:\\\/\\\/schema.org\",\"@graph\":[{\"@type\":\"Article\",\"@id\":\"https:\\\/\\\/www.muyjujuy.com\\\/index.php\\\/2025\\\/05\\\/07\\\/se-preve-una-participacion-del-50-al-60-en-las-elecciones-provinciales-del-domingo\\\/#article\",\"isPartOf\":{\"@id\":\"https:\\\/\\\/www.muyjujuy.com\\\/index.php\\\/2025\\\/05\\\/07\\\/se-preve-una-participacion-del-50-al-60-en-las-elecciones-provinciales-del-domingo\\\/\"},\"author\":{\"name\":\"admin\",\"@id\":\"https:\\\/\\\/www.muyjujuy.com\\\/#\\\/schema\\\/person\\\/a3b63db1f387ec4149299954904c5bf0\"},\"headline\":\"Se prev\u00e9 una participaci\u00f3n del 50 al 60% en las elecciones provinciales del domingo\",\"datePublished\":\"2025-05-07T12:16:16+00:00\",\"mainEntityOfPage\":{\"@id\":\"https:\\\/\\\/www.muyjujuy.com\\\/index.php\\\/2025\\\/05\\\/07\\\/se-preve-una-participacion-del-50-al-60-en-las-elecciones-provinciales-del-domingo\\\/\"},\"wordCount\":194,\"commentCount\":0,\"publisher\":{\"@id\":\"https:\\\/\\\/www.muyjujuy.com\\\/#organization\"},\"image\":{\"@id\":\"https:\\\/\\\/www.muyjujuy.com\\\/index.php\\\/2025\\\/05\\\/07\\\/se-preve-una-participacion-del-50-al-60-en-las-elecciones-provinciales-del-domingo\\\/#primaryimage\"},\"thumbnailUrl\":\"https:\\\/\\\/www.muyjujuy.com\\\/wp-content\\\/uploads\\\/2025\\\/05\\\/eleccion.jpg\",\"articleSection\":[\"VOTACION\"],\"inLanguage\":\"es-AR\",\"potentialAction\":[{\"@type\":\"CommentAction\",\"name\":\"Comment\",\"target\":[\"https:\\\/\\\/www.muyjujuy.com\\\/index.php\\\/2025\\\/05\\\/07\\\/se-preve-una-participacion-del-50-al-60-en-las-elecciones-provinciales-del-domingo\\\/#respond\"]}]},{\"@type\":\"WebPage\",\"@id\":\"https:\\\/\\\/www.muyjujuy.com\\\/index.php\\\/2025\\\/05\\\/07\\\/se-preve-una-participacion-del-50-al-60-en-las-elecciones-provinciales-del-domingo\\\/\",\"url\":\"https:\\\/\\\/www.muyjujuy.com\\\/index.php\\\/2025\\\/05\\\/07\\\/se-preve-una-participacion-del-50-al-60-en-las-elecciones-provinciales-del-domingo\\\/\",\"name\":\"Se prev\u00e9 una participaci\u00f3n del 50 al 60% en las elecciones provinciales del domingo - Muy Jujuy\",\"isPartOf\":{\"@id\":\"https:\\\/\\\/www.muyjujuy.com\\\/#website\"},\"primaryImageOfPage\":{\"@id\":\"https:\\\/\\\/www.muyjujuy.com\\\/index.php\\\/2025\\\/05\\\/07\\\/se-preve-una-participacion-del-50-al-60-en-las-elecciones-provinciales-del-domingo\\\/#primaryimage\"},\"image\":{\"@id\":\"https:\\\/\\\/www.muyjujuy.com\\\/index.php\\\/2025\\\/05\\\/07\\\/se-preve-una-participacion-del-50-al-60-en-las-elecciones-provinciales-del-domingo\\\/#primaryimage\"},\"thumbnailUrl\":\"https:\\\/\\\/www.muyjujuy.com\\\/wp-content\\\/uploads\\\/2025\\\/05\\\/eleccion.jpg\",\"datePublished\":\"2025-05-07T12:16:16+00:00\",\"breadcrumb\":{\"@id\":\"https:\\\/\\\/www.muyjujuy.com\\\/index.php\\\/2025\\\/05\\\/07\\\/se-preve-una-participacion-del-50-al-60-en-las-elecciones-provinciales-del-domingo\\\/#breadcrumb\"},\"inLanguage\":\"es-AR\",\"potentialAction\":[{\"@type\":\"ReadAction\",\"target\":[\"https:\\\/\\\/www.muyjujuy.com\\\/index.php\\\/2025\\\/05\\\/07\\\/se-preve-una-participacion-del-50-al-60-en-las-elecciones-provinciales-del-domingo\\\/\"]}]},{\"@type\":\"ImageObject\",\"inLanguage\":\"es-AR\",\"@id\":\"https:\\\/\\\/www.muyjujuy.com\\\/index.php\\\/2025\\\/05\\\/07\\\/se-preve-una-participacion-del-50-al-60-en-las-elecciones-provinciales-del-domingo\\\/#primaryimage\",\"url\":\"https:\\\/\\\/www.muyjujuy.com\\\/wp-content\\\/uploads\\\/2025\\\/05\\\/eleccion.jpg\",\"contentUrl\":\"https:\\\/\\\/www.muyjujuy.com\\\/wp-content\\\/uploads\\\/2025\\\/05\\\/eleccion.jpg\",\"width\":922,\"height\":532},{\"@type\":\"BreadcrumbList\",\"@id\":\"https:\\\/\\\/www.muyjujuy.com\\\/index.php\\\/2025\\\/05\\\/07\\\/se-preve-una-participacion-del-50-al-60-en-las-elecciones-provinciales-del-domingo\\\/#breadcrumb\",\"itemListElement\":[{\"@type\":\"ListItem\",\"position\":1,\"name\":\"Inicio\",\"item\":\"https:\\\/\\\/www.muyjujuy.com\\\/\"},{\"@type\":\"ListItem\",\"position\":2,\"name\":\"Se prev\u00e9 una participaci\u00f3n del 50 al 60% en las elecciones provinciales del domingo\"}]},{\"@type\":\"WebSite\",\"@id\":\"https:\\\/\\\/www.muyjujuy.com\\\/#website\",\"url\":\"https:\\\/\\\/www.muyjujuy.com\\\/\",\"name\":\"Muy Jujuy\",\"description\":\"\",\"publisher\":{\"@id\":\"https:\\\/\\\/www.muyjujuy.com\\\/#organization\"},\"potentialAction\":[{\"@type\":\"SearchAction\",\"target\":{\"@type\":\"EntryPoint\",\"urlTemplate\":\"https:\\\/\\\/www.muyjujuy.com\\\/?s={search_term_string}\"},\"query-input\":{\"@type\":\"PropertyValueSpecification\",\"valueRequired\":true,\"valueName\":\"search_term_string\"}}],\"inLanguage\":\"es-AR\"},{\"@type\":\"Organization\",\"@id\":\"https:\\\/\\\/www.muyjujuy.com\\\/#organization\",\"name\":\"Muy Jujuy\",\"url\":\"https:\\\/\\\/www.muyjujuy.com\\\/\",\"logo\":{\"@type\":\"ImageObject\",\"inLanguage\":\"es-AR\",\"@id\":\"https:\\\/\\\/www.muyjujuy.com\\\/#\\\/schema\\\/logo\\\/image\\\/\",\"url\":\"http:\\\/\\\/www.muyjujuy.com\\\/wp-content\\\/uploads\\\/2022\\\/05\\\/logo-mobil-jujuy.png\",\"contentUrl\":\"http:\\\/\\\/www.muyjujuy.com\\\/wp-content\\\/uploads\\\/2022\\\/05\\\/logo-mobil-jujuy.png\",\"width\":174,\"height\":81,\"caption\":\"Muy Jujuy\"},\"image\":{\"@id\":\"https:\\\/\\\/www.muyjujuy.com\\\/#\\\/schema\\\/logo\\\/image\\\/\"},\"sameAs\":[\"https:\\\/\\\/www.facebook.com\\\/muyjujuycom\",\"https:\\\/\\\/x.com\\\/muyjujuy\",\"https:\\\/\\\/www.instagram.com\\\/muyjujuycom\"]},{\"@type\":\"Person\",\"@id\":\"https:\\\/\\\/www.muyjujuy.com\\\/#\\\/schema\\\/person\\\/a3b63db1f387ec4149299954904c5bf0\",\"name\":\"admin\",\"image\":{\"@type\":\"ImageObject\",\"inLanguage\":\"es-AR\",\"@id\":\"https:\\\/\\\/secure.gravatar.com\\\/avatar\\\/b6e63d8d3a73633362405a0ad27e9c28391755813b59886f19a99d6cef8a03fc?s=96&d=mm&r=g\",\"url\":\"https:\\\/\\\/secure.gravatar.com\\\/avatar\\\/b6e63d8d3a73633362405a0ad27e9c28391755813b59886f19a99d6cef8a03fc?s=96&d=mm&r=g\",\"contentUrl\":\"https:\\\/\\\/secure.gravatar.com\\\/avatar\\\/b6e63d8d3a73633362405a0ad27e9c28391755813b59886f19a99d6cef8a03fc?s=96&d=mm&r=g\",\"caption\":\"admin\"},\"url\":\"https:\\\/\\\/www.muyjujuy.com\\\/index.php\\\/author\\\/soyeleditor\\\/\"}]}<\/script>\n<!-- \/ Yoast SEO plugin. -->","yoast_head_json":{"title":"Se prev\u00e9 una participaci\u00f3n del 50 al 60% en las elecciones provinciales del domingo - Muy Jujuy","robots":{"index":"index","follow":"follow","max-snippet":"max-snippet:-1","max-image-preview":"max-image-preview:large","max-video-preview":"max-video-preview:-1"},"canonical":"https:\/\/www.muyjujuy.com\/index.php\/2025\/05\/07\/se-preve-una-participacion-del-50-al-60-en-las-elecciones-provinciales-del-domingo\/","og_locale":"es_ES","og_type":"article","og_title":"Se prev\u00e9 una participaci\u00f3n del 50 al 60% en las elecciones provinciales del domingo - Muy Jujuy","og_description":"El ministro de Gobierno, Justicia, Derechos Humanos y Trabajo, Normando \u00c1lvarez Garc\u00eda, anticip\u00f3 que la participaci\u00f3n en las urnas ser\u00e1 moderada, como suele ocurrir en las elecciones legislativas. En v\u00edsperas de los comicios provinciales que se celebrar\u00e1n este domingo, el funcionario proyect\u00f3 una afluencia de entre el 50% y el 60% del padr\u00f3n electoral. Explic\u00f3 [&hellip;]","og_url":"https:\/\/www.muyjujuy.com\/index.php\/2025\/05\/07\/se-preve-una-participacion-del-50-al-60-en-las-elecciones-provinciales-del-domingo\/","og_site_name":"Muy Jujuy","article_publisher":"https:\/\/www.facebook.com\/muyjujuycom","article_published_time":"2025-05-07T12:16:16+00:00","author":"admin","twitter_card":"summary_large_image","twitter_creator":"@muyjujuy","twitter_site":"@muyjujuy","twitter_misc":{"Escrito por":"admin","Tiempo de lectura":"1 minuto"},"schema":{"@context":"https:\/\/schema.org","@graph":[{"@type":"Article","@id":"https:\/\/www.muyjujuy.com\/index.php\/2025\/05\/07\/se-preve-una-participacion-del-50-al-60-en-las-elecciones-provinciales-del-domingo\/#article","isPartOf":{"@id":"https:\/\/www.muyjujuy.com\/index.php\/2025\/05\/07\/se-preve-una-participacion-del-50-al-60-en-las-elecciones-provinciales-del-domingo\/"},"author":{"name":"admin","@id":"https:\/\/www.muyjujuy.com\/#\/schema\/person\/a3b63db1f387ec4149299954904c5bf0"},"headline":"Se prev\u00e9 una participaci\u00f3n del 50 al 60% en las elecciones provinciales del domingo","datePublished":"2025-05-07T12:16:16+00:00","mainEntityOfPage":{"@id":"https:\/\/www.muyjujuy.com\/index.php\/2025\/05\/07\/se-preve-una-participacion-del-50-al-60-en-las-elecciones-provinciales-del-domingo\/"},"wordCount":194,"commentCount":0,"publisher":{"@id":"https:\/\/www.muyjujuy.com\/#organization"},"image":{"@id":"https:\/\/www.muyjujuy.com\/index.php\/2025\/05\/07\/se-preve-una-participacion-del-50-al-60-en-las-elecciones-provinciales-del-domingo\/#primaryimage"},"thumbnailUrl":"https:\/\/www.muyjujuy.com\/wp-content\/uploads\/2025\/05\/eleccion.jpg","articleSection":["VOTACION"],"inLanguage":"es-AR","potentialAction":[{"@type":"CommentAction","name":"Comment","target":["https:\/\/www.muyjujuy.com\/index.php\/2025\/05\/07\/se-preve-una-participacion-del-50-al-60-en-las-elecciones-provinciales-del-domingo\/#respond"]}]},{"@type":"WebPage","@id":"https:\/\/www.muyjujuy.com\/index.php\/2025\/05\/07\/se-preve-una-participacion-del-50-al-60-en-las-elecciones-provinciales-del-domingo\/","url":"https:\/\/www.muyjujuy.com\/index.php\/2025\/05\/07\/se-preve-una-participacion-del-50-al-60-en-las-elecciones-provinciales-del-domingo\/","name":"Se prev\u00e9 una participaci\u00f3n del 50 al 60% en las elecciones provinciales del domingo - Muy Jujuy","isPartOf":{"@id":"https:\/\/www.muyjujuy.com\/#website"},"primaryImageOfPage":{"@id":"https:\/\/www.muyjujuy.com\/index.php\/2025\/05\/07\/se-preve-una-participacion-del-50-al-60-en-las-elecciones-provinciales-del-domingo\/#primaryimage"},"image":{"@id":"https:\/\/www.muyjujuy.com\/index.php\/2025\/05\/07\/se-preve-una-participacion-del-50-al-60-en-las-elecciones-provinciales-del-domingo\/#primaryimage"},"thumbnailUrl":"https:\/\/www.muyjujuy.com\/wp-content\/uploads\/2025\/05\/eleccion.jpg","datePublished":"2025-05-07T12:16:16+00:00","breadcrumb":{"@id":"https:\/\/www.muyjujuy.com\/index.php\/2025\/05\/07\/se-preve-una-participacion-del-50-al-60-en-las-elecciones-provinciales-del-domingo\/#breadcrumb"},"inLanguage":"es-AR","potentialAction":[{"@type":"ReadAction","target":["https:\/\/www.muyjujuy.com\/index.php\/2025\/05\/07\/se-preve-una-participacion-del-50-al-60-en-las-elecciones-provinciales-del-domingo\/"]}]},{"@type":"ImageObject","inLanguage":"es-AR","@id":"https:\/\/www.muyjujuy.com\/index.php\/2025\/05\/07\/se-preve-una-participacion-del-50-al-60-en-las-elecciones-provinciales-del-domingo\/#primaryimage","url":"https:\/\/www.muyjujuy.com\/wp-content\/uploads\/2025\/05\/eleccion.jpg","contentUrl":"https:\/\/www.muyjujuy.com\/wp-content\/uploads\/2025\/05\/eleccion.jpg","width":922,"height":532},{"@type":"BreadcrumbList","@id":"https:\/\/www.muyjujuy.com\/index.php\/2025\/05\/07\/se-preve-una-participacion-del-50-al-60-en-las-elecciones-provinciales-del-domingo\/#breadcrumb","itemListElement":[{"@type":"ListItem","position":1,"name":"Inicio","item":"https:\/\/www.muyjujuy.com\/"},{"@type":"ListItem","position":2,"name":"Se prev\u00e9 una participaci\u00f3n del 50 al 60% en las elecciones provinciales del domingo"}]},{"@type":"WebSite","@id":"https:\/\/www.muyjujuy.com\/#website","url":"https:\/\/www.muyjujuy.com\/","name":"Muy Jujuy","description":"","publisher":{"@id":"https:\/\/www.muyjujuy.com\/#organization"},"potentialAction":[{"@type":"SearchAction","target":{"@type":"EntryPoint","urlTemplate":"https:\/\/www.muyjujuy.com\/?s={search_term_string}"},"query-input":{"@type":"PropertyValueSpecification","valueRequired":true,"valueName":"search_term_string"}}],"inLanguage":"es-AR"},{"@type":"Organization","@id":"https:\/\/www.muyjujuy.com\/#organization","name":"Muy Jujuy","url":"https:\/\/www.muyjujuy.com\/","logo":{"@type":"ImageObject","inLanguage":"es-AR","@id":"https:\/\/www.muyjujuy.com\/#\/schema\/logo\/image\/","url":"http:\/\/www.muyjujuy.com\/wp-content\/uploads\/2022\/05\/logo-mobil-jujuy.png","contentUrl":"http:\/\/www.muyjujuy.com\/wp-content\/uploads\/2022\/05\/logo-mobil-jujuy.png","width":174,"height":81,"caption":"Muy Jujuy"},"image":{"@id":"https:\/\/www.muyjujuy.com\/#\/schema\/logo\/image\/"},"sameAs":["https:\/\/www.facebook.com\/muyjujuycom","https:\/\/x.com\/muyjujuy","https:\/\/www.instagram.com\/muyjujuycom"]},{"@type":"Person","@id":"https:\/\/www.muyjujuy.com\/#\/schema\/person\/a3b63db1f387ec4149299954904c5bf0","name":"admin","image":{"@type":"ImageObject","inLanguage":"es-AR","@id":"https:\/\/secure.gravatar.com\/avatar\/b6e63d8d3a73633362405a0ad27e9c28391755813b59886f19a99d6cef8a03fc?s=96&d=mm&r=g","url":"https:\/\/secure.gravatar.com\/avatar\/b6e63d8d3a73633362405a0ad27e9c28391755813b59886f19a99d6cef8a03fc?s=96&d=mm&r=g","contentUrl":"https:\/\/secure.gravatar.com\/avatar\/b6e63d8d3a73633362405a0ad27e9c28391755813b59886f19a99d6cef8a03fc?s=96&d=mm&r=g","caption":"admin"},"url":"https:\/\/www.muyjujuy.com\/index.php\/author\/soyeleditor\/"}]}},"_links":{"self":[{"href":"https:\/\/www.muyjujuy.com\/index.php\/wp-json\/wp\/v2\/posts\/2325","targetHints":{"allow":["GET"]}}],"collection":[{"href":"https:\/\/www.muyjujuy.com\/index.php\/wp-json\/wp\/v2\/posts"}],"about":[{"href":"https:\/\/www.muyjujuy.com\/index.php\/wp-json\/wp\/v2\/types\/post"}],"author":[{"embeddable":true,"href":"https:\/\/www.muyjujuy.com\/index.php\/wp-json\/wp\/v2\/users\/1"}],"replies":[{"embeddable":true,"href":"https:\/\/www.muyjujuy.com\/index.php\/wp-json\/wp\/v2\/comments?post=2325"}],"version-history":[{"count":1,"href":"https:\/\/www.muyjujuy.com\/index.php\/wp-json\/wp\/v2\/posts\/2325\/revisions"}],"predecessor-version":[{"id":2327,"href":"https:\/\/www.muyjujuy.com\/index.php\/wp-json\/wp\/v2\/posts\/2325\/revisions\/2327"}],"wp:featuredmedia":[{"embeddable":true,"href":"https:\/\/www.muyjujuy.com\/index.php\/wp-json\/wp\/v2\/media\/2326"}],"wp:attachment":[{"href":"https:\/\/www.muyjujuy.com\/index.php\/wp-json\/wp\/v2\/media?parent=2325"}],"wp:term":[{"taxonomy":"category","embeddable":true,"href":"https:\/\/www.muyjujuy.com\/index.php\/wp-json\/wp\/v2\/categories?post=2325"},{"taxonomy":"post_tag","embeddable":true,"href":"https:\/\/www.muyjujuy.com\/index.php\/wp-json\/wp\/v2\/tags?post=2325"}],"curies":[{"name":"wp","href":"https:\/\/api.w.org\/{rel}","templated":true}]}}