{"id":2331,"date":"2025-05-07T11:24:56","date_gmt":"2025-05-07T14:24:56","guid":{"rendered":"https:\/\/www.muyjujuy.com\/?p=2331"},"modified":"2025-05-07T11:24:56","modified_gmt":"2025-05-07T14:24:56","slug":"el-frente-jujuy-crece-cerro-su-campana-con-una-caravana-en-san-pedro","status":"publish","type":"post","link":"https:\/\/www.muyjujuy.com\/index.php\/2025\/05\/07\/el-frente-jujuy-crece-cerro-su-campana-con-una-caravana-en-san-pedro\/","title":{"rendered":"El Frente Jujuy Crece cerr\u00f3 su campa\u00f1a con una caravana en San Pedro"},"content":{"rendered":"\n<p>La actividad estuvo liderada por los postulantes a la Legislatura provincial, Adriano Morone y Gisel Bravo.<\/p>\n\n\n\n<p>En el marco de los comicios legislativos que se celebrar\u00e1n este domingo en la provincia de Jujuy, los candidatos del Frente Jujuy Crece llevaron adelante una caravana como cierre de campa\u00f1a en la ciudad de San Pedro.<\/p>\n\n\n\n<p>Durante la jornada, el aspirante a legislador provincial, Adriano Morone, expres\u00f3: \u201cEstamos acompa\u00f1ados por todos los postulantes a concejales del Frente, tanto de la Lista 502 como de las listas colectoras que respaldan el proyecto municipal liderado por el Intendente Julio Bravo y el proyecto provincial que encabeza el Gobernador Carlos Sadir\u201d.<\/p>\n\n\n\n<p>\u201cEn estos d\u00edas finales estamos acercando nuestro mensaje a cada vecino de San Pedro y de toda la provincia, con el objetivo de que este domingo votemos pensando en continuar construyendo un Jujuy en crecimiento, en consolidar este camino de obras y trabajo sostenido, conscientes de que a\u00fan queda mucho por avanzar, pero seguros de que el rumbo trazado es el adecuado\u201d, agreg\u00f3.<\/p>\n\n\n\n<p>Tambi\u00e9n se\u00f1al\u00f3 que \u201crestan pocas jornadas intensas, pero venimos transmitiendo un mensaje centrado en el futuro, en una apuesta firme al desarrollo de la provincia. Es fundamental que el pueblo juje\u00f1o el 11 de mayo vote con una mirada puesta en el porvenir de Jujuy\u201d.<\/p>\n\n\n\n<p><strong>Una corriente de transformaci\u00f3n<\/strong><\/p>\n\n\n\n<p>A su turno, Gisel Bravo, candidata a diputada por Jujuy Crece, remarc\u00f3: \u201cEste cierre ha sido excepcional en San Pedro, con una caravana multitudinaria que nos llena de entusiasmo en esta recta final. Confiamos plenamente en que esta corriente transformadora que recorre San Pedro y toda la provincia continuar\u00e1, y que el 11 de mayo se reflejar\u00e1 en los resultados\u201d.<\/p>\n\n\n\n<p>\u201cApelamos al acompa\u00f1amiento de toda la ciudadan\u00eda para que el crecimiento de Jujuy no se detenga. Invitamos especialmente a quienes a\u00fan no han definido su voto a que se sumen al respaldo a la Lista 502 del gobernador Carlos Sadir, para que nuestra provincia siga avanzando\u201d, concluy\u00f3.<\/p>\n","protected":false},"excerpt":{"rendered":"<p>La actividad estuvo liderada por los postulantes a la Legislatura provincial, Adriano Morone y Gisel Bravo. En el marco de los comicios legislativos que se celebrar\u00e1n este domingo en la provincia de Jujuy, los candidatos del Frente Jujuy Crece llevaron adelante una caravana como cierre de campa\u00f1a en la ciudad de San Pedro. Durante la [&hellip;]<\/p>\n","protected":false},"author":1,"featured_media":2332,"comment_status":"open","ping_status":"open","sticky":false,"template":"","format":"standard","meta":{"footnotes":""},"categories":[24],"tags":[],"class_list":{"0":"post-2331","1":"post","2":"type-post","3":"status-publish","4":"format-standard","5":"has-post-thumbnail","7":"category-politica"},"yoast_head":"<!-- This site is optimized with the Yoast SEO plugin v27.5 - https:\/\/yoast.com\/product\/yoast-seo-wordpress\/ -->\n<title>El Frente Jujuy Crece cerr\u00f3 su campa\u00f1a con una caravana en San Pedro - Muy Jujuy<\/title>\n<meta name=\"robots\" content=\"index, follow, max-snippet:-1, max-image-preview:large, max-video-preview:-1\" \/>\n<link rel=\"canonical\" href=\"https:\/\/www.muyjujuy.com\/index.php\/2025\/05\/07\/el-frente-jujuy-crece-cerro-su-campana-con-una-caravana-en-san-pedro\/\" \/>\n<meta property=\"og:locale\" content=\"es_ES\" \/>\n<meta property=\"og:type\" content=\"article\" \/>\n<meta property=\"og:title\" content=\"El Frente Jujuy Crece cerr\u00f3 su campa\u00f1a con una caravana en San Pedro - Muy Jujuy\" \/>\n<meta property=\"og:description\" content=\"La actividad estuvo liderada por los postulantes a la Legislatura provincial, Adriano Morone y Gisel Bravo. En el marco de los comicios legislativos que se celebrar\u00e1n este domingo en la provincia de Jujuy, los candidatos del Frente Jujuy Crece llevaron adelante una caravana como cierre de campa\u00f1a en la ciudad de San Pedro. Durante la [&hellip;]\" \/>\n<meta property=\"og:url\" content=\"https:\/\/www.muyjujuy.com\/index.php\/2025\/05\/07\/el-frente-jujuy-crece-cerro-su-campana-con-una-caravana-en-san-pedro\/\" \/>\n<meta property=\"og:site_name\" content=\"Muy Jujuy\" \/>\n<meta property=\"article:publisher\" content=\"https:\/\/www.facebook.com\/muyjujuycom\" \/>\n<meta property=\"article:published_time\" content=\"2025-05-07T14:24:56+00:00\" \/>\n<meta name=\"author\" content=\"admin\" \/>\n<meta name=\"twitter:card\" content=\"summary_large_image\" \/>\n<meta name=\"twitter:creator\" content=\"@muyjujuy\" \/>\n<meta name=\"twitter:site\" content=\"@muyjujuy\" \/>\n<meta name=\"twitter:label1\" content=\"Escrito por\" \/>\n\t<meta name=\"twitter:data1\" content=\"admin\" \/>\n\t<meta name=\"twitter:label2\" content=\"Tiempo de lectura\" \/>\n\t<meta name=\"twitter:data2\" content=\"2 minutos\" \/>\n<script type=\"application\/ld+json\" class=\"yoast-schema-graph\">{\"@context\":\"https:\\\/\\\/schema.org\",\"@graph\":[{\"@type\":\"Article\",\"@id\":\"https:\\\/\\\/www.muyjujuy.com\\\/index.php\\\/2025\\\/05\\\/07\\\/el-frente-jujuy-crece-cerro-su-campana-con-una-caravana-en-san-pedro\\\/#article\",\"isPartOf\":{\"@id\":\"https:\\\/\\\/www.muyjujuy.com\\\/index.php\\\/2025\\\/05\\\/07\\\/el-frente-jujuy-crece-cerro-su-campana-con-una-caravana-en-san-pedro\\\/\"},\"author\":{\"name\":\"admin\",\"@id\":\"https:\\\/\\\/www.muyjujuy.com\\\/#\\\/schema\\\/person\\\/a3b63db1f387ec4149299954904c5bf0\"},\"headline\":\"El Frente Jujuy Crece cerr\u00f3 su campa\u00f1a con una caravana en San Pedro\",\"datePublished\":\"2025-05-07T14:24:56+00:00\",\"mainEntityOfPage\":{\"@id\":\"https:\\\/\\\/www.muyjujuy.com\\\/index.php\\\/2025\\\/05\\\/07\\\/el-frente-jujuy-crece-cerro-su-campana-con-una-caravana-en-san-pedro\\\/\"},\"wordCount\":346,\"commentCount\":0,\"publisher\":{\"@id\":\"https:\\\/\\\/www.muyjujuy.com\\\/#organization\"},\"image\":{\"@id\":\"https:\\\/\\\/www.muyjujuy.com\\\/index.php\\\/2025\\\/05\\\/07\\\/el-frente-jujuy-crece-cerro-su-campana-con-una-caravana-en-san-pedro\\\/#primaryimage\"},\"thumbnailUrl\":\"https:\\\/\\\/www.muyjujuy.com\\\/wp-content\\\/uploads\\\/2025\\\/05\\\/cerre.jpg\",\"articleSection\":[\"Pol\u00edtica\"],\"inLanguage\":\"es-AR\",\"potentialAction\":[{\"@type\":\"CommentAction\",\"name\":\"Comment\",\"target\":[\"https:\\\/\\\/www.muyjujuy.com\\\/index.php\\\/2025\\\/05\\\/07\\\/el-frente-jujuy-crece-cerro-su-campana-con-una-caravana-en-san-pedro\\\/#respond\"]}]},{\"@type\":\"WebPage\",\"@id\":\"https:\\\/\\\/www.muyjujuy.com\\\/index.php\\\/2025\\\/05\\\/07\\\/el-frente-jujuy-crece-cerro-su-campana-con-una-caravana-en-san-pedro\\\/\",\"url\":\"https:\\\/\\\/www.muyjujuy.com\\\/index.php\\\/2025\\\/05\\\/07\\\/el-frente-jujuy-crece-cerro-su-campana-con-una-caravana-en-san-pedro\\\/\",\"name\":\"El Frente Jujuy Crece cerr\u00f3 su campa\u00f1a con una caravana en San Pedro - Muy Jujuy\",\"isPartOf\":{\"@id\":\"https:\\\/\\\/www.muyjujuy.com\\\/#website\"},\"primaryImageOfPage\":{\"@id\":\"https:\\\/\\\/www.muyjujuy.com\\\/index.php\\\/2025\\\/05\\\/07\\\/el-frente-jujuy-crece-cerro-su-campana-con-una-caravana-en-san-pedro\\\/#primaryimage\"},\"image\":{\"@id\":\"https:\\\/\\\/www.muyjujuy.com\\\/index.php\\\/2025\\\/05\\\/07\\\/el-frente-jujuy-crece-cerro-su-campana-con-una-caravana-en-san-pedro\\\/#primaryimage\"},\"thumbnailUrl\":\"https:\\\/\\\/www.muyjujuy.com\\\/wp-content\\\/uploads\\\/2025\\\/05\\\/cerre.jpg\",\"datePublished\":\"2025-05-07T14:24:56+00:00\",\"breadcrumb\":{\"@id\":\"https:\\\/\\\/www.muyjujuy.com\\\/index.php\\\/2025\\\/05\\\/07\\\/el-frente-jujuy-crece-cerro-su-campana-con-una-caravana-en-san-pedro\\\/#breadcrumb\"},\"inLanguage\":\"es-AR\",\"potentialAction\":[{\"@type\":\"ReadAction\",\"target\":[\"https:\\\/\\\/www.muyjujuy.com\\\/index.php\\\/2025\\\/05\\\/07\\\/el-frente-jujuy-crece-cerro-su-campana-con-una-caravana-en-san-pedro\\\/\"]}]},{\"@type\":\"ImageObject\",\"inLanguage\":\"es-AR\",\"@id\":\"https:\\\/\\\/www.muyjujuy.com\\\/index.php\\\/2025\\\/05\\\/07\\\/el-frente-jujuy-crece-cerro-su-campana-con-una-caravana-en-san-pedro\\\/#primaryimage\",\"url\":\"https:\\\/\\\/www.muyjujuy.com\\\/wp-content\\\/uploads\\\/2025\\\/05\\\/cerre.jpg\",\"contentUrl\":\"https:\\\/\\\/www.muyjujuy.com\\\/wp-content\\\/uploads\\\/2025\\\/05\\\/cerre.jpg\",\"width\":577,\"height\":342},{\"@type\":\"BreadcrumbList\",\"@id\":\"https:\\\/\\\/www.muyjujuy.com\\\/index.php\\\/2025\\\/05\\\/07\\\/el-frente-jujuy-crece-cerro-su-campana-con-una-caravana-en-san-pedro\\\/#breadcrumb\",\"itemListElement\":[{\"@type\":\"ListItem\",\"position\":1,\"name\":\"Inicio\",\"item\":\"https:\\\/\\\/www.muyjujuy.com\\\/\"},{\"@type\":\"ListItem\",\"position\":2,\"name\":\"El Frente Jujuy Crece cerr\u00f3 su campa\u00f1a con una caravana en San Pedro\"}]},{\"@type\":\"WebSite\",\"@id\":\"https:\\\/\\\/www.muyjujuy.com\\\/#website\",\"url\":\"https:\\\/\\\/www.muyjujuy.com\\\/\",\"name\":\"Muy Jujuy\",\"description\":\"\",\"publisher\":{\"@id\":\"https:\\\/\\\/www.muyjujuy.com\\\/#organization\"},\"potentialAction\":[{\"@type\":\"SearchAction\",\"target\":{\"@type\":\"EntryPoint\",\"urlTemplate\":\"https:\\\/\\\/www.muyjujuy.com\\\/?s={search_term_string}\"},\"query-input\":{\"@type\":\"PropertyValueSpecification\",\"valueRequired\":true,\"valueName\":\"search_term_string\"}}],\"inLanguage\":\"es-AR\"},{\"@type\":\"Organization\",\"@id\":\"https:\\\/\\\/www.muyjujuy.com\\\/#organization\",\"name\":\"Muy Jujuy\",\"url\":\"https:\\\/\\\/www.muyjujuy.com\\\/\",\"logo\":{\"@type\":\"ImageObject\",\"inLanguage\":\"es-AR\",\"@id\":\"https:\\\/\\\/www.muyjujuy.com\\\/#\\\/schema\\\/logo\\\/image\\\/\",\"url\":\"http:\\\/\\\/www.muyjujuy.com\\\/wp-content\\\/uploads\\\/2022\\\/05\\\/logo-mobil-jujuy.png\",\"contentUrl\":\"http:\\\/\\\/www.muyjujuy.com\\\/wp-content\\\/uploads\\\/2022\\\/05\\\/logo-mobil-jujuy.png\",\"width\":174,\"height\":81,\"caption\":\"Muy Jujuy\"},\"image\":{\"@id\":\"https:\\\/\\\/www.muyjujuy.com\\\/#\\\/schema\\\/logo\\\/image\\\/\"},\"sameAs\":[\"https:\\\/\\\/www.facebook.com\\\/muyjujuycom\",\"https:\\\/\\\/x.com\\\/muyjujuy\",\"https:\\\/\\\/www.instagram.com\\\/muyjujuycom\"]},{\"@type\":\"Person\",\"@id\":\"https:\\\/\\\/www.muyjujuy.com\\\/#\\\/schema\\\/person\\\/a3b63db1f387ec4149299954904c5bf0\",\"name\":\"admin\",\"image\":{\"@type\":\"ImageObject\",\"inLanguage\":\"es-AR\",\"@id\":\"https:\\\/\\\/secure.gravatar.com\\\/avatar\\\/b6e63d8d3a73633362405a0ad27e9c28391755813b59886f19a99d6cef8a03fc?s=96&d=mm&r=g\",\"url\":\"https:\\\/\\\/secure.gravatar.com\\\/avatar\\\/b6e63d8d3a73633362405a0ad27e9c28391755813b59886f19a99d6cef8a03fc?s=96&d=mm&r=g\",\"contentUrl\":\"https:\\\/\\\/secure.gravatar.com\\\/avatar\\\/b6e63d8d3a73633362405a0ad27e9c28391755813b59886f19a99d6cef8a03fc?s=96&d=mm&r=g\",\"caption\":\"admin\"},\"url\":\"https:\\\/\\\/www.muyjujuy.com\\\/index.php\\\/author\\\/soyeleditor\\\/\"}]}<\/script>\n<!-- \/ Yoast SEO plugin. -->","yoast_head_json":{"title":"El Frente Jujuy Crece cerr\u00f3 su campa\u00f1a con una caravana en San Pedro - Muy Jujuy","robots":{"index":"index","follow":"follow","max-snippet":"max-snippet:-1","max-image-preview":"max-image-preview:large","max-video-preview":"max-video-preview:-1"},"canonical":"https:\/\/www.muyjujuy.com\/index.php\/2025\/05\/07\/el-frente-jujuy-crece-cerro-su-campana-con-una-caravana-en-san-pedro\/","og_locale":"es_ES","og_type":"article","og_title":"El Frente Jujuy Crece cerr\u00f3 su campa\u00f1a con una caravana en San Pedro - Muy Jujuy","og_description":"La actividad estuvo liderada por los postulantes a la Legislatura provincial, Adriano Morone y Gisel Bravo. En el marco de los comicios legislativos que se celebrar\u00e1n este domingo en la provincia de Jujuy, los candidatos del Frente Jujuy Crece llevaron adelante una caravana como cierre de campa\u00f1a en la ciudad de San Pedro. Durante la [&hellip;]","og_url":"https:\/\/www.muyjujuy.com\/index.php\/2025\/05\/07\/el-frente-jujuy-crece-cerro-su-campana-con-una-caravana-en-san-pedro\/","og_site_name":"Muy Jujuy","article_publisher":"https:\/\/www.facebook.com\/muyjujuycom","article_published_time":"2025-05-07T14:24:56+00:00","author":"admin","twitter_card":"summary_large_image","twitter_creator":"@muyjujuy","twitter_site":"@muyjujuy","twitter_misc":{"Escrito por":"admin","Tiempo de lectura":"2 minutos"},"schema":{"@context":"https:\/\/schema.org","@graph":[{"@type":"Article","@id":"https:\/\/www.muyjujuy.com\/index.php\/2025\/05\/07\/el-frente-jujuy-crece-cerro-su-campana-con-una-caravana-en-san-pedro\/#article","isPartOf":{"@id":"https:\/\/www.muyjujuy.com\/index.php\/2025\/05\/07\/el-frente-jujuy-crece-cerro-su-campana-con-una-caravana-en-san-pedro\/"},"author":{"name":"admin","@id":"https:\/\/www.muyjujuy.com\/#\/schema\/person\/a3b63db1f387ec4149299954904c5bf0"},"headline":"El Frente Jujuy Crece cerr\u00f3 su campa\u00f1a con una caravana en San Pedro","datePublished":"2025-05-07T14:24:56+00:00","mainEntityOfPage":{"@id":"https:\/\/www.muyjujuy.com\/index.php\/2025\/05\/07\/el-frente-jujuy-crece-cerro-su-campana-con-una-caravana-en-san-pedro\/"},"wordCount":346,"commentCount":0,"publisher":{"@id":"https:\/\/www.muyjujuy.com\/#organization"},"image":{"@id":"https:\/\/www.muyjujuy.com\/index.php\/2025\/05\/07\/el-frente-jujuy-crece-cerro-su-campana-con-una-caravana-en-san-pedro\/#primaryimage"},"thumbnailUrl":"https:\/\/www.muyjujuy.com\/wp-content\/uploads\/2025\/05\/cerre.jpg","articleSection":["Pol\u00edtica"],"inLanguage":"es-AR","potentialAction":[{"@type":"CommentAction","name":"Comment","target":["https:\/\/www.muyjujuy.com\/index.php\/2025\/05\/07\/el-frente-jujuy-crece-cerro-su-campana-con-una-caravana-en-san-pedro\/#respond"]}]},{"@type":"WebPage","@id":"https:\/\/www.muyjujuy.com\/index.php\/2025\/05\/07\/el-frente-jujuy-crece-cerro-su-campana-con-una-caravana-en-san-pedro\/","url":"https:\/\/www.muyjujuy.com\/index.php\/2025\/05\/07\/el-frente-jujuy-crece-cerro-su-campana-con-una-caravana-en-san-pedro\/","name":"El Frente Jujuy Crece cerr\u00f3 su campa\u00f1a con una caravana en San Pedro - Muy Jujuy","isPartOf":{"@id":"https:\/\/www.muyjujuy.com\/#website"},"primaryImageOfPage":{"@id":"https:\/\/www.muyjujuy.com\/index.php\/2025\/05\/07\/el-frente-jujuy-crece-cerro-su-campana-con-una-caravana-en-san-pedro\/#primaryimage"},"image":{"@id":"https:\/\/www.muyjujuy.com\/index.php\/2025\/05\/07\/el-frente-jujuy-crece-cerro-su-campana-con-una-caravana-en-san-pedro\/#primaryimage"},"thumbnailUrl":"https:\/\/www.muyjujuy.com\/wp-content\/uploads\/2025\/05\/cerre.jpg","datePublished":"2025-05-07T14:24:56+00:00","breadcrumb":{"@id":"https:\/\/www.muyjujuy.com\/index.php\/2025\/05\/07\/el-frente-jujuy-crece-cerro-su-campana-con-una-caravana-en-san-pedro\/#breadcrumb"},"inLanguage":"es-AR","potentialAction":[{"@type":"ReadAction","target":["https:\/\/www.muyjujuy.com\/index.php\/2025\/05\/07\/el-frente-jujuy-crece-cerro-su-campana-con-una-caravana-en-san-pedro\/"]}]},{"@type":"ImageObject","inLanguage":"es-AR","@id":"https:\/\/www.muyjujuy.com\/index.php\/2025\/05\/07\/el-frente-jujuy-crece-cerro-su-campana-con-una-caravana-en-san-pedro\/#primaryimage","url":"https:\/\/www.muyjujuy.com\/wp-content\/uploads\/2025\/05\/cerre.jpg","contentUrl":"https:\/\/www.muyjujuy.com\/wp-content\/uploads\/2025\/05\/cerre.jpg","width":577,"height":342},{"@type":"BreadcrumbList","@id":"https:\/\/www.muyjujuy.com\/index.php\/2025\/05\/07\/el-frente-jujuy-crece-cerro-su-campana-con-una-caravana-en-san-pedro\/#breadcrumb","itemListElement":[{"@type":"ListItem","position":1,"name":"Inicio","item":"https:\/\/www.muyjujuy.com\/"},{"@type":"ListItem","position":2,"name":"El Frente Jujuy Crece cerr\u00f3 su campa\u00f1a con una caravana en San Pedro"}]},{"@type":"WebSite","@id":"https:\/\/www.muyjujuy.com\/#website","url":"https:\/\/www.muyjujuy.com\/","name":"Muy Jujuy","description":"","publisher":{"@id":"https:\/\/www.muyjujuy.com\/#organization"},"potentialAction":[{"@type":"SearchAction","target":{"@type":"EntryPoint","urlTemplate":"https:\/\/www.muyjujuy.com\/?s={search_term_string}"},"query-input":{"@type":"PropertyValueSpecification","valueRequired":true,"valueName":"search_term_string"}}],"inLanguage":"es-AR"},{"@type":"Organization","@id":"https:\/\/www.muyjujuy.com\/#organization","name":"Muy Jujuy","url":"https:\/\/www.muyjujuy.com\/","logo":{"@type":"ImageObject","inLanguage":"es-AR","@id":"https:\/\/www.muyjujuy.com\/#\/schema\/logo\/image\/","url":"http:\/\/www.muyjujuy.com\/wp-content\/uploads\/2022\/05\/logo-mobil-jujuy.png","contentUrl":"http:\/\/www.muyjujuy.com\/wp-content\/uploads\/2022\/05\/logo-mobil-jujuy.png","width":174,"height":81,"caption":"Muy Jujuy"},"image":{"@id":"https:\/\/www.muyjujuy.com\/#\/schema\/logo\/image\/"},"sameAs":["https:\/\/www.facebook.com\/muyjujuycom","https:\/\/x.com\/muyjujuy","https:\/\/www.instagram.com\/muyjujuycom"]},{"@type":"Person","@id":"https:\/\/www.muyjujuy.com\/#\/schema\/person\/a3b63db1f387ec4149299954904c5bf0","name":"admin","image":{"@type":"ImageObject","inLanguage":"es-AR","@id":"https:\/\/secure.gravatar.com\/avatar\/b6e63d8d3a73633362405a0ad27e9c28391755813b59886f19a99d6cef8a03fc?s=96&d=mm&r=g","url":"https:\/\/secure.gravatar.com\/avatar\/b6e63d8d3a73633362405a0ad27e9c28391755813b59886f19a99d6cef8a03fc?s=96&d=mm&r=g","contentUrl":"https:\/\/secure.gravatar.com\/avatar\/b6e63d8d3a73633362405a0ad27e9c28391755813b59886f19a99d6cef8a03fc?s=96&d=mm&r=g","caption":"admin"},"url":"https:\/\/www.muyjujuy.com\/index.php\/author\/soyeleditor\/"}]}},"_links":{"self":[{"href":"https:\/\/www.muyjujuy.com\/index.php\/wp-json\/wp\/v2\/posts\/2331","targetHints":{"allow":["GET"]}}],"collection":[{"href":"https:\/\/www.muyjujuy.com\/index.php\/wp-json\/wp\/v2\/posts"}],"about":[{"href":"https:\/\/www.muyjujuy.com\/index.php\/wp-json\/wp\/v2\/types\/post"}],"author":[{"embeddable":true,"href":"https:\/\/www.muyjujuy.com\/index.php\/wp-json\/wp\/v2\/users\/1"}],"replies":[{"embeddable":true,"href":"https:\/\/www.muyjujuy.com\/index.php\/wp-json\/wp\/v2\/comments?post=2331"}],"version-history":[{"count":1,"href":"https:\/\/www.muyjujuy.com\/index.php\/wp-json\/wp\/v2\/posts\/2331\/revisions"}],"predecessor-version":[{"id":2333,"href":"https:\/\/www.muyjujuy.com\/index.php\/wp-json\/wp\/v2\/posts\/2331\/revisions\/2333"}],"wp:featuredmedia":[{"embeddable":true,"href":"https:\/\/www.muyjujuy.com\/index.php\/wp-json\/wp\/v2\/media\/2332"}],"wp:attachment":[{"href":"https:\/\/www.muyjujuy.com\/index.php\/wp-json\/wp\/v2\/media?parent=2331"}],"wp:term":[{"taxonomy":"category","embeddable":true,"href":"https:\/\/www.muyjujuy.com\/index.php\/wp-json\/wp\/v2\/categories?post=2331"},{"taxonomy":"post_tag","embeddable":true,"href":"https:\/\/www.muyjujuy.com\/index.php\/wp-json\/wp\/v2\/tags?post=2331"}],"curies":[{"name":"wp","href":"https:\/\/api.w.org\/{rel}","templated":true}]}}