{"id":2436,"date":"2025-05-23T12:12:31","date_gmt":"2025-05-23T15:12:31","guid":{"rendered":"https:\/\/www.muyjujuy.com\/?p=2436"},"modified":"2025-05-23T12:15:07","modified_gmt":"2025-05-23T15:15:07","slug":"denuncio-que-sus-vecinos-vendian-drogas-y-fue-amenazada-estamos-investigando-a-los-policias-que-no-actuaron-como-debian","status":"publish","type":"post","link":"https:\/\/www.muyjujuy.com\/index.php\/2025\/05\/23\/denuncio-que-sus-vecinos-vendian-drogas-y-fue-amenazada-estamos-investigando-a-los-policias-que-no-actuaron-como-debian\/","title":{"rendered":"Denunci\u00f3 que sus vecinos vend\u00edan drogas y fue amenazada: &#8220;Estamos investigando a los polic\u00edas que no actuaron como deb\u00edan&#8221;"},"content":{"rendered":"\n<p>El hecho sucedi\u00f3 en la <strong>ciudad de Libertador<\/strong>. El <strong>Procurador General del MPA<\/strong>, doctor <strong>Sergio Lello S\u00e1nchez<\/strong>, explic\u00f3 el procedimiento correcto para realizar <strong>denuncias an\u00f3nimas<\/strong> y confirm\u00f3 que ya existe una <strong>causa judicial en curso<\/strong>, con <strong>dos detenidos<\/strong> y una <strong>pesquisa interna<\/strong> respecto al accionar policial.<\/p>\n\n\n\n<p>Una vecina de <strong>Libertador General San Mart\u00edn<\/strong> manifest\u00f3 hace unos d\u00edas que recibi\u00f3 <strong>amenazas<\/strong> luego de acusar a sus vecinos por una presunta <strong>venta de estupefacientes<\/strong>. Frente a esta situaci\u00f3n, el Procurador General del <strong>Ministerio P\u00fablico de la Acusaci\u00f3n (MPA)<\/strong>, <strong>Sergio Lello S\u00e1nchez<\/strong>, brind\u00f3 detalles sobre c\u00f3mo deben efectuarse adecuadamente las denuncias vinculadas al <strong>narcomenudeo<\/strong> y ratific\u00f3 que ya se tramita un expediente judicial con <strong>dos personas arrestadas<\/strong> y una <strong>investigaci\u00f3n interna<\/strong> sobre la actuaci\u00f3n policial.<\/p>\n\n\n\n<p>\u201cEsta persona crey\u00f3 haber presentado la denuncia en la <strong>Brigada de Investigaciones de Libertador<\/strong>, pero al revisar los registros comprobamos que la denuncia no fue <strong>formalmente registrada<\/strong>. Es probable que haya sido escuchada por alg\u00fan agente policial sin que se iniciara un tr\u00e1mite oficial, lo cual resulta <strong>sumamente grave<\/strong>\u201d, aclar\u00f3 Lello S\u00e1nchez en una entrevista con Despertar 630.<\/p>\n\n\n\n<p>El funcionario confirm\u00f3 que se inici\u00f3 una <strong>investigaci\u00f3n interna<\/strong> para esclarecer lo sucedido en ese primer contacto con la polic\u00eda y determinar si hubo <strong>negligencia<\/strong> o una <strong>filtraci\u00f3n de informaci\u00f3n<\/strong> que pudiera haber puesto en peligro a la denunciante. \u201cSi el personal policial no tom\u00f3 la denuncia con la seriedad que corresponde, no la incorpor\u00f3 al sistema o no actu\u00f3 con la responsabilidad requerida, aplicaremos las <strong>sanciones pertinentes<\/strong>. Es inadmisible que una ciudadana que da un paso tan valiente no reciba una <strong>respuesta institucional adecuada<\/strong>\u201d, expres\u00f3.<\/p>\n\n\n\n<p>Aunque la denuncia inicial no fue formalizada, la polic\u00eda ya trabajaba en el lugar se\u00f1alado como posible <strong>punto de venta<\/strong>. El operativo fue exitoso, con la <strong>detenci\u00f3n de dos personas<\/strong> y el secuestro de <strong>drogas, dinero, una balanza de precisi\u00f3n y una computadora port\u00e1til<\/strong>.<\/p>\n\n\n\n<p>\u201cEl procedimiento result\u00f3 efectivo y actualmente hay una <strong>causa en tr\u00e1mite por comercializaci\u00f3n de estupefacientes<\/strong>. Se asign\u00f3 <strong>custodia policial<\/strong> a la denunciante para proteger su integridad\u201d, confirm\u00f3 Lello S\u00e1nchez.<\/p>\n\n\n\n<p><strong>Denuncias an\u00f3nimas: c\u00f3mo y d\u00f3nde realizarlas<\/strong><\/p>\n\n\n\n<p>Lello S\u00e1nchez enfatiz\u00f3 que la v\u00eda m\u00e1s segura y eficiente para denunciar el <strong>narcomenudeo<\/strong> es mediante los <strong>buzones an\u00f3nimos<\/strong> que ofrece el Ministerio P\u00fablico, con el fin de evitar <strong>represalias<\/strong> y preservar la <strong>confidencialidad<\/strong> del denunciante.<\/p>\n\n\n\n<p>Las denuncias son recibidas de forma an\u00f3nima, analizadas semanalmente en la <strong>Procuraci\u00f3n General<\/strong> y, si corresponden, derivadas a los fiscales responsables para su investigaci\u00f3n. Adem\u00e1s, se emplean herramientas de <strong>inteligencia artificial<\/strong> para detectar <strong>patrones delictivos<\/strong> y confeccionar <strong>mapas de delito<\/strong>.<\/p>\n\n\n\n<p>\u201cEl <strong>anonimato est\u00e1 garantizado<\/strong>. No se registra la identidad del denunciante. Esta es la manera m\u00e1s segura de colaborar con la Justicia y contribuir al desmantelamiento de estas redes\u201d, asegur\u00f3 el Procurador.<\/p>\n\n\n\n<p>El titular del MPA adelant\u00f3 que la pr\u00f3xima semana se emitir\u00e1 una <strong>nueva instrucci\u00f3n general<\/strong> para fortalecer el <strong>protocolo de actuaci\u00f3n<\/strong> en estos casos y asegurar una mejor <strong>trazabilidad de las denuncias<\/strong>.<\/p>\n\n\n\n<p>\u201cQueremos que los fiscales tengan un control absoluto sobre estas investigaciones y que no dependan \u00fanicamente del criterio del personal policial. Este nuevo esquema mejora la eficacia y protege a quienes denuncian\u201d, concluy\u00f3.<\/p>\n","protected":false},"excerpt":{"rendered":"<p>El hecho sucedi\u00f3 en la ciudad de Libertador. El Procurador General del MPA, doctor Sergio Lello S\u00e1nchez, explic\u00f3 el procedimiento correcto para realizar denuncias an\u00f3nimas y confirm\u00f3 que ya existe una causa judicial en curso, con dos detenidos y una pesquisa interna respecto al accionar policial. Una vecina de Libertador General San Mart\u00edn manifest\u00f3 hace [&hellip;]<\/p>\n","protected":false},"author":1,"featured_media":2439,"comment_status":"open","ping_status":"open","sticky":false,"template":"","format":"standard","meta":{"footnotes":""},"categories":[863,25],"tags":[],"class_list":{"0":"post-2436","1":"post","2":"type-post","3":"status-publish","4":"format-standard","5":"has-post-thumbnail","7":"category-jujuy","8":"category-sociedad"},"yoast_head":"<!-- This site is optimized with the Yoast SEO plugin v27.5 - https:\/\/yoast.com\/product\/yoast-seo-wordpress\/ -->\n<title>Denunci\u00f3 que sus vecinos vend\u00edan drogas y fue amenazada: &quot;Estamos investigando a los polic\u00edas que no actuaron como deb\u00edan&quot; - Muy Jujuy<\/title>\n<meta name=\"robots\" content=\"index, follow, max-snippet:-1, max-image-preview:large, max-video-preview:-1\" \/>\n<link rel=\"canonical\" href=\"https:\/\/www.muyjujuy.com\/index.php\/2025\/05\/23\/denuncio-que-sus-vecinos-vendian-drogas-y-fue-amenazada-estamos-investigando-a-los-policias-que-no-actuaron-como-debian\/\" \/>\n<meta property=\"og:locale\" content=\"es_ES\" \/>\n<meta property=\"og:type\" content=\"article\" \/>\n<meta property=\"og:title\" content=\"Denunci\u00f3 que sus vecinos vend\u00edan drogas y fue amenazada: &quot;Estamos investigando a los polic\u00edas que no actuaron como deb\u00edan&quot; - Muy Jujuy\" \/>\n<meta property=\"og:description\" content=\"El hecho sucedi\u00f3 en la ciudad de Libertador. El Procurador General del MPA, doctor Sergio Lello S\u00e1nchez, explic\u00f3 el procedimiento correcto para realizar denuncias an\u00f3nimas y confirm\u00f3 que ya existe una causa judicial en curso, con dos detenidos y una pesquisa interna respecto al accionar policial. Una vecina de Libertador General San Mart\u00edn manifest\u00f3 hace [&hellip;]\" \/>\n<meta property=\"og:url\" content=\"https:\/\/www.muyjujuy.com\/index.php\/2025\/05\/23\/denuncio-que-sus-vecinos-vendian-drogas-y-fue-amenazada-estamos-investigando-a-los-policias-que-no-actuaron-como-debian\/\" \/>\n<meta property=\"og:site_name\" content=\"Muy Jujuy\" \/>\n<meta property=\"article:publisher\" content=\"https:\/\/www.facebook.com\/muyjujuycom\" \/>\n<meta property=\"article:published_time\" content=\"2025-05-23T15:12:31+00:00\" \/>\n<meta property=\"article:modified_time\" content=\"2025-05-23T15:15:07+00:00\" \/>\n<meta name=\"author\" content=\"admin\" \/>\n<meta name=\"twitter:card\" content=\"summary_large_image\" \/>\n<meta name=\"twitter:creator\" content=\"@muyjujuy\" \/>\n<meta name=\"twitter:site\" content=\"@muyjujuy\" \/>\n<meta name=\"twitter:label1\" content=\"Escrito por\" \/>\n\t<meta name=\"twitter:data1\" content=\"admin\" \/>\n\t<meta name=\"twitter:label2\" content=\"Tiempo de lectura\" \/>\n\t<meta name=\"twitter:data2\" content=\"3 minutos\" \/>\n<script type=\"application\/ld+json\" class=\"yoast-schema-graph\">{\"@context\":\"https:\\\/\\\/schema.org\",\"@graph\":[{\"@type\":\"Article\",\"@id\":\"https:\\\/\\\/www.muyjujuy.com\\\/index.php\\\/2025\\\/05\\\/23\\\/denuncio-que-sus-vecinos-vendian-drogas-y-fue-amenazada-estamos-investigando-a-los-policias-que-no-actuaron-como-debian\\\/#article\",\"isPartOf\":{\"@id\":\"https:\\\/\\\/www.muyjujuy.com\\\/index.php\\\/2025\\\/05\\\/23\\\/denuncio-que-sus-vecinos-vendian-drogas-y-fue-amenazada-estamos-investigando-a-los-policias-que-no-actuaron-como-debian\\\/\"},\"author\":{\"name\":\"admin\",\"@id\":\"https:\\\/\\\/www.muyjujuy.com\\\/#\\\/schema\\\/person\\\/a3b63db1f387ec4149299954904c5bf0\"},\"headline\":\"Denunci\u00f3 que sus vecinos vend\u00edan drogas y fue amenazada: &#8220;Estamos investigando a los polic\u00edas que no actuaron como deb\u00edan&#8221;\",\"datePublished\":\"2025-05-23T15:12:31+00:00\",\"dateModified\":\"2025-05-23T15:15:07+00:00\",\"mainEntityOfPage\":{\"@id\":\"https:\\\/\\\/www.muyjujuy.com\\\/index.php\\\/2025\\\/05\\\/23\\\/denuncio-que-sus-vecinos-vendian-drogas-y-fue-amenazada-estamos-investigando-a-los-policias-que-no-actuaron-como-debian\\\/\"},\"wordCount\":581,\"commentCount\":0,\"publisher\":{\"@id\":\"https:\\\/\\\/www.muyjujuy.com\\\/#organization\"},\"image\":{\"@id\":\"https:\\\/\\\/www.muyjujuy.com\\\/index.php\\\/2025\\\/05\\\/23\\\/denuncio-que-sus-vecinos-vendian-drogas-y-fue-amenazada-estamos-investigando-a-los-policias-que-no-actuaron-como-debian\\\/#primaryimage\"},\"thumbnailUrl\":\"https:\\\/\\\/www.muyjujuy.com\\\/wp-content\\\/uploads\\\/2025\\\/05\\\/drogas-1.jpg\",\"articleSection\":[\"JUJUY\",\"Sociedad\"],\"inLanguage\":\"es-AR\",\"potentialAction\":[{\"@type\":\"CommentAction\",\"name\":\"Comment\",\"target\":[\"https:\\\/\\\/www.muyjujuy.com\\\/index.php\\\/2025\\\/05\\\/23\\\/denuncio-que-sus-vecinos-vendian-drogas-y-fue-amenazada-estamos-investigando-a-los-policias-que-no-actuaron-como-debian\\\/#respond\"]}]},{\"@type\":\"WebPage\",\"@id\":\"https:\\\/\\\/www.muyjujuy.com\\\/index.php\\\/2025\\\/05\\\/23\\\/denuncio-que-sus-vecinos-vendian-drogas-y-fue-amenazada-estamos-investigando-a-los-policias-que-no-actuaron-como-debian\\\/\",\"url\":\"https:\\\/\\\/www.muyjujuy.com\\\/index.php\\\/2025\\\/05\\\/23\\\/denuncio-que-sus-vecinos-vendian-drogas-y-fue-amenazada-estamos-investigando-a-los-policias-que-no-actuaron-como-debian\\\/\",\"name\":\"Denunci\u00f3 que sus vecinos vend\u00edan drogas y fue amenazada: \\\"Estamos investigando a los polic\u00edas que no actuaron como deb\u00edan\\\" - Muy Jujuy\",\"isPartOf\":{\"@id\":\"https:\\\/\\\/www.muyjujuy.com\\\/#website\"},\"primaryImageOfPage\":{\"@id\":\"https:\\\/\\\/www.muyjujuy.com\\\/index.php\\\/2025\\\/05\\\/23\\\/denuncio-que-sus-vecinos-vendian-drogas-y-fue-amenazada-estamos-investigando-a-los-policias-que-no-actuaron-como-debian\\\/#primaryimage\"},\"image\":{\"@id\":\"https:\\\/\\\/www.muyjujuy.com\\\/index.php\\\/2025\\\/05\\\/23\\\/denuncio-que-sus-vecinos-vendian-drogas-y-fue-amenazada-estamos-investigando-a-los-policias-que-no-actuaron-como-debian\\\/#primaryimage\"},\"thumbnailUrl\":\"https:\\\/\\\/www.muyjujuy.com\\\/wp-content\\\/uploads\\\/2025\\\/05\\\/drogas-1.jpg\",\"datePublished\":\"2025-05-23T15:12:31+00:00\",\"dateModified\":\"2025-05-23T15:15:07+00:00\",\"breadcrumb\":{\"@id\":\"https:\\\/\\\/www.muyjujuy.com\\\/index.php\\\/2025\\\/05\\\/23\\\/denuncio-que-sus-vecinos-vendian-drogas-y-fue-amenazada-estamos-investigando-a-los-policias-que-no-actuaron-como-debian\\\/#breadcrumb\"},\"inLanguage\":\"es-AR\",\"potentialAction\":[{\"@type\":\"ReadAction\",\"target\":[\"https:\\\/\\\/www.muyjujuy.com\\\/index.php\\\/2025\\\/05\\\/23\\\/denuncio-que-sus-vecinos-vendian-drogas-y-fue-amenazada-estamos-investigando-a-los-policias-que-no-actuaron-como-debian\\\/\"]}]},{\"@type\":\"ImageObject\",\"inLanguage\":\"es-AR\",\"@id\":\"https:\\\/\\\/www.muyjujuy.com\\\/index.php\\\/2025\\\/05\\\/23\\\/denuncio-que-sus-vecinos-vendian-drogas-y-fue-amenazada-estamos-investigando-a-los-policias-que-no-actuaron-como-debian\\\/#primaryimage\",\"url\":\"https:\\\/\\\/www.muyjujuy.com\\\/wp-content\\\/uploads\\\/2025\\\/05\\\/drogas-1.jpg\",\"contentUrl\":\"https:\\\/\\\/www.muyjujuy.com\\\/wp-content\\\/uploads\\\/2025\\\/05\\\/drogas-1.jpg\",\"width\":806,\"height\":510},{\"@type\":\"BreadcrumbList\",\"@id\":\"https:\\\/\\\/www.muyjujuy.com\\\/index.php\\\/2025\\\/05\\\/23\\\/denuncio-que-sus-vecinos-vendian-drogas-y-fue-amenazada-estamos-investigando-a-los-policias-que-no-actuaron-como-debian\\\/#breadcrumb\",\"itemListElement\":[{\"@type\":\"ListItem\",\"position\":1,\"name\":\"Inicio\",\"item\":\"https:\\\/\\\/www.muyjujuy.com\\\/\"},{\"@type\":\"ListItem\",\"position\":2,\"name\":\"Denunci\u00f3 que sus vecinos vend\u00edan drogas y fue amenazada: &#8220;Estamos investigando a los polic\u00edas que no actuaron como deb\u00edan&#8221;\"}]},{\"@type\":\"WebSite\",\"@id\":\"https:\\\/\\\/www.muyjujuy.com\\\/#website\",\"url\":\"https:\\\/\\\/www.muyjujuy.com\\\/\",\"name\":\"Muy Jujuy\",\"description\":\"\",\"publisher\":{\"@id\":\"https:\\\/\\\/www.muyjujuy.com\\\/#organization\"},\"potentialAction\":[{\"@type\":\"SearchAction\",\"target\":{\"@type\":\"EntryPoint\",\"urlTemplate\":\"https:\\\/\\\/www.muyjujuy.com\\\/?s={search_term_string}\"},\"query-input\":{\"@type\":\"PropertyValueSpecification\",\"valueRequired\":true,\"valueName\":\"search_term_string\"}}],\"inLanguage\":\"es-AR\"},{\"@type\":\"Organization\",\"@id\":\"https:\\\/\\\/www.muyjujuy.com\\\/#organization\",\"name\":\"Muy Jujuy\",\"url\":\"https:\\\/\\\/www.muyjujuy.com\\\/\",\"logo\":{\"@type\":\"ImageObject\",\"inLanguage\":\"es-AR\",\"@id\":\"https:\\\/\\\/www.muyjujuy.com\\\/#\\\/schema\\\/logo\\\/image\\\/\",\"url\":\"http:\\\/\\\/www.muyjujuy.com\\\/wp-content\\\/uploads\\\/2022\\\/05\\\/logo-mobil-jujuy.png\",\"contentUrl\":\"http:\\\/\\\/www.muyjujuy.com\\\/wp-content\\\/uploads\\\/2022\\\/05\\\/logo-mobil-jujuy.png\",\"width\":174,\"height\":81,\"caption\":\"Muy Jujuy\"},\"image\":{\"@id\":\"https:\\\/\\\/www.muyjujuy.com\\\/#\\\/schema\\\/logo\\\/image\\\/\"},\"sameAs\":[\"https:\\\/\\\/www.facebook.com\\\/muyjujuycom\",\"https:\\\/\\\/x.com\\\/muyjujuy\",\"https:\\\/\\\/www.instagram.com\\\/muyjujuycom\"]},{\"@type\":\"Person\",\"@id\":\"https:\\\/\\\/www.muyjujuy.com\\\/#\\\/schema\\\/person\\\/a3b63db1f387ec4149299954904c5bf0\",\"name\":\"admin\",\"image\":{\"@type\":\"ImageObject\",\"inLanguage\":\"es-AR\",\"@id\":\"https:\\\/\\\/secure.gravatar.com\\\/avatar\\\/b6e63d8d3a73633362405a0ad27e9c28391755813b59886f19a99d6cef8a03fc?s=96&d=mm&r=g\",\"url\":\"https:\\\/\\\/secure.gravatar.com\\\/avatar\\\/b6e63d8d3a73633362405a0ad27e9c28391755813b59886f19a99d6cef8a03fc?s=96&d=mm&r=g\",\"contentUrl\":\"https:\\\/\\\/secure.gravatar.com\\\/avatar\\\/b6e63d8d3a73633362405a0ad27e9c28391755813b59886f19a99d6cef8a03fc?s=96&d=mm&r=g\",\"caption\":\"admin\"},\"url\":\"https:\\\/\\\/www.muyjujuy.com\\\/index.php\\\/author\\\/soyeleditor\\\/\"}]}<\/script>\n<!-- \/ Yoast SEO plugin. -->","yoast_head_json":{"title":"Denunci\u00f3 que sus vecinos vend\u00edan drogas y fue amenazada: \"Estamos investigando a los polic\u00edas que no actuaron como deb\u00edan\" - Muy Jujuy","robots":{"index":"index","follow":"follow","max-snippet":"max-snippet:-1","max-image-preview":"max-image-preview:large","max-video-preview":"max-video-preview:-1"},"canonical":"https:\/\/www.muyjujuy.com\/index.php\/2025\/05\/23\/denuncio-que-sus-vecinos-vendian-drogas-y-fue-amenazada-estamos-investigando-a-los-policias-que-no-actuaron-como-debian\/","og_locale":"es_ES","og_type":"article","og_title":"Denunci\u00f3 que sus vecinos vend\u00edan drogas y fue amenazada: \"Estamos investigando a los polic\u00edas que no actuaron como deb\u00edan\" - Muy Jujuy","og_description":"El hecho sucedi\u00f3 en la ciudad de Libertador. El Procurador General del MPA, doctor Sergio Lello S\u00e1nchez, explic\u00f3 el procedimiento correcto para realizar denuncias an\u00f3nimas y confirm\u00f3 que ya existe una causa judicial en curso, con dos detenidos y una pesquisa interna respecto al accionar policial. Una vecina de Libertador General San Mart\u00edn manifest\u00f3 hace [&hellip;]","og_url":"https:\/\/www.muyjujuy.com\/index.php\/2025\/05\/23\/denuncio-que-sus-vecinos-vendian-drogas-y-fue-amenazada-estamos-investigando-a-los-policias-que-no-actuaron-como-debian\/","og_site_name":"Muy Jujuy","article_publisher":"https:\/\/www.facebook.com\/muyjujuycom","article_published_time":"2025-05-23T15:12:31+00:00","article_modified_time":"2025-05-23T15:15:07+00:00","author":"admin","twitter_card":"summary_large_image","twitter_creator":"@muyjujuy","twitter_site":"@muyjujuy","twitter_misc":{"Escrito por":"admin","Tiempo de lectura":"3 minutos"},"schema":{"@context":"https:\/\/schema.org","@graph":[{"@type":"Article","@id":"https:\/\/www.muyjujuy.com\/index.php\/2025\/05\/23\/denuncio-que-sus-vecinos-vendian-drogas-y-fue-amenazada-estamos-investigando-a-los-policias-que-no-actuaron-como-debian\/#article","isPartOf":{"@id":"https:\/\/www.muyjujuy.com\/index.php\/2025\/05\/23\/denuncio-que-sus-vecinos-vendian-drogas-y-fue-amenazada-estamos-investigando-a-los-policias-que-no-actuaron-como-debian\/"},"author":{"name":"admin","@id":"https:\/\/www.muyjujuy.com\/#\/schema\/person\/a3b63db1f387ec4149299954904c5bf0"},"headline":"Denunci\u00f3 que sus vecinos vend\u00edan drogas y fue amenazada: &#8220;Estamos investigando a los polic\u00edas que no actuaron como deb\u00edan&#8221;","datePublished":"2025-05-23T15:12:31+00:00","dateModified":"2025-05-23T15:15:07+00:00","mainEntityOfPage":{"@id":"https:\/\/www.muyjujuy.com\/index.php\/2025\/05\/23\/denuncio-que-sus-vecinos-vendian-drogas-y-fue-amenazada-estamos-investigando-a-los-policias-que-no-actuaron-como-debian\/"},"wordCount":581,"commentCount":0,"publisher":{"@id":"https:\/\/www.muyjujuy.com\/#organization"},"image":{"@id":"https:\/\/www.muyjujuy.com\/index.php\/2025\/05\/23\/denuncio-que-sus-vecinos-vendian-drogas-y-fue-amenazada-estamos-investigando-a-los-policias-que-no-actuaron-como-debian\/#primaryimage"},"thumbnailUrl":"https:\/\/www.muyjujuy.com\/wp-content\/uploads\/2025\/05\/drogas-1.jpg","articleSection":["JUJUY","Sociedad"],"inLanguage":"es-AR","potentialAction":[{"@type":"CommentAction","name":"Comment","target":["https:\/\/www.muyjujuy.com\/index.php\/2025\/05\/23\/denuncio-que-sus-vecinos-vendian-drogas-y-fue-amenazada-estamos-investigando-a-los-policias-que-no-actuaron-como-debian\/#respond"]}]},{"@type":"WebPage","@id":"https:\/\/www.muyjujuy.com\/index.php\/2025\/05\/23\/denuncio-que-sus-vecinos-vendian-drogas-y-fue-amenazada-estamos-investigando-a-los-policias-que-no-actuaron-como-debian\/","url":"https:\/\/www.muyjujuy.com\/index.php\/2025\/05\/23\/denuncio-que-sus-vecinos-vendian-drogas-y-fue-amenazada-estamos-investigando-a-los-policias-que-no-actuaron-como-debian\/","name":"Denunci\u00f3 que sus vecinos vend\u00edan drogas y fue amenazada: \"Estamos investigando a los polic\u00edas que no actuaron como deb\u00edan\" - Muy Jujuy","isPartOf":{"@id":"https:\/\/www.muyjujuy.com\/#website"},"primaryImageOfPage":{"@id":"https:\/\/www.muyjujuy.com\/index.php\/2025\/05\/23\/denuncio-que-sus-vecinos-vendian-drogas-y-fue-amenazada-estamos-investigando-a-los-policias-que-no-actuaron-como-debian\/#primaryimage"},"image":{"@id":"https:\/\/www.muyjujuy.com\/index.php\/2025\/05\/23\/denuncio-que-sus-vecinos-vendian-drogas-y-fue-amenazada-estamos-investigando-a-los-policias-que-no-actuaron-como-debian\/#primaryimage"},"thumbnailUrl":"https:\/\/www.muyjujuy.com\/wp-content\/uploads\/2025\/05\/drogas-1.jpg","datePublished":"2025-05-23T15:12:31+00:00","dateModified":"2025-05-23T15:15:07+00:00","breadcrumb":{"@id":"https:\/\/www.muyjujuy.com\/index.php\/2025\/05\/23\/denuncio-que-sus-vecinos-vendian-drogas-y-fue-amenazada-estamos-investigando-a-los-policias-que-no-actuaron-como-debian\/#breadcrumb"},"inLanguage":"es-AR","potentialAction":[{"@type":"ReadAction","target":["https:\/\/www.muyjujuy.com\/index.php\/2025\/05\/23\/denuncio-que-sus-vecinos-vendian-drogas-y-fue-amenazada-estamos-investigando-a-los-policias-que-no-actuaron-como-debian\/"]}]},{"@type":"ImageObject","inLanguage":"es-AR","@id":"https:\/\/www.muyjujuy.com\/index.php\/2025\/05\/23\/denuncio-que-sus-vecinos-vendian-drogas-y-fue-amenazada-estamos-investigando-a-los-policias-que-no-actuaron-como-debian\/#primaryimage","url":"https:\/\/www.muyjujuy.com\/wp-content\/uploads\/2025\/05\/drogas-1.jpg","contentUrl":"https:\/\/www.muyjujuy.com\/wp-content\/uploads\/2025\/05\/drogas-1.jpg","width":806,"height":510},{"@type":"BreadcrumbList","@id":"https:\/\/www.muyjujuy.com\/index.php\/2025\/05\/23\/denuncio-que-sus-vecinos-vendian-drogas-y-fue-amenazada-estamos-investigando-a-los-policias-que-no-actuaron-como-debian\/#breadcrumb","itemListElement":[{"@type":"ListItem","position":1,"name":"Inicio","item":"https:\/\/www.muyjujuy.com\/"},{"@type":"ListItem","position":2,"name":"Denunci\u00f3 que sus vecinos vend\u00edan drogas y fue amenazada: &#8220;Estamos investigando a los polic\u00edas que no actuaron como deb\u00edan&#8221;"}]},{"@type":"WebSite","@id":"https:\/\/www.muyjujuy.com\/#website","url":"https:\/\/www.muyjujuy.com\/","name":"Muy Jujuy","description":"","publisher":{"@id":"https:\/\/www.muyjujuy.com\/#organization"},"potentialAction":[{"@type":"SearchAction","target":{"@type":"EntryPoint","urlTemplate":"https:\/\/www.muyjujuy.com\/?s={search_term_string}"},"query-input":{"@type":"PropertyValueSpecification","valueRequired":true,"valueName":"search_term_string"}}],"inLanguage":"es-AR"},{"@type":"Organization","@id":"https:\/\/www.muyjujuy.com\/#organization","name":"Muy Jujuy","url":"https:\/\/www.muyjujuy.com\/","logo":{"@type":"ImageObject","inLanguage":"es-AR","@id":"https:\/\/www.muyjujuy.com\/#\/schema\/logo\/image\/","url":"http:\/\/www.muyjujuy.com\/wp-content\/uploads\/2022\/05\/logo-mobil-jujuy.png","contentUrl":"http:\/\/www.muyjujuy.com\/wp-content\/uploads\/2022\/05\/logo-mobil-jujuy.png","width":174,"height":81,"caption":"Muy Jujuy"},"image":{"@id":"https:\/\/www.muyjujuy.com\/#\/schema\/logo\/image\/"},"sameAs":["https:\/\/www.facebook.com\/muyjujuycom","https:\/\/x.com\/muyjujuy","https:\/\/www.instagram.com\/muyjujuycom"]},{"@type":"Person","@id":"https:\/\/www.muyjujuy.com\/#\/schema\/person\/a3b63db1f387ec4149299954904c5bf0","name":"admin","image":{"@type":"ImageObject","inLanguage":"es-AR","@id":"https:\/\/secure.gravatar.com\/avatar\/b6e63d8d3a73633362405a0ad27e9c28391755813b59886f19a99d6cef8a03fc?s=96&d=mm&r=g","url":"https:\/\/secure.gravatar.com\/avatar\/b6e63d8d3a73633362405a0ad27e9c28391755813b59886f19a99d6cef8a03fc?s=96&d=mm&r=g","contentUrl":"https:\/\/secure.gravatar.com\/avatar\/b6e63d8d3a73633362405a0ad27e9c28391755813b59886f19a99d6cef8a03fc?s=96&d=mm&r=g","caption":"admin"},"url":"https:\/\/www.muyjujuy.com\/index.php\/author\/soyeleditor\/"}]}},"_links":{"self":[{"href":"https:\/\/www.muyjujuy.com\/index.php\/wp-json\/wp\/v2\/posts\/2436","targetHints":{"allow":["GET"]}}],"collection":[{"href":"https:\/\/www.muyjujuy.com\/index.php\/wp-json\/wp\/v2\/posts"}],"about":[{"href":"https:\/\/www.muyjujuy.com\/index.php\/wp-json\/wp\/v2\/types\/post"}],"author":[{"embeddable":true,"href":"https:\/\/www.muyjujuy.com\/index.php\/wp-json\/wp\/v2\/users\/1"}],"replies":[{"embeddable":true,"href":"https:\/\/www.muyjujuy.com\/index.php\/wp-json\/wp\/v2\/comments?post=2436"}],"version-history":[{"count":1,"href":"https:\/\/www.muyjujuy.com\/index.php\/wp-json\/wp\/v2\/posts\/2436\/revisions"}],"predecessor-version":[{"id":2438,"href":"https:\/\/www.muyjujuy.com\/index.php\/wp-json\/wp\/v2\/posts\/2436\/revisions\/2438"}],"wp:featuredmedia":[{"embeddable":true,"href":"https:\/\/www.muyjujuy.com\/index.php\/wp-json\/wp\/v2\/media\/2439"}],"wp:attachment":[{"href":"https:\/\/www.muyjujuy.com\/index.php\/wp-json\/wp\/v2\/media?parent=2436"}],"wp:term":[{"taxonomy":"category","embeddable":true,"href":"https:\/\/www.muyjujuy.com\/index.php\/wp-json\/wp\/v2\/categories?post=2436"},{"taxonomy":"post_tag","embeddable":true,"href":"https:\/\/www.muyjujuy.com\/index.php\/wp-json\/wp\/v2\/tags?post=2436"}],"curies":[{"name":"wp","href":"https:\/\/api.w.org\/{rel}","templated":true}]}}