{"id":2447,"date":"2025-05-26T11:42:32","date_gmt":"2025-05-26T14:42:32","guid":{"rendered":"https:\/\/www.muyjujuy.com\/?p=2447"},"modified":"2025-05-26T11:42:32","modified_gmt":"2025-05-26T14:42:32","slug":"la-legislatura-de-jujuy-se-reunira-este-martes-con-temas-centrales-en-su-temario","status":"publish","type":"post","link":"https:\/\/www.muyjujuy.com\/index.php\/2025\/05\/26\/la-legislatura-de-jujuy-se-reunira-este-martes-con-temas-centrales-en-su-temario\/","title":{"rendered":"La Legislatura de Jujuy se reunir\u00e1 este martes con temas centrales en su temario"},"content":{"rendered":"\n<p>Ser\u00e1 la <strong>cuarta sesi\u00f3n ordinaria del ciclo legislativo<\/strong> y se espera que se aborden propuestas de relevancia impulsadas por el Poder Ejecutivo.<\/p>\n\n\n\n<p>Tras un per\u00edodo signado por la actividad electoral en diversas regiones de la provincia, <strong>la actividad parlamentaria retoma su curso habitual<\/strong> y la Legislatura juje\u00f1a sesionar\u00e1 este <strong>martes 27 de mayo a partir de las 10:00<\/strong>, en lo que ser\u00e1 el cuarto encuentro ordinario del a\u00f1o.<\/p>\n\n\n\n<p>La convocatoria fue resultado del <strong>acuerdo alcanzado en la reuni\u00f3n de Labor Parlamentaria<\/strong>, encabezada por las autoridades de la C\u00e1mara junto a los titulares de los distintos bloques. De acuerdo a lo informado, <strong>el orden del d\u00eda se terminar\u00e1 de conformar durante la ma\u00f1ana del lunes<\/strong>, incluyendo proyectos que fueron discutidos recientemente en las comisiones correspondientes.<\/p>\n\n\n\n<p>Uno de los temas que <strong>genera mayor inter\u00e9s<\/strong> es el proyecto de <strong>coparticipaci\u00f3n municipal<\/strong>, promovido por el Ejecutivo provincial. Aunque <strong>a\u00fan no fue remitido de manera formal<\/strong>, contin\u00faa siendo objeto de an\u00e1lisis y di\u00e1logo con intendentes y autoridades comunales.<\/p>\n\n\n\n<p>Asimismo, <strong>se anticipa la presentaci\u00f3n de solicitudes de informe<\/strong> vinculadas a las carteras de <strong>seguridad, educaci\u00f3n y medioambiente<\/strong>, \u00e1reas que han concentrado reclamos ciudadanos y atenci\u00f3n medi\u00e1tica en las \u00faltimas semanas.<\/p>\n\n\n\n<p>Con el proceso electoral finalizado y <strong>la pol\u00edtica provincial retomando su curso institucional<\/strong>, la <strong>Casa de Piedra se convierte nuevamente en el escenario de discusiones clave<\/strong> para definir el rumbo legislativo en lo que resta del a\u00f1o.<\/p>\n","protected":false},"excerpt":{"rendered":"<p>Ser\u00e1 la cuarta sesi\u00f3n ordinaria del ciclo legislativo y se espera que se aborden propuestas de relevancia impulsadas por el Poder Ejecutivo. Tras un per\u00edodo signado por la actividad electoral en diversas regiones de la provincia, la actividad parlamentaria retoma su curso habitual y la Legislatura juje\u00f1a sesionar\u00e1 este martes 27 de mayo a partir [&hellip;]<\/p>\n","protected":false},"author":1,"featured_media":2448,"comment_status":"open","ping_status":"open","sticky":false,"template":"","format":"standard","meta":{"footnotes":""},"categories":[863,24],"tags":[],"class_list":{"0":"post-2447","1":"post","2":"type-post","3":"status-publish","4":"format-standard","5":"has-post-thumbnail","7":"category-jujuy","8":"category-politica"},"yoast_head":"<!-- This site is optimized with the Yoast SEO plugin v27.5 - https:\/\/yoast.com\/product\/yoast-seo-wordpress\/ -->\n<title>La Legislatura de Jujuy se reunir\u00e1 este martes con temas centrales en su temario - Muy Jujuy<\/title>\n<meta name=\"robots\" content=\"index, follow, max-snippet:-1, max-image-preview:large, max-video-preview:-1\" \/>\n<link rel=\"canonical\" href=\"https:\/\/www.muyjujuy.com\/index.php\/2025\/05\/26\/la-legislatura-de-jujuy-se-reunira-este-martes-con-temas-centrales-en-su-temario\/\" \/>\n<meta property=\"og:locale\" content=\"es_ES\" \/>\n<meta property=\"og:type\" content=\"article\" \/>\n<meta property=\"og:title\" content=\"La Legislatura de Jujuy se reunir\u00e1 este martes con temas centrales en su temario - Muy Jujuy\" \/>\n<meta property=\"og:description\" content=\"Ser\u00e1 la cuarta sesi\u00f3n ordinaria del ciclo legislativo y se espera que se aborden propuestas de relevancia impulsadas por el Poder Ejecutivo. Tras un per\u00edodo signado por la actividad electoral en diversas regiones de la provincia, la actividad parlamentaria retoma su curso habitual y la Legislatura juje\u00f1a sesionar\u00e1 este martes 27 de mayo a partir [&hellip;]\" \/>\n<meta property=\"og:url\" content=\"https:\/\/www.muyjujuy.com\/index.php\/2025\/05\/26\/la-legislatura-de-jujuy-se-reunira-este-martes-con-temas-centrales-en-su-temario\/\" \/>\n<meta property=\"og:site_name\" content=\"Muy Jujuy\" \/>\n<meta property=\"article:publisher\" content=\"https:\/\/www.facebook.com\/muyjujuycom\" \/>\n<meta property=\"article:published_time\" content=\"2025-05-26T14:42:32+00:00\" \/>\n<meta name=\"author\" content=\"admin\" \/>\n<meta name=\"twitter:card\" content=\"summary_large_image\" \/>\n<meta name=\"twitter:creator\" content=\"@muyjujuy\" \/>\n<meta name=\"twitter:site\" content=\"@muyjujuy\" \/>\n<meta name=\"twitter:label1\" content=\"Escrito por\" \/>\n\t<meta name=\"twitter:data1\" content=\"admin\" \/>\n\t<meta name=\"twitter:label2\" content=\"Tiempo de lectura\" \/>\n\t<meta name=\"twitter:data2\" content=\"1 minuto\" \/>\n<script type=\"application\/ld+json\" class=\"yoast-schema-graph\">{\"@context\":\"https:\\\/\\\/schema.org\",\"@graph\":[{\"@type\":\"Article\",\"@id\":\"https:\\\/\\\/www.muyjujuy.com\\\/index.php\\\/2025\\\/05\\\/26\\\/la-legislatura-de-jujuy-se-reunira-este-martes-con-temas-centrales-en-su-temario\\\/#article\",\"isPartOf\":{\"@id\":\"https:\\\/\\\/www.muyjujuy.com\\\/index.php\\\/2025\\\/05\\\/26\\\/la-legislatura-de-jujuy-se-reunira-este-martes-con-temas-centrales-en-su-temario\\\/\"},\"author\":{\"name\":\"admin\",\"@id\":\"https:\\\/\\\/www.muyjujuy.com\\\/#\\\/schema\\\/person\\\/a3b63db1f387ec4149299954904c5bf0\"},\"headline\":\"La Legislatura de Jujuy se reunir\u00e1 este martes con temas centrales en su temario\",\"datePublished\":\"2025-05-26T14:42:32+00:00\",\"mainEntityOfPage\":{\"@id\":\"https:\\\/\\\/www.muyjujuy.com\\\/index.php\\\/2025\\\/05\\\/26\\\/la-legislatura-de-jujuy-se-reunira-este-martes-con-temas-centrales-en-su-temario\\\/\"},\"wordCount\":263,\"commentCount\":0,\"publisher\":{\"@id\":\"https:\\\/\\\/www.muyjujuy.com\\\/#organization\"},\"image\":{\"@id\":\"https:\\\/\\\/www.muyjujuy.com\\\/index.php\\\/2025\\\/05\\\/26\\\/la-legislatura-de-jujuy-se-reunira-este-martes-con-temas-centrales-en-su-temario\\\/#primaryimage\"},\"thumbnailUrl\":\"https:\\\/\\\/www.muyjujuy.com\\\/wp-content\\\/uploads\\\/2025\\\/05\\\/legislatura.jpg\",\"articleSection\":[\"JUJUY\",\"Pol\u00edtica\"],\"inLanguage\":\"es-AR\",\"potentialAction\":[{\"@type\":\"CommentAction\",\"name\":\"Comment\",\"target\":[\"https:\\\/\\\/www.muyjujuy.com\\\/index.php\\\/2025\\\/05\\\/26\\\/la-legislatura-de-jujuy-se-reunira-este-martes-con-temas-centrales-en-su-temario\\\/#respond\"]}]},{\"@type\":\"WebPage\",\"@id\":\"https:\\\/\\\/www.muyjujuy.com\\\/index.php\\\/2025\\\/05\\\/26\\\/la-legislatura-de-jujuy-se-reunira-este-martes-con-temas-centrales-en-su-temario\\\/\",\"url\":\"https:\\\/\\\/www.muyjujuy.com\\\/index.php\\\/2025\\\/05\\\/26\\\/la-legislatura-de-jujuy-se-reunira-este-martes-con-temas-centrales-en-su-temario\\\/\",\"name\":\"La Legislatura de Jujuy se reunir\u00e1 este martes con temas centrales en su temario - Muy Jujuy\",\"isPartOf\":{\"@id\":\"https:\\\/\\\/www.muyjujuy.com\\\/#website\"},\"primaryImageOfPage\":{\"@id\":\"https:\\\/\\\/www.muyjujuy.com\\\/index.php\\\/2025\\\/05\\\/26\\\/la-legislatura-de-jujuy-se-reunira-este-martes-con-temas-centrales-en-su-temario\\\/#primaryimage\"},\"image\":{\"@id\":\"https:\\\/\\\/www.muyjujuy.com\\\/index.php\\\/2025\\\/05\\\/26\\\/la-legislatura-de-jujuy-se-reunira-este-martes-con-temas-centrales-en-su-temario\\\/#primaryimage\"},\"thumbnailUrl\":\"https:\\\/\\\/www.muyjujuy.com\\\/wp-content\\\/uploads\\\/2025\\\/05\\\/legislatura.jpg\",\"datePublished\":\"2025-05-26T14:42:32+00:00\",\"breadcrumb\":{\"@id\":\"https:\\\/\\\/www.muyjujuy.com\\\/index.php\\\/2025\\\/05\\\/26\\\/la-legislatura-de-jujuy-se-reunira-este-martes-con-temas-centrales-en-su-temario\\\/#breadcrumb\"},\"inLanguage\":\"es-AR\",\"potentialAction\":[{\"@type\":\"ReadAction\",\"target\":[\"https:\\\/\\\/www.muyjujuy.com\\\/index.php\\\/2025\\\/05\\\/26\\\/la-legislatura-de-jujuy-se-reunira-este-martes-con-temas-centrales-en-su-temario\\\/\"]}]},{\"@type\":\"ImageObject\",\"inLanguage\":\"es-AR\",\"@id\":\"https:\\\/\\\/www.muyjujuy.com\\\/index.php\\\/2025\\\/05\\\/26\\\/la-legislatura-de-jujuy-se-reunira-este-martes-con-temas-centrales-en-su-temario\\\/#primaryimage\",\"url\":\"https:\\\/\\\/www.muyjujuy.com\\\/wp-content\\\/uploads\\\/2025\\\/05\\\/legislatura.jpg\",\"contentUrl\":\"https:\\\/\\\/www.muyjujuy.com\\\/wp-content\\\/uploads\\\/2025\\\/05\\\/legislatura.jpg\",\"width\":801,\"height\":514},{\"@type\":\"BreadcrumbList\",\"@id\":\"https:\\\/\\\/www.muyjujuy.com\\\/index.php\\\/2025\\\/05\\\/26\\\/la-legislatura-de-jujuy-se-reunira-este-martes-con-temas-centrales-en-su-temario\\\/#breadcrumb\",\"itemListElement\":[{\"@type\":\"ListItem\",\"position\":1,\"name\":\"Inicio\",\"item\":\"https:\\\/\\\/www.muyjujuy.com\\\/\"},{\"@type\":\"ListItem\",\"position\":2,\"name\":\"La Legislatura de Jujuy se reunir\u00e1 este martes con temas centrales en su temario\"}]},{\"@type\":\"WebSite\",\"@id\":\"https:\\\/\\\/www.muyjujuy.com\\\/#website\",\"url\":\"https:\\\/\\\/www.muyjujuy.com\\\/\",\"name\":\"Muy Jujuy\",\"description\":\"\",\"publisher\":{\"@id\":\"https:\\\/\\\/www.muyjujuy.com\\\/#organization\"},\"potentialAction\":[{\"@type\":\"SearchAction\",\"target\":{\"@type\":\"EntryPoint\",\"urlTemplate\":\"https:\\\/\\\/www.muyjujuy.com\\\/?s={search_term_string}\"},\"query-input\":{\"@type\":\"PropertyValueSpecification\",\"valueRequired\":true,\"valueName\":\"search_term_string\"}}],\"inLanguage\":\"es-AR\"},{\"@type\":\"Organization\",\"@id\":\"https:\\\/\\\/www.muyjujuy.com\\\/#organization\",\"name\":\"Muy Jujuy\",\"url\":\"https:\\\/\\\/www.muyjujuy.com\\\/\",\"logo\":{\"@type\":\"ImageObject\",\"inLanguage\":\"es-AR\",\"@id\":\"https:\\\/\\\/www.muyjujuy.com\\\/#\\\/schema\\\/logo\\\/image\\\/\",\"url\":\"http:\\\/\\\/www.muyjujuy.com\\\/wp-content\\\/uploads\\\/2022\\\/05\\\/logo-mobil-jujuy.png\",\"contentUrl\":\"http:\\\/\\\/www.muyjujuy.com\\\/wp-content\\\/uploads\\\/2022\\\/05\\\/logo-mobil-jujuy.png\",\"width\":174,\"height\":81,\"caption\":\"Muy Jujuy\"},\"image\":{\"@id\":\"https:\\\/\\\/www.muyjujuy.com\\\/#\\\/schema\\\/logo\\\/image\\\/\"},\"sameAs\":[\"https:\\\/\\\/www.facebook.com\\\/muyjujuycom\",\"https:\\\/\\\/x.com\\\/muyjujuy\",\"https:\\\/\\\/www.instagram.com\\\/muyjujuycom\"]},{\"@type\":\"Person\",\"@id\":\"https:\\\/\\\/www.muyjujuy.com\\\/#\\\/schema\\\/person\\\/a3b63db1f387ec4149299954904c5bf0\",\"name\":\"admin\",\"image\":{\"@type\":\"ImageObject\",\"inLanguage\":\"es-AR\",\"@id\":\"https:\\\/\\\/secure.gravatar.com\\\/avatar\\\/b6e63d8d3a73633362405a0ad27e9c28391755813b59886f19a99d6cef8a03fc?s=96&d=mm&r=g\",\"url\":\"https:\\\/\\\/secure.gravatar.com\\\/avatar\\\/b6e63d8d3a73633362405a0ad27e9c28391755813b59886f19a99d6cef8a03fc?s=96&d=mm&r=g\",\"contentUrl\":\"https:\\\/\\\/secure.gravatar.com\\\/avatar\\\/b6e63d8d3a73633362405a0ad27e9c28391755813b59886f19a99d6cef8a03fc?s=96&d=mm&r=g\",\"caption\":\"admin\"},\"url\":\"https:\\\/\\\/www.muyjujuy.com\\\/index.php\\\/author\\\/soyeleditor\\\/\"}]}<\/script>\n<!-- \/ Yoast SEO plugin. -->","yoast_head_json":{"title":"La Legislatura de Jujuy se reunir\u00e1 este martes con temas centrales en su temario - Muy Jujuy","robots":{"index":"index","follow":"follow","max-snippet":"max-snippet:-1","max-image-preview":"max-image-preview:large","max-video-preview":"max-video-preview:-1"},"canonical":"https:\/\/www.muyjujuy.com\/index.php\/2025\/05\/26\/la-legislatura-de-jujuy-se-reunira-este-martes-con-temas-centrales-en-su-temario\/","og_locale":"es_ES","og_type":"article","og_title":"La Legislatura de Jujuy se reunir\u00e1 este martes con temas centrales en su temario - Muy Jujuy","og_description":"Ser\u00e1 la cuarta sesi\u00f3n ordinaria del ciclo legislativo y se espera que se aborden propuestas de relevancia impulsadas por el Poder Ejecutivo. Tras un per\u00edodo signado por la actividad electoral en diversas regiones de la provincia, la actividad parlamentaria retoma su curso habitual y la Legislatura juje\u00f1a sesionar\u00e1 este martes 27 de mayo a partir [&hellip;]","og_url":"https:\/\/www.muyjujuy.com\/index.php\/2025\/05\/26\/la-legislatura-de-jujuy-se-reunira-este-martes-con-temas-centrales-en-su-temario\/","og_site_name":"Muy Jujuy","article_publisher":"https:\/\/www.facebook.com\/muyjujuycom","article_published_time":"2025-05-26T14:42:32+00:00","author":"admin","twitter_card":"summary_large_image","twitter_creator":"@muyjujuy","twitter_site":"@muyjujuy","twitter_misc":{"Escrito por":"admin","Tiempo de lectura":"1 minuto"},"schema":{"@context":"https:\/\/schema.org","@graph":[{"@type":"Article","@id":"https:\/\/www.muyjujuy.com\/index.php\/2025\/05\/26\/la-legislatura-de-jujuy-se-reunira-este-martes-con-temas-centrales-en-su-temario\/#article","isPartOf":{"@id":"https:\/\/www.muyjujuy.com\/index.php\/2025\/05\/26\/la-legislatura-de-jujuy-se-reunira-este-martes-con-temas-centrales-en-su-temario\/"},"author":{"name":"admin","@id":"https:\/\/www.muyjujuy.com\/#\/schema\/person\/a3b63db1f387ec4149299954904c5bf0"},"headline":"La Legislatura de Jujuy se reunir\u00e1 este martes con temas centrales en su temario","datePublished":"2025-05-26T14:42:32+00:00","mainEntityOfPage":{"@id":"https:\/\/www.muyjujuy.com\/index.php\/2025\/05\/26\/la-legislatura-de-jujuy-se-reunira-este-martes-con-temas-centrales-en-su-temario\/"},"wordCount":263,"commentCount":0,"publisher":{"@id":"https:\/\/www.muyjujuy.com\/#organization"},"image":{"@id":"https:\/\/www.muyjujuy.com\/index.php\/2025\/05\/26\/la-legislatura-de-jujuy-se-reunira-este-martes-con-temas-centrales-en-su-temario\/#primaryimage"},"thumbnailUrl":"https:\/\/www.muyjujuy.com\/wp-content\/uploads\/2025\/05\/legislatura.jpg","articleSection":["JUJUY","Pol\u00edtica"],"inLanguage":"es-AR","potentialAction":[{"@type":"CommentAction","name":"Comment","target":["https:\/\/www.muyjujuy.com\/index.php\/2025\/05\/26\/la-legislatura-de-jujuy-se-reunira-este-martes-con-temas-centrales-en-su-temario\/#respond"]}]},{"@type":"WebPage","@id":"https:\/\/www.muyjujuy.com\/index.php\/2025\/05\/26\/la-legislatura-de-jujuy-se-reunira-este-martes-con-temas-centrales-en-su-temario\/","url":"https:\/\/www.muyjujuy.com\/index.php\/2025\/05\/26\/la-legislatura-de-jujuy-se-reunira-este-martes-con-temas-centrales-en-su-temario\/","name":"La Legislatura de Jujuy se reunir\u00e1 este martes con temas centrales en su temario - Muy Jujuy","isPartOf":{"@id":"https:\/\/www.muyjujuy.com\/#website"},"primaryImageOfPage":{"@id":"https:\/\/www.muyjujuy.com\/index.php\/2025\/05\/26\/la-legislatura-de-jujuy-se-reunira-este-martes-con-temas-centrales-en-su-temario\/#primaryimage"},"image":{"@id":"https:\/\/www.muyjujuy.com\/index.php\/2025\/05\/26\/la-legislatura-de-jujuy-se-reunira-este-martes-con-temas-centrales-en-su-temario\/#primaryimage"},"thumbnailUrl":"https:\/\/www.muyjujuy.com\/wp-content\/uploads\/2025\/05\/legislatura.jpg","datePublished":"2025-05-26T14:42:32+00:00","breadcrumb":{"@id":"https:\/\/www.muyjujuy.com\/index.php\/2025\/05\/26\/la-legislatura-de-jujuy-se-reunira-este-martes-con-temas-centrales-en-su-temario\/#breadcrumb"},"inLanguage":"es-AR","potentialAction":[{"@type":"ReadAction","target":["https:\/\/www.muyjujuy.com\/index.php\/2025\/05\/26\/la-legislatura-de-jujuy-se-reunira-este-martes-con-temas-centrales-en-su-temario\/"]}]},{"@type":"ImageObject","inLanguage":"es-AR","@id":"https:\/\/www.muyjujuy.com\/index.php\/2025\/05\/26\/la-legislatura-de-jujuy-se-reunira-este-martes-con-temas-centrales-en-su-temario\/#primaryimage","url":"https:\/\/www.muyjujuy.com\/wp-content\/uploads\/2025\/05\/legislatura.jpg","contentUrl":"https:\/\/www.muyjujuy.com\/wp-content\/uploads\/2025\/05\/legislatura.jpg","width":801,"height":514},{"@type":"BreadcrumbList","@id":"https:\/\/www.muyjujuy.com\/index.php\/2025\/05\/26\/la-legislatura-de-jujuy-se-reunira-este-martes-con-temas-centrales-en-su-temario\/#breadcrumb","itemListElement":[{"@type":"ListItem","position":1,"name":"Inicio","item":"https:\/\/www.muyjujuy.com\/"},{"@type":"ListItem","position":2,"name":"La Legislatura de Jujuy se reunir\u00e1 este martes con temas centrales en su temario"}]},{"@type":"WebSite","@id":"https:\/\/www.muyjujuy.com\/#website","url":"https:\/\/www.muyjujuy.com\/","name":"Muy Jujuy","description":"","publisher":{"@id":"https:\/\/www.muyjujuy.com\/#organization"},"potentialAction":[{"@type":"SearchAction","target":{"@type":"EntryPoint","urlTemplate":"https:\/\/www.muyjujuy.com\/?s={search_term_string}"},"query-input":{"@type":"PropertyValueSpecification","valueRequired":true,"valueName":"search_term_string"}}],"inLanguage":"es-AR"},{"@type":"Organization","@id":"https:\/\/www.muyjujuy.com\/#organization","name":"Muy Jujuy","url":"https:\/\/www.muyjujuy.com\/","logo":{"@type":"ImageObject","inLanguage":"es-AR","@id":"https:\/\/www.muyjujuy.com\/#\/schema\/logo\/image\/","url":"http:\/\/www.muyjujuy.com\/wp-content\/uploads\/2022\/05\/logo-mobil-jujuy.png","contentUrl":"http:\/\/www.muyjujuy.com\/wp-content\/uploads\/2022\/05\/logo-mobil-jujuy.png","width":174,"height":81,"caption":"Muy Jujuy"},"image":{"@id":"https:\/\/www.muyjujuy.com\/#\/schema\/logo\/image\/"},"sameAs":["https:\/\/www.facebook.com\/muyjujuycom","https:\/\/x.com\/muyjujuy","https:\/\/www.instagram.com\/muyjujuycom"]},{"@type":"Person","@id":"https:\/\/www.muyjujuy.com\/#\/schema\/person\/a3b63db1f387ec4149299954904c5bf0","name":"admin","image":{"@type":"ImageObject","inLanguage":"es-AR","@id":"https:\/\/secure.gravatar.com\/avatar\/b6e63d8d3a73633362405a0ad27e9c28391755813b59886f19a99d6cef8a03fc?s=96&d=mm&r=g","url":"https:\/\/secure.gravatar.com\/avatar\/b6e63d8d3a73633362405a0ad27e9c28391755813b59886f19a99d6cef8a03fc?s=96&d=mm&r=g","contentUrl":"https:\/\/secure.gravatar.com\/avatar\/b6e63d8d3a73633362405a0ad27e9c28391755813b59886f19a99d6cef8a03fc?s=96&d=mm&r=g","caption":"admin"},"url":"https:\/\/www.muyjujuy.com\/index.php\/author\/soyeleditor\/"}]}},"_links":{"self":[{"href":"https:\/\/www.muyjujuy.com\/index.php\/wp-json\/wp\/v2\/posts\/2447","targetHints":{"allow":["GET"]}}],"collection":[{"href":"https:\/\/www.muyjujuy.com\/index.php\/wp-json\/wp\/v2\/posts"}],"about":[{"href":"https:\/\/www.muyjujuy.com\/index.php\/wp-json\/wp\/v2\/types\/post"}],"author":[{"embeddable":true,"href":"https:\/\/www.muyjujuy.com\/index.php\/wp-json\/wp\/v2\/users\/1"}],"replies":[{"embeddable":true,"href":"https:\/\/www.muyjujuy.com\/index.php\/wp-json\/wp\/v2\/comments?post=2447"}],"version-history":[{"count":1,"href":"https:\/\/www.muyjujuy.com\/index.php\/wp-json\/wp\/v2\/posts\/2447\/revisions"}],"predecessor-version":[{"id":2449,"href":"https:\/\/www.muyjujuy.com\/index.php\/wp-json\/wp\/v2\/posts\/2447\/revisions\/2449"}],"wp:featuredmedia":[{"embeddable":true,"href":"https:\/\/www.muyjujuy.com\/index.php\/wp-json\/wp\/v2\/media\/2448"}],"wp:attachment":[{"href":"https:\/\/www.muyjujuy.com\/index.php\/wp-json\/wp\/v2\/media?parent=2447"}],"wp:term":[{"taxonomy":"category","embeddable":true,"href":"https:\/\/www.muyjujuy.com\/index.php\/wp-json\/wp\/v2\/categories?post=2447"},{"taxonomy":"post_tag","embeddable":true,"href":"https:\/\/www.muyjujuy.com\/index.php\/wp-json\/wp\/v2\/tags?post=2447"}],"curies":[{"name":"wp","href":"https:\/\/api.w.org\/{rel}","templated":true}]}}