{"id":2450,"date":"2025-05-26T11:48:49","date_gmt":"2025-05-26T14:48:49","guid":{"rendered":"https:\/\/www.muyjujuy.com\/?p=2450"},"modified":"2025-05-26T11:48:49","modified_gmt":"2025-05-26T14:48:49","slug":"desesperada-busqueda-de-una-mujer-desaparecida-el-sabado-en-fraile-pintado","status":"publish","type":"post","link":"https:\/\/www.muyjujuy.com\/index.php\/2025\/05\/26\/desesperada-busqueda-de-una-mujer-desaparecida-el-sabado-en-fraile-pintado\/","title":{"rendered":"Desesperada b\u00fasqueda de una mujer desaparecida el s\u00e1bado en Fraile Pintado"},"content":{"rendered":"\n<p>Se trata de <strong>Tamara Soledad Fierro<\/strong>, de 29 a\u00f1os. Sus <strong>familiares y amigos<\/strong> se congregaron en la <strong>Seccional 40<\/strong> para exigir informaci\u00f3n sobre su paradero.<\/p>\n\n\n\n<p>Una mujer de 29 a\u00f1os, identificada como <strong>Tamara Soledad Fierro<\/strong> y residente en la localidad de <strong>Fraile Pintado<\/strong>, permanece <strong>desaparecida desde el s\u00e1bado 24 de mayo<\/strong>, fecha en la que se perdi\u00f3 contacto con ella.<\/p>\n\n\n\n<p>Tamara tiene una <strong>contextura f\u00edsica robusta<\/strong>, mide aproximadamente <strong>1,72 metros<\/strong>, posee <strong>piel clara<\/strong>, cabello <strong>ondulado y de tono claro<\/strong>, adem\u00e1s de <strong>ojos claros<\/strong>. Presenta <strong>tatuajes visibles en uno de sus brazos y en la nuca<\/strong>.<\/p>\n\n\n\n<p>Al momento de su desaparici\u00f3n, vest\u00eda un <strong>pantal\u00f3n jeans de color celeste oscuro<\/strong>, un <strong>buzo beige<\/strong> y <strong>zapatillas blancas<\/strong>.<\/p>\n\n\n\n<p>Quienes puedan brindar informaci\u00f3n \u00fatil para localizarla, se les solicita comunicarse a la l\u00ednea <strong>911<\/strong>, a los tel\u00e9fonos <strong>388-6860239<\/strong> o <strong>388-6828607<\/strong>, o acercarse a la <strong>comisar\u00eda m\u00e1s pr\u00f3xima<\/strong>.<\/p>\n\n\n\n<p>Durante la ma\u00f1ana del lunes, <strong>allegados y amigos<\/strong> de Tamara se reunieron en la <strong>Seccional 40<\/strong> para exigir su aparici\u00f3n. La familia se\u00f1ala a un <strong>hombre con quien habr\u00eda consumido bebidas alcoh\u00f3licas en su domicilio en las horas previas a su desaparici\u00f3n<\/strong>.<\/p>\n","protected":false},"excerpt":{"rendered":"<p>Se trata de Tamara Soledad Fierro, de 29 a\u00f1os. Sus familiares y amigos se congregaron en la Seccional 40 para exigir informaci\u00f3n sobre su paradero. Una mujer de 29 a\u00f1os, identificada como Tamara Soledad Fierro y residente en la localidad de Fraile Pintado, permanece desaparecida desde el s\u00e1bado 24 de mayo, fecha en la que [&hellip;]<\/p>\n","protected":false},"author":1,"featured_media":2451,"comment_status":"open","ping_status":"open","sticky":false,"template":"","format":"standard","meta":{"footnotes":""},"categories":[863,27],"tags":[],"class_list":{"0":"post-2450","1":"post","2":"type-post","3":"status-publish","4":"format-standard","5":"has-post-thumbnail","7":"category-jujuy","8":"category-seguridad"},"yoast_head":"<!-- This site is optimized with the Yoast SEO plugin v27.5 - https:\/\/yoast.com\/product\/yoast-seo-wordpress\/ -->\n<title>Desesperada b\u00fasqueda de una mujer desaparecida el s\u00e1bado en Fraile Pintado - Muy Jujuy<\/title>\n<meta name=\"robots\" content=\"index, follow, max-snippet:-1, max-image-preview:large, max-video-preview:-1\" \/>\n<link rel=\"canonical\" href=\"https:\/\/www.muyjujuy.com\/index.php\/2025\/05\/26\/desesperada-busqueda-de-una-mujer-desaparecida-el-sabado-en-fraile-pintado\/\" \/>\n<meta property=\"og:locale\" content=\"es_ES\" \/>\n<meta property=\"og:type\" content=\"article\" \/>\n<meta property=\"og:title\" content=\"Desesperada b\u00fasqueda de una mujer desaparecida el s\u00e1bado en Fraile Pintado - Muy Jujuy\" \/>\n<meta property=\"og:description\" content=\"Se trata de Tamara Soledad Fierro, de 29 a\u00f1os. Sus familiares y amigos se congregaron en la Seccional 40 para exigir informaci\u00f3n sobre su paradero. Una mujer de 29 a\u00f1os, identificada como Tamara Soledad Fierro y residente en la localidad de Fraile Pintado, permanece desaparecida desde el s\u00e1bado 24 de mayo, fecha en la que [&hellip;]\" \/>\n<meta property=\"og:url\" content=\"https:\/\/www.muyjujuy.com\/index.php\/2025\/05\/26\/desesperada-busqueda-de-una-mujer-desaparecida-el-sabado-en-fraile-pintado\/\" \/>\n<meta property=\"og:site_name\" content=\"Muy Jujuy\" \/>\n<meta property=\"article:publisher\" content=\"https:\/\/www.facebook.com\/muyjujuycom\" \/>\n<meta property=\"article:published_time\" content=\"2025-05-26T14:48:49+00:00\" \/>\n<meta name=\"author\" content=\"admin\" \/>\n<meta name=\"twitter:card\" content=\"summary_large_image\" \/>\n<meta name=\"twitter:creator\" content=\"@muyjujuy\" \/>\n<meta name=\"twitter:site\" content=\"@muyjujuy\" \/>\n<meta name=\"twitter:label1\" content=\"Escrito por\" \/>\n\t<meta name=\"twitter:data1\" content=\"admin\" \/>\n\t<meta name=\"twitter:label2\" content=\"Tiempo de lectura\" \/>\n\t<meta name=\"twitter:data2\" content=\"1 minuto\" \/>\n<script type=\"application\/ld+json\" class=\"yoast-schema-graph\">{\"@context\":\"https:\\\/\\\/schema.org\",\"@graph\":[{\"@type\":\"Article\",\"@id\":\"https:\\\/\\\/www.muyjujuy.com\\\/index.php\\\/2025\\\/05\\\/26\\\/desesperada-busqueda-de-una-mujer-desaparecida-el-sabado-en-fraile-pintado\\\/#article\",\"isPartOf\":{\"@id\":\"https:\\\/\\\/www.muyjujuy.com\\\/index.php\\\/2025\\\/05\\\/26\\\/desesperada-busqueda-de-una-mujer-desaparecida-el-sabado-en-fraile-pintado\\\/\"},\"author\":{\"name\":\"admin\",\"@id\":\"https:\\\/\\\/www.muyjujuy.com\\\/#\\\/schema\\\/person\\\/a3b63db1f387ec4149299954904c5bf0\"},\"headline\":\"Desesperada b\u00fasqueda de una mujer desaparecida el s\u00e1bado en Fraile Pintado\",\"datePublished\":\"2025-05-26T14:48:49+00:00\",\"mainEntityOfPage\":{\"@id\":\"https:\\\/\\\/www.muyjujuy.com\\\/index.php\\\/2025\\\/05\\\/26\\\/desesperada-busqueda-de-una-mujer-desaparecida-el-sabado-en-fraile-pintado\\\/\"},\"wordCount\":211,\"commentCount\":0,\"publisher\":{\"@id\":\"https:\\\/\\\/www.muyjujuy.com\\\/#organization\"},\"image\":{\"@id\":\"https:\\\/\\\/www.muyjujuy.com\\\/index.php\\\/2025\\\/05\\\/26\\\/desesperada-busqueda-de-una-mujer-desaparecida-el-sabado-en-fraile-pintado\\\/#primaryimage\"},\"thumbnailUrl\":\"https:\\\/\\\/www.muyjujuy.com\\\/wp-content\\\/uploads\\\/2025\\\/05\\\/chica.jpg\",\"articleSection\":[\"JUJUY\",\"Seguridad\"],\"inLanguage\":\"es-AR\",\"potentialAction\":[{\"@type\":\"CommentAction\",\"name\":\"Comment\",\"target\":[\"https:\\\/\\\/www.muyjujuy.com\\\/index.php\\\/2025\\\/05\\\/26\\\/desesperada-busqueda-de-una-mujer-desaparecida-el-sabado-en-fraile-pintado\\\/#respond\"]}]},{\"@type\":\"WebPage\",\"@id\":\"https:\\\/\\\/www.muyjujuy.com\\\/index.php\\\/2025\\\/05\\\/26\\\/desesperada-busqueda-de-una-mujer-desaparecida-el-sabado-en-fraile-pintado\\\/\",\"url\":\"https:\\\/\\\/www.muyjujuy.com\\\/index.php\\\/2025\\\/05\\\/26\\\/desesperada-busqueda-de-una-mujer-desaparecida-el-sabado-en-fraile-pintado\\\/\",\"name\":\"Desesperada b\u00fasqueda de una mujer desaparecida el s\u00e1bado en Fraile Pintado - Muy Jujuy\",\"isPartOf\":{\"@id\":\"https:\\\/\\\/www.muyjujuy.com\\\/#website\"},\"primaryImageOfPage\":{\"@id\":\"https:\\\/\\\/www.muyjujuy.com\\\/index.php\\\/2025\\\/05\\\/26\\\/desesperada-busqueda-de-una-mujer-desaparecida-el-sabado-en-fraile-pintado\\\/#primaryimage\"},\"image\":{\"@id\":\"https:\\\/\\\/www.muyjujuy.com\\\/index.php\\\/2025\\\/05\\\/26\\\/desesperada-busqueda-de-una-mujer-desaparecida-el-sabado-en-fraile-pintado\\\/#primaryimage\"},\"thumbnailUrl\":\"https:\\\/\\\/www.muyjujuy.com\\\/wp-content\\\/uploads\\\/2025\\\/05\\\/chica.jpg\",\"datePublished\":\"2025-05-26T14:48:49+00:00\",\"breadcrumb\":{\"@id\":\"https:\\\/\\\/www.muyjujuy.com\\\/index.php\\\/2025\\\/05\\\/26\\\/desesperada-busqueda-de-una-mujer-desaparecida-el-sabado-en-fraile-pintado\\\/#breadcrumb\"},\"inLanguage\":\"es-AR\",\"potentialAction\":[{\"@type\":\"ReadAction\",\"target\":[\"https:\\\/\\\/www.muyjujuy.com\\\/index.php\\\/2025\\\/05\\\/26\\\/desesperada-busqueda-de-una-mujer-desaparecida-el-sabado-en-fraile-pintado\\\/\"]}]},{\"@type\":\"ImageObject\",\"inLanguage\":\"es-AR\",\"@id\":\"https:\\\/\\\/www.muyjujuy.com\\\/index.php\\\/2025\\\/05\\\/26\\\/desesperada-busqueda-de-una-mujer-desaparecida-el-sabado-en-fraile-pintado\\\/#primaryimage\",\"url\":\"https:\\\/\\\/www.muyjujuy.com\\\/wp-content\\\/uploads\\\/2025\\\/05\\\/chica.jpg\",\"contentUrl\":\"https:\\\/\\\/www.muyjujuy.com\\\/wp-content\\\/uploads\\\/2025\\\/05\\\/chica.jpg\",\"width\":558,\"height\":539},{\"@type\":\"BreadcrumbList\",\"@id\":\"https:\\\/\\\/www.muyjujuy.com\\\/index.php\\\/2025\\\/05\\\/26\\\/desesperada-busqueda-de-una-mujer-desaparecida-el-sabado-en-fraile-pintado\\\/#breadcrumb\",\"itemListElement\":[{\"@type\":\"ListItem\",\"position\":1,\"name\":\"Inicio\",\"item\":\"https:\\\/\\\/www.muyjujuy.com\\\/\"},{\"@type\":\"ListItem\",\"position\":2,\"name\":\"Desesperada b\u00fasqueda de una mujer desaparecida el s\u00e1bado en Fraile Pintado\"}]},{\"@type\":\"WebSite\",\"@id\":\"https:\\\/\\\/www.muyjujuy.com\\\/#website\",\"url\":\"https:\\\/\\\/www.muyjujuy.com\\\/\",\"name\":\"Muy Jujuy\",\"description\":\"\",\"publisher\":{\"@id\":\"https:\\\/\\\/www.muyjujuy.com\\\/#organization\"},\"potentialAction\":[{\"@type\":\"SearchAction\",\"target\":{\"@type\":\"EntryPoint\",\"urlTemplate\":\"https:\\\/\\\/www.muyjujuy.com\\\/?s={search_term_string}\"},\"query-input\":{\"@type\":\"PropertyValueSpecification\",\"valueRequired\":true,\"valueName\":\"search_term_string\"}}],\"inLanguage\":\"es-AR\"},{\"@type\":\"Organization\",\"@id\":\"https:\\\/\\\/www.muyjujuy.com\\\/#organization\",\"name\":\"Muy Jujuy\",\"url\":\"https:\\\/\\\/www.muyjujuy.com\\\/\",\"logo\":{\"@type\":\"ImageObject\",\"inLanguage\":\"es-AR\",\"@id\":\"https:\\\/\\\/www.muyjujuy.com\\\/#\\\/schema\\\/logo\\\/image\\\/\",\"url\":\"http:\\\/\\\/www.muyjujuy.com\\\/wp-content\\\/uploads\\\/2022\\\/05\\\/logo-mobil-jujuy.png\",\"contentUrl\":\"http:\\\/\\\/www.muyjujuy.com\\\/wp-content\\\/uploads\\\/2022\\\/05\\\/logo-mobil-jujuy.png\",\"width\":174,\"height\":81,\"caption\":\"Muy Jujuy\"},\"image\":{\"@id\":\"https:\\\/\\\/www.muyjujuy.com\\\/#\\\/schema\\\/logo\\\/image\\\/\"},\"sameAs\":[\"https:\\\/\\\/www.facebook.com\\\/muyjujuycom\",\"https:\\\/\\\/x.com\\\/muyjujuy\",\"https:\\\/\\\/www.instagram.com\\\/muyjujuycom\"]},{\"@type\":\"Person\",\"@id\":\"https:\\\/\\\/www.muyjujuy.com\\\/#\\\/schema\\\/person\\\/a3b63db1f387ec4149299954904c5bf0\",\"name\":\"admin\",\"image\":{\"@type\":\"ImageObject\",\"inLanguage\":\"es-AR\",\"@id\":\"https:\\\/\\\/secure.gravatar.com\\\/avatar\\\/b6e63d8d3a73633362405a0ad27e9c28391755813b59886f19a99d6cef8a03fc?s=96&d=mm&r=g\",\"url\":\"https:\\\/\\\/secure.gravatar.com\\\/avatar\\\/b6e63d8d3a73633362405a0ad27e9c28391755813b59886f19a99d6cef8a03fc?s=96&d=mm&r=g\",\"contentUrl\":\"https:\\\/\\\/secure.gravatar.com\\\/avatar\\\/b6e63d8d3a73633362405a0ad27e9c28391755813b59886f19a99d6cef8a03fc?s=96&d=mm&r=g\",\"caption\":\"admin\"},\"url\":\"https:\\\/\\\/www.muyjujuy.com\\\/index.php\\\/author\\\/soyeleditor\\\/\"}]}<\/script>\n<!-- \/ Yoast SEO plugin. -->","yoast_head_json":{"title":"Desesperada b\u00fasqueda de una mujer desaparecida el s\u00e1bado en Fraile Pintado - Muy Jujuy","robots":{"index":"index","follow":"follow","max-snippet":"max-snippet:-1","max-image-preview":"max-image-preview:large","max-video-preview":"max-video-preview:-1"},"canonical":"https:\/\/www.muyjujuy.com\/index.php\/2025\/05\/26\/desesperada-busqueda-de-una-mujer-desaparecida-el-sabado-en-fraile-pintado\/","og_locale":"es_ES","og_type":"article","og_title":"Desesperada b\u00fasqueda de una mujer desaparecida el s\u00e1bado en Fraile Pintado - Muy Jujuy","og_description":"Se trata de Tamara Soledad Fierro, de 29 a\u00f1os. Sus familiares y amigos se congregaron en la Seccional 40 para exigir informaci\u00f3n sobre su paradero. Una mujer de 29 a\u00f1os, identificada como Tamara Soledad Fierro y residente en la localidad de Fraile Pintado, permanece desaparecida desde el s\u00e1bado 24 de mayo, fecha en la que [&hellip;]","og_url":"https:\/\/www.muyjujuy.com\/index.php\/2025\/05\/26\/desesperada-busqueda-de-una-mujer-desaparecida-el-sabado-en-fraile-pintado\/","og_site_name":"Muy Jujuy","article_publisher":"https:\/\/www.facebook.com\/muyjujuycom","article_published_time":"2025-05-26T14:48:49+00:00","author":"admin","twitter_card":"summary_large_image","twitter_creator":"@muyjujuy","twitter_site":"@muyjujuy","twitter_misc":{"Escrito por":"admin","Tiempo de lectura":"1 minuto"},"schema":{"@context":"https:\/\/schema.org","@graph":[{"@type":"Article","@id":"https:\/\/www.muyjujuy.com\/index.php\/2025\/05\/26\/desesperada-busqueda-de-una-mujer-desaparecida-el-sabado-en-fraile-pintado\/#article","isPartOf":{"@id":"https:\/\/www.muyjujuy.com\/index.php\/2025\/05\/26\/desesperada-busqueda-de-una-mujer-desaparecida-el-sabado-en-fraile-pintado\/"},"author":{"name":"admin","@id":"https:\/\/www.muyjujuy.com\/#\/schema\/person\/a3b63db1f387ec4149299954904c5bf0"},"headline":"Desesperada b\u00fasqueda de una mujer desaparecida el s\u00e1bado en Fraile Pintado","datePublished":"2025-05-26T14:48:49+00:00","mainEntityOfPage":{"@id":"https:\/\/www.muyjujuy.com\/index.php\/2025\/05\/26\/desesperada-busqueda-de-una-mujer-desaparecida-el-sabado-en-fraile-pintado\/"},"wordCount":211,"commentCount":0,"publisher":{"@id":"https:\/\/www.muyjujuy.com\/#organization"},"image":{"@id":"https:\/\/www.muyjujuy.com\/index.php\/2025\/05\/26\/desesperada-busqueda-de-una-mujer-desaparecida-el-sabado-en-fraile-pintado\/#primaryimage"},"thumbnailUrl":"https:\/\/www.muyjujuy.com\/wp-content\/uploads\/2025\/05\/chica.jpg","articleSection":["JUJUY","Seguridad"],"inLanguage":"es-AR","potentialAction":[{"@type":"CommentAction","name":"Comment","target":["https:\/\/www.muyjujuy.com\/index.php\/2025\/05\/26\/desesperada-busqueda-de-una-mujer-desaparecida-el-sabado-en-fraile-pintado\/#respond"]}]},{"@type":"WebPage","@id":"https:\/\/www.muyjujuy.com\/index.php\/2025\/05\/26\/desesperada-busqueda-de-una-mujer-desaparecida-el-sabado-en-fraile-pintado\/","url":"https:\/\/www.muyjujuy.com\/index.php\/2025\/05\/26\/desesperada-busqueda-de-una-mujer-desaparecida-el-sabado-en-fraile-pintado\/","name":"Desesperada b\u00fasqueda de una mujer desaparecida el s\u00e1bado en Fraile Pintado - Muy Jujuy","isPartOf":{"@id":"https:\/\/www.muyjujuy.com\/#website"},"primaryImageOfPage":{"@id":"https:\/\/www.muyjujuy.com\/index.php\/2025\/05\/26\/desesperada-busqueda-de-una-mujer-desaparecida-el-sabado-en-fraile-pintado\/#primaryimage"},"image":{"@id":"https:\/\/www.muyjujuy.com\/index.php\/2025\/05\/26\/desesperada-busqueda-de-una-mujer-desaparecida-el-sabado-en-fraile-pintado\/#primaryimage"},"thumbnailUrl":"https:\/\/www.muyjujuy.com\/wp-content\/uploads\/2025\/05\/chica.jpg","datePublished":"2025-05-26T14:48:49+00:00","breadcrumb":{"@id":"https:\/\/www.muyjujuy.com\/index.php\/2025\/05\/26\/desesperada-busqueda-de-una-mujer-desaparecida-el-sabado-en-fraile-pintado\/#breadcrumb"},"inLanguage":"es-AR","potentialAction":[{"@type":"ReadAction","target":["https:\/\/www.muyjujuy.com\/index.php\/2025\/05\/26\/desesperada-busqueda-de-una-mujer-desaparecida-el-sabado-en-fraile-pintado\/"]}]},{"@type":"ImageObject","inLanguage":"es-AR","@id":"https:\/\/www.muyjujuy.com\/index.php\/2025\/05\/26\/desesperada-busqueda-de-una-mujer-desaparecida-el-sabado-en-fraile-pintado\/#primaryimage","url":"https:\/\/www.muyjujuy.com\/wp-content\/uploads\/2025\/05\/chica.jpg","contentUrl":"https:\/\/www.muyjujuy.com\/wp-content\/uploads\/2025\/05\/chica.jpg","width":558,"height":539},{"@type":"BreadcrumbList","@id":"https:\/\/www.muyjujuy.com\/index.php\/2025\/05\/26\/desesperada-busqueda-de-una-mujer-desaparecida-el-sabado-en-fraile-pintado\/#breadcrumb","itemListElement":[{"@type":"ListItem","position":1,"name":"Inicio","item":"https:\/\/www.muyjujuy.com\/"},{"@type":"ListItem","position":2,"name":"Desesperada b\u00fasqueda de una mujer desaparecida el s\u00e1bado en Fraile Pintado"}]},{"@type":"WebSite","@id":"https:\/\/www.muyjujuy.com\/#website","url":"https:\/\/www.muyjujuy.com\/","name":"Muy Jujuy","description":"","publisher":{"@id":"https:\/\/www.muyjujuy.com\/#organization"},"potentialAction":[{"@type":"SearchAction","target":{"@type":"EntryPoint","urlTemplate":"https:\/\/www.muyjujuy.com\/?s={search_term_string}"},"query-input":{"@type":"PropertyValueSpecification","valueRequired":true,"valueName":"search_term_string"}}],"inLanguage":"es-AR"},{"@type":"Organization","@id":"https:\/\/www.muyjujuy.com\/#organization","name":"Muy Jujuy","url":"https:\/\/www.muyjujuy.com\/","logo":{"@type":"ImageObject","inLanguage":"es-AR","@id":"https:\/\/www.muyjujuy.com\/#\/schema\/logo\/image\/","url":"http:\/\/www.muyjujuy.com\/wp-content\/uploads\/2022\/05\/logo-mobil-jujuy.png","contentUrl":"http:\/\/www.muyjujuy.com\/wp-content\/uploads\/2022\/05\/logo-mobil-jujuy.png","width":174,"height":81,"caption":"Muy Jujuy"},"image":{"@id":"https:\/\/www.muyjujuy.com\/#\/schema\/logo\/image\/"},"sameAs":["https:\/\/www.facebook.com\/muyjujuycom","https:\/\/x.com\/muyjujuy","https:\/\/www.instagram.com\/muyjujuycom"]},{"@type":"Person","@id":"https:\/\/www.muyjujuy.com\/#\/schema\/person\/a3b63db1f387ec4149299954904c5bf0","name":"admin","image":{"@type":"ImageObject","inLanguage":"es-AR","@id":"https:\/\/secure.gravatar.com\/avatar\/b6e63d8d3a73633362405a0ad27e9c28391755813b59886f19a99d6cef8a03fc?s=96&d=mm&r=g","url":"https:\/\/secure.gravatar.com\/avatar\/b6e63d8d3a73633362405a0ad27e9c28391755813b59886f19a99d6cef8a03fc?s=96&d=mm&r=g","contentUrl":"https:\/\/secure.gravatar.com\/avatar\/b6e63d8d3a73633362405a0ad27e9c28391755813b59886f19a99d6cef8a03fc?s=96&d=mm&r=g","caption":"admin"},"url":"https:\/\/www.muyjujuy.com\/index.php\/author\/soyeleditor\/"}]}},"_links":{"self":[{"href":"https:\/\/www.muyjujuy.com\/index.php\/wp-json\/wp\/v2\/posts\/2450","targetHints":{"allow":["GET"]}}],"collection":[{"href":"https:\/\/www.muyjujuy.com\/index.php\/wp-json\/wp\/v2\/posts"}],"about":[{"href":"https:\/\/www.muyjujuy.com\/index.php\/wp-json\/wp\/v2\/types\/post"}],"author":[{"embeddable":true,"href":"https:\/\/www.muyjujuy.com\/index.php\/wp-json\/wp\/v2\/users\/1"}],"replies":[{"embeddable":true,"href":"https:\/\/www.muyjujuy.com\/index.php\/wp-json\/wp\/v2\/comments?post=2450"}],"version-history":[{"count":1,"href":"https:\/\/www.muyjujuy.com\/index.php\/wp-json\/wp\/v2\/posts\/2450\/revisions"}],"predecessor-version":[{"id":2452,"href":"https:\/\/www.muyjujuy.com\/index.php\/wp-json\/wp\/v2\/posts\/2450\/revisions\/2452"}],"wp:featuredmedia":[{"embeddable":true,"href":"https:\/\/www.muyjujuy.com\/index.php\/wp-json\/wp\/v2\/media\/2451"}],"wp:attachment":[{"href":"https:\/\/www.muyjujuy.com\/index.php\/wp-json\/wp\/v2\/media?parent=2450"}],"wp:term":[{"taxonomy":"category","embeddable":true,"href":"https:\/\/www.muyjujuy.com\/index.php\/wp-json\/wp\/v2\/categories?post=2450"},{"taxonomy":"post_tag","embeddable":true,"href":"https:\/\/www.muyjujuy.com\/index.php\/wp-json\/wp\/v2\/tags?post=2450"}],"curies":[{"name":"wp","href":"https:\/\/api.w.org\/{rel}","templated":true}]}}