{"id":2471,"date":"2025-05-28T12:15:46","date_gmt":"2025-05-28T15:15:46","guid":{"rendered":"https:\/\/www.muyjujuy.com\/?p=2471"},"modified":"2025-05-28T12:15:46","modified_gmt":"2025-05-28T15:15:46","slug":"en-abril-una-familia-jujena-requirio-mas-de-un-millon-de-pesos-para-evitar-la-pobreza","status":"publish","type":"post","link":"https:\/\/www.muyjujuy.com\/index.php\/2025\/05\/28\/en-abril-una-familia-jujena-requirio-mas-de-un-millon-de-pesos-para-evitar-la-pobreza\/","title":{"rendered":"En abril, una familia juje\u00f1a requiri\u00f3 m\u00e1s de un mill\u00f3n de pesos para evitar la pobreza"},"content":{"rendered":"\n<p>El <strong>\u00cdndice Barrial de Precios (IBP)<\/strong>, elaborado por <strong>ISEPCI Jujuy<\/strong>, revel\u00f3 que la <strong>Canasta B\u00e1sica Total<\/strong> super\u00f3 el mill\u00f3n de pesos durante el mes de abril. La <strong>inflaci\u00f3n interanual en productos esenciales<\/strong> supera el 42%.<\/p>\n\n\n\n<p>El \u00faltimo informe del \u00cdndice Barrial de Precios, realizado por el <strong>Instituto de Investigaci\u00f3n Social, Econ\u00f3mica y Pol\u00edtica Ciudadana (ISEPCI)<\/strong> en Jujuy, mostr\u00f3 datos preocupantes para las familias trabajadoras. En abril, el costo de la <strong>Canasta B\u00e1sica Total (CBT)<\/strong> alcanz\u00f3 los <strong>$1.026.087,44<\/strong>, lo que representa un incremento del <strong>0,35%<\/strong> en comparaci\u00f3n con marzo.<\/p>\n\n\n\n<p>El estudio se bas\u00f3 en la recopilaci\u00f3n de datos en <strong>112 comercios de barrio<\/strong> \u2014entre ellos almacenes, carnicer\u00edas y verduler\u00edas\u2014 situados en <strong>15 barrios<\/strong> de San Salvador de Jujuy y Palpal\u00e1, como Alto Comedero, Malvinas, Chijra, Mariano Moreno, Campo Verde y Alto Palpal\u00e1. Este relevamiento permiti\u00f3 determinar el precio real de los productos de consumo diario en sectores populares.<\/p>\n\n\n\n<p>El dato m\u00e1s destacado indica que, en abril, una <strong>familia tipo necesit\u00f3 m\u00e1s de un mill\u00f3n de pesos ($1.026.087,44)<\/strong> para no caer bajo la l\u00ednea de pobreza. Este monto incluye alimentos, transporte, salud, educaci\u00f3n, servicios y otros gastos esenciales.<\/p>\n\n\n\n<p>Por otro lado, la <strong>Canasta B\u00e1sica de Alimentos (CBA)<\/strong>, que define la l\u00ednea de indigencia, se ubic\u00f3 en <strong>$450.038,35<\/strong>, tambi\u00e9n con un aumento mensual del <strong>0,35%<\/strong>, lo que equivale a <strong>$1.585,32<\/strong> m\u00e1s que en marzo.<\/p>\n\n\n\n<p><strong>Incrementos interanuales con fuerte impacto en los hogares<\/strong><\/p>\n\n\n\n<p>En t\u00e9rminos interanuales, los datos resultan a\u00fan m\u00e1s preocupantes. Al comparar abril de 2024 con abril de 2025:<\/p>\n\n\n\n<ul class=\"wp-block-list\">\n<li>La <strong>CBT<\/strong> se increment\u00f3 un <strong>42,64%<\/strong><\/li>\n\n\n\n<li>La <strong>CBA<\/strong> aument\u00f3 un <strong>35,13%<\/strong><\/li>\n<\/ul>\n\n\n\n<p>Esto refleja un importante deterioro del poder adquisitivo en los sectores populares, donde los ingresos no alcanzan a seguir el ritmo inflacionario en los bienes m\u00e1s b\u00e1sicos.<\/p>\n\n\n\n<p>Desde <strong>ISEPCI Jujuy<\/strong> resaltaron que estos estudios barriales son clave para visibilizar la realidad cotidiana de miles de familias que compran en comercios de proximidad y no tienen acceso a precios cuidados ni a grandes supermercados.<\/p>\n\n\n\n<p>\u201cEl monitoreo de precios en los barrios es fundamental para comprender c\u00f3mo la inflaci\u00f3n afecta de manera concreta y desigual. Cuando la <strong>CBT supera el mill\u00f3n de pesos<\/strong>, no estamos hablando de gastos superfluos, sino del m\u00ednimo indispensable para no caer en la pobreza\u201d, advirtieron desde el instituto.<\/p>\n","protected":false},"excerpt":{"rendered":"<p>El \u00cdndice Barrial de Precios (IBP), elaborado por ISEPCI Jujuy, revel\u00f3 que la Canasta B\u00e1sica Total super\u00f3 el mill\u00f3n de pesos durante el mes de abril. La inflaci\u00f3n interanual en productos esenciales supera el 42%. El \u00faltimo informe del \u00cdndice Barrial de Precios, realizado por el Instituto de Investigaci\u00f3n Social, Econ\u00f3mica y Pol\u00edtica Ciudadana (ISEPCI) [&hellip;]<\/p>\n","protected":false},"author":1,"featured_media":2472,"comment_status":"open","ping_status":"open","sticky":false,"template":"","format":"standard","meta":{"footnotes":""},"categories":[863,25],"tags":[],"class_list":{"0":"post-2471","1":"post","2":"type-post","3":"status-publish","4":"format-standard","5":"has-post-thumbnail","7":"category-jujuy","8":"category-sociedad"},"yoast_head":"<!-- This site is optimized with the Yoast SEO plugin v27.5 - https:\/\/yoast.com\/product\/yoast-seo-wordpress\/ -->\n<title>En abril, una familia juje\u00f1a requiri\u00f3 m\u00e1s de un mill\u00f3n de pesos para evitar la pobreza - Muy Jujuy<\/title>\n<meta name=\"robots\" content=\"index, follow, max-snippet:-1, max-image-preview:large, max-video-preview:-1\" \/>\n<link rel=\"canonical\" href=\"https:\/\/www.muyjujuy.com\/index.php\/2025\/05\/28\/en-abril-una-familia-jujena-requirio-mas-de-un-millon-de-pesos-para-evitar-la-pobreza\/\" \/>\n<meta property=\"og:locale\" content=\"es_ES\" \/>\n<meta property=\"og:type\" content=\"article\" \/>\n<meta property=\"og:title\" content=\"En abril, una familia juje\u00f1a requiri\u00f3 m\u00e1s de un mill\u00f3n de pesos para evitar la pobreza - Muy Jujuy\" \/>\n<meta property=\"og:description\" content=\"El \u00cdndice Barrial de Precios (IBP), elaborado por ISEPCI Jujuy, revel\u00f3 que la Canasta B\u00e1sica Total super\u00f3 el mill\u00f3n de pesos durante el mes de abril. La inflaci\u00f3n interanual en productos esenciales supera el 42%. El \u00faltimo informe del \u00cdndice Barrial de Precios, realizado por el Instituto de Investigaci\u00f3n Social, Econ\u00f3mica y Pol\u00edtica Ciudadana (ISEPCI) [&hellip;]\" \/>\n<meta property=\"og:url\" content=\"https:\/\/www.muyjujuy.com\/index.php\/2025\/05\/28\/en-abril-una-familia-jujena-requirio-mas-de-un-millon-de-pesos-para-evitar-la-pobreza\/\" \/>\n<meta property=\"og:site_name\" content=\"Muy Jujuy\" \/>\n<meta property=\"article:publisher\" content=\"https:\/\/www.facebook.com\/muyjujuycom\" \/>\n<meta property=\"article:published_time\" content=\"2025-05-28T15:15:46+00:00\" \/>\n<meta name=\"author\" content=\"admin\" \/>\n<meta name=\"twitter:card\" content=\"summary_large_image\" \/>\n<meta name=\"twitter:creator\" content=\"@muyjujuy\" \/>\n<meta name=\"twitter:site\" content=\"@muyjujuy\" \/>\n<meta name=\"twitter:label1\" content=\"Escrito por\" \/>\n\t<meta name=\"twitter:data1\" content=\"admin\" \/>\n\t<meta name=\"twitter:label2\" content=\"Tiempo de lectura\" \/>\n\t<meta name=\"twitter:data2\" content=\"2 minutos\" \/>\n<script type=\"application\/ld+json\" class=\"yoast-schema-graph\">{\"@context\":\"https:\\\/\\\/schema.org\",\"@graph\":[{\"@type\":\"Article\",\"@id\":\"https:\\\/\\\/www.muyjujuy.com\\\/index.php\\\/2025\\\/05\\\/28\\\/en-abril-una-familia-jujena-requirio-mas-de-un-millon-de-pesos-para-evitar-la-pobreza\\\/#article\",\"isPartOf\":{\"@id\":\"https:\\\/\\\/www.muyjujuy.com\\\/index.php\\\/2025\\\/05\\\/28\\\/en-abril-una-familia-jujena-requirio-mas-de-un-millon-de-pesos-para-evitar-la-pobreza\\\/\"},\"author\":{\"name\":\"admin\",\"@id\":\"https:\\\/\\\/www.muyjujuy.com\\\/#\\\/schema\\\/person\\\/a3b63db1f387ec4149299954904c5bf0\"},\"headline\":\"En abril, una familia juje\u00f1a requiri\u00f3 m\u00e1s de un mill\u00f3n de pesos para evitar la pobreza\",\"datePublished\":\"2025-05-28T15:15:46+00:00\",\"mainEntityOfPage\":{\"@id\":\"https:\\\/\\\/www.muyjujuy.com\\\/index.php\\\/2025\\\/05\\\/28\\\/en-abril-una-familia-jujena-requirio-mas-de-un-millon-de-pesos-para-evitar-la-pobreza\\\/\"},\"wordCount\":404,\"commentCount\":0,\"publisher\":{\"@id\":\"https:\\\/\\\/www.muyjujuy.com\\\/#organization\"},\"image\":{\"@id\":\"https:\\\/\\\/www.muyjujuy.com\\\/index.php\\\/2025\\\/05\\\/28\\\/en-abril-una-familia-jujena-requirio-mas-de-un-millon-de-pesos-para-evitar-la-pobreza\\\/#primaryimage\"},\"thumbnailUrl\":\"https:\\\/\\\/www.muyjujuy.com\\\/wp-content\\\/uploads\\\/2025\\\/05\\\/salario.jpg\",\"articleSection\":[\"JUJUY\",\"Sociedad\"],\"inLanguage\":\"es-AR\",\"potentialAction\":[{\"@type\":\"CommentAction\",\"name\":\"Comment\",\"target\":[\"https:\\\/\\\/www.muyjujuy.com\\\/index.php\\\/2025\\\/05\\\/28\\\/en-abril-una-familia-jujena-requirio-mas-de-un-millon-de-pesos-para-evitar-la-pobreza\\\/#respond\"]}]},{\"@type\":\"WebPage\",\"@id\":\"https:\\\/\\\/www.muyjujuy.com\\\/index.php\\\/2025\\\/05\\\/28\\\/en-abril-una-familia-jujena-requirio-mas-de-un-millon-de-pesos-para-evitar-la-pobreza\\\/\",\"url\":\"https:\\\/\\\/www.muyjujuy.com\\\/index.php\\\/2025\\\/05\\\/28\\\/en-abril-una-familia-jujena-requirio-mas-de-un-millon-de-pesos-para-evitar-la-pobreza\\\/\",\"name\":\"En abril, una familia juje\u00f1a requiri\u00f3 m\u00e1s de un mill\u00f3n de pesos para evitar la pobreza - Muy Jujuy\",\"isPartOf\":{\"@id\":\"https:\\\/\\\/www.muyjujuy.com\\\/#website\"},\"primaryImageOfPage\":{\"@id\":\"https:\\\/\\\/www.muyjujuy.com\\\/index.php\\\/2025\\\/05\\\/28\\\/en-abril-una-familia-jujena-requirio-mas-de-un-millon-de-pesos-para-evitar-la-pobreza\\\/#primaryimage\"},\"image\":{\"@id\":\"https:\\\/\\\/www.muyjujuy.com\\\/index.php\\\/2025\\\/05\\\/28\\\/en-abril-una-familia-jujena-requirio-mas-de-un-millon-de-pesos-para-evitar-la-pobreza\\\/#primaryimage\"},\"thumbnailUrl\":\"https:\\\/\\\/www.muyjujuy.com\\\/wp-content\\\/uploads\\\/2025\\\/05\\\/salario.jpg\",\"datePublished\":\"2025-05-28T15:15:46+00:00\",\"breadcrumb\":{\"@id\":\"https:\\\/\\\/www.muyjujuy.com\\\/index.php\\\/2025\\\/05\\\/28\\\/en-abril-una-familia-jujena-requirio-mas-de-un-millon-de-pesos-para-evitar-la-pobreza\\\/#breadcrumb\"},\"inLanguage\":\"es-AR\",\"potentialAction\":[{\"@type\":\"ReadAction\",\"target\":[\"https:\\\/\\\/www.muyjujuy.com\\\/index.php\\\/2025\\\/05\\\/28\\\/en-abril-una-familia-jujena-requirio-mas-de-un-millon-de-pesos-para-evitar-la-pobreza\\\/\"]}]},{\"@type\":\"ImageObject\",\"inLanguage\":\"es-AR\",\"@id\":\"https:\\\/\\\/www.muyjujuy.com\\\/index.php\\\/2025\\\/05\\\/28\\\/en-abril-una-familia-jujena-requirio-mas-de-un-millon-de-pesos-para-evitar-la-pobreza\\\/#primaryimage\",\"url\":\"https:\\\/\\\/www.muyjujuy.com\\\/wp-content\\\/uploads\\\/2025\\\/05\\\/salario.jpg\",\"contentUrl\":\"https:\\\/\\\/www.muyjujuy.com\\\/wp-content\\\/uploads\\\/2025\\\/05\\\/salario.jpg\",\"width\":884,\"height\":518},{\"@type\":\"BreadcrumbList\",\"@id\":\"https:\\\/\\\/www.muyjujuy.com\\\/index.php\\\/2025\\\/05\\\/28\\\/en-abril-una-familia-jujena-requirio-mas-de-un-millon-de-pesos-para-evitar-la-pobreza\\\/#breadcrumb\",\"itemListElement\":[{\"@type\":\"ListItem\",\"position\":1,\"name\":\"Inicio\",\"item\":\"https:\\\/\\\/www.muyjujuy.com\\\/\"},{\"@type\":\"ListItem\",\"position\":2,\"name\":\"En abril, una familia juje\u00f1a requiri\u00f3 m\u00e1s de un mill\u00f3n de pesos para evitar la pobreza\"}]},{\"@type\":\"WebSite\",\"@id\":\"https:\\\/\\\/www.muyjujuy.com\\\/#website\",\"url\":\"https:\\\/\\\/www.muyjujuy.com\\\/\",\"name\":\"Muy Jujuy\",\"description\":\"\",\"publisher\":{\"@id\":\"https:\\\/\\\/www.muyjujuy.com\\\/#organization\"},\"potentialAction\":[{\"@type\":\"SearchAction\",\"target\":{\"@type\":\"EntryPoint\",\"urlTemplate\":\"https:\\\/\\\/www.muyjujuy.com\\\/?s={search_term_string}\"},\"query-input\":{\"@type\":\"PropertyValueSpecification\",\"valueRequired\":true,\"valueName\":\"search_term_string\"}}],\"inLanguage\":\"es-AR\"},{\"@type\":\"Organization\",\"@id\":\"https:\\\/\\\/www.muyjujuy.com\\\/#organization\",\"name\":\"Muy Jujuy\",\"url\":\"https:\\\/\\\/www.muyjujuy.com\\\/\",\"logo\":{\"@type\":\"ImageObject\",\"inLanguage\":\"es-AR\",\"@id\":\"https:\\\/\\\/www.muyjujuy.com\\\/#\\\/schema\\\/logo\\\/image\\\/\",\"url\":\"http:\\\/\\\/www.muyjujuy.com\\\/wp-content\\\/uploads\\\/2022\\\/05\\\/logo-mobil-jujuy.png\",\"contentUrl\":\"http:\\\/\\\/www.muyjujuy.com\\\/wp-content\\\/uploads\\\/2022\\\/05\\\/logo-mobil-jujuy.png\",\"width\":174,\"height\":81,\"caption\":\"Muy Jujuy\"},\"image\":{\"@id\":\"https:\\\/\\\/www.muyjujuy.com\\\/#\\\/schema\\\/logo\\\/image\\\/\"},\"sameAs\":[\"https:\\\/\\\/www.facebook.com\\\/muyjujuycom\",\"https:\\\/\\\/x.com\\\/muyjujuy\",\"https:\\\/\\\/www.instagram.com\\\/muyjujuycom\"]},{\"@type\":\"Person\",\"@id\":\"https:\\\/\\\/www.muyjujuy.com\\\/#\\\/schema\\\/person\\\/a3b63db1f387ec4149299954904c5bf0\",\"name\":\"admin\",\"image\":{\"@type\":\"ImageObject\",\"inLanguage\":\"es-AR\",\"@id\":\"https:\\\/\\\/secure.gravatar.com\\\/avatar\\\/b6e63d8d3a73633362405a0ad27e9c28391755813b59886f19a99d6cef8a03fc?s=96&d=mm&r=g\",\"url\":\"https:\\\/\\\/secure.gravatar.com\\\/avatar\\\/b6e63d8d3a73633362405a0ad27e9c28391755813b59886f19a99d6cef8a03fc?s=96&d=mm&r=g\",\"contentUrl\":\"https:\\\/\\\/secure.gravatar.com\\\/avatar\\\/b6e63d8d3a73633362405a0ad27e9c28391755813b59886f19a99d6cef8a03fc?s=96&d=mm&r=g\",\"caption\":\"admin\"},\"url\":\"https:\\\/\\\/www.muyjujuy.com\\\/index.php\\\/author\\\/soyeleditor\\\/\"}]}<\/script>\n<!-- \/ Yoast SEO plugin. -->","yoast_head_json":{"title":"En abril, una familia juje\u00f1a requiri\u00f3 m\u00e1s de un mill\u00f3n de pesos para evitar la pobreza - Muy Jujuy","robots":{"index":"index","follow":"follow","max-snippet":"max-snippet:-1","max-image-preview":"max-image-preview:large","max-video-preview":"max-video-preview:-1"},"canonical":"https:\/\/www.muyjujuy.com\/index.php\/2025\/05\/28\/en-abril-una-familia-jujena-requirio-mas-de-un-millon-de-pesos-para-evitar-la-pobreza\/","og_locale":"es_ES","og_type":"article","og_title":"En abril, una familia juje\u00f1a requiri\u00f3 m\u00e1s de un mill\u00f3n de pesos para evitar la pobreza - Muy Jujuy","og_description":"El \u00cdndice Barrial de Precios (IBP), elaborado por ISEPCI Jujuy, revel\u00f3 que la Canasta B\u00e1sica Total super\u00f3 el mill\u00f3n de pesos durante el mes de abril. La inflaci\u00f3n interanual en productos esenciales supera el 42%. El \u00faltimo informe del \u00cdndice Barrial de Precios, realizado por el Instituto de Investigaci\u00f3n Social, Econ\u00f3mica y Pol\u00edtica Ciudadana (ISEPCI) [&hellip;]","og_url":"https:\/\/www.muyjujuy.com\/index.php\/2025\/05\/28\/en-abril-una-familia-jujena-requirio-mas-de-un-millon-de-pesos-para-evitar-la-pobreza\/","og_site_name":"Muy Jujuy","article_publisher":"https:\/\/www.facebook.com\/muyjujuycom","article_published_time":"2025-05-28T15:15:46+00:00","author":"admin","twitter_card":"summary_large_image","twitter_creator":"@muyjujuy","twitter_site":"@muyjujuy","twitter_misc":{"Escrito por":"admin","Tiempo de lectura":"2 minutos"},"schema":{"@context":"https:\/\/schema.org","@graph":[{"@type":"Article","@id":"https:\/\/www.muyjujuy.com\/index.php\/2025\/05\/28\/en-abril-una-familia-jujena-requirio-mas-de-un-millon-de-pesos-para-evitar-la-pobreza\/#article","isPartOf":{"@id":"https:\/\/www.muyjujuy.com\/index.php\/2025\/05\/28\/en-abril-una-familia-jujena-requirio-mas-de-un-millon-de-pesos-para-evitar-la-pobreza\/"},"author":{"name":"admin","@id":"https:\/\/www.muyjujuy.com\/#\/schema\/person\/a3b63db1f387ec4149299954904c5bf0"},"headline":"En abril, una familia juje\u00f1a requiri\u00f3 m\u00e1s de un mill\u00f3n de pesos para evitar la pobreza","datePublished":"2025-05-28T15:15:46+00:00","mainEntityOfPage":{"@id":"https:\/\/www.muyjujuy.com\/index.php\/2025\/05\/28\/en-abril-una-familia-jujena-requirio-mas-de-un-millon-de-pesos-para-evitar-la-pobreza\/"},"wordCount":404,"commentCount":0,"publisher":{"@id":"https:\/\/www.muyjujuy.com\/#organization"},"image":{"@id":"https:\/\/www.muyjujuy.com\/index.php\/2025\/05\/28\/en-abril-una-familia-jujena-requirio-mas-de-un-millon-de-pesos-para-evitar-la-pobreza\/#primaryimage"},"thumbnailUrl":"https:\/\/www.muyjujuy.com\/wp-content\/uploads\/2025\/05\/salario.jpg","articleSection":["JUJUY","Sociedad"],"inLanguage":"es-AR","potentialAction":[{"@type":"CommentAction","name":"Comment","target":["https:\/\/www.muyjujuy.com\/index.php\/2025\/05\/28\/en-abril-una-familia-jujena-requirio-mas-de-un-millon-de-pesos-para-evitar-la-pobreza\/#respond"]}]},{"@type":"WebPage","@id":"https:\/\/www.muyjujuy.com\/index.php\/2025\/05\/28\/en-abril-una-familia-jujena-requirio-mas-de-un-millon-de-pesos-para-evitar-la-pobreza\/","url":"https:\/\/www.muyjujuy.com\/index.php\/2025\/05\/28\/en-abril-una-familia-jujena-requirio-mas-de-un-millon-de-pesos-para-evitar-la-pobreza\/","name":"En abril, una familia juje\u00f1a requiri\u00f3 m\u00e1s de un mill\u00f3n de pesos para evitar la pobreza - Muy Jujuy","isPartOf":{"@id":"https:\/\/www.muyjujuy.com\/#website"},"primaryImageOfPage":{"@id":"https:\/\/www.muyjujuy.com\/index.php\/2025\/05\/28\/en-abril-una-familia-jujena-requirio-mas-de-un-millon-de-pesos-para-evitar-la-pobreza\/#primaryimage"},"image":{"@id":"https:\/\/www.muyjujuy.com\/index.php\/2025\/05\/28\/en-abril-una-familia-jujena-requirio-mas-de-un-millon-de-pesos-para-evitar-la-pobreza\/#primaryimage"},"thumbnailUrl":"https:\/\/www.muyjujuy.com\/wp-content\/uploads\/2025\/05\/salario.jpg","datePublished":"2025-05-28T15:15:46+00:00","breadcrumb":{"@id":"https:\/\/www.muyjujuy.com\/index.php\/2025\/05\/28\/en-abril-una-familia-jujena-requirio-mas-de-un-millon-de-pesos-para-evitar-la-pobreza\/#breadcrumb"},"inLanguage":"es-AR","potentialAction":[{"@type":"ReadAction","target":["https:\/\/www.muyjujuy.com\/index.php\/2025\/05\/28\/en-abril-una-familia-jujena-requirio-mas-de-un-millon-de-pesos-para-evitar-la-pobreza\/"]}]},{"@type":"ImageObject","inLanguage":"es-AR","@id":"https:\/\/www.muyjujuy.com\/index.php\/2025\/05\/28\/en-abril-una-familia-jujena-requirio-mas-de-un-millon-de-pesos-para-evitar-la-pobreza\/#primaryimage","url":"https:\/\/www.muyjujuy.com\/wp-content\/uploads\/2025\/05\/salario.jpg","contentUrl":"https:\/\/www.muyjujuy.com\/wp-content\/uploads\/2025\/05\/salario.jpg","width":884,"height":518},{"@type":"BreadcrumbList","@id":"https:\/\/www.muyjujuy.com\/index.php\/2025\/05\/28\/en-abril-una-familia-jujena-requirio-mas-de-un-millon-de-pesos-para-evitar-la-pobreza\/#breadcrumb","itemListElement":[{"@type":"ListItem","position":1,"name":"Inicio","item":"https:\/\/www.muyjujuy.com\/"},{"@type":"ListItem","position":2,"name":"En abril, una familia juje\u00f1a requiri\u00f3 m\u00e1s de un mill\u00f3n de pesos para evitar la pobreza"}]},{"@type":"WebSite","@id":"https:\/\/www.muyjujuy.com\/#website","url":"https:\/\/www.muyjujuy.com\/","name":"Muy Jujuy","description":"","publisher":{"@id":"https:\/\/www.muyjujuy.com\/#organization"},"potentialAction":[{"@type":"SearchAction","target":{"@type":"EntryPoint","urlTemplate":"https:\/\/www.muyjujuy.com\/?s={search_term_string}"},"query-input":{"@type":"PropertyValueSpecification","valueRequired":true,"valueName":"search_term_string"}}],"inLanguage":"es-AR"},{"@type":"Organization","@id":"https:\/\/www.muyjujuy.com\/#organization","name":"Muy Jujuy","url":"https:\/\/www.muyjujuy.com\/","logo":{"@type":"ImageObject","inLanguage":"es-AR","@id":"https:\/\/www.muyjujuy.com\/#\/schema\/logo\/image\/","url":"http:\/\/www.muyjujuy.com\/wp-content\/uploads\/2022\/05\/logo-mobil-jujuy.png","contentUrl":"http:\/\/www.muyjujuy.com\/wp-content\/uploads\/2022\/05\/logo-mobil-jujuy.png","width":174,"height":81,"caption":"Muy Jujuy"},"image":{"@id":"https:\/\/www.muyjujuy.com\/#\/schema\/logo\/image\/"},"sameAs":["https:\/\/www.facebook.com\/muyjujuycom","https:\/\/x.com\/muyjujuy","https:\/\/www.instagram.com\/muyjujuycom"]},{"@type":"Person","@id":"https:\/\/www.muyjujuy.com\/#\/schema\/person\/a3b63db1f387ec4149299954904c5bf0","name":"admin","image":{"@type":"ImageObject","inLanguage":"es-AR","@id":"https:\/\/secure.gravatar.com\/avatar\/b6e63d8d3a73633362405a0ad27e9c28391755813b59886f19a99d6cef8a03fc?s=96&d=mm&r=g","url":"https:\/\/secure.gravatar.com\/avatar\/b6e63d8d3a73633362405a0ad27e9c28391755813b59886f19a99d6cef8a03fc?s=96&d=mm&r=g","contentUrl":"https:\/\/secure.gravatar.com\/avatar\/b6e63d8d3a73633362405a0ad27e9c28391755813b59886f19a99d6cef8a03fc?s=96&d=mm&r=g","caption":"admin"},"url":"https:\/\/www.muyjujuy.com\/index.php\/author\/soyeleditor\/"}]}},"_links":{"self":[{"href":"https:\/\/www.muyjujuy.com\/index.php\/wp-json\/wp\/v2\/posts\/2471","targetHints":{"allow":["GET"]}}],"collection":[{"href":"https:\/\/www.muyjujuy.com\/index.php\/wp-json\/wp\/v2\/posts"}],"about":[{"href":"https:\/\/www.muyjujuy.com\/index.php\/wp-json\/wp\/v2\/types\/post"}],"author":[{"embeddable":true,"href":"https:\/\/www.muyjujuy.com\/index.php\/wp-json\/wp\/v2\/users\/1"}],"replies":[{"embeddable":true,"href":"https:\/\/www.muyjujuy.com\/index.php\/wp-json\/wp\/v2\/comments?post=2471"}],"version-history":[{"count":1,"href":"https:\/\/www.muyjujuy.com\/index.php\/wp-json\/wp\/v2\/posts\/2471\/revisions"}],"predecessor-version":[{"id":2473,"href":"https:\/\/www.muyjujuy.com\/index.php\/wp-json\/wp\/v2\/posts\/2471\/revisions\/2473"}],"wp:featuredmedia":[{"embeddable":true,"href":"https:\/\/www.muyjujuy.com\/index.php\/wp-json\/wp\/v2\/media\/2472"}],"wp:attachment":[{"href":"https:\/\/www.muyjujuy.com\/index.php\/wp-json\/wp\/v2\/media?parent=2471"}],"wp:term":[{"taxonomy":"category","embeddable":true,"href":"https:\/\/www.muyjujuy.com\/index.php\/wp-json\/wp\/v2\/categories?post=2471"},{"taxonomy":"post_tag","embeddable":true,"href":"https:\/\/www.muyjujuy.com\/index.php\/wp-json\/wp\/v2\/tags?post=2471"}],"curies":[{"name":"wp","href":"https:\/\/api.w.org\/{rel}","templated":true}]}}