{"id":2480,"date":"2025-05-29T10:40:49","date_gmt":"2025-05-29T13:40:49","guid":{"rendered":"https:\/\/www.muyjujuy.com\/?p=2480"},"modified":"2025-05-29T10:40:49","modified_gmt":"2025-05-29T13:40:49","slug":"ypf-aplicara-tarifas-diferenciadas-segun-el-horario-del-dia","status":"publish","type":"post","link":"https:\/\/www.muyjujuy.com\/index.php\/2025\/05\/29\/ypf-aplicara-tarifas-diferenciadas-segun-el-horario-del-dia\/","title":{"rendered":"YPF aplicar\u00e1 tarifas diferenciadas seg\u00fan el horario del d\u00eda"},"content":{"rendered":"\n<p>El proyecto contempla <strong>combustibles m\u00e1s econ\u00f3micos fuera de los horarios de mayor circulaci\u00f3n<\/strong> y comenzar\u00e1 a regir a partir del <strong>24 de junio de 2025<\/strong>.<\/p>\n\n\n\n<p>YPF se encuentra desarrollando un <strong>modelo innovador<\/strong> que cambiar\u00e1 la experiencia del usuario en sus estaciones de servicio. A trav\u00e9s del uso de <strong>Inteligencia Artificial (IA)<\/strong>, se establecer\u00e1n precios diferenciados de acuerdo con la franja horaria y otras variables comerciales. Esta estrategia abarcar\u00e1 las m\u00e1s de <strong>1.600 estaciones de servicio<\/strong> que la compa\u00f1\u00eda posee en todo el pa\u00eds y se inscribe dentro de un <strong>plan integral de actualizaci\u00f3n tecnol\u00f3gica<\/strong> que la firma estatal est\u00e1 implementando. Para ello, se pondr\u00e1 en funcionamiento un <strong>nuevo Centro de Inteligencia en Tiempo Real (RTIC)<\/strong> para el \u00e1rea de comercializaci\u00f3n.<\/p>\n\n\n\n<p>La petrolera tiene previsto <strong>inaugurar el 24 de junio<\/strong> un centro especializado en la observaci\u00f3n y an\u00e1lisis en tiempo real de sus puntos de venta. El nuevo RTIC funcionar\u00e1 en la <strong>torre de YPF en Puerto Madero<\/strong> y, seg\u00fan fuentes de la empresa, ser\u00e1 el <strong>primer centro de estas caracter\u00edsticas en idioma espa\u00f1ol<\/strong>. Una de sus funciones principales ser\u00e1 implementar el sistema de <strong>micropricing<\/strong>, que permitir\u00e1 <strong>ajustar los valores de los combustibles seg\u00fan la hora del d\u00eda y la demanda del momento<\/strong>.<\/p>\n\n\n\n<p>Durante su presentaci\u00f3n en el <strong>Congreso Maizar<\/strong>, el presidente de YPF, <strong>Horacio Mar\u00edn<\/strong>, comparti\u00f3 detalles sobre esta iniciativa. Defini\u00f3 al RTIC como un entorno que \u201c<strong>trasciende una simple sala de monitoreo<\/strong>\u201d y lo describi\u00f3 como una \u201c<strong>plataforma tecnol\u00f3gica que permite tomar decisiones en forma inmediata y generar valor constantemente, con impacto directo en la rentabilidad de la empresa<\/strong>\u201d.<\/p>\n\n\n\n<p>La l\u00f3gica que sustenta el sistema de <strong>micropricing<\/strong> parte de una observaci\u00f3n del comportamiento del consumidor. Seg\u00fan explic\u00f3 Mar\u00edn, en horarios como las <strong>3 de la madrugada<\/strong>, la afluencia de veh\u00edculos es muy baja, aunque los <strong>costos operativos se mantienen constantes<\/strong>. Ante este escenario, <strong>ofrecer precios reducidos en horas de baja actividad<\/strong> busca incentivar la carga de combustible en esas franjas, elevando la demanda de manera estrat\u00e9gica.<\/p>\n\n\n\n<p>Este mecanismo de precios tambi\u00e9n estar\u00e1 acompa\u00f1ado de un <strong>nuevo sistema de autoservicio<\/strong>, que permitir\u00e1 a los usuarios <strong>cargar combustible sin asistencia de operarios<\/strong>. Esto contribuir\u00e1 a <strong>reducir la necesidad de personal en horarios nocturnos<\/strong>, mejorar la eficiencia operativa y <strong>brindar un ahorro directo al cliente<\/strong>. \u201c<strong>Vamos a implementar pr\u00e1cticas similares a las de Europa<\/strong>\u201d, afirm\u00f3 Mar\u00edn, destacando el <strong>car\u00e1cter innovador del plan<\/strong>. Asimismo, subray\u00f3 que este esquema busca <strong>disminuir las p\u00e9rdidas econ\u00f3micas durante los per\u00edodos de baja actividad<\/strong>, fortaleciendo la rentabilidad de cada estaci\u00f3n.<\/p>\n\n\n\n<p>Fuentes de la compa\u00f1\u00eda afirmaron que el RTIC de comercializaci\u00f3n <strong>no solo administrar\u00e1 los precios en surtidores<\/strong>, sino que tambi\u00e9n tendr\u00e1 control sobre <strong>las tiendas Full<\/strong> y la <strong>log\u00edstica de distribuci\u00f3n de combustibles<\/strong>. Indicaron que permitir\u00e1 <strong>gestionar toda la operaci\u00f3n comercial de YPF en tiempo real<\/strong>.<\/p>\n\n\n\n<p>\u201c<strong>Es un centro con gran alcance<\/strong>, no tanto por su tama\u00f1o f\u00edsico, sino por su capacidad de an\u00e1lisis. Por ejemplo, si se detecta que en Chaco no se consumen hamburguesas, se evitar\u00e1 enviar ese producto a esa regi\u00f3n, priorizando los art\u00edculos con mayor salida. Se trata de <strong>conocer a fondo la experiencia del cliente y adaptar cada estaci\u00f3n a esa demanda espec\u00edfica<\/strong>\u201d, explicaron desde la empresa.<\/p>\n\n\n\n<p>El nuevo RTIC para estaciones de servicio se sumar\u00e1 a los <strong>centros que ya funcionan en la sede central<\/strong> de YPF en Puerto Madero, dedicados a <strong>optimizar la producci\u00f3n en Vaca Muerta<\/strong> y en la <strong>Refiner\u00eda de La Plata<\/strong>. En ambos casos, estos espacios han demostrado <strong>impactos concretos en t\u00e9rminos de eficiencia y control operativo<\/strong>. \u201c<strong>Es tomar decisiones en tiempo real, generar valor al instante<\/strong>\u201d, reiter\u00f3 Mar\u00edn al destacar los beneficios de esta herramienta.<\/p>\n\n\n\n<p>Voceros de la empresa a\u00f1adieron que el sistema permitir\u00e1 una <strong>conexi\u00f3n directa con la red log\u00edstica<\/strong>. \u201cSe podr\u00e1n establecer <strong>franjas horarias con precios promocionales<\/strong>, si se observa que en ciertos turnos no hay flujo de clientes. En lugar de tener personal sin actividad, se podr\u00e1 redirigir la demanda hacia esos horarios con tarifas m\u00e1s convenientes\u201d. La aplicaci\u00f3n del micropricing forma parte del <strong>plan estrat\u00e9gico 4&#215;4 de YPF<\/strong>, que busca <strong>mejorar procesos, maximizar eficiencias, potenciar el desarrollo en Vaca Muerta y expandir el negocio de Gas Natural Licuado (GNL)<\/strong>.<\/p>\n\n\n\n<p>La opci\u00f3n de segmentar precios seg\u00fan el momento del d\u00eda tambi\u00e9n responde a un <strong>cambio cultural dentro de la organizaci\u00f3n<\/strong>, que apuesta por el uso de tecnolog\u00eda para <strong>optimizar el desempe\u00f1o econ\u00f3mico en todos los eslabones de la cadena de valor<\/strong>. \u201c<strong>Queremos obtener rentabilidad en cada una de nuestras actividades<\/strong>\u201d, sintetiz\u00f3 Mar\u00edn. Con ese objetivo, YPF promueve <strong>modelos de gesti\u00f3n basados en datos en tiempo real<\/strong>, una pr\u00e1ctica que planea extender a todas sus \u00e1reas operativas.<\/p>\n\n\n\n<p>El RTIC para estaciones de servicio representa un <strong>avance tangible hacia esta transformaci\u00f3n<\/strong>. Permitir\u00e1 <strong>detectar patrones de consumo, evaluar la efectividad de promociones y modificaciones de precios<\/strong>, y elaborar <strong>informes instant\u00e1neos que faciliten decisiones comerciales estrat\u00e9gicas<\/strong>. Adem\u00e1s, ser\u00e1 fundamental para <strong>monitorear el desempe\u00f1o de cada punto de venta, identificar desviaciones y ajustar t\u00e1cticas de manera inmediata<\/strong>, seg\u00fan destacaron desde la compa\u00f1\u00eda.<\/p>\n","protected":false},"excerpt":{"rendered":"<p>El proyecto contempla combustibles m\u00e1s econ\u00f3micos fuera de los horarios de mayor circulaci\u00f3n y comenzar\u00e1 a regir a partir del 24 de junio de 2025. YPF se encuentra desarrollando un modelo innovador que cambiar\u00e1 la experiencia del usuario en sus estaciones de servicio. A trav\u00e9s del uso de Inteligencia Artificial (IA), se establecer\u00e1n precios diferenciados [&hellip;]<\/p>\n","protected":false},"author":1,"featured_media":2481,"comment_status":"open","ping_status":"open","sticky":false,"template":"","format":"standard","meta":{"footnotes":""},"categories":[863,25],"tags":[],"class_list":{"0":"post-2480","1":"post","2":"type-post","3":"status-publish","4":"format-standard","5":"has-post-thumbnail","7":"category-jujuy","8":"category-sociedad"},"yoast_head":"<!-- This site is optimized with the Yoast SEO plugin v27.5 - https:\/\/yoast.com\/product\/yoast-seo-wordpress\/ -->\n<title>YPF aplicar\u00e1 tarifas diferenciadas seg\u00fan el horario del d\u00eda - Muy Jujuy<\/title>\n<meta name=\"robots\" content=\"index, follow, max-snippet:-1, max-image-preview:large, max-video-preview:-1\" \/>\n<link rel=\"canonical\" href=\"https:\/\/www.muyjujuy.com\/index.php\/2025\/05\/29\/ypf-aplicara-tarifas-diferenciadas-segun-el-horario-del-dia\/\" \/>\n<meta property=\"og:locale\" content=\"es_ES\" \/>\n<meta property=\"og:type\" content=\"article\" \/>\n<meta property=\"og:title\" content=\"YPF aplicar\u00e1 tarifas diferenciadas seg\u00fan el horario del d\u00eda - Muy Jujuy\" \/>\n<meta property=\"og:description\" content=\"El proyecto contempla combustibles m\u00e1s econ\u00f3micos fuera de los horarios de mayor circulaci\u00f3n y comenzar\u00e1 a regir a partir del 24 de junio de 2025. YPF se encuentra desarrollando un modelo innovador que cambiar\u00e1 la experiencia del usuario en sus estaciones de servicio. A trav\u00e9s del uso de Inteligencia Artificial (IA), se establecer\u00e1n precios diferenciados [&hellip;]\" \/>\n<meta property=\"og:url\" content=\"https:\/\/www.muyjujuy.com\/index.php\/2025\/05\/29\/ypf-aplicara-tarifas-diferenciadas-segun-el-horario-del-dia\/\" \/>\n<meta property=\"og:site_name\" content=\"Muy Jujuy\" \/>\n<meta property=\"article:publisher\" content=\"https:\/\/www.facebook.com\/muyjujuycom\" \/>\n<meta property=\"article:published_time\" content=\"2025-05-29T13:40:49+00:00\" \/>\n<meta name=\"author\" content=\"admin\" \/>\n<meta name=\"twitter:card\" content=\"summary_large_image\" \/>\n<meta name=\"twitter:creator\" content=\"@muyjujuy\" \/>\n<meta name=\"twitter:site\" content=\"@muyjujuy\" \/>\n<meta name=\"twitter:label1\" content=\"Escrito por\" \/>\n\t<meta name=\"twitter:data1\" content=\"admin\" \/>\n\t<meta name=\"twitter:label2\" content=\"Tiempo de lectura\" \/>\n\t<meta name=\"twitter:data2\" content=\"4 minutos\" \/>\n<script type=\"application\/ld+json\" class=\"yoast-schema-graph\">{\"@context\":\"https:\\\/\\\/schema.org\",\"@graph\":[{\"@type\":\"Article\",\"@id\":\"https:\\\/\\\/www.muyjujuy.com\\\/index.php\\\/2025\\\/05\\\/29\\\/ypf-aplicara-tarifas-diferenciadas-segun-el-horario-del-dia\\\/#article\",\"isPartOf\":{\"@id\":\"https:\\\/\\\/www.muyjujuy.com\\\/index.php\\\/2025\\\/05\\\/29\\\/ypf-aplicara-tarifas-diferenciadas-segun-el-horario-del-dia\\\/\"},\"author\":{\"name\":\"admin\",\"@id\":\"https:\\\/\\\/www.muyjujuy.com\\\/#\\\/schema\\\/person\\\/a3b63db1f387ec4149299954904c5bf0\"},\"headline\":\"YPF aplicar\u00e1 tarifas diferenciadas seg\u00fan el horario del d\u00eda\",\"datePublished\":\"2025-05-29T13:40:49+00:00\",\"mainEntityOfPage\":{\"@id\":\"https:\\\/\\\/www.muyjujuy.com\\\/index.php\\\/2025\\\/05\\\/29\\\/ypf-aplicara-tarifas-diferenciadas-segun-el-horario-del-dia\\\/\"},\"wordCount\":908,\"commentCount\":0,\"publisher\":{\"@id\":\"https:\\\/\\\/www.muyjujuy.com\\\/#organization\"},\"image\":{\"@id\":\"https:\\\/\\\/www.muyjujuy.com\\\/index.php\\\/2025\\\/05\\\/29\\\/ypf-aplicara-tarifas-diferenciadas-segun-el-horario-del-dia\\\/#primaryimage\"},\"thumbnailUrl\":\"https:\\\/\\\/www.muyjujuy.com\\\/wp-content\\\/uploads\\\/2025\\\/05\\\/YPF.jpg\",\"articleSection\":[\"JUJUY\",\"Sociedad\"],\"inLanguage\":\"es-AR\",\"potentialAction\":[{\"@type\":\"CommentAction\",\"name\":\"Comment\",\"target\":[\"https:\\\/\\\/www.muyjujuy.com\\\/index.php\\\/2025\\\/05\\\/29\\\/ypf-aplicara-tarifas-diferenciadas-segun-el-horario-del-dia\\\/#respond\"]}]},{\"@type\":\"WebPage\",\"@id\":\"https:\\\/\\\/www.muyjujuy.com\\\/index.php\\\/2025\\\/05\\\/29\\\/ypf-aplicara-tarifas-diferenciadas-segun-el-horario-del-dia\\\/\",\"url\":\"https:\\\/\\\/www.muyjujuy.com\\\/index.php\\\/2025\\\/05\\\/29\\\/ypf-aplicara-tarifas-diferenciadas-segun-el-horario-del-dia\\\/\",\"name\":\"YPF aplicar\u00e1 tarifas diferenciadas seg\u00fan el horario del d\u00eda - Muy Jujuy\",\"isPartOf\":{\"@id\":\"https:\\\/\\\/www.muyjujuy.com\\\/#website\"},\"primaryImageOfPage\":{\"@id\":\"https:\\\/\\\/www.muyjujuy.com\\\/index.php\\\/2025\\\/05\\\/29\\\/ypf-aplicara-tarifas-diferenciadas-segun-el-horario-del-dia\\\/#primaryimage\"},\"image\":{\"@id\":\"https:\\\/\\\/www.muyjujuy.com\\\/index.php\\\/2025\\\/05\\\/29\\\/ypf-aplicara-tarifas-diferenciadas-segun-el-horario-del-dia\\\/#primaryimage\"},\"thumbnailUrl\":\"https:\\\/\\\/www.muyjujuy.com\\\/wp-content\\\/uploads\\\/2025\\\/05\\\/YPF.jpg\",\"datePublished\":\"2025-05-29T13:40:49+00:00\",\"breadcrumb\":{\"@id\":\"https:\\\/\\\/www.muyjujuy.com\\\/index.php\\\/2025\\\/05\\\/29\\\/ypf-aplicara-tarifas-diferenciadas-segun-el-horario-del-dia\\\/#breadcrumb\"},\"inLanguage\":\"es-AR\",\"potentialAction\":[{\"@type\":\"ReadAction\",\"target\":[\"https:\\\/\\\/www.muyjujuy.com\\\/index.php\\\/2025\\\/05\\\/29\\\/ypf-aplicara-tarifas-diferenciadas-segun-el-horario-del-dia\\\/\"]}]},{\"@type\":\"ImageObject\",\"inLanguage\":\"es-AR\",\"@id\":\"https:\\\/\\\/www.muyjujuy.com\\\/index.php\\\/2025\\\/05\\\/29\\\/ypf-aplicara-tarifas-diferenciadas-segun-el-horario-del-dia\\\/#primaryimage\",\"url\":\"https:\\\/\\\/www.muyjujuy.com\\\/wp-content\\\/uploads\\\/2025\\\/05\\\/YPF.jpg\",\"contentUrl\":\"https:\\\/\\\/www.muyjujuy.com\\\/wp-content\\\/uploads\\\/2025\\\/05\\\/YPF.jpg\",\"width\":831,\"height\":506},{\"@type\":\"BreadcrumbList\",\"@id\":\"https:\\\/\\\/www.muyjujuy.com\\\/index.php\\\/2025\\\/05\\\/29\\\/ypf-aplicara-tarifas-diferenciadas-segun-el-horario-del-dia\\\/#breadcrumb\",\"itemListElement\":[{\"@type\":\"ListItem\",\"position\":1,\"name\":\"Inicio\",\"item\":\"https:\\\/\\\/www.muyjujuy.com\\\/\"},{\"@type\":\"ListItem\",\"position\":2,\"name\":\"YPF aplicar\u00e1 tarifas diferenciadas seg\u00fan el horario del d\u00eda\"}]},{\"@type\":\"WebSite\",\"@id\":\"https:\\\/\\\/www.muyjujuy.com\\\/#website\",\"url\":\"https:\\\/\\\/www.muyjujuy.com\\\/\",\"name\":\"Muy Jujuy\",\"description\":\"\",\"publisher\":{\"@id\":\"https:\\\/\\\/www.muyjujuy.com\\\/#organization\"},\"potentialAction\":[{\"@type\":\"SearchAction\",\"target\":{\"@type\":\"EntryPoint\",\"urlTemplate\":\"https:\\\/\\\/www.muyjujuy.com\\\/?s={search_term_string}\"},\"query-input\":{\"@type\":\"PropertyValueSpecification\",\"valueRequired\":true,\"valueName\":\"search_term_string\"}}],\"inLanguage\":\"es-AR\"},{\"@type\":\"Organization\",\"@id\":\"https:\\\/\\\/www.muyjujuy.com\\\/#organization\",\"name\":\"Muy Jujuy\",\"url\":\"https:\\\/\\\/www.muyjujuy.com\\\/\",\"logo\":{\"@type\":\"ImageObject\",\"inLanguage\":\"es-AR\",\"@id\":\"https:\\\/\\\/www.muyjujuy.com\\\/#\\\/schema\\\/logo\\\/image\\\/\",\"url\":\"http:\\\/\\\/www.muyjujuy.com\\\/wp-content\\\/uploads\\\/2022\\\/05\\\/logo-mobil-jujuy.png\",\"contentUrl\":\"http:\\\/\\\/www.muyjujuy.com\\\/wp-content\\\/uploads\\\/2022\\\/05\\\/logo-mobil-jujuy.png\",\"width\":174,\"height\":81,\"caption\":\"Muy Jujuy\"},\"image\":{\"@id\":\"https:\\\/\\\/www.muyjujuy.com\\\/#\\\/schema\\\/logo\\\/image\\\/\"},\"sameAs\":[\"https:\\\/\\\/www.facebook.com\\\/muyjujuycom\",\"https:\\\/\\\/x.com\\\/muyjujuy\",\"https:\\\/\\\/www.instagram.com\\\/muyjujuycom\"]},{\"@type\":\"Person\",\"@id\":\"https:\\\/\\\/www.muyjujuy.com\\\/#\\\/schema\\\/person\\\/a3b63db1f387ec4149299954904c5bf0\",\"name\":\"admin\",\"image\":{\"@type\":\"ImageObject\",\"inLanguage\":\"es-AR\",\"@id\":\"https:\\\/\\\/secure.gravatar.com\\\/avatar\\\/b6e63d8d3a73633362405a0ad27e9c28391755813b59886f19a99d6cef8a03fc?s=96&d=mm&r=g\",\"url\":\"https:\\\/\\\/secure.gravatar.com\\\/avatar\\\/b6e63d8d3a73633362405a0ad27e9c28391755813b59886f19a99d6cef8a03fc?s=96&d=mm&r=g\",\"contentUrl\":\"https:\\\/\\\/secure.gravatar.com\\\/avatar\\\/b6e63d8d3a73633362405a0ad27e9c28391755813b59886f19a99d6cef8a03fc?s=96&d=mm&r=g\",\"caption\":\"admin\"},\"url\":\"https:\\\/\\\/www.muyjujuy.com\\\/index.php\\\/author\\\/soyeleditor\\\/\"}]}<\/script>\n<!-- \/ Yoast SEO plugin. -->","yoast_head_json":{"title":"YPF aplicar\u00e1 tarifas diferenciadas seg\u00fan el horario del d\u00eda - Muy Jujuy","robots":{"index":"index","follow":"follow","max-snippet":"max-snippet:-1","max-image-preview":"max-image-preview:large","max-video-preview":"max-video-preview:-1"},"canonical":"https:\/\/www.muyjujuy.com\/index.php\/2025\/05\/29\/ypf-aplicara-tarifas-diferenciadas-segun-el-horario-del-dia\/","og_locale":"es_ES","og_type":"article","og_title":"YPF aplicar\u00e1 tarifas diferenciadas seg\u00fan el horario del d\u00eda - Muy Jujuy","og_description":"El proyecto contempla combustibles m\u00e1s econ\u00f3micos fuera de los horarios de mayor circulaci\u00f3n y comenzar\u00e1 a regir a partir del 24 de junio de 2025. YPF se encuentra desarrollando un modelo innovador que cambiar\u00e1 la experiencia del usuario en sus estaciones de servicio. A trav\u00e9s del uso de Inteligencia Artificial (IA), se establecer\u00e1n precios diferenciados [&hellip;]","og_url":"https:\/\/www.muyjujuy.com\/index.php\/2025\/05\/29\/ypf-aplicara-tarifas-diferenciadas-segun-el-horario-del-dia\/","og_site_name":"Muy Jujuy","article_publisher":"https:\/\/www.facebook.com\/muyjujuycom","article_published_time":"2025-05-29T13:40:49+00:00","author":"admin","twitter_card":"summary_large_image","twitter_creator":"@muyjujuy","twitter_site":"@muyjujuy","twitter_misc":{"Escrito por":"admin","Tiempo de lectura":"4 minutos"},"schema":{"@context":"https:\/\/schema.org","@graph":[{"@type":"Article","@id":"https:\/\/www.muyjujuy.com\/index.php\/2025\/05\/29\/ypf-aplicara-tarifas-diferenciadas-segun-el-horario-del-dia\/#article","isPartOf":{"@id":"https:\/\/www.muyjujuy.com\/index.php\/2025\/05\/29\/ypf-aplicara-tarifas-diferenciadas-segun-el-horario-del-dia\/"},"author":{"name":"admin","@id":"https:\/\/www.muyjujuy.com\/#\/schema\/person\/a3b63db1f387ec4149299954904c5bf0"},"headline":"YPF aplicar\u00e1 tarifas diferenciadas seg\u00fan el horario del d\u00eda","datePublished":"2025-05-29T13:40:49+00:00","mainEntityOfPage":{"@id":"https:\/\/www.muyjujuy.com\/index.php\/2025\/05\/29\/ypf-aplicara-tarifas-diferenciadas-segun-el-horario-del-dia\/"},"wordCount":908,"commentCount":0,"publisher":{"@id":"https:\/\/www.muyjujuy.com\/#organization"},"image":{"@id":"https:\/\/www.muyjujuy.com\/index.php\/2025\/05\/29\/ypf-aplicara-tarifas-diferenciadas-segun-el-horario-del-dia\/#primaryimage"},"thumbnailUrl":"https:\/\/www.muyjujuy.com\/wp-content\/uploads\/2025\/05\/YPF.jpg","articleSection":["JUJUY","Sociedad"],"inLanguage":"es-AR","potentialAction":[{"@type":"CommentAction","name":"Comment","target":["https:\/\/www.muyjujuy.com\/index.php\/2025\/05\/29\/ypf-aplicara-tarifas-diferenciadas-segun-el-horario-del-dia\/#respond"]}]},{"@type":"WebPage","@id":"https:\/\/www.muyjujuy.com\/index.php\/2025\/05\/29\/ypf-aplicara-tarifas-diferenciadas-segun-el-horario-del-dia\/","url":"https:\/\/www.muyjujuy.com\/index.php\/2025\/05\/29\/ypf-aplicara-tarifas-diferenciadas-segun-el-horario-del-dia\/","name":"YPF aplicar\u00e1 tarifas diferenciadas seg\u00fan el horario del d\u00eda - Muy Jujuy","isPartOf":{"@id":"https:\/\/www.muyjujuy.com\/#website"},"primaryImageOfPage":{"@id":"https:\/\/www.muyjujuy.com\/index.php\/2025\/05\/29\/ypf-aplicara-tarifas-diferenciadas-segun-el-horario-del-dia\/#primaryimage"},"image":{"@id":"https:\/\/www.muyjujuy.com\/index.php\/2025\/05\/29\/ypf-aplicara-tarifas-diferenciadas-segun-el-horario-del-dia\/#primaryimage"},"thumbnailUrl":"https:\/\/www.muyjujuy.com\/wp-content\/uploads\/2025\/05\/YPF.jpg","datePublished":"2025-05-29T13:40:49+00:00","breadcrumb":{"@id":"https:\/\/www.muyjujuy.com\/index.php\/2025\/05\/29\/ypf-aplicara-tarifas-diferenciadas-segun-el-horario-del-dia\/#breadcrumb"},"inLanguage":"es-AR","potentialAction":[{"@type":"ReadAction","target":["https:\/\/www.muyjujuy.com\/index.php\/2025\/05\/29\/ypf-aplicara-tarifas-diferenciadas-segun-el-horario-del-dia\/"]}]},{"@type":"ImageObject","inLanguage":"es-AR","@id":"https:\/\/www.muyjujuy.com\/index.php\/2025\/05\/29\/ypf-aplicara-tarifas-diferenciadas-segun-el-horario-del-dia\/#primaryimage","url":"https:\/\/www.muyjujuy.com\/wp-content\/uploads\/2025\/05\/YPF.jpg","contentUrl":"https:\/\/www.muyjujuy.com\/wp-content\/uploads\/2025\/05\/YPF.jpg","width":831,"height":506},{"@type":"BreadcrumbList","@id":"https:\/\/www.muyjujuy.com\/index.php\/2025\/05\/29\/ypf-aplicara-tarifas-diferenciadas-segun-el-horario-del-dia\/#breadcrumb","itemListElement":[{"@type":"ListItem","position":1,"name":"Inicio","item":"https:\/\/www.muyjujuy.com\/"},{"@type":"ListItem","position":2,"name":"YPF aplicar\u00e1 tarifas diferenciadas seg\u00fan el horario del d\u00eda"}]},{"@type":"WebSite","@id":"https:\/\/www.muyjujuy.com\/#website","url":"https:\/\/www.muyjujuy.com\/","name":"Muy Jujuy","description":"","publisher":{"@id":"https:\/\/www.muyjujuy.com\/#organization"},"potentialAction":[{"@type":"SearchAction","target":{"@type":"EntryPoint","urlTemplate":"https:\/\/www.muyjujuy.com\/?s={search_term_string}"},"query-input":{"@type":"PropertyValueSpecification","valueRequired":true,"valueName":"search_term_string"}}],"inLanguage":"es-AR"},{"@type":"Organization","@id":"https:\/\/www.muyjujuy.com\/#organization","name":"Muy Jujuy","url":"https:\/\/www.muyjujuy.com\/","logo":{"@type":"ImageObject","inLanguage":"es-AR","@id":"https:\/\/www.muyjujuy.com\/#\/schema\/logo\/image\/","url":"http:\/\/www.muyjujuy.com\/wp-content\/uploads\/2022\/05\/logo-mobil-jujuy.png","contentUrl":"http:\/\/www.muyjujuy.com\/wp-content\/uploads\/2022\/05\/logo-mobil-jujuy.png","width":174,"height":81,"caption":"Muy Jujuy"},"image":{"@id":"https:\/\/www.muyjujuy.com\/#\/schema\/logo\/image\/"},"sameAs":["https:\/\/www.facebook.com\/muyjujuycom","https:\/\/x.com\/muyjujuy","https:\/\/www.instagram.com\/muyjujuycom"]},{"@type":"Person","@id":"https:\/\/www.muyjujuy.com\/#\/schema\/person\/a3b63db1f387ec4149299954904c5bf0","name":"admin","image":{"@type":"ImageObject","inLanguage":"es-AR","@id":"https:\/\/secure.gravatar.com\/avatar\/b6e63d8d3a73633362405a0ad27e9c28391755813b59886f19a99d6cef8a03fc?s=96&d=mm&r=g","url":"https:\/\/secure.gravatar.com\/avatar\/b6e63d8d3a73633362405a0ad27e9c28391755813b59886f19a99d6cef8a03fc?s=96&d=mm&r=g","contentUrl":"https:\/\/secure.gravatar.com\/avatar\/b6e63d8d3a73633362405a0ad27e9c28391755813b59886f19a99d6cef8a03fc?s=96&d=mm&r=g","caption":"admin"},"url":"https:\/\/www.muyjujuy.com\/index.php\/author\/soyeleditor\/"}]}},"_links":{"self":[{"href":"https:\/\/www.muyjujuy.com\/index.php\/wp-json\/wp\/v2\/posts\/2480","targetHints":{"allow":["GET"]}}],"collection":[{"href":"https:\/\/www.muyjujuy.com\/index.php\/wp-json\/wp\/v2\/posts"}],"about":[{"href":"https:\/\/www.muyjujuy.com\/index.php\/wp-json\/wp\/v2\/types\/post"}],"author":[{"embeddable":true,"href":"https:\/\/www.muyjujuy.com\/index.php\/wp-json\/wp\/v2\/users\/1"}],"replies":[{"embeddable":true,"href":"https:\/\/www.muyjujuy.com\/index.php\/wp-json\/wp\/v2\/comments?post=2480"}],"version-history":[{"count":1,"href":"https:\/\/www.muyjujuy.com\/index.php\/wp-json\/wp\/v2\/posts\/2480\/revisions"}],"predecessor-version":[{"id":2482,"href":"https:\/\/www.muyjujuy.com\/index.php\/wp-json\/wp\/v2\/posts\/2480\/revisions\/2482"}],"wp:featuredmedia":[{"embeddable":true,"href":"https:\/\/www.muyjujuy.com\/index.php\/wp-json\/wp\/v2\/media\/2481"}],"wp:attachment":[{"href":"https:\/\/www.muyjujuy.com\/index.php\/wp-json\/wp\/v2\/media?parent=2480"}],"wp:term":[{"taxonomy":"category","embeddable":true,"href":"https:\/\/www.muyjujuy.com\/index.php\/wp-json\/wp\/v2\/categories?post=2480"},{"taxonomy":"post_tag","embeddable":true,"href":"https:\/\/www.muyjujuy.com\/index.php\/wp-json\/wp\/v2\/tags?post=2480"}],"curies":[{"name":"wp","href":"https:\/\/api.w.org\/{rel}","templated":true}]}}