{"id":2498,"date":"2025-06-02T12:00:27","date_gmt":"2025-06-02T15:00:27","guid":{"rendered":"https:\/\/www.muyjujuy.com\/?p=2498"},"modified":"2025-06-02T12:00:27","modified_gmt":"2025-06-02T15:00:27","slug":"numerosos-educadores-sostienen-con-compromiso-y-vocacion-el-plan-de-alfabetizacion-en-jujuy","status":"publish","type":"post","link":"https:\/\/www.muyjujuy.com\/index.php\/2025\/06\/02\/numerosos-educadores-sostienen-con-compromiso-y-vocacion-el-plan-de-alfabetizacion-en-jujuy\/","title":{"rendered":"Numerosos educadores sostienen con compromiso y vocaci\u00f3n el Plan de Alfabetizaci\u00f3n en Jujuy"},"content":{"rendered":"\n<p>Maestros y maestras del <strong>Nivel Inicial<\/strong> y del <strong>Primer Ciclo de Educaci\u00f3n Primaria<\/strong> participaron del <strong>cuarto Ateneo Did\u00e1ctico sobre Alfabetizaci\u00f3n<\/strong>, desarrollado en distintas zonas de nuestra provincia.<\/p>\n\n\n\n<p><strong>San Salvador de Jujuy, El Carmen, San Pedro, Libertador General San Mart\u00edn, Tilcara, Humahuaca, Abra Pampa y La Quiaca<\/strong> fueron las localidades que albergaron esta nueva etapa del trayecto de formaci\u00f3n, que ya ha alcanzado la mitad de su recorrido en el marco del <strong>Plan de Alfabetizaci\u00f3n<\/strong>.<\/p>\n\n\n\n<p>En esta instancia, se trabaj\u00f3 especialmente en <strong>la oralidad como fundamento esencial<\/strong> para los procesos de ense\u00f1anza y aprendizaje, promoviendo la atenci\u00f3n a los sonidos del habla y el fortalecimiento de las competencias comunicativas desde edades tempranas.<\/p>\n\n\n\n<p><strong>\u201cEste cuarto ateneo representa un nuevo avance en este camino formativo que nos acerca al punto medio del proceso; buscamos poner en valor la oralidad como pilar clave, fomentando el trabajo colaborativo y el desarrollo del conocimiento colectivo\u201d<\/strong>, expres\u00f3 <strong>Laura Molina<\/strong>, referente del \u00e1rea de <strong>Alfabetizaci\u00f3n del Ministerio de Educaci\u00f3n<\/strong>.<\/p>\n\n\n\n<p><strong>Sostenemos una propuesta educativa que escucha, dialoga y genera saberes tanto en el aula como en el entorno<\/strong>. Un modelo pedag\u00f3gico que sit\u00faa la palabra en el centro, que reconoce el valor de cada voz infantil y que reafirma el rol fundamental de cada docente como agente de transformaci\u00f3n.<\/p>\n\n\n\n<p><strong>Agradecemos profundamente el compromiso por continuar fortaleciendo el crecimiento compartido, el trabajo articulado y una capacitaci\u00f3n constante<\/strong> que garantiza el derecho a aprender de todas las <strong>infancias juje\u00f1as<\/strong>.<\/p>\n","protected":false},"excerpt":{"rendered":"<p>Maestros y maestras del Nivel Inicial y del Primer Ciclo de Educaci\u00f3n Primaria participaron del cuarto Ateneo Did\u00e1ctico sobre Alfabetizaci\u00f3n, desarrollado en distintas zonas de nuestra provincia. San Salvador de Jujuy, El Carmen, San Pedro, Libertador General San Mart\u00edn, Tilcara, Humahuaca, Abra Pampa y La Quiaca fueron las localidades que albergaron esta nueva etapa del [&hellip;]<\/p>\n","protected":false},"author":1,"featured_media":2499,"comment_status":"open","ping_status":"open","sticky":false,"template":"","format":"standard","meta":{"footnotes":""},"categories":[863,25],"tags":[],"class_list":{"0":"post-2498","1":"post","2":"type-post","3":"status-publish","4":"format-standard","5":"has-post-thumbnail","7":"category-jujuy","8":"category-sociedad"},"yoast_head":"<!-- This site is optimized with the Yoast SEO plugin v27.5 - https:\/\/yoast.com\/product\/yoast-seo-wordpress\/ -->\n<title>Numerosos educadores sostienen con compromiso y vocaci\u00f3n el Plan de Alfabetizaci\u00f3n en Jujuy - Muy Jujuy<\/title>\n<meta name=\"robots\" content=\"index, follow, max-snippet:-1, max-image-preview:large, max-video-preview:-1\" \/>\n<link rel=\"canonical\" href=\"https:\/\/www.muyjujuy.com\/index.php\/2025\/06\/02\/numerosos-educadores-sostienen-con-compromiso-y-vocacion-el-plan-de-alfabetizacion-en-jujuy\/\" \/>\n<meta property=\"og:locale\" content=\"es_ES\" \/>\n<meta property=\"og:type\" content=\"article\" \/>\n<meta property=\"og:title\" content=\"Numerosos educadores sostienen con compromiso y vocaci\u00f3n el Plan de Alfabetizaci\u00f3n en Jujuy - Muy Jujuy\" \/>\n<meta property=\"og:description\" content=\"Maestros y maestras del Nivel Inicial y del Primer Ciclo de Educaci\u00f3n Primaria participaron del cuarto Ateneo Did\u00e1ctico sobre Alfabetizaci\u00f3n, desarrollado en distintas zonas de nuestra provincia. San Salvador de Jujuy, El Carmen, San Pedro, Libertador General San Mart\u00edn, Tilcara, Humahuaca, Abra Pampa y La Quiaca fueron las localidades que albergaron esta nueva etapa del [&hellip;]\" \/>\n<meta property=\"og:url\" content=\"https:\/\/www.muyjujuy.com\/index.php\/2025\/06\/02\/numerosos-educadores-sostienen-con-compromiso-y-vocacion-el-plan-de-alfabetizacion-en-jujuy\/\" \/>\n<meta property=\"og:site_name\" content=\"Muy Jujuy\" \/>\n<meta property=\"article:publisher\" content=\"https:\/\/www.facebook.com\/muyjujuycom\" \/>\n<meta property=\"article:published_time\" content=\"2025-06-02T15:00:27+00:00\" \/>\n<meta name=\"author\" content=\"admin\" \/>\n<meta name=\"twitter:card\" content=\"summary_large_image\" \/>\n<meta name=\"twitter:creator\" content=\"@muyjujuy\" \/>\n<meta name=\"twitter:site\" content=\"@muyjujuy\" \/>\n<meta name=\"twitter:label1\" content=\"Escrito por\" \/>\n\t<meta name=\"twitter:data1\" content=\"admin\" \/>\n\t<meta name=\"twitter:label2\" content=\"Tiempo de lectura\" \/>\n\t<meta name=\"twitter:data2\" content=\"1 minuto\" \/>\n<script type=\"application\/ld+json\" class=\"yoast-schema-graph\">{\"@context\":\"https:\\\/\\\/schema.org\",\"@graph\":[{\"@type\":\"Article\",\"@id\":\"https:\\\/\\\/www.muyjujuy.com\\\/index.php\\\/2025\\\/06\\\/02\\\/numerosos-educadores-sostienen-con-compromiso-y-vocacion-el-plan-de-alfabetizacion-en-jujuy\\\/#article\",\"isPartOf\":{\"@id\":\"https:\\\/\\\/www.muyjujuy.com\\\/index.php\\\/2025\\\/06\\\/02\\\/numerosos-educadores-sostienen-con-compromiso-y-vocacion-el-plan-de-alfabetizacion-en-jujuy\\\/\"},\"author\":{\"name\":\"admin\",\"@id\":\"https:\\\/\\\/www.muyjujuy.com\\\/#\\\/schema\\\/person\\\/a3b63db1f387ec4149299954904c5bf0\"},\"headline\":\"Numerosos educadores sostienen con compromiso y vocaci\u00f3n el Plan de Alfabetizaci\u00f3n en Jujuy\",\"datePublished\":\"2025-06-02T15:00:27+00:00\",\"mainEntityOfPage\":{\"@id\":\"https:\\\/\\\/www.muyjujuy.com\\\/index.php\\\/2025\\\/06\\\/02\\\/numerosos-educadores-sostienen-con-compromiso-y-vocacion-el-plan-de-alfabetizacion-en-jujuy\\\/\"},\"wordCount\":268,\"commentCount\":0,\"publisher\":{\"@id\":\"https:\\\/\\\/www.muyjujuy.com\\\/#organization\"},\"image\":{\"@id\":\"https:\\\/\\\/www.muyjujuy.com\\\/index.php\\\/2025\\\/06\\\/02\\\/numerosos-educadores-sostienen-con-compromiso-y-vocacion-el-plan-de-alfabetizacion-en-jujuy\\\/#primaryimage\"},\"thumbnailUrl\":\"https:\\\/\\\/www.muyjujuy.com\\\/wp-content\\\/uploads\\\/2025\\\/06\\\/docentes.jpg\",\"articleSection\":[\"JUJUY\",\"Sociedad\"],\"inLanguage\":\"es-AR\",\"potentialAction\":[{\"@type\":\"CommentAction\",\"name\":\"Comment\",\"target\":[\"https:\\\/\\\/www.muyjujuy.com\\\/index.php\\\/2025\\\/06\\\/02\\\/numerosos-educadores-sostienen-con-compromiso-y-vocacion-el-plan-de-alfabetizacion-en-jujuy\\\/#respond\"]}]},{\"@type\":\"WebPage\",\"@id\":\"https:\\\/\\\/www.muyjujuy.com\\\/index.php\\\/2025\\\/06\\\/02\\\/numerosos-educadores-sostienen-con-compromiso-y-vocacion-el-plan-de-alfabetizacion-en-jujuy\\\/\",\"url\":\"https:\\\/\\\/www.muyjujuy.com\\\/index.php\\\/2025\\\/06\\\/02\\\/numerosos-educadores-sostienen-con-compromiso-y-vocacion-el-plan-de-alfabetizacion-en-jujuy\\\/\",\"name\":\"Numerosos educadores sostienen con compromiso y vocaci\u00f3n el Plan de Alfabetizaci\u00f3n en Jujuy - Muy Jujuy\",\"isPartOf\":{\"@id\":\"https:\\\/\\\/www.muyjujuy.com\\\/#website\"},\"primaryImageOfPage\":{\"@id\":\"https:\\\/\\\/www.muyjujuy.com\\\/index.php\\\/2025\\\/06\\\/02\\\/numerosos-educadores-sostienen-con-compromiso-y-vocacion-el-plan-de-alfabetizacion-en-jujuy\\\/#primaryimage\"},\"image\":{\"@id\":\"https:\\\/\\\/www.muyjujuy.com\\\/index.php\\\/2025\\\/06\\\/02\\\/numerosos-educadores-sostienen-con-compromiso-y-vocacion-el-plan-de-alfabetizacion-en-jujuy\\\/#primaryimage\"},\"thumbnailUrl\":\"https:\\\/\\\/www.muyjujuy.com\\\/wp-content\\\/uploads\\\/2025\\\/06\\\/docentes.jpg\",\"datePublished\":\"2025-06-02T15:00:27+00:00\",\"breadcrumb\":{\"@id\":\"https:\\\/\\\/www.muyjujuy.com\\\/index.php\\\/2025\\\/06\\\/02\\\/numerosos-educadores-sostienen-con-compromiso-y-vocacion-el-plan-de-alfabetizacion-en-jujuy\\\/#breadcrumb\"},\"inLanguage\":\"es-AR\",\"potentialAction\":[{\"@type\":\"ReadAction\",\"target\":[\"https:\\\/\\\/www.muyjujuy.com\\\/index.php\\\/2025\\\/06\\\/02\\\/numerosos-educadores-sostienen-con-compromiso-y-vocacion-el-plan-de-alfabetizacion-en-jujuy\\\/\"]}]},{\"@type\":\"ImageObject\",\"inLanguage\":\"es-AR\",\"@id\":\"https:\\\/\\\/www.muyjujuy.com\\\/index.php\\\/2025\\\/06\\\/02\\\/numerosos-educadores-sostienen-con-compromiso-y-vocacion-el-plan-de-alfabetizacion-en-jujuy\\\/#primaryimage\",\"url\":\"https:\\\/\\\/www.muyjujuy.com\\\/wp-content\\\/uploads\\\/2025\\\/06\\\/docentes.jpg\",\"contentUrl\":\"https:\\\/\\\/www.muyjujuy.com\\\/wp-content\\\/uploads\\\/2025\\\/06\\\/docentes.jpg\",\"width\":819,\"height\":452},{\"@type\":\"BreadcrumbList\",\"@id\":\"https:\\\/\\\/www.muyjujuy.com\\\/index.php\\\/2025\\\/06\\\/02\\\/numerosos-educadores-sostienen-con-compromiso-y-vocacion-el-plan-de-alfabetizacion-en-jujuy\\\/#breadcrumb\",\"itemListElement\":[{\"@type\":\"ListItem\",\"position\":1,\"name\":\"Inicio\",\"item\":\"https:\\\/\\\/www.muyjujuy.com\\\/\"},{\"@type\":\"ListItem\",\"position\":2,\"name\":\"Numerosos educadores sostienen con compromiso y vocaci\u00f3n el Plan de Alfabetizaci\u00f3n en Jujuy\"}]},{\"@type\":\"WebSite\",\"@id\":\"https:\\\/\\\/www.muyjujuy.com\\\/#website\",\"url\":\"https:\\\/\\\/www.muyjujuy.com\\\/\",\"name\":\"Muy Jujuy\",\"description\":\"\",\"publisher\":{\"@id\":\"https:\\\/\\\/www.muyjujuy.com\\\/#organization\"},\"potentialAction\":[{\"@type\":\"SearchAction\",\"target\":{\"@type\":\"EntryPoint\",\"urlTemplate\":\"https:\\\/\\\/www.muyjujuy.com\\\/?s={search_term_string}\"},\"query-input\":{\"@type\":\"PropertyValueSpecification\",\"valueRequired\":true,\"valueName\":\"search_term_string\"}}],\"inLanguage\":\"es-AR\"},{\"@type\":\"Organization\",\"@id\":\"https:\\\/\\\/www.muyjujuy.com\\\/#organization\",\"name\":\"Muy Jujuy\",\"url\":\"https:\\\/\\\/www.muyjujuy.com\\\/\",\"logo\":{\"@type\":\"ImageObject\",\"inLanguage\":\"es-AR\",\"@id\":\"https:\\\/\\\/www.muyjujuy.com\\\/#\\\/schema\\\/logo\\\/image\\\/\",\"url\":\"http:\\\/\\\/www.muyjujuy.com\\\/wp-content\\\/uploads\\\/2022\\\/05\\\/logo-mobil-jujuy.png\",\"contentUrl\":\"http:\\\/\\\/www.muyjujuy.com\\\/wp-content\\\/uploads\\\/2022\\\/05\\\/logo-mobil-jujuy.png\",\"width\":174,\"height\":81,\"caption\":\"Muy Jujuy\"},\"image\":{\"@id\":\"https:\\\/\\\/www.muyjujuy.com\\\/#\\\/schema\\\/logo\\\/image\\\/\"},\"sameAs\":[\"https:\\\/\\\/www.facebook.com\\\/muyjujuycom\",\"https:\\\/\\\/x.com\\\/muyjujuy\",\"https:\\\/\\\/www.instagram.com\\\/muyjujuycom\"]},{\"@type\":\"Person\",\"@id\":\"https:\\\/\\\/www.muyjujuy.com\\\/#\\\/schema\\\/person\\\/a3b63db1f387ec4149299954904c5bf0\",\"name\":\"admin\",\"image\":{\"@type\":\"ImageObject\",\"inLanguage\":\"es-AR\",\"@id\":\"https:\\\/\\\/secure.gravatar.com\\\/avatar\\\/b6e63d8d3a73633362405a0ad27e9c28391755813b59886f19a99d6cef8a03fc?s=96&d=mm&r=g\",\"url\":\"https:\\\/\\\/secure.gravatar.com\\\/avatar\\\/b6e63d8d3a73633362405a0ad27e9c28391755813b59886f19a99d6cef8a03fc?s=96&d=mm&r=g\",\"contentUrl\":\"https:\\\/\\\/secure.gravatar.com\\\/avatar\\\/b6e63d8d3a73633362405a0ad27e9c28391755813b59886f19a99d6cef8a03fc?s=96&d=mm&r=g\",\"caption\":\"admin\"},\"url\":\"https:\\\/\\\/www.muyjujuy.com\\\/index.php\\\/author\\\/soyeleditor\\\/\"}]}<\/script>\n<!-- \/ Yoast SEO plugin. -->","yoast_head_json":{"title":"Numerosos educadores sostienen con compromiso y vocaci\u00f3n el Plan de Alfabetizaci\u00f3n en Jujuy - Muy Jujuy","robots":{"index":"index","follow":"follow","max-snippet":"max-snippet:-1","max-image-preview":"max-image-preview:large","max-video-preview":"max-video-preview:-1"},"canonical":"https:\/\/www.muyjujuy.com\/index.php\/2025\/06\/02\/numerosos-educadores-sostienen-con-compromiso-y-vocacion-el-plan-de-alfabetizacion-en-jujuy\/","og_locale":"es_ES","og_type":"article","og_title":"Numerosos educadores sostienen con compromiso y vocaci\u00f3n el Plan de Alfabetizaci\u00f3n en Jujuy - Muy Jujuy","og_description":"Maestros y maestras del Nivel Inicial y del Primer Ciclo de Educaci\u00f3n Primaria participaron del cuarto Ateneo Did\u00e1ctico sobre Alfabetizaci\u00f3n, desarrollado en distintas zonas de nuestra provincia. San Salvador de Jujuy, El Carmen, San Pedro, Libertador General San Mart\u00edn, Tilcara, Humahuaca, Abra Pampa y La Quiaca fueron las localidades que albergaron esta nueva etapa del [&hellip;]","og_url":"https:\/\/www.muyjujuy.com\/index.php\/2025\/06\/02\/numerosos-educadores-sostienen-con-compromiso-y-vocacion-el-plan-de-alfabetizacion-en-jujuy\/","og_site_name":"Muy Jujuy","article_publisher":"https:\/\/www.facebook.com\/muyjujuycom","article_published_time":"2025-06-02T15:00:27+00:00","author":"admin","twitter_card":"summary_large_image","twitter_creator":"@muyjujuy","twitter_site":"@muyjujuy","twitter_misc":{"Escrito por":"admin","Tiempo de lectura":"1 minuto"},"schema":{"@context":"https:\/\/schema.org","@graph":[{"@type":"Article","@id":"https:\/\/www.muyjujuy.com\/index.php\/2025\/06\/02\/numerosos-educadores-sostienen-con-compromiso-y-vocacion-el-plan-de-alfabetizacion-en-jujuy\/#article","isPartOf":{"@id":"https:\/\/www.muyjujuy.com\/index.php\/2025\/06\/02\/numerosos-educadores-sostienen-con-compromiso-y-vocacion-el-plan-de-alfabetizacion-en-jujuy\/"},"author":{"name":"admin","@id":"https:\/\/www.muyjujuy.com\/#\/schema\/person\/a3b63db1f387ec4149299954904c5bf0"},"headline":"Numerosos educadores sostienen con compromiso y vocaci\u00f3n el Plan de Alfabetizaci\u00f3n en Jujuy","datePublished":"2025-06-02T15:00:27+00:00","mainEntityOfPage":{"@id":"https:\/\/www.muyjujuy.com\/index.php\/2025\/06\/02\/numerosos-educadores-sostienen-con-compromiso-y-vocacion-el-plan-de-alfabetizacion-en-jujuy\/"},"wordCount":268,"commentCount":0,"publisher":{"@id":"https:\/\/www.muyjujuy.com\/#organization"},"image":{"@id":"https:\/\/www.muyjujuy.com\/index.php\/2025\/06\/02\/numerosos-educadores-sostienen-con-compromiso-y-vocacion-el-plan-de-alfabetizacion-en-jujuy\/#primaryimage"},"thumbnailUrl":"https:\/\/www.muyjujuy.com\/wp-content\/uploads\/2025\/06\/docentes.jpg","articleSection":["JUJUY","Sociedad"],"inLanguage":"es-AR","potentialAction":[{"@type":"CommentAction","name":"Comment","target":["https:\/\/www.muyjujuy.com\/index.php\/2025\/06\/02\/numerosos-educadores-sostienen-con-compromiso-y-vocacion-el-plan-de-alfabetizacion-en-jujuy\/#respond"]}]},{"@type":"WebPage","@id":"https:\/\/www.muyjujuy.com\/index.php\/2025\/06\/02\/numerosos-educadores-sostienen-con-compromiso-y-vocacion-el-plan-de-alfabetizacion-en-jujuy\/","url":"https:\/\/www.muyjujuy.com\/index.php\/2025\/06\/02\/numerosos-educadores-sostienen-con-compromiso-y-vocacion-el-plan-de-alfabetizacion-en-jujuy\/","name":"Numerosos educadores sostienen con compromiso y vocaci\u00f3n el Plan de Alfabetizaci\u00f3n en Jujuy - Muy Jujuy","isPartOf":{"@id":"https:\/\/www.muyjujuy.com\/#website"},"primaryImageOfPage":{"@id":"https:\/\/www.muyjujuy.com\/index.php\/2025\/06\/02\/numerosos-educadores-sostienen-con-compromiso-y-vocacion-el-plan-de-alfabetizacion-en-jujuy\/#primaryimage"},"image":{"@id":"https:\/\/www.muyjujuy.com\/index.php\/2025\/06\/02\/numerosos-educadores-sostienen-con-compromiso-y-vocacion-el-plan-de-alfabetizacion-en-jujuy\/#primaryimage"},"thumbnailUrl":"https:\/\/www.muyjujuy.com\/wp-content\/uploads\/2025\/06\/docentes.jpg","datePublished":"2025-06-02T15:00:27+00:00","breadcrumb":{"@id":"https:\/\/www.muyjujuy.com\/index.php\/2025\/06\/02\/numerosos-educadores-sostienen-con-compromiso-y-vocacion-el-plan-de-alfabetizacion-en-jujuy\/#breadcrumb"},"inLanguage":"es-AR","potentialAction":[{"@type":"ReadAction","target":["https:\/\/www.muyjujuy.com\/index.php\/2025\/06\/02\/numerosos-educadores-sostienen-con-compromiso-y-vocacion-el-plan-de-alfabetizacion-en-jujuy\/"]}]},{"@type":"ImageObject","inLanguage":"es-AR","@id":"https:\/\/www.muyjujuy.com\/index.php\/2025\/06\/02\/numerosos-educadores-sostienen-con-compromiso-y-vocacion-el-plan-de-alfabetizacion-en-jujuy\/#primaryimage","url":"https:\/\/www.muyjujuy.com\/wp-content\/uploads\/2025\/06\/docentes.jpg","contentUrl":"https:\/\/www.muyjujuy.com\/wp-content\/uploads\/2025\/06\/docentes.jpg","width":819,"height":452},{"@type":"BreadcrumbList","@id":"https:\/\/www.muyjujuy.com\/index.php\/2025\/06\/02\/numerosos-educadores-sostienen-con-compromiso-y-vocacion-el-plan-de-alfabetizacion-en-jujuy\/#breadcrumb","itemListElement":[{"@type":"ListItem","position":1,"name":"Inicio","item":"https:\/\/www.muyjujuy.com\/"},{"@type":"ListItem","position":2,"name":"Numerosos educadores sostienen con compromiso y vocaci\u00f3n el Plan de Alfabetizaci\u00f3n en Jujuy"}]},{"@type":"WebSite","@id":"https:\/\/www.muyjujuy.com\/#website","url":"https:\/\/www.muyjujuy.com\/","name":"Muy Jujuy","description":"","publisher":{"@id":"https:\/\/www.muyjujuy.com\/#organization"},"potentialAction":[{"@type":"SearchAction","target":{"@type":"EntryPoint","urlTemplate":"https:\/\/www.muyjujuy.com\/?s={search_term_string}"},"query-input":{"@type":"PropertyValueSpecification","valueRequired":true,"valueName":"search_term_string"}}],"inLanguage":"es-AR"},{"@type":"Organization","@id":"https:\/\/www.muyjujuy.com\/#organization","name":"Muy Jujuy","url":"https:\/\/www.muyjujuy.com\/","logo":{"@type":"ImageObject","inLanguage":"es-AR","@id":"https:\/\/www.muyjujuy.com\/#\/schema\/logo\/image\/","url":"http:\/\/www.muyjujuy.com\/wp-content\/uploads\/2022\/05\/logo-mobil-jujuy.png","contentUrl":"http:\/\/www.muyjujuy.com\/wp-content\/uploads\/2022\/05\/logo-mobil-jujuy.png","width":174,"height":81,"caption":"Muy Jujuy"},"image":{"@id":"https:\/\/www.muyjujuy.com\/#\/schema\/logo\/image\/"},"sameAs":["https:\/\/www.facebook.com\/muyjujuycom","https:\/\/x.com\/muyjujuy","https:\/\/www.instagram.com\/muyjujuycom"]},{"@type":"Person","@id":"https:\/\/www.muyjujuy.com\/#\/schema\/person\/a3b63db1f387ec4149299954904c5bf0","name":"admin","image":{"@type":"ImageObject","inLanguage":"es-AR","@id":"https:\/\/secure.gravatar.com\/avatar\/b6e63d8d3a73633362405a0ad27e9c28391755813b59886f19a99d6cef8a03fc?s=96&d=mm&r=g","url":"https:\/\/secure.gravatar.com\/avatar\/b6e63d8d3a73633362405a0ad27e9c28391755813b59886f19a99d6cef8a03fc?s=96&d=mm&r=g","contentUrl":"https:\/\/secure.gravatar.com\/avatar\/b6e63d8d3a73633362405a0ad27e9c28391755813b59886f19a99d6cef8a03fc?s=96&d=mm&r=g","caption":"admin"},"url":"https:\/\/www.muyjujuy.com\/index.php\/author\/soyeleditor\/"}]}},"_links":{"self":[{"href":"https:\/\/www.muyjujuy.com\/index.php\/wp-json\/wp\/v2\/posts\/2498","targetHints":{"allow":["GET"]}}],"collection":[{"href":"https:\/\/www.muyjujuy.com\/index.php\/wp-json\/wp\/v2\/posts"}],"about":[{"href":"https:\/\/www.muyjujuy.com\/index.php\/wp-json\/wp\/v2\/types\/post"}],"author":[{"embeddable":true,"href":"https:\/\/www.muyjujuy.com\/index.php\/wp-json\/wp\/v2\/users\/1"}],"replies":[{"embeddable":true,"href":"https:\/\/www.muyjujuy.com\/index.php\/wp-json\/wp\/v2\/comments?post=2498"}],"version-history":[{"count":1,"href":"https:\/\/www.muyjujuy.com\/index.php\/wp-json\/wp\/v2\/posts\/2498\/revisions"}],"predecessor-version":[{"id":2500,"href":"https:\/\/www.muyjujuy.com\/index.php\/wp-json\/wp\/v2\/posts\/2498\/revisions\/2500"}],"wp:featuredmedia":[{"embeddable":true,"href":"https:\/\/www.muyjujuy.com\/index.php\/wp-json\/wp\/v2\/media\/2499"}],"wp:attachment":[{"href":"https:\/\/www.muyjujuy.com\/index.php\/wp-json\/wp\/v2\/media?parent=2498"}],"wp:term":[{"taxonomy":"category","embeddable":true,"href":"https:\/\/www.muyjujuy.com\/index.php\/wp-json\/wp\/v2\/categories?post=2498"},{"taxonomy":"post_tag","embeddable":true,"href":"https:\/\/www.muyjujuy.com\/index.php\/wp-json\/wp\/v2\/tags?post=2498"}],"curies":[{"name":"wp","href":"https:\/\/api.w.org\/{rel}","templated":true}]}}