{"id":2504,"date":"2025-06-02T12:10:34","date_gmt":"2025-06-02T15:10:34","guid":{"rendered":"https:\/\/www.muyjujuy.com\/?p=2504"},"modified":"2025-06-02T12:10:34","modified_gmt":"2025-06-02T15:10:34","slug":"el-ejecutivo-nacional-establecio-nuevos-criterios-para-el-acceso-al-servicio-militar-voluntario","status":"publish","type":"post","link":"https:\/\/www.muyjujuy.com\/index.php\/2025\/06\/02\/el-ejecutivo-nacional-establecio-nuevos-criterios-para-el-acceso-al-servicio-militar-voluntario\/","title":{"rendered":"El Ejecutivo nacional estableci\u00f3 nuevos criterios para el acceso al Servicio Militar Voluntario"},"content":{"rendered":"\n<p><strong>La disposici\u00f3n fue difundida este lunes a trav\u00e9s del Bolet\u00edn Oficial. El prop\u00f3sito es robustecer tanto la formaci\u00f3n acad\u00e9mica como las capacidades operativas de los soldados.<\/strong><\/p>\n\n\n\n<p>El Gobierno de la Naci\u00f3n introdujo este lunes cambios en el r\u00e9gimen del <strong>Servicio Militar Voluntario<\/strong>, con la finalidad de <strong>adaptarlo a las actuales demandas<\/strong> de las Fuerzas Armadas.<\/p>\n\n\n\n<p>La iniciativa, que ya hab\u00eda sido adelantada por el vocero presidencial <strong>Manuel Adorni<\/strong> y el titular de la cartera de Defensa, <strong>Luis Petri<\/strong>, se formaliz\u00f3 mediante el <strong>Decreto 372\/2025<\/strong>, divulgado en el Bolet\u00edn Oficial.<\/p>\n\n\n\n<p>La actualizaci\u00f3n normativa incorpora <strong>condiciones m\u00e1s estrictas<\/strong> para el ingreso, la continuidad y el proceso de formaci\u00f3n de los j\u00f3venes de entre <strong>18 y 28 a\u00f1os<\/strong> que se sumen como <strong>tropa voluntaria<\/strong>. Uno de los pilares centrales de la reforma es la exigencia de <strong>culminar el nivel secundario<\/strong> durante el per\u00edodo de servicio, conforme al art\u00edculo 29 de la <strong>Ley de Educaci\u00f3n Nacional N.\u00ba 26.206<\/strong>.<\/p>\n\n\n\n<p>De acuerdo con los fundamentos del decreto, los cambios tienen como meta disponer de soldados \u201c<strong>altamente preparados, educados y entrenados<\/strong>\u201d. En ese marco, el Estado se compromete a garantizar no solo la terminaci\u00f3n de los estudios secundarios, sino tambi\u00e9n <strong>formaci\u00f3n en oficios<\/strong> y otras herramientas \u00fatiles para la inserci\u00f3n laboral.<\/p>\n\n\n\n<p>\u201cEl Ministerio de Defensa desarrollar\u00e1 un programa educativo orientado a asegurar la finalizaci\u00f3n del ciclo secundario, el cual ser\u00e1 remitido a la Secretar\u00eda de Educaci\u00f3n para su correspondiente aprobaci\u00f3n\u201d, se indica en la norma. Asimismo, se especifica que dicha participaci\u00f3n \u201c<strong>no deber\u00e1 interferir con las funciones del servicio militar<\/strong>\u201d.<\/p>\n\n\n\n<p>Para ingresar, ser\u00e1 necesario haber terminado <strong>la educaci\u00f3n primaria<\/strong>, pasar satisfactoriamente <strong>una evaluaci\u00f3n psicof\u00edsica<\/strong> y aprobar <strong>un curso de admisi\u00f3n<\/strong> cuya duraci\u00f3n se establecer\u00e1 entre 10 y 12 semanas.<\/p>\n\n\n\n<p>Tambi\u00e9n fue redefinido el procedimiento para el <strong>otorgamiento del alta definitiva<\/strong>. Una vez cumplidos los dos a\u00f1os del primer compromiso, la autoridad de cada Fuerza podr\u00e1 concederla a quienes expresen su intenci\u00f3n de continuar, <strong>siempre que hayan concluido el secundario<\/strong> y sean evaluados como \u201captos para continuar en servicio activo\u201d.<\/p>\n\n\n\n<p>De forma excepcional, se contemplar\u00e1n <strong>hasta dos renovaciones adicionales<\/strong>, tambi\u00e9n de dos a\u00f1os, cuando se acredite un <strong>rendimiento sobresaliente<\/strong> y progresos efectivos en la formaci\u00f3n escolar.<\/p>\n\n\n\n<p>El decreto, rubricado por el presidente <strong>Javier Milei<\/strong>, el jefe de Gabinete <strong>Guillermo Francos<\/strong> y el ministro <strong>Luis Petri<\/strong>, determina adem\u00e1s que la cantidad de voluntarios a incorporar ser\u00e1 definida en funci\u00f3n de \u201c<strong>las necesidades espec\u00edficas de cada Fuerza, conforme al Planeamiento de la Defensa Nacional<\/strong>\u201d.<\/p>\n\n\n\n<p>Finalmente, la normativa <strong>reitera la funci\u00f3n de las Fuerzas Armadas<\/strong> en acciones de apoyo a la comunidad frente a situaciones de emergencia o cat\u00e1strofes, subrayando que los soldados voluntarios deber\u00e1n ser instruidos tambi\u00e9n en esas capacidades espec\u00edficas.<\/p>\n\n\n\n<p>Esta modificaci\u00f3n reemplaza y ampl\u00eda lo dispuesto por el <strong>Decreto N.\u00ba 978\/95<\/strong>, reglamentario de la <strong>Ley N.\u00ba 24.429<\/strong>, con el prop\u00f3sito de ajustar el servicio a \u201clos cambios en las prioridades de la Pol\u00edtica de Defensa\u201d y al \u201ccrecimiento en la necesidad de formaci\u00f3n t\u00e9cnica dentro del \u00e1mbito castrense\u201d.<\/p>\n","protected":false},"excerpt":{"rendered":"<p>La disposici\u00f3n fue difundida este lunes a trav\u00e9s del Bolet\u00edn Oficial. El prop\u00f3sito es robustecer tanto la formaci\u00f3n acad\u00e9mica como las capacidades operativas de los soldados. El Gobierno de la Naci\u00f3n introdujo este lunes cambios en el r\u00e9gimen del Servicio Militar Voluntario, con la finalidad de adaptarlo a las actuales demandas de las Fuerzas Armadas. [&hellip;]<\/p>\n","protected":false},"author":1,"featured_media":2505,"comment_status":"open","ping_status":"open","sticky":false,"template":"","format":"standard","meta":{"footnotes":""},"categories":[863,24],"tags":[],"class_list":{"0":"post-2504","1":"post","2":"type-post","3":"status-publish","4":"format-standard","5":"has-post-thumbnail","7":"category-jujuy","8":"category-politica"},"yoast_head":"<!-- This site is optimized with the Yoast SEO plugin v27.5 - https:\/\/yoast.com\/product\/yoast-seo-wordpress\/ -->\n<title>El Ejecutivo nacional estableci\u00f3 nuevos criterios para el acceso al Servicio Militar Voluntario - Muy Jujuy<\/title>\n<meta name=\"robots\" content=\"index, follow, max-snippet:-1, max-image-preview:large, max-video-preview:-1\" \/>\n<link rel=\"canonical\" href=\"https:\/\/www.muyjujuy.com\/index.php\/2025\/06\/02\/el-ejecutivo-nacional-establecio-nuevos-criterios-para-el-acceso-al-servicio-militar-voluntario\/\" \/>\n<meta property=\"og:locale\" content=\"es_ES\" \/>\n<meta property=\"og:type\" content=\"article\" \/>\n<meta property=\"og:title\" content=\"El Ejecutivo nacional estableci\u00f3 nuevos criterios para el acceso al Servicio Militar Voluntario - Muy Jujuy\" \/>\n<meta property=\"og:description\" content=\"La disposici\u00f3n fue difundida este lunes a trav\u00e9s del Bolet\u00edn Oficial. El prop\u00f3sito es robustecer tanto la formaci\u00f3n acad\u00e9mica como las capacidades operativas de los soldados. El Gobierno de la Naci\u00f3n introdujo este lunes cambios en el r\u00e9gimen del Servicio Militar Voluntario, con la finalidad de adaptarlo a las actuales demandas de las Fuerzas Armadas. [&hellip;]\" \/>\n<meta property=\"og:url\" content=\"https:\/\/www.muyjujuy.com\/index.php\/2025\/06\/02\/el-ejecutivo-nacional-establecio-nuevos-criterios-para-el-acceso-al-servicio-militar-voluntario\/\" \/>\n<meta property=\"og:site_name\" content=\"Muy Jujuy\" \/>\n<meta property=\"article:publisher\" content=\"https:\/\/www.facebook.com\/muyjujuycom\" \/>\n<meta property=\"article:published_time\" content=\"2025-06-02T15:10:34+00:00\" \/>\n<meta name=\"author\" content=\"admin\" \/>\n<meta name=\"twitter:card\" content=\"summary_large_image\" \/>\n<meta name=\"twitter:creator\" content=\"@muyjujuy\" \/>\n<meta name=\"twitter:site\" content=\"@muyjujuy\" \/>\n<meta name=\"twitter:label1\" content=\"Escrito por\" \/>\n\t<meta name=\"twitter:data1\" content=\"admin\" \/>\n\t<meta name=\"twitter:label2\" content=\"Tiempo de lectura\" \/>\n\t<meta name=\"twitter:data2\" content=\"3 minutos\" \/>\n<script type=\"application\/ld+json\" class=\"yoast-schema-graph\">{\"@context\":\"https:\\\/\\\/schema.org\",\"@graph\":[{\"@type\":\"Article\",\"@id\":\"https:\\\/\\\/www.muyjujuy.com\\\/index.php\\\/2025\\\/06\\\/02\\\/el-ejecutivo-nacional-establecio-nuevos-criterios-para-el-acceso-al-servicio-militar-voluntario\\\/#article\",\"isPartOf\":{\"@id\":\"https:\\\/\\\/www.muyjujuy.com\\\/index.php\\\/2025\\\/06\\\/02\\\/el-ejecutivo-nacional-establecio-nuevos-criterios-para-el-acceso-al-servicio-militar-voluntario\\\/\"},\"author\":{\"name\":\"admin\",\"@id\":\"https:\\\/\\\/www.muyjujuy.com\\\/#\\\/schema\\\/person\\\/a3b63db1f387ec4149299954904c5bf0\"},\"headline\":\"El Ejecutivo nacional estableci\u00f3 nuevos criterios para el acceso al Servicio Militar Voluntario\",\"datePublished\":\"2025-06-02T15:10:34+00:00\",\"mainEntityOfPage\":{\"@id\":\"https:\\\/\\\/www.muyjujuy.com\\\/index.php\\\/2025\\\/06\\\/02\\\/el-ejecutivo-nacional-establecio-nuevos-criterios-para-el-acceso-al-servicio-militar-voluntario\\\/\"},\"wordCount\":547,\"commentCount\":0,\"publisher\":{\"@id\":\"https:\\\/\\\/www.muyjujuy.com\\\/#organization\"},\"image\":{\"@id\":\"https:\\\/\\\/www.muyjujuy.com\\\/index.php\\\/2025\\\/06\\\/02\\\/el-ejecutivo-nacional-establecio-nuevos-criterios-para-el-acceso-al-servicio-militar-voluntario\\\/#primaryimage\"},\"thumbnailUrl\":\"https:\\\/\\\/www.muyjujuy.com\\\/wp-content\\\/uploads\\\/2025\\\/06\\\/servicio.jpg\",\"articleSection\":[\"JUJUY\",\"Pol\u00edtica\"],\"inLanguage\":\"es-AR\",\"potentialAction\":[{\"@type\":\"CommentAction\",\"name\":\"Comment\",\"target\":[\"https:\\\/\\\/www.muyjujuy.com\\\/index.php\\\/2025\\\/06\\\/02\\\/el-ejecutivo-nacional-establecio-nuevos-criterios-para-el-acceso-al-servicio-militar-voluntario\\\/#respond\"]}]},{\"@type\":\"WebPage\",\"@id\":\"https:\\\/\\\/www.muyjujuy.com\\\/index.php\\\/2025\\\/06\\\/02\\\/el-ejecutivo-nacional-establecio-nuevos-criterios-para-el-acceso-al-servicio-militar-voluntario\\\/\",\"url\":\"https:\\\/\\\/www.muyjujuy.com\\\/index.php\\\/2025\\\/06\\\/02\\\/el-ejecutivo-nacional-establecio-nuevos-criterios-para-el-acceso-al-servicio-militar-voluntario\\\/\",\"name\":\"El Ejecutivo nacional estableci\u00f3 nuevos criterios para el acceso al Servicio Militar Voluntario - Muy Jujuy\",\"isPartOf\":{\"@id\":\"https:\\\/\\\/www.muyjujuy.com\\\/#website\"},\"primaryImageOfPage\":{\"@id\":\"https:\\\/\\\/www.muyjujuy.com\\\/index.php\\\/2025\\\/06\\\/02\\\/el-ejecutivo-nacional-establecio-nuevos-criterios-para-el-acceso-al-servicio-militar-voluntario\\\/#primaryimage\"},\"image\":{\"@id\":\"https:\\\/\\\/www.muyjujuy.com\\\/index.php\\\/2025\\\/06\\\/02\\\/el-ejecutivo-nacional-establecio-nuevos-criterios-para-el-acceso-al-servicio-militar-voluntario\\\/#primaryimage\"},\"thumbnailUrl\":\"https:\\\/\\\/www.muyjujuy.com\\\/wp-content\\\/uploads\\\/2025\\\/06\\\/servicio.jpg\",\"datePublished\":\"2025-06-02T15:10:34+00:00\",\"breadcrumb\":{\"@id\":\"https:\\\/\\\/www.muyjujuy.com\\\/index.php\\\/2025\\\/06\\\/02\\\/el-ejecutivo-nacional-establecio-nuevos-criterios-para-el-acceso-al-servicio-militar-voluntario\\\/#breadcrumb\"},\"inLanguage\":\"es-AR\",\"potentialAction\":[{\"@type\":\"ReadAction\",\"target\":[\"https:\\\/\\\/www.muyjujuy.com\\\/index.php\\\/2025\\\/06\\\/02\\\/el-ejecutivo-nacional-establecio-nuevos-criterios-para-el-acceso-al-servicio-militar-voluntario\\\/\"]}]},{\"@type\":\"ImageObject\",\"inLanguage\":\"es-AR\",\"@id\":\"https:\\\/\\\/www.muyjujuy.com\\\/index.php\\\/2025\\\/06\\\/02\\\/el-ejecutivo-nacional-establecio-nuevos-criterios-para-el-acceso-al-servicio-militar-voluntario\\\/#primaryimage\",\"url\":\"https:\\\/\\\/www.muyjujuy.com\\\/wp-content\\\/uploads\\\/2025\\\/06\\\/servicio.jpg\",\"contentUrl\":\"https:\\\/\\\/www.muyjujuy.com\\\/wp-content\\\/uploads\\\/2025\\\/06\\\/servicio.jpg\",\"width\":896,\"height\":496},{\"@type\":\"BreadcrumbList\",\"@id\":\"https:\\\/\\\/www.muyjujuy.com\\\/index.php\\\/2025\\\/06\\\/02\\\/el-ejecutivo-nacional-establecio-nuevos-criterios-para-el-acceso-al-servicio-militar-voluntario\\\/#breadcrumb\",\"itemListElement\":[{\"@type\":\"ListItem\",\"position\":1,\"name\":\"Inicio\",\"item\":\"https:\\\/\\\/www.muyjujuy.com\\\/\"},{\"@type\":\"ListItem\",\"position\":2,\"name\":\"El Ejecutivo nacional estableci\u00f3 nuevos criterios para el acceso al Servicio Militar Voluntario\"}]},{\"@type\":\"WebSite\",\"@id\":\"https:\\\/\\\/www.muyjujuy.com\\\/#website\",\"url\":\"https:\\\/\\\/www.muyjujuy.com\\\/\",\"name\":\"Muy Jujuy\",\"description\":\"\",\"publisher\":{\"@id\":\"https:\\\/\\\/www.muyjujuy.com\\\/#organization\"},\"potentialAction\":[{\"@type\":\"SearchAction\",\"target\":{\"@type\":\"EntryPoint\",\"urlTemplate\":\"https:\\\/\\\/www.muyjujuy.com\\\/?s={search_term_string}\"},\"query-input\":{\"@type\":\"PropertyValueSpecification\",\"valueRequired\":true,\"valueName\":\"search_term_string\"}}],\"inLanguage\":\"es-AR\"},{\"@type\":\"Organization\",\"@id\":\"https:\\\/\\\/www.muyjujuy.com\\\/#organization\",\"name\":\"Muy Jujuy\",\"url\":\"https:\\\/\\\/www.muyjujuy.com\\\/\",\"logo\":{\"@type\":\"ImageObject\",\"inLanguage\":\"es-AR\",\"@id\":\"https:\\\/\\\/www.muyjujuy.com\\\/#\\\/schema\\\/logo\\\/image\\\/\",\"url\":\"http:\\\/\\\/www.muyjujuy.com\\\/wp-content\\\/uploads\\\/2022\\\/05\\\/logo-mobil-jujuy.png\",\"contentUrl\":\"http:\\\/\\\/www.muyjujuy.com\\\/wp-content\\\/uploads\\\/2022\\\/05\\\/logo-mobil-jujuy.png\",\"width\":174,\"height\":81,\"caption\":\"Muy Jujuy\"},\"image\":{\"@id\":\"https:\\\/\\\/www.muyjujuy.com\\\/#\\\/schema\\\/logo\\\/image\\\/\"},\"sameAs\":[\"https:\\\/\\\/www.facebook.com\\\/muyjujuycom\",\"https:\\\/\\\/x.com\\\/muyjujuy\",\"https:\\\/\\\/www.instagram.com\\\/muyjujuycom\"]},{\"@type\":\"Person\",\"@id\":\"https:\\\/\\\/www.muyjujuy.com\\\/#\\\/schema\\\/person\\\/a3b63db1f387ec4149299954904c5bf0\",\"name\":\"admin\",\"image\":{\"@type\":\"ImageObject\",\"inLanguage\":\"es-AR\",\"@id\":\"https:\\\/\\\/secure.gravatar.com\\\/avatar\\\/b6e63d8d3a73633362405a0ad27e9c28391755813b59886f19a99d6cef8a03fc?s=96&d=mm&r=g\",\"url\":\"https:\\\/\\\/secure.gravatar.com\\\/avatar\\\/b6e63d8d3a73633362405a0ad27e9c28391755813b59886f19a99d6cef8a03fc?s=96&d=mm&r=g\",\"contentUrl\":\"https:\\\/\\\/secure.gravatar.com\\\/avatar\\\/b6e63d8d3a73633362405a0ad27e9c28391755813b59886f19a99d6cef8a03fc?s=96&d=mm&r=g\",\"caption\":\"admin\"},\"url\":\"https:\\\/\\\/www.muyjujuy.com\\\/index.php\\\/author\\\/soyeleditor\\\/\"}]}<\/script>\n<!-- \/ Yoast SEO plugin. -->","yoast_head_json":{"title":"El Ejecutivo nacional estableci\u00f3 nuevos criterios para el acceso al Servicio Militar Voluntario - Muy Jujuy","robots":{"index":"index","follow":"follow","max-snippet":"max-snippet:-1","max-image-preview":"max-image-preview:large","max-video-preview":"max-video-preview:-1"},"canonical":"https:\/\/www.muyjujuy.com\/index.php\/2025\/06\/02\/el-ejecutivo-nacional-establecio-nuevos-criterios-para-el-acceso-al-servicio-militar-voluntario\/","og_locale":"es_ES","og_type":"article","og_title":"El Ejecutivo nacional estableci\u00f3 nuevos criterios para el acceso al Servicio Militar Voluntario - Muy Jujuy","og_description":"La disposici\u00f3n fue difundida este lunes a trav\u00e9s del Bolet\u00edn Oficial. El prop\u00f3sito es robustecer tanto la formaci\u00f3n acad\u00e9mica como las capacidades operativas de los soldados. El Gobierno de la Naci\u00f3n introdujo este lunes cambios en el r\u00e9gimen del Servicio Militar Voluntario, con la finalidad de adaptarlo a las actuales demandas de las Fuerzas Armadas. [&hellip;]","og_url":"https:\/\/www.muyjujuy.com\/index.php\/2025\/06\/02\/el-ejecutivo-nacional-establecio-nuevos-criterios-para-el-acceso-al-servicio-militar-voluntario\/","og_site_name":"Muy Jujuy","article_publisher":"https:\/\/www.facebook.com\/muyjujuycom","article_published_time":"2025-06-02T15:10:34+00:00","author":"admin","twitter_card":"summary_large_image","twitter_creator":"@muyjujuy","twitter_site":"@muyjujuy","twitter_misc":{"Escrito por":"admin","Tiempo de lectura":"3 minutos"},"schema":{"@context":"https:\/\/schema.org","@graph":[{"@type":"Article","@id":"https:\/\/www.muyjujuy.com\/index.php\/2025\/06\/02\/el-ejecutivo-nacional-establecio-nuevos-criterios-para-el-acceso-al-servicio-militar-voluntario\/#article","isPartOf":{"@id":"https:\/\/www.muyjujuy.com\/index.php\/2025\/06\/02\/el-ejecutivo-nacional-establecio-nuevos-criterios-para-el-acceso-al-servicio-militar-voluntario\/"},"author":{"name":"admin","@id":"https:\/\/www.muyjujuy.com\/#\/schema\/person\/a3b63db1f387ec4149299954904c5bf0"},"headline":"El Ejecutivo nacional estableci\u00f3 nuevos criterios para el acceso al Servicio Militar Voluntario","datePublished":"2025-06-02T15:10:34+00:00","mainEntityOfPage":{"@id":"https:\/\/www.muyjujuy.com\/index.php\/2025\/06\/02\/el-ejecutivo-nacional-establecio-nuevos-criterios-para-el-acceso-al-servicio-militar-voluntario\/"},"wordCount":547,"commentCount":0,"publisher":{"@id":"https:\/\/www.muyjujuy.com\/#organization"},"image":{"@id":"https:\/\/www.muyjujuy.com\/index.php\/2025\/06\/02\/el-ejecutivo-nacional-establecio-nuevos-criterios-para-el-acceso-al-servicio-militar-voluntario\/#primaryimage"},"thumbnailUrl":"https:\/\/www.muyjujuy.com\/wp-content\/uploads\/2025\/06\/servicio.jpg","articleSection":["JUJUY","Pol\u00edtica"],"inLanguage":"es-AR","potentialAction":[{"@type":"CommentAction","name":"Comment","target":["https:\/\/www.muyjujuy.com\/index.php\/2025\/06\/02\/el-ejecutivo-nacional-establecio-nuevos-criterios-para-el-acceso-al-servicio-militar-voluntario\/#respond"]}]},{"@type":"WebPage","@id":"https:\/\/www.muyjujuy.com\/index.php\/2025\/06\/02\/el-ejecutivo-nacional-establecio-nuevos-criterios-para-el-acceso-al-servicio-militar-voluntario\/","url":"https:\/\/www.muyjujuy.com\/index.php\/2025\/06\/02\/el-ejecutivo-nacional-establecio-nuevos-criterios-para-el-acceso-al-servicio-militar-voluntario\/","name":"El Ejecutivo nacional estableci\u00f3 nuevos criterios para el acceso al Servicio Militar Voluntario - Muy Jujuy","isPartOf":{"@id":"https:\/\/www.muyjujuy.com\/#website"},"primaryImageOfPage":{"@id":"https:\/\/www.muyjujuy.com\/index.php\/2025\/06\/02\/el-ejecutivo-nacional-establecio-nuevos-criterios-para-el-acceso-al-servicio-militar-voluntario\/#primaryimage"},"image":{"@id":"https:\/\/www.muyjujuy.com\/index.php\/2025\/06\/02\/el-ejecutivo-nacional-establecio-nuevos-criterios-para-el-acceso-al-servicio-militar-voluntario\/#primaryimage"},"thumbnailUrl":"https:\/\/www.muyjujuy.com\/wp-content\/uploads\/2025\/06\/servicio.jpg","datePublished":"2025-06-02T15:10:34+00:00","breadcrumb":{"@id":"https:\/\/www.muyjujuy.com\/index.php\/2025\/06\/02\/el-ejecutivo-nacional-establecio-nuevos-criterios-para-el-acceso-al-servicio-militar-voluntario\/#breadcrumb"},"inLanguage":"es-AR","potentialAction":[{"@type":"ReadAction","target":["https:\/\/www.muyjujuy.com\/index.php\/2025\/06\/02\/el-ejecutivo-nacional-establecio-nuevos-criterios-para-el-acceso-al-servicio-militar-voluntario\/"]}]},{"@type":"ImageObject","inLanguage":"es-AR","@id":"https:\/\/www.muyjujuy.com\/index.php\/2025\/06\/02\/el-ejecutivo-nacional-establecio-nuevos-criterios-para-el-acceso-al-servicio-militar-voluntario\/#primaryimage","url":"https:\/\/www.muyjujuy.com\/wp-content\/uploads\/2025\/06\/servicio.jpg","contentUrl":"https:\/\/www.muyjujuy.com\/wp-content\/uploads\/2025\/06\/servicio.jpg","width":896,"height":496},{"@type":"BreadcrumbList","@id":"https:\/\/www.muyjujuy.com\/index.php\/2025\/06\/02\/el-ejecutivo-nacional-establecio-nuevos-criterios-para-el-acceso-al-servicio-militar-voluntario\/#breadcrumb","itemListElement":[{"@type":"ListItem","position":1,"name":"Inicio","item":"https:\/\/www.muyjujuy.com\/"},{"@type":"ListItem","position":2,"name":"El Ejecutivo nacional estableci\u00f3 nuevos criterios para el acceso al Servicio Militar Voluntario"}]},{"@type":"WebSite","@id":"https:\/\/www.muyjujuy.com\/#website","url":"https:\/\/www.muyjujuy.com\/","name":"Muy Jujuy","description":"","publisher":{"@id":"https:\/\/www.muyjujuy.com\/#organization"},"potentialAction":[{"@type":"SearchAction","target":{"@type":"EntryPoint","urlTemplate":"https:\/\/www.muyjujuy.com\/?s={search_term_string}"},"query-input":{"@type":"PropertyValueSpecification","valueRequired":true,"valueName":"search_term_string"}}],"inLanguage":"es-AR"},{"@type":"Organization","@id":"https:\/\/www.muyjujuy.com\/#organization","name":"Muy Jujuy","url":"https:\/\/www.muyjujuy.com\/","logo":{"@type":"ImageObject","inLanguage":"es-AR","@id":"https:\/\/www.muyjujuy.com\/#\/schema\/logo\/image\/","url":"http:\/\/www.muyjujuy.com\/wp-content\/uploads\/2022\/05\/logo-mobil-jujuy.png","contentUrl":"http:\/\/www.muyjujuy.com\/wp-content\/uploads\/2022\/05\/logo-mobil-jujuy.png","width":174,"height":81,"caption":"Muy Jujuy"},"image":{"@id":"https:\/\/www.muyjujuy.com\/#\/schema\/logo\/image\/"},"sameAs":["https:\/\/www.facebook.com\/muyjujuycom","https:\/\/x.com\/muyjujuy","https:\/\/www.instagram.com\/muyjujuycom"]},{"@type":"Person","@id":"https:\/\/www.muyjujuy.com\/#\/schema\/person\/a3b63db1f387ec4149299954904c5bf0","name":"admin","image":{"@type":"ImageObject","inLanguage":"es-AR","@id":"https:\/\/secure.gravatar.com\/avatar\/b6e63d8d3a73633362405a0ad27e9c28391755813b59886f19a99d6cef8a03fc?s=96&d=mm&r=g","url":"https:\/\/secure.gravatar.com\/avatar\/b6e63d8d3a73633362405a0ad27e9c28391755813b59886f19a99d6cef8a03fc?s=96&d=mm&r=g","contentUrl":"https:\/\/secure.gravatar.com\/avatar\/b6e63d8d3a73633362405a0ad27e9c28391755813b59886f19a99d6cef8a03fc?s=96&d=mm&r=g","caption":"admin"},"url":"https:\/\/www.muyjujuy.com\/index.php\/author\/soyeleditor\/"}]}},"_links":{"self":[{"href":"https:\/\/www.muyjujuy.com\/index.php\/wp-json\/wp\/v2\/posts\/2504","targetHints":{"allow":["GET"]}}],"collection":[{"href":"https:\/\/www.muyjujuy.com\/index.php\/wp-json\/wp\/v2\/posts"}],"about":[{"href":"https:\/\/www.muyjujuy.com\/index.php\/wp-json\/wp\/v2\/types\/post"}],"author":[{"embeddable":true,"href":"https:\/\/www.muyjujuy.com\/index.php\/wp-json\/wp\/v2\/users\/1"}],"replies":[{"embeddable":true,"href":"https:\/\/www.muyjujuy.com\/index.php\/wp-json\/wp\/v2\/comments?post=2504"}],"version-history":[{"count":1,"href":"https:\/\/www.muyjujuy.com\/index.php\/wp-json\/wp\/v2\/posts\/2504\/revisions"}],"predecessor-version":[{"id":2506,"href":"https:\/\/www.muyjujuy.com\/index.php\/wp-json\/wp\/v2\/posts\/2504\/revisions\/2506"}],"wp:featuredmedia":[{"embeddable":true,"href":"https:\/\/www.muyjujuy.com\/index.php\/wp-json\/wp\/v2\/media\/2505"}],"wp:attachment":[{"href":"https:\/\/www.muyjujuy.com\/index.php\/wp-json\/wp\/v2\/media?parent=2504"}],"wp:term":[{"taxonomy":"category","embeddable":true,"href":"https:\/\/www.muyjujuy.com\/index.php\/wp-json\/wp\/v2\/categories?post=2504"},{"taxonomy":"post_tag","embeddable":true,"href":"https:\/\/www.muyjujuy.com\/index.php\/wp-json\/wp\/v2\/tags?post=2504"}],"curies":[{"name":"wp","href":"https:\/\/api.w.org\/{rel}","templated":true}]}}