{"id":2521,"date":"2025-06-04T12:10:55","date_gmt":"2025-06-04T15:10:55","guid":{"rendered":"https:\/\/www.muyjujuy.com\/?p=2521"},"modified":"2025-06-04T12:10:55","modified_gmt":"2025-06-04T15:10:55","slug":"pavimentaron-14-cuadras-en-avenida-yuto-de-alto-comedero","status":"publish","type":"post","link":"https:\/\/www.muyjujuy.com\/index.php\/2025\/06\/04\/pavimentaron-14-cuadras-en-avenida-yuto-de-alto-comedero\/","title":{"rendered":"Pavimentaron 14 cuadras en avenida Yuto de Alto Comedero"},"content":{"rendered":"\n<p><strong>La renovaci\u00f3n de la avenida Yuto representa un significativo progreso en materia de conectividad, optimizando el tr\u00e1nsito del transporte p\u00fablico, la recolecci\u00f3n de residuos y la movilidad cotidiana de los habitantes.<\/strong><\/p>\n\n\n\n<p>El intendente <strong>Ra\u00fal &#8220;Chuli&#8221; Jorge<\/strong> supervis\u00f3 la conclusi\u00f3n de la segunda fase de pavimentaci\u00f3n en la <strong>avenida Yuto<\/strong>, ubicada en el barrio <strong>Alto Comedero<\/strong>, entre las avenidas <strong>Carlos Snopek<\/strong> y <strong>Chalic\u00e1n<\/strong>. Con esta intervenci\u00f3n, se habilitan al tr\u00e1nsito vehicular y peatonal unas <strong>14 cuadras completamente renovadas<\/strong>, que ahora cuentan con una nueva capa asf\u00e1ltica, mejorando de forma significativa un eje vial esencial en esta zona de alta densidad poblacional.<\/p>\n\n\n\n<p>Durante la inspecci\u00f3n, el jefe comunal subray\u00f3: <strong>&#8220;Desde el Municipio seguimos trabajando de forma ininterrumpida. Ya no estamos en tiempo de elecciones, ese ciclo finaliz\u00f3. En estas primeras semanas del nuevo mandato, estamos cumpliendo los compromisos asumidos con los vecinos. La puesta en valor de la avenida Yuto es un gran paso adelante en t\u00e9rminos de conexi\u00f3n urbana, mejorando el recorrido de colectivos, el servicio de recolecci\u00f3n y la movilidad general de la comunidad&#8221;.<\/strong><\/p>\n\n\n\n<p><strong>Jorge estuvo acompa\u00f1ado por los secretarios de Obras P\u00fablicas y de Gobierno, Aldo Montiel y Ezequiel Aldao Fascio<\/strong>, adem\u00e1s del responsable de la Delegaci\u00f3n Municipal de Alto Comedero, <strong>Iv\u00e1n Meri<\/strong>.<\/p>\n\n\n\n<p>En esa l\u00ednea, <strong>Aldo Montiel<\/strong> precis\u00f3 que esta segunda etapa incluy\u00f3 el trayecto entre las avenidas <strong>Ingeniero Snopek<\/strong> y <strong>Chalic\u00e1n<\/strong>, y que se vincula tambi\u00e9n con la <strong>avenida Forestal<\/strong>. <strong>&#8220;Se pavimentaron m\u00e1s de catorce cuadras con cord\u00f3n cuneta, badenes, bocacalles de hormig\u00f3n y una capa final de asfalto en caliente, dotando al corredor de una infraestructura segura y de calidad&#8221;,<\/strong> puntualiz\u00f3.<\/p>\n\n\n\n<p>Asimismo, se asfaltaron calles transversales como <strong>Arenal<\/strong> \u2014ubicada detr\u00e1s del Club Comercio\u2014, <strong>Mina 9 de Octubre<\/strong>, donde recientemente abri\u00f3 una nueva sucursal del <strong>Banco Macro<\/strong>, y <strong>Chalic\u00e1n<\/strong>, consolidando v\u00edas alternativas que optimizan los recorridos del transporte p\u00fablico de pasajeros.<\/p>\n\n\n\n<p>Por su parte, <strong>Ezequiel Aldao Fascio<\/strong> remarc\u00f3 que estas obras se inscriben dentro de un <strong>programa integral de renovaci\u00f3n urbana<\/strong>. <strong>&#8220;A estos trabajos se suma la modernizaci\u00f3n del alumbrado p\u00fablico en cinco cuadras, con luminarias LED de \u00faltima tecnolog\u00eda. Tambi\u00e9n inauguramos hace poco el nuevo Centro de Zoonosis, fortaleciendo la presencia estatal con servicios e infraestructura de calidad en el barrio&#8221;,<\/strong> se\u00f1al\u00f3.<\/p>\n\n\n\n<p>Finalmente, <strong>Iv\u00e1n Meri<\/strong> destac\u00f3 el acompa\u00f1amiento de la Delegaci\u00f3n en las tareas complementarias: <strong>&#8220;Desde nuestra dependencia colaboramos en la modernizaci\u00f3n del sistema de iluminaci\u00f3n, sustituyendo los antiguos artefactos por tecnolog\u00eda LED en toda la zona intervenida. Esto mejora visiblemente tanto la circulaci\u00f3n como la seguridad para los vecinos&#8221;.<\/strong><\/p>\n\n\n\n<p>Tambi\u00e9n resalt\u00f3 que fueron asfaltadas otras arterias que cruzan la Yuto, como <strong>Arenal<\/strong>, <strong>Mina 9 de Octubre<\/strong> y <strong>Chalic\u00e1n<\/strong>. <strong>&#8220;De este modo, consolidamos trayectos alternativos para el colectivo, principal protagonista del tr\u00e1nsito diario, y logramos una continuidad m\u00e1s fluida en las calles&#8221;,<\/strong> concluy\u00f3.<\/p>\n","protected":false},"excerpt":{"rendered":"<p>La renovaci\u00f3n de la avenida Yuto representa un significativo progreso en materia de conectividad, optimizando el tr\u00e1nsito del transporte p\u00fablico, la recolecci\u00f3n de residuos y la movilidad cotidiana de los habitantes. El intendente Ra\u00fal &#8220;Chuli&#8221; Jorge supervis\u00f3 la conclusi\u00f3n de la segunda fase de pavimentaci\u00f3n en la avenida Yuto, ubicada en el barrio Alto Comedero, [&hellip;]<\/p>\n","protected":false},"author":1,"featured_media":2522,"comment_status":"open","ping_status":"open","sticky":false,"template":"","format":"standard","meta":{"footnotes":""},"categories":[863,24],"tags":[],"class_list":{"0":"post-2521","1":"post","2":"type-post","3":"status-publish","4":"format-standard","5":"has-post-thumbnail","7":"category-jujuy","8":"category-politica"},"yoast_head":"<!-- This site is optimized with the Yoast SEO plugin v27.5 - https:\/\/yoast.com\/product\/yoast-seo-wordpress\/ -->\n<title>Pavimentaron 14 cuadras en avenida Yuto de Alto Comedero - Muy Jujuy<\/title>\n<meta name=\"robots\" content=\"index, follow, max-snippet:-1, max-image-preview:large, max-video-preview:-1\" \/>\n<link rel=\"canonical\" href=\"https:\/\/www.muyjujuy.com\/index.php\/2025\/06\/04\/pavimentaron-14-cuadras-en-avenida-yuto-de-alto-comedero\/\" \/>\n<meta property=\"og:locale\" content=\"es_ES\" \/>\n<meta property=\"og:type\" content=\"article\" \/>\n<meta property=\"og:title\" content=\"Pavimentaron 14 cuadras en avenida Yuto de Alto Comedero - Muy Jujuy\" \/>\n<meta property=\"og:description\" content=\"La renovaci\u00f3n de la avenida Yuto representa un significativo progreso en materia de conectividad, optimizando el tr\u00e1nsito del transporte p\u00fablico, la recolecci\u00f3n de residuos y la movilidad cotidiana de los habitantes. El intendente Ra\u00fal &#8220;Chuli&#8221; Jorge supervis\u00f3 la conclusi\u00f3n de la segunda fase de pavimentaci\u00f3n en la avenida Yuto, ubicada en el barrio Alto Comedero, [&hellip;]\" \/>\n<meta property=\"og:url\" content=\"https:\/\/www.muyjujuy.com\/index.php\/2025\/06\/04\/pavimentaron-14-cuadras-en-avenida-yuto-de-alto-comedero\/\" \/>\n<meta property=\"og:site_name\" content=\"Muy Jujuy\" \/>\n<meta property=\"article:publisher\" content=\"https:\/\/www.facebook.com\/muyjujuycom\" \/>\n<meta property=\"article:published_time\" content=\"2025-06-04T15:10:55+00:00\" \/>\n<meta name=\"author\" content=\"admin\" \/>\n<meta name=\"twitter:card\" content=\"summary_large_image\" \/>\n<meta name=\"twitter:creator\" content=\"@muyjujuy\" \/>\n<meta name=\"twitter:site\" content=\"@muyjujuy\" \/>\n<meta name=\"twitter:label1\" content=\"Escrito por\" \/>\n\t<meta name=\"twitter:data1\" content=\"admin\" \/>\n\t<meta name=\"twitter:label2\" content=\"Tiempo de lectura\" \/>\n\t<meta name=\"twitter:data2\" content=\"3 minutos\" \/>\n<script type=\"application\/ld+json\" class=\"yoast-schema-graph\">{\"@context\":\"https:\\\/\\\/schema.org\",\"@graph\":[{\"@type\":\"Article\",\"@id\":\"https:\\\/\\\/www.muyjujuy.com\\\/index.php\\\/2025\\\/06\\\/04\\\/pavimentaron-14-cuadras-en-avenida-yuto-de-alto-comedero\\\/#article\",\"isPartOf\":{\"@id\":\"https:\\\/\\\/www.muyjujuy.com\\\/index.php\\\/2025\\\/06\\\/04\\\/pavimentaron-14-cuadras-en-avenida-yuto-de-alto-comedero\\\/\"},\"author\":{\"name\":\"admin\",\"@id\":\"https:\\\/\\\/www.muyjujuy.com\\\/#\\\/schema\\\/person\\\/a3b63db1f387ec4149299954904c5bf0\"},\"headline\":\"Pavimentaron 14 cuadras en avenida Yuto de Alto Comedero\",\"datePublished\":\"2025-06-04T15:10:55+00:00\",\"mainEntityOfPage\":{\"@id\":\"https:\\\/\\\/www.muyjujuy.com\\\/index.php\\\/2025\\\/06\\\/04\\\/pavimentaron-14-cuadras-en-avenida-yuto-de-alto-comedero\\\/\"},\"wordCount\":509,\"commentCount\":0,\"publisher\":{\"@id\":\"https:\\\/\\\/www.muyjujuy.com\\\/#organization\"},\"image\":{\"@id\":\"https:\\\/\\\/www.muyjujuy.com\\\/index.php\\\/2025\\\/06\\\/04\\\/pavimentaron-14-cuadras-en-avenida-yuto-de-alto-comedero\\\/#primaryimage\"},\"thumbnailUrl\":\"https:\\\/\\\/www.muyjujuy.com\\\/wp-content\\\/uploads\\\/2025\\\/06\\\/obras.jpg\",\"articleSection\":[\"JUJUY\",\"Pol\u00edtica\"],\"inLanguage\":\"es-AR\",\"potentialAction\":[{\"@type\":\"CommentAction\",\"name\":\"Comment\",\"target\":[\"https:\\\/\\\/www.muyjujuy.com\\\/index.php\\\/2025\\\/06\\\/04\\\/pavimentaron-14-cuadras-en-avenida-yuto-de-alto-comedero\\\/#respond\"]}]},{\"@type\":\"WebPage\",\"@id\":\"https:\\\/\\\/www.muyjujuy.com\\\/index.php\\\/2025\\\/06\\\/04\\\/pavimentaron-14-cuadras-en-avenida-yuto-de-alto-comedero\\\/\",\"url\":\"https:\\\/\\\/www.muyjujuy.com\\\/index.php\\\/2025\\\/06\\\/04\\\/pavimentaron-14-cuadras-en-avenida-yuto-de-alto-comedero\\\/\",\"name\":\"Pavimentaron 14 cuadras en avenida Yuto de Alto Comedero - Muy Jujuy\",\"isPartOf\":{\"@id\":\"https:\\\/\\\/www.muyjujuy.com\\\/#website\"},\"primaryImageOfPage\":{\"@id\":\"https:\\\/\\\/www.muyjujuy.com\\\/index.php\\\/2025\\\/06\\\/04\\\/pavimentaron-14-cuadras-en-avenida-yuto-de-alto-comedero\\\/#primaryimage\"},\"image\":{\"@id\":\"https:\\\/\\\/www.muyjujuy.com\\\/index.php\\\/2025\\\/06\\\/04\\\/pavimentaron-14-cuadras-en-avenida-yuto-de-alto-comedero\\\/#primaryimage\"},\"thumbnailUrl\":\"https:\\\/\\\/www.muyjujuy.com\\\/wp-content\\\/uploads\\\/2025\\\/06\\\/obras.jpg\",\"datePublished\":\"2025-06-04T15:10:55+00:00\",\"breadcrumb\":{\"@id\":\"https:\\\/\\\/www.muyjujuy.com\\\/index.php\\\/2025\\\/06\\\/04\\\/pavimentaron-14-cuadras-en-avenida-yuto-de-alto-comedero\\\/#breadcrumb\"},\"inLanguage\":\"es-AR\",\"potentialAction\":[{\"@type\":\"ReadAction\",\"target\":[\"https:\\\/\\\/www.muyjujuy.com\\\/index.php\\\/2025\\\/06\\\/04\\\/pavimentaron-14-cuadras-en-avenida-yuto-de-alto-comedero\\\/\"]}]},{\"@type\":\"ImageObject\",\"inLanguage\":\"es-AR\",\"@id\":\"https:\\\/\\\/www.muyjujuy.com\\\/index.php\\\/2025\\\/06\\\/04\\\/pavimentaron-14-cuadras-en-avenida-yuto-de-alto-comedero\\\/#primaryimage\",\"url\":\"https:\\\/\\\/www.muyjujuy.com\\\/wp-content\\\/uploads\\\/2025\\\/06\\\/obras.jpg\",\"contentUrl\":\"https:\\\/\\\/www.muyjujuy.com\\\/wp-content\\\/uploads\\\/2025\\\/06\\\/obras.jpg\",\"width\":771,\"height\":491},{\"@type\":\"BreadcrumbList\",\"@id\":\"https:\\\/\\\/www.muyjujuy.com\\\/index.php\\\/2025\\\/06\\\/04\\\/pavimentaron-14-cuadras-en-avenida-yuto-de-alto-comedero\\\/#breadcrumb\",\"itemListElement\":[{\"@type\":\"ListItem\",\"position\":1,\"name\":\"Inicio\",\"item\":\"https:\\\/\\\/www.muyjujuy.com\\\/\"},{\"@type\":\"ListItem\",\"position\":2,\"name\":\"Pavimentaron 14 cuadras en avenida Yuto de Alto Comedero\"}]},{\"@type\":\"WebSite\",\"@id\":\"https:\\\/\\\/www.muyjujuy.com\\\/#website\",\"url\":\"https:\\\/\\\/www.muyjujuy.com\\\/\",\"name\":\"Muy Jujuy\",\"description\":\"\",\"publisher\":{\"@id\":\"https:\\\/\\\/www.muyjujuy.com\\\/#organization\"},\"potentialAction\":[{\"@type\":\"SearchAction\",\"target\":{\"@type\":\"EntryPoint\",\"urlTemplate\":\"https:\\\/\\\/www.muyjujuy.com\\\/?s={search_term_string}\"},\"query-input\":{\"@type\":\"PropertyValueSpecification\",\"valueRequired\":true,\"valueName\":\"search_term_string\"}}],\"inLanguage\":\"es-AR\"},{\"@type\":\"Organization\",\"@id\":\"https:\\\/\\\/www.muyjujuy.com\\\/#organization\",\"name\":\"Muy Jujuy\",\"url\":\"https:\\\/\\\/www.muyjujuy.com\\\/\",\"logo\":{\"@type\":\"ImageObject\",\"inLanguage\":\"es-AR\",\"@id\":\"https:\\\/\\\/www.muyjujuy.com\\\/#\\\/schema\\\/logo\\\/image\\\/\",\"url\":\"http:\\\/\\\/www.muyjujuy.com\\\/wp-content\\\/uploads\\\/2022\\\/05\\\/logo-mobil-jujuy.png\",\"contentUrl\":\"http:\\\/\\\/www.muyjujuy.com\\\/wp-content\\\/uploads\\\/2022\\\/05\\\/logo-mobil-jujuy.png\",\"width\":174,\"height\":81,\"caption\":\"Muy Jujuy\"},\"image\":{\"@id\":\"https:\\\/\\\/www.muyjujuy.com\\\/#\\\/schema\\\/logo\\\/image\\\/\"},\"sameAs\":[\"https:\\\/\\\/www.facebook.com\\\/muyjujuycom\",\"https:\\\/\\\/x.com\\\/muyjujuy\",\"https:\\\/\\\/www.instagram.com\\\/muyjujuycom\"]},{\"@type\":\"Person\",\"@id\":\"https:\\\/\\\/www.muyjujuy.com\\\/#\\\/schema\\\/person\\\/a3b63db1f387ec4149299954904c5bf0\",\"name\":\"admin\",\"image\":{\"@type\":\"ImageObject\",\"inLanguage\":\"es-AR\",\"@id\":\"https:\\\/\\\/secure.gravatar.com\\\/avatar\\\/b6e63d8d3a73633362405a0ad27e9c28391755813b59886f19a99d6cef8a03fc?s=96&d=mm&r=g\",\"url\":\"https:\\\/\\\/secure.gravatar.com\\\/avatar\\\/b6e63d8d3a73633362405a0ad27e9c28391755813b59886f19a99d6cef8a03fc?s=96&d=mm&r=g\",\"contentUrl\":\"https:\\\/\\\/secure.gravatar.com\\\/avatar\\\/b6e63d8d3a73633362405a0ad27e9c28391755813b59886f19a99d6cef8a03fc?s=96&d=mm&r=g\",\"caption\":\"admin\"},\"url\":\"https:\\\/\\\/www.muyjujuy.com\\\/index.php\\\/author\\\/soyeleditor\\\/\"}]}<\/script>\n<!-- \/ Yoast SEO plugin. -->","yoast_head_json":{"title":"Pavimentaron 14 cuadras en avenida Yuto de Alto Comedero - Muy Jujuy","robots":{"index":"index","follow":"follow","max-snippet":"max-snippet:-1","max-image-preview":"max-image-preview:large","max-video-preview":"max-video-preview:-1"},"canonical":"https:\/\/www.muyjujuy.com\/index.php\/2025\/06\/04\/pavimentaron-14-cuadras-en-avenida-yuto-de-alto-comedero\/","og_locale":"es_ES","og_type":"article","og_title":"Pavimentaron 14 cuadras en avenida Yuto de Alto Comedero - Muy Jujuy","og_description":"La renovaci\u00f3n de la avenida Yuto representa un significativo progreso en materia de conectividad, optimizando el tr\u00e1nsito del transporte p\u00fablico, la recolecci\u00f3n de residuos y la movilidad cotidiana de los habitantes. El intendente Ra\u00fal &#8220;Chuli&#8221; Jorge supervis\u00f3 la conclusi\u00f3n de la segunda fase de pavimentaci\u00f3n en la avenida Yuto, ubicada en el barrio Alto Comedero, [&hellip;]","og_url":"https:\/\/www.muyjujuy.com\/index.php\/2025\/06\/04\/pavimentaron-14-cuadras-en-avenida-yuto-de-alto-comedero\/","og_site_name":"Muy Jujuy","article_publisher":"https:\/\/www.facebook.com\/muyjujuycom","article_published_time":"2025-06-04T15:10:55+00:00","author":"admin","twitter_card":"summary_large_image","twitter_creator":"@muyjujuy","twitter_site":"@muyjujuy","twitter_misc":{"Escrito por":"admin","Tiempo de lectura":"3 minutos"},"schema":{"@context":"https:\/\/schema.org","@graph":[{"@type":"Article","@id":"https:\/\/www.muyjujuy.com\/index.php\/2025\/06\/04\/pavimentaron-14-cuadras-en-avenida-yuto-de-alto-comedero\/#article","isPartOf":{"@id":"https:\/\/www.muyjujuy.com\/index.php\/2025\/06\/04\/pavimentaron-14-cuadras-en-avenida-yuto-de-alto-comedero\/"},"author":{"name":"admin","@id":"https:\/\/www.muyjujuy.com\/#\/schema\/person\/a3b63db1f387ec4149299954904c5bf0"},"headline":"Pavimentaron 14 cuadras en avenida Yuto de Alto Comedero","datePublished":"2025-06-04T15:10:55+00:00","mainEntityOfPage":{"@id":"https:\/\/www.muyjujuy.com\/index.php\/2025\/06\/04\/pavimentaron-14-cuadras-en-avenida-yuto-de-alto-comedero\/"},"wordCount":509,"commentCount":0,"publisher":{"@id":"https:\/\/www.muyjujuy.com\/#organization"},"image":{"@id":"https:\/\/www.muyjujuy.com\/index.php\/2025\/06\/04\/pavimentaron-14-cuadras-en-avenida-yuto-de-alto-comedero\/#primaryimage"},"thumbnailUrl":"https:\/\/www.muyjujuy.com\/wp-content\/uploads\/2025\/06\/obras.jpg","articleSection":["JUJUY","Pol\u00edtica"],"inLanguage":"es-AR","potentialAction":[{"@type":"CommentAction","name":"Comment","target":["https:\/\/www.muyjujuy.com\/index.php\/2025\/06\/04\/pavimentaron-14-cuadras-en-avenida-yuto-de-alto-comedero\/#respond"]}]},{"@type":"WebPage","@id":"https:\/\/www.muyjujuy.com\/index.php\/2025\/06\/04\/pavimentaron-14-cuadras-en-avenida-yuto-de-alto-comedero\/","url":"https:\/\/www.muyjujuy.com\/index.php\/2025\/06\/04\/pavimentaron-14-cuadras-en-avenida-yuto-de-alto-comedero\/","name":"Pavimentaron 14 cuadras en avenida Yuto de Alto Comedero - Muy Jujuy","isPartOf":{"@id":"https:\/\/www.muyjujuy.com\/#website"},"primaryImageOfPage":{"@id":"https:\/\/www.muyjujuy.com\/index.php\/2025\/06\/04\/pavimentaron-14-cuadras-en-avenida-yuto-de-alto-comedero\/#primaryimage"},"image":{"@id":"https:\/\/www.muyjujuy.com\/index.php\/2025\/06\/04\/pavimentaron-14-cuadras-en-avenida-yuto-de-alto-comedero\/#primaryimage"},"thumbnailUrl":"https:\/\/www.muyjujuy.com\/wp-content\/uploads\/2025\/06\/obras.jpg","datePublished":"2025-06-04T15:10:55+00:00","breadcrumb":{"@id":"https:\/\/www.muyjujuy.com\/index.php\/2025\/06\/04\/pavimentaron-14-cuadras-en-avenida-yuto-de-alto-comedero\/#breadcrumb"},"inLanguage":"es-AR","potentialAction":[{"@type":"ReadAction","target":["https:\/\/www.muyjujuy.com\/index.php\/2025\/06\/04\/pavimentaron-14-cuadras-en-avenida-yuto-de-alto-comedero\/"]}]},{"@type":"ImageObject","inLanguage":"es-AR","@id":"https:\/\/www.muyjujuy.com\/index.php\/2025\/06\/04\/pavimentaron-14-cuadras-en-avenida-yuto-de-alto-comedero\/#primaryimage","url":"https:\/\/www.muyjujuy.com\/wp-content\/uploads\/2025\/06\/obras.jpg","contentUrl":"https:\/\/www.muyjujuy.com\/wp-content\/uploads\/2025\/06\/obras.jpg","width":771,"height":491},{"@type":"BreadcrumbList","@id":"https:\/\/www.muyjujuy.com\/index.php\/2025\/06\/04\/pavimentaron-14-cuadras-en-avenida-yuto-de-alto-comedero\/#breadcrumb","itemListElement":[{"@type":"ListItem","position":1,"name":"Inicio","item":"https:\/\/www.muyjujuy.com\/"},{"@type":"ListItem","position":2,"name":"Pavimentaron 14 cuadras en avenida Yuto de Alto Comedero"}]},{"@type":"WebSite","@id":"https:\/\/www.muyjujuy.com\/#website","url":"https:\/\/www.muyjujuy.com\/","name":"Muy Jujuy","description":"","publisher":{"@id":"https:\/\/www.muyjujuy.com\/#organization"},"potentialAction":[{"@type":"SearchAction","target":{"@type":"EntryPoint","urlTemplate":"https:\/\/www.muyjujuy.com\/?s={search_term_string}"},"query-input":{"@type":"PropertyValueSpecification","valueRequired":true,"valueName":"search_term_string"}}],"inLanguage":"es-AR"},{"@type":"Organization","@id":"https:\/\/www.muyjujuy.com\/#organization","name":"Muy Jujuy","url":"https:\/\/www.muyjujuy.com\/","logo":{"@type":"ImageObject","inLanguage":"es-AR","@id":"https:\/\/www.muyjujuy.com\/#\/schema\/logo\/image\/","url":"http:\/\/www.muyjujuy.com\/wp-content\/uploads\/2022\/05\/logo-mobil-jujuy.png","contentUrl":"http:\/\/www.muyjujuy.com\/wp-content\/uploads\/2022\/05\/logo-mobil-jujuy.png","width":174,"height":81,"caption":"Muy Jujuy"},"image":{"@id":"https:\/\/www.muyjujuy.com\/#\/schema\/logo\/image\/"},"sameAs":["https:\/\/www.facebook.com\/muyjujuycom","https:\/\/x.com\/muyjujuy","https:\/\/www.instagram.com\/muyjujuycom"]},{"@type":"Person","@id":"https:\/\/www.muyjujuy.com\/#\/schema\/person\/a3b63db1f387ec4149299954904c5bf0","name":"admin","image":{"@type":"ImageObject","inLanguage":"es-AR","@id":"https:\/\/secure.gravatar.com\/avatar\/b6e63d8d3a73633362405a0ad27e9c28391755813b59886f19a99d6cef8a03fc?s=96&d=mm&r=g","url":"https:\/\/secure.gravatar.com\/avatar\/b6e63d8d3a73633362405a0ad27e9c28391755813b59886f19a99d6cef8a03fc?s=96&d=mm&r=g","contentUrl":"https:\/\/secure.gravatar.com\/avatar\/b6e63d8d3a73633362405a0ad27e9c28391755813b59886f19a99d6cef8a03fc?s=96&d=mm&r=g","caption":"admin"},"url":"https:\/\/www.muyjujuy.com\/index.php\/author\/soyeleditor\/"}]}},"_links":{"self":[{"href":"https:\/\/www.muyjujuy.com\/index.php\/wp-json\/wp\/v2\/posts\/2521","targetHints":{"allow":["GET"]}}],"collection":[{"href":"https:\/\/www.muyjujuy.com\/index.php\/wp-json\/wp\/v2\/posts"}],"about":[{"href":"https:\/\/www.muyjujuy.com\/index.php\/wp-json\/wp\/v2\/types\/post"}],"author":[{"embeddable":true,"href":"https:\/\/www.muyjujuy.com\/index.php\/wp-json\/wp\/v2\/users\/1"}],"replies":[{"embeddable":true,"href":"https:\/\/www.muyjujuy.com\/index.php\/wp-json\/wp\/v2\/comments?post=2521"}],"version-history":[{"count":1,"href":"https:\/\/www.muyjujuy.com\/index.php\/wp-json\/wp\/v2\/posts\/2521\/revisions"}],"predecessor-version":[{"id":2523,"href":"https:\/\/www.muyjujuy.com\/index.php\/wp-json\/wp\/v2\/posts\/2521\/revisions\/2523"}],"wp:featuredmedia":[{"embeddable":true,"href":"https:\/\/www.muyjujuy.com\/index.php\/wp-json\/wp\/v2\/media\/2522"}],"wp:attachment":[{"href":"https:\/\/www.muyjujuy.com\/index.php\/wp-json\/wp\/v2\/media?parent=2521"}],"wp:term":[{"taxonomy":"category","embeddable":true,"href":"https:\/\/www.muyjujuy.com\/index.php\/wp-json\/wp\/v2\/categories?post=2521"},{"taxonomy":"post_tag","embeddable":true,"href":"https:\/\/www.muyjujuy.com\/index.php\/wp-json\/wp\/v2\/tags?post=2521"}],"curies":[{"name":"wp","href":"https:\/\/api.w.org\/{rel}","templated":true}]}}