{"id":2524,"date":"2025-06-05T10:17:30","date_gmt":"2025-06-05T13:17:30","guid":{"rendered":"https:\/\/www.muyjujuy.com\/?p=2524"},"modified":"2025-06-05T10:17:30","modified_gmt":"2025-06-05T13:17:30","slug":"accidente-fatal-en-la-ruta-nacional-34-camioneta-atropello-y-causo-la-muerte-de-un-hombre","status":"publish","type":"post","link":"https:\/\/www.muyjujuy.com\/index.php\/2025\/06\/05\/accidente-fatal-en-la-ruta-nacional-34-camioneta-atropello-y-causo-la-muerte-de-un-hombre\/","title":{"rendered":"Accidente fatal en la Ruta Nacional 34: camioneta atropell\u00f3 y caus\u00f3 la muerte de un hombre"},"content":{"rendered":"\n<p><strong>El hecho tuvo lugar en la noche del mi\u00e9rcoles en el tramo comprendido entre Calilegua y Lote Libertad.<\/strong><\/p>\n\n\n\n<p><strong>Un accidente con resultado fatal se registr\u00f3 el pasado mi\u00e9rcoles alrededor de las 20:15 horas sobre la Ruta Nacional 34, entre la localidad de Calilegua y el Lote Libertad.<\/strong><\/p>\n\n\n\n<p><strong>Por causas que a\u00fan se investigan, una camioneta Volkswagen Amarok de color blanco, conducida por una mujer de 59 a\u00f1os que transitaba en direcci\u00f3n sur-norte, atropell\u00f3 a un hombre de 42 a\u00f1os que caminaba por la zona.<\/strong><\/p>\n\n\n\n<p><strong>Como consecuencia del impacto, la v\u00edctima fue proyectada varios metros y cay\u00f3 con fuerza sobre el pavimento.<\/strong><\/p>\n\n\n\n<p><strong>En el lugar intervinieron efectivos de la Seccional 41\u00b0 Criminal\u00edstica y el SAME, quienes constataron el fallecimiento del hombre a causa de un traumatismo encefalocraneano (TEC) severo.<\/strong><\/p>\n\n\n\n<p><strong>Asimismo, se le realiz\u00f3 un test de alcoholemia a la conductora, cuyo resultado fue negativo.<\/strong><\/p>\n\n\n\n<p><strong>Posteriormente, tras la consulta con el Ayudante Fiscal, Dr. Julio Guerrero, y una vez cumplidas las diligencias correspondientes, se orden\u00f3 el levantamiento del cuerpo para su traslado a la morgue de la ciudad de San Pedro. El veh\u00edculo qued\u00f3 secuestrado como parte de la investigaci\u00f3n.<\/strong><\/p>\n","protected":false},"excerpt":{"rendered":"<p>El hecho tuvo lugar en la noche del mi\u00e9rcoles en el tramo comprendido entre Calilegua y Lote Libertad. Un accidente con resultado fatal se registr\u00f3 el pasado mi\u00e9rcoles alrededor de las 20:15 horas sobre la Ruta Nacional 34, entre la localidad de Calilegua y el Lote Libertad. Por causas que a\u00fan se investigan, una camioneta [&hellip;]<\/p>\n","protected":false},"author":1,"featured_media":2525,"comment_status":"open","ping_status":"open","sticky":false,"template":"","format":"standard","meta":{"footnotes":""},"categories":[863,25],"tags":[],"class_list":{"0":"post-2524","1":"post","2":"type-post","3":"status-publish","4":"format-standard","5":"has-post-thumbnail","7":"category-jujuy","8":"category-sociedad"},"yoast_head":"<!-- This site is optimized with the Yoast SEO plugin v27.5 - https:\/\/yoast.com\/product\/yoast-seo-wordpress\/ -->\n<title>Accidente fatal en la Ruta Nacional 34: camioneta atropell\u00f3 y caus\u00f3 la muerte de un hombre - Muy Jujuy<\/title>\n<meta name=\"robots\" content=\"index, follow, max-snippet:-1, max-image-preview:large, max-video-preview:-1\" \/>\n<link rel=\"canonical\" href=\"https:\/\/www.muyjujuy.com\/index.php\/2025\/06\/05\/accidente-fatal-en-la-ruta-nacional-34-camioneta-atropello-y-causo-la-muerte-de-un-hombre\/\" \/>\n<meta property=\"og:locale\" content=\"es_ES\" \/>\n<meta property=\"og:type\" content=\"article\" \/>\n<meta property=\"og:title\" content=\"Accidente fatal en la Ruta Nacional 34: camioneta atropell\u00f3 y caus\u00f3 la muerte de un hombre - Muy Jujuy\" \/>\n<meta property=\"og:description\" content=\"El hecho tuvo lugar en la noche del mi\u00e9rcoles en el tramo comprendido entre Calilegua y Lote Libertad. Un accidente con resultado fatal se registr\u00f3 el pasado mi\u00e9rcoles alrededor de las 20:15 horas sobre la Ruta Nacional 34, entre la localidad de Calilegua y el Lote Libertad. Por causas que a\u00fan se investigan, una camioneta [&hellip;]\" \/>\n<meta property=\"og:url\" content=\"https:\/\/www.muyjujuy.com\/index.php\/2025\/06\/05\/accidente-fatal-en-la-ruta-nacional-34-camioneta-atropello-y-causo-la-muerte-de-un-hombre\/\" \/>\n<meta property=\"og:site_name\" content=\"Muy Jujuy\" \/>\n<meta property=\"article:publisher\" content=\"https:\/\/www.facebook.com\/muyjujuycom\" \/>\n<meta property=\"article:published_time\" content=\"2025-06-05T13:17:30+00:00\" \/>\n<meta name=\"author\" content=\"admin\" \/>\n<meta name=\"twitter:card\" content=\"summary_large_image\" \/>\n<meta name=\"twitter:creator\" content=\"@muyjujuy\" \/>\n<meta name=\"twitter:site\" content=\"@muyjujuy\" \/>\n<meta name=\"twitter:label1\" content=\"Escrito por\" \/>\n\t<meta name=\"twitter:data1\" content=\"admin\" \/>\n\t<meta name=\"twitter:label2\" content=\"Tiempo de lectura\" \/>\n\t<meta name=\"twitter:data2\" content=\"1 minuto\" \/>\n<script type=\"application\/ld+json\" class=\"yoast-schema-graph\">{\"@context\":\"https:\\\/\\\/schema.org\",\"@graph\":[{\"@type\":\"Article\",\"@id\":\"https:\\\/\\\/www.muyjujuy.com\\\/index.php\\\/2025\\\/06\\\/05\\\/accidente-fatal-en-la-ruta-nacional-34-camioneta-atropello-y-causo-la-muerte-de-un-hombre\\\/#article\",\"isPartOf\":{\"@id\":\"https:\\\/\\\/www.muyjujuy.com\\\/index.php\\\/2025\\\/06\\\/05\\\/accidente-fatal-en-la-ruta-nacional-34-camioneta-atropello-y-causo-la-muerte-de-un-hombre\\\/\"},\"author\":{\"name\":\"admin\",\"@id\":\"https:\\\/\\\/www.muyjujuy.com\\\/#\\\/schema\\\/person\\\/a3b63db1f387ec4149299954904c5bf0\"},\"headline\":\"Accidente fatal en la Ruta Nacional 34: camioneta atropell\u00f3 y caus\u00f3 la muerte de un hombre\",\"datePublished\":\"2025-06-05T13:17:30+00:00\",\"mainEntityOfPage\":{\"@id\":\"https:\\\/\\\/www.muyjujuy.com\\\/index.php\\\/2025\\\/06\\\/05\\\/accidente-fatal-en-la-ruta-nacional-34-camioneta-atropello-y-causo-la-muerte-de-un-hombre\\\/\"},\"wordCount\":208,\"commentCount\":0,\"publisher\":{\"@id\":\"https:\\\/\\\/www.muyjujuy.com\\\/#organization\"},\"image\":{\"@id\":\"https:\\\/\\\/www.muyjujuy.com\\\/index.php\\\/2025\\\/06\\\/05\\\/accidente-fatal-en-la-ruta-nacional-34-camioneta-atropello-y-causo-la-muerte-de-un-hombre\\\/#primaryimage\"},\"thumbnailUrl\":\"https:\\\/\\\/www.muyjujuy.com\\\/wp-content\\\/uploads\\\/2025\\\/06\\\/ACCIDENTE.jpg\",\"articleSection\":[\"JUJUY\",\"Sociedad\"],\"inLanguage\":\"es-AR\",\"potentialAction\":[{\"@type\":\"CommentAction\",\"name\":\"Comment\",\"target\":[\"https:\\\/\\\/www.muyjujuy.com\\\/index.php\\\/2025\\\/06\\\/05\\\/accidente-fatal-en-la-ruta-nacional-34-camioneta-atropello-y-causo-la-muerte-de-un-hombre\\\/#respond\"]}]},{\"@type\":\"WebPage\",\"@id\":\"https:\\\/\\\/www.muyjujuy.com\\\/index.php\\\/2025\\\/06\\\/05\\\/accidente-fatal-en-la-ruta-nacional-34-camioneta-atropello-y-causo-la-muerte-de-un-hombre\\\/\",\"url\":\"https:\\\/\\\/www.muyjujuy.com\\\/index.php\\\/2025\\\/06\\\/05\\\/accidente-fatal-en-la-ruta-nacional-34-camioneta-atropello-y-causo-la-muerte-de-un-hombre\\\/\",\"name\":\"Accidente fatal en la Ruta Nacional 34: camioneta atropell\u00f3 y caus\u00f3 la muerte de un hombre - Muy Jujuy\",\"isPartOf\":{\"@id\":\"https:\\\/\\\/www.muyjujuy.com\\\/#website\"},\"primaryImageOfPage\":{\"@id\":\"https:\\\/\\\/www.muyjujuy.com\\\/index.php\\\/2025\\\/06\\\/05\\\/accidente-fatal-en-la-ruta-nacional-34-camioneta-atropello-y-causo-la-muerte-de-un-hombre\\\/#primaryimage\"},\"image\":{\"@id\":\"https:\\\/\\\/www.muyjujuy.com\\\/index.php\\\/2025\\\/06\\\/05\\\/accidente-fatal-en-la-ruta-nacional-34-camioneta-atropello-y-causo-la-muerte-de-un-hombre\\\/#primaryimage\"},\"thumbnailUrl\":\"https:\\\/\\\/www.muyjujuy.com\\\/wp-content\\\/uploads\\\/2025\\\/06\\\/ACCIDENTE.jpg\",\"datePublished\":\"2025-06-05T13:17:30+00:00\",\"breadcrumb\":{\"@id\":\"https:\\\/\\\/www.muyjujuy.com\\\/index.php\\\/2025\\\/06\\\/05\\\/accidente-fatal-en-la-ruta-nacional-34-camioneta-atropello-y-causo-la-muerte-de-un-hombre\\\/#breadcrumb\"},\"inLanguage\":\"es-AR\",\"potentialAction\":[{\"@type\":\"ReadAction\",\"target\":[\"https:\\\/\\\/www.muyjujuy.com\\\/index.php\\\/2025\\\/06\\\/05\\\/accidente-fatal-en-la-ruta-nacional-34-camioneta-atropello-y-causo-la-muerte-de-un-hombre\\\/\"]}]},{\"@type\":\"ImageObject\",\"inLanguage\":\"es-AR\",\"@id\":\"https:\\\/\\\/www.muyjujuy.com\\\/index.php\\\/2025\\\/06\\\/05\\\/accidente-fatal-en-la-ruta-nacional-34-camioneta-atropello-y-causo-la-muerte-de-un-hombre\\\/#primaryimage\",\"url\":\"https:\\\/\\\/www.muyjujuy.com\\\/wp-content\\\/uploads\\\/2025\\\/06\\\/ACCIDENTE.jpg\",\"contentUrl\":\"https:\\\/\\\/www.muyjujuy.com\\\/wp-content\\\/uploads\\\/2025\\\/06\\\/ACCIDENTE.jpg\",\"width\":894,\"height\":528},{\"@type\":\"BreadcrumbList\",\"@id\":\"https:\\\/\\\/www.muyjujuy.com\\\/index.php\\\/2025\\\/06\\\/05\\\/accidente-fatal-en-la-ruta-nacional-34-camioneta-atropello-y-causo-la-muerte-de-un-hombre\\\/#breadcrumb\",\"itemListElement\":[{\"@type\":\"ListItem\",\"position\":1,\"name\":\"Inicio\",\"item\":\"https:\\\/\\\/www.muyjujuy.com\\\/\"},{\"@type\":\"ListItem\",\"position\":2,\"name\":\"Accidente fatal en la Ruta Nacional 34: camioneta atropell\u00f3 y caus\u00f3 la muerte de un hombre\"}]},{\"@type\":\"WebSite\",\"@id\":\"https:\\\/\\\/www.muyjujuy.com\\\/#website\",\"url\":\"https:\\\/\\\/www.muyjujuy.com\\\/\",\"name\":\"Muy Jujuy\",\"description\":\"\",\"publisher\":{\"@id\":\"https:\\\/\\\/www.muyjujuy.com\\\/#organization\"},\"potentialAction\":[{\"@type\":\"SearchAction\",\"target\":{\"@type\":\"EntryPoint\",\"urlTemplate\":\"https:\\\/\\\/www.muyjujuy.com\\\/?s={search_term_string}\"},\"query-input\":{\"@type\":\"PropertyValueSpecification\",\"valueRequired\":true,\"valueName\":\"search_term_string\"}}],\"inLanguage\":\"es-AR\"},{\"@type\":\"Organization\",\"@id\":\"https:\\\/\\\/www.muyjujuy.com\\\/#organization\",\"name\":\"Muy Jujuy\",\"url\":\"https:\\\/\\\/www.muyjujuy.com\\\/\",\"logo\":{\"@type\":\"ImageObject\",\"inLanguage\":\"es-AR\",\"@id\":\"https:\\\/\\\/www.muyjujuy.com\\\/#\\\/schema\\\/logo\\\/image\\\/\",\"url\":\"http:\\\/\\\/www.muyjujuy.com\\\/wp-content\\\/uploads\\\/2022\\\/05\\\/logo-mobil-jujuy.png\",\"contentUrl\":\"http:\\\/\\\/www.muyjujuy.com\\\/wp-content\\\/uploads\\\/2022\\\/05\\\/logo-mobil-jujuy.png\",\"width\":174,\"height\":81,\"caption\":\"Muy Jujuy\"},\"image\":{\"@id\":\"https:\\\/\\\/www.muyjujuy.com\\\/#\\\/schema\\\/logo\\\/image\\\/\"},\"sameAs\":[\"https:\\\/\\\/www.facebook.com\\\/muyjujuycom\",\"https:\\\/\\\/x.com\\\/muyjujuy\",\"https:\\\/\\\/www.instagram.com\\\/muyjujuycom\"]},{\"@type\":\"Person\",\"@id\":\"https:\\\/\\\/www.muyjujuy.com\\\/#\\\/schema\\\/person\\\/a3b63db1f387ec4149299954904c5bf0\",\"name\":\"admin\",\"image\":{\"@type\":\"ImageObject\",\"inLanguage\":\"es-AR\",\"@id\":\"https:\\\/\\\/secure.gravatar.com\\\/avatar\\\/b6e63d8d3a73633362405a0ad27e9c28391755813b59886f19a99d6cef8a03fc?s=96&d=mm&r=g\",\"url\":\"https:\\\/\\\/secure.gravatar.com\\\/avatar\\\/b6e63d8d3a73633362405a0ad27e9c28391755813b59886f19a99d6cef8a03fc?s=96&d=mm&r=g\",\"contentUrl\":\"https:\\\/\\\/secure.gravatar.com\\\/avatar\\\/b6e63d8d3a73633362405a0ad27e9c28391755813b59886f19a99d6cef8a03fc?s=96&d=mm&r=g\",\"caption\":\"admin\"},\"url\":\"https:\\\/\\\/www.muyjujuy.com\\\/index.php\\\/author\\\/soyeleditor\\\/\"}]}<\/script>\n<!-- \/ Yoast SEO plugin. -->","yoast_head_json":{"title":"Accidente fatal en la Ruta Nacional 34: camioneta atropell\u00f3 y caus\u00f3 la muerte de un hombre - Muy Jujuy","robots":{"index":"index","follow":"follow","max-snippet":"max-snippet:-1","max-image-preview":"max-image-preview:large","max-video-preview":"max-video-preview:-1"},"canonical":"https:\/\/www.muyjujuy.com\/index.php\/2025\/06\/05\/accidente-fatal-en-la-ruta-nacional-34-camioneta-atropello-y-causo-la-muerte-de-un-hombre\/","og_locale":"es_ES","og_type":"article","og_title":"Accidente fatal en la Ruta Nacional 34: camioneta atropell\u00f3 y caus\u00f3 la muerte de un hombre - Muy Jujuy","og_description":"El hecho tuvo lugar en la noche del mi\u00e9rcoles en el tramo comprendido entre Calilegua y Lote Libertad. Un accidente con resultado fatal se registr\u00f3 el pasado mi\u00e9rcoles alrededor de las 20:15 horas sobre la Ruta Nacional 34, entre la localidad de Calilegua y el Lote Libertad. Por causas que a\u00fan se investigan, una camioneta [&hellip;]","og_url":"https:\/\/www.muyjujuy.com\/index.php\/2025\/06\/05\/accidente-fatal-en-la-ruta-nacional-34-camioneta-atropello-y-causo-la-muerte-de-un-hombre\/","og_site_name":"Muy Jujuy","article_publisher":"https:\/\/www.facebook.com\/muyjujuycom","article_published_time":"2025-06-05T13:17:30+00:00","author":"admin","twitter_card":"summary_large_image","twitter_creator":"@muyjujuy","twitter_site":"@muyjujuy","twitter_misc":{"Escrito por":"admin","Tiempo de lectura":"1 minuto"},"schema":{"@context":"https:\/\/schema.org","@graph":[{"@type":"Article","@id":"https:\/\/www.muyjujuy.com\/index.php\/2025\/06\/05\/accidente-fatal-en-la-ruta-nacional-34-camioneta-atropello-y-causo-la-muerte-de-un-hombre\/#article","isPartOf":{"@id":"https:\/\/www.muyjujuy.com\/index.php\/2025\/06\/05\/accidente-fatal-en-la-ruta-nacional-34-camioneta-atropello-y-causo-la-muerte-de-un-hombre\/"},"author":{"name":"admin","@id":"https:\/\/www.muyjujuy.com\/#\/schema\/person\/a3b63db1f387ec4149299954904c5bf0"},"headline":"Accidente fatal en la Ruta Nacional 34: camioneta atropell\u00f3 y caus\u00f3 la muerte de un hombre","datePublished":"2025-06-05T13:17:30+00:00","mainEntityOfPage":{"@id":"https:\/\/www.muyjujuy.com\/index.php\/2025\/06\/05\/accidente-fatal-en-la-ruta-nacional-34-camioneta-atropello-y-causo-la-muerte-de-un-hombre\/"},"wordCount":208,"commentCount":0,"publisher":{"@id":"https:\/\/www.muyjujuy.com\/#organization"},"image":{"@id":"https:\/\/www.muyjujuy.com\/index.php\/2025\/06\/05\/accidente-fatal-en-la-ruta-nacional-34-camioneta-atropello-y-causo-la-muerte-de-un-hombre\/#primaryimage"},"thumbnailUrl":"https:\/\/www.muyjujuy.com\/wp-content\/uploads\/2025\/06\/ACCIDENTE.jpg","articleSection":["JUJUY","Sociedad"],"inLanguage":"es-AR","potentialAction":[{"@type":"CommentAction","name":"Comment","target":["https:\/\/www.muyjujuy.com\/index.php\/2025\/06\/05\/accidente-fatal-en-la-ruta-nacional-34-camioneta-atropello-y-causo-la-muerte-de-un-hombre\/#respond"]}]},{"@type":"WebPage","@id":"https:\/\/www.muyjujuy.com\/index.php\/2025\/06\/05\/accidente-fatal-en-la-ruta-nacional-34-camioneta-atropello-y-causo-la-muerte-de-un-hombre\/","url":"https:\/\/www.muyjujuy.com\/index.php\/2025\/06\/05\/accidente-fatal-en-la-ruta-nacional-34-camioneta-atropello-y-causo-la-muerte-de-un-hombre\/","name":"Accidente fatal en la Ruta Nacional 34: camioneta atropell\u00f3 y caus\u00f3 la muerte de un hombre - Muy Jujuy","isPartOf":{"@id":"https:\/\/www.muyjujuy.com\/#website"},"primaryImageOfPage":{"@id":"https:\/\/www.muyjujuy.com\/index.php\/2025\/06\/05\/accidente-fatal-en-la-ruta-nacional-34-camioneta-atropello-y-causo-la-muerte-de-un-hombre\/#primaryimage"},"image":{"@id":"https:\/\/www.muyjujuy.com\/index.php\/2025\/06\/05\/accidente-fatal-en-la-ruta-nacional-34-camioneta-atropello-y-causo-la-muerte-de-un-hombre\/#primaryimage"},"thumbnailUrl":"https:\/\/www.muyjujuy.com\/wp-content\/uploads\/2025\/06\/ACCIDENTE.jpg","datePublished":"2025-06-05T13:17:30+00:00","breadcrumb":{"@id":"https:\/\/www.muyjujuy.com\/index.php\/2025\/06\/05\/accidente-fatal-en-la-ruta-nacional-34-camioneta-atropello-y-causo-la-muerte-de-un-hombre\/#breadcrumb"},"inLanguage":"es-AR","potentialAction":[{"@type":"ReadAction","target":["https:\/\/www.muyjujuy.com\/index.php\/2025\/06\/05\/accidente-fatal-en-la-ruta-nacional-34-camioneta-atropello-y-causo-la-muerte-de-un-hombre\/"]}]},{"@type":"ImageObject","inLanguage":"es-AR","@id":"https:\/\/www.muyjujuy.com\/index.php\/2025\/06\/05\/accidente-fatal-en-la-ruta-nacional-34-camioneta-atropello-y-causo-la-muerte-de-un-hombre\/#primaryimage","url":"https:\/\/www.muyjujuy.com\/wp-content\/uploads\/2025\/06\/ACCIDENTE.jpg","contentUrl":"https:\/\/www.muyjujuy.com\/wp-content\/uploads\/2025\/06\/ACCIDENTE.jpg","width":894,"height":528},{"@type":"BreadcrumbList","@id":"https:\/\/www.muyjujuy.com\/index.php\/2025\/06\/05\/accidente-fatal-en-la-ruta-nacional-34-camioneta-atropello-y-causo-la-muerte-de-un-hombre\/#breadcrumb","itemListElement":[{"@type":"ListItem","position":1,"name":"Inicio","item":"https:\/\/www.muyjujuy.com\/"},{"@type":"ListItem","position":2,"name":"Accidente fatal en la Ruta Nacional 34: camioneta atropell\u00f3 y caus\u00f3 la muerte de un hombre"}]},{"@type":"WebSite","@id":"https:\/\/www.muyjujuy.com\/#website","url":"https:\/\/www.muyjujuy.com\/","name":"Muy Jujuy","description":"","publisher":{"@id":"https:\/\/www.muyjujuy.com\/#organization"},"potentialAction":[{"@type":"SearchAction","target":{"@type":"EntryPoint","urlTemplate":"https:\/\/www.muyjujuy.com\/?s={search_term_string}"},"query-input":{"@type":"PropertyValueSpecification","valueRequired":true,"valueName":"search_term_string"}}],"inLanguage":"es-AR"},{"@type":"Organization","@id":"https:\/\/www.muyjujuy.com\/#organization","name":"Muy Jujuy","url":"https:\/\/www.muyjujuy.com\/","logo":{"@type":"ImageObject","inLanguage":"es-AR","@id":"https:\/\/www.muyjujuy.com\/#\/schema\/logo\/image\/","url":"http:\/\/www.muyjujuy.com\/wp-content\/uploads\/2022\/05\/logo-mobil-jujuy.png","contentUrl":"http:\/\/www.muyjujuy.com\/wp-content\/uploads\/2022\/05\/logo-mobil-jujuy.png","width":174,"height":81,"caption":"Muy Jujuy"},"image":{"@id":"https:\/\/www.muyjujuy.com\/#\/schema\/logo\/image\/"},"sameAs":["https:\/\/www.facebook.com\/muyjujuycom","https:\/\/x.com\/muyjujuy","https:\/\/www.instagram.com\/muyjujuycom"]},{"@type":"Person","@id":"https:\/\/www.muyjujuy.com\/#\/schema\/person\/a3b63db1f387ec4149299954904c5bf0","name":"admin","image":{"@type":"ImageObject","inLanguage":"es-AR","@id":"https:\/\/secure.gravatar.com\/avatar\/b6e63d8d3a73633362405a0ad27e9c28391755813b59886f19a99d6cef8a03fc?s=96&d=mm&r=g","url":"https:\/\/secure.gravatar.com\/avatar\/b6e63d8d3a73633362405a0ad27e9c28391755813b59886f19a99d6cef8a03fc?s=96&d=mm&r=g","contentUrl":"https:\/\/secure.gravatar.com\/avatar\/b6e63d8d3a73633362405a0ad27e9c28391755813b59886f19a99d6cef8a03fc?s=96&d=mm&r=g","caption":"admin"},"url":"https:\/\/www.muyjujuy.com\/index.php\/author\/soyeleditor\/"}]}},"_links":{"self":[{"href":"https:\/\/www.muyjujuy.com\/index.php\/wp-json\/wp\/v2\/posts\/2524","targetHints":{"allow":["GET"]}}],"collection":[{"href":"https:\/\/www.muyjujuy.com\/index.php\/wp-json\/wp\/v2\/posts"}],"about":[{"href":"https:\/\/www.muyjujuy.com\/index.php\/wp-json\/wp\/v2\/types\/post"}],"author":[{"embeddable":true,"href":"https:\/\/www.muyjujuy.com\/index.php\/wp-json\/wp\/v2\/users\/1"}],"replies":[{"embeddable":true,"href":"https:\/\/www.muyjujuy.com\/index.php\/wp-json\/wp\/v2\/comments?post=2524"}],"version-history":[{"count":1,"href":"https:\/\/www.muyjujuy.com\/index.php\/wp-json\/wp\/v2\/posts\/2524\/revisions"}],"predecessor-version":[{"id":2526,"href":"https:\/\/www.muyjujuy.com\/index.php\/wp-json\/wp\/v2\/posts\/2524\/revisions\/2526"}],"wp:featuredmedia":[{"embeddable":true,"href":"https:\/\/www.muyjujuy.com\/index.php\/wp-json\/wp\/v2\/media\/2525"}],"wp:attachment":[{"href":"https:\/\/www.muyjujuy.com\/index.php\/wp-json\/wp\/v2\/media?parent=2524"}],"wp:term":[{"taxonomy":"category","embeddable":true,"href":"https:\/\/www.muyjujuy.com\/index.php\/wp-json\/wp\/v2\/categories?post=2524"},{"taxonomy":"post_tag","embeddable":true,"href":"https:\/\/www.muyjujuy.com\/index.php\/wp-json\/wp\/v2\/tags?post=2524"}],"curies":[{"name":"wp","href":"https:\/\/api.w.org\/{rel}","templated":true}]}}