{"id":2530,"date":"2025-06-05T10:25:15","date_gmt":"2025-06-05T13:25:15","guid":{"rendered":"https:\/\/www.muyjujuy.com\/?p=2530"},"modified":"2025-06-05T10:25:15","modified_gmt":"2025-06-05T13:25:15","slug":"intenso-sismo-en-jujuy-se-registro-un-temblor-de-3-5-grados-cerca-de-san-pedro","status":"publish","type":"post","link":"https:\/\/www.muyjujuy.com\/index.php\/2025\/06\/05\/intenso-sismo-en-jujuy-se-registro-un-temblor-de-3-5-grados-cerca-de-san-pedro\/","title":{"rendered":"Intenso sismo en Jujuy: se registr\u00f3 un temblor de 3.5 grados cerca de San Pedro"},"content":{"rendered":"\n<p>El evento s\u00edsmico tuvo lugar a las 7:42 de la ma\u00f1ana de este jueves.<\/p>\n\n\n\n<p>Un fuerte movimiento tel\u00farico de 3.5 grados en la escala de Richter se produjo en la ma\u00f1ana de hoy en la provincia de Jujuy. El epicentro se localiz\u00f3 en el departamento de San Pedro.<\/p>\n\n\n\n<p>El Instituto Nacional de Prevenci\u00f3n S\u00edsmica inform\u00f3 que el sismo ocurri\u00f3 a las 7:42 horas y su epicentro se situ\u00f3 a 31 kil\u00f3metros al este de San Salvador de Jujuy, a 38 kil\u00f3metros al suroeste de Ledesma y a 52 kil\u00f3metros al sureste de Tumbaya.<\/p>\n\n\n\n<p>La magnitud registrada fue de 3.5 grados en la escala de Richter y la profundidad alcanz\u00f3 los 19 kil\u00f3metros.<\/p>\n","protected":false},"excerpt":{"rendered":"<p>El evento s\u00edsmico tuvo lugar a las 7:42 de la ma\u00f1ana de este jueves. Un fuerte movimiento tel\u00farico de 3.5 grados en la escala de Richter se produjo en la ma\u00f1ana de hoy en la provincia de Jujuy. El epicentro se localiz\u00f3 en el departamento de San Pedro. El Instituto Nacional de Prevenci\u00f3n S\u00edsmica inform\u00f3 [&hellip;]<\/p>\n","protected":false},"author":1,"featured_media":2531,"comment_status":"open","ping_status":"open","sticky":false,"template":"","format":"standard","meta":{"footnotes":""},"categories":[863,25],"tags":[],"class_list":{"0":"post-2530","1":"post","2":"type-post","3":"status-publish","4":"format-standard","5":"has-post-thumbnail","7":"category-jujuy","8":"category-sociedad"},"yoast_head":"<!-- This site is optimized with the Yoast SEO plugin v27.5 - https:\/\/yoast.com\/product\/yoast-seo-wordpress\/ -->\n<title>Intenso sismo en Jujuy: se registr\u00f3 un temblor de 3.5 grados cerca de San Pedro - Muy Jujuy<\/title>\n<meta name=\"robots\" content=\"index, follow, max-snippet:-1, max-image-preview:large, max-video-preview:-1\" \/>\n<link rel=\"canonical\" href=\"https:\/\/www.muyjujuy.com\/index.php\/2025\/06\/05\/intenso-sismo-en-jujuy-se-registro-un-temblor-de-3-5-grados-cerca-de-san-pedro\/\" \/>\n<meta property=\"og:locale\" content=\"es_ES\" \/>\n<meta property=\"og:type\" content=\"article\" \/>\n<meta property=\"og:title\" content=\"Intenso sismo en Jujuy: se registr\u00f3 un temblor de 3.5 grados cerca de San Pedro - Muy Jujuy\" \/>\n<meta property=\"og:description\" content=\"El evento s\u00edsmico tuvo lugar a las 7:42 de la ma\u00f1ana de este jueves. Un fuerte movimiento tel\u00farico de 3.5 grados en la escala de Richter se produjo en la ma\u00f1ana de hoy en la provincia de Jujuy. El epicentro se localiz\u00f3 en el departamento de San Pedro. El Instituto Nacional de Prevenci\u00f3n S\u00edsmica inform\u00f3 [&hellip;]\" \/>\n<meta property=\"og:url\" content=\"https:\/\/www.muyjujuy.com\/index.php\/2025\/06\/05\/intenso-sismo-en-jujuy-se-registro-un-temblor-de-3-5-grados-cerca-de-san-pedro\/\" \/>\n<meta property=\"og:site_name\" content=\"Muy Jujuy\" \/>\n<meta property=\"article:publisher\" content=\"https:\/\/www.facebook.com\/muyjujuycom\" \/>\n<meta property=\"article:published_time\" content=\"2025-06-05T13:25:15+00:00\" \/>\n<meta name=\"author\" content=\"admin\" \/>\n<meta name=\"twitter:card\" content=\"summary_large_image\" \/>\n<meta name=\"twitter:creator\" content=\"@muyjujuy\" \/>\n<meta name=\"twitter:site\" content=\"@muyjujuy\" \/>\n<meta name=\"twitter:label1\" content=\"Escrito por\" \/>\n\t<meta name=\"twitter:data1\" content=\"admin\" \/>\n\t<meta name=\"twitter:label2\" content=\"Tiempo de lectura\" \/>\n\t<meta name=\"twitter:data2\" content=\"1 minuto\" \/>\n<script type=\"application\/ld+json\" class=\"yoast-schema-graph\">{\"@context\":\"https:\\\/\\\/schema.org\",\"@graph\":[{\"@type\":\"Article\",\"@id\":\"https:\\\/\\\/www.muyjujuy.com\\\/index.php\\\/2025\\\/06\\\/05\\\/intenso-sismo-en-jujuy-se-registro-un-temblor-de-3-5-grados-cerca-de-san-pedro\\\/#article\",\"isPartOf\":{\"@id\":\"https:\\\/\\\/www.muyjujuy.com\\\/index.php\\\/2025\\\/06\\\/05\\\/intenso-sismo-en-jujuy-se-registro-un-temblor-de-3-5-grados-cerca-de-san-pedro\\\/\"},\"author\":{\"name\":\"admin\",\"@id\":\"https:\\\/\\\/www.muyjujuy.com\\\/#\\\/schema\\\/person\\\/a3b63db1f387ec4149299954904c5bf0\"},\"headline\":\"Intenso sismo en Jujuy: se registr\u00f3 un temblor de 3.5 grados cerca de San Pedro\",\"datePublished\":\"2025-06-05T13:25:15+00:00\",\"mainEntityOfPage\":{\"@id\":\"https:\\\/\\\/www.muyjujuy.com\\\/index.php\\\/2025\\\/06\\\/05\\\/intenso-sismo-en-jujuy-se-registro-un-temblor-de-3-5-grados-cerca-de-san-pedro\\\/\"},\"wordCount\":128,\"commentCount\":0,\"publisher\":{\"@id\":\"https:\\\/\\\/www.muyjujuy.com\\\/#organization\"},\"image\":{\"@id\":\"https:\\\/\\\/www.muyjujuy.com\\\/index.php\\\/2025\\\/06\\\/05\\\/intenso-sismo-en-jujuy-se-registro-un-temblor-de-3-5-grados-cerca-de-san-pedro\\\/#primaryimage\"},\"thumbnailUrl\":\"https:\\\/\\\/www.muyjujuy.com\\\/wp-content\\\/uploads\\\/2025\\\/06\\\/SISMO.jpg\",\"articleSection\":[\"JUJUY\",\"Sociedad\"],\"inLanguage\":\"es-AR\",\"potentialAction\":[{\"@type\":\"CommentAction\",\"name\":\"Comment\",\"target\":[\"https:\\\/\\\/www.muyjujuy.com\\\/index.php\\\/2025\\\/06\\\/05\\\/intenso-sismo-en-jujuy-se-registro-un-temblor-de-3-5-grados-cerca-de-san-pedro\\\/#respond\"]}]},{\"@type\":\"WebPage\",\"@id\":\"https:\\\/\\\/www.muyjujuy.com\\\/index.php\\\/2025\\\/06\\\/05\\\/intenso-sismo-en-jujuy-se-registro-un-temblor-de-3-5-grados-cerca-de-san-pedro\\\/\",\"url\":\"https:\\\/\\\/www.muyjujuy.com\\\/index.php\\\/2025\\\/06\\\/05\\\/intenso-sismo-en-jujuy-se-registro-un-temblor-de-3-5-grados-cerca-de-san-pedro\\\/\",\"name\":\"Intenso sismo en Jujuy: se registr\u00f3 un temblor de 3.5 grados cerca de San Pedro - Muy Jujuy\",\"isPartOf\":{\"@id\":\"https:\\\/\\\/www.muyjujuy.com\\\/#website\"},\"primaryImageOfPage\":{\"@id\":\"https:\\\/\\\/www.muyjujuy.com\\\/index.php\\\/2025\\\/06\\\/05\\\/intenso-sismo-en-jujuy-se-registro-un-temblor-de-3-5-grados-cerca-de-san-pedro\\\/#primaryimage\"},\"image\":{\"@id\":\"https:\\\/\\\/www.muyjujuy.com\\\/index.php\\\/2025\\\/06\\\/05\\\/intenso-sismo-en-jujuy-se-registro-un-temblor-de-3-5-grados-cerca-de-san-pedro\\\/#primaryimage\"},\"thumbnailUrl\":\"https:\\\/\\\/www.muyjujuy.com\\\/wp-content\\\/uploads\\\/2025\\\/06\\\/SISMO.jpg\",\"datePublished\":\"2025-06-05T13:25:15+00:00\",\"breadcrumb\":{\"@id\":\"https:\\\/\\\/www.muyjujuy.com\\\/index.php\\\/2025\\\/06\\\/05\\\/intenso-sismo-en-jujuy-se-registro-un-temblor-de-3-5-grados-cerca-de-san-pedro\\\/#breadcrumb\"},\"inLanguage\":\"es-AR\",\"potentialAction\":[{\"@type\":\"ReadAction\",\"target\":[\"https:\\\/\\\/www.muyjujuy.com\\\/index.php\\\/2025\\\/06\\\/05\\\/intenso-sismo-en-jujuy-se-registro-un-temblor-de-3-5-grados-cerca-de-san-pedro\\\/\"]}]},{\"@type\":\"ImageObject\",\"inLanguage\":\"es-AR\",\"@id\":\"https:\\\/\\\/www.muyjujuy.com\\\/index.php\\\/2025\\\/06\\\/05\\\/intenso-sismo-en-jujuy-se-registro-un-temblor-de-3-5-grados-cerca-de-san-pedro\\\/#primaryimage\",\"url\":\"https:\\\/\\\/www.muyjujuy.com\\\/wp-content\\\/uploads\\\/2025\\\/06\\\/SISMO.jpg\",\"contentUrl\":\"https:\\\/\\\/www.muyjujuy.com\\\/wp-content\\\/uploads\\\/2025\\\/06\\\/SISMO.jpg\",\"width\":889,\"height\":524},{\"@type\":\"BreadcrumbList\",\"@id\":\"https:\\\/\\\/www.muyjujuy.com\\\/index.php\\\/2025\\\/06\\\/05\\\/intenso-sismo-en-jujuy-se-registro-un-temblor-de-3-5-grados-cerca-de-san-pedro\\\/#breadcrumb\",\"itemListElement\":[{\"@type\":\"ListItem\",\"position\":1,\"name\":\"Inicio\",\"item\":\"https:\\\/\\\/www.muyjujuy.com\\\/\"},{\"@type\":\"ListItem\",\"position\":2,\"name\":\"Intenso sismo en Jujuy: se registr\u00f3 un temblor de 3.5 grados cerca de San Pedro\"}]},{\"@type\":\"WebSite\",\"@id\":\"https:\\\/\\\/www.muyjujuy.com\\\/#website\",\"url\":\"https:\\\/\\\/www.muyjujuy.com\\\/\",\"name\":\"Muy Jujuy\",\"description\":\"\",\"publisher\":{\"@id\":\"https:\\\/\\\/www.muyjujuy.com\\\/#organization\"},\"potentialAction\":[{\"@type\":\"SearchAction\",\"target\":{\"@type\":\"EntryPoint\",\"urlTemplate\":\"https:\\\/\\\/www.muyjujuy.com\\\/?s={search_term_string}\"},\"query-input\":{\"@type\":\"PropertyValueSpecification\",\"valueRequired\":true,\"valueName\":\"search_term_string\"}}],\"inLanguage\":\"es-AR\"},{\"@type\":\"Organization\",\"@id\":\"https:\\\/\\\/www.muyjujuy.com\\\/#organization\",\"name\":\"Muy Jujuy\",\"url\":\"https:\\\/\\\/www.muyjujuy.com\\\/\",\"logo\":{\"@type\":\"ImageObject\",\"inLanguage\":\"es-AR\",\"@id\":\"https:\\\/\\\/www.muyjujuy.com\\\/#\\\/schema\\\/logo\\\/image\\\/\",\"url\":\"http:\\\/\\\/www.muyjujuy.com\\\/wp-content\\\/uploads\\\/2022\\\/05\\\/logo-mobil-jujuy.png\",\"contentUrl\":\"http:\\\/\\\/www.muyjujuy.com\\\/wp-content\\\/uploads\\\/2022\\\/05\\\/logo-mobil-jujuy.png\",\"width\":174,\"height\":81,\"caption\":\"Muy Jujuy\"},\"image\":{\"@id\":\"https:\\\/\\\/www.muyjujuy.com\\\/#\\\/schema\\\/logo\\\/image\\\/\"},\"sameAs\":[\"https:\\\/\\\/www.facebook.com\\\/muyjujuycom\",\"https:\\\/\\\/x.com\\\/muyjujuy\",\"https:\\\/\\\/www.instagram.com\\\/muyjujuycom\"]},{\"@type\":\"Person\",\"@id\":\"https:\\\/\\\/www.muyjujuy.com\\\/#\\\/schema\\\/person\\\/a3b63db1f387ec4149299954904c5bf0\",\"name\":\"admin\",\"image\":{\"@type\":\"ImageObject\",\"inLanguage\":\"es-AR\",\"@id\":\"https:\\\/\\\/secure.gravatar.com\\\/avatar\\\/b6e63d8d3a73633362405a0ad27e9c28391755813b59886f19a99d6cef8a03fc?s=96&d=mm&r=g\",\"url\":\"https:\\\/\\\/secure.gravatar.com\\\/avatar\\\/b6e63d8d3a73633362405a0ad27e9c28391755813b59886f19a99d6cef8a03fc?s=96&d=mm&r=g\",\"contentUrl\":\"https:\\\/\\\/secure.gravatar.com\\\/avatar\\\/b6e63d8d3a73633362405a0ad27e9c28391755813b59886f19a99d6cef8a03fc?s=96&d=mm&r=g\",\"caption\":\"admin\"},\"url\":\"https:\\\/\\\/www.muyjujuy.com\\\/index.php\\\/author\\\/soyeleditor\\\/\"}]}<\/script>\n<!-- \/ Yoast SEO plugin. -->","yoast_head_json":{"title":"Intenso sismo en Jujuy: se registr\u00f3 un temblor de 3.5 grados cerca de San Pedro - Muy Jujuy","robots":{"index":"index","follow":"follow","max-snippet":"max-snippet:-1","max-image-preview":"max-image-preview:large","max-video-preview":"max-video-preview:-1"},"canonical":"https:\/\/www.muyjujuy.com\/index.php\/2025\/06\/05\/intenso-sismo-en-jujuy-se-registro-un-temblor-de-3-5-grados-cerca-de-san-pedro\/","og_locale":"es_ES","og_type":"article","og_title":"Intenso sismo en Jujuy: se registr\u00f3 un temblor de 3.5 grados cerca de San Pedro - Muy Jujuy","og_description":"El evento s\u00edsmico tuvo lugar a las 7:42 de la ma\u00f1ana de este jueves. Un fuerte movimiento tel\u00farico de 3.5 grados en la escala de Richter se produjo en la ma\u00f1ana de hoy en la provincia de Jujuy. El epicentro se localiz\u00f3 en el departamento de San Pedro. El Instituto Nacional de Prevenci\u00f3n S\u00edsmica inform\u00f3 [&hellip;]","og_url":"https:\/\/www.muyjujuy.com\/index.php\/2025\/06\/05\/intenso-sismo-en-jujuy-se-registro-un-temblor-de-3-5-grados-cerca-de-san-pedro\/","og_site_name":"Muy Jujuy","article_publisher":"https:\/\/www.facebook.com\/muyjujuycom","article_published_time":"2025-06-05T13:25:15+00:00","author":"admin","twitter_card":"summary_large_image","twitter_creator":"@muyjujuy","twitter_site":"@muyjujuy","twitter_misc":{"Escrito por":"admin","Tiempo de lectura":"1 minuto"},"schema":{"@context":"https:\/\/schema.org","@graph":[{"@type":"Article","@id":"https:\/\/www.muyjujuy.com\/index.php\/2025\/06\/05\/intenso-sismo-en-jujuy-se-registro-un-temblor-de-3-5-grados-cerca-de-san-pedro\/#article","isPartOf":{"@id":"https:\/\/www.muyjujuy.com\/index.php\/2025\/06\/05\/intenso-sismo-en-jujuy-se-registro-un-temblor-de-3-5-grados-cerca-de-san-pedro\/"},"author":{"name":"admin","@id":"https:\/\/www.muyjujuy.com\/#\/schema\/person\/a3b63db1f387ec4149299954904c5bf0"},"headline":"Intenso sismo en Jujuy: se registr\u00f3 un temblor de 3.5 grados cerca de San Pedro","datePublished":"2025-06-05T13:25:15+00:00","mainEntityOfPage":{"@id":"https:\/\/www.muyjujuy.com\/index.php\/2025\/06\/05\/intenso-sismo-en-jujuy-se-registro-un-temblor-de-3-5-grados-cerca-de-san-pedro\/"},"wordCount":128,"commentCount":0,"publisher":{"@id":"https:\/\/www.muyjujuy.com\/#organization"},"image":{"@id":"https:\/\/www.muyjujuy.com\/index.php\/2025\/06\/05\/intenso-sismo-en-jujuy-se-registro-un-temblor-de-3-5-grados-cerca-de-san-pedro\/#primaryimage"},"thumbnailUrl":"https:\/\/www.muyjujuy.com\/wp-content\/uploads\/2025\/06\/SISMO.jpg","articleSection":["JUJUY","Sociedad"],"inLanguage":"es-AR","potentialAction":[{"@type":"CommentAction","name":"Comment","target":["https:\/\/www.muyjujuy.com\/index.php\/2025\/06\/05\/intenso-sismo-en-jujuy-se-registro-un-temblor-de-3-5-grados-cerca-de-san-pedro\/#respond"]}]},{"@type":"WebPage","@id":"https:\/\/www.muyjujuy.com\/index.php\/2025\/06\/05\/intenso-sismo-en-jujuy-se-registro-un-temblor-de-3-5-grados-cerca-de-san-pedro\/","url":"https:\/\/www.muyjujuy.com\/index.php\/2025\/06\/05\/intenso-sismo-en-jujuy-se-registro-un-temblor-de-3-5-grados-cerca-de-san-pedro\/","name":"Intenso sismo en Jujuy: se registr\u00f3 un temblor de 3.5 grados cerca de San Pedro - Muy Jujuy","isPartOf":{"@id":"https:\/\/www.muyjujuy.com\/#website"},"primaryImageOfPage":{"@id":"https:\/\/www.muyjujuy.com\/index.php\/2025\/06\/05\/intenso-sismo-en-jujuy-se-registro-un-temblor-de-3-5-grados-cerca-de-san-pedro\/#primaryimage"},"image":{"@id":"https:\/\/www.muyjujuy.com\/index.php\/2025\/06\/05\/intenso-sismo-en-jujuy-se-registro-un-temblor-de-3-5-grados-cerca-de-san-pedro\/#primaryimage"},"thumbnailUrl":"https:\/\/www.muyjujuy.com\/wp-content\/uploads\/2025\/06\/SISMO.jpg","datePublished":"2025-06-05T13:25:15+00:00","breadcrumb":{"@id":"https:\/\/www.muyjujuy.com\/index.php\/2025\/06\/05\/intenso-sismo-en-jujuy-se-registro-un-temblor-de-3-5-grados-cerca-de-san-pedro\/#breadcrumb"},"inLanguage":"es-AR","potentialAction":[{"@type":"ReadAction","target":["https:\/\/www.muyjujuy.com\/index.php\/2025\/06\/05\/intenso-sismo-en-jujuy-se-registro-un-temblor-de-3-5-grados-cerca-de-san-pedro\/"]}]},{"@type":"ImageObject","inLanguage":"es-AR","@id":"https:\/\/www.muyjujuy.com\/index.php\/2025\/06\/05\/intenso-sismo-en-jujuy-se-registro-un-temblor-de-3-5-grados-cerca-de-san-pedro\/#primaryimage","url":"https:\/\/www.muyjujuy.com\/wp-content\/uploads\/2025\/06\/SISMO.jpg","contentUrl":"https:\/\/www.muyjujuy.com\/wp-content\/uploads\/2025\/06\/SISMO.jpg","width":889,"height":524},{"@type":"BreadcrumbList","@id":"https:\/\/www.muyjujuy.com\/index.php\/2025\/06\/05\/intenso-sismo-en-jujuy-se-registro-un-temblor-de-3-5-grados-cerca-de-san-pedro\/#breadcrumb","itemListElement":[{"@type":"ListItem","position":1,"name":"Inicio","item":"https:\/\/www.muyjujuy.com\/"},{"@type":"ListItem","position":2,"name":"Intenso sismo en Jujuy: se registr\u00f3 un temblor de 3.5 grados cerca de San Pedro"}]},{"@type":"WebSite","@id":"https:\/\/www.muyjujuy.com\/#website","url":"https:\/\/www.muyjujuy.com\/","name":"Muy Jujuy","description":"","publisher":{"@id":"https:\/\/www.muyjujuy.com\/#organization"},"potentialAction":[{"@type":"SearchAction","target":{"@type":"EntryPoint","urlTemplate":"https:\/\/www.muyjujuy.com\/?s={search_term_string}"},"query-input":{"@type":"PropertyValueSpecification","valueRequired":true,"valueName":"search_term_string"}}],"inLanguage":"es-AR"},{"@type":"Organization","@id":"https:\/\/www.muyjujuy.com\/#organization","name":"Muy Jujuy","url":"https:\/\/www.muyjujuy.com\/","logo":{"@type":"ImageObject","inLanguage":"es-AR","@id":"https:\/\/www.muyjujuy.com\/#\/schema\/logo\/image\/","url":"http:\/\/www.muyjujuy.com\/wp-content\/uploads\/2022\/05\/logo-mobil-jujuy.png","contentUrl":"http:\/\/www.muyjujuy.com\/wp-content\/uploads\/2022\/05\/logo-mobil-jujuy.png","width":174,"height":81,"caption":"Muy Jujuy"},"image":{"@id":"https:\/\/www.muyjujuy.com\/#\/schema\/logo\/image\/"},"sameAs":["https:\/\/www.facebook.com\/muyjujuycom","https:\/\/x.com\/muyjujuy","https:\/\/www.instagram.com\/muyjujuycom"]},{"@type":"Person","@id":"https:\/\/www.muyjujuy.com\/#\/schema\/person\/a3b63db1f387ec4149299954904c5bf0","name":"admin","image":{"@type":"ImageObject","inLanguage":"es-AR","@id":"https:\/\/secure.gravatar.com\/avatar\/b6e63d8d3a73633362405a0ad27e9c28391755813b59886f19a99d6cef8a03fc?s=96&d=mm&r=g","url":"https:\/\/secure.gravatar.com\/avatar\/b6e63d8d3a73633362405a0ad27e9c28391755813b59886f19a99d6cef8a03fc?s=96&d=mm&r=g","contentUrl":"https:\/\/secure.gravatar.com\/avatar\/b6e63d8d3a73633362405a0ad27e9c28391755813b59886f19a99d6cef8a03fc?s=96&d=mm&r=g","caption":"admin"},"url":"https:\/\/www.muyjujuy.com\/index.php\/author\/soyeleditor\/"}]}},"_links":{"self":[{"href":"https:\/\/www.muyjujuy.com\/index.php\/wp-json\/wp\/v2\/posts\/2530","targetHints":{"allow":["GET"]}}],"collection":[{"href":"https:\/\/www.muyjujuy.com\/index.php\/wp-json\/wp\/v2\/posts"}],"about":[{"href":"https:\/\/www.muyjujuy.com\/index.php\/wp-json\/wp\/v2\/types\/post"}],"author":[{"embeddable":true,"href":"https:\/\/www.muyjujuy.com\/index.php\/wp-json\/wp\/v2\/users\/1"}],"replies":[{"embeddable":true,"href":"https:\/\/www.muyjujuy.com\/index.php\/wp-json\/wp\/v2\/comments?post=2530"}],"version-history":[{"count":1,"href":"https:\/\/www.muyjujuy.com\/index.php\/wp-json\/wp\/v2\/posts\/2530\/revisions"}],"predecessor-version":[{"id":2532,"href":"https:\/\/www.muyjujuy.com\/index.php\/wp-json\/wp\/v2\/posts\/2530\/revisions\/2532"}],"wp:featuredmedia":[{"embeddable":true,"href":"https:\/\/www.muyjujuy.com\/index.php\/wp-json\/wp\/v2\/media\/2531"}],"wp:attachment":[{"href":"https:\/\/www.muyjujuy.com\/index.php\/wp-json\/wp\/v2\/media?parent=2530"}],"wp:term":[{"taxonomy":"category","embeddable":true,"href":"https:\/\/www.muyjujuy.com\/index.php\/wp-json\/wp\/v2\/categories?post=2530"},{"taxonomy":"post_tag","embeddable":true,"href":"https:\/\/www.muyjujuy.com\/index.php\/wp-json\/wp\/v2\/tags?post=2530"}],"curies":[{"name":"wp","href":"https:\/\/api.w.org\/{rel}","templated":true}]}}