{"id":2536,"date":"2025-06-06T10:40:48","date_gmt":"2025-06-06T13:40:48","guid":{"rendered":"https:\/\/www.muyjujuy.com\/?p=2536"},"modified":"2025-06-06T10:40:48","modified_gmt":"2025-06-06T13:40:48","slug":"alumnos-se-comprometieron-a-proteger-el-planeta-en-el-dia-mundial-del-medio-ambiente","status":"publish","type":"post","link":"https:\/\/www.muyjujuy.com\/index.php\/2025\/06\/06\/alumnos-se-comprometieron-a-proteger-el-planeta-en-el-dia-mundial-del-medio-ambiente\/","title":{"rendered":"Alumnos se comprometieron a proteger el planeta en el D\u00eda Mundial del Medio Ambiente"},"content":{"rendered":"\n<p>El <strong>compromiso<\/strong> fue asumido por estudiantes de <strong>s\u00e9ptimo grado<\/strong> de diversas instituciones educativas de nivel primario, tanto <strong>p\u00fablicas<\/strong> como <strong>privadas, municipales, sociales y cooperativas<\/strong>, demostrando un profundo sentido de <strong>pertenencia<\/strong> y <strong>conciencia ambiental<\/strong>.<\/p>\n\n\n\n<p>En el marco de las actividades conmemorativas por el <strong>D\u00eda Mundial del Medio Ambiente<\/strong>, el gobernador <strong>Carlos Sadir<\/strong> encabez\u00f3 la ceremonia en la que alumnos de 7\u00b0 grado de la <strong>Escuela N\u00b0 392 \u201cSan Juan Bautista De La Salle\u201d<\/strong> prometieron convertirse en <strong>guardianes del planeta<\/strong>.<\/p>\n\n\n\n<p>Tambi\u00e9n participaron la ministra de <strong>Ambiente y Cambio Clim\u00e1tico, Mar\u00eda In\u00e9s Zigar\u00e1n<\/strong>; la ministra de <strong>Educaci\u00f3n, Miriam Serrano<\/strong>; otras <strong>autoridades del gabinete provincial<\/strong> y miembros de la <strong>comunidad educativa<\/strong>.<\/p>\n\n\n\n<p>El acto se realiz\u00f3 en cumplimiento de la <strong>Resoluci\u00f3n N\u00b0 132\/2019<\/strong>, firmada por las carteras de <strong>Ambiente y Educaci\u00f3n<\/strong>, que establece que cada <strong>5 de junio<\/strong> o el d\u00eda h\u00e1bil siguiente, los alumnos del \u00faltimo a\u00f1o del nivel primario de todas las escuelas de la provincia realicen un <strong>compromiso ambiental p\u00fablico<\/strong>, en adhesi\u00f3n a los principios de <strong>sostenibilidad, respeto y protecci\u00f3n del entorno<\/strong>.<\/p>\n\n\n\n<p>\u201cEstoy muy satisfecho de asumir este compromiso para <strong>cuidar el planeta<\/strong>\u201d, destac\u00f3 <strong>Sadir<\/strong> y a\u00f1adi\u00f3 que \u201cqueremos legar un mundo mejor para las generaciones futuras\u201d. \u201cPor eso estamos hoy aqu\u00ed, junto a esta escuela que trabaja intensamente en temas ambientales\u201d, remarc\u00f3.<\/p>\n\n\n\n<p>El mandatario felicit\u00f3 a los alumnos protagonistas y afirm\u00f3 que \u201ceste compromiso debe llevarse adelante <strong>todos los d\u00edas<\/strong>, ponerlo en pr\u00e1ctica y actuar en consecuencia para dejar un planeta en mejores condiciones\u201d, subrayando que \u201creafirmamos el compromiso de continuar trabajando para <strong>preservar el medio ambiente<\/strong> y <strong>cuidar la Tierra<\/strong>\u201d.<\/p>\n\n\n\n<p>Por su parte, la ministra <strong>Zigar\u00e1n<\/strong> se\u00f1al\u00f3 que \u201cenfrentamos una <strong>crisis ambiental global<\/strong>, marcada por el <strong>cambio clim\u00e1tico, la p\u00e9rdida de biodiversidad y la contaminaci\u00f3n<\/strong>, desaf\u00edos que nos convocan a transformar nuestros h\u00e1bitos y nuestra relaci\u00f3n con la naturaleza\u201d.<\/p>\n\n\n\n<p>En ese sentido, indic\u00f3 que \u201choy renovamos nuestro compromiso de <strong>amar, respetar, proteger y cuidar el ambiente<\/strong> de nuestra provincia, nuestra <strong>Pachamama<\/strong>\u201d.<br>Adem\u00e1s, enfatiz\u00f3 que \u201ccomo cada a\u00f1o, ratificamos esta promesa para preservar las condiciones de vida de las <strong>generaciones presentes y futuras<\/strong>, en nuestro mundo, nuestro <strong>\u00fanico hogar, nuestra casa com\u00fan<\/strong>\u201d, tal como expresaron tambi\u00e9n los estudiantes durante la lectura del compromiso.<\/p>\n\n\n\n<p>A su turno, la ministra <strong>Serrano<\/strong> calific\u00f3 el acto como \u201cuna ceremonia <strong>emotiva<\/strong> y <strong>significativa<\/strong>, en la que los ni\u00f1os de la Escuela 392 realizaron p\u00fablicamente su <strong>promesa de cuidado ambiental<\/strong>\u201d.<\/p>\n\n\n\n<p>\u201cEllos y sus familias son los principales <strong>comunicadores<\/strong> sobre c\u00f3mo proteger el ambiente, <strong>reciclar<\/strong>, cuidar el <strong>agua<\/strong> y la <strong>energ\u00eda<\/strong>\u201d, asegur\u00f3 y agreg\u00f3 que \u201ccon ellos hoy todos nos comprometemos a dejar un mundo mejor\u201d.<\/p>\n\n\n\n<p><strong>Jujuy fortalece su compromiso con la educaci\u00f3n ambiental<\/strong><br>Cabe destacar que el <strong>Compromiso Ambiental<\/strong>, incorporado en el <strong>Calendario Escolar<\/strong> y adoptado por todas las escuelas durante <strong>junio, Mes Mundial del Ambiente<\/strong>, forma parte de una pol\u00edtica que institucionaliza la decisi\u00f3n del Gobierno de Jujuy de fortalecer la <strong>identidad ambiental estrat\u00e9gica<\/strong> de la provincia, promoviendo una visi\u00f3n integral del desarrollo basada en el paradigma de la <strong>Pachamama<\/strong>, como eje central de los cambios sociales, productivos y culturales en curso.<\/p>\n\n\n\n<p>Este compromiso es asumido por alumnos de <strong>s\u00e9ptimo grado<\/strong> de establecimientos educativos de gesti\u00f3n <strong>p\u00fablica, privada, municipal, social y cooperativa<\/strong>, con un marcado sentido de <strong>pertenencia<\/strong> y responsabilidad <strong>ecol\u00f3gica<\/strong>.<\/p>\n\n\n\n<p>Durante el acto se destac\u00f3 que <strong>Jujuy es una de las provincias con mayor biodiversidad del pa\u00eds<\/strong>, con una riqueza <strong>natural, paisaj\u00edstica y cultural \u00fanica<\/strong>, donde se conservan saberes, tradiciones y costumbres <strong>ancestrales<\/strong>.<\/p>\n\n\n\n<p>Con esta iniciativa, <strong>Jujuy reafirma su liderazgo en pol\u00edticas p\u00fablicas ambientales<\/strong> y su firme decisi\u00f3n de formar generaciones futuras con <strong>conciencia ecol\u00f3gica<\/strong> y un profundo compromiso con el <strong>cuidado de la Tierra<\/strong>.<\/p>\n","protected":false},"excerpt":{"rendered":"<p>El compromiso fue asumido por estudiantes de s\u00e9ptimo grado de diversas instituciones educativas de nivel primario, tanto p\u00fablicas como privadas, municipales, sociales y cooperativas, demostrando un profundo sentido de pertenencia y conciencia ambiental. En el marco de las actividades conmemorativas por el D\u00eda Mundial del Medio Ambiente, el gobernador Carlos Sadir encabez\u00f3 la ceremonia en [&hellip;]<\/p>\n","protected":false},"author":1,"featured_media":2537,"comment_status":"open","ping_status":"open","sticky":false,"template":"","format":"standard","meta":{"footnotes":""},"categories":[863,25],"tags":[],"class_list":{"0":"post-2536","1":"post","2":"type-post","3":"status-publish","4":"format-standard","5":"has-post-thumbnail","7":"category-jujuy","8":"category-sociedad"},"yoast_head":"<!-- This site is optimized with the Yoast SEO plugin v27.5 - https:\/\/yoast.com\/product\/yoast-seo-wordpress\/ -->\n<title>Alumnos se comprometieron a proteger el planeta en el D\u00eda Mundial del Medio Ambiente - Muy Jujuy<\/title>\n<meta name=\"robots\" content=\"index, follow, max-snippet:-1, max-image-preview:large, max-video-preview:-1\" \/>\n<link rel=\"canonical\" href=\"https:\/\/www.muyjujuy.com\/index.php\/2025\/06\/06\/alumnos-se-comprometieron-a-proteger-el-planeta-en-el-dia-mundial-del-medio-ambiente\/\" \/>\n<meta property=\"og:locale\" content=\"es_ES\" \/>\n<meta property=\"og:type\" content=\"article\" \/>\n<meta property=\"og:title\" content=\"Alumnos se comprometieron a proteger el planeta en el D\u00eda Mundial del Medio Ambiente - Muy Jujuy\" \/>\n<meta property=\"og:description\" content=\"El compromiso fue asumido por estudiantes de s\u00e9ptimo grado de diversas instituciones educativas de nivel primario, tanto p\u00fablicas como privadas, municipales, sociales y cooperativas, demostrando un profundo sentido de pertenencia y conciencia ambiental. En el marco de las actividades conmemorativas por el D\u00eda Mundial del Medio Ambiente, el gobernador Carlos Sadir encabez\u00f3 la ceremonia en [&hellip;]\" \/>\n<meta property=\"og:url\" content=\"https:\/\/www.muyjujuy.com\/index.php\/2025\/06\/06\/alumnos-se-comprometieron-a-proteger-el-planeta-en-el-dia-mundial-del-medio-ambiente\/\" \/>\n<meta property=\"og:site_name\" content=\"Muy Jujuy\" \/>\n<meta property=\"article:publisher\" content=\"https:\/\/www.facebook.com\/muyjujuycom\" \/>\n<meta property=\"article:published_time\" content=\"2025-06-06T13:40:48+00:00\" \/>\n<meta name=\"author\" content=\"admin\" \/>\n<meta name=\"twitter:card\" content=\"summary_large_image\" \/>\n<meta name=\"twitter:creator\" content=\"@muyjujuy\" \/>\n<meta name=\"twitter:site\" content=\"@muyjujuy\" \/>\n<meta name=\"twitter:label1\" content=\"Escrito por\" \/>\n\t<meta name=\"twitter:data1\" content=\"admin\" \/>\n\t<meta name=\"twitter:label2\" content=\"Tiempo de lectura\" \/>\n\t<meta name=\"twitter:data2\" content=\"3 minutos\" \/>\n<script type=\"application\/ld+json\" class=\"yoast-schema-graph\">{\"@context\":\"https:\\\/\\\/schema.org\",\"@graph\":[{\"@type\":\"Article\",\"@id\":\"https:\\\/\\\/www.muyjujuy.com\\\/index.php\\\/2025\\\/06\\\/06\\\/alumnos-se-comprometieron-a-proteger-el-planeta-en-el-dia-mundial-del-medio-ambiente\\\/#article\",\"isPartOf\":{\"@id\":\"https:\\\/\\\/www.muyjujuy.com\\\/index.php\\\/2025\\\/06\\\/06\\\/alumnos-se-comprometieron-a-proteger-el-planeta-en-el-dia-mundial-del-medio-ambiente\\\/\"},\"author\":{\"name\":\"admin\",\"@id\":\"https:\\\/\\\/www.muyjujuy.com\\\/#\\\/schema\\\/person\\\/a3b63db1f387ec4149299954904c5bf0\"},\"headline\":\"Alumnos se comprometieron a proteger el planeta en el D\u00eda Mundial del Medio Ambiente\",\"datePublished\":\"2025-06-06T13:40:48+00:00\",\"mainEntityOfPage\":{\"@id\":\"https:\\\/\\\/www.muyjujuy.com\\\/index.php\\\/2025\\\/06\\\/06\\\/alumnos-se-comprometieron-a-proteger-el-planeta-en-el-dia-mundial-del-medio-ambiente\\\/\"},\"wordCount\":661,\"commentCount\":0,\"publisher\":{\"@id\":\"https:\\\/\\\/www.muyjujuy.com\\\/#organization\"},\"image\":{\"@id\":\"https:\\\/\\\/www.muyjujuy.com\\\/index.php\\\/2025\\\/06\\\/06\\\/alumnos-se-comprometieron-a-proteger-el-planeta-en-el-dia-mundial-del-medio-ambiente\\\/#primaryimage\"},\"thumbnailUrl\":\"https:\\\/\\\/www.muyjujuy.com\\\/wp-content\\\/uploads\\\/2025\\\/06\\\/CapturaCHICOS.jpg\",\"articleSection\":[\"JUJUY\",\"Sociedad\"],\"inLanguage\":\"es-AR\",\"potentialAction\":[{\"@type\":\"CommentAction\",\"name\":\"Comment\",\"target\":[\"https:\\\/\\\/www.muyjujuy.com\\\/index.php\\\/2025\\\/06\\\/06\\\/alumnos-se-comprometieron-a-proteger-el-planeta-en-el-dia-mundial-del-medio-ambiente\\\/#respond\"]}]},{\"@type\":\"WebPage\",\"@id\":\"https:\\\/\\\/www.muyjujuy.com\\\/index.php\\\/2025\\\/06\\\/06\\\/alumnos-se-comprometieron-a-proteger-el-planeta-en-el-dia-mundial-del-medio-ambiente\\\/\",\"url\":\"https:\\\/\\\/www.muyjujuy.com\\\/index.php\\\/2025\\\/06\\\/06\\\/alumnos-se-comprometieron-a-proteger-el-planeta-en-el-dia-mundial-del-medio-ambiente\\\/\",\"name\":\"Alumnos se comprometieron a proteger el planeta en el D\u00eda Mundial del Medio Ambiente - Muy Jujuy\",\"isPartOf\":{\"@id\":\"https:\\\/\\\/www.muyjujuy.com\\\/#website\"},\"primaryImageOfPage\":{\"@id\":\"https:\\\/\\\/www.muyjujuy.com\\\/index.php\\\/2025\\\/06\\\/06\\\/alumnos-se-comprometieron-a-proteger-el-planeta-en-el-dia-mundial-del-medio-ambiente\\\/#primaryimage\"},\"image\":{\"@id\":\"https:\\\/\\\/www.muyjujuy.com\\\/index.php\\\/2025\\\/06\\\/06\\\/alumnos-se-comprometieron-a-proteger-el-planeta-en-el-dia-mundial-del-medio-ambiente\\\/#primaryimage\"},\"thumbnailUrl\":\"https:\\\/\\\/www.muyjujuy.com\\\/wp-content\\\/uploads\\\/2025\\\/06\\\/CapturaCHICOS.jpg\",\"datePublished\":\"2025-06-06T13:40:48+00:00\",\"breadcrumb\":{\"@id\":\"https:\\\/\\\/www.muyjujuy.com\\\/index.php\\\/2025\\\/06\\\/06\\\/alumnos-se-comprometieron-a-proteger-el-planeta-en-el-dia-mundial-del-medio-ambiente\\\/#breadcrumb\"},\"inLanguage\":\"es-AR\",\"potentialAction\":[{\"@type\":\"ReadAction\",\"target\":[\"https:\\\/\\\/www.muyjujuy.com\\\/index.php\\\/2025\\\/06\\\/06\\\/alumnos-se-comprometieron-a-proteger-el-planeta-en-el-dia-mundial-del-medio-ambiente\\\/\"]}]},{\"@type\":\"ImageObject\",\"inLanguage\":\"es-AR\",\"@id\":\"https:\\\/\\\/www.muyjujuy.com\\\/index.php\\\/2025\\\/06\\\/06\\\/alumnos-se-comprometieron-a-proteger-el-planeta-en-el-dia-mundial-del-medio-ambiente\\\/#primaryimage\",\"url\":\"https:\\\/\\\/www.muyjujuy.com\\\/wp-content\\\/uploads\\\/2025\\\/06\\\/CapturaCHICOS.jpg\",\"contentUrl\":\"https:\\\/\\\/www.muyjujuy.com\\\/wp-content\\\/uploads\\\/2025\\\/06\\\/CapturaCHICOS.jpg\",\"width\":840,\"height\":442},{\"@type\":\"BreadcrumbList\",\"@id\":\"https:\\\/\\\/www.muyjujuy.com\\\/index.php\\\/2025\\\/06\\\/06\\\/alumnos-se-comprometieron-a-proteger-el-planeta-en-el-dia-mundial-del-medio-ambiente\\\/#breadcrumb\",\"itemListElement\":[{\"@type\":\"ListItem\",\"position\":1,\"name\":\"Inicio\",\"item\":\"https:\\\/\\\/www.muyjujuy.com\\\/\"},{\"@type\":\"ListItem\",\"position\":2,\"name\":\"Alumnos se comprometieron a proteger el planeta en el D\u00eda Mundial del Medio Ambiente\"}]},{\"@type\":\"WebSite\",\"@id\":\"https:\\\/\\\/www.muyjujuy.com\\\/#website\",\"url\":\"https:\\\/\\\/www.muyjujuy.com\\\/\",\"name\":\"Muy Jujuy\",\"description\":\"\",\"publisher\":{\"@id\":\"https:\\\/\\\/www.muyjujuy.com\\\/#organization\"},\"potentialAction\":[{\"@type\":\"SearchAction\",\"target\":{\"@type\":\"EntryPoint\",\"urlTemplate\":\"https:\\\/\\\/www.muyjujuy.com\\\/?s={search_term_string}\"},\"query-input\":{\"@type\":\"PropertyValueSpecification\",\"valueRequired\":true,\"valueName\":\"search_term_string\"}}],\"inLanguage\":\"es-AR\"},{\"@type\":\"Organization\",\"@id\":\"https:\\\/\\\/www.muyjujuy.com\\\/#organization\",\"name\":\"Muy Jujuy\",\"url\":\"https:\\\/\\\/www.muyjujuy.com\\\/\",\"logo\":{\"@type\":\"ImageObject\",\"inLanguage\":\"es-AR\",\"@id\":\"https:\\\/\\\/www.muyjujuy.com\\\/#\\\/schema\\\/logo\\\/image\\\/\",\"url\":\"http:\\\/\\\/www.muyjujuy.com\\\/wp-content\\\/uploads\\\/2022\\\/05\\\/logo-mobil-jujuy.png\",\"contentUrl\":\"http:\\\/\\\/www.muyjujuy.com\\\/wp-content\\\/uploads\\\/2022\\\/05\\\/logo-mobil-jujuy.png\",\"width\":174,\"height\":81,\"caption\":\"Muy Jujuy\"},\"image\":{\"@id\":\"https:\\\/\\\/www.muyjujuy.com\\\/#\\\/schema\\\/logo\\\/image\\\/\"},\"sameAs\":[\"https:\\\/\\\/www.facebook.com\\\/muyjujuycom\",\"https:\\\/\\\/x.com\\\/muyjujuy\",\"https:\\\/\\\/www.instagram.com\\\/muyjujuycom\"]},{\"@type\":\"Person\",\"@id\":\"https:\\\/\\\/www.muyjujuy.com\\\/#\\\/schema\\\/person\\\/a3b63db1f387ec4149299954904c5bf0\",\"name\":\"admin\",\"image\":{\"@type\":\"ImageObject\",\"inLanguage\":\"es-AR\",\"@id\":\"https:\\\/\\\/secure.gravatar.com\\\/avatar\\\/b6e63d8d3a73633362405a0ad27e9c28391755813b59886f19a99d6cef8a03fc?s=96&d=mm&r=g\",\"url\":\"https:\\\/\\\/secure.gravatar.com\\\/avatar\\\/b6e63d8d3a73633362405a0ad27e9c28391755813b59886f19a99d6cef8a03fc?s=96&d=mm&r=g\",\"contentUrl\":\"https:\\\/\\\/secure.gravatar.com\\\/avatar\\\/b6e63d8d3a73633362405a0ad27e9c28391755813b59886f19a99d6cef8a03fc?s=96&d=mm&r=g\",\"caption\":\"admin\"},\"url\":\"https:\\\/\\\/www.muyjujuy.com\\\/index.php\\\/author\\\/soyeleditor\\\/\"}]}<\/script>\n<!-- \/ Yoast SEO plugin. -->","yoast_head_json":{"title":"Alumnos se comprometieron a proteger el planeta en el D\u00eda Mundial del Medio Ambiente - Muy Jujuy","robots":{"index":"index","follow":"follow","max-snippet":"max-snippet:-1","max-image-preview":"max-image-preview:large","max-video-preview":"max-video-preview:-1"},"canonical":"https:\/\/www.muyjujuy.com\/index.php\/2025\/06\/06\/alumnos-se-comprometieron-a-proteger-el-planeta-en-el-dia-mundial-del-medio-ambiente\/","og_locale":"es_ES","og_type":"article","og_title":"Alumnos se comprometieron a proteger el planeta en el D\u00eda Mundial del Medio Ambiente - Muy Jujuy","og_description":"El compromiso fue asumido por estudiantes de s\u00e9ptimo grado de diversas instituciones educativas de nivel primario, tanto p\u00fablicas como privadas, municipales, sociales y cooperativas, demostrando un profundo sentido de pertenencia y conciencia ambiental. En el marco de las actividades conmemorativas por el D\u00eda Mundial del Medio Ambiente, el gobernador Carlos Sadir encabez\u00f3 la ceremonia en [&hellip;]","og_url":"https:\/\/www.muyjujuy.com\/index.php\/2025\/06\/06\/alumnos-se-comprometieron-a-proteger-el-planeta-en-el-dia-mundial-del-medio-ambiente\/","og_site_name":"Muy Jujuy","article_publisher":"https:\/\/www.facebook.com\/muyjujuycom","article_published_time":"2025-06-06T13:40:48+00:00","author":"admin","twitter_card":"summary_large_image","twitter_creator":"@muyjujuy","twitter_site":"@muyjujuy","twitter_misc":{"Escrito por":"admin","Tiempo de lectura":"3 minutos"},"schema":{"@context":"https:\/\/schema.org","@graph":[{"@type":"Article","@id":"https:\/\/www.muyjujuy.com\/index.php\/2025\/06\/06\/alumnos-se-comprometieron-a-proteger-el-planeta-en-el-dia-mundial-del-medio-ambiente\/#article","isPartOf":{"@id":"https:\/\/www.muyjujuy.com\/index.php\/2025\/06\/06\/alumnos-se-comprometieron-a-proteger-el-planeta-en-el-dia-mundial-del-medio-ambiente\/"},"author":{"name":"admin","@id":"https:\/\/www.muyjujuy.com\/#\/schema\/person\/a3b63db1f387ec4149299954904c5bf0"},"headline":"Alumnos se comprometieron a proteger el planeta en el D\u00eda Mundial del Medio Ambiente","datePublished":"2025-06-06T13:40:48+00:00","mainEntityOfPage":{"@id":"https:\/\/www.muyjujuy.com\/index.php\/2025\/06\/06\/alumnos-se-comprometieron-a-proteger-el-planeta-en-el-dia-mundial-del-medio-ambiente\/"},"wordCount":661,"commentCount":0,"publisher":{"@id":"https:\/\/www.muyjujuy.com\/#organization"},"image":{"@id":"https:\/\/www.muyjujuy.com\/index.php\/2025\/06\/06\/alumnos-se-comprometieron-a-proteger-el-planeta-en-el-dia-mundial-del-medio-ambiente\/#primaryimage"},"thumbnailUrl":"https:\/\/www.muyjujuy.com\/wp-content\/uploads\/2025\/06\/CapturaCHICOS.jpg","articleSection":["JUJUY","Sociedad"],"inLanguage":"es-AR","potentialAction":[{"@type":"CommentAction","name":"Comment","target":["https:\/\/www.muyjujuy.com\/index.php\/2025\/06\/06\/alumnos-se-comprometieron-a-proteger-el-planeta-en-el-dia-mundial-del-medio-ambiente\/#respond"]}]},{"@type":"WebPage","@id":"https:\/\/www.muyjujuy.com\/index.php\/2025\/06\/06\/alumnos-se-comprometieron-a-proteger-el-planeta-en-el-dia-mundial-del-medio-ambiente\/","url":"https:\/\/www.muyjujuy.com\/index.php\/2025\/06\/06\/alumnos-se-comprometieron-a-proteger-el-planeta-en-el-dia-mundial-del-medio-ambiente\/","name":"Alumnos se comprometieron a proteger el planeta en el D\u00eda Mundial del Medio Ambiente - Muy Jujuy","isPartOf":{"@id":"https:\/\/www.muyjujuy.com\/#website"},"primaryImageOfPage":{"@id":"https:\/\/www.muyjujuy.com\/index.php\/2025\/06\/06\/alumnos-se-comprometieron-a-proteger-el-planeta-en-el-dia-mundial-del-medio-ambiente\/#primaryimage"},"image":{"@id":"https:\/\/www.muyjujuy.com\/index.php\/2025\/06\/06\/alumnos-se-comprometieron-a-proteger-el-planeta-en-el-dia-mundial-del-medio-ambiente\/#primaryimage"},"thumbnailUrl":"https:\/\/www.muyjujuy.com\/wp-content\/uploads\/2025\/06\/CapturaCHICOS.jpg","datePublished":"2025-06-06T13:40:48+00:00","breadcrumb":{"@id":"https:\/\/www.muyjujuy.com\/index.php\/2025\/06\/06\/alumnos-se-comprometieron-a-proteger-el-planeta-en-el-dia-mundial-del-medio-ambiente\/#breadcrumb"},"inLanguage":"es-AR","potentialAction":[{"@type":"ReadAction","target":["https:\/\/www.muyjujuy.com\/index.php\/2025\/06\/06\/alumnos-se-comprometieron-a-proteger-el-planeta-en-el-dia-mundial-del-medio-ambiente\/"]}]},{"@type":"ImageObject","inLanguage":"es-AR","@id":"https:\/\/www.muyjujuy.com\/index.php\/2025\/06\/06\/alumnos-se-comprometieron-a-proteger-el-planeta-en-el-dia-mundial-del-medio-ambiente\/#primaryimage","url":"https:\/\/www.muyjujuy.com\/wp-content\/uploads\/2025\/06\/CapturaCHICOS.jpg","contentUrl":"https:\/\/www.muyjujuy.com\/wp-content\/uploads\/2025\/06\/CapturaCHICOS.jpg","width":840,"height":442},{"@type":"BreadcrumbList","@id":"https:\/\/www.muyjujuy.com\/index.php\/2025\/06\/06\/alumnos-se-comprometieron-a-proteger-el-planeta-en-el-dia-mundial-del-medio-ambiente\/#breadcrumb","itemListElement":[{"@type":"ListItem","position":1,"name":"Inicio","item":"https:\/\/www.muyjujuy.com\/"},{"@type":"ListItem","position":2,"name":"Alumnos se comprometieron a proteger el planeta en el D\u00eda Mundial del Medio Ambiente"}]},{"@type":"WebSite","@id":"https:\/\/www.muyjujuy.com\/#website","url":"https:\/\/www.muyjujuy.com\/","name":"Muy Jujuy","description":"","publisher":{"@id":"https:\/\/www.muyjujuy.com\/#organization"},"potentialAction":[{"@type":"SearchAction","target":{"@type":"EntryPoint","urlTemplate":"https:\/\/www.muyjujuy.com\/?s={search_term_string}"},"query-input":{"@type":"PropertyValueSpecification","valueRequired":true,"valueName":"search_term_string"}}],"inLanguage":"es-AR"},{"@type":"Organization","@id":"https:\/\/www.muyjujuy.com\/#organization","name":"Muy Jujuy","url":"https:\/\/www.muyjujuy.com\/","logo":{"@type":"ImageObject","inLanguage":"es-AR","@id":"https:\/\/www.muyjujuy.com\/#\/schema\/logo\/image\/","url":"http:\/\/www.muyjujuy.com\/wp-content\/uploads\/2022\/05\/logo-mobil-jujuy.png","contentUrl":"http:\/\/www.muyjujuy.com\/wp-content\/uploads\/2022\/05\/logo-mobil-jujuy.png","width":174,"height":81,"caption":"Muy Jujuy"},"image":{"@id":"https:\/\/www.muyjujuy.com\/#\/schema\/logo\/image\/"},"sameAs":["https:\/\/www.facebook.com\/muyjujuycom","https:\/\/x.com\/muyjujuy","https:\/\/www.instagram.com\/muyjujuycom"]},{"@type":"Person","@id":"https:\/\/www.muyjujuy.com\/#\/schema\/person\/a3b63db1f387ec4149299954904c5bf0","name":"admin","image":{"@type":"ImageObject","inLanguage":"es-AR","@id":"https:\/\/secure.gravatar.com\/avatar\/b6e63d8d3a73633362405a0ad27e9c28391755813b59886f19a99d6cef8a03fc?s=96&d=mm&r=g","url":"https:\/\/secure.gravatar.com\/avatar\/b6e63d8d3a73633362405a0ad27e9c28391755813b59886f19a99d6cef8a03fc?s=96&d=mm&r=g","contentUrl":"https:\/\/secure.gravatar.com\/avatar\/b6e63d8d3a73633362405a0ad27e9c28391755813b59886f19a99d6cef8a03fc?s=96&d=mm&r=g","caption":"admin"},"url":"https:\/\/www.muyjujuy.com\/index.php\/author\/soyeleditor\/"}]}},"_links":{"self":[{"href":"https:\/\/www.muyjujuy.com\/index.php\/wp-json\/wp\/v2\/posts\/2536","targetHints":{"allow":["GET"]}}],"collection":[{"href":"https:\/\/www.muyjujuy.com\/index.php\/wp-json\/wp\/v2\/posts"}],"about":[{"href":"https:\/\/www.muyjujuy.com\/index.php\/wp-json\/wp\/v2\/types\/post"}],"author":[{"embeddable":true,"href":"https:\/\/www.muyjujuy.com\/index.php\/wp-json\/wp\/v2\/users\/1"}],"replies":[{"embeddable":true,"href":"https:\/\/www.muyjujuy.com\/index.php\/wp-json\/wp\/v2\/comments?post=2536"}],"version-history":[{"count":1,"href":"https:\/\/www.muyjujuy.com\/index.php\/wp-json\/wp\/v2\/posts\/2536\/revisions"}],"predecessor-version":[{"id":2538,"href":"https:\/\/www.muyjujuy.com\/index.php\/wp-json\/wp\/v2\/posts\/2536\/revisions\/2538"}],"wp:featuredmedia":[{"embeddable":true,"href":"https:\/\/www.muyjujuy.com\/index.php\/wp-json\/wp\/v2\/media\/2537"}],"wp:attachment":[{"href":"https:\/\/www.muyjujuy.com\/index.php\/wp-json\/wp\/v2\/media?parent=2536"}],"wp:term":[{"taxonomy":"category","embeddable":true,"href":"https:\/\/www.muyjujuy.com\/index.php\/wp-json\/wp\/v2\/categories?post=2536"},{"taxonomy":"post_tag","embeddable":true,"href":"https:\/\/www.muyjujuy.com\/index.php\/wp-json\/wp\/v2\/tags?post=2536"}],"curies":[{"name":"wp","href":"https:\/\/api.w.org\/{rel}","templated":true}]}}