{"id":2544,"date":"2025-06-09T12:04:59","date_gmt":"2025-06-09T15:04:59","guid":{"rendered":"https:\/\/www.muyjujuy.com\/?p=2544"},"modified":"2025-06-09T12:04:59","modified_gmt":"2025-06-09T15:04:59","slug":"a-semanas-del-inicio-de-la-temporada-de-incendios-forestales-alertan-sobre-los-posibles-riesgos-en-jujuy","status":"publish","type":"post","link":"https:\/\/www.muyjujuy.com\/index.php\/2025\/06\/09\/a-semanas-del-inicio-de-la-temporada-de-incendios-forestales-alertan-sobre-los-posibles-riesgos-en-jujuy\/","title":{"rendered":"A semanas del inicio de la temporada de incendios forestales, alertan sobre los posibles riesgos en Jujuy"},"content":{"rendered":"\n<p>A pocas semanas del comienzo de la temporada de incendios forestales en Jujuy, las autoridades advierten sobre los peligros potenciales que podr\u00edan presentarse este a\u00f1o en la regi\u00f3n. Hasta la fecha, en 2025 se contabilizaron 17 incendios de vegetaci\u00f3n en el territorio provincial, por lo que se solicita a la poblaci\u00f3n extremar las medidas de prevenci\u00f3n ante la cercan\u00eda de un per\u00edodo caracterizado por condiciones clim\u00e1ticas secas.<\/p>\n\n\n\n<p><strong>En lo que va del a\u00f1o, se registraron 17 focos de incendio en la provincia<\/strong><\/p>\n\n\n\n<p>Jorge Marcelo Torrico, Director Provincial de Incendios de Vegetaci\u00f3n y Emergencias Ambientales, se refiri\u00f3 al arribo de la temporada de incendios en Jujuy y record\u00f3 a la comunidad la importancia de tomar precauciones para evitar la generaci\u00f3n de nuevos focos \u00edgneos.<\/p>\n\n\n\n<p><strong>&#8220;Hasta el momento hemos registrado 17 incendios de vegetaci\u00f3n. A\u00fan estamos en temporada baja de incendios forestales, la temporada alta comienza el 1 de julio&#8221;<\/strong>, destac\u00f3 el funcionario durante una entrevista con La Mejor Ma\u00f1ana.<\/p>\n\n\n\n<p>En ese contexto, Torrico anticip\u00f3 que la regi\u00f3n enfrentar\u00e1 un per\u00edodo con clima seco. <strong>&#8220;El Servicio Meteorol\u00f3gico Nacional ya emiti\u00f3 un pron\u00f3stico de sequ\u00eda para ciertas \u00e1reas del NOA durante junio, julio y agosto. A esto se suma el incremento del viento en algunas zonas&#8221;<\/strong>, a\u00f1adi\u00f3.<\/p>\n\n\n\n<p>Asimismo, Torrico explic\u00f3 que el equipo de la Direcci\u00f3n de Incendios de Vegetaci\u00f3n y Emergencias Ambientales trabaja de manera continua. <strong>&#8220;Cada a\u00f1o es un ciclo recurrente para nosotros y ahora nos preparamos con la adquisici\u00f3n de equipamiento para que los brigadistas est\u00e9n listos para combatir el fuego&#8221;<\/strong>.<\/p>\n\n\n\n<p>El funcionario mencion\u00f3 que recientemente actuaron en un incendio en la Finca El Pongo, cercana a Perico. <strong>&#8220;Casi siempre, el fuego es provocado por acci\u00f3n humana. Es la misma situaci\u00f3n de todos los a\u00f1os: la gente quema basura y prende fuego sin medir las consecuencias, y ah\u00ed se genera el problema. No comprenden el da\u00f1o que ocasionan&#8221;<\/strong>.<\/p>\n\n\n\n<p>Adem\u00e1s, Torrico record\u00f3 que existen sanciones que pueden alcanzar los 10 millones de pesos para quienes inicien incendios forestales de manera intencional. <strong>&#8220;No debemos olvidar la gravedad de esta situaci\u00f3n&#8221;<\/strong>, enfatiz\u00f3.<\/p>\n\n\n\n<p>Para finalizar, el funcionario provincial solicit\u00f3 a la ciudadan\u00eda que, ante la detecci\u00f3n de un incendio, se comunique de inmediato al 911.<\/p>\n\n\n\n<p><strong>RECOMENDACIONES PARA EVITAR INCENDIOS<\/strong><\/p>\n\n\n\n<ul class=\"wp-block-list\">\n<li>No arrojar colillas de cigarrillos en rutas o zonas rurales.<\/li>\n\n\n\n<li>Evitar realizar quemas de residuos o restos de poda.<\/li>\n\n\n\n<li>Denunciar cualquier incendio forestal inmediatamente al n\u00famero<\/li>\n<\/ul>\n\n\n\n<p><\/p>\n","protected":false},"excerpt":{"rendered":"<p>A pocas semanas del comienzo de la temporada de incendios forestales en Jujuy, las autoridades advierten sobre los peligros potenciales que podr\u00edan presentarse este a\u00f1o en la regi\u00f3n. Hasta la fecha, en 2025 se contabilizaron 17 incendios de vegetaci\u00f3n en el territorio provincial, por lo que se solicita a la poblaci\u00f3n extremar las medidas de [&hellip;]<\/p>\n","protected":false},"author":1,"featured_media":2545,"comment_status":"open","ping_status":"open","sticky":false,"template":"","format":"standard","meta":{"footnotes":""},"categories":[863,25],"tags":[],"class_list":{"0":"post-2544","1":"post","2":"type-post","3":"status-publish","4":"format-standard","5":"has-post-thumbnail","7":"category-jujuy","8":"category-sociedad"},"yoast_head":"<!-- This site is optimized with the Yoast SEO plugin v27.5 - https:\/\/yoast.com\/product\/yoast-seo-wordpress\/ -->\n<title>A semanas del inicio de la temporada de incendios forestales, alertan sobre los posibles riesgos en Jujuy - Muy Jujuy<\/title>\n<meta name=\"robots\" content=\"index, follow, max-snippet:-1, max-image-preview:large, max-video-preview:-1\" \/>\n<link rel=\"canonical\" href=\"https:\/\/www.muyjujuy.com\/index.php\/2025\/06\/09\/a-semanas-del-inicio-de-la-temporada-de-incendios-forestales-alertan-sobre-los-posibles-riesgos-en-jujuy\/\" \/>\n<meta property=\"og:locale\" content=\"es_ES\" \/>\n<meta property=\"og:type\" content=\"article\" \/>\n<meta property=\"og:title\" content=\"A semanas del inicio de la temporada de incendios forestales, alertan sobre los posibles riesgos en Jujuy - Muy Jujuy\" \/>\n<meta property=\"og:description\" content=\"A pocas semanas del comienzo de la temporada de incendios forestales en Jujuy, las autoridades advierten sobre los peligros potenciales que podr\u00edan presentarse este a\u00f1o en la regi\u00f3n. Hasta la fecha, en 2025 se contabilizaron 17 incendios de vegetaci\u00f3n en el territorio provincial, por lo que se solicita a la poblaci\u00f3n extremar las medidas de [&hellip;]\" \/>\n<meta property=\"og:url\" content=\"https:\/\/www.muyjujuy.com\/index.php\/2025\/06\/09\/a-semanas-del-inicio-de-la-temporada-de-incendios-forestales-alertan-sobre-los-posibles-riesgos-en-jujuy\/\" \/>\n<meta property=\"og:site_name\" content=\"Muy Jujuy\" \/>\n<meta property=\"article:publisher\" content=\"https:\/\/www.facebook.com\/muyjujuycom\" \/>\n<meta property=\"article:published_time\" content=\"2025-06-09T15:04:59+00:00\" \/>\n<meta name=\"author\" content=\"admin\" \/>\n<meta name=\"twitter:card\" content=\"summary_large_image\" \/>\n<meta name=\"twitter:creator\" content=\"@muyjujuy\" \/>\n<meta name=\"twitter:site\" content=\"@muyjujuy\" \/>\n<meta name=\"twitter:label1\" content=\"Escrito por\" \/>\n\t<meta name=\"twitter:data1\" content=\"admin\" \/>\n\t<meta name=\"twitter:label2\" content=\"Tiempo de lectura\" \/>\n\t<meta name=\"twitter:data2\" content=\"2 minutos\" \/>\n<script type=\"application\/ld+json\" class=\"yoast-schema-graph\">{\"@context\":\"https:\\\/\\\/schema.org\",\"@graph\":[{\"@type\":\"Article\",\"@id\":\"https:\\\/\\\/www.muyjujuy.com\\\/index.php\\\/2025\\\/06\\\/09\\\/a-semanas-del-inicio-de-la-temporada-de-incendios-forestales-alertan-sobre-los-posibles-riesgos-en-jujuy\\\/#article\",\"isPartOf\":{\"@id\":\"https:\\\/\\\/www.muyjujuy.com\\\/index.php\\\/2025\\\/06\\\/09\\\/a-semanas-del-inicio-de-la-temporada-de-incendios-forestales-alertan-sobre-los-posibles-riesgos-en-jujuy\\\/\"},\"author\":{\"name\":\"admin\",\"@id\":\"https:\\\/\\\/www.muyjujuy.com\\\/#\\\/schema\\\/person\\\/a3b63db1f387ec4149299954904c5bf0\"},\"headline\":\"A semanas del inicio de la temporada de incendios forestales, alertan sobre los posibles riesgos en Jujuy\",\"datePublished\":\"2025-06-09T15:04:59+00:00\",\"mainEntityOfPage\":{\"@id\":\"https:\\\/\\\/www.muyjujuy.com\\\/index.php\\\/2025\\\/06\\\/09\\\/a-semanas-del-inicio-de-la-temporada-de-incendios-forestales-alertan-sobre-los-posibles-riesgos-en-jujuy\\\/\"},\"wordCount\":436,\"commentCount\":0,\"publisher\":{\"@id\":\"https:\\\/\\\/www.muyjujuy.com\\\/#organization\"},\"image\":{\"@id\":\"https:\\\/\\\/www.muyjujuy.com\\\/index.php\\\/2025\\\/06\\\/09\\\/a-semanas-del-inicio-de-la-temporada-de-incendios-forestales-alertan-sobre-los-posibles-riesgos-en-jujuy\\\/#primaryimage\"},\"thumbnailUrl\":\"https:\\\/\\\/www.muyjujuy.com\\\/wp-content\\\/uploads\\\/2025\\\/06\\\/incendio.jpg\",\"articleSection\":[\"JUJUY\",\"Sociedad\"],\"inLanguage\":\"es-AR\",\"potentialAction\":[{\"@type\":\"CommentAction\",\"name\":\"Comment\",\"target\":[\"https:\\\/\\\/www.muyjujuy.com\\\/index.php\\\/2025\\\/06\\\/09\\\/a-semanas-del-inicio-de-la-temporada-de-incendios-forestales-alertan-sobre-los-posibles-riesgos-en-jujuy\\\/#respond\"]}]},{\"@type\":\"WebPage\",\"@id\":\"https:\\\/\\\/www.muyjujuy.com\\\/index.php\\\/2025\\\/06\\\/09\\\/a-semanas-del-inicio-de-la-temporada-de-incendios-forestales-alertan-sobre-los-posibles-riesgos-en-jujuy\\\/\",\"url\":\"https:\\\/\\\/www.muyjujuy.com\\\/index.php\\\/2025\\\/06\\\/09\\\/a-semanas-del-inicio-de-la-temporada-de-incendios-forestales-alertan-sobre-los-posibles-riesgos-en-jujuy\\\/\",\"name\":\"A semanas del inicio de la temporada de incendios forestales, alertan sobre los posibles riesgos en Jujuy - Muy Jujuy\",\"isPartOf\":{\"@id\":\"https:\\\/\\\/www.muyjujuy.com\\\/#website\"},\"primaryImageOfPage\":{\"@id\":\"https:\\\/\\\/www.muyjujuy.com\\\/index.php\\\/2025\\\/06\\\/09\\\/a-semanas-del-inicio-de-la-temporada-de-incendios-forestales-alertan-sobre-los-posibles-riesgos-en-jujuy\\\/#primaryimage\"},\"image\":{\"@id\":\"https:\\\/\\\/www.muyjujuy.com\\\/index.php\\\/2025\\\/06\\\/09\\\/a-semanas-del-inicio-de-la-temporada-de-incendios-forestales-alertan-sobre-los-posibles-riesgos-en-jujuy\\\/#primaryimage\"},\"thumbnailUrl\":\"https:\\\/\\\/www.muyjujuy.com\\\/wp-content\\\/uploads\\\/2025\\\/06\\\/incendio.jpg\",\"datePublished\":\"2025-06-09T15:04:59+00:00\",\"breadcrumb\":{\"@id\":\"https:\\\/\\\/www.muyjujuy.com\\\/index.php\\\/2025\\\/06\\\/09\\\/a-semanas-del-inicio-de-la-temporada-de-incendios-forestales-alertan-sobre-los-posibles-riesgos-en-jujuy\\\/#breadcrumb\"},\"inLanguage\":\"es-AR\",\"potentialAction\":[{\"@type\":\"ReadAction\",\"target\":[\"https:\\\/\\\/www.muyjujuy.com\\\/index.php\\\/2025\\\/06\\\/09\\\/a-semanas-del-inicio-de-la-temporada-de-incendios-forestales-alertan-sobre-los-posibles-riesgos-en-jujuy\\\/\"]}]},{\"@type\":\"ImageObject\",\"inLanguage\":\"es-AR\",\"@id\":\"https:\\\/\\\/www.muyjujuy.com\\\/index.php\\\/2025\\\/06\\\/09\\\/a-semanas-del-inicio-de-la-temporada-de-incendios-forestales-alertan-sobre-los-posibles-riesgos-en-jujuy\\\/#primaryimage\",\"url\":\"https:\\\/\\\/www.muyjujuy.com\\\/wp-content\\\/uploads\\\/2025\\\/06\\\/incendio.jpg\",\"contentUrl\":\"https:\\\/\\\/www.muyjujuy.com\\\/wp-content\\\/uploads\\\/2025\\\/06\\\/incendio.jpg\",\"width\":855,\"height\":506},{\"@type\":\"BreadcrumbList\",\"@id\":\"https:\\\/\\\/www.muyjujuy.com\\\/index.php\\\/2025\\\/06\\\/09\\\/a-semanas-del-inicio-de-la-temporada-de-incendios-forestales-alertan-sobre-los-posibles-riesgos-en-jujuy\\\/#breadcrumb\",\"itemListElement\":[{\"@type\":\"ListItem\",\"position\":1,\"name\":\"Inicio\",\"item\":\"https:\\\/\\\/www.muyjujuy.com\\\/\"},{\"@type\":\"ListItem\",\"position\":2,\"name\":\"A semanas del inicio de la temporada de incendios forestales, alertan sobre los posibles riesgos en Jujuy\"}]},{\"@type\":\"WebSite\",\"@id\":\"https:\\\/\\\/www.muyjujuy.com\\\/#website\",\"url\":\"https:\\\/\\\/www.muyjujuy.com\\\/\",\"name\":\"Muy Jujuy\",\"description\":\"\",\"publisher\":{\"@id\":\"https:\\\/\\\/www.muyjujuy.com\\\/#organization\"},\"potentialAction\":[{\"@type\":\"SearchAction\",\"target\":{\"@type\":\"EntryPoint\",\"urlTemplate\":\"https:\\\/\\\/www.muyjujuy.com\\\/?s={search_term_string}\"},\"query-input\":{\"@type\":\"PropertyValueSpecification\",\"valueRequired\":true,\"valueName\":\"search_term_string\"}}],\"inLanguage\":\"es-AR\"},{\"@type\":\"Organization\",\"@id\":\"https:\\\/\\\/www.muyjujuy.com\\\/#organization\",\"name\":\"Muy Jujuy\",\"url\":\"https:\\\/\\\/www.muyjujuy.com\\\/\",\"logo\":{\"@type\":\"ImageObject\",\"inLanguage\":\"es-AR\",\"@id\":\"https:\\\/\\\/www.muyjujuy.com\\\/#\\\/schema\\\/logo\\\/image\\\/\",\"url\":\"http:\\\/\\\/www.muyjujuy.com\\\/wp-content\\\/uploads\\\/2022\\\/05\\\/logo-mobil-jujuy.png\",\"contentUrl\":\"http:\\\/\\\/www.muyjujuy.com\\\/wp-content\\\/uploads\\\/2022\\\/05\\\/logo-mobil-jujuy.png\",\"width\":174,\"height\":81,\"caption\":\"Muy Jujuy\"},\"image\":{\"@id\":\"https:\\\/\\\/www.muyjujuy.com\\\/#\\\/schema\\\/logo\\\/image\\\/\"},\"sameAs\":[\"https:\\\/\\\/www.facebook.com\\\/muyjujuycom\",\"https:\\\/\\\/x.com\\\/muyjujuy\",\"https:\\\/\\\/www.instagram.com\\\/muyjujuycom\"]},{\"@type\":\"Person\",\"@id\":\"https:\\\/\\\/www.muyjujuy.com\\\/#\\\/schema\\\/person\\\/a3b63db1f387ec4149299954904c5bf0\",\"name\":\"admin\",\"image\":{\"@type\":\"ImageObject\",\"inLanguage\":\"es-AR\",\"@id\":\"https:\\\/\\\/secure.gravatar.com\\\/avatar\\\/b6e63d8d3a73633362405a0ad27e9c28391755813b59886f19a99d6cef8a03fc?s=96&d=mm&r=g\",\"url\":\"https:\\\/\\\/secure.gravatar.com\\\/avatar\\\/b6e63d8d3a73633362405a0ad27e9c28391755813b59886f19a99d6cef8a03fc?s=96&d=mm&r=g\",\"contentUrl\":\"https:\\\/\\\/secure.gravatar.com\\\/avatar\\\/b6e63d8d3a73633362405a0ad27e9c28391755813b59886f19a99d6cef8a03fc?s=96&d=mm&r=g\",\"caption\":\"admin\"},\"url\":\"https:\\\/\\\/www.muyjujuy.com\\\/index.php\\\/author\\\/soyeleditor\\\/\"}]}<\/script>\n<!-- \/ Yoast SEO plugin. -->","yoast_head_json":{"title":"A semanas del inicio de la temporada de incendios forestales, alertan sobre los posibles riesgos en Jujuy - Muy Jujuy","robots":{"index":"index","follow":"follow","max-snippet":"max-snippet:-1","max-image-preview":"max-image-preview:large","max-video-preview":"max-video-preview:-1"},"canonical":"https:\/\/www.muyjujuy.com\/index.php\/2025\/06\/09\/a-semanas-del-inicio-de-la-temporada-de-incendios-forestales-alertan-sobre-los-posibles-riesgos-en-jujuy\/","og_locale":"es_ES","og_type":"article","og_title":"A semanas del inicio de la temporada de incendios forestales, alertan sobre los posibles riesgos en Jujuy - Muy Jujuy","og_description":"A pocas semanas del comienzo de la temporada de incendios forestales en Jujuy, las autoridades advierten sobre los peligros potenciales que podr\u00edan presentarse este a\u00f1o en la regi\u00f3n. Hasta la fecha, en 2025 se contabilizaron 17 incendios de vegetaci\u00f3n en el territorio provincial, por lo que se solicita a la poblaci\u00f3n extremar las medidas de [&hellip;]","og_url":"https:\/\/www.muyjujuy.com\/index.php\/2025\/06\/09\/a-semanas-del-inicio-de-la-temporada-de-incendios-forestales-alertan-sobre-los-posibles-riesgos-en-jujuy\/","og_site_name":"Muy Jujuy","article_publisher":"https:\/\/www.facebook.com\/muyjujuycom","article_published_time":"2025-06-09T15:04:59+00:00","author":"admin","twitter_card":"summary_large_image","twitter_creator":"@muyjujuy","twitter_site":"@muyjujuy","twitter_misc":{"Escrito por":"admin","Tiempo de lectura":"2 minutos"},"schema":{"@context":"https:\/\/schema.org","@graph":[{"@type":"Article","@id":"https:\/\/www.muyjujuy.com\/index.php\/2025\/06\/09\/a-semanas-del-inicio-de-la-temporada-de-incendios-forestales-alertan-sobre-los-posibles-riesgos-en-jujuy\/#article","isPartOf":{"@id":"https:\/\/www.muyjujuy.com\/index.php\/2025\/06\/09\/a-semanas-del-inicio-de-la-temporada-de-incendios-forestales-alertan-sobre-los-posibles-riesgos-en-jujuy\/"},"author":{"name":"admin","@id":"https:\/\/www.muyjujuy.com\/#\/schema\/person\/a3b63db1f387ec4149299954904c5bf0"},"headline":"A semanas del inicio de la temporada de incendios forestales, alertan sobre los posibles riesgos en Jujuy","datePublished":"2025-06-09T15:04:59+00:00","mainEntityOfPage":{"@id":"https:\/\/www.muyjujuy.com\/index.php\/2025\/06\/09\/a-semanas-del-inicio-de-la-temporada-de-incendios-forestales-alertan-sobre-los-posibles-riesgos-en-jujuy\/"},"wordCount":436,"commentCount":0,"publisher":{"@id":"https:\/\/www.muyjujuy.com\/#organization"},"image":{"@id":"https:\/\/www.muyjujuy.com\/index.php\/2025\/06\/09\/a-semanas-del-inicio-de-la-temporada-de-incendios-forestales-alertan-sobre-los-posibles-riesgos-en-jujuy\/#primaryimage"},"thumbnailUrl":"https:\/\/www.muyjujuy.com\/wp-content\/uploads\/2025\/06\/incendio.jpg","articleSection":["JUJUY","Sociedad"],"inLanguage":"es-AR","potentialAction":[{"@type":"CommentAction","name":"Comment","target":["https:\/\/www.muyjujuy.com\/index.php\/2025\/06\/09\/a-semanas-del-inicio-de-la-temporada-de-incendios-forestales-alertan-sobre-los-posibles-riesgos-en-jujuy\/#respond"]}]},{"@type":"WebPage","@id":"https:\/\/www.muyjujuy.com\/index.php\/2025\/06\/09\/a-semanas-del-inicio-de-la-temporada-de-incendios-forestales-alertan-sobre-los-posibles-riesgos-en-jujuy\/","url":"https:\/\/www.muyjujuy.com\/index.php\/2025\/06\/09\/a-semanas-del-inicio-de-la-temporada-de-incendios-forestales-alertan-sobre-los-posibles-riesgos-en-jujuy\/","name":"A semanas del inicio de la temporada de incendios forestales, alertan sobre los posibles riesgos en Jujuy - Muy Jujuy","isPartOf":{"@id":"https:\/\/www.muyjujuy.com\/#website"},"primaryImageOfPage":{"@id":"https:\/\/www.muyjujuy.com\/index.php\/2025\/06\/09\/a-semanas-del-inicio-de-la-temporada-de-incendios-forestales-alertan-sobre-los-posibles-riesgos-en-jujuy\/#primaryimage"},"image":{"@id":"https:\/\/www.muyjujuy.com\/index.php\/2025\/06\/09\/a-semanas-del-inicio-de-la-temporada-de-incendios-forestales-alertan-sobre-los-posibles-riesgos-en-jujuy\/#primaryimage"},"thumbnailUrl":"https:\/\/www.muyjujuy.com\/wp-content\/uploads\/2025\/06\/incendio.jpg","datePublished":"2025-06-09T15:04:59+00:00","breadcrumb":{"@id":"https:\/\/www.muyjujuy.com\/index.php\/2025\/06\/09\/a-semanas-del-inicio-de-la-temporada-de-incendios-forestales-alertan-sobre-los-posibles-riesgos-en-jujuy\/#breadcrumb"},"inLanguage":"es-AR","potentialAction":[{"@type":"ReadAction","target":["https:\/\/www.muyjujuy.com\/index.php\/2025\/06\/09\/a-semanas-del-inicio-de-la-temporada-de-incendios-forestales-alertan-sobre-los-posibles-riesgos-en-jujuy\/"]}]},{"@type":"ImageObject","inLanguage":"es-AR","@id":"https:\/\/www.muyjujuy.com\/index.php\/2025\/06\/09\/a-semanas-del-inicio-de-la-temporada-de-incendios-forestales-alertan-sobre-los-posibles-riesgos-en-jujuy\/#primaryimage","url":"https:\/\/www.muyjujuy.com\/wp-content\/uploads\/2025\/06\/incendio.jpg","contentUrl":"https:\/\/www.muyjujuy.com\/wp-content\/uploads\/2025\/06\/incendio.jpg","width":855,"height":506},{"@type":"BreadcrumbList","@id":"https:\/\/www.muyjujuy.com\/index.php\/2025\/06\/09\/a-semanas-del-inicio-de-la-temporada-de-incendios-forestales-alertan-sobre-los-posibles-riesgos-en-jujuy\/#breadcrumb","itemListElement":[{"@type":"ListItem","position":1,"name":"Inicio","item":"https:\/\/www.muyjujuy.com\/"},{"@type":"ListItem","position":2,"name":"A semanas del inicio de la temporada de incendios forestales, alertan sobre los posibles riesgos en Jujuy"}]},{"@type":"WebSite","@id":"https:\/\/www.muyjujuy.com\/#website","url":"https:\/\/www.muyjujuy.com\/","name":"Muy Jujuy","description":"","publisher":{"@id":"https:\/\/www.muyjujuy.com\/#organization"},"potentialAction":[{"@type":"SearchAction","target":{"@type":"EntryPoint","urlTemplate":"https:\/\/www.muyjujuy.com\/?s={search_term_string}"},"query-input":{"@type":"PropertyValueSpecification","valueRequired":true,"valueName":"search_term_string"}}],"inLanguage":"es-AR"},{"@type":"Organization","@id":"https:\/\/www.muyjujuy.com\/#organization","name":"Muy Jujuy","url":"https:\/\/www.muyjujuy.com\/","logo":{"@type":"ImageObject","inLanguage":"es-AR","@id":"https:\/\/www.muyjujuy.com\/#\/schema\/logo\/image\/","url":"http:\/\/www.muyjujuy.com\/wp-content\/uploads\/2022\/05\/logo-mobil-jujuy.png","contentUrl":"http:\/\/www.muyjujuy.com\/wp-content\/uploads\/2022\/05\/logo-mobil-jujuy.png","width":174,"height":81,"caption":"Muy Jujuy"},"image":{"@id":"https:\/\/www.muyjujuy.com\/#\/schema\/logo\/image\/"},"sameAs":["https:\/\/www.facebook.com\/muyjujuycom","https:\/\/x.com\/muyjujuy","https:\/\/www.instagram.com\/muyjujuycom"]},{"@type":"Person","@id":"https:\/\/www.muyjujuy.com\/#\/schema\/person\/a3b63db1f387ec4149299954904c5bf0","name":"admin","image":{"@type":"ImageObject","inLanguage":"es-AR","@id":"https:\/\/secure.gravatar.com\/avatar\/b6e63d8d3a73633362405a0ad27e9c28391755813b59886f19a99d6cef8a03fc?s=96&d=mm&r=g","url":"https:\/\/secure.gravatar.com\/avatar\/b6e63d8d3a73633362405a0ad27e9c28391755813b59886f19a99d6cef8a03fc?s=96&d=mm&r=g","contentUrl":"https:\/\/secure.gravatar.com\/avatar\/b6e63d8d3a73633362405a0ad27e9c28391755813b59886f19a99d6cef8a03fc?s=96&d=mm&r=g","caption":"admin"},"url":"https:\/\/www.muyjujuy.com\/index.php\/author\/soyeleditor\/"}]}},"_links":{"self":[{"href":"https:\/\/www.muyjujuy.com\/index.php\/wp-json\/wp\/v2\/posts\/2544","targetHints":{"allow":["GET"]}}],"collection":[{"href":"https:\/\/www.muyjujuy.com\/index.php\/wp-json\/wp\/v2\/posts"}],"about":[{"href":"https:\/\/www.muyjujuy.com\/index.php\/wp-json\/wp\/v2\/types\/post"}],"author":[{"embeddable":true,"href":"https:\/\/www.muyjujuy.com\/index.php\/wp-json\/wp\/v2\/users\/1"}],"replies":[{"embeddable":true,"href":"https:\/\/www.muyjujuy.com\/index.php\/wp-json\/wp\/v2\/comments?post=2544"}],"version-history":[{"count":1,"href":"https:\/\/www.muyjujuy.com\/index.php\/wp-json\/wp\/v2\/posts\/2544\/revisions"}],"predecessor-version":[{"id":2546,"href":"https:\/\/www.muyjujuy.com\/index.php\/wp-json\/wp\/v2\/posts\/2544\/revisions\/2546"}],"wp:featuredmedia":[{"embeddable":true,"href":"https:\/\/www.muyjujuy.com\/index.php\/wp-json\/wp\/v2\/media\/2545"}],"wp:attachment":[{"href":"https:\/\/www.muyjujuy.com\/index.php\/wp-json\/wp\/v2\/media?parent=2544"}],"wp:term":[{"taxonomy":"category","embeddable":true,"href":"https:\/\/www.muyjujuy.com\/index.php\/wp-json\/wp\/v2\/categories?post=2544"},{"taxonomy":"post_tag","embeddable":true,"href":"https:\/\/www.muyjujuy.com\/index.php\/wp-json\/wp\/v2\/tags?post=2544"}],"curies":[{"name":"wp","href":"https:\/\/api.w.org\/{rel}","templated":true}]}}