{"id":2550,"date":"2025-06-10T10:25:50","date_gmt":"2025-06-10T13:25:50","guid":{"rendered":"https:\/\/www.muyjujuy.com\/?p=2550"},"modified":"2025-06-10T10:25:50","modified_gmt":"2025-06-10T13:25:50","slug":"aumenta-la-cantidad-de-personas-sin-hogar-en-san-salvador-y-el-municipio-intensifica-la-asistencia","status":"publish","type":"post","link":"https:\/\/www.muyjujuy.com\/index.php\/2025\/06\/10\/aumenta-la-cantidad-de-personas-sin-hogar-en-san-salvador-y-el-municipio-intensifica-la-asistencia\/","title":{"rendered":"Aumenta la cantidad de personas sin hogar en San Salvador y el municipio intensifica la asistencia"},"content":{"rendered":"\n<p><strong>Marisa Garc\u00eda<\/strong>, responsable del \u00e1rea de Inclusi\u00f3n y Asistencia de la Municipalidad, confirm\u00f3 que se registra un incremento de personas en situaci\u00f3n vulnerable y en tr\u00e1nsito. Asimismo, explic\u00f3 c\u00f3mo operan los <strong>desayunos solidarios<\/strong> que se entregan cada ma\u00f1ana.<\/p>\n\n\n\n<p>La presencia de ciudadanos sin techo en distintas zonas de <strong>San Salvador de Jujuy<\/strong> es cada vez m\u00e1s notoria. As\u00ed lo advierten los residentes, comerciantes y tambi\u00e9n lo reconocen desde el gobierno local, donde constatan un <strong>aumento significativo<\/strong> en el n\u00famero de personas que solicitan ayuda. <strong>Marisa Garc\u00eda<\/strong>, directora de Inclusi\u00f3n y Asistencia, abord\u00f3 la problem\u00e1tica y detall\u00f3 las acciones que se vienen ejecutando.<\/p>\n\n\n\n<p><strong>&#8220;S\u00ed, lamentablemente ha crecido la cantidad de personas que viven en la calle. Y no solo eso: tambi\u00e9n hay muchas personas que est\u00e1n de paso por la ciudad y no cuentan con un lugar donde quedarse. Esto genera una mayor necesidad de asistencia&#8221;,<\/strong> explic\u00f3 la funcionaria.<\/p>\n\n\n\n<p>En este contexto, subray\u00f3 el funcionamiento constante del programa de <strong>desayunos solidarios<\/strong>, implementado hace cinco a\u00f1os en la capital. <strong>&#8220;Ofrecemos el desayuno de lunes a viernes, de 7 a 8 de la ma\u00f1ana, en nuestra sede de Inclusi\u00f3n y Asistencia, ubicada en Almirante Brown y O&#8217;Carroll. No se requiere inscripci\u00f3n ni ning\u00fan tipo de condici\u00f3n previa, est\u00e1 abierto para quien lo necesite&#8221;,<\/strong> se\u00f1al\u00f3.<\/p>\n\n\n\n<p>Garc\u00eda indic\u00f3 que <strong>entre 20 y 25 personas acuden diariamente<\/strong>, aunque este n\u00famero suele incrementarse durante las jornadas m\u00e1s fr\u00edas. <strong>&#8220;No solo recibimos a personas que viven en la calle. Tambi\u00e9n se acercan trabajadores informales, madres con ni\u00f1os, y personas que pasan temprano por la zona camino al trabajo o a las escuelas cercanas. Todos son bien recibidos&#8221;,<\/strong> puntualiz\u00f3.<\/p>\n\n\n\n<p>No obstante, el desayuno no se limita a una bebida caliente o un alimento. Desde la Municipalidad resaltan el valor del <strong>v\u00ednculo humano<\/strong> que se establece con quienes se acercan.<\/p>\n\n\n\n<p><strong>&#8220;Nuestro equipo no se limita a repartir comida. Conversamos con cada persona, nos interesamos por su situaci\u00f3n, vemos si necesita algo m\u00e1s. Ese intercambio humano es lo m\u00e1s importante del desayuno solidario. Que alguien te mire, te escuche, tambi\u00e9n es una forma de incluir&#8221;,<\/strong> afirm\u00f3 Garc\u00eda.<\/p>\n\n\n\n<p>Finalmente, la funcionaria aclar\u00f3 que el programa <strong>funciona durante todo el a\u00f1o<\/strong>, sin suspensiones, y su continuidad est\u00e1 sujeta a las necesidades que se presenten. <strong>&#8220;No trabajamos con plazos definidos. Nos adaptamos a lo que la realidad demanda. Si la necesidad crece, estamos presentes. Y si alguien atraviesa una situaci\u00f3n urgente, buscamos apoyarlo con otras herramientas tambi\u00e9n&#8221;,<\/strong> concluy\u00f3.<\/p>\n","protected":false},"excerpt":{"rendered":"<p>Marisa Garc\u00eda, responsable del \u00e1rea de Inclusi\u00f3n y Asistencia de la Municipalidad, confirm\u00f3 que se registra un incremento de personas en situaci\u00f3n vulnerable y en tr\u00e1nsito. Asimismo, explic\u00f3 c\u00f3mo operan los desayunos solidarios que se entregan cada ma\u00f1ana. La presencia de ciudadanos sin techo en distintas zonas de San Salvador de Jujuy es cada vez [&hellip;]<\/p>\n","protected":false},"author":1,"featured_media":2551,"comment_status":"open","ping_status":"open","sticky":false,"template":"","format":"standard","meta":{"footnotes":""},"categories":[863,25],"tags":[],"class_list":{"0":"post-2550","1":"post","2":"type-post","3":"status-publish","4":"format-standard","5":"has-post-thumbnail","7":"category-jujuy","8":"category-sociedad"},"yoast_head":"<!-- This site is optimized with the Yoast SEO plugin v27.5 - https:\/\/yoast.com\/product\/yoast-seo-wordpress\/ -->\n<title>Aumenta la cantidad de personas sin hogar en San Salvador y el municipio intensifica la asistencia - Muy Jujuy<\/title>\n<meta name=\"robots\" content=\"index, follow, max-snippet:-1, max-image-preview:large, max-video-preview:-1\" \/>\n<link rel=\"canonical\" href=\"https:\/\/www.muyjujuy.com\/index.php\/2025\/06\/10\/aumenta-la-cantidad-de-personas-sin-hogar-en-san-salvador-y-el-municipio-intensifica-la-asistencia\/\" \/>\n<meta property=\"og:locale\" content=\"es_ES\" \/>\n<meta property=\"og:type\" content=\"article\" \/>\n<meta property=\"og:title\" content=\"Aumenta la cantidad de personas sin hogar en San Salvador y el municipio intensifica la asistencia - Muy Jujuy\" \/>\n<meta property=\"og:description\" content=\"Marisa Garc\u00eda, responsable del \u00e1rea de Inclusi\u00f3n y Asistencia de la Municipalidad, confirm\u00f3 que se registra un incremento de personas en situaci\u00f3n vulnerable y en tr\u00e1nsito. Asimismo, explic\u00f3 c\u00f3mo operan los desayunos solidarios que se entregan cada ma\u00f1ana. La presencia de ciudadanos sin techo en distintas zonas de San Salvador de Jujuy es cada vez [&hellip;]\" \/>\n<meta property=\"og:url\" content=\"https:\/\/www.muyjujuy.com\/index.php\/2025\/06\/10\/aumenta-la-cantidad-de-personas-sin-hogar-en-san-salvador-y-el-municipio-intensifica-la-asistencia\/\" \/>\n<meta property=\"og:site_name\" content=\"Muy Jujuy\" \/>\n<meta property=\"article:publisher\" content=\"https:\/\/www.facebook.com\/muyjujuycom\" \/>\n<meta property=\"article:published_time\" content=\"2025-06-10T13:25:50+00:00\" \/>\n<meta name=\"author\" content=\"admin\" \/>\n<meta name=\"twitter:card\" content=\"summary_large_image\" \/>\n<meta name=\"twitter:creator\" content=\"@muyjujuy\" \/>\n<meta name=\"twitter:site\" content=\"@muyjujuy\" \/>\n<meta name=\"twitter:label1\" content=\"Escrito por\" \/>\n\t<meta name=\"twitter:data1\" content=\"admin\" \/>\n\t<meta name=\"twitter:label2\" content=\"Tiempo de lectura\" \/>\n\t<meta name=\"twitter:data2\" content=\"2 minutos\" \/>\n<script type=\"application\/ld+json\" class=\"yoast-schema-graph\">{\"@context\":\"https:\\\/\\\/schema.org\",\"@graph\":[{\"@type\":\"Article\",\"@id\":\"https:\\\/\\\/www.muyjujuy.com\\\/index.php\\\/2025\\\/06\\\/10\\\/aumenta-la-cantidad-de-personas-sin-hogar-en-san-salvador-y-el-municipio-intensifica-la-asistencia\\\/#article\",\"isPartOf\":{\"@id\":\"https:\\\/\\\/www.muyjujuy.com\\\/index.php\\\/2025\\\/06\\\/10\\\/aumenta-la-cantidad-de-personas-sin-hogar-en-san-salvador-y-el-municipio-intensifica-la-asistencia\\\/\"},\"author\":{\"name\":\"admin\",\"@id\":\"https:\\\/\\\/www.muyjujuy.com\\\/#\\\/schema\\\/person\\\/a3b63db1f387ec4149299954904c5bf0\"},\"headline\":\"Aumenta la cantidad de personas sin hogar en San Salvador y el municipio intensifica la asistencia\",\"datePublished\":\"2025-06-10T13:25:50+00:00\",\"mainEntityOfPage\":{\"@id\":\"https:\\\/\\\/www.muyjujuy.com\\\/index.php\\\/2025\\\/06\\\/10\\\/aumenta-la-cantidad-de-personas-sin-hogar-en-san-salvador-y-el-municipio-intensifica-la-asistencia\\\/\"},\"wordCount\":452,\"commentCount\":0,\"publisher\":{\"@id\":\"https:\\\/\\\/www.muyjujuy.com\\\/#organization\"},\"image\":{\"@id\":\"https:\\\/\\\/www.muyjujuy.com\\\/index.php\\\/2025\\\/06\\\/10\\\/aumenta-la-cantidad-de-personas-sin-hogar-en-san-salvador-y-el-municipio-intensifica-la-asistencia\\\/#primaryimage\"},\"thumbnailUrl\":\"https:\\\/\\\/www.muyjujuy.com\\\/wp-content\\\/uploads\\\/2025\\\/06\\\/CALLE.jpg\",\"articleSection\":[\"JUJUY\",\"Sociedad\"],\"inLanguage\":\"es-AR\",\"potentialAction\":[{\"@type\":\"CommentAction\",\"name\":\"Comment\",\"target\":[\"https:\\\/\\\/www.muyjujuy.com\\\/index.php\\\/2025\\\/06\\\/10\\\/aumenta-la-cantidad-de-personas-sin-hogar-en-san-salvador-y-el-municipio-intensifica-la-asistencia\\\/#respond\"]}]},{\"@type\":\"WebPage\",\"@id\":\"https:\\\/\\\/www.muyjujuy.com\\\/index.php\\\/2025\\\/06\\\/10\\\/aumenta-la-cantidad-de-personas-sin-hogar-en-san-salvador-y-el-municipio-intensifica-la-asistencia\\\/\",\"url\":\"https:\\\/\\\/www.muyjujuy.com\\\/index.php\\\/2025\\\/06\\\/10\\\/aumenta-la-cantidad-de-personas-sin-hogar-en-san-salvador-y-el-municipio-intensifica-la-asistencia\\\/\",\"name\":\"Aumenta la cantidad de personas sin hogar en San Salvador y el municipio intensifica la asistencia - Muy Jujuy\",\"isPartOf\":{\"@id\":\"https:\\\/\\\/www.muyjujuy.com\\\/#website\"},\"primaryImageOfPage\":{\"@id\":\"https:\\\/\\\/www.muyjujuy.com\\\/index.php\\\/2025\\\/06\\\/10\\\/aumenta-la-cantidad-de-personas-sin-hogar-en-san-salvador-y-el-municipio-intensifica-la-asistencia\\\/#primaryimage\"},\"image\":{\"@id\":\"https:\\\/\\\/www.muyjujuy.com\\\/index.php\\\/2025\\\/06\\\/10\\\/aumenta-la-cantidad-de-personas-sin-hogar-en-san-salvador-y-el-municipio-intensifica-la-asistencia\\\/#primaryimage\"},\"thumbnailUrl\":\"https:\\\/\\\/www.muyjujuy.com\\\/wp-content\\\/uploads\\\/2025\\\/06\\\/CALLE.jpg\",\"datePublished\":\"2025-06-10T13:25:50+00:00\",\"breadcrumb\":{\"@id\":\"https:\\\/\\\/www.muyjujuy.com\\\/index.php\\\/2025\\\/06\\\/10\\\/aumenta-la-cantidad-de-personas-sin-hogar-en-san-salvador-y-el-municipio-intensifica-la-asistencia\\\/#breadcrumb\"},\"inLanguage\":\"es-AR\",\"potentialAction\":[{\"@type\":\"ReadAction\",\"target\":[\"https:\\\/\\\/www.muyjujuy.com\\\/index.php\\\/2025\\\/06\\\/10\\\/aumenta-la-cantidad-de-personas-sin-hogar-en-san-salvador-y-el-municipio-intensifica-la-asistencia\\\/\"]}]},{\"@type\":\"ImageObject\",\"inLanguage\":\"es-AR\",\"@id\":\"https:\\\/\\\/www.muyjujuy.com\\\/index.php\\\/2025\\\/06\\\/10\\\/aumenta-la-cantidad-de-personas-sin-hogar-en-san-salvador-y-el-municipio-intensifica-la-asistencia\\\/#primaryimage\",\"url\":\"https:\\\/\\\/www.muyjujuy.com\\\/wp-content\\\/uploads\\\/2025\\\/06\\\/CALLE.jpg\",\"contentUrl\":\"https:\\\/\\\/www.muyjujuy.com\\\/wp-content\\\/uploads\\\/2025\\\/06\\\/CALLE.jpg\",\"width\":757,\"height\":530},{\"@type\":\"BreadcrumbList\",\"@id\":\"https:\\\/\\\/www.muyjujuy.com\\\/index.php\\\/2025\\\/06\\\/10\\\/aumenta-la-cantidad-de-personas-sin-hogar-en-san-salvador-y-el-municipio-intensifica-la-asistencia\\\/#breadcrumb\",\"itemListElement\":[{\"@type\":\"ListItem\",\"position\":1,\"name\":\"Inicio\",\"item\":\"https:\\\/\\\/www.muyjujuy.com\\\/\"},{\"@type\":\"ListItem\",\"position\":2,\"name\":\"Aumenta la cantidad de personas sin hogar en San Salvador y el municipio intensifica la asistencia\"}]},{\"@type\":\"WebSite\",\"@id\":\"https:\\\/\\\/www.muyjujuy.com\\\/#website\",\"url\":\"https:\\\/\\\/www.muyjujuy.com\\\/\",\"name\":\"Muy Jujuy\",\"description\":\"\",\"publisher\":{\"@id\":\"https:\\\/\\\/www.muyjujuy.com\\\/#organization\"},\"potentialAction\":[{\"@type\":\"SearchAction\",\"target\":{\"@type\":\"EntryPoint\",\"urlTemplate\":\"https:\\\/\\\/www.muyjujuy.com\\\/?s={search_term_string}\"},\"query-input\":{\"@type\":\"PropertyValueSpecification\",\"valueRequired\":true,\"valueName\":\"search_term_string\"}}],\"inLanguage\":\"es-AR\"},{\"@type\":\"Organization\",\"@id\":\"https:\\\/\\\/www.muyjujuy.com\\\/#organization\",\"name\":\"Muy Jujuy\",\"url\":\"https:\\\/\\\/www.muyjujuy.com\\\/\",\"logo\":{\"@type\":\"ImageObject\",\"inLanguage\":\"es-AR\",\"@id\":\"https:\\\/\\\/www.muyjujuy.com\\\/#\\\/schema\\\/logo\\\/image\\\/\",\"url\":\"http:\\\/\\\/www.muyjujuy.com\\\/wp-content\\\/uploads\\\/2022\\\/05\\\/logo-mobil-jujuy.png\",\"contentUrl\":\"http:\\\/\\\/www.muyjujuy.com\\\/wp-content\\\/uploads\\\/2022\\\/05\\\/logo-mobil-jujuy.png\",\"width\":174,\"height\":81,\"caption\":\"Muy Jujuy\"},\"image\":{\"@id\":\"https:\\\/\\\/www.muyjujuy.com\\\/#\\\/schema\\\/logo\\\/image\\\/\"},\"sameAs\":[\"https:\\\/\\\/www.facebook.com\\\/muyjujuycom\",\"https:\\\/\\\/x.com\\\/muyjujuy\",\"https:\\\/\\\/www.instagram.com\\\/muyjujuycom\"]},{\"@type\":\"Person\",\"@id\":\"https:\\\/\\\/www.muyjujuy.com\\\/#\\\/schema\\\/person\\\/a3b63db1f387ec4149299954904c5bf0\",\"name\":\"admin\",\"image\":{\"@type\":\"ImageObject\",\"inLanguage\":\"es-AR\",\"@id\":\"https:\\\/\\\/secure.gravatar.com\\\/avatar\\\/b6e63d8d3a73633362405a0ad27e9c28391755813b59886f19a99d6cef8a03fc?s=96&d=mm&r=g\",\"url\":\"https:\\\/\\\/secure.gravatar.com\\\/avatar\\\/b6e63d8d3a73633362405a0ad27e9c28391755813b59886f19a99d6cef8a03fc?s=96&d=mm&r=g\",\"contentUrl\":\"https:\\\/\\\/secure.gravatar.com\\\/avatar\\\/b6e63d8d3a73633362405a0ad27e9c28391755813b59886f19a99d6cef8a03fc?s=96&d=mm&r=g\",\"caption\":\"admin\"},\"url\":\"https:\\\/\\\/www.muyjujuy.com\\\/index.php\\\/author\\\/soyeleditor\\\/\"}]}<\/script>\n<!-- \/ Yoast SEO plugin. -->","yoast_head_json":{"title":"Aumenta la cantidad de personas sin hogar en San Salvador y el municipio intensifica la asistencia - Muy Jujuy","robots":{"index":"index","follow":"follow","max-snippet":"max-snippet:-1","max-image-preview":"max-image-preview:large","max-video-preview":"max-video-preview:-1"},"canonical":"https:\/\/www.muyjujuy.com\/index.php\/2025\/06\/10\/aumenta-la-cantidad-de-personas-sin-hogar-en-san-salvador-y-el-municipio-intensifica-la-asistencia\/","og_locale":"es_ES","og_type":"article","og_title":"Aumenta la cantidad de personas sin hogar en San Salvador y el municipio intensifica la asistencia - Muy Jujuy","og_description":"Marisa Garc\u00eda, responsable del \u00e1rea de Inclusi\u00f3n y Asistencia de la Municipalidad, confirm\u00f3 que se registra un incremento de personas en situaci\u00f3n vulnerable y en tr\u00e1nsito. Asimismo, explic\u00f3 c\u00f3mo operan los desayunos solidarios que se entregan cada ma\u00f1ana. La presencia de ciudadanos sin techo en distintas zonas de San Salvador de Jujuy es cada vez [&hellip;]","og_url":"https:\/\/www.muyjujuy.com\/index.php\/2025\/06\/10\/aumenta-la-cantidad-de-personas-sin-hogar-en-san-salvador-y-el-municipio-intensifica-la-asistencia\/","og_site_name":"Muy Jujuy","article_publisher":"https:\/\/www.facebook.com\/muyjujuycom","article_published_time":"2025-06-10T13:25:50+00:00","author":"admin","twitter_card":"summary_large_image","twitter_creator":"@muyjujuy","twitter_site":"@muyjujuy","twitter_misc":{"Escrito por":"admin","Tiempo de lectura":"2 minutos"},"schema":{"@context":"https:\/\/schema.org","@graph":[{"@type":"Article","@id":"https:\/\/www.muyjujuy.com\/index.php\/2025\/06\/10\/aumenta-la-cantidad-de-personas-sin-hogar-en-san-salvador-y-el-municipio-intensifica-la-asistencia\/#article","isPartOf":{"@id":"https:\/\/www.muyjujuy.com\/index.php\/2025\/06\/10\/aumenta-la-cantidad-de-personas-sin-hogar-en-san-salvador-y-el-municipio-intensifica-la-asistencia\/"},"author":{"name":"admin","@id":"https:\/\/www.muyjujuy.com\/#\/schema\/person\/a3b63db1f387ec4149299954904c5bf0"},"headline":"Aumenta la cantidad de personas sin hogar en San Salvador y el municipio intensifica la asistencia","datePublished":"2025-06-10T13:25:50+00:00","mainEntityOfPage":{"@id":"https:\/\/www.muyjujuy.com\/index.php\/2025\/06\/10\/aumenta-la-cantidad-de-personas-sin-hogar-en-san-salvador-y-el-municipio-intensifica-la-asistencia\/"},"wordCount":452,"commentCount":0,"publisher":{"@id":"https:\/\/www.muyjujuy.com\/#organization"},"image":{"@id":"https:\/\/www.muyjujuy.com\/index.php\/2025\/06\/10\/aumenta-la-cantidad-de-personas-sin-hogar-en-san-salvador-y-el-municipio-intensifica-la-asistencia\/#primaryimage"},"thumbnailUrl":"https:\/\/www.muyjujuy.com\/wp-content\/uploads\/2025\/06\/CALLE.jpg","articleSection":["JUJUY","Sociedad"],"inLanguage":"es-AR","potentialAction":[{"@type":"CommentAction","name":"Comment","target":["https:\/\/www.muyjujuy.com\/index.php\/2025\/06\/10\/aumenta-la-cantidad-de-personas-sin-hogar-en-san-salvador-y-el-municipio-intensifica-la-asistencia\/#respond"]}]},{"@type":"WebPage","@id":"https:\/\/www.muyjujuy.com\/index.php\/2025\/06\/10\/aumenta-la-cantidad-de-personas-sin-hogar-en-san-salvador-y-el-municipio-intensifica-la-asistencia\/","url":"https:\/\/www.muyjujuy.com\/index.php\/2025\/06\/10\/aumenta-la-cantidad-de-personas-sin-hogar-en-san-salvador-y-el-municipio-intensifica-la-asistencia\/","name":"Aumenta la cantidad de personas sin hogar en San Salvador y el municipio intensifica la asistencia - Muy Jujuy","isPartOf":{"@id":"https:\/\/www.muyjujuy.com\/#website"},"primaryImageOfPage":{"@id":"https:\/\/www.muyjujuy.com\/index.php\/2025\/06\/10\/aumenta-la-cantidad-de-personas-sin-hogar-en-san-salvador-y-el-municipio-intensifica-la-asistencia\/#primaryimage"},"image":{"@id":"https:\/\/www.muyjujuy.com\/index.php\/2025\/06\/10\/aumenta-la-cantidad-de-personas-sin-hogar-en-san-salvador-y-el-municipio-intensifica-la-asistencia\/#primaryimage"},"thumbnailUrl":"https:\/\/www.muyjujuy.com\/wp-content\/uploads\/2025\/06\/CALLE.jpg","datePublished":"2025-06-10T13:25:50+00:00","breadcrumb":{"@id":"https:\/\/www.muyjujuy.com\/index.php\/2025\/06\/10\/aumenta-la-cantidad-de-personas-sin-hogar-en-san-salvador-y-el-municipio-intensifica-la-asistencia\/#breadcrumb"},"inLanguage":"es-AR","potentialAction":[{"@type":"ReadAction","target":["https:\/\/www.muyjujuy.com\/index.php\/2025\/06\/10\/aumenta-la-cantidad-de-personas-sin-hogar-en-san-salvador-y-el-municipio-intensifica-la-asistencia\/"]}]},{"@type":"ImageObject","inLanguage":"es-AR","@id":"https:\/\/www.muyjujuy.com\/index.php\/2025\/06\/10\/aumenta-la-cantidad-de-personas-sin-hogar-en-san-salvador-y-el-municipio-intensifica-la-asistencia\/#primaryimage","url":"https:\/\/www.muyjujuy.com\/wp-content\/uploads\/2025\/06\/CALLE.jpg","contentUrl":"https:\/\/www.muyjujuy.com\/wp-content\/uploads\/2025\/06\/CALLE.jpg","width":757,"height":530},{"@type":"BreadcrumbList","@id":"https:\/\/www.muyjujuy.com\/index.php\/2025\/06\/10\/aumenta-la-cantidad-de-personas-sin-hogar-en-san-salvador-y-el-municipio-intensifica-la-asistencia\/#breadcrumb","itemListElement":[{"@type":"ListItem","position":1,"name":"Inicio","item":"https:\/\/www.muyjujuy.com\/"},{"@type":"ListItem","position":2,"name":"Aumenta la cantidad de personas sin hogar en San Salvador y el municipio intensifica la asistencia"}]},{"@type":"WebSite","@id":"https:\/\/www.muyjujuy.com\/#website","url":"https:\/\/www.muyjujuy.com\/","name":"Muy Jujuy","description":"","publisher":{"@id":"https:\/\/www.muyjujuy.com\/#organization"},"potentialAction":[{"@type":"SearchAction","target":{"@type":"EntryPoint","urlTemplate":"https:\/\/www.muyjujuy.com\/?s={search_term_string}"},"query-input":{"@type":"PropertyValueSpecification","valueRequired":true,"valueName":"search_term_string"}}],"inLanguage":"es-AR"},{"@type":"Organization","@id":"https:\/\/www.muyjujuy.com\/#organization","name":"Muy Jujuy","url":"https:\/\/www.muyjujuy.com\/","logo":{"@type":"ImageObject","inLanguage":"es-AR","@id":"https:\/\/www.muyjujuy.com\/#\/schema\/logo\/image\/","url":"http:\/\/www.muyjujuy.com\/wp-content\/uploads\/2022\/05\/logo-mobil-jujuy.png","contentUrl":"http:\/\/www.muyjujuy.com\/wp-content\/uploads\/2022\/05\/logo-mobil-jujuy.png","width":174,"height":81,"caption":"Muy Jujuy"},"image":{"@id":"https:\/\/www.muyjujuy.com\/#\/schema\/logo\/image\/"},"sameAs":["https:\/\/www.facebook.com\/muyjujuycom","https:\/\/x.com\/muyjujuy","https:\/\/www.instagram.com\/muyjujuycom"]},{"@type":"Person","@id":"https:\/\/www.muyjujuy.com\/#\/schema\/person\/a3b63db1f387ec4149299954904c5bf0","name":"admin","image":{"@type":"ImageObject","inLanguage":"es-AR","@id":"https:\/\/secure.gravatar.com\/avatar\/b6e63d8d3a73633362405a0ad27e9c28391755813b59886f19a99d6cef8a03fc?s=96&d=mm&r=g","url":"https:\/\/secure.gravatar.com\/avatar\/b6e63d8d3a73633362405a0ad27e9c28391755813b59886f19a99d6cef8a03fc?s=96&d=mm&r=g","contentUrl":"https:\/\/secure.gravatar.com\/avatar\/b6e63d8d3a73633362405a0ad27e9c28391755813b59886f19a99d6cef8a03fc?s=96&d=mm&r=g","caption":"admin"},"url":"https:\/\/www.muyjujuy.com\/index.php\/author\/soyeleditor\/"}]}},"_links":{"self":[{"href":"https:\/\/www.muyjujuy.com\/index.php\/wp-json\/wp\/v2\/posts\/2550","targetHints":{"allow":["GET"]}}],"collection":[{"href":"https:\/\/www.muyjujuy.com\/index.php\/wp-json\/wp\/v2\/posts"}],"about":[{"href":"https:\/\/www.muyjujuy.com\/index.php\/wp-json\/wp\/v2\/types\/post"}],"author":[{"embeddable":true,"href":"https:\/\/www.muyjujuy.com\/index.php\/wp-json\/wp\/v2\/users\/1"}],"replies":[{"embeddable":true,"href":"https:\/\/www.muyjujuy.com\/index.php\/wp-json\/wp\/v2\/comments?post=2550"}],"version-history":[{"count":1,"href":"https:\/\/www.muyjujuy.com\/index.php\/wp-json\/wp\/v2\/posts\/2550\/revisions"}],"predecessor-version":[{"id":2552,"href":"https:\/\/www.muyjujuy.com\/index.php\/wp-json\/wp\/v2\/posts\/2550\/revisions\/2552"}],"wp:featuredmedia":[{"embeddable":true,"href":"https:\/\/www.muyjujuy.com\/index.php\/wp-json\/wp\/v2\/media\/2551"}],"wp:attachment":[{"href":"https:\/\/www.muyjujuy.com\/index.php\/wp-json\/wp\/v2\/media?parent=2550"}],"wp:term":[{"taxonomy":"category","embeddable":true,"href":"https:\/\/www.muyjujuy.com\/index.php\/wp-json\/wp\/v2\/categories?post=2550"},{"taxonomy":"post_tag","embeddable":true,"href":"https:\/\/www.muyjujuy.com\/index.php\/wp-json\/wp\/v2\/tags?post=2550"}],"curies":[{"name":"wp","href":"https:\/\/api.w.org\/{rel}","templated":true}]}}