{"id":2556,"date":"2025-06-11T12:13:39","date_gmt":"2025-06-11T15:13:39","guid":{"rendered":"https:\/\/www.muyjujuy.com\/?p=2556"},"modified":"2025-06-11T12:13:39","modified_gmt":"2025-06-11T15:13:39","slug":"banco-macro-y-emprendeiae-invitan-a-sus-colaboradores-a-sumarse-a-naves-argentina-2025","status":"publish","type":"post","link":"https:\/\/www.muyjujuy.com\/index.php\/2025\/06\/11\/banco-macro-y-emprendeiae-invitan-a-sus-colaboradores-a-sumarse-a-naves-argentina-2025\/","title":{"rendered":"Banco Macro y EmprendeIAE invitan a sus colaboradores a sumarse a NAVES Argentina 2025"},"content":{"rendered":"\n<p><strong>El plazo de inscripci\u00f3n permanecer\u00e1 abierto hasta el viernes 4 de julio<\/strong><\/p>\n\n\n\n<p><strong>Banco Macro<\/strong>, en alianza con <strong>EmprendeIAE<\/strong>, presenta una nueva edici\u00f3n de <strong>NAVES Argentina<\/strong>, reafirmando su apoyo al desarrollo del ecosistema emprendedor nacional. Las inscripciones estar\u00e1n habilitadas hasta el <strong>viernes 4 de julio<\/strong>.<\/p>\n\n\n\n<p>Se trata de un programa integral que combina <strong>capacitaci\u00f3n, asesoramiento y vinculaci\u00f3n profesional<\/strong>, dise\u00f1ado para acompa\u00f1ar a los emprendedores en la construcci\u00f3n de su proyecto. <strong>NAVES<\/strong> es un entorno din\u00e1mico que evoluciona con el tiempo, impulsado por el objetivo de <strong>generar oportunidades y formar protagonistas del cambio en sus comunidades<\/strong>.<\/p>\n\n\n\n<p>Adem\u00e1s, el programa brinda herramientas a los <strong>emprendimientos en etapas iniciales para impulsar su crecimiento<\/strong>, al tiempo que acompa\u00f1a a <strong>empresas consolidadas<\/strong> en la creaci\u00f3n e implementaci\u00f3n de <strong>nuevas ideas y proyectos de innovaci\u00f3n<\/strong>.<\/p>\n\n\n\n<p>Con m\u00e1s de <strong>25 a\u00f1os de trayectoria<\/strong>, <strong>EmprendeIAE<\/strong> se ha posicionado como un actor clave en la promoci\u00f3n del <strong>esp\u00edritu emprendedor y la formaci\u00f3n de capacidades estrat\u00e9gicas<\/strong>, necesarias para el surgimiento de negocios sostenibles y transformadores en la Argentina.<\/p>\n\n\n\n<p>La colaboraci\u00f3n entre <strong>Banco Macro y EmprendeIAE<\/strong> ha logrado, desde hace m\u00e1s de una d\u00e9cada, <strong>ampliar el alcance territorial del programa<\/strong>, acerc\u00e1ndolo a <strong>emprendedores de todo el pa\u00eds<\/strong> y consolid\u00e1ndolo como una herramienta de alcance federal.<\/p>\n\n\n\n<p><strong>NAVES Argentina<\/strong> propone dos modalidades de participaci\u00f3n: <strong>virtual<\/strong> y <strong>mixta (blended)<\/strong>, que incluye encuentros presenciales en el <strong>Campus del IAE en Pilar, Buenos Aires<\/strong>.<\/p>\n\n\n\n<p>El programa combina <strong>formaci\u00f3n te\u00f3rica y pr\u00e1ctica<\/strong>, con instancias de conexi\u00f3n con el ecosistema emprendedor local. Su objetivo es potenciar el crecimiento de cada proyecto a trav\u00e9s de herramientas concretas y el acompa\u00f1amiento de referentes del sector.<\/p>\n\n\n\n<p>Desde el a\u00f1o <strong>2015<\/strong>, <strong>Banco Macro<\/strong> respalda el desarrollo del programa NAVES, que lleva adelante junto a EmprendeIAE. Durante estos <strong>11 a\u00f1os de trabajo conjunto<\/strong>, el banco ha financiado en su totalidad el programa, lo que permiti\u00f3 su <strong>crecimiento a nivel nacional y la participaci\u00f3n gratuita de miles de emprendedores<\/strong>.<\/p>\n\n\n\n<p>Gracias a esta iniciativa conjunta, <strong>m\u00e1s de 14.000 personas<\/strong> han sido parte del programa y se han fortalecido <strong>m\u00e1s de 8.000 proyectos emprendedores<\/strong>, promoviendo as\u00ed el crecimiento del entramado productivo argentino.<\/p>\n\n\n\n<p>Al igual que en ediciones anteriores, en <strong>2025<\/strong> se otorgar\u00e1n <strong>becas completas<\/strong> para que emprendedores de distintas provincias accedan a la formaci\u00f3n de <strong>NAVES Argentina<\/strong>.<\/p>\n\n\n\n<p><strong>Banco Macro y EmprendeIAE<\/strong> trabajan para fortalecer los v\u00ednculos entre los participantes de todo el pa\u00eds, apostando a una red emprendedora diversa y conectada, bajo la premisa de que <strong>una naci\u00f3n innovadora es aquella que piensa en grande<\/strong>.<\/p>\n\n\n\n<p><strong>Edici\u00f3n 2025<\/strong><\/p>\n\n\n\n<p>La edici\u00f3n 2025 de NAVES Argentina tendr\u00e1 una <strong>duraci\u00f3n de cinco meses<\/strong> y estar\u00e1 orientada a <strong>emprendimientos, PyMEs y startups<\/strong> con el objetivo de innovar en sus modelos de negocio y optimizar su gesti\u00f3n.<\/p>\n\n\n\n<p>Este a\u00f1o, el proceso de selecci\u00f3n se enfocar\u00e1 a\u00fan m\u00e1s en la <strong>calidad, el compromiso de los postulantes y la afinidad de sus proyectos con sectores estrat\u00e9gicos<\/strong>, como <strong>agronegocios, econom\u00eda del conocimiento, energ\u00edas renovables, industria vitivin\u00edcola, miner\u00eda, oil &amp; gas, salud y turismo<\/strong>.<\/p>\n\n\n\n<p>Seg\u00fan el estado de desarrollo del proyecto, los aspirantes podr\u00e1n postularse en una de tres categor\u00edas: <strong>Idea de Negocio, Empresa Naciente o Nuevo Proyecto en una Empresa Existente<\/strong>.<\/p>\n\n\n\n<p>La edici\u00f3n contar\u00e1 con <strong>11 seminarios presenciales y virtuales<\/strong>, dictados por docentes del <strong>IAE Business School<\/strong>. El primero se realizar\u00e1 el <strong>14 de julio<\/strong> y el \u00faltimo ser\u00e1 el <strong>24 de septiembre<\/strong>.<\/p>\n\n\n\n<p>Durante el programa, los participantes profundizar\u00e1n en <strong>modelos de negocio, propuesta de valor, planificaci\u00f3n financiera, gesti\u00f3n comercial<\/strong>, y otros contenidos clave para el desarrollo sostenible de sus emprendimientos.<\/p>\n\n\n\n<p>Adem\u00e1s, aquellos seleccionados para la segunda etapa contar\u00e1n con <strong>5 encuentros de mentor\u00eda personalizada<\/strong>, a cargo de profesionales de la red del IAE, quienes los ayudar\u00e1n a abordar sus desaf\u00edos estrat\u00e9gicos.<\/p>\n\n\n\n<p>La opci\u00f3n online se desarrollar\u00e1 de forma <strong>100% virtual y sincr\u00f3nica<\/strong>, con dos turnos disponibles (ma\u00f1ana o tarde), y se dictar\u00e1 desde <strong>9 sedes regionales<\/strong>: Misiones, Salta, Jujuy, Tucum\u00e1n, C\u00f3rdoba, Santa Fe, Buenos Aires, Mendoza y Neuqu\u00e9n.<\/p>\n\n\n\n<p>La <strong>modalidad blended<\/strong> combina una cursada <strong>50% presencial en el Campus IAE en Pilar<\/strong> y <strong>50% online sincr\u00f3nica<\/strong>, permitiendo una experiencia de aprendizaje integral.<\/p>\n\n\n\n<p>El per\u00edodo de <strong>inscripci\u00f3n finaliza el viernes 4 de julio<\/strong>. Los interesados pueden registrarse en <strong><a class=\"\" href=\"http:\/\/www.macro.com.ar\/naves\">www.macro.com.ar\/naves<\/a><\/strong>, donde tambi\u00e9n est\u00e1n disponibles el <strong>brochure informativo y el calendario acad\u00e9mico<\/strong> de ambas modalidades.<\/p>\n\n\n\n<p><strong>Premio final<\/strong><\/p>\n\n\n\n<p>Los tres mejores proyectos de cada categor\u00eda recibir\u00e1n de parte de <strong>Banco Macro un financiamiento especial con tasa preferencial<\/strong> para comenzar o potenciar su emprendimiento.<\/p>\n\n\n\n<p>Adem\u00e1s, los <strong>primeros y segundos puestos<\/strong> de cada categor\u00eda acceder\u00e1n a:<\/p>\n\n\n\n<ul class=\"wp-block-list\">\n<li><strong>Formaci\u00f3n en programas del IAE<\/strong><\/li>\n\n\n\n<li><strong>Horas de asesoramiento legal<\/strong><\/li>\n\n\n\n<li><strong>Consultor\u00eda en marketing y estrategia comercial<\/strong><\/li>\n\n\n\n<li><strong>Uso del espacio de Impact Hub en Parque Austral<\/strong><\/li>\n\n\n\n<li><strong>Cr\u00e9ditos de Amazon Web Services (AWS)<\/strong><\/li>\n<\/ul>\n\n\n\n<p><strong>\u201cDesde Banco Macro invitamos a todos los emprendedores del pa\u00eds con ideas transformadoras a Pensar en Grande, a Pensar en Macro. Junto a EmprendeIAE, logramos que NAVES se convirtiera en NAVES Argentina, un programa verdaderamente federal. Estamos orgullosos de haber becado ya a m\u00e1s de 4.000 emprendedores con sus 1.000 proyectos. Hoy, NAVES Argentina es el programa m\u00e1s destacado para quienes apuestan por emprender en nuestro pa\u00eds\u201d<\/strong>, afirm\u00f3 <strong>Francisco Muro<\/strong>, Gerente de Distribuci\u00f3n y Ventas de Banco Macro.<\/p>\n\n\n\n<p><strong>\u201cLa visi\u00f3n que compartimos junto a Banco Macro es que el desarrollo nacional depende del talento emprendedor y la capacidad de generar innovaci\u00f3n. Argentina necesita fortalecer ese esp\u00edritu, y NAVES es una herramienta clave para impulsar ese cambio. En un contexto de transformaci\u00f3n, es esencial acompa\u00f1ar a quienes generan valor desde la creatividad y el compromiso social\u201d<\/strong>, expres\u00f3 <strong>Silvia Torres Carbonell<\/strong>, Presidenta Em\u00e9rita de EmprendeIAE.<\/p>\n\n\n\n<p><strong>\u201cEstamos viendo en tiempo real c\u00f3mo evoluciona el mundo del trabajo y el nacimiento de nuevas empresas. Con el programa NAVES queremos abrir una puerta concreta para que m\u00e1s personas puedan aprovechar este momento \u00fanico y emprender con impacto\u201d<\/strong>, sostuvo <strong>Fausto Garc\u00eda<\/strong>, Director de EmprendeIAE.<\/p>\n","protected":false},"excerpt":{"rendered":"<p>El plazo de inscripci\u00f3n permanecer\u00e1 abierto hasta el viernes 4 de julio Banco Macro, en alianza con EmprendeIAE, presenta una nueva edici\u00f3n de NAVES Argentina, reafirmando su apoyo al desarrollo del ecosistema emprendedor nacional. Las inscripciones estar\u00e1n habilitadas hasta el viernes 4 de julio. Se trata de un programa integral que combina capacitaci\u00f3n, asesoramiento y [&hellip;]<\/p>\n","protected":false},"author":1,"featured_media":2557,"comment_status":"open","ping_status":"open","sticky":false,"template":"","format":"standard","meta":{"footnotes":""},"categories":[863,25],"tags":[],"class_list":{"0":"post-2556","1":"post","2":"type-post","3":"status-publish","4":"format-standard","5":"has-post-thumbnail","7":"category-jujuy","8":"category-sociedad"},"yoast_head":"<!-- This site is optimized with the Yoast SEO plugin v27.5 - https:\/\/yoast.com\/product\/yoast-seo-wordpress\/ -->\n<title>Banco Macro y EmprendeIAE invitan a sus colaboradores a sumarse a NAVES Argentina 2025 - Muy Jujuy<\/title>\n<meta name=\"robots\" content=\"index, follow, max-snippet:-1, max-image-preview:large, max-video-preview:-1\" \/>\n<link rel=\"canonical\" href=\"https:\/\/www.muyjujuy.com\/index.php\/2025\/06\/11\/banco-macro-y-emprendeiae-invitan-a-sus-colaboradores-a-sumarse-a-naves-argentina-2025\/\" \/>\n<meta property=\"og:locale\" content=\"es_ES\" \/>\n<meta property=\"og:type\" content=\"article\" \/>\n<meta property=\"og:title\" content=\"Banco Macro y EmprendeIAE invitan a sus colaboradores a sumarse a NAVES Argentina 2025 - Muy Jujuy\" \/>\n<meta property=\"og:description\" content=\"El plazo de inscripci\u00f3n permanecer\u00e1 abierto hasta el viernes 4 de julio Banco Macro, en alianza con EmprendeIAE, presenta una nueva edici\u00f3n de NAVES Argentina, reafirmando su apoyo al desarrollo del ecosistema emprendedor nacional. Las inscripciones estar\u00e1n habilitadas hasta el viernes 4 de julio. Se trata de un programa integral que combina capacitaci\u00f3n, asesoramiento y [&hellip;]\" \/>\n<meta property=\"og:url\" content=\"https:\/\/www.muyjujuy.com\/index.php\/2025\/06\/11\/banco-macro-y-emprendeiae-invitan-a-sus-colaboradores-a-sumarse-a-naves-argentina-2025\/\" \/>\n<meta property=\"og:site_name\" content=\"Muy Jujuy\" \/>\n<meta property=\"article:publisher\" content=\"https:\/\/www.facebook.com\/muyjujuycom\" \/>\n<meta property=\"article:published_time\" content=\"2025-06-11T15:13:39+00:00\" \/>\n<meta name=\"author\" content=\"admin\" \/>\n<meta name=\"twitter:card\" content=\"summary_large_image\" \/>\n<meta name=\"twitter:creator\" content=\"@muyjujuy\" \/>\n<meta name=\"twitter:site\" content=\"@muyjujuy\" \/>\n<meta name=\"twitter:label1\" content=\"Escrito por\" \/>\n\t<meta name=\"twitter:data1\" content=\"admin\" \/>\n\t<meta name=\"twitter:label2\" content=\"Tiempo de lectura\" \/>\n\t<meta name=\"twitter:data2\" content=\"5 minutos\" \/>\n<script type=\"application\/ld+json\" class=\"yoast-schema-graph\">{\"@context\":\"https:\\\/\\\/schema.org\",\"@graph\":[{\"@type\":\"Article\",\"@id\":\"https:\\\/\\\/www.muyjujuy.com\\\/index.php\\\/2025\\\/06\\\/11\\\/banco-macro-y-emprendeiae-invitan-a-sus-colaboradores-a-sumarse-a-naves-argentina-2025\\\/#article\",\"isPartOf\":{\"@id\":\"https:\\\/\\\/www.muyjujuy.com\\\/index.php\\\/2025\\\/06\\\/11\\\/banco-macro-y-emprendeiae-invitan-a-sus-colaboradores-a-sumarse-a-naves-argentina-2025\\\/\"},\"author\":{\"name\":\"admin\",\"@id\":\"https:\\\/\\\/www.muyjujuy.com\\\/#\\\/schema\\\/person\\\/a3b63db1f387ec4149299954904c5bf0\"},\"headline\":\"Banco Macro y EmprendeIAE invitan a sus colaboradores a sumarse a NAVES Argentina 2025\",\"datePublished\":\"2025-06-11T15:13:39+00:00\",\"mainEntityOfPage\":{\"@id\":\"https:\\\/\\\/www.muyjujuy.com\\\/index.php\\\/2025\\\/06\\\/11\\\/banco-macro-y-emprendeiae-invitan-a-sus-colaboradores-a-sumarse-a-naves-argentina-2025\\\/\"},\"wordCount\":1052,\"commentCount\":0,\"publisher\":{\"@id\":\"https:\\\/\\\/www.muyjujuy.com\\\/#organization\"},\"image\":{\"@id\":\"https:\\\/\\\/www.muyjujuy.com\\\/index.php\\\/2025\\\/06\\\/11\\\/banco-macro-y-emprendeiae-invitan-a-sus-colaboradores-a-sumarse-a-naves-argentina-2025\\\/#primaryimage\"},\"thumbnailUrl\":\"https:\\\/\\\/www.muyjujuy.com\\\/wp-content\\\/uploads\\\/2025\\\/06\\\/macro.jpg\",\"articleSection\":[\"JUJUY\",\"Sociedad\"],\"inLanguage\":\"es-AR\",\"potentialAction\":[{\"@type\":\"CommentAction\",\"name\":\"Comment\",\"target\":[\"https:\\\/\\\/www.muyjujuy.com\\\/index.php\\\/2025\\\/06\\\/11\\\/banco-macro-y-emprendeiae-invitan-a-sus-colaboradores-a-sumarse-a-naves-argentina-2025\\\/#respond\"]}]},{\"@type\":\"WebPage\",\"@id\":\"https:\\\/\\\/www.muyjujuy.com\\\/index.php\\\/2025\\\/06\\\/11\\\/banco-macro-y-emprendeiae-invitan-a-sus-colaboradores-a-sumarse-a-naves-argentina-2025\\\/\",\"url\":\"https:\\\/\\\/www.muyjujuy.com\\\/index.php\\\/2025\\\/06\\\/11\\\/banco-macro-y-emprendeiae-invitan-a-sus-colaboradores-a-sumarse-a-naves-argentina-2025\\\/\",\"name\":\"Banco Macro y EmprendeIAE invitan a sus colaboradores a sumarse a NAVES Argentina 2025 - Muy Jujuy\",\"isPartOf\":{\"@id\":\"https:\\\/\\\/www.muyjujuy.com\\\/#website\"},\"primaryImageOfPage\":{\"@id\":\"https:\\\/\\\/www.muyjujuy.com\\\/index.php\\\/2025\\\/06\\\/11\\\/banco-macro-y-emprendeiae-invitan-a-sus-colaboradores-a-sumarse-a-naves-argentina-2025\\\/#primaryimage\"},\"image\":{\"@id\":\"https:\\\/\\\/www.muyjujuy.com\\\/index.php\\\/2025\\\/06\\\/11\\\/banco-macro-y-emprendeiae-invitan-a-sus-colaboradores-a-sumarse-a-naves-argentina-2025\\\/#primaryimage\"},\"thumbnailUrl\":\"https:\\\/\\\/www.muyjujuy.com\\\/wp-content\\\/uploads\\\/2025\\\/06\\\/macro.jpg\",\"datePublished\":\"2025-06-11T15:13:39+00:00\",\"breadcrumb\":{\"@id\":\"https:\\\/\\\/www.muyjujuy.com\\\/index.php\\\/2025\\\/06\\\/11\\\/banco-macro-y-emprendeiae-invitan-a-sus-colaboradores-a-sumarse-a-naves-argentina-2025\\\/#breadcrumb\"},\"inLanguage\":\"es-AR\",\"potentialAction\":[{\"@type\":\"ReadAction\",\"target\":[\"https:\\\/\\\/www.muyjujuy.com\\\/index.php\\\/2025\\\/06\\\/11\\\/banco-macro-y-emprendeiae-invitan-a-sus-colaboradores-a-sumarse-a-naves-argentina-2025\\\/\"]}]},{\"@type\":\"ImageObject\",\"inLanguage\":\"es-AR\",\"@id\":\"https:\\\/\\\/www.muyjujuy.com\\\/index.php\\\/2025\\\/06\\\/11\\\/banco-macro-y-emprendeiae-invitan-a-sus-colaboradores-a-sumarse-a-naves-argentina-2025\\\/#primaryimage\",\"url\":\"https:\\\/\\\/www.muyjujuy.com\\\/wp-content\\\/uploads\\\/2025\\\/06\\\/macro.jpg\",\"contentUrl\":\"https:\\\/\\\/www.muyjujuy.com\\\/wp-content\\\/uploads\\\/2025\\\/06\\\/macro.jpg\",\"width\":917,\"height\":418},{\"@type\":\"BreadcrumbList\",\"@id\":\"https:\\\/\\\/www.muyjujuy.com\\\/index.php\\\/2025\\\/06\\\/11\\\/banco-macro-y-emprendeiae-invitan-a-sus-colaboradores-a-sumarse-a-naves-argentina-2025\\\/#breadcrumb\",\"itemListElement\":[{\"@type\":\"ListItem\",\"position\":1,\"name\":\"Inicio\",\"item\":\"https:\\\/\\\/www.muyjujuy.com\\\/\"},{\"@type\":\"ListItem\",\"position\":2,\"name\":\"Banco Macro y EmprendeIAE invitan a sus colaboradores a sumarse a NAVES Argentina 2025\"}]},{\"@type\":\"WebSite\",\"@id\":\"https:\\\/\\\/www.muyjujuy.com\\\/#website\",\"url\":\"https:\\\/\\\/www.muyjujuy.com\\\/\",\"name\":\"Muy Jujuy\",\"description\":\"\",\"publisher\":{\"@id\":\"https:\\\/\\\/www.muyjujuy.com\\\/#organization\"},\"potentialAction\":[{\"@type\":\"SearchAction\",\"target\":{\"@type\":\"EntryPoint\",\"urlTemplate\":\"https:\\\/\\\/www.muyjujuy.com\\\/?s={search_term_string}\"},\"query-input\":{\"@type\":\"PropertyValueSpecification\",\"valueRequired\":true,\"valueName\":\"search_term_string\"}}],\"inLanguage\":\"es-AR\"},{\"@type\":\"Organization\",\"@id\":\"https:\\\/\\\/www.muyjujuy.com\\\/#organization\",\"name\":\"Muy Jujuy\",\"url\":\"https:\\\/\\\/www.muyjujuy.com\\\/\",\"logo\":{\"@type\":\"ImageObject\",\"inLanguage\":\"es-AR\",\"@id\":\"https:\\\/\\\/www.muyjujuy.com\\\/#\\\/schema\\\/logo\\\/image\\\/\",\"url\":\"http:\\\/\\\/www.muyjujuy.com\\\/wp-content\\\/uploads\\\/2022\\\/05\\\/logo-mobil-jujuy.png\",\"contentUrl\":\"http:\\\/\\\/www.muyjujuy.com\\\/wp-content\\\/uploads\\\/2022\\\/05\\\/logo-mobil-jujuy.png\",\"width\":174,\"height\":81,\"caption\":\"Muy Jujuy\"},\"image\":{\"@id\":\"https:\\\/\\\/www.muyjujuy.com\\\/#\\\/schema\\\/logo\\\/image\\\/\"},\"sameAs\":[\"https:\\\/\\\/www.facebook.com\\\/muyjujuycom\",\"https:\\\/\\\/x.com\\\/muyjujuy\",\"https:\\\/\\\/www.instagram.com\\\/muyjujuycom\"]},{\"@type\":\"Person\",\"@id\":\"https:\\\/\\\/www.muyjujuy.com\\\/#\\\/schema\\\/person\\\/a3b63db1f387ec4149299954904c5bf0\",\"name\":\"admin\",\"image\":{\"@type\":\"ImageObject\",\"inLanguage\":\"es-AR\",\"@id\":\"https:\\\/\\\/secure.gravatar.com\\\/avatar\\\/b6e63d8d3a73633362405a0ad27e9c28391755813b59886f19a99d6cef8a03fc?s=96&d=mm&r=g\",\"url\":\"https:\\\/\\\/secure.gravatar.com\\\/avatar\\\/b6e63d8d3a73633362405a0ad27e9c28391755813b59886f19a99d6cef8a03fc?s=96&d=mm&r=g\",\"contentUrl\":\"https:\\\/\\\/secure.gravatar.com\\\/avatar\\\/b6e63d8d3a73633362405a0ad27e9c28391755813b59886f19a99d6cef8a03fc?s=96&d=mm&r=g\",\"caption\":\"admin\"},\"url\":\"https:\\\/\\\/www.muyjujuy.com\\\/index.php\\\/author\\\/soyeleditor\\\/\"}]}<\/script>\n<!-- \/ Yoast SEO plugin. -->","yoast_head_json":{"title":"Banco Macro y EmprendeIAE invitan a sus colaboradores a sumarse a NAVES Argentina 2025 - Muy Jujuy","robots":{"index":"index","follow":"follow","max-snippet":"max-snippet:-1","max-image-preview":"max-image-preview:large","max-video-preview":"max-video-preview:-1"},"canonical":"https:\/\/www.muyjujuy.com\/index.php\/2025\/06\/11\/banco-macro-y-emprendeiae-invitan-a-sus-colaboradores-a-sumarse-a-naves-argentina-2025\/","og_locale":"es_ES","og_type":"article","og_title":"Banco Macro y EmprendeIAE invitan a sus colaboradores a sumarse a NAVES Argentina 2025 - Muy Jujuy","og_description":"El plazo de inscripci\u00f3n permanecer\u00e1 abierto hasta el viernes 4 de julio Banco Macro, en alianza con EmprendeIAE, presenta una nueva edici\u00f3n de NAVES Argentina, reafirmando su apoyo al desarrollo del ecosistema emprendedor nacional. Las inscripciones estar\u00e1n habilitadas hasta el viernes 4 de julio. Se trata de un programa integral que combina capacitaci\u00f3n, asesoramiento y [&hellip;]","og_url":"https:\/\/www.muyjujuy.com\/index.php\/2025\/06\/11\/banco-macro-y-emprendeiae-invitan-a-sus-colaboradores-a-sumarse-a-naves-argentina-2025\/","og_site_name":"Muy Jujuy","article_publisher":"https:\/\/www.facebook.com\/muyjujuycom","article_published_time":"2025-06-11T15:13:39+00:00","author":"admin","twitter_card":"summary_large_image","twitter_creator":"@muyjujuy","twitter_site":"@muyjujuy","twitter_misc":{"Escrito por":"admin","Tiempo de lectura":"5 minutos"},"schema":{"@context":"https:\/\/schema.org","@graph":[{"@type":"Article","@id":"https:\/\/www.muyjujuy.com\/index.php\/2025\/06\/11\/banco-macro-y-emprendeiae-invitan-a-sus-colaboradores-a-sumarse-a-naves-argentina-2025\/#article","isPartOf":{"@id":"https:\/\/www.muyjujuy.com\/index.php\/2025\/06\/11\/banco-macro-y-emprendeiae-invitan-a-sus-colaboradores-a-sumarse-a-naves-argentina-2025\/"},"author":{"name":"admin","@id":"https:\/\/www.muyjujuy.com\/#\/schema\/person\/a3b63db1f387ec4149299954904c5bf0"},"headline":"Banco Macro y EmprendeIAE invitan a sus colaboradores a sumarse a NAVES Argentina 2025","datePublished":"2025-06-11T15:13:39+00:00","mainEntityOfPage":{"@id":"https:\/\/www.muyjujuy.com\/index.php\/2025\/06\/11\/banco-macro-y-emprendeiae-invitan-a-sus-colaboradores-a-sumarse-a-naves-argentina-2025\/"},"wordCount":1052,"commentCount":0,"publisher":{"@id":"https:\/\/www.muyjujuy.com\/#organization"},"image":{"@id":"https:\/\/www.muyjujuy.com\/index.php\/2025\/06\/11\/banco-macro-y-emprendeiae-invitan-a-sus-colaboradores-a-sumarse-a-naves-argentina-2025\/#primaryimage"},"thumbnailUrl":"https:\/\/www.muyjujuy.com\/wp-content\/uploads\/2025\/06\/macro.jpg","articleSection":["JUJUY","Sociedad"],"inLanguage":"es-AR","potentialAction":[{"@type":"CommentAction","name":"Comment","target":["https:\/\/www.muyjujuy.com\/index.php\/2025\/06\/11\/banco-macro-y-emprendeiae-invitan-a-sus-colaboradores-a-sumarse-a-naves-argentina-2025\/#respond"]}]},{"@type":"WebPage","@id":"https:\/\/www.muyjujuy.com\/index.php\/2025\/06\/11\/banco-macro-y-emprendeiae-invitan-a-sus-colaboradores-a-sumarse-a-naves-argentina-2025\/","url":"https:\/\/www.muyjujuy.com\/index.php\/2025\/06\/11\/banco-macro-y-emprendeiae-invitan-a-sus-colaboradores-a-sumarse-a-naves-argentina-2025\/","name":"Banco Macro y EmprendeIAE invitan a sus colaboradores a sumarse a NAVES Argentina 2025 - Muy Jujuy","isPartOf":{"@id":"https:\/\/www.muyjujuy.com\/#website"},"primaryImageOfPage":{"@id":"https:\/\/www.muyjujuy.com\/index.php\/2025\/06\/11\/banco-macro-y-emprendeiae-invitan-a-sus-colaboradores-a-sumarse-a-naves-argentina-2025\/#primaryimage"},"image":{"@id":"https:\/\/www.muyjujuy.com\/index.php\/2025\/06\/11\/banco-macro-y-emprendeiae-invitan-a-sus-colaboradores-a-sumarse-a-naves-argentina-2025\/#primaryimage"},"thumbnailUrl":"https:\/\/www.muyjujuy.com\/wp-content\/uploads\/2025\/06\/macro.jpg","datePublished":"2025-06-11T15:13:39+00:00","breadcrumb":{"@id":"https:\/\/www.muyjujuy.com\/index.php\/2025\/06\/11\/banco-macro-y-emprendeiae-invitan-a-sus-colaboradores-a-sumarse-a-naves-argentina-2025\/#breadcrumb"},"inLanguage":"es-AR","potentialAction":[{"@type":"ReadAction","target":["https:\/\/www.muyjujuy.com\/index.php\/2025\/06\/11\/banco-macro-y-emprendeiae-invitan-a-sus-colaboradores-a-sumarse-a-naves-argentina-2025\/"]}]},{"@type":"ImageObject","inLanguage":"es-AR","@id":"https:\/\/www.muyjujuy.com\/index.php\/2025\/06\/11\/banco-macro-y-emprendeiae-invitan-a-sus-colaboradores-a-sumarse-a-naves-argentina-2025\/#primaryimage","url":"https:\/\/www.muyjujuy.com\/wp-content\/uploads\/2025\/06\/macro.jpg","contentUrl":"https:\/\/www.muyjujuy.com\/wp-content\/uploads\/2025\/06\/macro.jpg","width":917,"height":418},{"@type":"BreadcrumbList","@id":"https:\/\/www.muyjujuy.com\/index.php\/2025\/06\/11\/banco-macro-y-emprendeiae-invitan-a-sus-colaboradores-a-sumarse-a-naves-argentina-2025\/#breadcrumb","itemListElement":[{"@type":"ListItem","position":1,"name":"Inicio","item":"https:\/\/www.muyjujuy.com\/"},{"@type":"ListItem","position":2,"name":"Banco Macro y EmprendeIAE invitan a sus colaboradores a sumarse a NAVES Argentina 2025"}]},{"@type":"WebSite","@id":"https:\/\/www.muyjujuy.com\/#website","url":"https:\/\/www.muyjujuy.com\/","name":"Muy Jujuy","description":"","publisher":{"@id":"https:\/\/www.muyjujuy.com\/#organization"},"potentialAction":[{"@type":"SearchAction","target":{"@type":"EntryPoint","urlTemplate":"https:\/\/www.muyjujuy.com\/?s={search_term_string}"},"query-input":{"@type":"PropertyValueSpecification","valueRequired":true,"valueName":"search_term_string"}}],"inLanguage":"es-AR"},{"@type":"Organization","@id":"https:\/\/www.muyjujuy.com\/#organization","name":"Muy Jujuy","url":"https:\/\/www.muyjujuy.com\/","logo":{"@type":"ImageObject","inLanguage":"es-AR","@id":"https:\/\/www.muyjujuy.com\/#\/schema\/logo\/image\/","url":"http:\/\/www.muyjujuy.com\/wp-content\/uploads\/2022\/05\/logo-mobil-jujuy.png","contentUrl":"http:\/\/www.muyjujuy.com\/wp-content\/uploads\/2022\/05\/logo-mobil-jujuy.png","width":174,"height":81,"caption":"Muy Jujuy"},"image":{"@id":"https:\/\/www.muyjujuy.com\/#\/schema\/logo\/image\/"},"sameAs":["https:\/\/www.facebook.com\/muyjujuycom","https:\/\/x.com\/muyjujuy","https:\/\/www.instagram.com\/muyjujuycom"]},{"@type":"Person","@id":"https:\/\/www.muyjujuy.com\/#\/schema\/person\/a3b63db1f387ec4149299954904c5bf0","name":"admin","image":{"@type":"ImageObject","inLanguage":"es-AR","@id":"https:\/\/secure.gravatar.com\/avatar\/b6e63d8d3a73633362405a0ad27e9c28391755813b59886f19a99d6cef8a03fc?s=96&d=mm&r=g","url":"https:\/\/secure.gravatar.com\/avatar\/b6e63d8d3a73633362405a0ad27e9c28391755813b59886f19a99d6cef8a03fc?s=96&d=mm&r=g","contentUrl":"https:\/\/secure.gravatar.com\/avatar\/b6e63d8d3a73633362405a0ad27e9c28391755813b59886f19a99d6cef8a03fc?s=96&d=mm&r=g","caption":"admin"},"url":"https:\/\/www.muyjujuy.com\/index.php\/author\/soyeleditor\/"}]}},"_links":{"self":[{"href":"https:\/\/www.muyjujuy.com\/index.php\/wp-json\/wp\/v2\/posts\/2556","targetHints":{"allow":["GET"]}}],"collection":[{"href":"https:\/\/www.muyjujuy.com\/index.php\/wp-json\/wp\/v2\/posts"}],"about":[{"href":"https:\/\/www.muyjujuy.com\/index.php\/wp-json\/wp\/v2\/types\/post"}],"author":[{"embeddable":true,"href":"https:\/\/www.muyjujuy.com\/index.php\/wp-json\/wp\/v2\/users\/1"}],"replies":[{"embeddable":true,"href":"https:\/\/www.muyjujuy.com\/index.php\/wp-json\/wp\/v2\/comments?post=2556"}],"version-history":[{"count":1,"href":"https:\/\/www.muyjujuy.com\/index.php\/wp-json\/wp\/v2\/posts\/2556\/revisions"}],"predecessor-version":[{"id":2558,"href":"https:\/\/www.muyjujuy.com\/index.php\/wp-json\/wp\/v2\/posts\/2556\/revisions\/2558"}],"wp:featuredmedia":[{"embeddable":true,"href":"https:\/\/www.muyjujuy.com\/index.php\/wp-json\/wp\/v2\/media\/2557"}],"wp:attachment":[{"href":"https:\/\/www.muyjujuy.com\/index.php\/wp-json\/wp\/v2\/media?parent=2556"}],"wp:term":[{"taxonomy":"category","embeddable":true,"href":"https:\/\/www.muyjujuy.com\/index.php\/wp-json\/wp\/v2\/categories?post=2556"},{"taxonomy":"post_tag","embeddable":true,"href":"https:\/\/www.muyjujuy.com\/index.php\/wp-json\/wp\/v2\/tags?post=2556"}],"curies":[{"name":"wp","href":"https:\/\/api.w.org\/{rel}","templated":true}]}}