{"id":2562,"date":"2025-06-12T10:11:29","date_gmt":"2025-06-12T13:11:29","guid":{"rendered":"https:\/\/www.muyjujuy.com\/?p=2562"},"modified":"2025-06-12T10:11:29","modified_gmt":"2025-06-12T13:11:29","slug":"continua-la-busqueda-de-dos-mujeres-desaparecidas-en-jujuy-desde-el-mes-de-mayo","status":"publish","type":"post","link":"https:\/\/www.muyjujuy.com\/index.php\/2025\/06\/12\/continua-la-busqueda-de-dos-mujeres-desaparecidas-en-jujuy-desde-el-mes-de-mayo\/","title":{"rendered":"Contin\u00faa la b\u00fasqueda de dos mujeres desaparecidas en Jujuy desde el mes de mayo"},"content":{"rendered":"\n<p>Se encuentran vigentes los operativos de b\u00fasqueda de <strong>Mayra Licia Llanganas<\/strong>, de 37 a\u00f1os, desaparecida desde el 1 de mayo, y de <strong>Patricia M\u00f3nica Alfaro<\/strong>, de 60 a\u00f1os, cuyo paradero se desconoce desde el d\u00eda 25 del mismo mes. As\u00ed lo inform\u00f3 el <strong>Comit\u00e9 Interinstitucional de Actuaci\u00f3n en Casos de Desaparici\u00f3n de Mujeres, Ni\u00f1as y Personas de la Diversidad (CINDAC)<\/strong>, organismo que coordina las acciones en estos casos en la provincia de Jujuy.<\/p>\n\n\n\n<p><strong>Mayra Licia Llanganas contin\u00faa desaparecida<\/strong><\/p>\n\n\n\n<p>El <strong>CINDAC<\/strong> dio a conocer que se encuentra activa la b\u00fasqueda de <strong>Mayra Licia Llanganas<\/strong>, de 37 a\u00f1os, quien fue vista por \u00faltima vez el <strong>1 de mayo de 2025<\/strong>. La denuncia correspondiente fue formalizada el <strong>11 de junio<\/strong>. La mujer tiene domicilio en la ciudad de <strong>Perico, Jujuy<\/strong>.<\/p>\n\n\n\n<p>Es de <strong>complexi\u00f3n delgada<\/strong>, con una altura aproximada de <strong>1,70 metros<\/strong>. Al momento, no se cuenta con informaci\u00f3n sobre la vestimenta que llevaba.<\/p>\n\n\n\n<p>Cualquier persona que posea datos que ayuden a localizarla puede comunicarse con las l\u00edneas <strong>911<\/strong>, <strong>388-6860239<\/strong> o <strong>388-6828607<\/strong>, o acercarse a la <strong>comisar\u00eda m\u00e1s cercana<\/strong>.<\/p>\n\n\n\n<p><strong>Patricia M\u00f3nica Alfaro tambi\u00e9n es intensamente buscada<\/strong><\/p>\n\n\n\n<p>El <strong>Comit\u00e9 Interinstitucional de Actuaci\u00f3n en Casos de Desaparici\u00f3n de Mujeres, Ni\u00f1as y Personas de la Diversidad (CINDAC)<\/strong> solicita colaboraci\u00f3n para dar con el paradero de <strong>Patricia M\u00f3nica Alfaro<\/strong>, de 60 a\u00f1os, reportada como desaparecida desde el <strong>25 de mayo de 2025<\/strong>, con denuncia presentada el <strong>11 de junio<\/strong>. Reside en el <strong>Barrio Punta Diamante<\/strong>, en la ciudad de <strong>San Salvador de Jujuy<\/strong>.<\/p>\n\n\n\n<p>Tiene <strong>tez trigue\u00f1a<\/strong>, <strong>contextura delgada<\/strong>, <strong>cabello largo hasta los hombros<\/strong>, de color <strong>negro con canas<\/strong>, y una estatura cercana a los <strong>1,60 metros<\/strong>. No se cuenta con datos sobre la ropa que vest\u00eda al momento de su desaparici\u00f3n.<\/p>\n\n\n\n<p>Quienes puedan brindar informaci\u00f3n que contribuya a su localizaci\u00f3n, deben comunicarse con los tel\u00e9fonos <strong>911<\/strong>, <strong>388-6860239<\/strong>, <strong>388-6828607<\/strong> o concurrir a la <strong>dependencia policial m\u00e1s pr\u00f3xima<\/strong>.<\/p>\n","protected":false},"excerpt":{"rendered":"<p>Se encuentran vigentes los operativos de b\u00fasqueda de Mayra Licia Llanganas, de 37 a\u00f1os, desaparecida desde el 1 de mayo, y de Patricia M\u00f3nica Alfaro, de 60 a\u00f1os, cuyo paradero se desconoce desde el d\u00eda 25 del mismo mes. As\u00ed lo inform\u00f3 el Comit\u00e9 Interinstitucional de Actuaci\u00f3n en Casos de Desaparici\u00f3n de Mujeres, Ni\u00f1as y [&hellip;]<\/p>\n","protected":false},"author":1,"featured_media":2563,"comment_status":"open","ping_status":"open","sticky":false,"template":"","format":"standard","meta":{"footnotes":""},"categories":[863,25],"tags":[],"class_list":{"0":"post-2562","1":"post","2":"type-post","3":"status-publish","4":"format-standard","5":"has-post-thumbnail","7":"category-jujuy","8":"category-sociedad"},"yoast_head":"<!-- This site is optimized with the Yoast SEO plugin v27.5 - https:\/\/yoast.com\/product\/yoast-seo-wordpress\/ -->\n<title>Contin\u00faa la b\u00fasqueda de dos mujeres desaparecidas en Jujuy desde el mes de mayo - Muy Jujuy<\/title>\n<meta name=\"robots\" content=\"index, follow, max-snippet:-1, max-image-preview:large, max-video-preview:-1\" \/>\n<link rel=\"canonical\" href=\"https:\/\/www.muyjujuy.com\/index.php\/2025\/06\/12\/continua-la-busqueda-de-dos-mujeres-desaparecidas-en-jujuy-desde-el-mes-de-mayo\/\" \/>\n<meta property=\"og:locale\" content=\"es_ES\" \/>\n<meta property=\"og:type\" content=\"article\" \/>\n<meta property=\"og:title\" content=\"Contin\u00faa la b\u00fasqueda de dos mujeres desaparecidas en Jujuy desde el mes de mayo - Muy Jujuy\" \/>\n<meta property=\"og:description\" content=\"Se encuentran vigentes los operativos de b\u00fasqueda de Mayra Licia Llanganas, de 37 a\u00f1os, desaparecida desde el 1 de mayo, y de Patricia M\u00f3nica Alfaro, de 60 a\u00f1os, cuyo paradero se desconoce desde el d\u00eda 25 del mismo mes. As\u00ed lo inform\u00f3 el Comit\u00e9 Interinstitucional de Actuaci\u00f3n en Casos de Desaparici\u00f3n de Mujeres, Ni\u00f1as y [&hellip;]\" \/>\n<meta property=\"og:url\" content=\"https:\/\/www.muyjujuy.com\/index.php\/2025\/06\/12\/continua-la-busqueda-de-dos-mujeres-desaparecidas-en-jujuy-desde-el-mes-de-mayo\/\" \/>\n<meta property=\"og:site_name\" content=\"Muy Jujuy\" \/>\n<meta property=\"article:publisher\" content=\"https:\/\/www.facebook.com\/muyjujuycom\" \/>\n<meta property=\"article:published_time\" content=\"2025-06-12T13:11:29+00:00\" \/>\n<meta name=\"author\" content=\"admin\" \/>\n<meta name=\"twitter:card\" content=\"summary_large_image\" \/>\n<meta name=\"twitter:creator\" content=\"@muyjujuy\" \/>\n<meta name=\"twitter:site\" content=\"@muyjujuy\" \/>\n<meta name=\"twitter:label1\" content=\"Escrito por\" \/>\n\t<meta name=\"twitter:data1\" content=\"admin\" \/>\n\t<meta name=\"twitter:label2\" content=\"Tiempo de lectura\" \/>\n\t<meta name=\"twitter:data2\" content=\"2 minutos\" \/>\n<script type=\"application\/ld+json\" class=\"yoast-schema-graph\">{\"@context\":\"https:\\\/\\\/schema.org\",\"@graph\":[{\"@type\":\"Article\",\"@id\":\"https:\\\/\\\/www.muyjujuy.com\\\/index.php\\\/2025\\\/06\\\/12\\\/continua-la-busqueda-de-dos-mujeres-desaparecidas-en-jujuy-desde-el-mes-de-mayo\\\/#article\",\"isPartOf\":{\"@id\":\"https:\\\/\\\/www.muyjujuy.com\\\/index.php\\\/2025\\\/06\\\/12\\\/continua-la-busqueda-de-dos-mujeres-desaparecidas-en-jujuy-desde-el-mes-de-mayo\\\/\"},\"author\":{\"name\":\"admin\",\"@id\":\"https:\\\/\\\/www.muyjujuy.com\\\/#\\\/schema\\\/person\\\/a3b63db1f387ec4149299954904c5bf0\"},\"headline\":\"Contin\u00faa la b\u00fasqueda de dos mujeres desaparecidas en Jujuy desde el mes de mayo\",\"datePublished\":\"2025-06-12T13:11:29+00:00\",\"mainEntityOfPage\":{\"@id\":\"https:\\\/\\\/www.muyjujuy.com\\\/index.php\\\/2025\\\/06\\\/12\\\/continua-la-busqueda-de-dos-mujeres-desaparecidas-en-jujuy-desde-el-mes-de-mayo\\\/\"},\"wordCount\":340,\"commentCount\":0,\"publisher\":{\"@id\":\"https:\\\/\\\/www.muyjujuy.com\\\/#organization\"},\"image\":{\"@id\":\"https:\\\/\\\/www.muyjujuy.com\\\/index.php\\\/2025\\\/06\\\/12\\\/continua-la-busqueda-de-dos-mujeres-desaparecidas-en-jujuy-desde-el-mes-de-mayo\\\/#primaryimage\"},\"thumbnailUrl\":\"https:\\\/\\\/www.muyjujuy.com\\\/wp-content\\\/uploads\\\/2025\\\/06\\\/PERDIDAS.jpg\",\"articleSection\":[\"JUJUY\",\"Sociedad\"],\"inLanguage\":\"es-AR\",\"potentialAction\":[{\"@type\":\"CommentAction\",\"name\":\"Comment\",\"target\":[\"https:\\\/\\\/www.muyjujuy.com\\\/index.php\\\/2025\\\/06\\\/12\\\/continua-la-busqueda-de-dos-mujeres-desaparecidas-en-jujuy-desde-el-mes-de-mayo\\\/#respond\"]}]},{\"@type\":\"WebPage\",\"@id\":\"https:\\\/\\\/www.muyjujuy.com\\\/index.php\\\/2025\\\/06\\\/12\\\/continua-la-busqueda-de-dos-mujeres-desaparecidas-en-jujuy-desde-el-mes-de-mayo\\\/\",\"url\":\"https:\\\/\\\/www.muyjujuy.com\\\/index.php\\\/2025\\\/06\\\/12\\\/continua-la-busqueda-de-dos-mujeres-desaparecidas-en-jujuy-desde-el-mes-de-mayo\\\/\",\"name\":\"Contin\u00faa la b\u00fasqueda de dos mujeres desaparecidas en Jujuy desde el mes de mayo - Muy Jujuy\",\"isPartOf\":{\"@id\":\"https:\\\/\\\/www.muyjujuy.com\\\/#website\"},\"primaryImageOfPage\":{\"@id\":\"https:\\\/\\\/www.muyjujuy.com\\\/index.php\\\/2025\\\/06\\\/12\\\/continua-la-busqueda-de-dos-mujeres-desaparecidas-en-jujuy-desde-el-mes-de-mayo\\\/#primaryimage\"},\"image\":{\"@id\":\"https:\\\/\\\/www.muyjujuy.com\\\/index.php\\\/2025\\\/06\\\/12\\\/continua-la-busqueda-de-dos-mujeres-desaparecidas-en-jujuy-desde-el-mes-de-mayo\\\/#primaryimage\"},\"thumbnailUrl\":\"https:\\\/\\\/www.muyjujuy.com\\\/wp-content\\\/uploads\\\/2025\\\/06\\\/PERDIDAS.jpg\",\"datePublished\":\"2025-06-12T13:11:29+00:00\",\"breadcrumb\":{\"@id\":\"https:\\\/\\\/www.muyjujuy.com\\\/index.php\\\/2025\\\/06\\\/12\\\/continua-la-busqueda-de-dos-mujeres-desaparecidas-en-jujuy-desde-el-mes-de-mayo\\\/#breadcrumb\"},\"inLanguage\":\"es-AR\",\"potentialAction\":[{\"@type\":\"ReadAction\",\"target\":[\"https:\\\/\\\/www.muyjujuy.com\\\/index.php\\\/2025\\\/06\\\/12\\\/continua-la-busqueda-de-dos-mujeres-desaparecidas-en-jujuy-desde-el-mes-de-mayo\\\/\"]}]},{\"@type\":\"ImageObject\",\"inLanguage\":\"es-AR\",\"@id\":\"https:\\\/\\\/www.muyjujuy.com\\\/index.php\\\/2025\\\/06\\\/12\\\/continua-la-busqueda-de-dos-mujeres-desaparecidas-en-jujuy-desde-el-mes-de-mayo\\\/#primaryimage\",\"url\":\"https:\\\/\\\/www.muyjujuy.com\\\/wp-content\\\/uploads\\\/2025\\\/06\\\/PERDIDAS.jpg\",\"contentUrl\":\"https:\\\/\\\/www.muyjujuy.com\\\/wp-content\\\/uploads\\\/2025\\\/06\\\/PERDIDAS.jpg\",\"width\":905,\"height\":516},{\"@type\":\"BreadcrumbList\",\"@id\":\"https:\\\/\\\/www.muyjujuy.com\\\/index.php\\\/2025\\\/06\\\/12\\\/continua-la-busqueda-de-dos-mujeres-desaparecidas-en-jujuy-desde-el-mes-de-mayo\\\/#breadcrumb\",\"itemListElement\":[{\"@type\":\"ListItem\",\"position\":1,\"name\":\"Inicio\",\"item\":\"https:\\\/\\\/www.muyjujuy.com\\\/\"},{\"@type\":\"ListItem\",\"position\":2,\"name\":\"Contin\u00faa la b\u00fasqueda de dos mujeres desaparecidas en Jujuy desde el mes de mayo\"}]},{\"@type\":\"WebSite\",\"@id\":\"https:\\\/\\\/www.muyjujuy.com\\\/#website\",\"url\":\"https:\\\/\\\/www.muyjujuy.com\\\/\",\"name\":\"Muy Jujuy\",\"description\":\"\",\"publisher\":{\"@id\":\"https:\\\/\\\/www.muyjujuy.com\\\/#organization\"},\"potentialAction\":[{\"@type\":\"SearchAction\",\"target\":{\"@type\":\"EntryPoint\",\"urlTemplate\":\"https:\\\/\\\/www.muyjujuy.com\\\/?s={search_term_string}\"},\"query-input\":{\"@type\":\"PropertyValueSpecification\",\"valueRequired\":true,\"valueName\":\"search_term_string\"}}],\"inLanguage\":\"es-AR\"},{\"@type\":\"Organization\",\"@id\":\"https:\\\/\\\/www.muyjujuy.com\\\/#organization\",\"name\":\"Muy Jujuy\",\"url\":\"https:\\\/\\\/www.muyjujuy.com\\\/\",\"logo\":{\"@type\":\"ImageObject\",\"inLanguage\":\"es-AR\",\"@id\":\"https:\\\/\\\/www.muyjujuy.com\\\/#\\\/schema\\\/logo\\\/image\\\/\",\"url\":\"http:\\\/\\\/www.muyjujuy.com\\\/wp-content\\\/uploads\\\/2022\\\/05\\\/logo-mobil-jujuy.png\",\"contentUrl\":\"http:\\\/\\\/www.muyjujuy.com\\\/wp-content\\\/uploads\\\/2022\\\/05\\\/logo-mobil-jujuy.png\",\"width\":174,\"height\":81,\"caption\":\"Muy Jujuy\"},\"image\":{\"@id\":\"https:\\\/\\\/www.muyjujuy.com\\\/#\\\/schema\\\/logo\\\/image\\\/\"},\"sameAs\":[\"https:\\\/\\\/www.facebook.com\\\/muyjujuycom\",\"https:\\\/\\\/x.com\\\/muyjujuy\",\"https:\\\/\\\/www.instagram.com\\\/muyjujuycom\"]},{\"@type\":\"Person\",\"@id\":\"https:\\\/\\\/www.muyjujuy.com\\\/#\\\/schema\\\/person\\\/a3b63db1f387ec4149299954904c5bf0\",\"name\":\"admin\",\"image\":{\"@type\":\"ImageObject\",\"inLanguage\":\"es-AR\",\"@id\":\"https:\\\/\\\/secure.gravatar.com\\\/avatar\\\/b6e63d8d3a73633362405a0ad27e9c28391755813b59886f19a99d6cef8a03fc?s=96&d=mm&r=g\",\"url\":\"https:\\\/\\\/secure.gravatar.com\\\/avatar\\\/b6e63d8d3a73633362405a0ad27e9c28391755813b59886f19a99d6cef8a03fc?s=96&d=mm&r=g\",\"contentUrl\":\"https:\\\/\\\/secure.gravatar.com\\\/avatar\\\/b6e63d8d3a73633362405a0ad27e9c28391755813b59886f19a99d6cef8a03fc?s=96&d=mm&r=g\",\"caption\":\"admin\"},\"url\":\"https:\\\/\\\/www.muyjujuy.com\\\/index.php\\\/author\\\/soyeleditor\\\/\"}]}<\/script>\n<!-- \/ Yoast SEO plugin. -->","yoast_head_json":{"title":"Contin\u00faa la b\u00fasqueda de dos mujeres desaparecidas en Jujuy desde el mes de mayo - Muy Jujuy","robots":{"index":"index","follow":"follow","max-snippet":"max-snippet:-1","max-image-preview":"max-image-preview:large","max-video-preview":"max-video-preview:-1"},"canonical":"https:\/\/www.muyjujuy.com\/index.php\/2025\/06\/12\/continua-la-busqueda-de-dos-mujeres-desaparecidas-en-jujuy-desde-el-mes-de-mayo\/","og_locale":"es_ES","og_type":"article","og_title":"Contin\u00faa la b\u00fasqueda de dos mujeres desaparecidas en Jujuy desde el mes de mayo - Muy Jujuy","og_description":"Se encuentran vigentes los operativos de b\u00fasqueda de Mayra Licia Llanganas, de 37 a\u00f1os, desaparecida desde el 1 de mayo, y de Patricia M\u00f3nica Alfaro, de 60 a\u00f1os, cuyo paradero se desconoce desde el d\u00eda 25 del mismo mes. As\u00ed lo inform\u00f3 el Comit\u00e9 Interinstitucional de Actuaci\u00f3n en Casos de Desaparici\u00f3n de Mujeres, Ni\u00f1as y [&hellip;]","og_url":"https:\/\/www.muyjujuy.com\/index.php\/2025\/06\/12\/continua-la-busqueda-de-dos-mujeres-desaparecidas-en-jujuy-desde-el-mes-de-mayo\/","og_site_name":"Muy Jujuy","article_publisher":"https:\/\/www.facebook.com\/muyjujuycom","article_published_time":"2025-06-12T13:11:29+00:00","author":"admin","twitter_card":"summary_large_image","twitter_creator":"@muyjujuy","twitter_site":"@muyjujuy","twitter_misc":{"Escrito por":"admin","Tiempo de lectura":"2 minutos"},"schema":{"@context":"https:\/\/schema.org","@graph":[{"@type":"Article","@id":"https:\/\/www.muyjujuy.com\/index.php\/2025\/06\/12\/continua-la-busqueda-de-dos-mujeres-desaparecidas-en-jujuy-desde-el-mes-de-mayo\/#article","isPartOf":{"@id":"https:\/\/www.muyjujuy.com\/index.php\/2025\/06\/12\/continua-la-busqueda-de-dos-mujeres-desaparecidas-en-jujuy-desde-el-mes-de-mayo\/"},"author":{"name":"admin","@id":"https:\/\/www.muyjujuy.com\/#\/schema\/person\/a3b63db1f387ec4149299954904c5bf0"},"headline":"Contin\u00faa la b\u00fasqueda de dos mujeres desaparecidas en Jujuy desde el mes de mayo","datePublished":"2025-06-12T13:11:29+00:00","mainEntityOfPage":{"@id":"https:\/\/www.muyjujuy.com\/index.php\/2025\/06\/12\/continua-la-busqueda-de-dos-mujeres-desaparecidas-en-jujuy-desde-el-mes-de-mayo\/"},"wordCount":340,"commentCount":0,"publisher":{"@id":"https:\/\/www.muyjujuy.com\/#organization"},"image":{"@id":"https:\/\/www.muyjujuy.com\/index.php\/2025\/06\/12\/continua-la-busqueda-de-dos-mujeres-desaparecidas-en-jujuy-desde-el-mes-de-mayo\/#primaryimage"},"thumbnailUrl":"https:\/\/www.muyjujuy.com\/wp-content\/uploads\/2025\/06\/PERDIDAS.jpg","articleSection":["JUJUY","Sociedad"],"inLanguage":"es-AR","potentialAction":[{"@type":"CommentAction","name":"Comment","target":["https:\/\/www.muyjujuy.com\/index.php\/2025\/06\/12\/continua-la-busqueda-de-dos-mujeres-desaparecidas-en-jujuy-desde-el-mes-de-mayo\/#respond"]}]},{"@type":"WebPage","@id":"https:\/\/www.muyjujuy.com\/index.php\/2025\/06\/12\/continua-la-busqueda-de-dos-mujeres-desaparecidas-en-jujuy-desde-el-mes-de-mayo\/","url":"https:\/\/www.muyjujuy.com\/index.php\/2025\/06\/12\/continua-la-busqueda-de-dos-mujeres-desaparecidas-en-jujuy-desde-el-mes-de-mayo\/","name":"Contin\u00faa la b\u00fasqueda de dos mujeres desaparecidas en Jujuy desde el mes de mayo - Muy Jujuy","isPartOf":{"@id":"https:\/\/www.muyjujuy.com\/#website"},"primaryImageOfPage":{"@id":"https:\/\/www.muyjujuy.com\/index.php\/2025\/06\/12\/continua-la-busqueda-de-dos-mujeres-desaparecidas-en-jujuy-desde-el-mes-de-mayo\/#primaryimage"},"image":{"@id":"https:\/\/www.muyjujuy.com\/index.php\/2025\/06\/12\/continua-la-busqueda-de-dos-mujeres-desaparecidas-en-jujuy-desde-el-mes-de-mayo\/#primaryimage"},"thumbnailUrl":"https:\/\/www.muyjujuy.com\/wp-content\/uploads\/2025\/06\/PERDIDAS.jpg","datePublished":"2025-06-12T13:11:29+00:00","breadcrumb":{"@id":"https:\/\/www.muyjujuy.com\/index.php\/2025\/06\/12\/continua-la-busqueda-de-dos-mujeres-desaparecidas-en-jujuy-desde-el-mes-de-mayo\/#breadcrumb"},"inLanguage":"es-AR","potentialAction":[{"@type":"ReadAction","target":["https:\/\/www.muyjujuy.com\/index.php\/2025\/06\/12\/continua-la-busqueda-de-dos-mujeres-desaparecidas-en-jujuy-desde-el-mes-de-mayo\/"]}]},{"@type":"ImageObject","inLanguage":"es-AR","@id":"https:\/\/www.muyjujuy.com\/index.php\/2025\/06\/12\/continua-la-busqueda-de-dos-mujeres-desaparecidas-en-jujuy-desde-el-mes-de-mayo\/#primaryimage","url":"https:\/\/www.muyjujuy.com\/wp-content\/uploads\/2025\/06\/PERDIDAS.jpg","contentUrl":"https:\/\/www.muyjujuy.com\/wp-content\/uploads\/2025\/06\/PERDIDAS.jpg","width":905,"height":516},{"@type":"BreadcrumbList","@id":"https:\/\/www.muyjujuy.com\/index.php\/2025\/06\/12\/continua-la-busqueda-de-dos-mujeres-desaparecidas-en-jujuy-desde-el-mes-de-mayo\/#breadcrumb","itemListElement":[{"@type":"ListItem","position":1,"name":"Inicio","item":"https:\/\/www.muyjujuy.com\/"},{"@type":"ListItem","position":2,"name":"Contin\u00faa la b\u00fasqueda de dos mujeres desaparecidas en Jujuy desde el mes de mayo"}]},{"@type":"WebSite","@id":"https:\/\/www.muyjujuy.com\/#website","url":"https:\/\/www.muyjujuy.com\/","name":"Muy Jujuy","description":"","publisher":{"@id":"https:\/\/www.muyjujuy.com\/#organization"},"potentialAction":[{"@type":"SearchAction","target":{"@type":"EntryPoint","urlTemplate":"https:\/\/www.muyjujuy.com\/?s={search_term_string}"},"query-input":{"@type":"PropertyValueSpecification","valueRequired":true,"valueName":"search_term_string"}}],"inLanguage":"es-AR"},{"@type":"Organization","@id":"https:\/\/www.muyjujuy.com\/#organization","name":"Muy Jujuy","url":"https:\/\/www.muyjujuy.com\/","logo":{"@type":"ImageObject","inLanguage":"es-AR","@id":"https:\/\/www.muyjujuy.com\/#\/schema\/logo\/image\/","url":"http:\/\/www.muyjujuy.com\/wp-content\/uploads\/2022\/05\/logo-mobil-jujuy.png","contentUrl":"http:\/\/www.muyjujuy.com\/wp-content\/uploads\/2022\/05\/logo-mobil-jujuy.png","width":174,"height":81,"caption":"Muy Jujuy"},"image":{"@id":"https:\/\/www.muyjujuy.com\/#\/schema\/logo\/image\/"},"sameAs":["https:\/\/www.facebook.com\/muyjujuycom","https:\/\/x.com\/muyjujuy","https:\/\/www.instagram.com\/muyjujuycom"]},{"@type":"Person","@id":"https:\/\/www.muyjujuy.com\/#\/schema\/person\/a3b63db1f387ec4149299954904c5bf0","name":"admin","image":{"@type":"ImageObject","inLanguage":"es-AR","@id":"https:\/\/secure.gravatar.com\/avatar\/b6e63d8d3a73633362405a0ad27e9c28391755813b59886f19a99d6cef8a03fc?s=96&d=mm&r=g","url":"https:\/\/secure.gravatar.com\/avatar\/b6e63d8d3a73633362405a0ad27e9c28391755813b59886f19a99d6cef8a03fc?s=96&d=mm&r=g","contentUrl":"https:\/\/secure.gravatar.com\/avatar\/b6e63d8d3a73633362405a0ad27e9c28391755813b59886f19a99d6cef8a03fc?s=96&d=mm&r=g","caption":"admin"},"url":"https:\/\/www.muyjujuy.com\/index.php\/author\/soyeleditor\/"}]}},"_links":{"self":[{"href":"https:\/\/www.muyjujuy.com\/index.php\/wp-json\/wp\/v2\/posts\/2562","targetHints":{"allow":["GET"]}}],"collection":[{"href":"https:\/\/www.muyjujuy.com\/index.php\/wp-json\/wp\/v2\/posts"}],"about":[{"href":"https:\/\/www.muyjujuy.com\/index.php\/wp-json\/wp\/v2\/types\/post"}],"author":[{"embeddable":true,"href":"https:\/\/www.muyjujuy.com\/index.php\/wp-json\/wp\/v2\/users\/1"}],"replies":[{"embeddable":true,"href":"https:\/\/www.muyjujuy.com\/index.php\/wp-json\/wp\/v2\/comments?post=2562"}],"version-history":[{"count":1,"href":"https:\/\/www.muyjujuy.com\/index.php\/wp-json\/wp\/v2\/posts\/2562\/revisions"}],"predecessor-version":[{"id":2564,"href":"https:\/\/www.muyjujuy.com\/index.php\/wp-json\/wp\/v2\/posts\/2562\/revisions\/2564"}],"wp:featuredmedia":[{"embeddable":true,"href":"https:\/\/www.muyjujuy.com\/index.php\/wp-json\/wp\/v2\/media\/2563"}],"wp:attachment":[{"href":"https:\/\/www.muyjujuy.com\/index.php\/wp-json\/wp\/v2\/media?parent=2562"}],"wp:term":[{"taxonomy":"category","embeddable":true,"href":"https:\/\/www.muyjujuy.com\/index.php\/wp-json\/wp\/v2\/categories?post=2562"},{"taxonomy":"post_tag","embeddable":true,"href":"https:\/\/www.muyjujuy.com\/index.php\/wp-json\/wp\/v2\/tags?post=2562"}],"curies":[{"name":"wp","href":"https:\/\/api.w.org\/{rel}","templated":true}]}}