{"id":2565,"date":"2025-06-12T10:16:01","date_gmt":"2025-06-12T13:16:01","guid":{"rendered":"https:\/\/www.muyjujuy.com\/?p=2565"},"modified":"2025-06-12T10:16:01","modified_gmt":"2025-06-12T13:16:01","slug":"la-camara-del-tabaco-de-jujuy-convoca-a-una-reunion-informativa-para-productores","status":"publish","type":"post","link":"https:\/\/www.muyjujuy.com\/index.php\/2025\/06\/12\/la-camara-del-tabaco-de-jujuy-convoca-a-una-reunion-informativa-para-productores\/","title":{"rendered":"La C\u00e1mara del Tabaco de Jujuy convoca a una reuni\u00f3n informativa para productores"},"content":{"rendered":"\n<p>El encuentro se realizar\u00e1 este <strong>jueves a las 15:30<\/strong> en la sede de la <strong>Estaci\u00f3n Experimental La Posta<\/strong>, ubicada en la ciudad de <strong>Perico<\/strong>.<\/p>\n\n\n\n<p>La <strong>C\u00e1mara del Tabaco de Jujuy<\/strong> convoca a los productores del sector a participar de una reuni\u00f3n informativa que se desarrollar\u00e1 el <strong>jueves 12 de junio a las 15:30<\/strong>, en las instalaciones de la <strong>Estaci\u00f3n Experimental La Posta<\/strong>, en la localidad de <strong>Perico<\/strong>.<\/p>\n\n\n\n<p>La invitaci\u00f3n est\u00e1 dirigida tanto a los <strong>productores asociados a la C\u00e1mara<\/strong> como a quienes integran el sector en general. Durante la jornada, se brindar\u00e1n detalles sobre las acciones y gestiones que viene realizando la actual conducci\u00f3n de la instituci\u00f3n en defensa de los intereses de la actividad tabacalera.<\/p>\n\n\n\n<p>El <strong>presidente de la C\u00e1mara del Tabaco de Jujuy<\/strong>, <strong>Dr. Pedro Pascuttini<\/strong>, dialog\u00f3 con <strong>AM 6030 &#8211; LW8 Jujuy<\/strong> y anticip\u00f3 algunos de los temas que ser\u00e1n tratados en la reuni\u00f3n: \u201cLa situaci\u00f3n econ\u00f3mica del sector; los aspectos financieros; la planificaci\u00f3n de la pr\u00f3xima campa\u00f1a; el destino de los recursos del <strong>Fondo Especial del Tabaco<\/strong>, que resulta clave en la estructura de ingresos del productor; y todos aquellos puntos que los asistentes consideren importantes debatir en el marco de la asamblea\u201d.<\/p>\n\n\n\n<p>Asimismo, Pascuttini subray\u00f3 el rol de la <strong>actividad tabacalera en la econom\u00eda regional<\/strong> y su impacto dentro del circuito econ\u00f3mico y social de la provincia. Destac\u00f3 que, en los momentos de mayor actividad, el sector genera empleo directo para entre <strong>18.000 y 20.000 personas<\/strong>. \u201cEs fundamental recordar que entre el 90% y el 95% de la producci\u00f3n tabacalera se exporta, lo cual representa una fuente significativa de <strong>divisas para el Estado nacional<\/strong>. Esto es esencial para avanzar hacia el equilibrio fiscal que se pretende a nivel pa\u00eds\u201d.<\/p>\n\n\n\n<p>\u201cConsideramos que existen fondos que deben llegar de manera directa al productor, porque su labor es realmente destacable. Este \u00faltimo a\u00f1o, por ejemplo, el <strong>rendimiento alcanz\u00f3 niveles sobresalientes a escala internacional<\/strong>, con un promedio cercano a <strong>2.700 kilos por hect\u00e1rea<\/strong>, algo que actualmente s\u00f3lo se logra en <strong>Estados Unidos<\/strong>. Por eso, todas las partes involucradas en esta cadena debemos comprender la importancia de generar condiciones de producci\u00f3n adecuadas, pensando en el beneficio de todos\u201d, concluy\u00f3.<\/p>\n","protected":false},"excerpt":{"rendered":"<p>El encuentro se realizar\u00e1 este jueves a las 15:30 en la sede de la Estaci\u00f3n Experimental La Posta, ubicada en la ciudad de Perico. La C\u00e1mara del Tabaco de Jujuy convoca a los productores del sector a participar de una reuni\u00f3n informativa que se desarrollar\u00e1 el jueves 12 de junio a las 15:30, en las [&hellip;]<\/p>\n","protected":false},"author":1,"featured_media":2566,"comment_status":"open","ping_status":"open","sticky":false,"template":"","format":"standard","meta":{"footnotes":""},"categories":[863,25],"tags":[],"class_list":{"0":"post-2565","1":"post","2":"type-post","3":"status-publish","4":"format-standard","5":"has-post-thumbnail","7":"category-jujuy","8":"category-sociedad"},"yoast_head":"<!-- This site is optimized with the Yoast SEO plugin v27.5 - https:\/\/yoast.com\/product\/yoast-seo-wordpress\/ -->\n<title>La C\u00e1mara del Tabaco de Jujuy convoca a una reuni\u00f3n informativa para productores - Muy Jujuy<\/title>\n<meta name=\"robots\" content=\"index, follow, max-snippet:-1, max-image-preview:large, max-video-preview:-1\" \/>\n<link rel=\"canonical\" href=\"https:\/\/www.muyjujuy.com\/index.php\/2025\/06\/12\/la-camara-del-tabaco-de-jujuy-convoca-a-una-reunion-informativa-para-productores\/\" \/>\n<meta property=\"og:locale\" content=\"es_ES\" \/>\n<meta property=\"og:type\" content=\"article\" \/>\n<meta property=\"og:title\" content=\"La C\u00e1mara del Tabaco de Jujuy convoca a una reuni\u00f3n informativa para productores - Muy Jujuy\" \/>\n<meta property=\"og:description\" content=\"El encuentro se realizar\u00e1 este jueves a las 15:30 en la sede de la Estaci\u00f3n Experimental La Posta, ubicada en la ciudad de Perico. La C\u00e1mara del Tabaco de Jujuy convoca a los productores del sector a participar de una reuni\u00f3n informativa que se desarrollar\u00e1 el jueves 12 de junio a las 15:30, en las [&hellip;]\" \/>\n<meta property=\"og:url\" content=\"https:\/\/www.muyjujuy.com\/index.php\/2025\/06\/12\/la-camara-del-tabaco-de-jujuy-convoca-a-una-reunion-informativa-para-productores\/\" \/>\n<meta property=\"og:site_name\" content=\"Muy Jujuy\" \/>\n<meta property=\"article:publisher\" content=\"https:\/\/www.facebook.com\/muyjujuycom\" \/>\n<meta property=\"article:published_time\" content=\"2025-06-12T13:16:01+00:00\" \/>\n<meta name=\"author\" content=\"admin\" \/>\n<meta name=\"twitter:card\" content=\"summary_large_image\" \/>\n<meta name=\"twitter:creator\" content=\"@muyjujuy\" \/>\n<meta name=\"twitter:site\" content=\"@muyjujuy\" \/>\n<meta name=\"twitter:label1\" content=\"Escrito por\" \/>\n\t<meta name=\"twitter:data1\" content=\"admin\" \/>\n\t<meta name=\"twitter:label2\" content=\"Tiempo de lectura\" \/>\n\t<meta name=\"twitter:data2\" content=\"2 minutos\" \/>\n<script type=\"application\/ld+json\" class=\"yoast-schema-graph\">{\"@context\":\"https:\\\/\\\/schema.org\",\"@graph\":[{\"@type\":\"Article\",\"@id\":\"https:\\\/\\\/www.muyjujuy.com\\\/index.php\\\/2025\\\/06\\\/12\\\/la-camara-del-tabaco-de-jujuy-convoca-a-una-reunion-informativa-para-productores\\\/#article\",\"isPartOf\":{\"@id\":\"https:\\\/\\\/www.muyjujuy.com\\\/index.php\\\/2025\\\/06\\\/12\\\/la-camara-del-tabaco-de-jujuy-convoca-a-una-reunion-informativa-para-productores\\\/\"},\"author\":{\"name\":\"admin\",\"@id\":\"https:\\\/\\\/www.muyjujuy.com\\\/#\\\/schema\\\/person\\\/a3b63db1f387ec4149299954904c5bf0\"},\"headline\":\"La C\u00e1mara del Tabaco de Jujuy convoca a una reuni\u00f3n informativa para productores\",\"datePublished\":\"2025-06-12T13:16:01+00:00\",\"mainEntityOfPage\":{\"@id\":\"https:\\\/\\\/www.muyjujuy.com\\\/index.php\\\/2025\\\/06\\\/12\\\/la-camara-del-tabaco-de-jujuy-convoca-a-una-reunion-informativa-para-productores\\\/\"},\"wordCount\":390,\"commentCount\":0,\"publisher\":{\"@id\":\"https:\\\/\\\/www.muyjujuy.com\\\/#organization\"},\"image\":{\"@id\":\"https:\\\/\\\/www.muyjujuy.com\\\/index.php\\\/2025\\\/06\\\/12\\\/la-camara-del-tabaco-de-jujuy-convoca-a-una-reunion-informativa-para-productores\\\/#primaryimage\"},\"thumbnailUrl\":\"https:\\\/\\\/www.muyjujuy.com\\\/wp-content\\\/uploads\\\/2025\\\/06\\\/REUNION.jpg\",\"articleSection\":[\"JUJUY\",\"Sociedad\"],\"inLanguage\":\"es-AR\",\"potentialAction\":[{\"@type\":\"CommentAction\",\"name\":\"Comment\",\"target\":[\"https:\\\/\\\/www.muyjujuy.com\\\/index.php\\\/2025\\\/06\\\/12\\\/la-camara-del-tabaco-de-jujuy-convoca-a-una-reunion-informativa-para-productores\\\/#respond\"]}]},{\"@type\":\"WebPage\",\"@id\":\"https:\\\/\\\/www.muyjujuy.com\\\/index.php\\\/2025\\\/06\\\/12\\\/la-camara-del-tabaco-de-jujuy-convoca-a-una-reunion-informativa-para-productores\\\/\",\"url\":\"https:\\\/\\\/www.muyjujuy.com\\\/index.php\\\/2025\\\/06\\\/12\\\/la-camara-del-tabaco-de-jujuy-convoca-a-una-reunion-informativa-para-productores\\\/\",\"name\":\"La C\u00e1mara del Tabaco de Jujuy convoca a una reuni\u00f3n informativa para productores - Muy Jujuy\",\"isPartOf\":{\"@id\":\"https:\\\/\\\/www.muyjujuy.com\\\/#website\"},\"primaryImageOfPage\":{\"@id\":\"https:\\\/\\\/www.muyjujuy.com\\\/index.php\\\/2025\\\/06\\\/12\\\/la-camara-del-tabaco-de-jujuy-convoca-a-una-reunion-informativa-para-productores\\\/#primaryimage\"},\"image\":{\"@id\":\"https:\\\/\\\/www.muyjujuy.com\\\/index.php\\\/2025\\\/06\\\/12\\\/la-camara-del-tabaco-de-jujuy-convoca-a-una-reunion-informativa-para-productores\\\/#primaryimage\"},\"thumbnailUrl\":\"https:\\\/\\\/www.muyjujuy.com\\\/wp-content\\\/uploads\\\/2025\\\/06\\\/REUNION.jpg\",\"datePublished\":\"2025-06-12T13:16:01+00:00\",\"breadcrumb\":{\"@id\":\"https:\\\/\\\/www.muyjujuy.com\\\/index.php\\\/2025\\\/06\\\/12\\\/la-camara-del-tabaco-de-jujuy-convoca-a-una-reunion-informativa-para-productores\\\/#breadcrumb\"},\"inLanguage\":\"es-AR\",\"potentialAction\":[{\"@type\":\"ReadAction\",\"target\":[\"https:\\\/\\\/www.muyjujuy.com\\\/index.php\\\/2025\\\/06\\\/12\\\/la-camara-del-tabaco-de-jujuy-convoca-a-una-reunion-informativa-para-productores\\\/\"]}]},{\"@type\":\"ImageObject\",\"inLanguage\":\"es-AR\",\"@id\":\"https:\\\/\\\/www.muyjujuy.com\\\/index.php\\\/2025\\\/06\\\/12\\\/la-camara-del-tabaco-de-jujuy-convoca-a-una-reunion-informativa-para-productores\\\/#primaryimage\",\"url\":\"https:\\\/\\\/www.muyjujuy.com\\\/wp-content\\\/uploads\\\/2025\\\/06\\\/REUNION.jpg\",\"contentUrl\":\"https:\\\/\\\/www.muyjujuy.com\\\/wp-content\\\/uploads\\\/2025\\\/06\\\/REUNION.jpg\",\"width\":908,\"height\":496},{\"@type\":\"BreadcrumbList\",\"@id\":\"https:\\\/\\\/www.muyjujuy.com\\\/index.php\\\/2025\\\/06\\\/12\\\/la-camara-del-tabaco-de-jujuy-convoca-a-una-reunion-informativa-para-productores\\\/#breadcrumb\",\"itemListElement\":[{\"@type\":\"ListItem\",\"position\":1,\"name\":\"Inicio\",\"item\":\"https:\\\/\\\/www.muyjujuy.com\\\/\"},{\"@type\":\"ListItem\",\"position\":2,\"name\":\"La C\u00e1mara del Tabaco de Jujuy convoca a una reuni\u00f3n informativa para productores\"}]},{\"@type\":\"WebSite\",\"@id\":\"https:\\\/\\\/www.muyjujuy.com\\\/#website\",\"url\":\"https:\\\/\\\/www.muyjujuy.com\\\/\",\"name\":\"Muy Jujuy\",\"description\":\"\",\"publisher\":{\"@id\":\"https:\\\/\\\/www.muyjujuy.com\\\/#organization\"},\"potentialAction\":[{\"@type\":\"SearchAction\",\"target\":{\"@type\":\"EntryPoint\",\"urlTemplate\":\"https:\\\/\\\/www.muyjujuy.com\\\/?s={search_term_string}\"},\"query-input\":{\"@type\":\"PropertyValueSpecification\",\"valueRequired\":true,\"valueName\":\"search_term_string\"}}],\"inLanguage\":\"es-AR\"},{\"@type\":\"Organization\",\"@id\":\"https:\\\/\\\/www.muyjujuy.com\\\/#organization\",\"name\":\"Muy Jujuy\",\"url\":\"https:\\\/\\\/www.muyjujuy.com\\\/\",\"logo\":{\"@type\":\"ImageObject\",\"inLanguage\":\"es-AR\",\"@id\":\"https:\\\/\\\/www.muyjujuy.com\\\/#\\\/schema\\\/logo\\\/image\\\/\",\"url\":\"http:\\\/\\\/www.muyjujuy.com\\\/wp-content\\\/uploads\\\/2022\\\/05\\\/logo-mobil-jujuy.png\",\"contentUrl\":\"http:\\\/\\\/www.muyjujuy.com\\\/wp-content\\\/uploads\\\/2022\\\/05\\\/logo-mobil-jujuy.png\",\"width\":174,\"height\":81,\"caption\":\"Muy Jujuy\"},\"image\":{\"@id\":\"https:\\\/\\\/www.muyjujuy.com\\\/#\\\/schema\\\/logo\\\/image\\\/\"},\"sameAs\":[\"https:\\\/\\\/www.facebook.com\\\/muyjujuycom\",\"https:\\\/\\\/x.com\\\/muyjujuy\",\"https:\\\/\\\/www.instagram.com\\\/muyjujuycom\"]},{\"@type\":\"Person\",\"@id\":\"https:\\\/\\\/www.muyjujuy.com\\\/#\\\/schema\\\/person\\\/a3b63db1f387ec4149299954904c5bf0\",\"name\":\"admin\",\"image\":{\"@type\":\"ImageObject\",\"inLanguage\":\"es-AR\",\"@id\":\"https:\\\/\\\/secure.gravatar.com\\\/avatar\\\/b6e63d8d3a73633362405a0ad27e9c28391755813b59886f19a99d6cef8a03fc?s=96&d=mm&r=g\",\"url\":\"https:\\\/\\\/secure.gravatar.com\\\/avatar\\\/b6e63d8d3a73633362405a0ad27e9c28391755813b59886f19a99d6cef8a03fc?s=96&d=mm&r=g\",\"contentUrl\":\"https:\\\/\\\/secure.gravatar.com\\\/avatar\\\/b6e63d8d3a73633362405a0ad27e9c28391755813b59886f19a99d6cef8a03fc?s=96&d=mm&r=g\",\"caption\":\"admin\"},\"url\":\"https:\\\/\\\/www.muyjujuy.com\\\/index.php\\\/author\\\/soyeleditor\\\/\"}]}<\/script>\n<!-- \/ Yoast SEO plugin. -->","yoast_head_json":{"title":"La C\u00e1mara del Tabaco de Jujuy convoca a una reuni\u00f3n informativa para productores - Muy Jujuy","robots":{"index":"index","follow":"follow","max-snippet":"max-snippet:-1","max-image-preview":"max-image-preview:large","max-video-preview":"max-video-preview:-1"},"canonical":"https:\/\/www.muyjujuy.com\/index.php\/2025\/06\/12\/la-camara-del-tabaco-de-jujuy-convoca-a-una-reunion-informativa-para-productores\/","og_locale":"es_ES","og_type":"article","og_title":"La C\u00e1mara del Tabaco de Jujuy convoca a una reuni\u00f3n informativa para productores - Muy Jujuy","og_description":"El encuentro se realizar\u00e1 este jueves a las 15:30 en la sede de la Estaci\u00f3n Experimental La Posta, ubicada en la ciudad de Perico. La C\u00e1mara del Tabaco de Jujuy convoca a los productores del sector a participar de una reuni\u00f3n informativa que se desarrollar\u00e1 el jueves 12 de junio a las 15:30, en las [&hellip;]","og_url":"https:\/\/www.muyjujuy.com\/index.php\/2025\/06\/12\/la-camara-del-tabaco-de-jujuy-convoca-a-una-reunion-informativa-para-productores\/","og_site_name":"Muy Jujuy","article_publisher":"https:\/\/www.facebook.com\/muyjujuycom","article_published_time":"2025-06-12T13:16:01+00:00","author":"admin","twitter_card":"summary_large_image","twitter_creator":"@muyjujuy","twitter_site":"@muyjujuy","twitter_misc":{"Escrito por":"admin","Tiempo de lectura":"2 minutos"},"schema":{"@context":"https:\/\/schema.org","@graph":[{"@type":"Article","@id":"https:\/\/www.muyjujuy.com\/index.php\/2025\/06\/12\/la-camara-del-tabaco-de-jujuy-convoca-a-una-reunion-informativa-para-productores\/#article","isPartOf":{"@id":"https:\/\/www.muyjujuy.com\/index.php\/2025\/06\/12\/la-camara-del-tabaco-de-jujuy-convoca-a-una-reunion-informativa-para-productores\/"},"author":{"name":"admin","@id":"https:\/\/www.muyjujuy.com\/#\/schema\/person\/a3b63db1f387ec4149299954904c5bf0"},"headline":"La C\u00e1mara del Tabaco de Jujuy convoca a una reuni\u00f3n informativa para productores","datePublished":"2025-06-12T13:16:01+00:00","mainEntityOfPage":{"@id":"https:\/\/www.muyjujuy.com\/index.php\/2025\/06\/12\/la-camara-del-tabaco-de-jujuy-convoca-a-una-reunion-informativa-para-productores\/"},"wordCount":390,"commentCount":0,"publisher":{"@id":"https:\/\/www.muyjujuy.com\/#organization"},"image":{"@id":"https:\/\/www.muyjujuy.com\/index.php\/2025\/06\/12\/la-camara-del-tabaco-de-jujuy-convoca-a-una-reunion-informativa-para-productores\/#primaryimage"},"thumbnailUrl":"https:\/\/www.muyjujuy.com\/wp-content\/uploads\/2025\/06\/REUNION.jpg","articleSection":["JUJUY","Sociedad"],"inLanguage":"es-AR","potentialAction":[{"@type":"CommentAction","name":"Comment","target":["https:\/\/www.muyjujuy.com\/index.php\/2025\/06\/12\/la-camara-del-tabaco-de-jujuy-convoca-a-una-reunion-informativa-para-productores\/#respond"]}]},{"@type":"WebPage","@id":"https:\/\/www.muyjujuy.com\/index.php\/2025\/06\/12\/la-camara-del-tabaco-de-jujuy-convoca-a-una-reunion-informativa-para-productores\/","url":"https:\/\/www.muyjujuy.com\/index.php\/2025\/06\/12\/la-camara-del-tabaco-de-jujuy-convoca-a-una-reunion-informativa-para-productores\/","name":"La C\u00e1mara del Tabaco de Jujuy convoca a una reuni\u00f3n informativa para productores - Muy Jujuy","isPartOf":{"@id":"https:\/\/www.muyjujuy.com\/#website"},"primaryImageOfPage":{"@id":"https:\/\/www.muyjujuy.com\/index.php\/2025\/06\/12\/la-camara-del-tabaco-de-jujuy-convoca-a-una-reunion-informativa-para-productores\/#primaryimage"},"image":{"@id":"https:\/\/www.muyjujuy.com\/index.php\/2025\/06\/12\/la-camara-del-tabaco-de-jujuy-convoca-a-una-reunion-informativa-para-productores\/#primaryimage"},"thumbnailUrl":"https:\/\/www.muyjujuy.com\/wp-content\/uploads\/2025\/06\/REUNION.jpg","datePublished":"2025-06-12T13:16:01+00:00","breadcrumb":{"@id":"https:\/\/www.muyjujuy.com\/index.php\/2025\/06\/12\/la-camara-del-tabaco-de-jujuy-convoca-a-una-reunion-informativa-para-productores\/#breadcrumb"},"inLanguage":"es-AR","potentialAction":[{"@type":"ReadAction","target":["https:\/\/www.muyjujuy.com\/index.php\/2025\/06\/12\/la-camara-del-tabaco-de-jujuy-convoca-a-una-reunion-informativa-para-productores\/"]}]},{"@type":"ImageObject","inLanguage":"es-AR","@id":"https:\/\/www.muyjujuy.com\/index.php\/2025\/06\/12\/la-camara-del-tabaco-de-jujuy-convoca-a-una-reunion-informativa-para-productores\/#primaryimage","url":"https:\/\/www.muyjujuy.com\/wp-content\/uploads\/2025\/06\/REUNION.jpg","contentUrl":"https:\/\/www.muyjujuy.com\/wp-content\/uploads\/2025\/06\/REUNION.jpg","width":908,"height":496},{"@type":"BreadcrumbList","@id":"https:\/\/www.muyjujuy.com\/index.php\/2025\/06\/12\/la-camara-del-tabaco-de-jujuy-convoca-a-una-reunion-informativa-para-productores\/#breadcrumb","itemListElement":[{"@type":"ListItem","position":1,"name":"Inicio","item":"https:\/\/www.muyjujuy.com\/"},{"@type":"ListItem","position":2,"name":"La C\u00e1mara del Tabaco de Jujuy convoca a una reuni\u00f3n informativa para productores"}]},{"@type":"WebSite","@id":"https:\/\/www.muyjujuy.com\/#website","url":"https:\/\/www.muyjujuy.com\/","name":"Muy Jujuy","description":"","publisher":{"@id":"https:\/\/www.muyjujuy.com\/#organization"},"potentialAction":[{"@type":"SearchAction","target":{"@type":"EntryPoint","urlTemplate":"https:\/\/www.muyjujuy.com\/?s={search_term_string}"},"query-input":{"@type":"PropertyValueSpecification","valueRequired":true,"valueName":"search_term_string"}}],"inLanguage":"es-AR"},{"@type":"Organization","@id":"https:\/\/www.muyjujuy.com\/#organization","name":"Muy Jujuy","url":"https:\/\/www.muyjujuy.com\/","logo":{"@type":"ImageObject","inLanguage":"es-AR","@id":"https:\/\/www.muyjujuy.com\/#\/schema\/logo\/image\/","url":"http:\/\/www.muyjujuy.com\/wp-content\/uploads\/2022\/05\/logo-mobil-jujuy.png","contentUrl":"http:\/\/www.muyjujuy.com\/wp-content\/uploads\/2022\/05\/logo-mobil-jujuy.png","width":174,"height":81,"caption":"Muy Jujuy"},"image":{"@id":"https:\/\/www.muyjujuy.com\/#\/schema\/logo\/image\/"},"sameAs":["https:\/\/www.facebook.com\/muyjujuycom","https:\/\/x.com\/muyjujuy","https:\/\/www.instagram.com\/muyjujuycom"]},{"@type":"Person","@id":"https:\/\/www.muyjujuy.com\/#\/schema\/person\/a3b63db1f387ec4149299954904c5bf0","name":"admin","image":{"@type":"ImageObject","inLanguage":"es-AR","@id":"https:\/\/secure.gravatar.com\/avatar\/b6e63d8d3a73633362405a0ad27e9c28391755813b59886f19a99d6cef8a03fc?s=96&d=mm&r=g","url":"https:\/\/secure.gravatar.com\/avatar\/b6e63d8d3a73633362405a0ad27e9c28391755813b59886f19a99d6cef8a03fc?s=96&d=mm&r=g","contentUrl":"https:\/\/secure.gravatar.com\/avatar\/b6e63d8d3a73633362405a0ad27e9c28391755813b59886f19a99d6cef8a03fc?s=96&d=mm&r=g","caption":"admin"},"url":"https:\/\/www.muyjujuy.com\/index.php\/author\/soyeleditor\/"}]}},"_links":{"self":[{"href":"https:\/\/www.muyjujuy.com\/index.php\/wp-json\/wp\/v2\/posts\/2565","targetHints":{"allow":["GET"]}}],"collection":[{"href":"https:\/\/www.muyjujuy.com\/index.php\/wp-json\/wp\/v2\/posts"}],"about":[{"href":"https:\/\/www.muyjujuy.com\/index.php\/wp-json\/wp\/v2\/types\/post"}],"author":[{"embeddable":true,"href":"https:\/\/www.muyjujuy.com\/index.php\/wp-json\/wp\/v2\/users\/1"}],"replies":[{"embeddable":true,"href":"https:\/\/www.muyjujuy.com\/index.php\/wp-json\/wp\/v2\/comments?post=2565"}],"version-history":[{"count":1,"href":"https:\/\/www.muyjujuy.com\/index.php\/wp-json\/wp\/v2\/posts\/2565\/revisions"}],"predecessor-version":[{"id":2567,"href":"https:\/\/www.muyjujuy.com\/index.php\/wp-json\/wp\/v2\/posts\/2565\/revisions\/2567"}],"wp:featuredmedia":[{"embeddable":true,"href":"https:\/\/www.muyjujuy.com\/index.php\/wp-json\/wp\/v2\/media\/2566"}],"wp:attachment":[{"href":"https:\/\/www.muyjujuy.com\/index.php\/wp-json\/wp\/v2\/media?parent=2565"}],"wp:term":[{"taxonomy":"category","embeddable":true,"href":"https:\/\/www.muyjujuy.com\/index.php\/wp-json\/wp\/v2\/categories?post=2565"},{"taxonomy":"post_tag","embeddable":true,"href":"https:\/\/www.muyjujuy.com\/index.php\/wp-json\/wp\/v2\/tags?post=2565"}],"curies":[{"name":"wp","href":"https:\/\/api.w.org\/{rel}","templated":true}]}}