{"id":2568,"date":"2025-06-13T17:27:06","date_gmt":"2025-06-13T20:27:06","guid":{"rendered":"https:\/\/www.muyjujuy.com\/?p=2568"},"modified":"2025-06-13T17:27:06","modified_gmt":"2025-06-13T20:27:06","slug":"la-fne-alcanza-un-record-historico-75-carrozas-desfilaran-en-ciudad-cultural","status":"publish","type":"post","link":"https:\/\/www.muyjujuy.com\/index.php\/2025\/06\/13\/la-fne-alcanza-un-record-historico-75-carrozas-desfilaran-en-ciudad-cultural\/","title":{"rendered":"La FNE alcanza un r\u00e9cord hist\u00f3rico: 75 carrozas desfilar\u00e1n en Ciudad Cultural"},"content":{"rendered":"\n<p>La <strong>Fiesta Nacional de los Estudiantes<\/strong> marcar\u00e1 un nuevo hito este a\u00f1o, con la participaci\u00f3n de <strong>75 carrozas<\/strong>, superando as\u00ed la cifra del a\u00f1o pasado, cuando fueron <strong>68 los establecimientos educativos<\/strong> que se sumaron al evento.<\/p>\n\n\n\n<p>La <strong>74\u00aa edici\u00f3n<\/strong> del tradicional festejo juvenil ya comenz\u00f3 a tomar forma, y la confirmaci\u00f3n de este n\u00famero de estructuras establece <strong>un r\u00e9cord de participaci\u00f3n<\/strong> que refleja el crecimiento constante de la celebraci\u00f3n.<\/p>\n\n\n\n<p>Desde el <strong>Ente Aut\u00e1rquico Permanente<\/strong> resaltaron que, a pesar de no ser obligatoria, la convocatoria sigue creciendo gracias al entusiasmo de los estudiantes. \u201c<strong>No existen penalizaciones para quienes no se inscriben<\/strong>, se trata de una propuesta totalmente voluntaria. Sin embargo, se percibe un fuerte compromiso, ya que varios colegios ya cuentan con estructuras montadas y otros presentaron sus proyectos\u201d, afirmaron.<\/p>\n\n\n\n<p>Al mismo tiempo, se trabaja en los <strong>ajustes log\u00edsticos<\/strong> necesarios para ubicar las carrozas dentro de <strong>Ciudad Cultural<\/strong>, teniendo en cuenta que este a\u00f1o se incorporan <strong>siete estructuras m\u00e1s que en 2024<\/strong>. \u201cEstamos evaluando c\u00f3mo distribuir el espacio para que <strong>todos puedan participar<\/strong>\u201d, explicaron desde el Ente.<\/p>\n\n\n\n<p>La <strong>seguridad ser\u00e1 un aspecto fundamental<\/strong>, como cada a\u00f1o. Se mantendr\u00e1n las <strong>carpas cerradas y con vigilancia<\/strong>, y se reforzar\u00e1n las medidas para <strong>prevenir incidentes el\u00e9ctricos<\/strong>, especialmente en las <strong>escuelas t\u00e9cnicas<\/strong>, que utilizan <strong>sistemas de alta tensi\u00f3n<\/strong> para el funcionamiento de mecanismos hidr\u00e1ulicos.<\/p>\n\n\n\n<p>En ese marco, ya se realizaron encuentros entre los establecimientos participantes, <strong>personal t\u00e9cnico de EJESA<\/strong> y representantes de la <strong>Secretar\u00eda de Energ\u00eda<\/strong>, con el fin de <strong>analizar opciones m\u00e1s seguras<\/strong> para el desarrollo del evento.<\/p>\n","protected":false},"excerpt":{"rendered":"<p>La Fiesta Nacional de los Estudiantes marcar\u00e1 un nuevo hito este a\u00f1o, con la participaci\u00f3n de 75 carrozas, superando as\u00ed la cifra del a\u00f1o pasado, cuando fueron 68 los establecimientos educativos que se sumaron al evento. La 74\u00aa edici\u00f3n del tradicional festejo juvenil ya comenz\u00f3 a tomar forma, y la confirmaci\u00f3n de este n\u00famero de [&hellip;]<\/p>\n","protected":false},"author":1,"featured_media":2569,"comment_status":"open","ping_status":"open","sticky":false,"template":"","format":"standard","meta":{"footnotes":""},"categories":[863,25],"tags":[],"class_list":{"0":"post-2568","1":"post","2":"type-post","3":"status-publish","4":"format-standard","5":"has-post-thumbnail","7":"category-jujuy","8":"category-sociedad"},"yoast_head":"<!-- This site is optimized with the Yoast SEO plugin v27.5 - https:\/\/yoast.com\/product\/yoast-seo-wordpress\/ -->\n<title>La FNE alcanza un r\u00e9cord hist\u00f3rico: 75 carrozas desfilar\u00e1n en Ciudad Cultural - Muy Jujuy<\/title>\n<meta name=\"robots\" content=\"index, follow, max-snippet:-1, max-image-preview:large, max-video-preview:-1\" \/>\n<link rel=\"canonical\" href=\"https:\/\/www.muyjujuy.com\/index.php\/2025\/06\/13\/la-fne-alcanza-un-record-historico-75-carrozas-desfilaran-en-ciudad-cultural\/\" \/>\n<meta property=\"og:locale\" content=\"es_ES\" \/>\n<meta property=\"og:type\" content=\"article\" \/>\n<meta property=\"og:title\" content=\"La FNE alcanza un r\u00e9cord hist\u00f3rico: 75 carrozas desfilar\u00e1n en Ciudad Cultural - Muy Jujuy\" \/>\n<meta property=\"og:description\" content=\"La Fiesta Nacional de los Estudiantes marcar\u00e1 un nuevo hito este a\u00f1o, con la participaci\u00f3n de 75 carrozas, superando as\u00ed la cifra del a\u00f1o pasado, cuando fueron 68 los establecimientos educativos que se sumaron al evento. La 74\u00aa edici\u00f3n del tradicional festejo juvenil ya comenz\u00f3 a tomar forma, y la confirmaci\u00f3n de este n\u00famero de [&hellip;]\" \/>\n<meta property=\"og:url\" content=\"https:\/\/www.muyjujuy.com\/index.php\/2025\/06\/13\/la-fne-alcanza-un-record-historico-75-carrozas-desfilaran-en-ciudad-cultural\/\" \/>\n<meta property=\"og:site_name\" content=\"Muy Jujuy\" \/>\n<meta property=\"article:publisher\" content=\"https:\/\/www.facebook.com\/muyjujuycom\" \/>\n<meta property=\"article:published_time\" content=\"2025-06-13T20:27:06+00:00\" \/>\n<meta name=\"author\" content=\"admin\" \/>\n<meta name=\"twitter:card\" content=\"summary_large_image\" \/>\n<meta name=\"twitter:creator\" content=\"@muyjujuy\" \/>\n<meta name=\"twitter:site\" content=\"@muyjujuy\" \/>\n<meta name=\"twitter:label1\" content=\"Escrito por\" \/>\n\t<meta name=\"twitter:data1\" content=\"admin\" \/>\n\t<meta name=\"twitter:label2\" content=\"Tiempo de lectura\" \/>\n\t<meta name=\"twitter:data2\" content=\"1 minuto\" \/>\n<script type=\"application\/ld+json\" class=\"yoast-schema-graph\">{\"@context\":\"https:\\\/\\\/schema.org\",\"@graph\":[{\"@type\":\"Article\",\"@id\":\"https:\\\/\\\/www.muyjujuy.com\\\/index.php\\\/2025\\\/06\\\/13\\\/la-fne-alcanza-un-record-historico-75-carrozas-desfilaran-en-ciudad-cultural\\\/#article\",\"isPartOf\":{\"@id\":\"https:\\\/\\\/www.muyjujuy.com\\\/index.php\\\/2025\\\/06\\\/13\\\/la-fne-alcanza-un-record-historico-75-carrozas-desfilaran-en-ciudad-cultural\\\/\"},\"author\":{\"name\":\"admin\",\"@id\":\"https:\\\/\\\/www.muyjujuy.com\\\/#\\\/schema\\\/person\\\/a3b63db1f387ec4149299954904c5bf0\"},\"headline\":\"La FNE alcanza un r\u00e9cord hist\u00f3rico: 75 carrozas desfilar\u00e1n en Ciudad Cultural\",\"datePublished\":\"2025-06-13T20:27:06+00:00\",\"mainEntityOfPage\":{\"@id\":\"https:\\\/\\\/www.muyjujuy.com\\\/index.php\\\/2025\\\/06\\\/13\\\/la-fne-alcanza-un-record-historico-75-carrozas-desfilaran-en-ciudad-cultural\\\/\"},\"wordCount\":289,\"commentCount\":0,\"publisher\":{\"@id\":\"https:\\\/\\\/www.muyjujuy.com\\\/#organization\"},\"image\":{\"@id\":\"https:\\\/\\\/www.muyjujuy.com\\\/index.php\\\/2025\\\/06\\\/13\\\/la-fne-alcanza-un-record-historico-75-carrozas-desfilaran-en-ciudad-cultural\\\/#primaryimage\"},\"thumbnailUrl\":\"https:\\\/\\\/www.muyjujuy.com\\\/wp-content\\\/uploads\\\/2025\\\/06\\\/CARROZA.jpg\",\"articleSection\":[\"JUJUY\",\"Sociedad\"],\"inLanguage\":\"es-AR\",\"potentialAction\":[{\"@type\":\"CommentAction\",\"name\":\"Comment\",\"target\":[\"https:\\\/\\\/www.muyjujuy.com\\\/index.php\\\/2025\\\/06\\\/13\\\/la-fne-alcanza-un-record-historico-75-carrozas-desfilaran-en-ciudad-cultural\\\/#respond\"]}]},{\"@type\":\"WebPage\",\"@id\":\"https:\\\/\\\/www.muyjujuy.com\\\/index.php\\\/2025\\\/06\\\/13\\\/la-fne-alcanza-un-record-historico-75-carrozas-desfilaran-en-ciudad-cultural\\\/\",\"url\":\"https:\\\/\\\/www.muyjujuy.com\\\/index.php\\\/2025\\\/06\\\/13\\\/la-fne-alcanza-un-record-historico-75-carrozas-desfilaran-en-ciudad-cultural\\\/\",\"name\":\"La FNE alcanza un r\u00e9cord hist\u00f3rico: 75 carrozas desfilar\u00e1n en Ciudad Cultural - Muy Jujuy\",\"isPartOf\":{\"@id\":\"https:\\\/\\\/www.muyjujuy.com\\\/#website\"},\"primaryImageOfPage\":{\"@id\":\"https:\\\/\\\/www.muyjujuy.com\\\/index.php\\\/2025\\\/06\\\/13\\\/la-fne-alcanza-un-record-historico-75-carrozas-desfilaran-en-ciudad-cultural\\\/#primaryimage\"},\"image\":{\"@id\":\"https:\\\/\\\/www.muyjujuy.com\\\/index.php\\\/2025\\\/06\\\/13\\\/la-fne-alcanza-un-record-historico-75-carrozas-desfilaran-en-ciudad-cultural\\\/#primaryimage\"},\"thumbnailUrl\":\"https:\\\/\\\/www.muyjujuy.com\\\/wp-content\\\/uploads\\\/2025\\\/06\\\/CARROZA.jpg\",\"datePublished\":\"2025-06-13T20:27:06+00:00\",\"breadcrumb\":{\"@id\":\"https:\\\/\\\/www.muyjujuy.com\\\/index.php\\\/2025\\\/06\\\/13\\\/la-fne-alcanza-un-record-historico-75-carrozas-desfilaran-en-ciudad-cultural\\\/#breadcrumb\"},\"inLanguage\":\"es-AR\",\"potentialAction\":[{\"@type\":\"ReadAction\",\"target\":[\"https:\\\/\\\/www.muyjujuy.com\\\/index.php\\\/2025\\\/06\\\/13\\\/la-fne-alcanza-un-record-historico-75-carrozas-desfilaran-en-ciudad-cultural\\\/\"]}]},{\"@type\":\"ImageObject\",\"inLanguage\":\"es-AR\",\"@id\":\"https:\\\/\\\/www.muyjujuy.com\\\/index.php\\\/2025\\\/06\\\/13\\\/la-fne-alcanza-un-record-historico-75-carrozas-desfilaran-en-ciudad-cultural\\\/#primaryimage\",\"url\":\"https:\\\/\\\/www.muyjujuy.com\\\/wp-content\\\/uploads\\\/2025\\\/06\\\/CARROZA.jpg\",\"contentUrl\":\"https:\\\/\\\/www.muyjujuy.com\\\/wp-content\\\/uploads\\\/2025\\\/06\\\/CARROZA.jpg\",\"width\":846,\"height\":516},{\"@type\":\"BreadcrumbList\",\"@id\":\"https:\\\/\\\/www.muyjujuy.com\\\/index.php\\\/2025\\\/06\\\/13\\\/la-fne-alcanza-un-record-historico-75-carrozas-desfilaran-en-ciudad-cultural\\\/#breadcrumb\",\"itemListElement\":[{\"@type\":\"ListItem\",\"position\":1,\"name\":\"Inicio\",\"item\":\"https:\\\/\\\/www.muyjujuy.com\\\/\"},{\"@type\":\"ListItem\",\"position\":2,\"name\":\"La FNE alcanza un r\u00e9cord hist\u00f3rico: 75 carrozas desfilar\u00e1n en Ciudad Cultural\"}]},{\"@type\":\"WebSite\",\"@id\":\"https:\\\/\\\/www.muyjujuy.com\\\/#website\",\"url\":\"https:\\\/\\\/www.muyjujuy.com\\\/\",\"name\":\"Muy Jujuy\",\"description\":\"\",\"publisher\":{\"@id\":\"https:\\\/\\\/www.muyjujuy.com\\\/#organization\"},\"potentialAction\":[{\"@type\":\"SearchAction\",\"target\":{\"@type\":\"EntryPoint\",\"urlTemplate\":\"https:\\\/\\\/www.muyjujuy.com\\\/?s={search_term_string}\"},\"query-input\":{\"@type\":\"PropertyValueSpecification\",\"valueRequired\":true,\"valueName\":\"search_term_string\"}}],\"inLanguage\":\"es-AR\"},{\"@type\":\"Organization\",\"@id\":\"https:\\\/\\\/www.muyjujuy.com\\\/#organization\",\"name\":\"Muy Jujuy\",\"url\":\"https:\\\/\\\/www.muyjujuy.com\\\/\",\"logo\":{\"@type\":\"ImageObject\",\"inLanguage\":\"es-AR\",\"@id\":\"https:\\\/\\\/www.muyjujuy.com\\\/#\\\/schema\\\/logo\\\/image\\\/\",\"url\":\"http:\\\/\\\/www.muyjujuy.com\\\/wp-content\\\/uploads\\\/2022\\\/05\\\/logo-mobil-jujuy.png\",\"contentUrl\":\"http:\\\/\\\/www.muyjujuy.com\\\/wp-content\\\/uploads\\\/2022\\\/05\\\/logo-mobil-jujuy.png\",\"width\":174,\"height\":81,\"caption\":\"Muy Jujuy\"},\"image\":{\"@id\":\"https:\\\/\\\/www.muyjujuy.com\\\/#\\\/schema\\\/logo\\\/image\\\/\"},\"sameAs\":[\"https:\\\/\\\/www.facebook.com\\\/muyjujuycom\",\"https:\\\/\\\/x.com\\\/muyjujuy\",\"https:\\\/\\\/www.instagram.com\\\/muyjujuycom\"]},{\"@type\":\"Person\",\"@id\":\"https:\\\/\\\/www.muyjujuy.com\\\/#\\\/schema\\\/person\\\/a3b63db1f387ec4149299954904c5bf0\",\"name\":\"admin\",\"image\":{\"@type\":\"ImageObject\",\"inLanguage\":\"es-AR\",\"@id\":\"https:\\\/\\\/secure.gravatar.com\\\/avatar\\\/b6e63d8d3a73633362405a0ad27e9c28391755813b59886f19a99d6cef8a03fc?s=96&d=mm&r=g\",\"url\":\"https:\\\/\\\/secure.gravatar.com\\\/avatar\\\/b6e63d8d3a73633362405a0ad27e9c28391755813b59886f19a99d6cef8a03fc?s=96&d=mm&r=g\",\"contentUrl\":\"https:\\\/\\\/secure.gravatar.com\\\/avatar\\\/b6e63d8d3a73633362405a0ad27e9c28391755813b59886f19a99d6cef8a03fc?s=96&d=mm&r=g\",\"caption\":\"admin\"},\"url\":\"https:\\\/\\\/www.muyjujuy.com\\\/index.php\\\/author\\\/soyeleditor\\\/\"}]}<\/script>\n<!-- \/ Yoast SEO plugin. -->","yoast_head_json":{"title":"La FNE alcanza un r\u00e9cord hist\u00f3rico: 75 carrozas desfilar\u00e1n en Ciudad Cultural - Muy Jujuy","robots":{"index":"index","follow":"follow","max-snippet":"max-snippet:-1","max-image-preview":"max-image-preview:large","max-video-preview":"max-video-preview:-1"},"canonical":"https:\/\/www.muyjujuy.com\/index.php\/2025\/06\/13\/la-fne-alcanza-un-record-historico-75-carrozas-desfilaran-en-ciudad-cultural\/","og_locale":"es_ES","og_type":"article","og_title":"La FNE alcanza un r\u00e9cord hist\u00f3rico: 75 carrozas desfilar\u00e1n en Ciudad Cultural - Muy Jujuy","og_description":"La Fiesta Nacional de los Estudiantes marcar\u00e1 un nuevo hito este a\u00f1o, con la participaci\u00f3n de 75 carrozas, superando as\u00ed la cifra del a\u00f1o pasado, cuando fueron 68 los establecimientos educativos que se sumaron al evento. La 74\u00aa edici\u00f3n del tradicional festejo juvenil ya comenz\u00f3 a tomar forma, y la confirmaci\u00f3n de este n\u00famero de [&hellip;]","og_url":"https:\/\/www.muyjujuy.com\/index.php\/2025\/06\/13\/la-fne-alcanza-un-record-historico-75-carrozas-desfilaran-en-ciudad-cultural\/","og_site_name":"Muy Jujuy","article_publisher":"https:\/\/www.facebook.com\/muyjujuycom","article_published_time":"2025-06-13T20:27:06+00:00","author":"admin","twitter_card":"summary_large_image","twitter_creator":"@muyjujuy","twitter_site":"@muyjujuy","twitter_misc":{"Escrito por":"admin","Tiempo de lectura":"1 minuto"},"schema":{"@context":"https:\/\/schema.org","@graph":[{"@type":"Article","@id":"https:\/\/www.muyjujuy.com\/index.php\/2025\/06\/13\/la-fne-alcanza-un-record-historico-75-carrozas-desfilaran-en-ciudad-cultural\/#article","isPartOf":{"@id":"https:\/\/www.muyjujuy.com\/index.php\/2025\/06\/13\/la-fne-alcanza-un-record-historico-75-carrozas-desfilaran-en-ciudad-cultural\/"},"author":{"name":"admin","@id":"https:\/\/www.muyjujuy.com\/#\/schema\/person\/a3b63db1f387ec4149299954904c5bf0"},"headline":"La FNE alcanza un r\u00e9cord hist\u00f3rico: 75 carrozas desfilar\u00e1n en Ciudad Cultural","datePublished":"2025-06-13T20:27:06+00:00","mainEntityOfPage":{"@id":"https:\/\/www.muyjujuy.com\/index.php\/2025\/06\/13\/la-fne-alcanza-un-record-historico-75-carrozas-desfilaran-en-ciudad-cultural\/"},"wordCount":289,"commentCount":0,"publisher":{"@id":"https:\/\/www.muyjujuy.com\/#organization"},"image":{"@id":"https:\/\/www.muyjujuy.com\/index.php\/2025\/06\/13\/la-fne-alcanza-un-record-historico-75-carrozas-desfilaran-en-ciudad-cultural\/#primaryimage"},"thumbnailUrl":"https:\/\/www.muyjujuy.com\/wp-content\/uploads\/2025\/06\/CARROZA.jpg","articleSection":["JUJUY","Sociedad"],"inLanguage":"es-AR","potentialAction":[{"@type":"CommentAction","name":"Comment","target":["https:\/\/www.muyjujuy.com\/index.php\/2025\/06\/13\/la-fne-alcanza-un-record-historico-75-carrozas-desfilaran-en-ciudad-cultural\/#respond"]}]},{"@type":"WebPage","@id":"https:\/\/www.muyjujuy.com\/index.php\/2025\/06\/13\/la-fne-alcanza-un-record-historico-75-carrozas-desfilaran-en-ciudad-cultural\/","url":"https:\/\/www.muyjujuy.com\/index.php\/2025\/06\/13\/la-fne-alcanza-un-record-historico-75-carrozas-desfilaran-en-ciudad-cultural\/","name":"La FNE alcanza un r\u00e9cord hist\u00f3rico: 75 carrozas desfilar\u00e1n en Ciudad Cultural - Muy Jujuy","isPartOf":{"@id":"https:\/\/www.muyjujuy.com\/#website"},"primaryImageOfPage":{"@id":"https:\/\/www.muyjujuy.com\/index.php\/2025\/06\/13\/la-fne-alcanza-un-record-historico-75-carrozas-desfilaran-en-ciudad-cultural\/#primaryimage"},"image":{"@id":"https:\/\/www.muyjujuy.com\/index.php\/2025\/06\/13\/la-fne-alcanza-un-record-historico-75-carrozas-desfilaran-en-ciudad-cultural\/#primaryimage"},"thumbnailUrl":"https:\/\/www.muyjujuy.com\/wp-content\/uploads\/2025\/06\/CARROZA.jpg","datePublished":"2025-06-13T20:27:06+00:00","breadcrumb":{"@id":"https:\/\/www.muyjujuy.com\/index.php\/2025\/06\/13\/la-fne-alcanza-un-record-historico-75-carrozas-desfilaran-en-ciudad-cultural\/#breadcrumb"},"inLanguage":"es-AR","potentialAction":[{"@type":"ReadAction","target":["https:\/\/www.muyjujuy.com\/index.php\/2025\/06\/13\/la-fne-alcanza-un-record-historico-75-carrozas-desfilaran-en-ciudad-cultural\/"]}]},{"@type":"ImageObject","inLanguage":"es-AR","@id":"https:\/\/www.muyjujuy.com\/index.php\/2025\/06\/13\/la-fne-alcanza-un-record-historico-75-carrozas-desfilaran-en-ciudad-cultural\/#primaryimage","url":"https:\/\/www.muyjujuy.com\/wp-content\/uploads\/2025\/06\/CARROZA.jpg","contentUrl":"https:\/\/www.muyjujuy.com\/wp-content\/uploads\/2025\/06\/CARROZA.jpg","width":846,"height":516},{"@type":"BreadcrumbList","@id":"https:\/\/www.muyjujuy.com\/index.php\/2025\/06\/13\/la-fne-alcanza-un-record-historico-75-carrozas-desfilaran-en-ciudad-cultural\/#breadcrumb","itemListElement":[{"@type":"ListItem","position":1,"name":"Inicio","item":"https:\/\/www.muyjujuy.com\/"},{"@type":"ListItem","position":2,"name":"La FNE alcanza un r\u00e9cord hist\u00f3rico: 75 carrozas desfilar\u00e1n en Ciudad Cultural"}]},{"@type":"WebSite","@id":"https:\/\/www.muyjujuy.com\/#website","url":"https:\/\/www.muyjujuy.com\/","name":"Muy Jujuy","description":"","publisher":{"@id":"https:\/\/www.muyjujuy.com\/#organization"},"potentialAction":[{"@type":"SearchAction","target":{"@type":"EntryPoint","urlTemplate":"https:\/\/www.muyjujuy.com\/?s={search_term_string}"},"query-input":{"@type":"PropertyValueSpecification","valueRequired":true,"valueName":"search_term_string"}}],"inLanguage":"es-AR"},{"@type":"Organization","@id":"https:\/\/www.muyjujuy.com\/#organization","name":"Muy Jujuy","url":"https:\/\/www.muyjujuy.com\/","logo":{"@type":"ImageObject","inLanguage":"es-AR","@id":"https:\/\/www.muyjujuy.com\/#\/schema\/logo\/image\/","url":"http:\/\/www.muyjujuy.com\/wp-content\/uploads\/2022\/05\/logo-mobil-jujuy.png","contentUrl":"http:\/\/www.muyjujuy.com\/wp-content\/uploads\/2022\/05\/logo-mobil-jujuy.png","width":174,"height":81,"caption":"Muy Jujuy"},"image":{"@id":"https:\/\/www.muyjujuy.com\/#\/schema\/logo\/image\/"},"sameAs":["https:\/\/www.facebook.com\/muyjujuycom","https:\/\/x.com\/muyjujuy","https:\/\/www.instagram.com\/muyjujuycom"]},{"@type":"Person","@id":"https:\/\/www.muyjujuy.com\/#\/schema\/person\/a3b63db1f387ec4149299954904c5bf0","name":"admin","image":{"@type":"ImageObject","inLanguage":"es-AR","@id":"https:\/\/secure.gravatar.com\/avatar\/b6e63d8d3a73633362405a0ad27e9c28391755813b59886f19a99d6cef8a03fc?s=96&d=mm&r=g","url":"https:\/\/secure.gravatar.com\/avatar\/b6e63d8d3a73633362405a0ad27e9c28391755813b59886f19a99d6cef8a03fc?s=96&d=mm&r=g","contentUrl":"https:\/\/secure.gravatar.com\/avatar\/b6e63d8d3a73633362405a0ad27e9c28391755813b59886f19a99d6cef8a03fc?s=96&d=mm&r=g","caption":"admin"},"url":"https:\/\/www.muyjujuy.com\/index.php\/author\/soyeleditor\/"}]}},"_links":{"self":[{"href":"https:\/\/www.muyjujuy.com\/index.php\/wp-json\/wp\/v2\/posts\/2568","targetHints":{"allow":["GET"]}}],"collection":[{"href":"https:\/\/www.muyjujuy.com\/index.php\/wp-json\/wp\/v2\/posts"}],"about":[{"href":"https:\/\/www.muyjujuy.com\/index.php\/wp-json\/wp\/v2\/types\/post"}],"author":[{"embeddable":true,"href":"https:\/\/www.muyjujuy.com\/index.php\/wp-json\/wp\/v2\/users\/1"}],"replies":[{"embeddable":true,"href":"https:\/\/www.muyjujuy.com\/index.php\/wp-json\/wp\/v2\/comments?post=2568"}],"version-history":[{"count":1,"href":"https:\/\/www.muyjujuy.com\/index.php\/wp-json\/wp\/v2\/posts\/2568\/revisions"}],"predecessor-version":[{"id":2570,"href":"https:\/\/www.muyjujuy.com\/index.php\/wp-json\/wp\/v2\/posts\/2568\/revisions\/2570"}],"wp:featuredmedia":[{"embeddable":true,"href":"https:\/\/www.muyjujuy.com\/index.php\/wp-json\/wp\/v2\/media\/2569"}],"wp:attachment":[{"href":"https:\/\/www.muyjujuy.com\/index.php\/wp-json\/wp\/v2\/media?parent=2568"}],"wp:term":[{"taxonomy":"category","embeddable":true,"href":"https:\/\/www.muyjujuy.com\/index.php\/wp-json\/wp\/v2\/categories?post=2568"},{"taxonomy":"post_tag","embeddable":true,"href":"https:\/\/www.muyjujuy.com\/index.php\/wp-json\/wp\/v2\/tags?post=2568"}],"curies":[{"name":"wp","href":"https:\/\/api.w.org\/{rel}","templated":true}]}}