{"id":2571,"date":"2025-06-13T17:31:37","date_gmt":"2025-06-13T20:31:37","guid":{"rendered":"https:\/\/www.muyjujuy.com\/?p=2571"},"modified":"2025-06-13T17:31:37","modified_gmt":"2025-06-13T20:31:37","slug":"el-tren-solar-presenta-una-elevada-demanda-de-reservas-para-la-temporada-invernal","status":"publish","type":"post","link":"https:\/\/www.muyjujuy.com\/index.php\/2025\/06\/13\/el-tren-solar-presenta-una-elevada-demanda-de-reservas-para-la-temporada-invernal\/","title":{"rendered":"El Tren Solar presenta una elevada demanda de reservas para la temporada invernal"},"content":{"rendered":"\n<p>Comienza la cuenta regresiva para el invierno, y cada vez son m\u00e1s los visitantes que optan por recorrer los paisajes de la <strong>Quebrada<\/strong> a bordo de este innovador medio de transporte. En v\u00edsperas del receso invernal, el <strong>Tren Solar de la Quebrada<\/strong> ya muestra un importante nivel de <strong>reservas anticipadas<\/strong>, reflejando la creciente atracci\u00f3n que genera entre turistas de distintos puntos del pa\u00eds. As\u00ed lo confirm\u00f3 <strong>Juan Cabrera<\/strong>, presidente del <strong>Ente Aut\u00e1rquico Tren Solar<\/strong>, quien se\u00f1al\u00f3 que el servicio \u201c<strong>despierta el inter\u00e9s de quienes eligen el norte argentino como destino<\/strong>\u201d.<\/p>\n\n\n\n<p>En este contexto, operadores tur\u00edsticos de <strong>Jujuy y Salta<\/strong> participaron recientemente de un recorrido exclusivo a bordo del tren, con el objetivo de conocer en profundidad la experiencia y potenciar su promoci\u00f3n. \u201c<strong>Buscamos que cada agencia pueda ofrecer esta vivencia de forma integral, con identidad propia y conocimiento real del servicio<\/strong>\u201d, subray\u00f3 Cabrera.<\/p>\n\n\n\n<p>Durante el trayecto entre <strong>Volc\u00e1n y Purmamarca<\/strong>, los asistentes pudieron vivir de forma directa el funcionamiento de este transporte singular en Latinoam\u00e9rica, que utiliza <strong>tecnolog\u00eda h\u00edbrida solar<\/strong> y apuesta de manera decidida por el <strong>turismo sustentable<\/strong>, en armon\u00eda con el entorno natural de la Quebrada.<\/p>\n\n\n\n<p>\u201cHoy el Tren Solar <strong>va m\u00e1s all\u00e1 del traslado<\/strong>, es una propuesta <strong>cultural, visual y ecol\u00f3gica<\/strong> que coloca a <strong>Jujuy como un referente en innovaci\u00f3n tur\u00edstica<\/strong>\u201d, destac\u00f3 <strong>Lisandro Monta\u00f1o<\/strong>, responsable del \u00e1rea de <strong>Agencias<\/strong>.<\/p>\n\n\n\n<p>El viaje incluy\u00f3 informaci\u00f3n relevante sobre <strong>traslados, excursiones combinadas, servicios gastron\u00f3micos en estaciones y paquetes tur\u00edsticos integrados<\/strong>, herramientas esenciales para dar respuesta a una demanda que se prev\u00e9 <strong>alta y constante durante el invierno<\/strong>.<\/p>\n\n\n\n<hr class=\"wp-block-separator has-alpha-channel-opacity\"\/>\n\n\n\n<p><strong>Cinco destinos imperdibles en Jujuy para este invierno<\/strong><\/p>\n\n\n\n<p><strong>Jujuy<\/strong> ofrece una combinaci\u00f3n \u00fanica entre <strong>tradici\u00f3n cultural y propuestas tur\u00edsticas<\/strong> a lo largo de sus cuatro regiones, con una variedad de climas y celebraciones ancestrales que pueden disfrutarse durante todo el a\u00f1o.<\/p>\n\n\n\n<p><strong>Salinas Grandes<\/strong>: considerado el cuarto salar en tama\u00f1o de Sudam\u00e9rica, este paisaje blanco ha sido escenario de producciones audiovisuales y campa\u00f1as publicitarias. Adem\u00e1s de recorrer este mar de sal, los turistas pueden alojarse en glampings y contemplar espect\u00e1culos naturales como <strong>lluvias de estrellas<\/strong>.<\/p>\n\n\n\n<p><strong>Cerro de los Siete Colores<\/strong>: esta formaci\u00f3n geol\u00f3gica ubicada en <strong>Purmamarca<\/strong> deslumbra por sus m\u00faltiples tonalidades, resultado de la acci\u00f3n de minerales milenarios. Es un punto clave para quienes buscan disfrutar de <strong>festividades regionales, sabores locales y expresiones culturales aut\u00f3ctonas<\/strong>.<\/p>\n\n\n\n<p><strong>Lagunas de Yala<\/strong>: situadas dentro del <strong>Parque Provincial Potrero de Yala<\/strong>, este conjunto de seis lagunas es ideal para quienes aman el <strong>trekking, la biodiversidad<\/strong> y el contacto directo con la <strong>naturaleza andina<\/strong>.<\/p>\n\n\n\n<p><strong>Termas de Jord\u00e1n<\/strong>: localizadas en <strong>San Francisco<\/strong>, al sur de la provincia, estas <strong>aguas termales<\/strong> en plena <strong>selva de monta\u00f1a<\/strong> ofrecen un entorno natural \u00fanico. Con aguas cristalinas y color turquesa, la temperatura ronda los <strong>30\u00b0C<\/strong>, con profundidades que var\u00edan entre los <strong>30 cent\u00edmetros y los 2 metros<\/strong>.<\/p>\n\n\n\n<p><strong>Cusi Cusi<\/strong>: en plena <strong>Puna juje\u00f1a<\/strong>, cerca del l\u00edmite con Bolivia, se encuentra este m\u00e1gico rinc\u00f3n tambi\u00e9n conocido como el <strong>\u201cvalle de la luna juje\u00f1o\u201d<\/strong>. Sus paisajes cautivan por su <strong>belleza natural y conexi\u00f3n espiritual<\/strong>, invitando a descubrir el legado ancestral de la regi\u00f3n.<\/p>\n","protected":false},"excerpt":{"rendered":"<p>Comienza la cuenta regresiva para el invierno, y cada vez son m\u00e1s los visitantes que optan por recorrer los paisajes de la Quebrada a bordo de este innovador medio de transporte. En v\u00edsperas del receso invernal, el Tren Solar de la Quebrada ya muestra un importante nivel de reservas anticipadas, reflejando la creciente atracci\u00f3n que [&hellip;]<\/p>\n","protected":false},"author":1,"featured_media":2572,"comment_status":"open","ping_status":"open","sticky":false,"template":"","format":"standard","meta":{"footnotes":""},"categories":[863,25],"tags":[],"class_list":{"0":"post-2571","1":"post","2":"type-post","3":"status-publish","4":"format-standard","5":"has-post-thumbnail","7":"category-jujuy","8":"category-sociedad"},"yoast_head":"<!-- This site is optimized with the Yoast SEO plugin v27.5 - https:\/\/yoast.com\/product\/yoast-seo-wordpress\/ -->\n<title>El Tren Solar presenta una elevada demanda de reservas para la temporada invernal - Muy Jujuy<\/title>\n<meta name=\"robots\" content=\"index, follow, max-snippet:-1, max-image-preview:large, max-video-preview:-1\" \/>\n<link rel=\"canonical\" href=\"https:\/\/www.muyjujuy.com\/index.php\/2025\/06\/13\/el-tren-solar-presenta-una-elevada-demanda-de-reservas-para-la-temporada-invernal\/\" \/>\n<meta property=\"og:locale\" content=\"es_ES\" \/>\n<meta property=\"og:type\" content=\"article\" \/>\n<meta property=\"og:title\" content=\"El Tren Solar presenta una elevada demanda de reservas para la temporada invernal - Muy Jujuy\" \/>\n<meta property=\"og:description\" content=\"Comienza la cuenta regresiva para el invierno, y cada vez son m\u00e1s los visitantes que optan por recorrer los paisajes de la Quebrada a bordo de este innovador medio de transporte. En v\u00edsperas del receso invernal, el Tren Solar de la Quebrada ya muestra un importante nivel de reservas anticipadas, reflejando la creciente atracci\u00f3n que [&hellip;]\" \/>\n<meta property=\"og:url\" content=\"https:\/\/www.muyjujuy.com\/index.php\/2025\/06\/13\/el-tren-solar-presenta-una-elevada-demanda-de-reservas-para-la-temporada-invernal\/\" \/>\n<meta property=\"og:site_name\" content=\"Muy Jujuy\" \/>\n<meta property=\"article:publisher\" content=\"https:\/\/www.facebook.com\/muyjujuycom\" \/>\n<meta property=\"article:published_time\" content=\"2025-06-13T20:31:37+00:00\" \/>\n<meta name=\"author\" content=\"admin\" \/>\n<meta name=\"twitter:card\" content=\"summary_large_image\" \/>\n<meta name=\"twitter:creator\" content=\"@muyjujuy\" \/>\n<meta name=\"twitter:site\" content=\"@muyjujuy\" \/>\n<meta name=\"twitter:label1\" content=\"Escrito por\" \/>\n\t<meta name=\"twitter:data1\" content=\"admin\" \/>\n\t<meta name=\"twitter:label2\" content=\"Tiempo de lectura\" \/>\n\t<meta name=\"twitter:data2\" content=\"3 minutos\" \/>\n<script type=\"application\/ld+json\" class=\"yoast-schema-graph\">{\"@context\":\"https:\\\/\\\/schema.org\",\"@graph\":[{\"@type\":\"Article\",\"@id\":\"https:\\\/\\\/www.muyjujuy.com\\\/index.php\\\/2025\\\/06\\\/13\\\/el-tren-solar-presenta-una-elevada-demanda-de-reservas-para-la-temporada-invernal\\\/#article\",\"isPartOf\":{\"@id\":\"https:\\\/\\\/www.muyjujuy.com\\\/index.php\\\/2025\\\/06\\\/13\\\/el-tren-solar-presenta-una-elevada-demanda-de-reservas-para-la-temporada-invernal\\\/\"},\"author\":{\"name\":\"admin\",\"@id\":\"https:\\\/\\\/www.muyjujuy.com\\\/#\\\/schema\\\/person\\\/a3b63db1f387ec4149299954904c5bf0\"},\"headline\":\"El Tren Solar presenta una elevada demanda de reservas para la temporada invernal\",\"datePublished\":\"2025-06-13T20:31:37+00:00\",\"mainEntityOfPage\":{\"@id\":\"https:\\\/\\\/www.muyjujuy.com\\\/index.php\\\/2025\\\/06\\\/13\\\/el-tren-solar-presenta-una-elevada-demanda-de-reservas-para-la-temporada-invernal\\\/\"},\"wordCount\":564,\"commentCount\":0,\"publisher\":{\"@id\":\"https:\\\/\\\/www.muyjujuy.com\\\/#organization\"},\"image\":{\"@id\":\"https:\\\/\\\/www.muyjujuy.com\\\/index.php\\\/2025\\\/06\\\/13\\\/el-tren-solar-presenta-una-elevada-demanda-de-reservas-para-la-temporada-invernal\\\/#primaryimage\"},\"thumbnailUrl\":\"https:\\\/\\\/www.muyjujuy.com\\\/wp-content\\\/uploads\\\/2025\\\/06\\\/TREN.jpg\",\"articleSection\":[\"JUJUY\",\"Sociedad\"],\"inLanguage\":\"es-AR\",\"potentialAction\":[{\"@type\":\"CommentAction\",\"name\":\"Comment\",\"target\":[\"https:\\\/\\\/www.muyjujuy.com\\\/index.php\\\/2025\\\/06\\\/13\\\/el-tren-solar-presenta-una-elevada-demanda-de-reservas-para-la-temporada-invernal\\\/#respond\"]}]},{\"@type\":\"WebPage\",\"@id\":\"https:\\\/\\\/www.muyjujuy.com\\\/index.php\\\/2025\\\/06\\\/13\\\/el-tren-solar-presenta-una-elevada-demanda-de-reservas-para-la-temporada-invernal\\\/\",\"url\":\"https:\\\/\\\/www.muyjujuy.com\\\/index.php\\\/2025\\\/06\\\/13\\\/el-tren-solar-presenta-una-elevada-demanda-de-reservas-para-la-temporada-invernal\\\/\",\"name\":\"El Tren Solar presenta una elevada demanda de reservas para la temporada invernal - Muy Jujuy\",\"isPartOf\":{\"@id\":\"https:\\\/\\\/www.muyjujuy.com\\\/#website\"},\"primaryImageOfPage\":{\"@id\":\"https:\\\/\\\/www.muyjujuy.com\\\/index.php\\\/2025\\\/06\\\/13\\\/el-tren-solar-presenta-una-elevada-demanda-de-reservas-para-la-temporada-invernal\\\/#primaryimage\"},\"image\":{\"@id\":\"https:\\\/\\\/www.muyjujuy.com\\\/index.php\\\/2025\\\/06\\\/13\\\/el-tren-solar-presenta-una-elevada-demanda-de-reservas-para-la-temporada-invernal\\\/#primaryimage\"},\"thumbnailUrl\":\"https:\\\/\\\/www.muyjujuy.com\\\/wp-content\\\/uploads\\\/2025\\\/06\\\/TREN.jpg\",\"datePublished\":\"2025-06-13T20:31:37+00:00\",\"breadcrumb\":{\"@id\":\"https:\\\/\\\/www.muyjujuy.com\\\/index.php\\\/2025\\\/06\\\/13\\\/el-tren-solar-presenta-una-elevada-demanda-de-reservas-para-la-temporada-invernal\\\/#breadcrumb\"},\"inLanguage\":\"es-AR\",\"potentialAction\":[{\"@type\":\"ReadAction\",\"target\":[\"https:\\\/\\\/www.muyjujuy.com\\\/index.php\\\/2025\\\/06\\\/13\\\/el-tren-solar-presenta-una-elevada-demanda-de-reservas-para-la-temporada-invernal\\\/\"]}]},{\"@type\":\"ImageObject\",\"inLanguage\":\"es-AR\",\"@id\":\"https:\\\/\\\/www.muyjujuy.com\\\/index.php\\\/2025\\\/06\\\/13\\\/el-tren-solar-presenta-una-elevada-demanda-de-reservas-para-la-temporada-invernal\\\/#primaryimage\",\"url\":\"https:\\\/\\\/www.muyjujuy.com\\\/wp-content\\\/uploads\\\/2025\\\/06\\\/TREN.jpg\",\"contentUrl\":\"https:\\\/\\\/www.muyjujuy.com\\\/wp-content\\\/uploads\\\/2025\\\/06\\\/TREN.jpg\",\"width\":875,\"height\":476},{\"@type\":\"BreadcrumbList\",\"@id\":\"https:\\\/\\\/www.muyjujuy.com\\\/index.php\\\/2025\\\/06\\\/13\\\/el-tren-solar-presenta-una-elevada-demanda-de-reservas-para-la-temporada-invernal\\\/#breadcrumb\",\"itemListElement\":[{\"@type\":\"ListItem\",\"position\":1,\"name\":\"Inicio\",\"item\":\"https:\\\/\\\/www.muyjujuy.com\\\/\"},{\"@type\":\"ListItem\",\"position\":2,\"name\":\"El Tren Solar presenta una elevada demanda de reservas para la temporada invernal\"}]},{\"@type\":\"WebSite\",\"@id\":\"https:\\\/\\\/www.muyjujuy.com\\\/#website\",\"url\":\"https:\\\/\\\/www.muyjujuy.com\\\/\",\"name\":\"Muy Jujuy\",\"description\":\"\",\"publisher\":{\"@id\":\"https:\\\/\\\/www.muyjujuy.com\\\/#organization\"},\"potentialAction\":[{\"@type\":\"SearchAction\",\"target\":{\"@type\":\"EntryPoint\",\"urlTemplate\":\"https:\\\/\\\/www.muyjujuy.com\\\/?s={search_term_string}\"},\"query-input\":{\"@type\":\"PropertyValueSpecification\",\"valueRequired\":true,\"valueName\":\"search_term_string\"}}],\"inLanguage\":\"es-AR\"},{\"@type\":\"Organization\",\"@id\":\"https:\\\/\\\/www.muyjujuy.com\\\/#organization\",\"name\":\"Muy Jujuy\",\"url\":\"https:\\\/\\\/www.muyjujuy.com\\\/\",\"logo\":{\"@type\":\"ImageObject\",\"inLanguage\":\"es-AR\",\"@id\":\"https:\\\/\\\/www.muyjujuy.com\\\/#\\\/schema\\\/logo\\\/image\\\/\",\"url\":\"http:\\\/\\\/www.muyjujuy.com\\\/wp-content\\\/uploads\\\/2022\\\/05\\\/logo-mobil-jujuy.png\",\"contentUrl\":\"http:\\\/\\\/www.muyjujuy.com\\\/wp-content\\\/uploads\\\/2022\\\/05\\\/logo-mobil-jujuy.png\",\"width\":174,\"height\":81,\"caption\":\"Muy Jujuy\"},\"image\":{\"@id\":\"https:\\\/\\\/www.muyjujuy.com\\\/#\\\/schema\\\/logo\\\/image\\\/\"},\"sameAs\":[\"https:\\\/\\\/www.facebook.com\\\/muyjujuycom\",\"https:\\\/\\\/x.com\\\/muyjujuy\",\"https:\\\/\\\/www.instagram.com\\\/muyjujuycom\"]},{\"@type\":\"Person\",\"@id\":\"https:\\\/\\\/www.muyjujuy.com\\\/#\\\/schema\\\/person\\\/a3b63db1f387ec4149299954904c5bf0\",\"name\":\"admin\",\"image\":{\"@type\":\"ImageObject\",\"inLanguage\":\"es-AR\",\"@id\":\"https:\\\/\\\/secure.gravatar.com\\\/avatar\\\/b6e63d8d3a73633362405a0ad27e9c28391755813b59886f19a99d6cef8a03fc?s=96&d=mm&r=g\",\"url\":\"https:\\\/\\\/secure.gravatar.com\\\/avatar\\\/b6e63d8d3a73633362405a0ad27e9c28391755813b59886f19a99d6cef8a03fc?s=96&d=mm&r=g\",\"contentUrl\":\"https:\\\/\\\/secure.gravatar.com\\\/avatar\\\/b6e63d8d3a73633362405a0ad27e9c28391755813b59886f19a99d6cef8a03fc?s=96&d=mm&r=g\",\"caption\":\"admin\"},\"url\":\"https:\\\/\\\/www.muyjujuy.com\\\/index.php\\\/author\\\/soyeleditor\\\/\"}]}<\/script>\n<!-- \/ Yoast SEO plugin. -->","yoast_head_json":{"title":"El Tren Solar presenta una elevada demanda de reservas para la temporada invernal - Muy Jujuy","robots":{"index":"index","follow":"follow","max-snippet":"max-snippet:-1","max-image-preview":"max-image-preview:large","max-video-preview":"max-video-preview:-1"},"canonical":"https:\/\/www.muyjujuy.com\/index.php\/2025\/06\/13\/el-tren-solar-presenta-una-elevada-demanda-de-reservas-para-la-temporada-invernal\/","og_locale":"es_ES","og_type":"article","og_title":"El Tren Solar presenta una elevada demanda de reservas para la temporada invernal - Muy Jujuy","og_description":"Comienza la cuenta regresiva para el invierno, y cada vez son m\u00e1s los visitantes que optan por recorrer los paisajes de la Quebrada a bordo de este innovador medio de transporte. En v\u00edsperas del receso invernal, el Tren Solar de la Quebrada ya muestra un importante nivel de reservas anticipadas, reflejando la creciente atracci\u00f3n que [&hellip;]","og_url":"https:\/\/www.muyjujuy.com\/index.php\/2025\/06\/13\/el-tren-solar-presenta-una-elevada-demanda-de-reservas-para-la-temporada-invernal\/","og_site_name":"Muy Jujuy","article_publisher":"https:\/\/www.facebook.com\/muyjujuycom","article_published_time":"2025-06-13T20:31:37+00:00","author":"admin","twitter_card":"summary_large_image","twitter_creator":"@muyjujuy","twitter_site":"@muyjujuy","twitter_misc":{"Escrito por":"admin","Tiempo de lectura":"3 minutos"},"schema":{"@context":"https:\/\/schema.org","@graph":[{"@type":"Article","@id":"https:\/\/www.muyjujuy.com\/index.php\/2025\/06\/13\/el-tren-solar-presenta-una-elevada-demanda-de-reservas-para-la-temporada-invernal\/#article","isPartOf":{"@id":"https:\/\/www.muyjujuy.com\/index.php\/2025\/06\/13\/el-tren-solar-presenta-una-elevada-demanda-de-reservas-para-la-temporada-invernal\/"},"author":{"name":"admin","@id":"https:\/\/www.muyjujuy.com\/#\/schema\/person\/a3b63db1f387ec4149299954904c5bf0"},"headline":"El Tren Solar presenta una elevada demanda de reservas para la temporada invernal","datePublished":"2025-06-13T20:31:37+00:00","mainEntityOfPage":{"@id":"https:\/\/www.muyjujuy.com\/index.php\/2025\/06\/13\/el-tren-solar-presenta-una-elevada-demanda-de-reservas-para-la-temporada-invernal\/"},"wordCount":564,"commentCount":0,"publisher":{"@id":"https:\/\/www.muyjujuy.com\/#organization"},"image":{"@id":"https:\/\/www.muyjujuy.com\/index.php\/2025\/06\/13\/el-tren-solar-presenta-una-elevada-demanda-de-reservas-para-la-temporada-invernal\/#primaryimage"},"thumbnailUrl":"https:\/\/www.muyjujuy.com\/wp-content\/uploads\/2025\/06\/TREN.jpg","articleSection":["JUJUY","Sociedad"],"inLanguage":"es-AR","potentialAction":[{"@type":"CommentAction","name":"Comment","target":["https:\/\/www.muyjujuy.com\/index.php\/2025\/06\/13\/el-tren-solar-presenta-una-elevada-demanda-de-reservas-para-la-temporada-invernal\/#respond"]}]},{"@type":"WebPage","@id":"https:\/\/www.muyjujuy.com\/index.php\/2025\/06\/13\/el-tren-solar-presenta-una-elevada-demanda-de-reservas-para-la-temporada-invernal\/","url":"https:\/\/www.muyjujuy.com\/index.php\/2025\/06\/13\/el-tren-solar-presenta-una-elevada-demanda-de-reservas-para-la-temporada-invernal\/","name":"El Tren Solar presenta una elevada demanda de reservas para la temporada invernal - Muy Jujuy","isPartOf":{"@id":"https:\/\/www.muyjujuy.com\/#website"},"primaryImageOfPage":{"@id":"https:\/\/www.muyjujuy.com\/index.php\/2025\/06\/13\/el-tren-solar-presenta-una-elevada-demanda-de-reservas-para-la-temporada-invernal\/#primaryimage"},"image":{"@id":"https:\/\/www.muyjujuy.com\/index.php\/2025\/06\/13\/el-tren-solar-presenta-una-elevada-demanda-de-reservas-para-la-temporada-invernal\/#primaryimage"},"thumbnailUrl":"https:\/\/www.muyjujuy.com\/wp-content\/uploads\/2025\/06\/TREN.jpg","datePublished":"2025-06-13T20:31:37+00:00","breadcrumb":{"@id":"https:\/\/www.muyjujuy.com\/index.php\/2025\/06\/13\/el-tren-solar-presenta-una-elevada-demanda-de-reservas-para-la-temporada-invernal\/#breadcrumb"},"inLanguage":"es-AR","potentialAction":[{"@type":"ReadAction","target":["https:\/\/www.muyjujuy.com\/index.php\/2025\/06\/13\/el-tren-solar-presenta-una-elevada-demanda-de-reservas-para-la-temporada-invernal\/"]}]},{"@type":"ImageObject","inLanguage":"es-AR","@id":"https:\/\/www.muyjujuy.com\/index.php\/2025\/06\/13\/el-tren-solar-presenta-una-elevada-demanda-de-reservas-para-la-temporada-invernal\/#primaryimage","url":"https:\/\/www.muyjujuy.com\/wp-content\/uploads\/2025\/06\/TREN.jpg","contentUrl":"https:\/\/www.muyjujuy.com\/wp-content\/uploads\/2025\/06\/TREN.jpg","width":875,"height":476},{"@type":"BreadcrumbList","@id":"https:\/\/www.muyjujuy.com\/index.php\/2025\/06\/13\/el-tren-solar-presenta-una-elevada-demanda-de-reservas-para-la-temporada-invernal\/#breadcrumb","itemListElement":[{"@type":"ListItem","position":1,"name":"Inicio","item":"https:\/\/www.muyjujuy.com\/"},{"@type":"ListItem","position":2,"name":"El Tren Solar presenta una elevada demanda de reservas para la temporada invernal"}]},{"@type":"WebSite","@id":"https:\/\/www.muyjujuy.com\/#website","url":"https:\/\/www.muyjujuy.com\/","name":"Muy Jujuy","description":"","publisher":{"@id":"https:\/\/www.muyjujuy.com\/#organization"},"potentialAction":[{"@type":"SearchAction","target":{"@type":"EntryPoint","urlTemplate":"https:\/\/www.muyjujuy.com\/?s={search_term_string}"},"query-input":{"@type":"PropertyValueSpecification","valueRequired":true,"valueName":"search_term_string"}}],"inLanguage":"es-AR"},{"@type":"Organization","@id":"https:\/\/www.muyjujuy.com\/#organization","name":"Muy Jujuy","url":"https:\/\/www.muyjujuy.com\/","logo":{"@type":"ImageObject","inLanguage":"es-AR","@id":"https:\/\/www.muyjujuy.com\/#\/schema\/logo\/image\/","url":"http:\/\/www.muyjujuy.com\/wp-content\/uploads\/2022\/05\/logo-mobil-jujuy.png","contentUrl":"http:\/\/www.muyjujuy.com\/wp-content\/uploads\/2022\/05\/logo-mobil-jujuy.png","width":174,"height":81,"caption":"Muy Jujuy"},"image":{"@id":"https:\/\/www.muyjujuy.com\/#\/schema\/logo\/image\/"},"sameAs":["https:\/\/www.facebook.com\/muyjujuycom","https:\/\/x.com\/muyjujuy","https:\/\/www.instagram.com\/muyjujuycom"]},{"@type":"Person","@id":"https:\/\/www.muyjujuy.com\/#\/schema\/person\/a3b63db1f387ec4149299954904c5bf0","name":"admin","image":{"@type":"ImageObject","inLanguage":"es-AR","@id":"https:\/\/secure.gravatar.com\/avatar\/b6e63d8d3a73633362405a0ad27e9c28391755813b59886f19a99d6cef8a03fc?s=96&d=mm&r=g","url":"https:\/\/secure.gravatar.com\/avatar\/b6e63d8d3a73633362405a0ad27e9c28391755813b59886f19a99d6cef8a03fc?s=96&d=mm&r=g","contentUrl":"https:\/\/secure.gravatar.com\/avatar\/b6e63d8d3a73633362405a0ad27e9c28391755813b59886f19a99d6cef8a03fc?s=96&d=mm&r=g","caption":"admin"},"url":"https:\/\/www.muyjujuy.com\/index.php\/author\/soyeleditor\/"}]}},"_links":{"self":[{"href":"https:\/\/www.muyjujuy.com\/index.php\/wp-json\/wp\/v2\/posts\/2571","targetHints":{"allow":["GET"]}}],"collection":[{"href":"https:\/\/www.muyjujuy.com\/index.php\/wp-json\/wp\/v2\/posts"}],"about":[{"href":"https:\/\/www.muyjujuy.com\/index.php\/wp-json\/wp\/v2\/types\/post"}],"author":[{"embeddable":true,"href":"https:\/\/www.muyjujuy.com\/index.php\/wp-json\/wp\/v2\/users\/1"}],"replies":[{"embeddable":true,"href":"https:\/\/www.muyjujuy.com\/index.php\/wp-json\/wp\/v2\/comments?post=2571"}],"version-history":[{"count":1,"href":"https:\/\/www.muyjujuy.com\/index.php\/wp-json\/wp\/v2\/posts\/2571\/revisions"}],"predecessor-version":[{"id":2573,"href":"https:\/\/www.muyjujuy.com\/index.php\/wp-json\/wp\/v2\/posts\/2571\/revisions\/2573"}],"wp:featuredmedia":[{"embeddable":true,"href":"https:\/\/www.muyjujuy.com\/index.php\/wp-json\/wp\/v2\/media\/2572"}],"wp:attachment":[{"href":"https:\/\/www.muyjujuy.com\/index.php\/wp-json\/wp\/v2\/media?parent=2571"}],"wp:term":[{"taxonomy":"category","embeddable":true,"href":"https:\/\/www.muyjujuy.com\/index.php\/wp-json\/wp\/v2\/categories?post=2571"},{"taxonomy":"post_tag","embeddable":true,"href":"https:\/\/www.muyjujuy.com\/index.php\/wp-json\/wp\/v2\/tags?post=2571"}],"curies":[{"name":"wp","href":"https:\/\/api.w.org\/{rel}","templated":true}]}}