{"id":2575,"date":"2025-06-17T10:03:00","date_gmt":"2025-06-17T13:03:00","guid":{"rendered":"https:\/\/www.muyjujuy.com\/?p=2575"},"modified":"2025-06-17T10:03:00","modified_gmt":"2025-06-17T13:03:00","slug":"elecciones-legislativas-de-octubre-en-jujuy-habra-una-capacitacion-masiva-para-el-uso-de-la-boleta-unica-papel","status":"publish","type":"post","link":"https:\/\/www.muyjujuy.com\/index.php\/2025\/06\/17\/elecciones-legislativas-de-octubre-en-jujuy-habra-una-capacitacion-masiva-para-el-uso-de-la-boleta-unica-papel\/","title":{"rendered":"Elecciones legislativas de octubre en Jujuy: habr\u00e1 una capacitaci\u00f3n masiva para el uso de la Boleta \u00danica Papel"},"content":{"rendered":"\n<p>El <strong>Secretario del Tribunal Electoral Federal<\/strong>, <strong>Dr. Manuel \u00c1lvarez del Rivero<\/strong>, confirm\u00f3 que la provincia se encuentra en plena preparaci\u00f3n para implementar por primera vez el sistema de <strong>boleta \u00fanica papel<\/strong> en los comicios legislativos del mes de octubre.<\/p>\n\n\n\n<p>Con el calendario electoral nacional ya en marcha, <strong>Jujuy<\/strong> se encamina hacia una transformaci\u00f3n significativa en su modalidad de votaci\u00f3n: se utilizar\u00e1, por primera vez, la <strong>boleta \u00fanica en formato papel<\/strong> para seleccionar representantes a la <strong>C\u00e1mara de Diputados de la Naci\u00f3n<\/strong>. As\u00ed lo manifest\u00f3 el Dr. \u00c1lvarez del Rivero, quien anunci\u00f3 la puesta en marcha de una <strong>extensa campa\u00f1a de formaci\u00f3n ciudadana<\/strong> para familiarizar al electorado con esta nueva modalidad.<\/p>\n\n\n\n<p><strong>\u201cEstamos avanzando con convicci\u00f3n en la incorporaci\u00f3n de esta herramienta mediante la cual todos los ciudadanos argentinos elegiremos a nuestros legisladores nacionales este a\u00f1o\u201d,<\/strong> se\u00f1al\u00f3 el secretario. <strong>\u201cEs un cambio importante que requiere una preparaci\u00f3n adecuada, especialmente para que cada votante sepa c\u00f3mo emitir su voto correctamente\u201d<\/strong>, agreg\u00f3.<\/p>\n\n\n\n<p>El funcionario explic\u00f3 que la implementaci\u00f3n de la <strong>boleta \u00fanica papel (BUP)<\/strong> fue establecida por la <strong>Ley 27.781<\/strong>, y representa un avance hacia procesos electorales m\u00e1s <strong>claros y eficaces<\/strong>. A diferencia del sistema tradicional con m\u00faltiples boletas partidarias, esta vez el elector recibir\u00e1 una \u00fanica boleta oficial que reunir\u00e1 a todas las listas, y deber\u00e1 <strong>se\u00f1alar con una X u otro signo visible el casillero correspondiente<\/strong> a su preferencia.<\/p>\n\n\n\n<p><strong>\u201cNo habr\u00e1 sobre ni cuarto oscuro como los conoc\u00edamos. La opci\u00f3n elegida se marcar\u00e1 directamente en la boleta. Por eso, vamos a desplegar un esfuerzo de capacitaci\u00f3n importante, para que el votante llegue al d\u00eda de la elecci\u00f3n sabiendo c\u00f3mo usar este sistema\u201d<\/strong>, indic\u00f3 \u00c1lvarez del Rivero.<\/p>\n\n\n\n<p><strong>Capacitaci\u00f3n en toda la provincia<\/strong><\/p>\n\n\n\n<p>El plan del <strong>Tribunal Electoral<\/strong> contempla la distribuci\u00f3n de <strong>materiales did\u00e1cticos y audiovisuales<\/strong>, as\u00ed como la realizaci\u00f3n de <strong>instancias presenciales<\/strong> en diversos puntos del territorio juje\u00f1o. <strong>\u201cNuestro objetivo es recorrer toda la provincia, mostrar las boletas modelo, explicar en detalle c\u00f3mo se vota y resolver cualquier inquietud. Esta tarea formativa es una responsabilidad compartida con el Poder Ejecutivo Nacional, y ya estamos coordinando acciones para dar inicio en julio\u201d<\/strong>, explic\u00f3.<\/p>\n\n\n\n<p>El secretario remarc\u00f3 que el esquema anterior era <strong>seguro y transparente<\/strong>, y aclar\u00f3 que esta modificaci\u00f3n <strong>no responde a falencias<\/strong>, sino a una <strong>b\u00fasqueda de perfeccionamiento institucional<\/strong>.<\/p>\n\n\n\n<p><strong>\u201cArgentina tiene un sistema democr\u00e1tico s\u00f3lido, y los resultados electorales gozan de amplia legitimidad. Esta boleta nueva contribuye a clarificar la oferta pol\u00edtica, mejora la organizaci\u00f3n del acto electoral y facilita el control del proceso por parte de los fiscales\u201d<\/strong>, sostuvo.<\/p>\n\n\n\n<p><strong>Resultados y expectativas<\/strong><\/p>\n\n\n\n<p>Consultado sobre el <strong>escrutinio provisorio<\/strong>, \u00c1lvarez del Rivero record\u00f3 que el mismo <strong>no tiene validez jur\u00eddica<\/strong> y est\u00e1 bajo la responsabilidad del <strong>Poder Ejecutivo Nacional<\/strong>, no del Judicial. Adem\u00e1s, la normativa establece que <strong>los resultados no podr\u00e1n divulgarse hasta tres horas despu\u00e9s del cierre de los comicios<\/strong>.<\/p>\n\n\n\n<p><strong>\u201cAl tratarse de la primera experiencia con esta modalidad, es posible que el conteo lleve algo m\u00e1s de tiempo. Las autoridades de mesa se enfrentar\u00e1n a un procedimiento nuevo, por lo que ser\u00e1 necesaria cierta tolerancia. Pero esa espera vale la pena si se trata de fortalecer la calidad del proceso democr\u00e1tico\u201d<\/strong>, concluy\u00f3.<\/p>\n","protected":false},"excerpt":{"rendered":"<p>El Secretario del Tribunal Electoral Federal, Dr. Manuel \u00c1lvarez del Rivero, confirm\u00f3 que la provincia se encuentra en plena preparaci\u00f3n para implementar por primera vez el sistema de boleta \u00fanica papel en los comicios legislativos del mes de octubre. Con el calendario electoral nacional ya en marcha, Jujuy se encamina hacia una transformaci\u00f3n significativa en [&hellip;]<\/p>\n","protected":false},"author":1,"featured_media":2576,"comment_status":"open","ping_status":"open","sticky":false,"template":"","format":"standard","meta":{"footnotes":""},"categories":[863,24],"tags":[],"class_list":{"0":"post-2575","1":"post","2":"type-post","3":"status-publish","4":"format-standard","5":"has-post-thumbnail","7":"category-jujuy","8":"category-politica"},"yoast_head":"<!-- This site is optimized with the Yoast SEO plugin v27.5 - https:\/\/yoast.com\/product\/yoast-seo-wordpress\/ -->\n<title>Elecciones legislativas de octubre en Jujuy: habr\u00e1 una capacitaci\u00f3n masiva para el uso de la Boleta \u00danica Papel - Muy Jujuy<\/title>\n<meta name=\"robots\" content=\"index, follow, max-snippet:-1, max-image-preview:large, max-video-preview:-1\" \/>\n<link rel=\"canonical\" href=\"https:\/\/www.muyjujuy.com\/index.php\/2025\/06\/17\/elecciones-legislativas-de-octubre-en-jujuy-habra-una-capacitacion-masiva-para-el-uso-de-la-boleta-unica-papel\/\" \/>\n<meta property=\"og:locale\" content=\"es_ES\" \/>\n<meta property=\"og:type\" content=\"article\" \/>\n<meta property=\"og:title\" content=\"Elecciones legislativas de octubre en Jujuy: habr\u00e1 una capacitaci\u00f3n masiva para el uso de la Boleta \u00danica Papel - Muy Jujuy\" \/>\n<meta property=\"og:description\" content=\"El Secretario del Tribunal Electoral Federal, Dr. Manuel \u00c1lvarez del Rivero, confirm\u00f3 que la provincia se encuentra en plena preparaci\u00f3n para implementar por primera vez el sistema de boleta \u00fanica papel en los comicios legislativos del mes de octubre. Con el calendario electoral nacional ya en marcha, Jujuy se encamina hacia una transformaci\u00f3n significativa en [&hellip;]\" \/>\n<meta property=\"og:url\" content=\"https:\/\/www.muyjujuy.com\/index.php\/2025\/06\/17\/elecciones-legislativas-de-octubre-en-jujuy-habra-una-capacitacion-masiva-para-el-uso-de-la-boleta-unica-papel\/\" \/>\n<meta property=\"og:site_name\" content=\"Muy Jujuy\" \/>\n<meta property=\"article:publisher\" content=\"https:\/\/www.facebook.com\/muyjujuycom\" \/>\n<meta property=\"article:published_time\" content=\"2025-06-17T13:03:00+00:00\" \/>\n<meta name=\"author\" content=\"admin\" \/>\n<meta name=\"twitter:card\" content=\"summary_large_image\" \/>\n<meta name=\"twitter:creator\" content=\"@muyjujuy\" \/>\n<meta name=\"twitter:site\" content=\"@muyjujuy\" \/>\n<meta name=\"twitter:label1\" content=\"Escrito por\" \/>\n\t<meta name=\"twitter:data1\" content=\"admin\" \/>\n\t<meta name=\"twitter:label2\" content=\"Tiempo de lectura\" \/>\n\t<meta name=\"twitter:data2\" content=\"3 minutos\" \/>\n<script type=\"application\/ld+json\" class=\"yoast-schema-graph\">{\"@context\":\"https:\\\/\\\/schema.org\",\"@graph\":[{\"@type\":\"Article\",\"@id\":\"https:\\\/\\\/www.muyjujuy.com\\\/index.php\\\/2025\\\/06\\\/17\\\/elecciones-legislativas-de-octubre-en-jujuy-habra-una-capacitacion-masiva-para-el-uso-de-la-boleta-unica-papel\\\/#article\",\"isPartOf\":{\"@id\":\"https:\\\/\\\/www.muyjujuy.com\\\/index.php\\\/2025\\\/06\\\/17\\\/elecciones-legislativas-de-octubre-en-jujuy-habra-una-capacitacion-masiva-para-el-uso-de-la-boleta-unica-papel\\\/\"},\"author\":{\"name\":\"admin\",\"@id\":\"https:\\\/\\\/www.muyjujuy.com\\\/#\\\/schema\\\/person\\\/a3b63db1f387ec4149299954904c5bf0\"},\"headline\":\"Elecciones legislativas de octubre en Jujuy: habr\u00e1 una capacitaci\u00f3n masiva para el uso de la Boleta \u00danica Papel\",\"datePublished\":\"2025-06-17T13:03:00+00:00\",\"mainEntityOfPage\":{\"@id\":\"https:\\\/\\\/www.muyjujuy.com\\\/index.php\\\/2025\\\/06\\\/17\\\/elecciones-legislativas-de-octubre-en-jujuy-habra-una-capacitacion-masiva-para-el-uso-de-la-boleta-unica-papel\\\/\"},\"wordCount\":580,\"commentCount\":0,\"publisher\":{\"@id\":\"https:\\\/\\\/www.muyjujuy.com\\\/#organization\"},\"image\":{\"@id\":\"https:\\\/\\\/www.muyjujuy.com\\\/index.php\\\/2025\\\/06\\\/17\\\/elecciones-legislativas-de-octubre-en-jujuy-habra-una-capacitacion-masiva-para-el-uso-de-la-boleta-unica-papel\\\/#primaryimage\"},\"thumbnailUrl\":\"https:\\\/\\\/www.muyjujuy.com\\\/wp-content\\\/uploads\\\/2025\\\/06\\\/BOLETA.jpg\",\"articleSection\":[\"JUJUY\",\"Pol\u00edtica\"],\"inLanguage\":\"es-AR\",\"potentialAction\":[{\"@type\":\"CommentAction\",\"name\":\"Comment\",\"target\":[\"https:\\\/\\\/www.muyjujuy.com\\\/index.php\\\/2025\\\/06\\\/17\\\/elecciones-legislativas-de-octubre-en-jujuy-habra-una-capacitacion-masiva-para-el-uso-de-la-boleta-unica-papel\\\/#respond\"]}]},{\"@type\":\"WebPage\",\"@id\":\"https:\\\/\\\/www.muyjujuy.com\\\/index.php\\\/2025\\\/06\\\/17\\\/elecciones-legislativas-de-octubre-en-jujuy-habra-una-capacitacion-masiva-para-el-uso-de-la-boleta-unica-papel\\\/\",\"url\":\"https:\\\/\\\/www.muyjujuy.com\\\/index.php\\\/2025\\\/06\\\/17\\\/elecciones-legislativas-de-octubre-en-jujuy-habra-una-capacitacion-masiva-para-el-uso-de-la-boleta-unica-papel\\\/\",\"name\":\"Elecciones legislativas de octubre en Jujuy: habr\u00e1 una capacitaci\u00f3n masiva para el uso de la Boleta \u00danica Papel - Muy Jujuy\",\"isPartOf\":{\"@id\":\"https:\\\/\\\/www.muyjujuy.com\\\/#website\"},\"primaryImageOfPage\":{\"@id\":\"https:\\\/\\\/www.muyjujuy.com\\\/index.php\\\/2025\\\/06\\\/17\\\/elecciones-legislativas-de-octubre-en-jujuy-habra-una-capacitacion-masiva-para-el-uso-de-la-boleta-unica-papel\\\/#primaryimage\"},\"image\":{\"@id\":\"https:\\\/\\\/www.muyjujuy.com\\\/index.php\\\/2025\\\/06\\\/17\\\/elecciones-legislativas-de-octubre-en-jujuy-habra-una-capacitacion-masiva-para-el-uso-de-la-boleta-unica-papel\\\/#primaryimage\"},\"thumbnailUrl\":\"https:\\\/\\\/www.muyjujuy.com\\\/wp-content\\\/uploads\\\/2025\\\/06\\\/BOLETA.jpg\",\"datePublished\":\"2025-06-17T13:03:00+00:00\",\"breadcrumb\":{\"@id\":\"https:\\\/\\\/www.muyjujuy.com\\\/index.php\\\/2025\\\/06\\\/17\\\/elecciones-legislativas-de-octubre-en-jujuy-habra-una-capacitacion-masiva-para-el-uso-de-la-boleta-unica-papel\\\/#breadcrumb\"},\"inLanguage\":\"es-AR\",\"potentialAction\":[{\"@type\":\"ReadAction\",\"target\":[\"https:\\\/\\\/www.muyjujuy.com\\\/index.php\\\/2025\\\/06\\\/17\\\/elecciones-legislativas-de-octubre-en-jujuy-habra-una-capacitacion-masiva-para-el-uso-de-la-boleta-unica-papel\\\/\"]}]},{\"@type\":\"ImageObject\",\"inLanguage\":\"es-AR\",\"@id\":\"https:\\\/\\\/www.muyjujuy.com\\\/index.php\\\/2025\\\/06\\\/17\\\/elecciones-legislativas-de-octubre-en-jujuy-habra-una-capacitacion-masiva-para-el-uso-de-la-boleta-unica-papel\\\/#primaryimage\",\"url\":\"https:\\\/\\\/www.muyjujuy.com\\\/wp-content\\\/uploads\\\/2025\\\/06\\\/BOLETA.jpg\",\"contentUrl\":\"https:\\\/\\\/www.muyjujuy.com\\\/wp-content\\\/uploads\\\/2025\\\/06\\\/BOLETA.jpg\",\"width\":861,\"height\":498},{\"@type\":\"BreadcrumbList\",\"@id\":\"https:\\\/\\\/www.muyjujuy.com\\\/index.php\\\/2025\\\/06\\\/17\\\/elecciones-legislativas-de-octubre-en-jujuy-habra-una-capacitacion-masiva-para-el-uso-de-la-boleta-unica-papel\\\/#breadcrumb\",\"itemListElement\":[{\"@type\":\"ListItem\",\"position\":1,\"name\":\"Inicio\",\"item\":\"https:\\\/\\\/www.muyjujuy.com\\\/\"},{\"@type\":\"ListItem\",\"position\":2,\"name\":\"Elecciones legislativas de octubre en Jujuy: habr\u00e1 una capacitaci\u00f3n masiva para el uso de la Boleta \u00danica Papel\"}]},{\"@type\":\"WebSite\",\"@id\":\"https:\\\/\\\/www.muyjujuy.com\\\/#website\",\"url\":\"https:\\\/\\\/www.muyjujuy.com\\\/\",\"name\":\"Muy Jujuy\",\"description\":\"\",\"publisher\":{\"@id\":\"https:\\\/\\\/www.muyjujuy.com\\\/#organization\"},\"potentialAction\":[{\"@type\":\"SearchAction\",\"target\":{\"@type\":\"EntryPoint\",\"urlTemplate\":\"https:\\\/\\\/www.muyjujuy.com\\\/?s={search_term_string}\"},\"query-input\":{\"@type\":\"PropertyValueSpecification\",\"valueRequired\":true,\"valueName\":\"search_term_string\"}}],\"inLanguage\":\"es-AR\"},{\"@type\":\"Organization\",\"@id\":\"https:\\\/\\\/www.muyjujuy.com\\\/#organization\",\"name\":\"Muy Jujuy\",\"url\":\"https:\\\/\\\/www.muyjujuy.com\\\/\",\"logo\":{\"@type\":\"ImageObject\",\"inLanguage\":\"es-AR\",\"@id\":\"https:\\\/\\\/www.muyjujuy.com\\\/#\\\/schema\\\/logo\\\/image\\\/\",\"url\":\"http:\\\/\\\/www.muyjujuy.com\\\/wp-content\\\/uploads\\\/2022\\\/05\\\/logo-mobil-jujuy.png\",\"contentUrl\":\"http:\\\/\\\/www.muyjujuy.com\\\/wp-content\\\/uploads\\\/2022\\\/05\\\/logo-mobil-jujuy.png\",\"width\":174,\"height\":81,\"caption\":\"Muy Jujuy\"},\"image\":{\"@id\":\"https:\\\/\\\/www.muyjujuy.com\\\/#\\\/schema\\\/logo\\\/image\\\/\"},\"sameAs\":[\"https:\\\/\\\/www.facebook.com\\\/muyjujuycom\",\"https:\\\/\\\/x.com\\\/muyjujuy\",\"https:\\\/\\\/www.instagram.com\\\/muyjujuycom\"]},{\"@type\":\"Person\",\"@id\":\"https:\\\/\\\/www.muyjujuy.com\\\/#\\\/schema\\\/person\\\/a3b63db1f387ec4149299954904c5bf0\",\"name\":\"admin\",\"image\":{\"@type\":\"ImageObject\",\"inLanguage\":\"es-AR\",\"@id\":\"https:\\\/\\\/secure.gravatar.com\\\/avatar\\\/b6e63d8d3a73633362405a0ad27e9c28391755813b59886f19a99d6cef8a03fc?s=96&d=mm&r=g\",\"url\":\"https:\\\/\\\/secure.gravatar.com\\\/avatar\\\/b6e63d8d3a73633362405a0ad27e9c28391755813b59886f19a99d6cef8a03fc?s=96&d=mm&r=g\",\"contentUrl\":\"https:\\\/\\\/secure.gravatar.com\\\/avatar\\\/b6e63d8d3a73633362405a0ad27e9c28391755813b59886f19a99d6cef8a03fc?s=96&d=mm&r=g\",\"caption\":\"admin\"},\"url\":\"https:\\\/\\\/www.muyjujuy.com\\\/index.php\\\/author\\\/soyeleditor\\\/\"}]}<\/script>\n<!-- \/ Yoast SEO plugin. -->","yoast_head_json":{"title":"Elecciones legislativas de octubre en Jujuy: habr\u00e1 una capacitaci\u00f3n masiva para el uso de la Boleta \u00danica Papel - Muy Jujuy","robots":{"index":"index","follow":"follow","max-snippet":"max-snippet:-1","max-image-preview":"max-image-preview:large","max-video-preview":"max-video-preview:-1"},"canonical":"https:\/\/www.muyjujuy.com\/index.php\/2025\/06\/17\/elecciones-legislativas-de-octubre-en-jujuy-habra-una-capacitacion-masiva-para-el-uso-de-la-boleta-unica-papel\/","og_locale":"es_ES","og_type":"article","og_title":"Elecciones legislativas de octubre en Jujuy: habr\u00e1 una capacitaci\u00f3n masiva para el uso de la Boleta \u00danica Papel - Muy Jujuy","og_description":"El Secretario del Tribunal Electoral Federal, Dr. Manuel \u00c1lvarez del Rivero, confirm\u00f3 que la provincia se encuentra en plena preparaci\u00f3n para implementar por primera vez el sistema de boleta \u00fanica papel en los comicios legislativos del mes de octubre. Con el calendario electoral nacional ya en marcha, Jujuy se encamina hacia una transformaci\u00f3n significativa en [&hellip;]","og_url":"https:\/\/www.muyjujuy.com\/index.php\/2025\/06\/17\/elecciones-legislativas-de-octubre-en-jujuy-habra-una-capacitacion-masiva-para-el-uso-de-la-boleta-unica-papel\/","og_site_name":"Muy Jujuy","article_publisher":"https:\/\/www.facebook.com\/muyjujuycom","article_published_time":"2025-06-17T13:03:00+00:00","author":"admin","twitter_card":"summary_large_image","twitter_creator":"@muyjujuy","twitter_site":"@muyjujuy","twitter_misc":{"Escrito por":"admin","Tiempo de lectura":"3 minutos"},"schema":{"@context":"https:\/\/schema.org","@graph":[{"@type":"Article","@id":"https:\/\/www.muyjujuy.com\/index.php\/2025\/06\/17\/elecciones-legislativas-de-octubre-en-jujuy-habra-una-capacitacion-masiva-para-el-uso-de-la-boleta-unica-papel\/#article","isPartOf":{"@id":"https:\/\/www.muyjujuy.com\/index.php\/2025\/06\/17\/elecciones-legislativas-de-octubre-en-jujuy-habra-una-capacitacion-masiva-para-el-uso-de-la-boleta-unica-papel\/"},"author":{"name":"admin","@id":"https:\/\/www.muyjujuy.com\/#\/schema\/person\/a3b63db1f387ec4149299954904c5bf0"},"headline":"Elecciones legislativas de octubre en Jujuy: habr\u00e1 una capacitaci\u00f3n masiva para el uso de la Boleta \u00danica Papel","datePublished":"2025-06-17T13:03:00+00:00","mainEntityOfPage":{"@id":"https:\/\/www.muyjujuy.com\/index.php\/2025\/06\/17\/elecciones-legislativas-de-octubre-en-jujuy-habra-una-capacitacion-masiva-para-el-uso-de-la-boleta-unica-papel\/"},"wordCount":580,"commentCount":0,"publisher":{"@id":"https:\/\/www.muyjujuy.com\/#organization"},"image":{"@id":"https:\/\/www.muyjujuy.com\/index.php\/2025\/06\/17\/elecciones-legislativas-de-octubre-en-jujuy-habra-una-capacitacion-masiva-para-el-uso-de-la-boleta-unica-papel\/#primaryimage"},"thumbnailUrl":"https:\/\/www.muyjujuy.com\/wp-content\/uploads\/2025\/06\/BOLETA.jpg","articleSection":["JUJUY","Pol\u00edtica"],"inLanguage":"es-AR","potentialAction":[{"@type":"CommentAction","name":"Comment","target":["https:\/\/www.muyjujuy.com\/index.php\/2025\/06\/17\/elecciones-legislativas-de-octubre-en-jujuy-habra-una-capacitacion-masiva-para-el-uso-de-la-boleta-unica-papel\/#respond"]}]},{"@type":"WebPage","@id":"https:\/\/www.muyjujuy.com\/index.php\/2025\/06\/17\/elecciones-legislativas-de-octubre-en-jujuy-habra-una-capacitacion-masiva-para-el-uso-de-la-boleta-unica-papel\/","url":"https:\/\/www.muyjujuy.com\/index.php\/2025\/06\/17\/elecciones-legislativas-de-octubre-en-jujuy-habra-una-capacitacion-masiva-para-el-uso-de-la-boleta-unica-papel\/","name":"Elecciones legislativas de octubre en Jujuy: habr\u00e1 una capacitaci\u00f3n masiva para el uso de la Boleta \u00danica Papel - Muy Jujuy","isPartOf":{"@id":"https:\/\/www.muyjujuy.com\/#website"},"primaryImageOfPage":{"@id":"https:\/\/www.muyjujuy.com\/index.php\/2025\/06\/17\/elecciones-legislativas-de-octubre-en-jujuy-habra-una-capacitacion-masiva-para-el-uso-de-la-boleta-unica-papel\/#primaryimage"},"image":{"@id":"https:\/\/www.muyjujuy.com\/index.php\/2025\/06\/17\/elecciones-legislativas-de-octubre-en-jujuy-habra-una-capacitacion-masiva-para-el-uso-de-la-boleta-unica-papel\/#primaryimage"},"thumbnailUrl":"https:\/\/www.muyjujuy.com\/wp-content\/uploads\/2025\/06\/BOLETA.jpg","datePublished":"2025-06-17T13:03:00+00:00","breadcrumb":{"@id":"https:\/\/www.muyjujuy.com\/index.php\/2025\/06\/17\/elecciones-legislativas-de-octubre-en-jujuy-habra-una-capacitacion-masiva-para-el-uso-de-la-boleta-unica-papel\/#breadcrumb"},"inLanguage":"es-AR","potentialAction":[{"@type":"ReadAction","target":["https:\/\/www.muyjujuy.com\/index.php\/2025\/06\/17\/elecciones-legislativas-de-octubre-en-jujuy-habra-una-capacitacion-masiva-para-el-uso-de-la-boleta-unica-papel\/"]}]},{"@type":"ImageObject","inLanguage":"es-AR","@id":"https:\/\/www.muyjujuy.com\/index.php\/2025\/06\/17\/elecciones-legislativas-de-octubre-en-jujuy-habra-una-capacitacion-masiva-para-el-uso-de-la-boleta-unica-papel\/#primaryimage","url":"https:\/\/www.muyjujuy.com\/wp-content\/uploads\/2025\/06\/BOLETA.jpg","contentUrl":"https:\/\/www.muyjujuy.com\/wp-content\/uploads\/2025\/06\/BOLETA.jpg","width":861,"height":498},{"@type":"BreadcrumbList","@id":"https:\/\/www.muyjujuy.com\/index.php\/2025\/06\/17\/elecciones-legislativas-de-octubre-en-jujuy-habra-una-capacitacion-masiva-para-el-uso-de-la-boleta-unica-papel\/#breadcrumb","itemListElement":[{"@type":"ListItem","position":1,"name":"Inicio","item":"https:\/\/www.muyjujuy.com\/"},{"@type":"ListItem","position":2,"name":"Elecciones legislativas de octubre en Jujuy: habr\u00e1 una capacitaci\u00f3n masiva para el uso de la Boleta \u00danica Papel"}]},{"@type":"WebSite","@id":"https:\/\/www.muyjujuy.com\/#website","url":"https:\/\/www.muyjujuy.com\/","name":"Muy Jujuy","description":"","publisher":{"@id":"https:\/\/www.muyjujuy.com\/#organization"},"potentialAction":[{"@type":"SearchAction","target":{"@type":"EntryPoint","urlTemplate":"https:\/\/www.muyjujuy.com\/?s={search_term_string}"},"query-input":{"@type":"PropertyValueSpecification","valueRequired":true,"valueName":"search_term_string"}}],"inLanguage":"es-AR"},{"@type":"Organization","@id":"https:\/\/www.muyjujuy.com\/#organization","name":"Muy Jujuy","url":"https:\/\/www.muyjujuy.com\/","logo":{"@type":"ImageObject","inLanguage":"es-AR","@id":"https:\/\/www.muyjujuy.com\/#\/schema\/logo\/image\/","url":"http:\/\/www.muyjujuy.com\/wp-content\/uploads\/2022\/05\/logo-mobil-jujuy.png","contentUrl":"http:\/\/www.muyjujuy.com\/wp-content\/uploads\/2022\/05\/logo-mobil-jujuy.png","width":174,"height":81,"caption":"Muy Jujuy"},"image":{"@id":"https:\/\/www.muyjujuy.com\/#\/schema\/logo\/image\/"},"sameAs":["https:\/\/www.facebook.com\/muyjujuycom","https:\/\/x.com\/muyjujuy","https:\/\/www.instagram.com\/muyjujuycom"]},{"@type":"Person","@id":"https:\/\/www.muyjujuy.com\/#\/schema\/person\/a3b63db1f387ec4149299954904c5bf0","name":"admin","image":{"@type":"ImageObject","inLanguage":"es-AR","@id":"https:\/\/secure.gravatar.com\/avatar\/b6e63d8d3a73633362405a0ad27e9c28391755813b59886f19a99d6cef8a03fc?s=96&d=mm&r=g","url":"https:\/\/secure.gravatar.com\/avatar\/b6e63d8d3a73633362405a0ad27e9c28391755813b59886f19a99d6cef8a03fc?s=96&d=mm&r=g","contentUrl":"https:\/\/secure.gravatar.com\/avatar\/b6e63d8d3a73633362405a0ad27e9c28391755813b59886f19a99d6cef8a03fc?s=96&d=mm&r=g","caption":"admin"},"url":"https:\/\/www.muyjujuy.com\/index.php\/author\/soyeleditor\/"}]}},"_links":{"self":[{"href":"https:\/\/www.muyjujuy.com\/index.php\/wp-json\/wp\/v2\/posts\/2575","targetHints":{"allow":["GET"]}}],"collection":[{"href":"https:\/\/www.muyjujuy.com\/index.php\/wp-json\/wp\/v2\/posts"}],"about":[{"href":"https:\/\/www.muyjujuy.com\/index.php\/wp-json\/wp\/v2\/types\/post"}],"author":[{"embeddable":true,"href":"https:\/\/www.muyjujuy.com\/index.php\/wp-json\/wp\/v2\/users\/1"}],"replies":[{"embeddable":true,"href":"https:\/\/www.muyjujuy.com\/index.php\/wp-json\/wp\/v2\/comments?post=2575"}],"version-history":[{"count":1,"href":"https:\/\/www.muyjujuy.com\/index.php\/wp-json\/wp\/v2\/posts\/2575\/revisions"}],"predecessor-version":[{"id":2577,"href":"https:\/\/www.muyjujuy.com\/index.php\/wp-json\/wp\/v2\/posts\/2575\/revisions\/2577"}],"wp:featuredmedia":[{"embeddable":true,"href":"https:\/\/www.muyjujuy.com\/index.php\/wp-json\/wp\/v2\/media\/2576"}],"wp:attachment":[{"href":"https:\/\/www.muyjujuy.com\/index.php\/wp-json\/wp\/v2\/media?parent=2575"}],"wp:term":[{"taxonomy":"category","embeddable":true,"href":"https:\/\/www.muyjujuy.com\/index.php\/wp-json\/wp\/v2\/categories?post=2575"},{"taxonomy":"post_tag","embeddable":true,"href":"https:\/\/www.muyjujuy.com\/index.php\/wp-json\/wp\/v2\/tags?post=2575"}],"curies":[{"name":"wp","href":"https:\/\/api.w.org\/{rel}","templated":true}]}}