{"id":2578,"date":"2025-06-17T10:10:29","date_gmt":"2025-06-17T13:10:29","guid":{"rendered":"https:\/\/www.muyjujuy.com\/?p=2578"},"modified":"2025-06-17T10:10:29","modified_gmt":"2025-06-17T13:10:29","slug":"jujuy-basquet-presento-a-guillermo-tasso-como-su-nuevo-director-tecnico","status":"publish","type":"post","link":"https:\/\/www.muyjujuy.com\/index.php\/2025\/06\/17\/jujuy-basquet-presento-a-guillermo-tasso-como-su-nuevo-director-tecnico\/","title":{"rendered":"Jujuy B\u00e1squet present\u00f3 a Guillermo Tasso como su nuevo director t\u00e9cnico"},"content":{"rendered":"\n<p>Tras la salida de <strong>Fabi\u00e1n Daverio<\/strong>, el club decidi\u00f3 apostar por un entrenador con amplia experiencia internacional y un s\u00f3lido recorrido en el desarrollo formativo, con el objetivo de liderar una nueva etapa para el equipo.<\/p>\n\n\n\n<p>El pasado lunes, la dirigencia de <strong>Jujuy B\u00e1squet<\/strong> oficializ\u00f3 la llegada de <strong>Guillermo Tasso<\/strong> como nuevo entrenador principal. Su incorporaci\u00f3n se da en un contexto de reestructuraci\u00f3n y proyecci\u00f3n del proyecto deportivo, y se destaca por su extensa trayectoria tanto en el pa\u00eds como en el exterior.<\/p>\n\n\n\n<p>Su m\u00e1s reciente experiencia profesional fue como parte del staff t\u00e9cnico de los <strong>Tijuana Zonkeys<\/strong>, tricampeones del <strong>Circuito de Baloncesto de la Costa del Pac\u00edfico (CIBACOPA)<\/strong> en M\u00e9xico, donde se sum\u00f3 en el a\u00f1o 2025. No obstante, su carrera incluye m\u00faltiples experiencias relevantes m\u00e1s all\u00e1 de esa participaci\u00f3n.<\/p>\n\n\n\n<p>A nivel internacional, Tasso integr\u00f3 cuerpos t\u00e9cnicos en diferentes ligas de Am\u00e9rica Latina, con pasos destacados por los <strong>Huracanes de Tampico<\/strong> y <strong>Plateros de Fresnillo<\/strong> (M\u00e9xico), los <strong>Piratas de Bogot\u00e1<\/strong> (Colombia) y el <strong>Club Nacional de Oruro<\/strong> (Bolivia). En el plano nacional, se desempe\u00f1\u00f3 como asistente t\u00e9cnico en equipos como <strong>Regatas de Corrientes<\/strong>, <strong>La Uni\u00f3n de Formosa<\/strong> y <strong>Ciclista de Jun\u00edn<\/strong>, y fue entrenador principal en clubes como <strong>Independiente de Tandil<\/strong>, <strong>Sportivo Realic\u00f3 (La Pampa)<\/strong> y <strong>Rosario del Tala (Entre R\u00edos)<\/strong>.<\/p>\n\n\n\n<p>En paralelo, Tasso ha desarrollado una destacada labor en el \u00e1mbito formativo: fue <strong>asesor t\u00e9cnico de selecciones y programas de desarrollo en la Federaci\u00f3n Salvadore\u00f1a de Baloncesto<\/strong>, <strong>asistente de selecciones juveniles en la Confederaci\u00f3n Argentina de B\u00e1squetbol<\/strong> y <strong>entrenador en distintos programas de formaci\u00f3n a lo largo del pa\u00eds<\/strong>.<\/p>\n\n\n\n<p>Desde la dirigencia de <strong>Jujuy B\u00e1squet<\/strong> se destac\u00f3 que la incorporaci\u00f3n de Tasso implica <strong>\u201cuna apuesta por el desarrollo integral, la detecci\u00f3n de talentos y la consolidaci\u00f3n de un proyecto sustentable a largo plazo\u201d<\/strong>.<\/p>\n\n\n\n<p>El nuevo entrenador ya est\u00e1 instalado en la provincia y comenz\u00f3 con las tareas de planificaci\u00f3n de la pr\u00f3xima temporada. Los entrenamientos iniciales estar\u00e1n abocados a la <strong>evaluaci\u00f3n del plantel actual<\/strong>, la definici\u00f3n de <strong>posibles incorporaciones<\/strong> y la <strong>organizaci\u00f3n de la pretemporada<\/strong>, que iniciar\u00e1 en las pr\u00f3ximas semanas.<\/p>\n\n\n\n<p>Con la llegada de <strong>Guillermo Tasso<\/strong>, <strong>Jujuy B\u00e1squet<\/strong> abre un nuevo ciclo, poniendo el foco en la <strong>experiencia profesional y el desarrollo formativo<\/strong> como ejes centrales para su crecimiento deportivo.<\/p>\n","protected":false},"excerpt":{"rendered":"<p>Tras la salida de Fabi\u00e1n Daverio, el club decidi\u00f3 apostar por un entrenador con amplia experiencia internacional y un s\u00f3lido recorrido en el desarrollo formativo, con el objetivo de liderar una nueva etapa para el equipo. El pasado lunes, la dirigencia de Jujuy B\u00e1squet oficializ\u00f3 la llegada de Guillermo Tasso como nuevo entrenador principal. Su [&hellip;]<\/p>\n","protected":false},"author":1,"featured_media":2579,"comment_status":"open","ping_status":"open","sticky":false,"template":"","format":"standard","meta":{"footnotes":""},"categories":[26,863],"tags":[],"class_list":{"0":"post-2578","1":"post","2":"type-post","3":"status-publish","4":"format-standard","5":"has-post-thumbnail","7":"category-deportes","8":"category-jujuy"},"yoast_head":"<!-- This site is optimized with the Yoast SEO plugin v27.5 - https:\/\/yoast.com\/product\/yoast-seo-wordpress\/ -->\n<title>Jujuy B\u00e1squet present\u00f3 a Guillermo Tasso como su nuevo director t\u00e9cnico - Muy Jujuy<\/title>\n<meta name=\"robots\" content=\"index, follow, max-snippet:-1, max-image-preview:large, max-video-preview:-1\" \/>\n<link rel=\"canonical\" href=\"https:\/\/www.muyjujuy.com\/index.php\/2025\/06\/17\/jujuy-basquet-presento-a-guillermo-tasso-como-su-nuevo-director-tecnico\/\" \/>\n<meta property=\"og:locale\" content=\"es_ES\" \/>\n<meta property=\"og:type\" content=\"article\" \/>\n<meta property=\"og:title\" content=\"Jujuy B\u00e1squet present\u00f3 a Guillermo Tasso como su nuevo director t\u00e9cnico - Muy Jujuy\" \/>\n<meta property=\"og:description\" content=\"Tras la salida de Fabi\u00e1n Daverio, el club decidi\u00f3 apostar por un entrenador con amplia experiencia internacional y un s\u00f3lido recorrido en el desarrollo formativo, con el objetivo de liderar una nueva etapa para el equipo. El pasado lunes, la dirigencia de Jujuy B\u00e1squet oficializ\u00f3 la llegada de Guillermo Tasso como nuevo entrenador principal. Su [&hellip;]\" \/>\n<meta property=\"og:url\" content=\"https:\/\/www.muyjujuy.com\/index.php\/2025\/06\/17\/jujuy-basquet-presento-a-guillermo-tasso-como-su-nuevo-director-tecnico\/\" \/>\n<meta property=\"og:site_name\" content=\"Muy Jujuy\" \/>\n<meta property=\"article:publisher\" content=\"https:\/\/www.facebook.com\/muyjujuycom\" \/>\n<meta property=\"article:published_time\" content=\"2025-06-17T13:10:29+00:00\" \/>\n<meta name=\"author\" content=\"admin\" \/>\n<meta name=\"twitter:card\" content=\"summary_large_image\" \/>\n<meta name=\"twitter:creator\" content=\"@muyjujuy\" \/>\n<meta name=\"twitter:site\" content=\"@muyjujuy\" \/>\n<meta name=\"twitter:label1\" content=\"Escrito por\" \/>\n\t<meta name=\"twitter:data1\" content=\"admin\" \/>\n\t<meta name=\"twitter:label2\" content=\"Tiempo de lectura\" \/>\n\t<meta name=\"twitter:data2\" content=\"2 minutos\" \/>\n<script type=\"application\/ld+json\" class=\"yoast-schema-graph\">{\"@context\":\"https:\\\/\\\/schema.org\",\"@graph\":[{\"@type\":\"Article\",\"@id\":\"https:\\\/\\\/www.muyjujuy.com\\\/index.php\\\/2025\\\/06\\\/17\\\/jujuy-basquet-presento-a-guillermo-tasso-como-su-nuevo-director-tecnico\\\/#article\",\"isPartOf\":{\"@id\":\"https:\\\/\\\/www.muyjujuy.com\\\/index.php\\\/2025\\\/06\\\/17\\\/jujuy-basquet-presento-a-guillermo-tasso-como-su-nuevo-director-tecnico\\\/\"},\"author\":{\"name\":\"admin\",\"@id\":\"https:\\\/\\\/www.muyjujuy.com\\\/#\\\/schema\\\/person\\\/a3b63db1f387ec4149299954904c5bf0\"},\"headline\":\"Jujuy B\u00e1squet present\u00f3 a Guillermo Tasso como su nuevo director t\u00e9cnico\",\"datePublished\":\"2025-06-17T13:10:29+00:00\",\"mainEntityOfPage\":{\"@id\":\"https:\\\/\\\/www.muyjujuy.com\\\/index.php\\\/2025\\\/06\\\/17\\\/jujuy-basquet-presento-a-guillermo-tasso-como-su-nuevo-director-tecnico\\\/\"},\"wordCount\":426,\"commentCount\":0,\"publisher\":{\"@id\":\"https:\\\/\\\/www.muyjujuy.com\\\/#organization\"},\"image\":{\"@id\":\"https:\\\/\\\/www.muyjujuy.com\\\/index.php\\\/2025\\\/06\\\/17\\\/jujuy-basquet-presento-a-guillermo-tasso-como-su-nuevo-director-tecnico\\\/#primaryimage\"},\"thumbnailUrl\":\"https:\\\/\\\/www.muyjujuy.com\\\/wp-content\\\/uploads\\\/2025\\\/06\\\/BASQUET.jpg\",\"articleSection\":[\"Deportes\",\"JUJUY\"],\"inLanguage\":\"es-AR\",\"potentialAction\":[{\"@type\":\"CommentAction\",\"name\":\"Comment\",\"target\":[\"https:\\\/\\\/www.muyjujuy.com\\\/index.php\\\/2025\\\/06\\\/17\\\/jujuy-basquet-presento-a-guillermo-tasso-como-su-nuevo-director-tecnico\\\/#respond\"]}]},{\"@type\":\"WebPage\",\"@id\":\"https:\\\/\\\/www.muyjujuy.com\\\/index.php\\\/2025\\\/06\\\/17\\\/jujuy-basquet-presento-a-guillermo-tasso-como-su-nuevo-director-tecnico\\\/\",\"url\":\"https:\\\/\\\/www.muyjujuy.com\\\/index.php\\\/2025\\\/06\\\/17\\\/jujuy-basquet-presento-a-guillermo-tasso-como-su-nuevo-director-tecnico\\\/\",\"name\":\"Jujuy B\u00e1squet present\u00f3 a Guillermo Tasso como su nuevo director t\u00e9cnico - Muy Jujuy\",\"isPartOf\":{\"@id\":\"https:\\\/\\\/www.muyjujuy.com\\\/#website\"},\"primaryImageOfPage\":{\"@id\":\"https:\\\/\\\/www.muyjujuy.com\\\/index.php\\\/2025\\\/06\\\/17\\\/jujuy-basquet-presento-a-guillermo-tasso-como-su-nuevo-director-tecnico\\\/#primaryimage\"},\"image\":{\"@id\":\"https:\\\/\\\/www.muyjujuy.com\\\/index.php\\\/2025\\\/06\\\/17\\\/jujuy-basquet-presento-a-guillermo-tasso-como-su-nuevo-director-tecnico\\\/#primaryimage\"},\"thumbnailUrl\":\"https:\\\/\\\/www.muyjujuy.com\\\/wp-content\\\/uploads\\\/2025\\\/06\\\/BASQUET.jpg\",\"datePublished\":\"2025-06-17T13:10:29+00:00\",\"breadcrumb\":{\"@id\":\"https:\\\/\\\/www.muyjujuy.com\\\/index.php\\\/2025\\\/06\\\/17\\\/jujuy-basquet-presento-a-guillermo-tasso-como-su-nuevo-director-tecnico\\\/#breadcrumb\"},\"inLanguage\":\"es-AR\",\"potentialAction\":[{\"@type\":\"ReadAction\",\"target\":[\"https:\\\/\\\/www.muyjujuy.com\\\/index.php\\\/2025\\\/06\\\/17\\\/jujuy-basquet-presento-a-guillermo-tasso-como-su-nuevo-director-tecnico\\\/\"]}]},{\"@type\":\"ImageObject\",\"inLanguage\":\"es-AR\",\"@id\":\"https:\\\/\\\/www.muyjujuy.com\\\/index.php\\\/2025\\\/06\\\/17\\\/jujuy-basquet-presento-a-guillermo-tasso-como-su-nuevo-director-tecnico\\\/#primaryimage\",\"url\":\"https:\\\/\\\/www.muyjujuy.com\\\/wp-content\\\/uploads\\\/2025\\\/06\\\/BASQUET.jpg\",\"contentUrl\":\"https:\\\/\\\/www.muyjujuy.com\\\/wp-content\\\/uploads\\\/2025\\\/06\\\/BASQUET.jpg\",\"width\":823,\"height\":536},{\"@type\":\"BreadcrumbList\",\"@id\":\"https:\\\/\\\/www.muyjujuy.com\\\/index.php\\\/2025\\\/06\\\/17\\\/jujuy-basquet-presento-a-guillermo-tasso-como-su-nuevo-director-tecnico\\\/#breadcrumb\",\"itemListElement\":[{\"@type\":\"ListItem\",\"position\":1,\"name\":\"Inicio\",\"item\":\"https:\\\/\\\/www.muyjujuy.com\\\/\"},{\"@type\":\"ListItem\",\"position\":2,\"name\":\"Jujuy B\u00e1squet present\u00f3 a Guillermo Tasso como su nuevo director t\u00e9cnico\"}]},{\"@type\":\"WebSite\",\"@id\":\"https:\\\/\\\/www.muyjujuy.com\\\/#website\",\"url\":\"https:\\\/\\\/www.muyjujuy.com\\\/\",\"name\":\"Muy Jujuy\",\"description\":\"\",\"publisher\":{\"@id\":\"https:\\\/\\\/www.muyjujuy.com\\\/#organization\"},\"potentialAction\":[{\"@type\":\"SearchAction\",\"target\":{\"@type\":\"EntryPoint\",\"urlTemplate\":\"https:\\\/\\\/www.muyjujuy.com\\\/?s={search_term_string}\"},\"query-input\":{\"@type\":\"PropertyValueSpecification\",\"valueRequired\":true,\"valueName\":\"search_term_string\"}}],\"inLanguage\":\"es-AR\"},{\"@type\":\"Organization\",\"@id\":\"https:\\\/\\\/www.muyjujuy.com\\\/#organization\",\"name\":\"Muy Jujuy\",\"url\":\"https:\\\/\\\/www.muyjujuy.com\\\/\",\"logo\":{\"@type\":\"ImageObject\",\"inLanguage\":\"es-AR\",\"@id\":\"https:\\\/\\\/www.muyjujuy.com\\\/#\\\/schema\\\/logo\\\/image\\\/\",\"url\":\"http:\\\/\\\/www.muyjujuy.com\\\/wp-content\\\/uploads\\\/2022\\\/05\\\/logo-mobil-jujuy.png\",\"contentUrl\":\"http:\\\/\\\/www.muyjujuy.com\\\/wp-content\\\/uploads\\\/2022\\\/05\\\/logo-mobil-jujuy.png\",\"width\":174,\"height\":81,\"caption\":\"Muy Jujuy\"},\"image\":{\"@id\":\"https:\\\/\\\/www.muyjujuy.com\\\/#\\\/schema\\\/logo\\\/image\\\/\"},\"sameAs\":[\"https:\\\/\\\/www.facebook.com\\\/muyjujuycom\",\"https:\\\/\\\/x.com\\\/muyjujuy\",\"https:\\\/\\\/www.instagram.com\\\/muyjujuycom\"]},{\"@type\":\"Person\",\"@id\":\"https:\\\/\\\/www.muyjujuy.com\\\/#\\\/schema\\\/person\\\/a3b63db1f387ec4149299954904c5bf0\",\"name\":\"admin\",\"image\":{\"@type\":\"ImageObject\",\"inLanguage\":\"es-AR\",\"@id\":\"https:\\\/\\\/secure.gravatar.com\\\/avatar\\\/b6e63d8d3a73633362405a0ad27e9c28391755813b59886f19a99d6cef8a03fc?s=96&d=mm&r=g\",\"url\":\"https:\\\/\\\/secure.gravatar.com\\\/avatar\\\/b6e63d8d3a73633362405a0ad27e9c28391755813b59886f19a99d6cef8a03fc?s=96&d=mm&r=g\",\"contentUrl\":\"https:\\\/\\\/secure.gravatar.com\\\/avatar\\\/b6e63d8d3a73633362405a0ad27e9c28391755813b59886f19a99d6cef8a03fc?s=96&d=mm&r=g\",\"caption\":\"admin\"},\"url\":\"https:\\\/\\\/www.muyjujuy.com\\\/index.php\\\/author\\\/soyeleditor\\\/\"}]}<\/script>\n<!-- \/ Yoast SEO plugin. -->","yoast_head_json":{"title":"Jujuy B\u00e1squet present\u00f3 a Guillermo Tasso como su nuevo director t\u00e9cnico - Muy Jujuy","robots":{"index":"index","follow":"follow","max-snippet":"max-snippet:-1","max-image-preview":"max-image-preview:large","max-video-preview":"max-video-preview:-1"},"canonical":"https:\/\/www.muyjujuy.com\/index.php\/2025\/06\/17\/jujuy-basquet-presento-a-guillermo-tasso-como-su-nuevo-director-tecnico\/","og_locale":"es_ES","og_type":"article","og_title":"Jujuy B\u00e1squet present\u00f3 a Guillermo Tasso como su nuevo director t\u00e9cnico - Muy Jujuy","og_description":"Tras la salida de Fabi\u00e1n Daverio, el club decidi\u00f3 apostar por un entrenador con amplia experiencia internacional y un s\u00f3lido recorrido en el desarrollo formativo, con el objetivo de liderar una nueva etapa para el equipo. El pasado lunes, la dirigencia de Jujuy B\u00e1squet oficializ\u00f3 la llegada de Guillermo Tasso como nuevo entrenador principal. Su [&hellip;]","og_url":"https:\/\/www.muyjujuy.com\/index.php\/2025\/06\/17\/jujuy-basquet-presento-a-guillermo-tasso-como-su-nuevo-director-tecnico\/","og_site_name":"Muy Jujuy","article_publisher":"https:\/\/www.facebook.com\/muyjujuycom","article_published_time":"2025-06-17T13:10:29+00:00","author":"admin","twitter_card":"summary_large_image","twitter_creator":"@muyjujuy","twitter_site":"@muyjujuy","twitter_misc":{"Escrito por":"admin","Tiempo de lectura":"2 minutos"},"schema":{"@context":"https:\/\/schema.org","@graph":[{"@type":"Article","@id":"https:\/\/www.muyjujuy.com\/index.php\/2025\/06\/17\/jujuy-basquet-presento-a-guillermo-tasso-como-su-nuevo-director-tecnico\/#article","isPartOf":{"@id":"https:\/\/www.muyjujuy.com\/index.php\/2025\/06\/17\/jujuy-basquet-presento-a-guillermo-tasso-como-su-nuevo-director-tecnico\/"},"author":{"name":"admin","@id":"https:\/\/www.muyjujuy.com\/#\/schema\/person\/a3b63db1f387ec4149299954904c5bf0"},"headline":"Jujuy B\u00e1squet present\u00f3 a Guillermo Tasso como su nuevo director t\u00e9cnico","datePublished":"2025-06-17T13:10:29+00:00","mainEntityOfPage":{"@id":"https:\/\/www.muyjujuy.com\/index.php\/2025\/06\/17\/jujuy-basquet-presento-a-guillermo-tasso-como-su-nuevo-director-tecnico\/"},"wordCount":426,"commentCount":0,"publisher":{"@id":"https:\/\/www.muyjujuy.com\/#organization"},"image":{"@id":"https:\/\/www.muyjujuy.com\/index.php\/2025\/06\/17\/jujuy-basquet-presento-a-guillermo-tasso-como-su-nuevo-director-tecnico\/#primaryimage"},"thumbnailUrl":"https:\/\/www.muyjujuy.com\/wp-content\/uploads\/2025\/06\/BASQUET.jpg","articleSection":["Deportes","JUJUY"],"inLanguage":"es-AR","potentialAction":[{"@type":"CommentAction","name":"Comment","target":["https:\/\/www.muyjujuy.com\/index.php\/2025\/06\/17\/jujuy-basquet-presento-a-guillermo-tasso-como-su-nuevo-director-tecnico\/#respond"]}]},{"@type":"WebPage","@id":"https:\/\/www.muyjujuy.com\/index.php\/2025\/06\/17\/jujuy-basquet-presento-a-guillermo-tasso-como-su-nuevo-director-tecnico\/","url":"https:\/\/www.muyjujuy.com\/index.php\/2025\/06\/17\/jujuy-basquet-presento-a-guillermo-tasso-como-su-nuevo-director-tecnico\/","name":"Jujuy B\u00e1squet present\u00f3 a Guillermo Tasso como su nuevo director t\u00e9cnico - Muy Jujuy","isPartOf":{"@id":"https:\/\/www.muyjujuy.com\/#website"},"primaryImageOfPage":{"@id":"https:\/\/www.muyjujuy.com\/index.php\/2025\/06\/17\/jujuy-basquet-presento-a-guillermo-tasso-como-su-nuevo-director-tecnico\/#primaryimage"},"image":{"@id":"https:\/\/www.muyjujuy.com\/index.php\/2025\/06\/17\/jujuy-basquet-presento-a-guillermo-tasso-como-su-nuevo-director-tecnico\/#primaryimage"},"thumbnailUrl":"https:\/\/www.muyjujuy.com\/wp-content\/uploads\/2025\/06\/BASQUET.jpg","datePublished":"2025-06-17T13:10:29+00:00","breadcrumb":{"@id":"https:\/\/www.muyjujuy.com\/index.php\/2025\/06\/17\/jujuy-basquet-presento-a-guillermo-tasso-como-su-nuevo-director-tecnico\/#breadcrumb"},"inLanguage":"es-AR","potentialAction":[{"@type":"ReadAction","target":["https:\/\/www.muyjujuy.com\/index.php\/2025\/06\/17\/jujuy-basquet-presento-a-guillermo-tasso-como-su-nuevo-director-tecnico\/"]}]},{"@type":"ImageObject","inLanguage":"es-AR","@id":"https:\/\/www.muyjujuy.com\/index.php\/2025\/06\/17\/jujuy-basquet-presento-a-guillermo-tasso-como-su-nuevo-director-tecnico\/#primaryimage","url":"https:\/\/www.muyjujuy.com\/wp-content\/uploads\/2025\/06\/BASQUET.jpg","contentUrl":"https:\/\/www.muyjujuy.com\/wp-content\/uploads\/2025\/06\/BASQUET.jpg","width":823,"height":536},{"@type":"BreadcrumbList","@id":"https:\/\/www.muyjujuy.com\/index.php\/2025\/06\/17\/jujuy-basquet-presento-a-guillermo-tasso-como-su-nuevo-director-tecnico\/#breadcrumb","itemListElement":[{"@type":"ListItem","position":1,"name":"Inicio","item":"https:\/\/www.muyjujuy.com\/"},{"@type":"ListItem","position":2,"name":"Jujuy B\u00e1squet present\u00f3 a Guillermo Tasso como su nuevo director t\u00e9cnico"}]},{"@type":"WebSite","@id":"https:\/\/www.muyjujuy.com\/#website","url":"https:\/\/www.muyjujuy.com\/","name":"Muy Jujuy","description":"","publisher":{"@id":"https:\/\/www.muyjujuy.com\/#organization"},"potentialAction":[{"@type":"SearchAction","target":{"@type":"EntryPoint","urlTemplate":"https:\/\/www.muyjujuy.com\/?s={search_term_string}"},"query-input":{"@type":"PropertyValueSpecification","valueRequired":true,"valueName":"search_term_string"}}],"inLanguage":"es-AR"},{"@type":"Organization","@id":"https:\/\/www.muyjujuy.com\/#organization","name":"Muy Jujuy","url":"https:\/\/www.muyjujuy.com\/","logo":{"@type":"ImageObject","inLanguage":"es-AR","@id":"https:\/\/www.muyjujuy.com\/#\/schema\/logo\/image\/","url":"http:\/\/www.muyjujuy.com\/wp-content\/uploads\/2022\/05\/logo-mobil-jujuy.png","contentUrl":"http:\/\/www.muyjujuy.com\/wp-content\/uploads\/2022\/05\/logo-mobil-jujuy.png","width":174,"height":81,"caption":"Muy Jujuy"},"image":{"@id":"https:\/\/www.muyjujuy.com\/#\/schema\/logo\/image\/"},"sameAs":["https:\/\/www.facebook.com\/muyjujuycom","https:\/\/x.com\/muyjujuy","https:\/\/www.instagram.com\/muyjujuycom"]},{"@type":"Person","@id":"https:\/\/www.muyjujuy.com\/#\/schema\/person\/a3b63db1f387ec4149299954904c5bf0","name":"admin","image":{"@type":"ImageObject","inLanguage":"es-AR","@id":"https:\/\/secure.gravatar.com\/avatar\/b6e63d8d3a73633362405a0ad27e9c28391755813b59886f19a99d6cef8a03fc?s=96&d=mm&r=g","url":"https:\/\/secure.gravatar.com\/avatar\/b6e63d8d3a73633362405a0ad27e9c28391755813b59886f19a99d6cef8a03fc?s=96&d=mm&r=g","contentUrl":"https:\/\/secure.gravatar.com\/avatar\/b6e63d8d3a73633362405a0ad27e9c28391755813b59886f19a99d6cef8a03fc?s=96&d=mm&r=g","caption":"admin"},"url":"https:\/\/www.muyjujuy.com\/index.php\/author\/soyeleditor\/"}]}},"_links":{"self":[{"href":"https:\/\/www.muyjujuy.com\/index.php\/wp-json\/wp\/v2\/posts\/2578","targetHints":{"allow":["GET"]}}],"collection":[{"href":"https:\/\/www.muyjujuy.com\/index.php\/wp-json\/wp\/v2\/posts"}],"about":[{"href":"https:\/\/www.muyjujuy.com\/index.php\/wp-json\/wp\/v2\/types\/post"}],"author":[{"embeddable":true,"href":"https:\/\/www.muyjujuy.com\/index.php\/wp-json\/wp\/v2\/users\/1"}],"replies":[{"embeddable":true,"href":"https:\/\/www.muyjujuy.com\/index.php\/wp-json\/wp\/v2\/comments?post=2578"}],"version-history":[{"count":1,"href":"https:\/\/www.muyjujuy.com\/index.php\/wp-json\/wp\/v2\/posts\/2578\/revisions"}],"predecessor-version":[{"id":2580,"href":"https:\/\/www.muyjujuy.com\/index.php\/wp-json\/wp\/v2\/posts\/2578\/revisions\/2580"}],"wp:featuredmedia":[{"embeddable":true,"href":"https:\/\/www.muyjujuy.com\/index.php\/wp-json\/wp\/v2\/media\/2579"}],"wp:attachment":[{"href":"https:\/\/www.muyjujuy.com\/index.php\/wp-json\/wp\/v2\/media?parent=2578"}],"wp:term":[{"taxonomy":"category","embeddable":true,"href":"https:\/\/www.muyjujuy.com\/index.php\/wp-json\/wp\/v2\/categories?post=2578"},{"taxonomy":"post_tag","embeddable":true,"href":"https:\/\/www.muyjujuy.com\/index.php\/wp-json\/wp\/v2\/tags?post=2578"}],"curies":[{"name":"wp","href":"https:\/\/api.w.org\/{rel}","templated":true}]}}