{"id":2582,"date":"2025-06-18T10:22:58","date_gmt":"2025-06-18T13:22:58","guid":{"rendered":"https:\/\/www.muyjujuy.com\/?p=2582"},"modified":"2025-06-18T10:22:58","modified_gmt":"2025-06-18T13:22:58","slug":"el-obispado-de-jujuy-conmemorara-el-corpus-christi-este-sabado-21-de-junio-en-alto-comedero","status":"publish","type":"post","link":"https:\/\/www.muyjujuy.com\/index.php\/2025\/06\/18\/el-obispado-de-jujuy-conmemorara-el-corpus-christi-este-sabado-21-de-junio-en-alto-comedero\/","title":{"rendered":"El Obispado de Jujuy conmemorar\u00e1 el Corpus Christi este s\u00e1bado 21 de junio en Alto Comedero"},"content":{"rendered":"\n<p><strong>La celebraci\u00f3n estar\u00e1 a cargo del obispo de Catamarca, Monse\u00f1or Luis Urbanc<\/strong><br>La Iglesia Cat\u00f3lica en Jujuy llevar\u00e1 a cabo este <strong>s\u00e1bado 21 de junio<\/strong> la festividad del <strong>Corpus Christi<\/strong> en el Multiespacio El Alto, situado en el populoso barrio de Alto Comedero, en el sector sur de San Salvador de Jujuy. La ceremonia ser\u00e1 conducida por el <strong>obispo de Catamarca, Monse\u00f1or Luis Urbanc<\/strong>.<\/p>\n\n\n\n<p>La <strong>procesi\u00f3n eucar\u00edstica<\/strong> comenzar\u00e1 a las <strong>16:30 horas<\/strong> sobre <strong>Avenida Forestal<\/strong>, frente a la <strong>gruta de San Arnoldo Janssen<\/strong>, donde se rezar\u00e1 por las familias. La segunda estaci\u00f3n tendr\u00e1 lugar frente al <strong>Hospital Snopek<\/strong>, con una invocaci\u00f3n especial por la salud de los enfermos. Posteriormente, el recorrido continuar\u00e1 por la <strong>avenida Carlos Snopek<\/strong>, donde se har\u00e1 una tercera parada frente a una instituci\u00f3n educativa, rezando por los docentes. Finalmente, alrededor de las <strong>17:30<\/strong>, se llegar\u00e1 al <strong>Multiespacio El Alto<\/strong>, donde se celebrar\u00e1 la <strong>Santa Misa<\/strong>.<\/p>\n\n\n\n<p>En este espacio moderno y amplio, <strong>Monse\u00f1or Luis Urbanc<\/strong> impartir\u00e1 la <strong>bendici\u00f3n del Corpus Christi<\/strong>, cerrando as\u00ed la jornada de fe y oraci\u00f3n.<\/p>\n\n\n\n<p>Es importante destacar que cada a\u00f1o se elige una parroquia diferente para ser sede de esta conmemoraci\u00f3n. En esta ocasi\u00f3n, la organizaci\u00f3n est\u00e1 a cargo de la <strong>parroquia Nuestra Se\u00f1ora de Loreto<\/strong>, ubicada en el barrio Alto Comedero. Esta es considerada una de las <strong>manifestaciones lit\u00fargicas m\u00e1s relevantes<\/strong> para la Iglesia, ya que se realiza el recorrido con el <strong>Sant\u00edsimo Sacramento<\/strong> durante la solemnidad del Corpus Christi.<\/p>\n\n\n\n<p><strong>\u00bfEn qu\u00e9 consiste el Corpus Christi?<\/strong><br><strong>Corpus Christi<\/strong>, cuyo significado en lat\u00edn es &#8220;<strong>Cuerpo de Cristo<\/strong>&#8220;, es una festividad cat\u00f3lica que honra la <strong>presencia real de Jesucristo en la Eucarist\u00eda<\/strong>, es decir, en el pan y el vino consagrados durante la misa. La doctrina sostiene que, en el momento de la consagraci\u00f3n, estos elementos se transforman en el cuerpo y la sangre de Cristo de manera real, no solo simb\u00f3lica.<br>Esta celebraci\u00f3n, que tiene lugar entre el <strong>21 de mayo y el 24 de junio<\/strong>, incluye <strong>procesiones solemnes<\/strong> en las que se traslada la <strong>hostia consagrada en una custodia<\/strong>, y constituye una de las fechas m\u00e1s significativas del calendario lit\u00fargico cat\u00f3lico.<\/p>\n","protected":false},"excerpt":{"rendered":"<p>La celebraci\u00f3n estar\u00e1 a cargo del obispo de Catamarca, Monse\u00f1or Luis UrbancLa Iglesia Cat\u00f3lica en Jujuy llevar\u00e1 a cabo este s\u00e1bado 21 de junio la festividad del Corpus Christi en el Multiespacio El Alto, situado en el populoso barrio de Alto Comedero, en el sector sur de San Salvador de Jujuy. La ceremonia ser\u00e1 conducida [&hellip;]<\/p>\n","protected":false},"author":1,"featured_media":2583,"comment_status":"open","ping_status":"open","sticky":false,"template":"","format":"standard","meta":{"footnotes":""},"categories":[863,25],"tags":[],"class_list":{"0":"post-2582","1":"post","2":"type-post","3":"status-publish","4":"format-standard","5":"has-post-thumbnail","7":"category-jujuy","8":"category-sociedad"},"yoast_head":"<!-- This site is optimized with the Yoast SEO plugin v27.5 - https:\/\/yoast.com\/product\/yoast-seo-wordpress\/ -->\n<title>El Obispado de Jujuy conmemorar\u00e1 el Corpus Christi este s\u00e1bado 21 de junio en Alto Comedero - Muy Jujuy<\/title>\n<meta name=\"robots\" content=\"index, follow, max-snippet:-1, max-image-preview:large, max-video-preview:-1\" \/>\n<link rel=\"canonical\" href=\"https:\/\/www.muyjujuy.com\/index.php\/2025\/06\/18\/el-obispado-de-jujuy-conmemorara-el-corpus-christi-este-sabado-21-de-junio-en-alto-comedero\/\" \/>\n<meta property=\"og:locale\" content=\"es_ES\" \/>\n<meta property=\"og:type\" content=\"article\" \/>\n<meta property=\"og:title\" content=\"El Obispado de Jujuy conmemorar\u00e1 el Corpus Christi este s\u00e1bado 21 de junio en Alto Comedero - Muy Jujuy\" \/>\n<meta property=\"og:description\" content=\"La celebraci\u00f3n estar\u00e1 a cargo del obispo de Catamarca, Monse\u00f1or Luis UrbancLa Iglesia Cat\u00f3lica en Jujuy llevar\u00e1 a cabo este s\u00e1bado 21 de junio la festividad del Corpus Christi en el Multiespacio El Alto, situado en el populoso barrio de Alto Comedero, en el sector sur de San Salvador de Jujuy. La ceremonia ser\u00e1 conducida [&hellip;]\" \/>\n<meta property=\"og:url\" content=\"https:\/\/www.muyjujuy.com\/index.php\/2025\/06\/18\/el-obispado-de-jujuy-conmemorara-el-corpus-christi-este-sabado-21-de-junio-en-alto-comedero\/\" \/>\n<meta property=\"og:site_name\" content=\"Muy Jujuy\" \/>\n<meta property=\"article:publisher\" content=\"https:\/\/www.facebook.com\/muyjujuycom\" \/>\n<meta property=\"article:published_time\" content=\"2025-06-18T13:22:58+00:00\" \/>\n<meta name=\"author\" content=\"admin\" \/>\n<meta name=\"twitter:card\" content=\"summary_large_image\" \/>\n<meta name=\"twitter:creator\" content=\"@muyjujuy\" \/>\n<meta name=\"twitter:site\" content=\"@muyjujuy\" \/>\n<meta name=\"twitter:label1\" content=\"Escrito por\" \/>\n\t<meta name=\"twitter:data1\" content=\"admin\" \/>\n\t<meta name=\"twitter:label2\" content=\"Tiempo de lectura\" \/>\n\t<meta name=\"twitter:data2\" content=\"2 minutos\" \/>\n<script type=\"application\/ld+json\" class=\"yoast-schema-graph\">{\"@context\":\"https:\\\/\\\/schema.org\",\"@graph\":[{\"@type\":\"Article\",\"@id\":\"https:\\\/\\\/www.muyjujuy.com\\\/index.php\\\/2025\\\/06\\\/18\\\/el-obispado-de-jujuy-conmemorara-el-corpus-christi-este-sabado-21-de-junio-en-alto-comedero\\\/#article\",\"isPartOf\":{\"@id\":\"https:\\\/\\\/www.muyjujuy.com\\\/index.php\\\/2025\\\/06\\\/18\\\/el-obispado-de-jujuy-conmemorara-el-corpus-christi-este-sabado-21-de-junio-en-alto-comedero\\\/\"},\"author\":{\"name\":\"admin\",\"@id\":\"https:\\\/\\\/www.muyjujuy.com\\\/#\\\/schema\\\/person\\\/a3b63db1f387ec4149299954904c5bf0\"},\"headline\":\"El Obispado de Jujuy conmemorar\u00e1 el Corpus Christi este s\u00e1bado 21 de junio en Alto Comedero\",\"datePublished\":\"2025-06-18T13:22:58+00:00\",\"mainEntityOfPage\":{\"@id\":\"https:\\\/\\\/www.muyjujuy.com\\\/index.php\\\/2025\\\/06\\\/18\\\/el-obispado-de-jujuy-conmemorara-el-corpus-christi-este-sabado-21-de-junio-en-alto-comedero\\\/\"},\"wordCount\":391,\"commentCount\":0,\"publisher\":{\"@id\":\"https:\\\/\\\/www.muyjujuy.com\\\/#organization\"},\"image\":{\"@id\":\"https:\\\/\\\/www.muyjujuy.com\\\/index.php\\\/2025\\\/06\\\/18\\\/el-obispado-de-jujuy-conmemorara-el-corpus-christi-este-sabado-21-de-junio-en-alto-comedero\\\/#primaryimage\"},\"thumbnailUrl\":\"https:\\\/\\\/www.muyjujuy.com\\\/wp-content\\\/uploads\\\/2025\\\/06\\\/CORPUS.jpg\",\"articleSection\":[\"JUJUY\",\"Sociedad\"],\"inLanguage\":\"es-AR\",\"potentialAction\":[{\"@type\":\"CommentAction\",\"name\":\"Comment\",\"target\":[\"https:\\\/\\\/www.muyjujuy.com\\\/index.php\\\/2025\\\/06\\\/18\\\/el-obispado-de-jujuy-conmemorara-el-corpus-christi-este-sabado-21-de-junio-en-alto-comedero\\\/#respond\"]}]},{\"@type\":\"WebPage\",\"@id\":\"https:\\\/\\\/www.muyjujuy.com\\\/index.php\\\/2025\\\/06\\\/18\\\/el-obispado-de-jujuy-conmemorara-el-corpus-christi-este-sabado-21-de-junio-en-alto-comedero\\\/\",\"url\":\"https:\\\/\\\/www.muyjujuy.com\\\/index.php\\\/2025\\\/06\\\/18\\\/el-obispado-de-jujuy-conmemorara-el-corpus-christi-este-sabado-21-de-junio-en-alto-comedero\\\/\",\"name\":\"El Obispado de Jujuy conmemorar\u00e1 el Corpus Christi este s\u00e1bado 21 de junio en Alto Comedero - Muy Jujuy\",\"isPartOf\":{\"@id\":\"https:\\\/\\\/www.muyjujuy.com\\\/#website\"},\"primaryImageOfPage\":{\"@id\":\"https:\\\/\\\/www.muyjujuy.com\\\/index.php\\\/2025\\\/06\\\/18\\\/el-obispado-de-jujuy-conmemorara-el-corpus-christi-este-sabado-21-de-junio-en-alto-comedero\\\/#primaryimage\"},\"image\":{\"@id\":\"https:\\\/\\\/www.muyjujuy.com\\\/index.php\\\/2025\\\/06\\\/18\\\/el-obispado-de-jujuy-conmemorara-el-corpus-christi-este-sabado-21-de-junio-en-alto-comedero\\\/#primaryimage\"},\"thumbnailUrl\":\"https:\\\/\\\/www.muyjujuy.com\\\/wp-content\\\/uploads\\\/2025\\\/06\\\/CORPUS.jpg\",\"datePublished\":\"2025-06-18T13:22:58+00:00\",\"breadcrumb\":{\"@id\":\"https:\\\/\\\/www.muyjujuy.com\\\/index.php\\\/2025\\\/06\\\/18\\\/el-obispado-de-jujuy-conmemorara-el-corpus-christi-este-sabado-21-de-junio-en-alto-comedero\\\/#breadcrumb\"},\"inLanguage\":\"es-AR\",\"potentialAction\":[{\"@type\":\"ReadAction\",\"target\":[\"https:\\\/\\\/www.muyjujuy.com\\\/index.php\\\/2025\\\/06\\\/18\\\/el-obispado-de-jujuy-conmemorara-el-corpus-christi-este-sabado-21-de-junio-en-alto-comedero\\\/\"]}]},{\"@type\":\"ImageObject\",\"inLanguage\":\"es-AR\",\"@id\":\"https:\\\/\\\/www.muyjujuy.com\\\/index.php\\\/2025\\\/06\\\/18\\\/el-obispado-de-jujuy-conmemorara-el-corpus-christi-este-sabado-21-de-junio-en-alto-comedero\\\/#primaryimage\",\"url\":\"https:\\\/\\\/www.muyjujuy.com\\\/wp-content\\\/uploads\\\/2025\\\/06\\\/CORPUS.jpg\",\"contentUrl\":\"https:\\\/\\\/www.muyjujuy.com\\\/wp-content\\\/uploads\\\/2025\\\/06\\\/CORPUS.jpg\",\"width\":862,\"height\":488},{\"@type\":\"BreadcrumbList\",\"@id\":\"https:\\\/\\\/www.muyjujuy.com\\\/index.php\\\/2025\\\/06\\\/18\\\/el-obispado-de-jujuy-conmemorara-el-corpus-christi-este-sabado-21-de-junio-en-alto-comedero\\\/#breadcrumb\",\"itemListElement\":[{\"@type\":\"ListItem\",\"position\":1,\"name\":\"Inicio\",\"item\":\"https:\\\/\\\/www.muyjujuy.com\\\/\"},{\"@type\":\"ListItem\",\"position\":2,\"name\":\"El Obispado de Jujuy conmemorar\u00e1 el Corpus Christi este s\u00e1bado 21 de junio en Alto Comedero\"}]},{\"@type\":\"WebSite\",\"@id\":\"https:\\\/\\\/www.muyjujuy.com\\\/#website\",\"url\":\"https:\\\/\\\/www.muyjujuy.com\\\/\",\"name\":\"Muy Jujuy\",\"description\":\"\",\"publisher\":{\"@id\":\"https:\\\/\\\/www.muyjujuy.com\\\/#organization\"},\"potentialAction\":[{\"@type\":\"SearchAction\",\"target\":{\"@type\":\"EntryPoint\",\"urlTemplate\":\"https:\\\/\\\/www.muyjujuy.com\\\/?s={search_term_string}\"},\"query-input\":{\"@type\":\"PropertyValueSpecification\",\"valueRequired\":true,\"valueName\":\"search_term_string\"}}],\"inLanguage\":\"es-AR\"},{\"@type\":\"Organization\",\"@id\":\"https:\\\/\\\/www.muyjujuy.com\\\/#organization\",\"name\":\"Muy Jujuy\",\"url\":\"https:\\\/\\\/www.muyjujuy.com\\\/\",\"logo\":{\"@type\":\"ImageObject\",\"inLanguage\":\"es-AR\",\"@id\":\"https:\\\/\\\/www.muyjujuy.com\\\/#\\\/schema\\\/logo\\\/image\\\/\",\"url\":\"http:\\\/\\\/www.muyjujuy.com\\\/wp-content\\\/uploads\\\/2022\\\/05\\\/logo-mobil-jujuy.png\",\"contentUrl\":\"http:\\\/\\\/www.muyjujuy.com\\\/wp-content\\\/uploads\\\/2022\\\/05\\\/logo-mobil-jujuy.png\",\"width\":174,\"height\":81,\"caption\":\"Muy Jujuy\"},\"image\":{\"@id\":\"https:\\\/\\\/www.muyjujuy.com\\\/#\\\/schema\\\/logo\\\/image\\\/\"},\"sameAs\":[\"https:\\\/\\\/www.facebook.com\\\/muyjujuycom\",\"https:\\\/\\\/x.com\\\/muyjujuy\",\"https:\\\/\\\/www.instagram.com\\\/muyjujuycom\"]},{\"@type\":\"Person\",\"@id\":\"https:\\\/\\\/www.muyjujuy.com\\\/#\\\/schema\\\/person\\\/a3b63db1f387ec4149299954904c5bf0\",\"name\":\"admin\",\"image\":{\"@type\":\"ImageObject\",\"inLanguage\":\"es-AR\",\"@id\":\"https:\\\/\\\/secure.gravatar.com\\\/avatar\\\/b6e63d8d3a73633362405a0ad27e9c28391755813b59886f19a99d6cef8a03fc?s=96&d=mm&r=g\",\"url\":\"https:\\\/\\\/secure.gravatar.com\\\/avatar\\\/b6e63d8d3a73633362405a0ad27e9c28391755813b59886f19a99d6cef8a03fc?s=96&d=mm&r=g\",\"contentUrl\":\"https:\\\/\\\/secure.gravatar.com\\\/avatar\\\/b6e63d8d3a73633362405a0ad27e9c28391755813b59886f19a99d6cef8a03fc?s=96&d=mm&r=g\",\"caption\":\"admin\"},\"url\":\"https:\\\/\\\/www.muyjujuy.com\\\/index.php\\\/author\\\/soyeleditor\\\/\"}]}<\/script>\n<!-- \/ Yoast SEO plugin. -->","yoast_head_json":{"title":"El Obispado de Jujuy conmemorar\u00e1 el Corpus Christi este s\u00e1bado 21 de junio en Alto Comedero - Muy Jujuy","robots":{"index":"index","follow":"follow","max-snippet":"max-snippet:-1","max-image-preview":"max-image-preview:large","max-video-preview":"max-video-preview:-1"},"canonical":"https:\/\/www.muyjujuy.com\/index.php\/2025\/06\/18\/el-obispado-de-jujuy-conmemorara-el-corpus-christi-este-sabado-21-de-junio-en-alto-comedero\/","og_locale":"es_ES","og_type":"article","og_title":"El Obispado de Jujuy conmemorar\u00e1 el Corpus Christi este s\u00e1bado 21 de junio en Alto Comedero - Muy Jujuy","og_description":"La celebraci\u00f3n estar\u00e1 a cargo del obispo de Catamarca, Monse\u00f1or Luis UrbancLa Iglesia Cat\u00f3lica en Jujuy llevar\u00e1 a cabo este s\u00e1bado 21 de junio la festividad del Corpus Christi en el Multiespacio El Alto, situado en el populoso barrio de Alto Comedero, en el sector sur de San Salvador de Jujuy. La ceremonia ser\u00e1 conducida [&hellip;]","og_url":"https:\/\/www.muyjujuy.com\/index.php\/2025\/06\/18\/el-obispado-de-jujuy-conmemorara-el-corpus-christi-este-sabado-21-de-junio-en-alto-comedero\/","og_site_name":"Muy Jujuy","article_publisher":"https:\/\/www.facebook.com\/muyjujuycom","article_published_time":"2025-06-18T13:22:58+00:00","author":"admin","twitter_card":"summary_large_image","twitter_creator":"@muyjujuy","twitter_site":"@muyjujuy","twitter_misc":{"Escrito por":"admin","Tiempo de lectura":"2 minutos"},"schema":{"@context":"https:\/\/schema.org","@graph":[{"@type":"Article","@id":"https:\/\/www.muyjujuy.com\/index.php\/2025\/06\/18\/el-obispado-de-jujuy-conmemorara-el-corpus-christi-este-sabado-21-de-junio-en-alto-comedero\/#article","isPartOf":{"@id":"https:\/\/www.muyjujuy.com\/index.php\/2025\/06\/18\/el-obispado-de-jujuy-conmemorara-el-corpus-christi-este-sabado-21-de-junio-en-alto-comedero\/"},"author":{"name":"admin","@id":"https:\/\/www.muyjujuy.com\/#\/schema\/person\/a3b63db1f387ec4149299954904c5bf0"},"headline":"El Obispado de Jujuy conmemorar\u00e1 el Corpus Christi este s\u00e1bado 21 de junio en Alto Comedero","datePublished":"2025-06-18T13:22:58+00:00","mainEntityOfPage":{"@id":"https:\/\/www.muyjujuy.com\/index.php\/2025\/06\/18\/el-obispado-de-jujuy-conmemorara-el-corpus-christi-este-sabado-21-de-junio-en-alto-comedero\/"},"wordCount":391,"commentCount":0,"publisher":{"@id":"https:\/\/www.muyjujuy.com\/#organization"},"image":{"@id":"https:\/\/www.muyjujuy.com\/index.php\/2025\/06\/18\/el-obispado-de-jujuy-conmemorara-el-corpus-christi-este-sabado-21-de-junio-en-alto-comedero\/#primaryimage"},"thumbnailUrl":"https:\/\/www.muyjujuy.com\/wp-content\/uploads\/2025\/06\/CORPUS.jpg","articleSection":["JUJUY","Sociedad"],"inLanguage":"es-AR","potentialAction":[{"@type":"CommentAction","name":"Comment","target":["https:\/\/www.muyjujuy.com\/index.php\/2025\/06\/18\/el-obispado-de-jujuy-conmemorara-el-corpus-christi-este-sabado-21-de-junio-en-alto-comedero\/#respond"]}]},{"@type":"WebPage","@id":"https:\/\/www.muyjujuy.com\/index.php\/2025\/06\/18\/el-obispado-de-jujuy-conmemorara-el-corpus-christi-este-sabado-21-de-junio-en-alto-comedero\/","url":"https:\/\/www.muyjujuy.com\/index.php\/2025\/06\/18\/el-obispado-de-jujuy-conmemorara-el-corpus-christi-este-sabado-21-de-junio-en-alto-comedero\/","name":"El Obispado de Jujuy conmemorar\u00e1 el Corpus Christi este s\u00e1bado 21 de junio en Alto Comedero - Muy Jujuy","isPartOf":{"@id":"https:\/\/www.muyjujuy.com\/#website"},"primaryImageOfPage":{"@id":"https:\/\/www.muyjujuy.com\/index.php\/2025\/06\/18\/el-obispado-de-jujuy-conmemorara-el-corpus-christi-este-sabado-21-de-junio-en-alto-comedero\/#primaryimage"},"image":{"@id":"https:\/\/www.muyjujuy.com\/index.php\/2025\/06\/18\/el-obispado-de-jujuy-conmemorara-el-corpus-christi-este-sabado-21-de-junio-en-alto-comedero\/#primaryimage"},"thumbnailUrl":"https:\/\/www.muyjujuy.com\/wp-content\/uploads\/2025\/06\/CORPUS.jpg","datePublished":"2025-06-18T13:22:58+00:00","breadcrumb":{"@id":"https:\/\/www.muyjujuy.com\/index.php\/2025\/06\/18\/el-obispado-de-jujuy-conmemorara-el-corpus-christi-este-sabado-21-de-junio-en-alto-comedero\/#breadcrumb"},"inLanguage":"es-AR","potentialAction":[{"@type":"ReadAction","target":["https:\/\/www.muyjujuy.com\/index.php\/2025\/06\/18\/el-obispado-de-jujuy-conmemorara-el-corpus-christi-este-sabado-21-de-junio-en-alto-comedero\/"]}]},{"@type":"ImageObject","inLanguage":"es-AR","@id":"https:\/\/www.muyjujuy.com\/index.php\/2025\/06\/18\/el-obispado-de-jujuy-conmemorara-el-corpus-christi-este-sabado-21-de-junio-en-alto-comedero\/#primaryimage","url":"https:\/\/www.muyjujuy.com\/wp-content\/uploads\/2025\/06\/CORPUS.jpg","contentUrl":"https:\/\/www.muyjujuy.com\/wp-content\/uploads\/2025\/06\/CORPUS.jpg","width":862,"height":488},{"@type":"BreadcrumbList","@id":"https:\/\/www.muyjujuy.com\/index.php\/2025\/06\/18\/el-obispado-de-jujuy-conmemorara-el-corpus-christi-este-sabado-21-de-junio-en-alto-comedero\/#breadcrumb","itemListElement":[{"@type":"ListItem","position":1,"name":"Inicio","item":"https:\/\/www.muyjujuy.com\/"},{"@type":"ListItem","position":2,"name":"El Obispado de Jujuy conmemorar\u00e1 el Corpus Christi este s\u00e1bado 21 de junio en Alto Comedero"}]},{"@type":"WebSite","@id":"https:\/\/www.muyjujuy.com\/#website","url":"https:\/\/www.muyjujuy.com\/","name":"Muy Jujuy","description":"","publisher":{"@id":"https:\/\/www.muyjujuy.com\/#organization"},"potentialAction":[{"@type":"SearchAction","target":{"@type":"EntryPoint","urlTemplate":"https:\/\/www.muyjujuy.com\/?s={search_term_string}"},"query-input":{"@type":"PropertyValueSpecification","valueRequired":true,"valueName":"search_term_string"}}],"inLanguage":"es-AR"},{"@type":"Organization","@id":"https:\/\/www.muyjujuy.com\/#organization","name":"Muy Jujuy","url":"https:\/\/www.muyjujuy.com\/","logo":{"@type":"ImageObject","inLanguage":"es-AR","@id":"https:\/\/www.muyjujuy.com\/#\/schema\/logo\/image\/","url":"http:\/\/www.muyjujuy.com\/wp-content\/uploads\/2022\/05\/logo-mobil-jujuy.png","contentUrl":"http:\/\/www.muyjujuy.com\/wp-content\/uploads\/2022\/05\/logo-mobil-jujuy.png","width":174,"height":81,"caption":"Muy Jujuy"},"image":{"@id":"https:\/\/www.muyjujuy.com\/#\/schema\/logo\/image\/"},"sameAs":["https:\/\/www.facebook.com\/muyjujuycom","https:\/\/x.com\/muyjujuy","https:\/\/www.instagram.com\/muyjujuycom"]},{"@type":"Person","@id":"https:\/\/www.muyjujuy.com\/#\/schema\/person\/a3b63db1f387ec4149299954904c5bf0","name":"admin","image":{"@type":"ImageObject","inLanguage":"es-AR","@id":"https:\/\/secure.gravatar.com\/avatar\/b6e63d8d3a73633362405a0ad27e9c28391755813b59886f19a99d6cef8a03fc?s=96&d=mm&r=g","url":"https:\/\/secure.gravatar.com\/avatar\/b6e63d8d3a73633362405a0ad27e9c28391755813b59886f19a99d6cef8a03fc?s=96&d=mm&r=g","contentUrl":"https:\/\/secure.gravatar.com\/avatar\/b6e63d8d3a73633362405a0ad27e9c28391755813b59886f19a99d6cef8a03fc?s=96&d=mm&r=g","caption":"admin"},"url":"https:\/\/www.muyjujuy.com\/index.php\/author\/soyeleditor\/"}]}},"_links":{"self":[{"href":"https:\/\/www.muyjujuy.com\/index.php\/wp-json\/wp\/v2\/posts\/2582","targetHints":{"allow":["GET"]}}],"collection":[{"href":"https:\/\/www.muyjujuy.com\/index.php\/wp-json\/wp\/v2\/posts"}],"about":[{"href":"https:\/\/www.muyjujuy.com\/index.php\/wp-json\/wp\/v2\/types\/post"}],"author":[{"embeddable":true,"href":"https:\/\/www.muyjujuy.com\/index.php\/wp-json\/wp\/v2\/users\/1"}],"replies":[{"embeddable":true,"href":"https:\/\/www.muyjujuy.com\/index.php\/wp-json\/wp\/v2\/comments?post=2582"}],"version-history":[{"count":1,"href":"https:\/\/www.muyjujuy.com\/index.php\/wp-json\/wp\/v2\/posts\/2582\/revisions"}],"predecessor-version":[{"id":2584,"href":"https:\/\/www.muyjujuy.com\/index.php\/wp-json\/wp\/v2\/posts\/2582\/revisions\/2584"}],"wp:featuredmedia":[{"embeddable":true,"href":"https:\/\/www.muyjujuy.com\/index.php\/wp-json\/wp\/v2\/media\/2583"}],"wp:attachment":[{"href":"https:\/\/www.muyjujuy.com\/index.php\/wp-json\/wp\/v2\/media?parent=2582"}],"wp:term":[{"taxonomy":"category","embeddable":true,"href":"https:\/\/www.muyjujuy.com\/index.php\/wp-json\/wp\/v2\/categories?post=2582"},{"taxonomy":"post_tag","embeddable":true,"href":"https:\/\/www.muyjujuy.com\/index.php\/wp-json\/wp\/v2\/tags?post=2582"}],"curies":[{"name":"wp","href":"https:\/\/api.w.org\/{rel}","templated":true}]}}