{"id":2585,"date":"2025-06-18T10:27:13","date_gmt":"2025-06-18T13:27:13","guid":{"rendered":"https:\/\/www.muyjujuy.com\/?p=2585"},"modified":"2025-06-18T10:27:13","modified_gmt":"2025-06-18T13:27:13","slug":"leo-perro-de-la-policia-de-jujuy-localizo-a-dos-personas-extraviadas-en-tilcara","status":"publish","type":"post","link":"https:\/\/www.muyjujuy.com\/index.php\/2025\/06\/18\/leo-perro-de-la-policia-de-jujuy-localizo-a-dos-personas-extraviadas-en-tilcara\/","title":{"rendered":"Leo, perro de la Polic\u00eda de Jujuy, localiz\u00f3 a dos personas extraviadas en Tilcara"},"content":{"rendered":"\n<p><strong>Se trataba de una mujer y su hijo, quienes hab\u00edan sido denunciados como desaparecidos por sus allegados<\/strong><br>Tras un operativo de b\u00fasqueda llevado a cabo con celeridad, <strong>Leo<\/strong>, integrante de la <strong>Unidad Especial K9 de La Quiaca<\/strong>, logr\u00f3 dar con el paradero de <strong>una madre y su hijo<\/strong>, quienes hab\u00edan sido reportados como <strong>desaparecidos por sus familiares<\/strong>.<\/p>\n\n\n\n<p>En di\u00e1logo con <strong>AM630 Lw8<\/strong>, el <strong>Comisario Iv\u00e1n Guti\u00e9rrez<\/strong> brind\u00f3 detalles sobre c\u00f3mo se desarroll\u00f3 el procedimiento de rescate. De acuerdo con sus declaraciones, durante los \u00faltimos d\u00edas se concretaron <strong>dos intervenciones exitosas<\/strong>. \u201cAyer, <strong>Leo<\/strong>, un <strong>pastor belga de la raza Groenendael<\/strong>, particip\u00f3 en la localizaci\u00f3n de una mujer adulta y su hijo\u201d, destac\u00f3 el comisario.<\/p>\n\n\n\n<p><strong>\u201cLa b\u00fasqueda comenz\u00f3 a las 15:00, y para las 17:10 ya cont\u00e1bamos con resultados positivos. Fue una gran labor de Leo, por lo cual estamos muy satisfechos\u201d<\/strong>, agreg\u00f3.<\/p>\n\n\n\n<p>El operativo se despleg\u00f3 durante la tarde del martes, cuando el grupo t\u00e1ctico K9 se traslad\u00f3 a <strong>Tilcara<\/strong>. Luego de obtener prendas con el <strong>olor caracter\u00edstico de ambas personas<\/strong>, <strong>Leo<\/strong> puso en evidencia su entrenamiento y destreza. Siguiendo un rastro por venteo, condujo al equipo a trav\u00e9s de un amplio recorrido hasta llegar a una vivienda, donde <strong>ambos fueron encontrados en buen estado de salud<\/strong>.<\/p>\n","protected":false},"excerpt":{"rendered":"<p>Se trataba de una mujer y su hijo, quienes hab\u00edan sido denunciados como desaparecidos por sus allegadosTras un operativo de b\u00fasqueda llevado a cabo con celeridad, Leo, integrante de la Unidad Especial K9 de La Quiaca, logr\u00f3 dar con el paradero de una madre y su hijo, quienes hab\u00edan sido reportados como desaparecidos por sus [&hellip;]<\/p>\n","protected":false},"author":1,"featured_media":2586,"comment_status":"open","ping_status":"open","sticky":false,"template":"","format":"standard","meta":{"footnotes":""},"categories":[863,843],"tags":[],"class_list":{"0":"post-2585","1":"post","2":"type-post","3":"status-publish","4":"format-standard","5":"has-post-thumbnail","7":"category-jujuy","8":"category-policial"},"yoast_head":"<!-- This site is optimized with the Yoast SEO plugin v27.5 - https:\/\/yoast.com\/product\/yoast-seo-wordpress\/ -->\n<title>Leo, perro de la Polic\u00eda de Jujuy, localiz\u00f3 a dos personas extraviadas en Tilcara - Muy Jujuy<\/title>\n<meta name=\"robots\" content=\"index, follow, max-snippet:-1, max-image-preview:large, max-video-preview:-1\" \/>\n<link rel=\"canonical\" href=\"https:\/\/www.muyjujuy.com\/index.php\/2025\/06\/18\/leo-perro-de-la-policia-de-jujuy-localizo-a-dos-personas-extraviadas-en-tilcara\/\" \/>\n<meta property=\"og:locale\" content=\"es_ES\" \/>\n<meta property=\"og:type\" content=\"article\" \/>\n<meta property=\"og:title\" content=\"Leo, perro de la Polic\u00eda de Jujuy, localiz\u00f3 a dos personas extraviadas en Tilcara - Muy Jujuy\" \/>\n<meta property=\"og:description\" content=\"Se trataba de una mujer y su hijo, quienes hab\u00edan sido denunciados como desaparecidos por sus allegadosTras un operativo de b\u00fasqueda llevado a cabo con celeridad, Leo, integrante de la Unidad Especial K9 de La Quiaca, logr\u00f3 dar con el paradero de una madre y su hijo, quienes hab\u00edan sido reportados como desaparecidos por sus [&hellip;]\" \/>\n<meta property=\"og:url\" content=\"https:\/\/www.muyjujuy.com\/index.php\/2025\/06\/18\/leo-perro-de-la-policia-de-jujuy-localizo-a-dos-personas-extraviadas-en-tilcara\/\" \/>\n<meta property=\"og:site_name\" content=\"Muy Jujuy\" \/>\n<meta property=\"article:publisher\" content=\"https:\/\/www.facebook.com\/muyjujuycom\" \/>\n<meta property=\"article:published_time\" content=\"2025-06-18T13:27:13+00:00\" \/>\n<meta name=\"author\" content=\"admin\" \/>\n<meta name=\"twitter:card\" content=\"summary_large_image\" \/>\n<meta name=\"twitter:creator\" content=\"@muyjujuy\" \/>\n<meta name=\"twitter:site\" content=\"@muyjujuy\" \/>\n<meta name=\"twitter:label1\" content=\"Escrito por\" \/>\n\t<meta name=\"twitter:data1\" content=\"admin\" \/>\n\t<meta name=\"twitter:label2\" content=\"Tiempo de lectura\" \/>\n\t<meta name=\"twitter:data2\" content=\"1 minuto\" \/>\n<script type=\"application\/ld+json\" class=\"yoast-schema-graph\">{\"@context\":\"https:\\\/\\\/schema.org\",\"@graph\":[{\"@type\":\"Article\",\"@id\":\"https:\\\/\\\/www.muyjujuy.com\\\/index.php\\\/2025\\\/06\\\/18\\\/leo-perro-de-la-policia-de-jujuy-localizo-a-dos-personas-extraviadas-en-tilcara\\\/#article\",\"isPartOf\":{\"@id\":\"https:\\\/\\\/www.muyjujuy.com\\\/index.php\\\/2025\\\/06\\\/18\\\/leo-perro-de-la-policia-de-jujuy-localizo-a-dos-personas-extraviadas-en-tilcara\\\/\"},\"author\":{\"name\":\"admin\",\"@id\":\"https:\\\/\\\/www.muyjujuy.com\\\/#\\\/schema\\\/person\\\/a3b63db1f387ec4149299954904c5bf0\"},\"headline\":\"Leo, perro de la Polic\u00eda de Jujuy, localiz\u00f3 a dos personas extraviadas en Tilcara\",\"datePublished\":\"2025-06-18T13:27:13+00:00\",\"mainEntityOfPage\":{\"@id\":\"https:\\\/\\\/www.muyjujuy.com\\\/index.php\\\/2025\\\/06\\\/18\\\/leo-perro-de-la-policia-de-jujuy-localizo-a-dos-personas-extraviadas-en-tilcara\\\/\"},\"wordCount\":233,\"commentCount\":0,\"publisher\":{\"@id\":\"https:\\\/\\\/www.muyjujuy.com\\\/#organization\"},\"image\":{\"@id\":\"https:\\\/\\\/www.muyjujuy.com\\\/index.php\\\/2025\\\/06\\\/18\\\/leo-perro-de-la-policia-de-jujuy-localizo-a-dos-personas-extraviadas-en-tilcara\\\/#primaryimage\"},\"thumbnailUrl\":\"https:\\\/\\\/www.muyjujuy.com\\\/wp-content\\\/uploads\\\/2025\\\/06\\\/PERRO-1.jpg\",\"articleSection\":[\"JUJUY\",\"POLICIAL\"],\"inLanguage\":\"es-AR\",\"potentialAction\":[{\"@type\":\"CommentAction\",\"name\":\"Comment\",\"target\":[\"https:\\\/\\\/www.muyjujuy.com\\\/index.php\\\/2025\\\/06\\\/18\\\/leo-perro-de-la-policia-de-jujuy-localizo-a-dos-personas-extraviadas-en-tilcara\\\/#respond\"]}]},{\"@type\":\"WebPage\",\"@id\":\"https:\\\/\\\/www.muyjujuy.com\\\/index.php\\\/2025\\\/06\\\/18\\\/leo-perro-de-la-policia-de-jujuy-localizo-a-dos-personas-extraviadas-en-tilcara\\\/\",\"url\":\"https:\\\/\\\/www.muyjujuy.com\\\/index.php\\\/2025\\\/06\\\/18\\\/leo-perro-de-la-policia-de-jujuy-localizo-a-dos-personas-extraviadas-en-tilcara\\\/\",\"name\":\"Leo, perro de la Polic\u00eda de Jujuy, localiz\u00f3 a dos personas extraviadas en Tilcara - Muy Jujuy\",\"isPartOf\":{\"@id\":\"https:\\\/\\\/www.muyjujuy.com\\\/#website\"},\"primaryImageOfPage\":{\"@id\":\"https:\\\/\\\/www.muyjujuy.com\\\/index.php\\\/2025\\\/06\\\/18\\\/leo-perro-de-la-policia-de-jujuy-localizo-a-dos-personas-extraviadas-en-tilcara\\\/#primaryimage\"},\"image\":{\"@id\":\"https:\\\/\\\/www.muyjujuy.com\\\/index.php\\\/2025\\\/06\\\/18\\\/leo-perro-de-la-policia-de-jujuy-localizo-a-dos-personas-extraviadas-en-tilcara\\\/#primaryimage\"},\"thumbnailUrl\":\"https:\\\/\\\/www.muyjujuy.com\\\/wp-content\\\/uploads\\\/2025\\\/06\\\/PERRO-1.jpg\",\"datePublished\":\"2025-06-18T13:27:13+00:00\",\"breadcrumb\":{\"@id\":\"https:\\\/\\\/www.muyjujuy.com\\\/index.php\\\/2025\\\/06\\\/18\\\/leo-perro-de-la-policia-de-jujuy-localizo-a-dos-personas-extraviadas-en-tilcara\\\/#breadcrumb\"},\"inLanguage\":\"es-AR\",\"potentialAction\":[{\"@type\":\"ReadAction\",\"target\":[\"https:\\\/\\\/www.muyjujuy.com\\\/index.php\\\/2025\\\/06\\\/18\\\/leo-perro-de-la-policia-de-jujuy-localizo-a-dos-personas-extraviadas-en-tilcara\\\/\"]}]},{\"@type\":\"ImageObject\",\"inLanguage\":\"es-AR\",\"@id\":\"https:\\\/\\\/www.muyjujuy.com\\\/index.php\\\/2025\\\/06\\\/18\\\/leo-perro-de-la-policia-de-jujuy-localizo-a-dos-personas-extraviadas-en-tilcara\\\/#primaryimage\",\"url\":\"https:\\\/\\\/www.muyjujuy.com\\\/wp-content\\\/uploads\\\/2025\\\/06\\\/PERRO-1.jpg\",\"contentUrl\":\"https:\\\/\\\/www.muyjujuy.com\\\/wp-content\\\/uploads\\\/2025\\\/06\\\/PERRO-1.jpg\",\"width\":830,\"height\":538},{\"@type\":\"BreadcrumbList\",\"@id\":\"https:\\\/\\\/www.muyjujuy.com\\\/index.php\\\/2025\\\/06\\\/18\\\/leo-perro-de-la-policia-de-jujuy-localizo-a-dos-personas-extraviadas-en-tilcara\\\/#breadcrumb\",\"itemListElement\":[{\"@type\":\"ListItem\",\"position\":1,\"name\":\"Inicio\",\"item\":\"https:\\\/\\\/www.muyjujuy.com\\\/\"},{\"@type\":\"ListItem\",\"position\":2,\"name\":\"Leo, perro de la Polic\u00eda de Jujuy, localiz\u00f3 a dos personas extraviadas en Tilcara\"}]},{\"@type\":\"WebSite\",\"@id\":\"https:\\\/\\\/www.muyjujuy.com\\\/#website\",\"url\":\"https:\\\/\\\/www.muyjujuy.com\\\/\",\"name\":\"Muy Jujuy\",\"description\":\"\",\"publisher\":{\"@id\":\"https:\\\/\\\/www.muyjujuy.com\\\/#organization\"},\"potentialAction\":[{\"@type\":\"SearchAction\",\"target\":{\"@type\":\"EntryPoint\",\"urlTemplate\":\"https:\\\/\\\/www.muyjujuy.com\\\/?s={search_term_string}\"},\"query-input\":{\"@type\":\"PropertyValueSpecification\",\"valueRequired\":true,\"valueName\":\"search_term_string\"}}],\"inLanguage\":\"es-AR\"},{\"@type\":\"Organization\",\"@id\":\"https:\\\/\\\/www.muyjujuy.com\\\/#organization\",\"name\":\"Muy Jujuy\",\"url\":\"https:\\\/\\\/www.muyjujuy.com\\\/\",\"logo\":{\"@type\":\"ImageObject\",\"inLanguage\":\"es-AR\",\"@id\":\"https:\\\/\\\/www.muyjujuy.com\\\/#\\\/schema\\\/logo\\\/image\\\/\",\"url\":\"http:\\\/\\\/www.muyjujuy.com\\\/wp-content\\\/uploads\\\/2022\\\/05\\\/logo-mobil-jujuy.png\",\"contentUrl\":\"http:\\\/\\\/www.muyjujuy.com\\\/wp-content\\\/uploads\\\/2022\\\/05\\\/logo-mobil-jujuy.png\",\"width\":174,\"height\":81,\"caption\":\"Muy Jujuy\"},\"image\":{\"@id\":\"https:\\\/\\\/www.muyjujuy.com\\\/#\\\/schema\\\/logo\\\/image\\\/\"},\"sameAs\":[\"https:\\\/\\\/www.facebook.com\\\/muyjujuycom\",\"https:\\\/\\\/x.com\\\/muyjujuy\",\"https:\\\/\\\/www.instagram.com\\\/muyjujuycom\"]},{\"@type\":\"Person\",\"@id\":\"https:\\\/\\\/www.muyjujuy.com\\\/#\\\/schema\\\/person\\\/a3b63db1f387ec4149299954904c5bf0\",\"name\":\"admin\",\"image\":{\"@type\":\"ImageObject\",\"inLanguage\":\"es-AR\",\"@id\":\"https:\\\/\\\/secure.gravatar.com\\\/avatar\\\/b6e63d8d3a73633362405a0ad27e9c28391755813b59886f19a99d6cef8a03fc?s=96&d=mm&r=g\",\"url\":\"https:\\\/\\\/secure.gravatar.com\\\/avatar\\\/b6e63d8d3a73633362405a0ad27e9c28391755813b59886f19a99d6cef8a03fc?s=96&d=mm&r=g\",\"contentUrl\":\"https:\\\/\\\/secure.gravatar.com\\\/avatar\\\/b6e63d8d3a73633362405a0ad27e9c28391755813b59886f19a99d6cef8a03fc?s=96&d=mm&r=g\",\"caption\":\"admin\"},\"url\":\"https:\\\/\\\/www.muyjujuy.com\\\/index.php\\\/author\\\/soyeleditor\\\/\"}]}<\/script>\n<!-- \/ Yoast SEO plugin. -->","yoast_head_json":{"title":"Leo, perro de la Polic\u00eda de Jujuy, localiz\u00f3 a dos personas extraviadas en Tilcara - Muy Jujuy","robots":{"index":"index","follow":"follow","max-snippet":"max-snippet:-1","max-image-preview":"max-image-preview:large","max-video-preview":"max-video-preview:-1"},"canonical":"https:\/\/www.muyjujuy.com\/index.php\/2025\/06\/18\/leo-perro-de-la-policia-de-jujuy-localizo-a-dos-personas-extraviadas-en-tilcara\/","og_locale":"es_ES","og_type":"article","og_title":"Leo, perro de la Polic\u00eda de Jujuy, localiz\u00f3 a dos personas extraviadas en Tilcara - Muy Jujuy","og_description":"Se trataba de una mujer y su hijo, quienes hab\u00edan sido denunciados como desaparecidos por sus allegadosTras un operativo de b\u00fasqueda llevado a cabo con celeridad, Leo, integrante de la Unidad Especial K9 de La Quiaca, logr\u00f3 dar con el paradero de una madre y su hijo, quienes hab\u00edan sido reportados como desaparecidos por sus [&hellip;]","og_url":"https:\/\/www.muyjujuy.com\/index.php\/2025\/06\/18\/leo-perro-de-la-policia-de-jujuy-localizo-a-dos-personas-extraviadas-en-tilcara\/","og_site_name":"Muy Jujuy","article_publisher":"https:\/\/www.facebook.com\/muyjujuycom","article_published_time":"2025-06-18T13:27:13+00:00","author":"admin","twitter_card":"summary_large_image","twitter_creator":"@muyjujuy","twitter_site":"@muyjujuy","twitter_misc":{"Escrito por":"admin","Tiempo de lectura":"1 minuto"},"schema":{"@context":"https:\/\/schema.org","@graph":[{"@type":"Article","@id":"https:\/\/www.muyjujuy.com\/index.php\/2025\/06\/18\/leo-perro-de-la-policia-de-jujuy-localizo-a-dos-personas-extraviadas-en-tilcara\/#article","isPartOf":{"@id":"https:\/\/www.muyjujuy.com\/index.php\/2025\/06\/18\/leo-perro-de-la-policia-de-jujuy-localizo-a-dos-personas-extraviadas-en-tilcara\/"},"author":{"name":"admin","@id":"https:\/\/www.muyjujuy.com\/#\/schema\/person\/a3b63db1f387ec4149299954904c5bf0"},"headline":"Leo, perro de la Polic\u00eda de Jujuy, localiz\u00f3 a dos personas extraviadas en Tilcara","datePublished":"2025-06-18T13:27:13+00:00","mainEntityOfPage":{"@id":"https:\/\/www.muyjujuy.com\/index.php\/2025\/06\/18\/leo-perro-de-la-policia-de-jujuy-localizo-a-dos-personas-extraviadas-en-tilcara\/"},"wordCount":233,"commentCount":0,"publisher":{"@id":"https:\/\/www.muyjujuy.com\/#organization"},"image":{"@id":"https:\/\/www.muyjujuy.com\/index.php\/2025\/06\/18\/leo-perro-de-la-policia-de-jujuy-localizo-a-dos-personas-extraviadas-en-tilcara\/#primaryimage"},"thumbnailUrl":"https:\/\/www.muyjujuy.com\/wp-content\/uploads\/2025\/06\/PERRO-1.jpg","articleSection":["JUJUY","POLICIAL"],"inLanguage":"es-AR","potentialAction":[{"@type":"CommentAction","name":"Comment","target":["https:\/\/www.muyjujuy.com\/index.php\/2025\/06\/18\/leo-perro-de-la-policia-de-jujuy-localizo-a-dos-personas-extraviadas-en-tilcara\/#respond"]}]},{"@type":"WebPage","@id":"https:\/\/www.muyjujuy.com\/index.php\/2025\/06\/18\/leo-perro-de-la-policia-de-jujuy-localizo-a-dos-personas-extraviadas-en-tilcara\/","url":"https:\/\/www.muyjujuy.com\/index.php\/2025\/06\/18\/leo-perro-de-la-policia-de-jujuy-localizo-a-dos-personas-extraviadas-en-tilcara\/","name":"Leo, perro de la Polic\u00eda de Jujuy, localiz\u00f3 a dos personas extraviadas en Tilcara - Muy Jujuy","isPartOf":{"@id":"https:\/\/www.muyjujuy.com\/#website"},"primaryImageOfPage":{"@id":"https:\/\/www.muyjujuy.com\/index.php\/2025\/06\/18\/leo-perro-de-la-policia-de-jujuy-localizo-a-dos-personas-extraviadas-en-tilcara\/#primaryimage"},"image":{"@id":"https:\/\/www.muyjujuy.com\/index.php\/2025\/06\/18\/leo-perro-de-la-policia-de-jujuy-localizo-a-dos-personas-extraviadas-en-tilcara\/#primaryimage"},"thumbnailUrl":"https:\/\/www.muyjujuy.com\/wp-content\/uploads\/2025\/06\/PERRO-1.jpg","datePublished":"2025-06-18T13:27:13+00:00","breadcrumb":{"@id":"https:\/\/www.muyjujuy.com\/index.php\/2025\/06\/18\/leo-perro-de-la-policia-de-jujuy-localizo-a-dos-personas-extraviadas-en-tilcara\/#breadcrumb"},"inLanguage":"es-AR","potentialAction":[{"@type":"ReadAction","target":["https:\/\/www.muyjujuy.com\/index.php\/2025\/06\/18\/leo-perro-de-la-policia-de-jujuy-localizo-a-dos-personas-extraviadas-en-tilcara\/"]}]},{"@type":"ImageObject","inLanguage":"es-AR","@id":"https:\/\/www.muyjujuy.com\/index.php\/2025\/06\/18\/leo-perro-de-la-policia-de-jujuy-localizo-a-dos-personas-extraviadas-en-tilcara\/#primaryimage","url":"https:\/\/www.muyjujuy.com\/wp-content\/uploads\/2025\/06\/PERRO-1.jpg","contentUrl":"https:\/\/www.muyjujuy.com\/wp-content\/uploads\/2025\/06\/PERRO-1.jpg","width":830,"height":538},{"@type":"BreadcrumbList","@id":"https:\/\/www.muyjujuy.com\/index.php\/2025\/06\/18\/leo-perro-de-la-policia-de-jujuy-localizo-a-dos-personas-extraviadas-en-tilcara\/#breadcrumb","itemListElement":[{"@type":"ListItem","position":1,"name":"Inicio","item":"https:\/\/www.muyjujuy.com\/"},{"@type":"ListItem","position":2,"name":"Leo, perro de la Polic\u00eda de Jujuy, localiz\u00f3 a dos personas extraviadas en Tilcara"}]},{"@type":"WebSite","@id":"https:\/\/www.muyjujuy.com\/#website","url":"https:\/\/www.muyjujuy.com\/","name":"Muy Jujuy","description":"","publisher":{"@id":"https:\/\/www.muyjujuy.com\/#organization"},"potentialAction":[{"@type":"SearchAction","target":{"@type":"EntryPoint","urlTemplate":"https:\/\/www.muyjujuy.com\/?s={search_term_string}"},"query-input":{"@type":"PropertyValueSpecification","valueRequired":true,"valueName":"search_term_string"}}],"inLanguage":"es-AR"},{"@type":"Organization","@id":"https:\/\/www.muyjujuy.com\/#organization","name":"Muy Jujuy","url":"https:\/\/www.muyjujuy.com\/","logo":{"@type":"ImageObject","inLanguage":"es-AR","@id":"https:\/\/www.muyjujuy.com\/#\/schema\/logo\/image\/","url":"http:\/\/www.muyjujuy.com\/wp-content\/uploads\/2022\/05\/logo-mobil-jujuy.png","contentUrl":"http:\/\/www.muyjujuy.com\/wp-content\/uploads\/2022\/05\/logo-mobil-jujuy.png","width":174,"height":81,"caption":"Muy Jujuy"},"image":{"@id":"https:\/\/www.muyjujuy.com\/#\/schema\/logo\/image\/"},"sameAs":["https:\/\/www.facebook.com\/muyjujuycom","https:\/\/x.com\/muyjujuy","https:\/\/www.instagram.com\/muyjujuycom"]},{"@type":"Person","@id":"https:\/\/www.muyjujuy.com\/#\/schema\/person\/a3b63db1f387ec4149299954904c5bf0","name":"admin","image":{"@type":"ImageObject","inLanguage":"es-AR","@id":"https:\/\/secure.gravatar.com\/avatar\/b6e63d8d3a73633362405a0ad27e9c28391755813b59886f19a99d6cef8a03fc?s=96&d=mm&r=g","url":"https:\/\/secure.gravatar.com\/avatar\/b6e63d8d3a73633362405a0ad27e9c28391755813b59886f19a99d6cef8a03fc?s=96&d=mm&r=g","contentUrl":"https:\/\/secure.gravatar.com\/avatar\/b6e63d8d3a73633362405a0ad27e9c28391755813b59886f19a99d6cef8a03fc?s=96&d=mm&r=g","caption":"admin"},"url":"https:\/\/www.muyjujuy.com\/index.php\/author\/soyeleditor\/"}]}},"_links":{"self":[{"href":"https:\/\/www.muyjujuy.com\/index.php\/wp-json\/wp\/v2\/posts\/2585","targetHints":{"allow":["GET"]}}],"collection":[{"href":"https:\/\/www.muyjujuy.com\/index.php\/wp-json\/wp\/v2\/posts"}],"about":[{"href":"https:\/\/www.muyjujuy.com\/index.php\/wp-json\/wp\/v2\/types\/post"}],"author":[{"embeddable":true,"href":"https:\/\/www.muyjujuy.com\/index.php\/wp-json\/wp\/v2\/users\/1"}],"replies":[{"embeddable":true,"href":"https:\/\/www.muyjujuy.com\/index.php\/wp-json\/wp\/v2\/comments?post=2585"}],"version-history":[{"count":1,"href":"https:\/\/www.muyjujuy.com\/index.php\/wp-json\/wp\/v2\/posts\/2585\/revisions"}],"predecessor-version":[{"id":2587,"href":"https:\/\/www.muyjujuy.com\/index.php\/wp-json\/wp\/v2\/posts\/2585\/revisions\/2587"}],"wp:featuredmedia":[{"embeddable":true,"href":"https:\/\/www.muyjujuy.com\/index.php\/wp-json\/wp\/v2\/media\/2586"}],"wp:attachment":[{"href":"https:\/\/www.muyjujuy.com\/index.php\/wp-json\/wp\/v2\/media?parent=2585"}],"wp:term":[{"taxonomy":"category","embeddable":true,"href":"https:\/\/www.muyjujuy.com\/index.php\/wp-json\/wp\/v2\/categories?post=2585"},{"taxonomy":"post_tag","embeddable":true,"href":"https:\/\/www.muyjujuy.com\/index.php\/wp-json\/wp\/v2\/tags?post=2585"}],"curies":[{"name":"wp","href":"https:\/\/api.w.org\/{rel}","templated":true}]}}