{"id":2592,"date":"2025-06-19T10:31:05","date_gmt":"2025-06-19T13:31:05","guid":{"rendered":"https:\/\/www.muyjujuy.com\/?p=2592"},"modified":"2025-06-19T10:31:05","modified_gmt":"2025-06-19T13:31:05","slug":"el-isj-y-entidades-que-asisten-a-personas-con-discapacidad-acordaron-una-suba-en-el-valor-del-nomenclador","status":"publish","type":"post","link":"https:\/\/www.muyjujuy.com\/index.php\/2025\/06\/19\/el-isj-y-entidades-que-asisten-a-personas-con-discapacidad-acordaron-una-suba-en-el-valor-del-nomenclador\/","title":{"rendered":"El ISJ y entidades que asisten a personas con discapacidad acordaron una suba en el valor del nomenclador"},"content":{"rendered":"\n<p><strong>Fundaciones, asociaciones y organizaciones<\/strong> brindan atenci\u00f3n a m\u00e1s de <strong>2.100 beneficiarios<\/strong> de la <strong>obra social provincial<\/strong>.<\/p>\n\n\n\n<p>Con el fin de <strong>asegurar la cobertura de las prestaciones<\/strong> destinadas a personas con diversas condiciones, autoridades del <strong>Instituto de Seguros de Jujuy (ISJ)<\/strong> mantuvieron un encuentro con representantes de distintas <strong>fundaciones, asociaciones y entidades<\/strong> que desarrollan tareas vinculadas a la <strong>discapacidad<\/strong> en todo el territorio provincial, con el objetivo de avanzar en un <strong>ajuste del valor nomenclador<\/strong> que la <strong>obra social<\/strong> abona a dichas instituciones.<\/p>\n\n\n\n<p>Durante la reuni\u00f3n, se oficializ\u00f3 el <strong>acuerdo alcanzado<\/strong> por el ISJ, que consiste en un <strong>incremento del 70 %<\/strong> sobre el <strong>valor del nomenclador nacional<\/strong>, conforme a lo establecido por la <strong>Ley 24.901<\/strong> (Ley de Discapacidad), destinado a <strong>instituciones habilitadas y categorizadas<\/strong> seg\u00fan lo previsto en dicha legislaci\u00f3n.<\/p>\n\n\n\n<p>Asimismo, se estableci\u00f3 una <strong>suba del 10 %<\/strong> sobre el <strong>nomenclador propio del ISJ<\/strong> para aquellos <strong>centros no categorizados<\/strong>.<\/p>\n\n\n\n<p>Cabe destacar que las <strong>fundaciones, asociaciones y organizaciones<\/strong> que trabajan en el \u00e1mbito de la discapacidad prestan asistencia a m\u00e1s de <strong>2.100 afiliados<\/strong> de la obra social provincial.<\/p>\n\n\n\n<p>Participaron del encuentro representantes de los centros <strong>Sentir I, II, III, IV y V<\/strong> y <strong>San Nicol\u00e1s<\/strong>, que prestan servicios de <strong>estimulaci\u00f3n temprana, CET, integraci\u00f3n escolar y centro de d\u00eda<\/strong>; <strong>Ideas<\/strong>, con prestaciones en <strong>estimulaci\u00f3n temprana, CET, integraci\u00f3n escolar y EGB<\/strong>; <strong>Caminemos Juntos<\/strong>, que brinda <strong>educaci\u00f3n inicial, EGB, integraci\u00f3n escolar y estimulaci\u00f3n temprana<\/strong>; <strong>Asper<\/strong>, con <strong>CET, centro de d\u00eda e integraci\u00f3n escolar<\/strong>; adem\u00e1s de <strong>Dinnec<\/strong>, <strong>Sir<\/strong>, <strong>Santa Mar\u00eda (Chijra)<\/strong>, <strong>Santa Mar\u00eda Seiry<\/strong>, <strong>Consultorio del Huerto<\/strong>, <strong>Suyana<\/strong>, <strong>Despertar<\/strong>, <strong>Ikagai<\/strong>, <strong>Maler<\/strong>, <strong>Conecta<\/strong>, <strong>Fides<\/strong>, <strong>Nuevo Horizonte<\/strong>, <strong>Fundaci\u00f3n Asiri<\/strong>, <strong>Innovar<\/strong>, <strong>Fundaci\u00f3n Eipi<\/strong> y <strong>Construyendo Sue\u00f1os<\/strong>.<\/p>\n\n\n\n<p>En representaci\u00f3n del ISJ estuvieron presentes el <strong>presidente del organismo, Jos\u00e9 Manzur<\/strong>, junto al <strong>Vocal I, Diego Eduardo Chac\u00f3n<\/strong>, la <strong>gerente administrativa, Cintia Vercellone<\/strong>, y la <strong>coordinadora del \u00e1rea de Discapacidad<\/strong>, <strong>Mar\u00eda Jos\u00e9 Figueroa<\/strong>.<\/p>\n","protected":false},"excerpt":{"rendered":"<p>Fundaciones, asociaciones y organizaciones brindan atenci\u00f3n a m\u00e1s de 2.100 beneficiarios de la obra social provincial. Con el fin de asegurar la cobertura de las prestaciones destinadas a personas con diversas condiciones, autoridades del Instituto de Seguros de Jujuy (ISJ) mantuvieron un encuentro con representantes de distintas fundaciones, asociaciones y entidades que desarrollan tareas vinculadas [&hellip;]<\/p>\n","protected":false},"author":1,"featured_media":2593,"comment_status":"open","ping_status":"open","sticky":false,"template":"","format":"standard","meta":{"footnotes":""},"categories":[863,25],"tags":[],"class_list":{"0":"post-2592","1":"post","2":"type-post","3":"status-publish","4":"format-standard","5":"has-post-thumbnail","7":"category-jujuy","8":"category-sociedad"},"yoast_head":"<!-- This site is optimized with the Yoast SEO plugin v27.5 - https:\/\/yoast.com\/product\/yoast-seo-wordpress\/ -->\n<title>El ISJ y entidades que asisten a personas con discapacidad acordaron una suba en el valor del nomenclador - Muy Jujuy<\/title>\n<meta name=\"robots\" content=\"index, follow, max-snippet:-1, max-image-preview:large, max-video-preview:-1\" \/>\n<link rel=\"canonical\" href=\"https:\/\/www.muyjujuy.com\/index.php\/2025\/06\/19\/el-isj-y-entidades-que-asisten-a-personas-con-discapacidad-acordaron-una-suba-en-el-valor-del-nomenclador\/\" \/>\n<meta property=\"og:locale\" content=\"es_ES\" \/>\n<meta property=\"og:type\" content=\"article\" \/>\n<meta property=\"og:title\" content=\"El ISJ y entidades que asisten a personas con discapacidad acordaron una suba en el valor del nomenclador - Muy Jujuy\" \/>\n<meta property=\"og:description\" content=\"Fundaciones, asociaciones y organizaciones brindan atenci\u00f3n a m\u00e1s de 2.100 beneficiarios de la obra social provincial. Con el fin de asegurar la cobertura de las prestaciones destinadas a personas con diversas condiciones, autoridades del Instituto de Seguros de Jujuy (ISJ) mantuvieron un encuentro con representantes de distintas fundaciones, asociaciones y entidades que desarrollan tareas vinculadas [&hellip;]\" \/>\n<meta property=\"og:url\" content=\"https:\/\/www.muyjujuy.com\/index.php\/2025\/06\/19\/el-isj-y-entidades-que-asisten-a-personas-con-discapacidad-acordaron-una-suba-en-el-valor-del-nomenclador\/\" \/>\n<meta property=\"og:site_name\" content=\"Muy Jujuy\" \/>\n<meta property=\"article:publisher\" content=\"https:\/\/www.facebook.com\/muyjujuycom\" \/>\n<meta property=\"article:published_time\" content=\"2025-06-19T13:31:05+00:00\" \/>\n<meta name=\"author\" content=\"admin\" \/>\n<meta name=\"twitter:card\" content=\"summary_large_image\" \/>\n<meta name=\"twitter:creator\" content=\"@muyjujuy\" \/>\n<meta name=\"twitter:site\" content=\"@muyjujuy\" \/>\n<meta name=\"twitter:label1\" content=\"Escrito por\" \/>\n\t<meta name=\"twitter:data1\" content=\"admin\" \/>\n\t<meta name=\"twitter:label2\" content=\"Tiempo de lectura\" \/>\n\t<meta name=\"twitter:data2\" content=\"2 minutos\" \/>\n<script type=\"application\/ld+json\" class=\"yoast-schema-graph\">{\"@context\":\"https:\\\/\\\/schema.org\",\"@graph\":[{\"@type\":\"Article\",\"@id\":\"https:\\\/\\\/www.muyjujuy.com\\\/index.php\\\/2025\\\/06\\\/19\\\/el-isj-y-entidades-que-asisten-a-personas-con-discapacidad-acordaron-una-suba-en-el-valor-del-nomenclador\\\/#article\",\"isPartOf\":{\"@id\":\"https:\\\/\\\/www.muyjujuy.com\\\/index.php\\\/2025\\\/06\\\/19\\\/el-isj-y-entidades-que-asisten-a-personas-con-discapacidad-acordaron-una-suba-en-el-valor-del-nomenclador\\\/\"},\"author\":{\"name\":\"admin\",\"@id\":\"https:\\\/\\\/www.muyjujuy.com\\\/#\\\/schema\\\/person\\\/a3b63db1f387ec4149299954904c5bf0\"},\"headline\":\"El ISJ y entidades que asisten a personas con discapacidad acordaron una suba en el valor del nomenclador\",\"datePublished\":\"2025-06-19T13:31:05+00:00\",\"mainEntityOfPage\":{\"@id\":\"https:\\\/\\\/www.muyjujuy.com\\\/index.php\\\/2025\\\/06\\\/19\\\/el-isj-y-entidades-que-asisten-a-personas-con-discapacidad-acordaron-una-suba-en-el-valor-del-nomenclador\\\/\"},\"wordCount\":339,\"commentCount\":0,\"publisher\":{\"@id\":\"https:\\\/\\\/www.muyjujuy.com\\\/#organization\"},\"image\":{\"@id\":\"https:\\\/\\\/www.muyjujuy.com\\\/index.php\\\/2025\\\/06\\\/19\\\/el-isj-y-entidades-que-asisten-a-personas-con-discapacidad-acordaron-una-suba-en-el-valor-del-nomenclador\\\/#primaryimage\"},\"thumbnailUrl\":\"https:\\\/\\\/www.muyjujuy.com\\\/wp-content\\\/uploads\\\/2025\\\/06\\\/JUJUY.jpg\",\"articleSection\":[\"JUJUY\",\"Sociedad\"],\"inLanguage\":\"es-AR\",\"potentialAction\":[{\"@type\":\"CommentAction\",\"name\":\"Comment\",\"target\":[\"https:\\\/\\\/www.muyjujuy.com\\\/index.php\\\/2025\\\/06\\\/19\\\/el-isj-y-entidades-que-asisten-a-personas-con-discapacidad-acordaron-una-suba-en-el-valor-del-nomenclador\\\/#respond\"]}]},{\"@type\":\"WebPage\",\"@id\":\"https:\\\/\\\/www.muyjujuy.com\\\/index.php\\\/2025\\\/06\\\/19\\\/el-isj-y-entidades-que-asisten-a-personas-con-discapacidad-acordaron-una-suba-en-el-valor-del-nomenclador\\\/\",\"url\":\"https:\\\/\\\/www.muyjujuy.com\\\/index.php\\\/2025\\\/06\\\/19\\\/el-isj-y-entidades-que-asisten-a-personas-con-discapacidad-acordaron-una-suba-en-el-valor-del-nomenclador\\\/\",\"name\":\"El ISJ y entidades que asisten a personas con discapacidad acordaron una suba en el valor del nomenclador - Muy Jujuy\",\"isPartOf\":{\"@id\":\"https:\\\/\\\/www.muyjujuy.com\\\/#website\"},\"primaryImageOfPage\":{\"@id\":\"https:\\\/\\\/www.muyjujuy.com\\\/index.php\\\/2025\\\/06\\\/19\\\/el-isj-y-entidades-que-asisten-a-personas-con-discapacidad-acordaron-una-suba-en-el-valor-del-nomenclador\\\/#primaryimage\"},\"image\":{\"@id\":\"https:\\\/\\\/www.muyjujuy.com\\\/index.php\\\/2025\\\/06\\\/19\\\/el-isj-y-entidades-que-asisten-a-personas-con-discapacidad-acordaron-una-suba-en-el-valor-del-nomenclador\\\/#primaryimage\"},\"thumbnailUrl\":\"https:\\\/\\\/www.muyjujuy.com\\\/wp-content\\\/uploads\\\/2025\\\/06\\\/JUJUY.jpg\",\"datePublished\":\"2025-06-19T13:31:05+00:00\",\"breadcrumb\":{\"@id\":\"https:\\\/\\\/www.muyjujuy.com\\\/index.php\\\/2025\\\/06\\\/19\\\/el-isj-y-entidades-que-asisten-a-personas-con-discapacidad-acordaron-una-suba-en-el-valor-del-nomenclador\\\/#breadcrumb\"},\"inLanguage\":\"es-AR\",\"potentialAction\":[{\"@type\":\"ReadAction\",\"target\":[\"https:\\\/\\\/www.muyjujuy.com\\\/index.php\\\/2025\\\/06\\\/19\\\/el-isj-y-entidades-que-asisten-a-personas-con-discapacidad-acordaron-una-suba-en-el-valor-del-nomenclador\\\/\"]}]},{\"@type\":\"ImageObject\",\"inLanguage\":\"es-AR\",\"@id\":\"https:\\\/\\\/www.muyjujuy.com\\\/index.php\\\/2025\\\/06\\\/19\\\/el-isj-y-entidades-que-asisten-a-personas-con-discapacidad-acordaron-una-suba-en-el-valor-del-nomenclador\\\/#primaryimage\",\"url\":\"https:\\\/\\\/www.muyjujuy.com\\\/wp-content\\\/uploads\\\/2025\\\/06\\\/JUJUY.jpg\",\"contentUrl\":\"https:\\\/\\\/www.muyjujuy.com\\\/wp-content\\\/uploads\\\/2025\\\/06\\\/JUJUY.jpg\",\"width\":953,\"height\":542},{\"@type\":\"BreadcrumbList\",\"@id\":\"https:\\\/\\\/www.muyjujuy.com\\\/index.php\\\/2025\\\/06\\\/19\\\/el-isj-y-entidades-que-asisten-a-personas-con-discapacidad-acordaron-una-suba-en-el-valor-del-nomenclador\\\/#breadcrumb\",\"itemListElement\":[{\"@type\":\"ListItem\",\"position\":1,\"name\":\"Inicio\",\"item\":\"https:\\\/\\\/www.muyjujuy.com\\\/\"},{\"@type\":\"ListItem\",\"position\":2,\"name\":\"El ISJ y entidades que asisten a personas con discapacidad acordaron una suba en el valor del nomenclador\"}]},{\"@type\":\"WebSite\",\"@id\":\"https:\\\/\\\/www.muyjujuy.com\\\/#website\",\"url\":\"https:\\\/\\\/www.muyjujuy.com\\\/\",\"name\":\"Muy Jujuy\",\"description\":\"\",\"publisher\":{\"@id\":\"https:\\\/\\\/www.muyjujuy.com\\\/#organization\"},\"potentialAction\":[{\"@type\":\"SearchAction\",\"target\":{\"@type\":\"EntryPoint\",\"urlTemplate\":\"https:\\\/\\\/www.muyjujuy.com\\\/?s={search_term_string}\"},\"query-input\":{\"@type\":\"PropertyValueSpecification\",\"valueRequired\":true,\"valueName\":\"search_term_string\"}}],\"inLanguage\":\"es-AR\"},{\"@type\":\"Organization\",\"@id\":\"https:\\\/\\\/www.muyjujuy.com\\\/#organization\",\"name\":\"Muy Jujuy\",\"url\":\"https:\\\/\\\/www.muyjujuy.com\\\/\",\"logo\":{\"@type\":\"ImageObject\",\"inLanguage\":\"es-AR\",\"@id\":\"https:\\\/\\\/www.muyjujuy.com\\\/#\\\/schema\\\/logo\\\/image\\\/\",\"url\":\"http:\\\/\\\/www.muyjujuy.com\\\/wp-content\\\/uploads\\\/2022\\\/05\\\/logo-mobil-jujuy.png\",\"contentUrl\":\"http:\\\/\\\/www.muyjujuy.com\\\/wp-content\\\/uploads\\\/2022\\\/05\\\/logo-mobil-jujuy.png\",\"width\":174,\"height\":81,\"caption\":\"Muy Jujuy\"},\"image\":{\"@id\":\"https:\\\/\\\/www.muyjujuy.com\\\/#\\\/schema\\\/logo\\\/image\\\/\"},\"sameAs\":[\"https:\\\/\\\/www.facebook.com\\\/muyjujuycom\",\"https:\\\/\\\/x.com\\\/muyjujuy\",\"https:\\\/\\\/www.instagram.com\\\/muyjujuycom\"]},{\"@type\":\"Person\",\"@id\":\"https:\\\/\\\/www.muyjujuy.com\\\/#\\\/schema\\\/person\\\/a3b63db1f387ec4149299954904c5bf0\",\"name\":\"admin\",\"image\":{\"@type\":\"ImageObject\",\"inLanguage\":\"es-AR\",\"@id\":\"https:\\\/\\\/secure.gravatar.com\\\/avatar\\\/b6e63d8d3a73633362405a0ad27e9c28391755813b59886f19a99d6cef8a03fc?s=96&d=mm&r=g\",\"url\":\"https:\\\/\\\/secure.gravatar.com\\\/avatar\\\/b6e63d8d3a73633362405a0ad27e9c28391755813b59886f19a99d6cef8a03fc?s=96&d=mm&r=g\",\"contentUrl\":\"https:\\\/\\\/secure.gravatar.com\\\/avatar\\\/b6e63d8d3a73633362405a0ad27e9c28391755813b59886f19a99d6cef8a03fc?s=96&d=mm&r=g\",\"caption\":\"admin\"},\"url\":\"https:\\\/\\\/www.muyjujuy.com\\\/index.php\\\/author\\\/soyeleditor\\\/\"}]}<\/script>\n<!-- \/ Yoast SEO plugin. -->","yoast_head_json":{"title":"El ISJ y entidades que asisten a personas con discapacidad acordaron una suba en el valor del nomenclador - Muy Jujuy","robots":{"index":"index","follow":"follow","max-snippet":"max-snippet:-1","max-image-preview":"max-image-preview:large","max-video-preview":"max-video-preview:-1"},"canonical":"https:\/\/www.muyjujuy.com\/index.php\/2025\/06\/19\/el-isj-y-entidades-que-asisten-a-personas-con-discapacidad-acordaron-una-suba-en-el-valor-del-nomenclador\/","og_locale":"es_ES","og_type":"article","og_title":"El ISJ y entidades que asisten a personas con discapacidad acordaron una suba en el valor del nomenclador - Muy Jujuy","og_description":"Fundaciones, asociaciones y organizaciones brindan atenci\u00f3n a m\u00e1s de 2.100 beneficiarios de la obra social provincial. Con el fin de asegurar la cobertura de las prestaciones destinadas a personas con diversas condiciones, autoridades del Instituto de Seguros de Jujuy (ISJ) mantuvieron un encuentro con representantes de distintas fundaciones, asociaciones y entidades que desarrollan tareas vinculadas [&hellip;]","og_url":"https:\/\/www.muyjujuy.com\/index.php\/2025\/06\/19\/el-isj-y-entidades-que-asisten-a-personas-con-discapacidad-acordaron-una-suba-en-el-valor-del-nomenclador\/","og_site_name":"Muy Jujuy","article_publisher":"https:\/\/www.facebook.com\/muyjujuycom","article_published_time":"2025-06-19T13:31:05+00:00","author":"admin","twitter_card":"summary_large_image","twitter_creator":"@muyjujuy","twitter_site":"@muyjujuy","twitter_misc":{"Escrito por":"admin","Tiempo de lectura":"2 minutos"},"schema":{"@context":"https:\/\/schema.org","@graph":[{"@type":"Article","@id":"https:\/\/www.muyjujuy.com\/index.php\/2025\/06\/19\/el-isj-y-entidades-que-asisten-a-personas-con-discapacidad-acordaron-una-suba-en-el-valor-del-nomenclador\/#article","isPartOf":{"@id":"https:\/\/www.muyjujuy.com\/index.php\/2025\/06\/19\/el-isj-y-entidades-que-asisten-a-personas-con-discapacidad-acordaron-una-suba-en-el-valor-del-nomenclador\/"},"author":{"name":"admin","@id":"https:\/\/www.muyjujuy.com\/#\/schema\/person\/a3b63db1f387ec4149299954904c5bf0"},"headline":"El ISJ y entidades que asisten a personas con discapacidad acordaron una suba en el valor del nomenclador","datePublished":"2025-06-19T13:31:05+00:00","mainEntityOfPage":{"@id":"https:\/\/www.muyjujuy.com\/index.php\/2025\/06\/19\/el-isj-y-entidades-que-asisten-a-personas-con-discapacidad-acordaron-una-suba-en-el-valor-del-nomenclador\/"},"wordCount":339,"commentCount":0,"publisher":{"@id":"https:\/\/www.muyjujuy.com\/#organization"},"image":{"@id":"https:\/\/www.muyjujuy.com\/index.php\/2025\/06\/19\/el-isj-y-entidades-que-asisten-a-personas-con-discapacidad-acordaron-una-suba-en-el-valor-del-nomenclador\/#primaryimage"},"thumbnailUrl":"https:\/\/www.muyjujuy.com\/wp-content\/uploads\/2025\/06\/JUJUY.jpg","articleSection":["JUJUY","Sociedad"],"inLanguage":"es-AR","potentialAction":[{"@type":"CommentAction","name":"Comment","target":["https:\/\/www.muyjujuy.com\/index.php\/2025\/06\/19\/el-isj-y-entidades-que-asisten-a-personas-con-discapacidad-acordaron-una-suba-en-el-valor-del-nomenclador\/#respond"]}]},{"@type":"WebPage","@id":"https:\/\/www.muyjujuy.com\/index.php\/2025\/06\/19\/el-isj-y-entidades-que-asisten-a-personas-con-discapacidad-acordaron-una-suba-en-el-valor-del-nomenclador\/","url":"https:\/\/www.muyjujuy.com\/index.php\/2025\/06\/19\/el-isj-y-entidades-que-asisten-a-personas-con-discapacidad-acordaron-una-suba-en-el-valor-del-nomenclador\/","name":"El ISJ y entidades que asisten a personas con discapacidad acordaron una suba en el valor del nomenclador - Muy Jujuy","isPartOf":{"@id":"https:\/\/www.muyjujuy.com\/#website"},"primaryImageOfPage":{"@id":"https:\/\/www.muyjujuy.com\/index.php\/2025\/06\/19\/el-isj-y-entidades-que-asisten-a-personas-con-discapacidad-acordaron-una-suba-en-el-valor-del-nomenclador\/#primaryimage"},"image":{"@id":"https:\/\/www.muyjujuy.com\/index.php\/2025\/06\/19\/el-isj-y-entidades-que-asisten-a-personas-con-discapacidad-acordaron-una-suba-en-el-valor-del-nomenclador\/#primaryimage"},"thumbnailUrl":"https:\/\/www.muyjujuy.com\/wp-content\/uploads\/2025\/06\/JUJUY.jpg","datePublished":"2025-06-19T13:31:05+00:00","breadcrumb":{"@id":"https:\/\/www.muyjujuy.com\/index.php\/2025\/06\/19\/el-isj-y-entidades-que-asisten-a-personas-con-discapacidad-acordaron-una-suba-en-el-valor-del-nomenclador\/#breadcrumb"},"inLanguage":"es-AR","potentialAction":[{"@type":"ReadAction","target":["https:\/\/www.muyjujuy.com\/index.php\/2025\/06\/19\/el-isj-y-entidades-que-asisten-a-personas-con-discapacidad-acordaron-una-suba-en-el-valor-del-nomenclador\/"]}]},{"@type":"ImageObject","inLanguage":"es-AR","@id":"https:\/\/www.muyjujuy.com\/index.php\/2025\/06\/19\/el-isj-y-entidades-que-asisten-a-personas-con-discapacidad-acordaron-una-suba-en-el-valor-del-nomenclador\/#primaryimage","url":"https:\/\/www.muyjujuy.com\/wp-content\/uploads\/2025\/06\/JUJUY.jpg","contentUrl":"https:\/\/www.muyjujuy.com\/wp-content\/uploads\/2025\/06\/JUJUY.jpg","width":953,"height":542},{"@type":"BreadcrumbList","@id":"https:\/\/www.muyjujuy.com\/index.php\/2025\/06\/19\/el-isj-y-entidades-que-asisten-a-personas-con-discapacidad-acordaron-una-suba-en-el-valor-del-nomenclador\/#breadcrumb","itemListElement":[{"@type":"ListItem","position":1,"name":"Inicio","item":"https:\/\/www.muyjujuy.com\/"},{"@type":"ListItem","position":2,"name":"El ISJ y entidades que asisten a personas con discapacidad acordaron una suba en el valor del nomenclador"}]},{"@type":"WebSite","@id":"https:\/\/www.muyjujuy.com\/#website","url":"https:\/\/www.muyjujuy.com\/","name":"Muy Jujuy","description":"","publisher":{"@id":"https:\/\/www.muyjujuy.com\/#organization"},"potentialAction":[{"@type":"SearchAction","target":{"@type":"EntryPoint","urlTemplate":"https:\/\/www.muyjujuy.com\/?s={search_term_string}"},"query-input":{"@type":"PropertyValueSpecification","valueRequired":true,"valueName":"search_term_string"}}],"inLanguage":"es-AR"},{"@type":"Organization","@id":"https:\/\/www.muyjujuy.com\/#organization","name":"Muy Jujuy","url":"https:\/\/www.muyjujuy.com\/","logo":{"@type":"ImageObject","inLanguage":"es-AR","@id":"https:\/\/www.muyjujuy.com\/#\/schema\/logo\/image\/","url":"http:\/\/www.muyjujuy.com\/wp-content\/uploads\/2022\/05\/logo-mobil-jujuy.png","contentUrl":"http:\/\/www.muyjujuy.com\/wp-content\/uploads\/2022\/05\/logo-mobil-jujuy.png","width":174,"height":81,"caption":"Muy Jujuy"},"image":{"@id":"https:\/\/www.muyjujuy.com\/#\/schema\/logo\/image\/"},"sameAs":["https:\/\/www.facebook.com\/muyjujuycom","https:\/\/x.com\/muyjujuy","https:\/\/www.instagram.com\/muyjujuycom"]},{"@type":"Person","@id":"https:\/\/www.muyjujuy.com\/#\/schema\/person\/a3b63db1f387ec4149299954904c5bf0","name":"admin","image":{"@type":"ImageObject","inLanguage":"es-AR","@id":"https:\/\/secure.gravatar.com\/avatar\/b6e63d8d3a73633362405a0ad27e9c28391755813b59886f19a99d6cef8a03fc?s=96&d=mm&r=g","url":"https:\/\/secure.gravatar.com\/avatar\/b6e63d8d3a73633362405a0ad27e9c28391755813b59886f19a99d6cef8a03fc?s=96&d=mm&r=g","contentUrl":"https:\/\/secure.gravatar.com\/avatar\/b6e63d8d3a73633362405a0ad27e9c28391755813b59886f19a99d6cef8a03fc?s=96&d=mm&r=g","caption":"admin"},"url":"https:\/\/www.muyjujuy.com\/index.php\/author\/soyeleditor\/"}]}},"_links":{"self":[{"href":"https:\/\/www.muyjujuy.com\/index.php\/wp-json\/wp\/v2\/posts\/2592","targetHints":{"allow":["GET"]}}],"collection":[{"href":"https:\/\/www.muyjujuy.com\/index.php\/wp-json\/wp\/v2\/posts"}],"about":[{"href":"https:\/\/www.muyjujuy.com\/index.php\/wp-json\/wp\/v2\/types\/post"}],"author":[{"embeddable":true,"href":"https:\/\/www.muyjujuy.com\/index.php\/wp-json\/wp\/v2\/users\/1"}],"replies":[{"embeddable":true,"href":"https:\/\/www.muyjujuy.com\/index.php\/wp-json\/wp\/v2\/comments?post=2592"}],"version-history":[{"count":1,"href":"https:\/\/www.muyjujuy.com\/index.php\/wp-json\/wp\/v2\/posts\/2592\/revisions"}],"predecessor-version":[{"id":2594,"href":"https:\/\/www.muyjujuy.com\/index.php\/wp-json\/wp\/v2\/posts\/2592\/revisions\/2594"}],"wp:featuredmedia":[{"embeddable":true,"href":"https:\/\/www.muyjujuy.com\/index.php\/wp-json\/wp\/v2\/media\/2593"}],"wp:attachment":[{"href":"https:\/\/www.muyjujuy.com\/index.php\/wp-json\/wp\/v2\/media?parent=2592"}],"wp:term":[{"taxonomy":"category","embeddable":true,"href":"https:\/\/www.muyjujuy.com\/index.php\/wp-json\/wp\/v2\/categories?post=2592"},{"taxonomy":"post_tag","embeddable":true,"href":"https:\/\/www.muyjujuy.com\/index.php\/wp-json\/wp\/v2\/tags?post=2592"}],"curies":[{"name":"wp","href":"https:\/\/api.w.org\/{rel}","templated":true}]}}