{"id":2595,"date":"2025-06-24T10:38:55","date_gmt":"2025-06-24T13:38:55","guid":{"rendered":"https:\/\/www.muyjujuy.com\/?p=2595"},"modified":"2025-06-24T10:38:55","modified_gmt":"2025-06-24T13:38:55","slug":"se-entregaron-certificados-del-programa-usina-del-conocimiento-en-el-centro-de-visitantes-ledesma","status":"publish","type":"post","link":"https:\/\/www.muyjujuy.com\/index.php\/2025\/06\/24\/se-entregaron-certificados-del-programa-usina-del-conocimiento-en-el-centro-de-visitantes-ledesma\/","title":{"rendered":"Se entregaron certificados del programa \u201cUsina del Conocimiento\u201d en el Centro de Visitantes Ledesma"},"content":{"rendered":"\n<p>La jornada cont\u00f3 con el acompa\u00f1amiento de la empresa <strong>Ledesma<\/strong>, que colabor\u00f3 en el traslado del equipo t\u00e9cnico durante algunos m\u00f3dulos, y tuvo lugar en las instalaciones del <strong>Club Atl\u00e9tico Ledesma<\/strong>.<\/p>\n\n\n\n<p>Este <strong>lunes 23 de junio<\/strong>, en el sal\u00f3n del <strong>Centro de Visitantes Ledesma (LGSM)<\/strong>, se llev\u00f3 a cabo la <strong>entrega de certificados<\/strong> a quienes finalizaron satisfactoriamente los m\u00f3dulos del trayecto formativo <strong>\u201cUsina del Conocimiento: Constituci\u00f3n y Legalizaci\u00f3n de Organizaciones Sin Fines de Lucro\u201d<\/strong>.<\/p>\n\n\n\n<p>Con una asistencia destacada y antes de la entrega simb\u00f3lica de <strong>20 certificaciones representativas de un total de 50<\/strong>, la <strong>Directora Provincial de Relaciones con la Sociedad Civil, Ingrid Carretero<\/strong>, brind\u00f3 una exposici\u00f3n sobre el <strong>Relevamiento Provincial de Organizaciones de la Sociedad Civil (OSC)<\/strong> sin fines de lucro, subrayando la importancia de contar con informaci\u00f3n precisa para la toma de decisiones.<\/p>\n\n\n\n<p>A continuaci\u00f3n, se realiz\u00f3 el <strong>acto oficial de entrega de certificados<\/strong> a quienes participaron de la capacitaci\u00f3n entre <strong>julio y septiembre de 2024<\/strong>, enfocada en las herramientas necesarias para la <strong>creaci\u00f3n y regularizaci\u00f3n formal de una organizaci\u00f3n sin fines de lucro<\/strong>. La iniciativa cont\u00f3 con el apoyo log\u00edstico de la empresa <strong>Ledesma<\/strong> en el traslado de profesionales y se desarroll\u00f3 en el <strong>Club Atl\u00e9tico Ledesma<\/strong>.<\/p>\n\n\n\n<p>En este marco, la <strong>referente de Relaciones con la Comunidad de la empresa Ledesma, Daniela Orquera<\/strong>, remarc\u00f3 que esta es la <strong>tercera edici\u00f3n consecutiva del programa<\/strong>, destacando que \u201cla intenci\u00f3n es continuar brindando esta formaci\u00f3n para que m\u00e1s personas adquieran habilidades t\u00e9cnicas y puedan <strong>gestionar proyectos a nivel provincial, nacional e internacional<\/strong>, considerando que la personer\u00eda jur\u00eddica es clave para operar ante organismos estatales y entidades internacionales\u201d.<\/p>\n\n\n\n<p>El curso fue <strong>declarado de Inter\u00e9s Educativo por el Ministerio de Educaci\u00f3n de la provincia<\/strong> y se dise\u00f1\u00f3 con un enfoque de <strong>doble impacto<\/strong>: por un lado, permitir que los referentes de <strong>OSC<\/strong> se capaciten en temas legales y administrativos; y por otro, habilitar a los participantes a generar ingresos mediante <strong>servicios de asesoramiento y acompa\u00f1amiento<\/strong> a otras organizaciones que buscan formalizarse.<\/p>\n\n\n\n<p>El <strong>secretario de Justicia, Javier Gronda<\/strong>, valor\u00f3 positivamente el desarrollo de este tipo de propuestas formativas, expresando que son fundamentales \u201cpara cumplir con los <strong>requisitos legales para constituir asociaciones<\/strong>, como registrar una cuenta en <strong>AFIP<\/strong>, tener los <strong>balances al d\u00eda<\/strong> y realizar las <strong>elecciones internas en forma transparente<\/strong>\u201d.<\/p>\n\n\n\n<p>Finalmente, el funcionario provincial agradeci\u00f3 a <strong>Ledesma<\/strong> por su compromiso con estas acciones, y destac\u00f3 que las <strong>organizaciones sociales<\/strong>, <strong>clubes barriales<\/strong> y <strong>centros vecinales<\/strong> son actores esenciales, por lo que resulta indispensable que <strong>regularicen su documentaci\u00f3n<\/strong> para poder acceder a <strong>beneficios y programas estatales<\/strong>.<\/p>\n\n\n\n<p><strong>Somos Ledesma<\/strong><br>Fundada en <strong>1908 como un ingenio azucarero en Jujuy<\/strong>, <strong>Ledesma<\/strong> es una <strong>compa\u00f1\u00eda agroindustrial argentina<\/strong> que lidera los mercados nacionales de <strong>az\u00facar y papel<\/strong>, producidos a partir de la <strong>fibra de ca\u00f1a de az\u00facar<\/strong>. La empresa invierte de forma continua en <strong>innovaci\u00f3n y tecnolog\u00eda<\/strong>, buscando agregar valor mediante la <strong>integraci\u00f3n de sus procesos<\/strong>, alineando su desarrollo econ\u00f3mico con el <strong>progreso social y la sostenibilidad ambiental<\/strong> en las comunidades donde est\u00e1 presente.<\/p>\n","protected":false},"excerpt":{"rendered":"<p>La jornada cont\u00f3 con el acompa\u00f1amiento de la empresa Ledesma, que colabor\u00f3 en el traslado del equipo t\u00e9cnico durante algunos m\u00f3dulos, y tuvo lugar en las instalaciones del Club Atl\u00e9tico Ledesma. Este lunes 23 de junio, en el sal\u00f3n del Centro de Visitantes Ledesma (LGSM), se llev\u00f3 a cabo la entrega de certificados a quienes [&hellip;]<\/p>\n","protected":false},"author":1,"featured_media":2596,"comment_status":"open","ping_status":"open","sticky":false,"template":"","format":"standard","meta":{"footnotes":""},"categories":[863,25],"tags":[],"class_list":{"0":"post-2595","1":"post","2":"type-post","3":"status-publish","4":"format-standard","5":"has-post-thumbnail","7":"category-jujuy","8":"category-sociedad"},"yoast_head":"<!-- This site is optimized with the Yoast SEO plugin v27.5 - https:\/\/yoast.com\/product\/yoast-seo-wordpress\/ -->\n<title>Se entregaron certificados del programa \u201cUsina del Conocimiento\u201d en el Centro de Visitantes Ledesma - Muy Jujuy<\/title>\n<meta name=\"robots\" content=\"index, follow, max-snippet:-1, max-image-preview:large, max-video-preview:-1\" \/>\n<link rel=\"canonical\" href=\"https:\/\/www.muyjujuy.com\/index.php\/2025\/06\/24\/se-entregaron-certificados-del-programa-usina-del-conocimiento-en-el-centro-de-visitantes-ledesma\/\" \/>\n<meta property=\"og:locale\" content=\"es_ES\" \/>\n<meta property=\"og:type\" content=\"article\" \/>\n<meta property=\"og:title\" content=\"Se entregaron certificados del programa \u201cUsina del Conocimiento\u201d en el Centro de Visitantes Ledesma - Muy Jujuy\" \/>\n<meta property=\"og:description\" content=\"La jornada cont\u00f3 con el acompa\u00f1amiento de la empresa Ledesma, que colabor\u00f3 en el traslado del equipo t\u00e9cnico durante algunos m\u00f3dulos, y tuvo lugar en las instalaciones del Club Atl\u00e9tico Ledesma. Este lunes 23 de junio, en el sal\u00f3n del Centro de Visitantes Ledesma (LGSM), se llev\u00f3 a cabo la entrega de certificados a quienes [&hellip;]\" \/>\n<meta property=\"og:url\" content=\"https:\/\/www.muyjujuy.com\/index.php\/2025\/06\/24\/se-entregaron-certificados-del-programa-usina-del-conocimiento-en-el-centro-de-visitantes-ledesma\/\" \/>\n<meta property=\"og:site_name\" content=\"Muy Jujuy\" \/>\n<meta property=\"article:publisher\" content=\"https:\/\/www.facebook.com\/muyjujuycom\" \/>\n<meta property=\"article:published_time\" content=\"2025-06-24T13:38:55+00:00\" \/>\n<meta name=\"author\" content=\"admin\" \/>\n<meta name=\"twitter:card\" content=\"summary_large_image\" \/>\n<meta name=\"twitter:creator\" content=\"@muyjujuy\" \/>\n<meta name=\"twitter:site\" content=\"@muyjujuy\" \/>\n<meta name=\"twitter:label1\" content=\"Escrito por\" \/>\n\t<meta name=\"twitter:data1\" content=\"admin\" \/>\n\t<meta name=\"twitter:label2\" content=\"Tiempo de lectura\" \/>\n\t<meta name=\"twitter:data2\" content=\"3 minutos\" \/>\n<script type=\"application\/ld+json\" class=\"yoast-schema-graph\">{\"@context\":\"https:\\\/\\\/schema.org\",\"@graph\":[{\"@type\":\"Article\",\"@id\":\"https:\\\/\\\/www.muyjujuy.com\\\/index.php\\\/2025\\\/06\\\/24\\\/se-entregaron-certificados-del-programa-usina-del-conocimiento-en-el-centro-de-visitantes-ledesma\\\/#article\",\"isPartOf\":{\"@id\":\"https:\\\/\\\/www.muyjujuy.com\\\/index.php\\\/2025\\\/06\\\/24\\\/se-entregaron-certificados-del-programa-usina-del-conocimiento-en-el-centro-de-visitantes-ledesma\\\/\"},\"author\":{\"name\":\"admin\",\"@id\":\"https:\\\/\\\/www.muyjujuy.com\\\/#\\\/schema\\\/person\\\/a3b63db1f387ec4149299954904c5bf0\"},\"headline\":\"Se entregaron certificados del programa \u201cUsina del Conocimiento\u201d en el Centro de Visitantes Ledesma\",\"datePublished\":\"2025-06-24T13:38:55+00:00\",\"mainEntityOfPage\":{\"@id\":\"https:\\\/\\\/www.muyjujuy.com\\\/index.php\\\/2025\\\/06\\\/24\\\/se-entregaron-certificados-del-programa-usina-del-conocimiento-en-el-centro-de-visitantes-ledesma\\\/\"},\"wordCount\":541,\"commentCount\":0,\"publisher\":{\"@id\":\"https:\\\/\\\/www.muyjujuy.com\\\/#organization\"},\"image\":{\"@id\":\"https:\\\/\\\/www.muyjujuy.com\\\/index.php\\\/2025\\\/06\\\/24\\\/se-entregaron-certificados-del-programa-usina-del-conocimiento-en-el-centro-de-visitantes-ledesma\\\/#primaryimage\"},\"thumbnailUrl\":\"https:\\\/\\\/www.muyjujuy.com\\\/wp-content\\\/uploads\\\/2025\\\/06\\\/JUJUY-1.jpg\",\"articleSection\":[\"JUJUY\",\"Sociedad\"],\"inLanguage\":\"es-AR\",\"potentialAction\":[{\"@type\":\"CommentAction\",\"name\":\"Comment\",\"target\":[\"https:\\\/\\\/www.muyjujuy.com\\\/index.php\\\/2025\\\/06\\\/24\\\/se-entregaron-certificados-del-programa-usina-del-conocimiento-en-el-centro-de-visitantes-ledesma\\\/#respond\"]}]},{\"@type\":\"WebPage\",\"@id\":\"https:\\\/\\\/www.muyjujuy.com\\\/index.php\\\/2025\\\/06\\\/24\\\/se-entregaron-certificados-del-programa-usina-del-conocimiento-en-el-centro-de-visitantes-ledesma\\\/\",\"url\":\"https:\\\/\\\/www.muyjujuy.com\\\/index.php\\\/2025\\\/06\\\/24\\\/se-entregaron-certificados-del-programa-usina-del-conocimiento-en-el-centro-de-visitantes-ledesma\\\/\",\"name\":\"Se entregaron certificados del programa \u201cUsina del Conocimiento\u201d en el Centro de Visitantes Ledesma - Muy Jujuy\",\"isPartOf\":{\"@id\":\"https:\\\/\\\/www.muyjujuy.com\\\/#website\"},\"primaryImageOfPage\":{\"@id\":\"https:\\\/\\\/www.muyjujuy.com\\\/index.php\\\/2025\\\/06\\\/24\\\/se-entregaron-certificados-del-programa-usina-del-conocimiento-en-el-centro-de-visitantes-ledesma\\\/#primaryimage\"},\"image\":{\"@id\":\"https:\\\/\\\/www.muyjujuy.com\\\/index.php\\\/2025\\\/06\\\/24\\\/se-entregaron-certificados-del-programa-usina-del-conocimiento-en-el-centro-de-visitantes-ledesma\\\/#primaryimage\"},\"thumbnailUrl\":\"https:\\\/\\\/www.muyjujuy.com\\\/wp-content\\\/uploads\\\/2025\\\/06\\\/JUJUY-1.jpg\",\"datePublished\":\"2025-06-24T13:38:55+00:00\",\"breadcrumb\":{\"@id\":\"https:\\\/\\\/www.muyjujuy.com\\\/index.php\\\/2025\\\/06\\\/24\\\/se-entregaron-certificados-del-programa-usina-del-conocimiento-en-el-centro-de-visitantes-ledesma\\\/#breadcrumb\"},\"inLanguage\":\"es-AR\",\"potentialAction\":[{\"@type\":\"ReadAction\",\"target\":[\"https:\\\/\\\/www.muyjujuy.com\\\/index.php\\\/2025\\\/06\\\/24\\\/se-entregaron-certificados-del-programa-usina-del-conocimiento-en-el-centro-de-visitantes-ledesma\\\/\"]}]},{\"@type\":\"ImageObject\",\"inLanguage\":\"es-AR\",\"@id\":\"https:\\\/\\\/www.muyjujuy.com\\\/index.php\\\/2025\\\/06\\\/24\\\/se-entregaron-certificados-del-programa-usina-del-conocimiento-en-el-centro-de-visitantes-ledesma\\\/#primaryimage\",\"url\":\"https:\\\/\\\/www.muyjujuy.com\\\/wp-content\\\/uploads\\\/2025\\\/06\\\/JUJUY-1.jpg\",\"contentUrl\":\"https:\\\/\\\/www.muyjujuy.com\\\/wp-content\\\/uploads\\\/2025\\\/06\\\/JUJUY-1.jpg\",\"width\":863,\"height\":525},{\"@type\":\"BreadcrumbList\",\"@id\":\"https:\\\/\\\/www.muyjujuy.com\\\/index.php\\\/2025\\\/06\\\/24\\\/se-entregaron-certificados-del-programa-usina-del-conocimiento-en-el-centro-de-visitantes-ledesma\\\/#breadcrumb\",\"itemListElement\":[{\"@type\":\"ListItem\",\"position\":1,\"name\":\"Inicio\",\"item\":\"https:\\\/\\\/www.muyjujuy.com\\\/\"},{\"@type\":\"ListItem\",\"position\":2,\"name\":\"Se entregaron certificados del programa \u201cUsina del Conocimiento\u201d en el Centro de Visitantes Ledesma\"}]},{\"@type\":\"WebSite\",\"@id\":\"https:\\\/\\\/www.muyjujuy.com\\\/#website\",\"url\":\"https:\\\/\\\/www.muyjujuy.com\\\/\",\"name\":\"Muy Jujuy\",\"description\":\"\",\"publisher\":{\"@id\":\"https:\\\/\\\/www.muyjujuy.com\\\/#organization\"},\"potentialAction\":[{\"@type\":\"SearchAction\",\"target\":{\"@type\":\"EntryPoint\",\"urlTemplate\":\"https:\\\/\\\/www.muyjujuy.com\\\/?s={search_term_string}\"},\"query-input\":{\"@type\":\"PropertyValueSpecification\",\"valueRequired\":true,\"valueName\":\"search_term_string\"}}],\"inLanguage\":\"es-AR\"},{\"@type\":\"Organization\",\"@id\":\"https:\\\/\\\/www.muyjujuy.com\\\/#organization\",\"name\":\"Muy Jujuy\",\"url\":\"https:\\\/\\\/www.muyjujuy.com\\\/\",\"logo\":{\"@type\":\"ImageObject\",\"inLanguage\":\"es-AR\",\"@id\":\"https:\\\/\\\/www.muyjujuy.com\\\/#\\\/schema\\\/logo\\\/image\\\/\",\"url\":\"http:\\\/\\\/www.muyjujuy.com\\\/wp-content\\\/uploads\\\/2022\\\/05\\\/logo-mobil-jujuy.png\",\"contentUrl\":\"http:\\\/\\\/www.muyjujuy.com\\\/wp-content\\\/uploads\\\/2022\\\/05\\\/logo-mobil-jujuy.png\",\"width\":174,\"height\":81,\"caption\":\"Muy Jujuy\"},\"image\":{\"@id\":\"https:\\\/\\\/www.muyjujuy.com\\\/#\\\/schema\\\/logo\\\/image\\\/\"},\"sameAs\":[\"https:\\\/\\\/www.facebook.com\\\/muyjujuycom\",\"https:\\\/\\\/x.com\\\/muyjujuy\",\"https:\\\/\\\/www.instagram.com\\\/muyjujuycom\"]},{\"@type\":\"Person\",\"@id\":\"https:\\\/\\\/www.muyjujuy.com\\\/#\\\/schema\\\/person\\\/a3b63db1f387ec4149299954904c5bf0\",\"name\":\"admin\",\"image\":{\"@type\":\"ImageObject\",\"inLanguage\":\"es-AR\",\"@id\":\"https:\\\/\\\/secure.gravatar.com\\\/avatar\\\/b6e63d8d3a73633362405a0ad27e9c28391755813b59886f19a99d6cef8a03fc?s=96&d=mm&r=g\",\"url\":\"https:\\\/\\\/secure.gravatar.com\\\/avatar\\\/b6e63d8d3a73633362405a0ad27e9c28391755813b59886f19a99d6cef8a03fc?s=96&d=mm&r=g\",\"contentUrl\":\"https:\\\/\\\/secure.gravatar.com\\\/avatar\\\/b6e63d8d3a73633362405a0ad27e9c28391755813b59886f19a99d6cef8a03fc?s=96&d=mm&r=g\",\"caption\":\"admin\"},\"url\":\"https:\\\/\\\/www.muyjujuy.com\\\/index.php\\\/author\\\/soyeleditor\\\/\"}]}<\/script>\n<!-- \/ Yoast SEO plugin. -->","yoast_head_json":{"title":"Se entregaron certificados del programa \u201cUsina del Conocimiento\u201d en el Centro de Visitantes Ledesma - Muy Jujuy","robots":{"index":"index","follow":"follow","max-snippet":"max-snippet:-1","max-image-preview":"max-image-preview:large","max-video-preview":"max-video-preview:-1"},"canonical":"https:\/\/www.muyjujuy.com\/index.php\/2025\/06\/24\/se-entregaron-certificados-del-programa-usina-del-conocimiento-en-el-centro-de-visitantes-ledesma\/","og_locale":"es_ES","og_type":"article","og_title":"Se entregaron certificados del programa \u201cUsina del Conocimiento\u201d en el Centro de Visitantes Ledesma - Muy Jujuy","og_description":"La jornada cont\u00f3 con el acompa\u00f1amiento de la empresa Ledesma, que colabor\u00f3 en el traslado del equipo t\u00e9cnico durante algunos m\u00f3dulos, y tuvo lugar en las instalaciones del Club Atl\u00e9tico Ledesma. Este lunes 23 de junio, en el sal\u00f3n del Centro de Visitantes Ledesma (LGSM), se llev\u00f3 a cabo la entrega de certificados a quienes [&hellip;]","og_url":"https:\/\/www.muyjujuy.com\/index.php\/2025\/06\/24\/se-entregaron-certificados-del-programa-usina-del-conocimiento-en-el-centro-de-visitantes-ledesma\/","og_site_name":"Muy Jujuy","article_publisher":"https:\/\/www.facebook.com\/muyjujuycom","article_published_time":"2025-06-24T13:38:55+00:00","author":"admin","twitter_card":"summary_large_image","twitter_creator":"@muyjujuy","twitter_site":"@muyjujuy","twitter_misc":{"Escrito por":"admin","Tiempo de lectura":"3 minutos"},"schema":{"@context":"https:\/\/schema.org","@graph":[{"@type":"Article","@id":"https:\/\/www.muyjujuy.com\/index.php\/2025\/06\/24\/se-entregaron-certificados-del-programa-usina-del-conocimiento-en-el-centro-de-visitantes-ledesma\/#article","isPartOf":{"@id":"https:\/\/www.muyjujuy.com\/index.php\/2025\/06\/24\/se-entregaron-certificados-del-programa-usina-del-conocimiento-en-el-centro-de-visitantes-ledesma\/"},"author":{"name":"admin","@id":"https:\/\/www.muyjujuy.com\/#\/schema\/person\/a3b63db1f387ec4149299954904c5bf0"},"headline":"Se entregaron certificados del programa \u201cUsina del Conocimiento\u201d en el Centro de Visitantes Ledesma","datePublished":"2025-06-24T13:38:55+00:00","mainEntityOfPage":{"@id":"https:\/\/www.muyjujuy.com\/index.php\/2025\/06\/24\/se-entregaron-certificados-del-programa-usina-del-conocimiento-en-el-centro-de-visitantes-ledesma\/"},"wordCount":541,"commentCount":0,"publisher":{"@id":"https:\/\/www.muyjujuy.com\/#organization"},"image":{"@id":"https:\/\/www.muyjujuy.com\/index.php\/2025\/06\/24\/se-entregaron-certificados-del-programa-usina-del-conocimiento-en-el-centro-de-visitantes-ledesma\/#primaryimage"},"thumbnailUrl":"https:\/\/www.muyjujuy.com\/wp-content\/uploads\/2025\/06\/JUJUY-1.jpg","articleSection":["JUJUY","Sociedad"],"inLanguage":"es-AR","potentialAction":[{"@type":"CommentAction","name":"Comment","target":["https:\/\/www.muyjujuy.com\/index.php\/2025\/06\/24\/se-entregaron-certificados-del-programa-usina-del-conocimiento-en-el-centro-de-visitantes-ledesma\/#respond"]}]},{"@type":"WebPage","@id":"https:\/\/www.muyjujuy.com\/index.php\/2025\/06\/24\/se-entregaron-certificados-del-programa-usina-del-conocimiento-en-el-centro-de-visitantes-ledesma\/","url":"https:\/\/www.muyjujuy.com\/index.php\/2025\/06\/24\/se-entregaron-certificados-del-programa-usina-del-conocimiento-en-el-centro-de-visitantes-ledesma\/","name":"Se entregaron certificados del programa \u201cUsina del Conocimiento\u201d en el Centro de Visitantes Ledesma - Muy Jujuy","isPartOf":{"@id":"https:\/\/www.muyjujuy.com\/#website"},"primaryImageOfPage":{"@id":"https:\/\/www.muyjujuy.com\/index.php\/2025\/06\/24\/se-entregaron-certificados-del-programa-usina-del-conocimiento-en-el-centro-de-visitantes-ledesma\/#primaryimage"},"image":{"@id":"https:\/\/www.muyjujuy.com\/index.php\/2025\/06\/24\/se-entregaron-certificados-del-programa-usina-del-conocimiento-en-el-centro-de-visitantes-ledesma\/#primaryimage"},"thumbnailUrl":"https:\/\/www.muyjujuy.com\/wp-content\/uploads\/2025\/06\/JUJUY-1.jpg","datePublished":"2025-06-24T13:38:55+00:00","breadcrumb":{"@id":"https:\/\/www.muyjujuy.com\/index.php\/2025\/06\/24\/se-entregaron-certificados-del-programa-usina-del-conocimiento-en-el-centro-de-visitantes-ledesma\/#breadcrumb"},"inLanguage":"es-AR","potentialAction":[{"@type":"ReadAction","target":["https:\/\/www.muyjujuy.com\/index.php\/2025\/06\/24\/se-entregaron-certificados-del-programa-usina-del-conocimiento-en-el-centro-de-visitantes-ledesma\/"]}]},{"@type":"ImageObject","inLanguage":"es-AR","@id":"https:\/\/www.muyjujuy.com\/index.php\/2025\/06\/24\/se-entregaron-certificados-del-programa-usina-del-conocimiento-en-el-centro-de-visitantes-ledesma\/#primaryimage","url":"https:\/\/www.muyjujuy.com\/wp-content\/uploads\/2025\/06\/JUJUY-1.jpg","contentUrl":"https:\/\/www.muyjujuy.com\/wp-content\/uploads\/2025\/06\/JUJUY-1.jpg","width":863,"height":525},{"@type":"BreadcrumbList","@id":"https:\/\/www.muyjujuy.com\/index.php\/2025\/06\/24\/se-entregaron-certificados-del-programa-usina-del-conocimiento-en-el-centro-de-visitantes-ledesma\/#breadcrumb","itemListElement":[{"@type":"ListItem","position":1,"name":"Inicio","item":"https:\/\/www.muyjujuy.com\/"},{"@type":"ListItem","position":2,"name":"Se entregaron certificados del programa \u201cUsina del Conocimiento\u201d en el Centro de Visitantes Ledesma"}]},{"@type":"WebSite","@id":"https:\/\/www.muyjujuy.com\/#website","url":"https:\/\/www.muyjujuy.com\/","name":"Muy Jujuy","description":"","publisher":{"@id":"https:\/\/www.muyjujuy.com\/#organization"},"potentialAction":[{"@type":"SearchAction","target":{"@type":"EntryPoint","urlTemplate":"https:\/\/www.muyjujuy.com\/?s={search_term_string}"},"query-input":{"@type":"PropertyValueSpecification","valueRequired":true,"valueName":"search_term_string"}}],"inLanguage":"es-AR"},{"@type":"Organization","@id":"https:\/\/www.muyjujuy.com\/#organization","name":"Muy Jujuy","url":"https:\/\/www.muyjujuy.com\/","logo":{"@type":"ImageObject","inLanguage":"es-AR","@id":"https:\/\/www.muyjujuy.com\/#\/schema\/logo\/image\/","url":"http:\/\/www.muyjujuy.com\/wp-content\/uploads\/2022\/05\/logo-mobil-jujuy.png","contentUrl":"http:\/\/www.muyjujuy.com\/wp-content\/uploads\/2022\/05\/logo-mobil-jujuy.png","width":174,"height":81,"caption":"Muy Jujuy"},"image":{"@id":"https:\/\/www.muyjujuy.com\/#\/schema\/logo\/image\/"},"sameAs":["https:\/\/www.facebook.com\/muyjujuycom","https:\/\/x.com\/muyjujuy","https:\/\/www.instagram.com\/muyjujuycom"]},{"@type":"Person","@id":"https:\/\/www.muyjujuy.com\/#\/schema\/person\/a3b63db1f387ec4149299954904c5bf0","name":"admin","image":{"@type":"ImageObject","inLanguage":"es-AR","@id":"https:\/\/secure.gravatar.com\/avatar\/b6e63d8d3a73633362405a0ad27e9c28391755813b59886f19a99d6cef8a03fc?s=96&d=mm&r=g","url":"https:\/\/secure.gravatar.com\/avatar\/b6e63d8d3a73633362405a0ad27e9c28391755813b59886f19a99d6cef8a03fc?s=96&d=mm&r=g","contentUrl":"https:\/\/secure.gravatar.com\/avatar\/b6e63d8d3a73633362405a0ad27e9c28391755813b59886f19a99d6cef8a03fc?s=96&d=mm&r=g","caption":"admin"},"url":"https:\/\/www.muyjujuy.com\/index.php\/author\/soyeleditor\/"}]}},"_links":{"self":[{"href":"https:\/\/www.muyjujuy.com\/index.php\/wp-json\/wp\/v2\/posts\/2595","targetHints":{"allow":["GET"]}}],"collection":[{"href":"https:\/\/www.muyjujuy.com\/index.php\/wp-json\/wp\/v2\/posts"}],"about":[{"href":"https:\/\/www.muyjujuy.com\/index.php\/wp-json\/wp\/v2\/types\/post"}],"author":[{"embeddable":true,"href":"https:\/\/www.muyjujuy.com\/index.php\/wp-json\/wp\/v2\/users\/1"}],"replies":[{"embeddable":true,"href":"https:\/\/www.muyjujuy.com\/index.php\/wp-json\/wp\/v2\/comments?post=2595"}],"version-history":[{"count":1,"href":"https:\/\/www.muyjujuy.com\/index.php\/wp-json\/wp\/v2\/posts\/2595\/revisions"}],"predecessor-version":[{"id":2597,"href":"https:\/\/www.muyjujuy.com\/index.php\/wp-json\/wp\/v2\/posts\/2595\/revisions\/2597"}],"wp:featuredmedia":[{"embeddable":true,"href":"https:\/\/www.muyjujuy.com\/index.php\/wp-json\/wp\/v2\/media\/2596"}],"wp:attachment":[{"href":"https:\/\/www.muyjujuy.com\/index.php\/wp-json\/wp\/v2\/media?parent=2595"}],"wp:term":[{"taxonomy":"category","embeddable":true,"href":"https:\/\/www.muyjujuy.com\/index.php\/wp-json\/wp\/v2\/categories?post=2595"},{"taxonomy":"post_tag","embeddable":true,"href":"https:\/\/www.muyjujuy.com\/index.php\/wp-json\/wp\/v2\/tags?post=2595"}],"curies":[{"name":"wp","href":"https:\/\/api.w.org\/{rel}","templated":true}]}}