{"id":2598,"date":"2025-06-24T10:48:31","date_gmt":"2025-06-24T13:48:31","guid":{"rendered":"https:\/\/www.muyjujuy.com\/?p=2598"},"modified":"2025-06-24T10:48:31","modified_gmt":"2025-06-24T13:48:31","slug":"luz-tito-es-finalista-de-gran-hermano-2025","status":"publish","type":"post","link":"https:\/\/www.muyjujuy.com\/index.php\/2025\/06\/24\/luz-tito-es-finalista-de-gran-hermano-2025\/","title":{"rendered":"Luz Tito es finalista de Gran Hermano 2025"},"content":{"rendered":"\n<p>En una jornada cargada de emociones, el reality vivi\u00f3 una noche definitoria con la elecci\u00f3n del p\u00fablico entre <strong>Tato, Ulises, Eugenia y Luz<\/strong>.<\/p>\n\n\n\n<p>Tras casi <strong>siete meses de convivencia<\/strong>, el reconocido ciclo televisivo <strong>Gran Hermano<\/strong> entra en su tramo final. Este <strong>lunes por la noche<\/strong>, se desarroll\u00f3 una gala determinante con la <strong>eliminaci\u00f3n del cuarto finalista<\/strong> y la confirmaci\u00f3n de los tres competidores que disputar\u00e1n el premio mayor en menos de 24 horas. En un clima de gran expectativa, fue <strong>Eugenia Ruiz<\/strong> quien tuvo que abandonar la casa, quedando a un paso de la instancia decisiva.<\/p>\n\n\n\n<p>Desde temprano, la tensi\u00f3n se sent\u00eda tanto en el estudio como dentro del juego. <strong>Eugenia, Luz Tito, Santiago Algorta y Ulises Ap\u00f3stolo<\/strong> compartieron sus \u00faltimas horas juntos, rememorando estrategias, v\u00ednculos y momentos de gran intensidad emocional. El veredicto qued\u00f3, como siempre, en manos de la audiencia: una vez finalizada la votaci\u00f3n, fue <strong>Santiago del Moro<\/strong> quien revel\u00f3 los resultados en vivo.<\/p>\n\n\n\n<p>La primera noticia trajo alivio: el conductor anunci\u00f3 que <strong>Ulises y Luz<\/strong> eran los dos primeros <strong>finalistas confirmados<\/strong>, lo que gener\u00f3 una explosi\u00f3n de festejos dentro de la casa. El cordob\u00e9s, fiel a su estilo, sali\u00f3 corriendo al jard\u00edn, se quit\u00f3 la ropa y se lanz\u00f3 a la pileta a pesar de las bajas temperaturas. <strong>Luz<\/strong>, emocionada, se fundi\u00f3 en abrazos con sus compa\u00f1eros del <strong>&#8220;Tridente&#8221;<\/strong>, la alianza que supo consolidar desde el comienzo del programa.<\/p>\n\n\n\n<p>Finalmente, lleg\u00f3 el momento m\u00e1s esperado. <strong>Eugenia<\/strong> se qued\u00f3 con el <strong>cuarto lugar<\/strong>, lo que le vali\u00f3 un <strong>premio especial<\/strong>: un viaje con todo pago a <strong>Bariloche<\/strong> y una <strong>motocicleta<\/strong>. Conmovida, la actriz y m\u00e9dica oriunda de Santiago del Estero expres\u00f3 con incredulidad: \u201c\u00bfYa me voy?\u201d. A lo que Del Moro respondi\u00f3 con calidez: <strong>\u201cEuge, cuarto puesto, despedite tranquila y sal\u00ed de esa casa como una reina\u201d<\/strong>.<\/p>\n\n\n\n<p>Entre risas y bromas, <strong>Eugenia<\/strong> se despidi\u00f3 uno por uno de sus compa\u00f1eros y no perdi\u00f3 la ocasi\u00f3n para comentar, divertida, el caos que dej\u00f3 <strong>Ulises<\/strong> tras su celebraci\u00f3n: <strong>\u201c\u00a1Miren el quil&#8230; que dej\u00f3 Ulises ac\u00e1!\u201d<\/strong>, exclam\u00f3 entre carcajadas mientras caminaba por la cocina. Pero la emoci\u00f3n volvi\u00f3 a apoderarse del ambiente cuando la <strong>voz de Gran Hermano<\/strong> apareci\u00f3 para dedicarle un mensaje lleno de afecto.<\/p>\n\n\n\n<p><strong>\u201cEugenia, sos una gran participante. Llegaste hasta el final con tu talento, tu simpat\u00eda y una forma de comunicar \u00fanica que impact\u00f3 tanto adentro como afuera. Te sobrepusiste a momentos de incertidumbre y angustia, sobre todo por tu hijo. Sos valiente, una gran mam\u00e1, y una jugadora que va a quedar en la historia del programa\u201d<\/strong>, expres\u00f3 la inconfundible voz del reality. Y concluy\u00f3 con una frase que conmovi\u00f3 a todos: <strong>\u201cEsta aventura se termina, pero otras te esperan. S\u00e9 lo que te digo. Confi\u00e1 en vos y en todo lo que pod\u00e9s lograr. Euge, que tengas una muy buena vida\u201d<\/strong>.<\/p>\n\n\n\n<p>Con esas palabras, <strong>Eugenia<\/strong> atraves\u00f3 la puerta que puso fin a sus casi siete meses de encierro, estrategias, emociones y aprendizajes. Obtuvo el <strong>15,7\u202f% de los votos positivos<\/strong>, lo que la dej\u00f3 fuera de la definici\u00f3n por el gran premio. Pero la sorpresa no termin\u00f3 ah\u00ed: una vez en el estudio, le ofrecieron <strong>sumarse como panelista<\/strong> en la pr\u00f3xima edici\u00f3n del ciclo: <strong>Gran Hermano: generaci\u00f3n dorada<\/strong>, asegurando as\u00ed su permanencia en la televisi\u00f3n.<\/p>\n\n\n\n<p>Desde su ingreso, <strong>Eugenia<\/strong> dej\u00f3 en claro que su paso por el programa iba m\u00e1s all\u00e1 del entretenimiento. Reconocida en redes sociales por sus videos de chimentos, se present\u00f3 como <strong>m\u00e9dica no ejerciente<\/strong>, centrada en su <strong>vocaci\u00f3n art\u00edstica<\/strong>. <strong>\u201cSoy copada, carism\u00e1tica, me hago cargo. Cuando llego hay fiesta. Me los voy a meter a todos en el bolsillo. Soy un combo raro\u201d<\/strong>, hab\u00eda dicho al entrar, una afirmaci\u00f3n que result\u00f3 casi premonitoria.<\/p>\n\n\n\n<p>Su estad\u00eda fue intensa y variada: atraves\u00f3 <strong>discusiones, emociones profundas y gestos que la posicionaron como una de las favoritas<\/strong> del p\u00fablico. Su <strong>autenticidad, frescura y empat\u00eda<\/strong> dejaron huella incluso en los momentos m\u00e1s desafiantes.<\/p>\n\n\n\n<p>Ahora, la gran final ya tiene a sus protagonistas definidos: <strong>Ulises, Luz y Santiago<\/strong> ser\u00e1n quienes se disputen el primer lugar en la \u00faltima emisi\u00f3n del programa. Mientras tanto, <strong>Eugenia<\/strong> disfruta de su reconocimiento, el cari\u00f1o del p\u00fablico y el hecho de haber dejado una <strong>marca imborrable<\/strong> en uno de los formatos m\u00e1s emblem\u00e1ticos de la pantalla argentina.<\/p>\n","protected":false},"excerpt":{"rendered":"<p>En una jornada cargada de emociones, el reality vivi\u00f3 una noche definitoria con la elecci\u00f3n del p\u00fablico entre Tato, Ulises, Eugenia y Luz. Tras casi siete meses de convivencia, el reconocido ciclo televisivo Gran Hermano entra en su tramo final. Este lunes por la noche, se desarroll\u00f3 una gala determinante con la eliminaci\u00f3n del cuarto [&hellip;]<\/p>\n","protected":false},"author":1,"featured_media":2599,"comment_status":"open","ping_status":"open","sticky":false,"template":"","format":"standard","meta":{"footnotes":""},"categories":[863,25],"tags":[],"class_list":{"0":"post-2598","1":"post","2":"type-post","3":"status-publish","4":"format-standard","5":"has-post-thumbnail","7":"category-jujuy","8":"category-sociedad"},"yoast_head":"<!-- This site is optimized with the Yoast SEO plugin v27.5 - https:\/\/yoast.com\/product\/yoast-seo-wordpress\/ -->\n<title>Luz Tito es finalista de Gran Hermano 2025 - Muy Jujuy<\/title>\n<meta name=\"robots\" content=\"index, follow, max-snippet:-1, max-image-preview:large, max-video-preview:-1\" \/>\n<link rel=\"canonical\" href=\"https:\/\/www.muyjujuy.com\/index.php\/2025\/06\/24\/luz-tito-es-finalista-de-gran-hermano-2025\/\" \/>\n<meta property=\"og:locale\" content=\"es_ES\" \/>\n<meta property=\"og:type\" content=\"article\" \/>\n<meta property=\"og:title\" content=\"Luz Tito es finalista de Gran Hermano 2025 - Muy Jujuy\" \/>\n<meta property=\"og:description\" content=\"En una jornada cargada de emociones, el reality vivi\u00f3 una noche definitoria con la elecci\u00f3n del p\u00fablico entre Tato, Ulises, Eugenia y Luz. Tras casi siete meses de convivencia, el reconocido ciclo televisivo Gran Hermano entra en su tramo final. Este lunes por la noche, se desarroll\u00f3 una gala determinante con la eliminaci\u00f3n del cuarto [&hellip;]\" \/>\n<meta property=\"og:url\" content=\"https:\/\/www.muyjujuy.com\/index.php\/2025\/06\/24\/luz-tito-es-finalista-de-gran-hermano-2025\/\" \/>\n<meta property=\"og:site_name\" content=\"Muy Jujuy\" \/>\n<meta property=\"article:publisher\" content=\"https:\/\/www.facebook.com\/muyjujuycom\" \/>\n<meta property=\"article:published_time\" content=\"2025-06-24T13:48:31+00:00\" \/>\n<meta name=\"author\" content=\"admin\" \/>\n<meta name=\"twitter:card\" content=\"summary_large_image\" \/>\n<meta name=\"twitter:creator\" content=\"@muyjujuy\" \/>\n<meta name=\"twitter:site\" content=\"@muyjujuy\" \/>\n<meta name=\"twitter:label1\" content=\"Escrito por\" \/>\n\t<meta name=\"twitter:data1\" content=\"admin\" \/>\n\t<meta name=\"twitter:label2\" content=\"Tiempo de lectura\" \/>\n\t<meta name=\"twitter:data2\" content=\"4 minutos\" \/>\n<script type=\"application\/ld+json\" class=\"yoast-schema-graph\">{\"@context\":\"https:\\\/\\\/schema.org\",\"@graph\":[{\"@type\":\"Article\",\"@id\":\"https:\\\/\\\/www.muyjujuy.com\\\/index.php\\\/2025\\\/06\\\/24\\\/luz-tito-es-finalista-de-gran-hermano-2025\\\/#article\",\"isPartOf\":{\"@id\":\"https:\\\/\\\/www.muyjujuy.com\\\/index.php\\\/2025\\\/06\\\/24\\\/luz-tito-es-finalista-de-gran-hermano-2025\\\/\"},\"author\":{\"name\":\"admin\",\"@id\":\"https:\\\/\\\/www.muyjujuy.com\\\/#\\\/schema\\\/person\\\/a3b63db1f387ec4149299954904c5bf0\"},\"headline\":\"Luz Tito es finalista de Gran Hermano 2025\",\"datePublished\":\"2025-06-24T13:48:31+00:00\",\"mainEntityOfPage\":{\"@id\":\"https:\\\/\\\/www.muyjujuy.com\\\/index.php\\\/2025\\\/06\\\/24\\\/luz-tito-es-finalista-de-gran-hermano-2025\\\/\"},\"wordCount\":754,\"commentCount\":0,\"publisher\":{\"@id\":\"https:\\\/\\\/www.muyjujuy.com\\\/#organization\"},\"image\":{\"@id\":\"https:\\\/\\\/www.muyjujuy.com\\\/index.php\\\/2025\\\/06\\\/24\\\/luz-tito-es-finalista-de-gran-hermano-2025\\\/#primaryimage\"},\"thumbnailUrl\":\"https:\\\/\\\/www.muyjujuy.com\\\/wp-content\\\/uploads\\\/2025\\\/06\\\/GRAN-HERMANO.jpg\",\"articleSection\":[\"JUJUY\",\"Sociedad\"],\"inLanguage\":\"es-AR\",\"potentialAction\":[{\"@type\":\"CommentAction\",\"name\":\"Comment\",\"target\":[\"https:\\\/\\\/www.muyjujuy.com\\\/index.php\\\/2025\\\/06\\\/24\\\/luz-tito-es-finalista-de-gran-hermano-2025\\\/#respond\"]}]},{\"@type\":\"WebPage\",\"@id\":\"https:\\\/\\\/www.muyjujuy.com\\\/index.php\\\/2025\\\/06\\\/24\\\/luz-tito-es-finalista-de-gran-hermano-2025\\\/\",\"url\":\"https:\\\/\\\/www.muyjujuy.com\\\/index.php\\\/2025\\\/06\\\/24\\\/luz-tito-es-finalista-de-gran-hermano-2025\\\/\",\"name\":\"Luz Tito es finalista de Gran Hermano 2025 - Muy Jujuy\",\"isPartOf\":{\"@id\":\"https:\\\/\\\/www.muyjujuy.com\\\/#website\"},\"primaryImageOfPage\":{\"@id\":\"https:\\\/\\\/www.muyjujuy.com\\\/index.php\\\/2025\\\/06\\\/24\\\/luz-tito-es-finalista-de-gran-hermano-2025\\\/#primaryimage\"},\"image\":{\"@id\":\"https:\\\/\\\/www.muyjujuy.com\\\/index.php\\\/2025\\\/06\\\/24\\\/luz-tito-es-finalista-de-gran-hermano-2025\\\/#primaryimage\"},\"thumbnailUrl\":\"https:\\\/\\\/www.muyjujuy.com\\\/wp-content\\\/uploads\\\/2025\\\/06\\\/GRAN-HERMANO.jpg\",\"datePublished\":\"2025-06-24T13:48:31+00:00\",\"breadcrumb\":{\"@id\":\"https:\\\/\\\/www.muyjujuy.com\\\/index.php\\\/2025\\\/06\\\/24\\\/luz-tito-es-finalista-de-gran-hermano-2025\\\/#breadcrumb\"},\"inLanguage\":\"es-AR\",\"potentialAction\":[{\"@type\":\"ReadAction\",\"target\":[\"https:\\\/\\\/www.muyjujuy.com\\\/index.php\\\/2025\\\/06\\\/24\\\/luz-tito-es-finalista-de-gran-hermano-2025\\\/\"]}]},{\"@type\":\"ImageObject\",\"inLanguage\":\"es-AR\",\"@id\":\"https:\\\/\\\/www.muyjujuy.com\\\/index.php\\\/2025\\\/06\\\/24\\\/luz-tito-es-finalista-de-gran-hermano-2025\\\/#primaryimage\",\"url\":\"https:\\\/\\\/www.muyjujuy.com\\\/wp-content\\\/uploads\\\/2025\\\/06\\\/GRAN-HERMANO.jpg\",\"contentUrl\":\"https:\\\/\\\/www.muyjujuy.com\\\/wp-content\\\/uploads\\\/2025\\\/06\\\/GRAN-HERMANO.jpg\",\"width\":921,\"height\":536},{\"@type\":\"BreadcrumbList\",\"@id\":\"https:\\\/\\\/www.muyjujuy.com\\\/index.php\\\/2025\\\/06\\\/24\\\/luz-tito-es-finalista-de-gran-hermano-2025\\\/#breadcrumb\",\"itemListElement\":[{\"@type\":\"ListItem\",\"position\":1,\"name\":\"Inicio\",\"item\":\"https:\\\/\\\/www.muyjujuy.com\\\/\"},{\"@type\":\"ListItem\",\"position\":2,\"name\":\"Luz Tito es finalista de Gran Hermano 2025\"}]},{\"@type\":\"WebSite\",\"@id\":\"https:\\\/\\\/www.muyjujuy.com\\\/#website\",\"url\":\"https:\\\/\\\/www.muyjujuy.com\\\/\",\"name\":\"Muy Jujuy\",\"description\":\"\",\"publisher\":{\"@id\":\"https:\\\/\\\/www.muyjujuy.com\\\/#organization\"},\"potentialAction\":[{\"@type\":\"SearchAction\",\"target\":{\"@type\":\"EntryPoint\",\"urlTemplate\":\"https:\\\/\\\/www.muyjujuy.com\\\/?s={search_term_string}\"},\"query-input\":{\"@type\":\"PropertyValueSpecification\",\"valueRequired\":true,\"valueName\":\"search_term_string\"}}],\"inLanguage\":\"es-AR\"},{\"@type\":\"Organization\",\"@id\":\"https:\\\/\\\/www.muyjujuy.com\\\/#organization\",\"name\":\"Muy Jujuy\",\"url\":\"https:\\\/\\\/www.muyjujuy.com\\\/\",\"logo\":{\"@type\":\"ImageObject\",\"inLanguage\":\"es-AR\",\"@id\":\"https:\\\/\\\/www.muyjujuy.com\\\/#\\\/schema\\\/logo\\\/image\\\/\",\"url\":\"http:\\\/\\\/www.muyjujuy.com\\\/wp-content\\\/uploads\\\/2022\\\/05\\\/logo-mobil-jujuy.png\",\"contentUrl\":\"http:\\\/\\\/www.muyjujuy.com\\\/wp-content\\\/uploads\\\/2022\\\/05\\\/logo-mobil-jujuy.png\",\"width\":174,\"height\":81,\"caption\":\"Muy Jujuy\"},\"image\":{\"@id\":\"https:\\\/\\\/www.muyjujuy.com\\\/#\\\/schema\\\/logo\\\/image\\\/\"},\"sameAs\":[\"https:\\\/\\\/www.facebook.com\\\/muyjujuycom\",\"https:\\\/\\\/x.com\\\/muyjujuy\",\"https:\\\/\\\/www.instagram.com\\\/muyjujuycom\"]},{\"@type\":\"Person\",\"@id\":\"https:\\\/\\\/www.muyjujuy.com\\\/#\\\/schema\\\/person\\\/a3b63db1f387ec4149299954904c5bf0\",\"name\":\"admin\",\"image\":{\"@type\":\"ImageObject\",\"inLanguage\":\"es-AR\",\"@id\":\"https:\\\/\\\/secure.gravatar.com\\\/avatar\\\/b6e63d8d3a73633362405a0ad27e9c28391755813b59886f19a99d6cef8a03fc?s=96&d=mm&r=g\",\"url\":\"https:\\\/\\\/secure.gravatar.com\\\/avatar\\\/b6e63d8d3a73633362405a0ad27e9c28391755813b59886f19a99d6cef8a03fc?s=96&d=mm&r=g\",\"contentUrl\":\"https:\\\/\\\/secure.gravatar.com\\\/avatar\\\/b6e63d8d3a73633362405a0ad27e9c28391755813b59886f19a99d6cef8a03fc?s=96&d=mm&r=g\",\"caption\":\"admin\"},\"url\":\"https:\\\/\\\/www.muyjujuy.com\\\/index.php\\\/author\\\/soyeleditor\\\/\"}]}<\/script>\n<!-- \/ Yoast SEO plugin. -->","yoast_head_json":{"title":"Luz Tito es finalista de Gran Hermano 2025 - Muy Jujuy","robots":{"index":"index","follow":"follow","max-snippet":"max-snippet:-1","max-image-preview":"max-image-preview:large","max-video-preview":"max-video-preview:-1"},"canonical":"https:\/\/www.muyjujuy.com\/index.php\/2025\/06\/24\/luz-tito-es-finalista-de-gran-hermano-2025\/","og_locale":"es_ES","og_type":"article","og_title":"Luz Tito es finalista de Gran Hermano 2025 - Muy Jujuy","og_description":"En una jornada cargada de emociones, el reality vivi\u00f3 una noche definitoria con la elecci\u00f3n del p\u00fablico entre Tato, Ulises, Eugenia y Luz. Tras casi siete meses de convivencia, el reconocido ciclo televisivo Gran Hermano entra en su tramo final. Este lunes por la noche, se desarroll\u00f3 una gala determinante con la eliminaci\u00f3n del cuarto [&hellip;]","og_url":"https:\/\/www.muyjujuy.com\/index.php\/2025\/06\/24\/luz-tito-es-finalista-de-gran-hermano-2025\/","og_site_name":"Muy Jujuy","article_publisher":"https:\/\/www.facebook.com\/muyjujuycom","article_published_time":"2025-06-24T13:48:31+00:00","author":"admin","twitter_card":"summary_large_image","twitter_creator":"@muyjujuy","twitter_site":"@muyjujuy","twitter_misc":{"Escrito por":"admin","Tiempo de lectura":"4 minutos"},"schema":{"@context":"https:\/\/schema.org","@graph":[{"@type":"Article","@id":"https:\/\/www.muyjujuy.com\/index.php\/2025\/06\/24\/luz-tito-es-finalista-de-gran-hermano-2025\/#article","isPartOf":{"@id":"https:\/\/www.muyjujuy.com\/index.php\/2025\/06\/24\/luz-tito-es-finalista-de-gran-hermano-2025\/"},"author":{"name":"admin","@id":"https:\/\/www.muyjujuy.com\/#\/schema\/person\/a3b63db1f387ec4149299954904c5bf0"},"headline":"Luz Tito es finalista de Gran Hermano 2025","datePublished":"2025-06-24T13:48:31+00:00","mainEntityOfPage":{"@id":"https:\/\/www.muyjujuy.com\/index.php\/2025\/06\/24\/luz-tito-es-finalista-de-gran-hermano-2025\/"},"wordCount":754,"commentCount":0,"publisher":{"@id":"https:\/\/www.muyjujuy.com\/#organization"},"image":{"@id":"https:\/\/www.muyjujuy.com\/index.php\/2025\/06\/24\/luz-tito-es-finalista-de-gran-hermano-2025\/#primaryimage"},"thumbnailUrl":"https:\/\/www.muyjujuy.com\/wp-content\/uploads\/2025\/06\/GRAN-HERMANO.jpg","articleSection":["JUJUY","Sociedad"],"inLanguage":"es-AR","potentialAction":[{"@type":"CommentAction","name":"Comment","target":["https:\/\/www.muyjujuy.com\/index.php\/2025\/06\/24\/luz-tito-es-finalista-de-gran-hermano-2025\/#respond"]}]},{"@type":"WebPage","@id":"https:\/\/www.muyjujuy.com\/index.php\/2025\/06\/24\/luz-tito-es-finalista-de-gran-hermano-2025\/","url":"https:\/\/www.muyjujuy.com\/index.php\/2025\/06\/24\/luz-tito-es-finalista-de-gran-hermano-2025\/","name":"Luz Tito es finalista de Gran Hermano 2025 - Muy Jujuy","isPartOf":{"@id":"https:\/\/www.muyjujuy.com\/#website"},"primaryImageOfPage":{"@id":"https:\/\/www.muyjujuy.com\/index.php\/2025\/06\/24\/luz-tito-es-finalista-de-gran-hermano-2025\/#primaryimage"},"image":{"@id":"https:\/\/www.muyjujuy.com\/index.php\/2025\/06\/24\/luz-tito-es-finalista-de-gran-hermano-2025\/#primaryimage"},"thumbnailUrl":"https:\/\/www.muyjujuy.com\/wp-content\/uploads\/2025\/06\/GRAN-HERMANO.jpg","datePublished":"2025-06-24T13:48:31+00:00","breadcrumb":{"@id":"https:\/\/www.muyjujuy.com\/index.php\/2025\/06\/24\/luz-tito-es-finalista-de-gran-hermano-2025\/#breadcrumb"},"inLanguage":"es-AR","potentialAction":[{"@type":"ReadAction","target":["https:\/\/www.muyjujuy.com\/index.php\/2025\/06\/24\/luz-tito-es-finalista-de-gran-hermano-2025\/"]}]},{"@type":"ImageObject","inLanguage":"es-AR","@id":"https:\/\/www.muyjujuy.com\/index.php\/2025\/06\/24\/luz-tito-es-finalista-de-gran-hermano-2025\/#primaryimage","url":"https:\/\/www.muyjujuy.com\/wp-content\/uploads\/2025\/06\/GRAN-HERMANO.jpg","contentUrl":"https:\/\/www.muyjujuy.com\/wp-content\/uploads\/2025\/06\/GRAN-HERMANO.jpg","width":921,"height":536},{"@type":"BreadcrumbList","@id":"https:\/\/www.muyjujuy.com\/index.php\/2025\/06\/24\/luz-tito-es-finalista-de-gran-hermano-2025\/#breadcrumb","itemListElement":[{"@type":"ListItem","position":1,"name":"Inicio","item":"https:\/\/www.muyjujuy.com\/"},{"@type":"ListItem","position":2,"name":"Luz Tito es finalista de Gran Hermano 2025"}]},{"@type":"WebSite","@id":"https:\/\/www.muyjujuy.com\/#website","url":"https:\/\/www.muyjujuy.com\/","name":"Muy Jujuy","description":"","publisher":{"@id":"https:\/\/www.muyjujuy.com\/#organization"},"potentialAction":[{"@type":"SearchAction","target":{"@type":"EntryPoint","urlTemplate":"https:\/\/www.muyjujuy.com\/?s={search_term_string}"},"query-input":{"@type":"PropertyValueSpecification","valueRequired":true,"valueName":"search_term_string"}}],"inLanguage":"es-AR"},{"@type":"Organization","@id":"https:\/\/www.muyjujuy.com\/#organization","name":"Muy Jujuy","url":"https:\/\/www.muyjujuy.com\/","logo":{"@type":"ImageObject","inLanguage":"es-AR","@id":"https:\/\/www.muyjujuy.com\/#\/schema\/logo\/image\/","url":"http:\/\/www.muyjujuy.com\/wp-content\/uploads\/2022\/05\/logo-mobil-jujuy.png","contentUrl":"http:\/\/www.muyjujuy.com\/wp-content\/uploads\/2022\/05\/logo-mobil-jujuy.png","width":174,"height":81,"caption":"Muy Jujuy"},"image":{"@id":"https:\/\/www.muyjujuy.com\/#\/schema\/logo\/image\/"},"sameAs":["https:\/\/www.facebook.com\/muyjujuycom","https:\/\/x.com\/muyjujuy","https:\/\/www.instagram.com\/muyjujuycom"]},{"@type":"Person","@id":"https:\/\/www.muyjujuy.com\/#\/schema\/person\/a3b63db1f387ec4149299954904c5bf0","name":"admin","image":{"@type":"ImageObject","inLanguage":"es-AR","@id":"https:\/\/secure.gravatar.com\/avatar\/b6e63d8d3a73633362405a0ad27e9c28391755813b59886f19a99d6cef8a03fc?s=96&d=mm&r=g","url":"https:\/\/secure.gravatar.com\/avatar\/b6e63d8d3a73633362405a0ad27e9c28391755813b59886f19a99d6cef8a03fc?s=96&d=mm&r=g","contentUrl":"https:\/\/secure.gravatar.com\/avatar\/b6e63d8d3a73633362405a0ad27e9c28391755813b59886f19a99d6cef8a03fc?s=96&d=mm&r=g","caption":"admin"},"url":"https:\/\/www.muyjujuy.com\/index.php\/author\/soyeleditor\/"}]}},"_links":{"self":[{"href":"https:\/\/www.muyjujuy.com\/index.php\/wp-json\/wp\/v2\/posts\/2598","targetHints":{"allow":["GET"]}}],"collection":[{"href":"https:\/\/www.muyjujuy.com\/index.php\/wp-json\/wp\/v2\/posts"}],"about":[{"href":"https:\/\/www.muyjujuy.com\/index.php\/wp-json\/wp\/v2\/types\/post"}],"author":[{"embeddable":true,"href":"https:\/\/www.muyjujuy.com\/index.php\/wp-json\/wp\/v2\/users\/1"}],"replies":[{"embeddable":true,"href":"https:\/\/www.muyjujuy.com\/index.php\/wp-json\/wp\/v2\/comments?post=2598"}],"version-history":[{"count":1,"href":"https:\/\/www.muyjujuy.com\/index.php\/wp-json\/wp\/v2\/posts\/2598\/revisions"}],"predecessor-version":[{"id":2600,"href":"https:\/\/www.muyjujuy.com\/index.php\/wp-json\/wp\/v2\/posts\/2598\/revisions\/2600"}],"wp:featuredmedia":[{"embeddable":true,"href":"https:\/\/www.muyjujuy.com\/index.php\/wp-json\/wp\/v2\/media\/2599"}],"wp:attachment":[{"href":"https:\/\/www.muyjujuy.com\/index.php\/wp-json\/wp\/v2\/media?parent=2598"}],"wp:term":[{"taxonomy":"category","embeddable":true,"href":"https:\/\/www.muyjujuy.com\/index.php\/wp-json\/wp\/v2\/categories?post=2598"},{"taxonomy":"post_tag","embeddable":true,"href":"https:\/\/www.muyjujuy.com\/index.php\/wp-json\/wp\/v2\/tags?post=2598"}],"curies":[{"name":"wp","href":"https:\/\/api.w.org\/{rel}","templated":true}]}}