{"id":2605,"date":"2025-06-25T11:33:21","date_gmt":"2025-06-25T14:33:21","guid":{"rendered":"https:\/\/www.muyjujuy.com\/?p=2605"},"modified":"2025-06-25T11:33:21","modified_gmt":"2025-06-25T14:33:21","slug":"no-esperamos-la-agenda-la-construimos-dante-velazquez-impulso-el-acuerdo-binacional-del-agua-con-un-mensaje-de-liderazgo-y-proyeccion-desde-la-quiaca","status":"publish","type":"post","link":"https:\/\/www.muyjujuy.com\/index.php\/2025\/06\/25\/no-esperamos-la-agenda-la-construimos-dante-velazquez-impulso-el-acuerdo-binacional-del-agua-con-un-mensaje-de-liderazgo-y-proyeccion-desde-la-quiaca\/","title":{"rendered":"\u201cNo esperamos la agenda, la construimos\u201d: Dante Vel\u00e1zquez impuls\u00f3 el acuerdo binacional del agua con un mensaje de liderazgo y proyecci\u00f3n desde La Quiaca"},"content":{"rendered":"\n<p>Con un tono firme y decidido, el <strong>intendente de La Quiaca, Dante Vel\u00e1zquez<\/strong>, se posicion\u00f3 como figura clave en un momento hist\u00f3rico para la <strong>integraci\u00f3n regional<\/strong>. La conformaci\u00f3n de la <strong>Comisi\u00f3n Binacional del Agua con Bolivia<\/strong> fue m\u00e1s que un gesto diplom\u00e1tico: represent\u00f3 un acto concreto contra el olvido estructural.<\/p>\n\n\n\n<p>En una jornada que marc\u00f3 un hito en la <strong>pol\u00edtica territorial del norte argentino<\/strong>, Vel\u00e1zquez clausur\u00f3 el <strong>Encuentro Binacional del Agua<\/strong> con un mensaje cargado de decisi\u00f3n, institucionalidad y mirada estrat\u00e9gica. <strong>\u201cNo vinimos a esperar que nos vean desde Buenos Aires ni desde el mundo. Vinimos a demostrar que estamos presentes, que somos parte, que exigimos ser incluidos en la agenda nacional e internacional\u201d<\/strong>, expres\u00f3 desde el sal\u00f3n del <strong>Hotel Turismo<\/strong>, ante autoridades de <strong>Argentina, Bolivia<\/strong> y organismos multilaterales.<\/p>\n\n\n\n<p>Vel\u00e1zquez se apart\u00f3 del lenguaje formal y habl\u00f3 como representante de una comunidad cansada de las ausencias, de las promesas incumplidas y de ser invisibilizada. <strong>\u201cEstamos escribiendo una historia distinta: una historia justa, inclusiva, sustentable y con mirada ambiental\u201d<\/strong>, se\u00f1al\u00f3 con claridad y compromiso.<\/p>\n\n\n\n<p><strong>Un acto de soberan\u00eda territorial<\/strong><\/p>\n\n\n\n<p>Acompa\u00f1ado por el <strong>alcalde de Villaz\u00f3n, Juan Navia<\/strong>, Vel\u00e1zquez oficializ\u00f3 la firma de un acuerdo con una <strong>hoja de ruta a 90 d\u00edas<\/strong>, con tres pilares de impacto regional: un <strong>plan maestro de aguas pluviales<\/strong>, la <strong>expansi\u00f3n de redes cloacales mediante biodigestores<\/strong>, y un <strong>sistema de provisi\u00f3n de agua segura a 50 a\u00f1os<\/strong>.<\/p>\n\n\n\n<p><strong>\u201cNo discutimos porcentajes en una cuenca. Hablamos de dignidad. Esta tierra, tantas veces marginada, es clave para la soberan\u00eda h\u00eddrica y el porvenir productivo del continente\u201d<\/strong>, sostuvo el jefe comunal.<\/p>\n\n\n\n<p><strong>Integraci\u00f3n verdadera, m\u00e1s all\u00e1 de las fronteras<\/strong><\/p>\n\n\n\n<p>Vel\u00e1zquez marc\u00f3 distancia respecto a otros intendentes que aguardan decisiones de Naci\u00f3n o de las provincias. Con sus carpetas de proyectos en mano, ya se present\u00f3 en espacios como <strong>FLACMA, el Banco Mundial, los BRICS, la CAF y el BID<\/strong>. <strong>\u201cEsta no es una mesa para discursos, sino una plataforma de acci\u00f3n territorial. No venimos a pedir atenci\u00f3n, venimos a transformar realidades\u201d<\/strong>, remarc\u00f3.<\/p>\n\n\n\n<p>Y lanz\u00f3 una frase que comienza a instalarse como lema regional:<br><strong>\u201cNo esperamos estar en la agenda. La estamos escribiendo.\u201d<\/strong><\/p>\n\n\n\n<p><strong>La Quiaca como eje de una nueva geopol\u00edtica<\/strong><\/p>\n\n\n\n<p>El intendente relacion\u00f3 el acceso al <strong>agua<\/strong> con el <strong>cambio clim\u00e1tico<\/strong>, la <strong>justicia social<\/strong> y las nuevas din\u00e1micas globales. <strong>\u201cMientras los grandes actores globales se disputan el litio, el gas o el petr\u00f3leo, nosotros nos organizamos por el recurso m\u00e1s vital: el agua. Sin ella, no hay desarrollo, ni equidad, ni futuro\u201d<\/strong>, sentenci\u00f3.<\/p>\n\n\n\n<p>Tambi\u00e9n reivindic\u00f3 el valor cultural de la <strong>Manka Fiesta<\/strong>, postulada como <strong>Patrimonio de la Humanidad por la UNESCO<\/strong>, como s\u00edmbolo de una regi\u00f3n que abraza su identidad para construir futuro.<\/p>\n\n\n\n<p><strong>\u201cAunque estemos lejos en los mapas, somos enormemente significativos. Aqu\u00ed marcharon los ej\u00e9rcitos libertadores; hoy se encuentran los pueblos que eligen no resignarse\u201d<\/strong>, afirm\u00f3.<\/p>\n\n\n\n<p><strong>Un liderazgo que interpela desde el territorio<\/strong><\/p>\n\n\n\n<p>Con este acto, Vel\u00e1zquez se consolida como una de las voces m\u00e1s firmes del norte argentino, construyendo <strong>poder desde lo local<\/strong> y desafiando las inercias centralistas. Su intervenci\u00f3n fue m\u00e1s que una exposici\u00f3n t\u00e9cnica: fue una <strong>proclama pol\u00edtica<\/strong>, un llamado a los pueblos postergados a dejar de esperar y pasar a la acci\u00f3n.<\/p>\n\n\n\n<p><strong>\u201cEn tiempos dif\u00edciles, el norte no ruega: propone, avanza y reclama. La Quiaca no ser\u00e1 un recuerdo melanc\u00f3lico: ser\u00e1 la capital de una nueva integraci\u00f3n regional\u201d<\/strong>, concluy\u00f3.<\/p>\n\n\n\n<hr class=\"wp-block-separator has-alpha-channel-opacity\"\/>\n\n\n\n<p><strong>La Naci\u00f3n celebra la creaci\u00f3n de la Comisi\u00f3n Binacional en La Quiaca: \u201cEl territorio debe generar sus propias respuestas\u201d<\/strong><\/p>\n\n\n\n<p>En el marco del <strong>hist\u00f3rico encuentro binacional<\/strong> celebrado en <strong>La Quiaca<\/strong>, la representante de la <strong>Direcci\u00f3n Nacional de Pol\u00edtica H\u00eddrica y Coordinaci\u00f3n Federal<\/strong>, <strong>Laura Bernstein<\/strong>, expres\u00f3 el <strong>respaldo del Gobierno Nacional<\/strong> a la creaci\u00f3n de una <strong>comisi\u00f3n binacional en la cuenca alta del Pilcomayo<\/strong>, destacando su valor como <strong>instrumento de desarrollo, planificaci\u00f3n y equidad territorial<\/strong>.<\/p>\n\n\n\n<p><strong>\u201cConsideramos que es desde el territorio donde deben nacer las soluciones a sus problem\u00e1ticas\u201d<\/strong>, sintetiz\u00f3 Bernstein, celebrando esta iniciativa que reuni\u00f3 a autoridades de <strong>Argentina y Bolivia<\/strong> en torno a uno de los <strong>recursos m\u00e1s estrat\u00e9gicos de la regi\u00f3n<\/strong>.<\/p>\n\n\n\n<p><strong>Una estrategia territorial con dimensi\u00f3n trinacional<\/strong><\/p>\n\n\n\n<p>La funcionaria nacional remarc\u00f3 que esta <strong>nueva mesa binacional<\/strong> no parte de cero, sino que se articula con la <strong>estructura ya existente de la Comisi\u00f3n Trinacional del R\u00edo Pilcomayo<\/strong>, que desde hace d\u00e9cadas re\u00fane a <strong>Argentina, Bolivia y Paraguay<\/strong> en la gesti\u00f3n conjunta de la cuenca. <strong>\u201cEste espacio aporta un diferencial: acci\u00f3n concreta desde lo local, con vocaci\u00f3n de influir efectivamente en la agenda trinacional\u201d<\/strong>, explic\u00f3.<\/p>\n\n\n\n<p>Mediante un acta firmada durante el encuentro, las autoridades argentinas se comprometieron a elevar las conclusiones ante la <strong>Comisi\u00f3n Interjurisdiccional Argentina del Pilcomayo<\/strong>, integrada por <strong>Jujuy, Salta, Formosa<\/strong>, Canciller\u00eda y Recursos H\u00eddricos. Esto permitir\u00e1 que las demandas de <strong>La Quiaca y Villaz\u00f3n<\/strong> no queden aisladas ni pierdan impacto en los procesos burocr\u00e1ticos.<\/p>\n\n\n\n<p><strong>Avances t\u00e9cnicos y compromiso con el territorio<\/strong><\/p>\n\n\n\n<p>Bernstein tambi\u00e9n enumer\u00f3 algunas acciones que ya est\u00e1n en marcha por parte de Naci\u00f3n:<\/p>\n\n\n\n<ul class=\"wp-block-list\">\n<li><strong>Monitoreos de calidad del agua realizados en 2023<\/strong> sobre los r\u00edos <strong>La Quiaca y Toro Ara<\/strong>.<\/li>\n\n\n\n<li>Pr\u00f3xima <strong>visita t\u00e9cnica a las plantas de tratamiento de efluentes cloacales<\/strong> de Villaz\u00f3n y La Quiaca, para mejorar procesos y formular recomendaciones.<\/li>\n\n\n\n<li><strong>Incorporaci\u00f3n de la cuenca al Proyecto de Cuencas del Noroeste<\/strong>, que destinar\u00e1 fondos a iniciativas ambientales clave.<\/li>\n<\/ul>\n\n\n\n<p><strong>\u201cArgentina cumple con su participaci\u00f3n en la Comisi\u00f3n Trinacional y dispone de los recursos humanos necesarios para avanzar\u201d<\/strong>, afirm\u00f3 la funcionaria, quien adem\u00e1s inst\u00f3 a las provincias \u2014en particular a <strong>Jujuy<\/strong>\u2014 a acompa\u00f1ar y profundizar el trabajo conjunto.<\/p>\n\n\n\n<hr class=\"wp-block-separator has-alpha-channel-opacity\"\/>\n\n\n\n<p><strong>La Quiaca y Villaz\u00f3n consolidan un pacto hist\u00f3rico por el agua y el desarrollo: el Alcalde Navia Llanos celebr\u00f3 la Mesa Binacional del Pilcomayo<\/strong><\/p>\n\n\n\n<p>En un evento sin precedentes, las ciudades de <strong>La Quiaca<\/strong> y <strong>Villaz\u00f3n<\/strong> consolidaron una visi\u00f3n compartida de <strong>sustentabilidad ambiental<\/strong>, <strong>progreso econ\u00f3mico<\/strong> e <strong>integraci\u00f3n regional<\/strong>. El <strong>alcalde boliviano Juan Navia Llanos<\/strong> resalt\u00f3 el valor de la cooperaci\u00f3n transfronteriza y reafirm\u00f3 el compromiso de su municipio con una <strong>gesti\u00f3n soberana y eficiente del agua<\/strong> en la cuenca alta del <strong>r\u00edo Pilcomayo<\/strong>.<\/p>\n\n\n\n<p>La jornada, celebrada en <strong>La Quiaca<\/strong>, se transform\u00f3 en un espacio clave de articulaci\u00f3n regional. En el marco de la <strong>Mesa Binacional del Agua<\/strong>, delegaciones de <strong>Bolivia y Argentina<\/strong> intercambiaron diagn\u00f3sticos, urgencias y propuestas para enfrentar desaf\u00edos como la <strong>crisis h\u00eddrica<\/strong>, la <strong>desertificaci\u00f3n<\/strong> y el <strong>cambio clim\u00e1tico<\/strong>.<\/p>\n\n\n\n<p>Uno de los protagonistas fue el <strong>alcalde Navia Llanos<\/strong>, quien lider\u00f3 una delegaci\u00f3n t\u00e9cnica, legislativa y jur\u00eddica. Reafirm\u00f3 el liderazgo de Villaz\u00f3n en pol\u00edticas de defensa del agua y expres\u00f3 su voluntad de avanzar en <strong>proyectos concretos<\/strong> junto a La Quiaca.<\/p>\n\n\n\n<p><strong>\u201cVillaz\u00f3n atraviesa una situaci\u00f3n de sequ\u00eda. Estamos construyendo represas, abriendo pozos, instalando reservorios. El agua es el eje central de nuestra gesti\u00f3n\u201d<\/strong>, asegur\u00f3 el mandatario.<\/p>\n\n\n\n<p><strong>Contaminaci\u00f3n, saneamiento y bienestar comunitario<\/strong><\/p>\n\n\n\n<p>Durante la mesa de di\u00e1logo, el jefe comunal boliviano expuso la <strong>preocupaci\u00f3n creciente de las comunidades<\/strong> por la <strong>contaminaci\u00f3n del r\u00edo compartido<\/strong>, eje vital para el ecosistema y la econom\u00eda de la regi\u00f3n. En este contexto, anunci\u00f3 el desarrollo de un <strong>proyecto conjunto de tratamiento de aguas residuales<\/strong>, con respaldo del <strong>Gobierno del Departamento de Potos\u00ed<\/strong> y trabajo coordinado con autoridades argentinas.<\/p>\n\n\n\n<p><strong>\u201cTenemos la voluntad pol\u00edtica, el equipo t\u00e9cnico y la urgencia social para avanzar. No hablamos solo del agua: hablamos de nuestras familias, nuestros hijos, de nuestra soberan\u00eda\u201d<\/strong>, remarc\u00f3.<\/p>\n\n\n\n<p><strong>Agua, desarrollo e integraci\u00f3n con identidad<\/strong><\/p>\n\n\n\n<p>El encuentro trascendi\u00f3 lo t\u00e9cnico: se convirti\u00f3 en una muestra concreta del deseo de integraci\u00f3n entre dos comunidades hermanadas por v\u00ednculos hist\u00f3ricos, migratorios, econ\u00f3micos y afectivos. Navia Llanos comparti\u00f3 plenamente la visi\u00f3n del intendente Vel\u00e1zquez de <strong>potenciar el desarrollo desde las bases territoriales<\/strong>.<\/p>\n\n\n\n<p><strong>\u201cCompartimos una responsabilidad que va m\u00e1s all\u00e1 de gobernar: debemos sanar y proyectar juntos. Las fronteras no nos separan: nos unen. Esta mesa binacional lo demuestra\u201d<\/strong>, subray\u00f3.<\/p>\n\n\n\n<p><strong>Un paso estrat\u00e9gico con alcance trinacional<\/strong><\/p>\n\n\n\n<p>La Mesa Binacional aspira a ser reconocida dentro de la estructura formal de la <strong>Comisi\u00f3n Trinacional del R\u00edo Pilcomayo<\/strong>, para que sus acuerdos tengan <strong>validez supranacional<\/strong> e impacto efectivo en las pol\u00edticas p\u00fablicas de <strong>Argentina, Bolivia y Paraguay<\/strong>.<\/p>\n\n\n\n<p>Desde su escala local pero con una perspectiva continental, <strong>La Quiaca y Villaz\u00f3n<\/strong> abren un nuevo cap\u00edtulo en la <strong>diplomacia territorial del agua<\/strong>, poniendo al territorio como protagonista y a las comunidades como eje de la acci\u00f3n por la <strong>vida, la justicia clim\u00e1tica y el futuro<\/strong>.<\/p>\n\n\n\n<p><strong>\u201cCreemos firmemente que la unidad es el \u00fanico camino posible. Y el agua, hoy m\u00e1s que nunca, es s\u00edmbolo y sustento de esa unidad\u201d<\/strong>, concluy\u00f3 Navia Llanos, dejando un mensaje de esperanza compartida que reson\u00f3 en la sala y en el coraz\u00f3n de los pueblos andinos.<\/p>\n","protected":false},"excerpt":{"rendered":"<p>Con un tono firme y decidido, el intendente de La Quiaca, Dante Vel\u00e1zquez, se posicion\u00f3 como figura clave en un momento hist\u00f3rico para la integraci\u00f3n regional. La conformaci\u00f3n de la Comisi\u00f3n Binacional del Agua con Bolivia fue m\u00e1s que un gesto diplom\u00e1tico: represent\u00f3 un acto concreto contra el olvido estructural. En una jornada que marc\u00f3 [&hellip;]<\/p>\n","protected":false},"author":1,"featured_media":2606,"comment_status":"open","ping_status":"open","sticky":false,"template":"","format":"standard","meta":{"footnotes":""},"categories":[863,24],"tags":[],"class_list":{"0":"post-2605","1":"post","2":"type-post","3":"status-publish","4":"format-standard","5":"has-post-thumbnail","7":"category-jujuy","8":"category-politica"},"yoast_head":"<!-- This site is optimized with the Yoast SEO plugin v27.5 - https:\/\/yoast.com\/product\/yoast-seo-wordpress\/ -->\n<title>\u201cNo esperamos la agenda, la construimos\u201d: Dante Vel\u00e1zquez impuls\u00f3 el acuerdo binacional del agua con un mensaje de liderazgo y proyecci\u00f3n desde La Quiaca - Muy Jujuy<\/title>\n<meta name=\"robots\" content=\"index, follow, max-snippet:-1, max-image-preview:large, max-video-preview:-1\" \/>\n<link rel=\"canonical\" href=\"https:\/\/www.muyjujuy.com\/index.php\/2025\/06\/25\/no-esperamos-la-agenda-la-construimos-dante-velazquez-impulso-el-acuerdo-binacional-del-agua-con-un-mensaje-de-liderazgo-y-proyeccion-desde-la-quiaca\/\" \/>\n<meta property=\"og:locale\" content=\"es_ES\" \/>\n<meta property=\"og:type\" content=\"article\" \/>\n<meta property=\"og:title\" content=\"\u201cNo esperamos la agenda, la construimos\u201d: Dante Vel\u00e1zquez impuls\u00f3 el acuerdo binacional del agua con un mensaje de liderazgo y proyecci\u00f3n desde La Quiaca - Muy Jujuy\" \/>\n<meta property=\"og:description\" content=\"Con un tono firme y decidido, el intendente de La Quiaca, Dante Vel\u00e1zquez, se posicion\u00f3 como figura clave en un momento hist\u00f3rico para la integraci\u00f3n regional. La conformaci\u00f3n de la Comisi\u00f3n Binacional del Agua con Bolivia fue m\u00e1s que un gesto diplom\u00e1tico: represent\u00f3 un acto concreto contra el olvido estructural. En una jornada que marc\u00f3 [&hellip;]\" \/>\n<meta property=\"og:url\" content=\"https:\/\/www.muyjujuy.com\/index.php\/2025\/06\/25\/no-esperamos-la-agenda-la-construimos-dante-velazquez-impulso-el-acuerdo-binacional-del-agua-con-un-mensaje-de-liderazgo-y-proyeccion-desde-la-quiaca\/\" \/>\n<meta property=\"og:site_name\" content=\"Muy Jujuy\" \/>\n<meta property=\"article:publisher\" content=\"https:\/\/www.facebook.com\/muyjujuycom\" \/>\n<meta property=\"article:published_time\" content=\"2025-06-25T14:33:21+00:00\" \/>\n<meta name=\"author\" content=\"admin\" \/>\n<meta name=\"twitter:card\" content=\"summary_large_image\" \/>\n<meta name=\"twitter:creator\" content=\"@muyjujuy\" \/>\n<meta name=\"twitter:site\" content=\"@muyjujuy\" \/>\n<meta name=\"twitter:label1\" content=\"Escrito por\" \/>\n\t<meta name=\"twitter:data1\" content=\"admin\" \/>\n\t<meta name=\"twitter:label2\" content=\"Tiempo de lectura\" \/>\n\t<meta name=\"twitter:data2\" content=\"8 minutos\" \/>\n<script type=\"application\/ld+json\" class=\"yoast-schema-graph\">{\"@context\":\"https:\\\/\\\/schema.org\",\"@graph\":[{\"@type\":\"Article\",\"@id\":\"https:\\\/\\\/www.muyjujuy.com\\\/index.php\\\/2025\\\/06\\\/25\\\/no-esperamos-la-agenda-la-construimos-dante-velazquez-impulso-el-acuerdo-binacional-del-agua-con-un-mensaje-de-liderazgo-y-proyeccion-desde-la-quiaca\\\/#article\",\"isPartOf\":{\"@id\":\"https:\\\/\\\/www.muyjujuy.com\\\/index.php\\\/2025\\\/06\\\/25\\\/no-esperamos-la-agenda-la-construimos-dante-velazquez-impulso-el-acuerdo-binacional-del-agua-con-un-mensaje-de-liderazgo-y-proyeccion-desde-la-quiaca\\\/\"},\"author\":{\"name\":\"admin\",\"@id\":\"https:\\\/\\\/www.muyjujuy.com\\\/#\\\/schema\\\/person\\\/a3b63db1f387ec4149299954904c5bf0\"},\"headline\":\"\u201cNo esperamos la agenda, la construimos\u201d: Dante Vel\u00e1zquez impuls\u00f3 el acuerdo binacional del agua con un mensaje de liderazgo y proyecci\u00f3n desde La Quiaca\",\"datePublished\":\"2025-06-25T14:33:21+00:00\",\"mainEntityOfPage\":{\"@id\":\"https:\\\/\\\/www.muyjujuy.com\\\/index.php\\\/2025\\\/06\\\/25\\\/no-esperamos-la-agenda-la-construimos-dante-velazquez-impulso-el-acuerdo-binacional-del-agua-con-un-mensaje-de-liderazgo-y-proyeccion-desde-la-quiaca\\\/\"},\"wordCount\":1576,\"commentCount\":0,\"publisher\":{\"@id\":\"https:\\\/\\\/www.muyjujuy.com\\\/#organization\"},\"image\":{\"@id\":\"https:\\\/\\\/www.muyjujuy.com\\\/index.php\\\/2025\\\/06\\\/25\\\/no-esperamos-la-agenda-la-construimos-dante-velazquez-impulso-el-acuerdo-binacional-del-agua-con-un-mensaje-de-liderazgo-y-proyeccion-desde-la-quiaca\\\/#primaryimage\"},\"thumbnailUrl\":\"https:\\\/\\\/www.muyjujuy.com\\\/wp-content\\\/uploads\\\/2025\\\/06\\\/politica-1.jpg\",\"articleSection\":[\"JUJUY\",\"Pol\u00edtica\"],\"inLanguage\":\"es-AR\",\"potentialAction\":[{\"@type\":\"CommentAction\",\"name\":\"Comment\",\"target\":[\"https:\\\/\\\/www.muyjujuy.com\\\/index.php\\\/2025\\\/06\\\/25\\\/no-esperamos-la-agenda-la-construimos-dante-velazquez-impulso-el-acuerdo-binacional-del-agua-con-un-mensaje-de-liderazgo-y-proyeccion-desde-la-quiaca\\\/#respond\"]}]},{\"@type\":\"WebPage\",\"@id\":\"https:\\\/\\\/www.muyjujuy.com\\\/index.php\\\/2025\\\/06\\\/25\\\/no-esperamos-la-agenda-la-construimos-dante-velazquez-impulso-el-acuerdo-binacional-del-agua-con-un-mensaje-de-liderazgo-y-proyeccion-desde-la-quiaca\\\/\",\"url\":\"https:\\\/\\\/www.muyjujuy.com\\\/index.php\\\/2025\\\/06\\\/25\\\/no-esperamos-la-agenda-la-construimos-dante-velazquez-impulso-el-acuerdo-binacional-del-agua-con-un-mensaje-de-liderazgo-y-proyeccion-desde-la-quiaca\\\/\",\"name\":\"\u201cNo esperamos la agenda, la construimos\u201d: Dante Vel\u00e1zquez impuls\u00f3 el acuerdo binacional del agua con un mensaje de liderazgo y proyecci\u00f3n desde La Quiaca - Muy Jujuy\",\"isPartOf\":{\"@id\":\"https:\\\/\\\/www.muyjujuy.com\\\/#website\"},\"primaryImageOfPage\":{\"@id\":\"https:\\\/\\\/www.muyjujuy.com\\\/index.php\\\/2025\\\/06\\\/25\\\/no-esperamos-la-agenda-la-construimos-dante-velazquez-impulso-el-acuerdo-binacional-del-agua-con-un-mensaje-de-liderazgo-y-proyeccion-desde-la-quiaca\\\/#primaryimage\"},\"image\":{\"@id\":\"https:\\\/\\\/www.muyjujuy.com\\\/index.php\\\/2025\\\/06\\\/25\\\/no-esperamos-la-agenda-la-construimos-dante-velazquez-impulso-el-acuerdo-binacional-del-agua-con-un-mensaje-de-liderazgo-y-proyeccion-desde-la-quiaca\\\/#primaryimage\"},\"thumbnailUrl\":\"https:\\\/\\\/www.muyjujuy.com\\\/wp-content\\\/uploads\\\/2025\\\/06\\\/politica-1.jpg\",\"datePublished\":\"2025-06-25T14:33:21+00:00\",\"breadcrumb\":{\"@id\":\"https:\\\/\\\/www.muyjujuy.com\\\/index.php\\\/2025\\\/06\\\/25\\\/no-esperamos-la-agenda-la-construimos-dante-velazquez-impulso-el-acuerdo-binacional-del-agua-con-un-mensaje-de-liderazgo-y-proyeccion-desde-la-quiaca\\\/#breadcrumb\"},\"inLanguage\":\"es-AR\",\"potentialAction\":[{\"@type\":\"ReadAction\",\"target\":[\"https:\\\/\\\/www.muyjujuy.com\\\/index.php\\\/2025\\\/06\\\/25\\\/no-esperamos-la-agenda-la-construimos-dante-velazquez-impulso-el-acuerdo-binacional-del-agua-con-un-mensaje-de-liderazgo-y-proyeccion-desde-la-quiaca\\\/\"]}]},{\"@type\":\"ImageObject\",\"inLanguage\":\"es-AR\",\"@id\":\"https:\\\/\\\/www.muyjujuy.com\\\/index.php\\\/2025\\\/06\\\/25\\\/no-esperamos-la-agenda-la-construimos-dante-velazquez-impulso-el-acuerdo-binacional-del-agua-con-un-mensaje-de-liderazgo-y-proyeccion-desde-la-quiaca\\\/#primaryimage\",\"url\":\"https:\\\/\\\/www.muyjujuy.com\\\/wp-content\\\/uploads\\\/2025\\\/06\\\/politica-1.jpg\",\"contentUrl\":\"https:\\\/\\\/www.muyjujuy.com\\\/wp-content\\\/uploads\\\/2025\\\/06\\\/politica-1.jpg\",\"width\":895,\"height\":534},{\"@type\":\"BreadcrumbList\",\"@id\":\"https:\\\/\\\/www.muyjujuy.com\\\/index.php\\\/2025\\\/06\\\/25\\\/no-esperamos-la-agenda-la-construimos-dante-velazquez-impulso-el-acuerdo-binacional-del-agua-con-un-mensaje-de-liderazgo-y-proyeccion-desde-la-quiaca\\\/#breadcrumb\",\"itemListElement\":[{\"@type\":\"ListItem\",\"position\":1,\"name\":\"Inicio\",\"item\":\"https:\\\/\\\/www.muyjujuy.com\\\/\"},{\"@type\":\"ListItem\",\"position\":2,\"name\":\"\u201cNo esperamos la agenda, la construimos\u201d: Dante Vel\u00e1zquez impuls\u00f3 el acuerdo binacional del agua con un mensaje de liderazgo y proyecci\u00f3n desde La Quiaca\"}]},{\"@type\":\"WebSite\",\"@id\":\"https:\\\/\\\/www.muyjujuy.com\\\/#website\",\"url\":\"https:\\\/\\\/www.muyjujuy.com\\\/\",\"name\":\"Muy Jujuy\",\"description\":\"\",\"publisher\":{\"@id\":\"https:\\\/\\\/www.muyjujuy.com\\\/#organization\"},\"potentialAction\":[{\"@type\":\"SearchAction\",\"target\":{\"@type\":\"EntryPoint\",\"urlTemplate\":\"https:\\\/\\\/www.muyjujuy.com\\\/?s={search_term_string}\"},\"query-input\":{\"@type\":\"PropertyValueSpecification\",\"valueRequired\":true,\"valueName\":\"search_term_string\"}}],\"inLanguage\":\"es-AR\"},{\"@type\":\"Organization\",\"@id\":\"https:\\\/\\\/www.muyjujuy.com\\\/#organization\",\"name\":\"Muy Jujuy\",\"url\":\"https:\\\/\\\/www.muyjujuy.com\\\/\",\"logo\":{\"@type\":\"ImageObject\",\"inLanguage\":\"es-AR\",\"@id\":\"https:\\\/\\\/www.muyjujuy.com\\\/#\\\/schema\\\/logo\\\/image\\\/\",\"url\":\"http:\\\/\\\/www.muyjujuy.com\\\/wp-content\\\/uploads\\\/2022\\\/05\\\/logo-mobil-jujuy.png\",\"contentUrl\":\"http:\\\/\\\/www.muyjujuy.com\\\/wp-content\\\/uploads\\\/2022\\\/05\\\/logo-mobil-jujuy.png\",\"width\":174,\"height\":81,\"caption\":\"Muy Jujuy\"},\"image\":{\"@id\":\"https:\\\/\\\/www.muyjujuy.com\\\/#\\\/schema\\\/logo\\\/image\\\/\"},\"sameAs\":[\"https:\\\/\\\/www.facebook.com\\\/muyjujuycom\",\"https:\\\/\\\/x.com\\\/muyjujuy\",\"https:\\\/\\\/www.instagram.com\\\/muyjujuycom\"]},{\"@type\":\"Person\",\"@id\":\"https:\\\/\\\/www.muyjujuy.com\\\/#\\\/schema\\\/person\\\/a3b63db1f387ec4149299954904c5bf0\",\"name\":\"admin\",\"image\":{\"@type\":\"ImageObject\",\"inLanguage\":\"es-AR\",\"@id\":\"https:\\\/\\\/secure.gravatar.com\\\/avatar\\\/b6e63d8d3a73633362405a0ad27e9c28391755813b59886f19a99d6cef8a03fc?s=96&d=mm&r=g\",\"url\":\"https:\\\/\\\/secure.gravatar.com\\\/avatar\\\/b6e63d8d3a73633362405a0ad27e9c28391755813b59886f19a99d6cef8a03fc?s=96&d=mm&r=g\",\"contentUrl\":\"https:\\\/\\\/secure.gravatar.com\\\/avatar\\\/b6e63d8d3a73633362405a0ad27e9c28391755813b59886f19a99d6cef8a03fc?s=96&d=mm&r=g\",\"caption\":\"admin\"},\"url\":\"https:\\\/\\\/www.muyjujuy.com\\\/index.php\\\/author\\\/soyeleditor\\\/\"}]}<\/script>\n<!-- \/ Yoast SEO plugin. -->","yoast_head_json":{"title":"\u201cNo esperamos la agenda, la construimos\u201d: Dante Vel\u00e1zquez impuls\u00f3 el acuerdo binacional del agua con un mensaje de liderazgo y proyecci\u00f3n desde La Quiaca - Muy Jujuy","robots":{"index":"index","follow":"follow","max-snippet":"max-snippet:-1","max-image-preview":"max-image-preview:large","max-video-preview":"max-video-preview:-1"},"canonical":"https:\/\/www.muyjujuy.com\/index.php\/2025\/06\/25\/no-esperamos-la-agenda-la-construimos-dante-velazquez-impulso-el-acuerdo-binacional-del-agua-con-un-mensaje-de-liderazgo-y-proyeccion-desde-la-quiaca\/","og_locale":"es_ES","og_type":"article","og_title":"\u201cNo esperamos la agenda, la construimos\u201d: Dante Vel\u00e1zquez impuls\u00f3 el acuerdo binacional del agua con un mensaje de liderazgo y proyecci\u00f3n desde La Quiaca - Muy Jujuy","og_description":"Con un tono firme y decidido, el intendente de La Quiaca, Dante Vel\u00e1zquez, se posicion\u00f3 como figura clave en un momento hist\u00f3rico para la integraci\u00f3n regional. La conformaci\u00f3n de la Comisi\u00f3n Binacional del Agua con Bolivia fue m\u00e1s que un gesto diplom\u00e1tico: represent\u00f3 un acto concreto contra el olvido estructural. En una jornada que marc\u00f3 [&hellip;]","og_url":"https:\/\/www.muyjujuy.com\/index.php\/2025\/06\/25\/no-esperamos-la-agenda-la-construimos-dante-velazquez-impulso-el-acuerdo-binacional-del-agua-con-un-mensaje-de-liderazgo-y-proyeccion-desde-la-quiaca\/","og_site_name":"Muy Jujuy","article_publisher":"https:\/\/www.facebook.com\/muyjujuycom","article_published_time":"2025-06-25T14:33:21+00:00","author":"admin","twitter_card":"summary_large_image","twitter_creator":"@muyjujuy","twitter_site":"@muyjujuy","twitter_misc":{"Escrito por":"admin","Tiempo de lectura":"8 minutos"},"schema":{"@context":"https:\/\/schema.org","@graph":[{"@type":"Article","@id":"https:\/\/www.muyjujuy.com\/index.php\/2025\/06\/25\/no-esperamos-la-agenda-la-construimos-dante-velazquez-impulso-el-acuerdo-binacional-del-agua-con-un-mensaje-de-liderazgo-y-proyeccion-desde-la-quiaca\/#article","isPartOf":{"@id":"https:\/\/www.muyjujuy.com\/index.php\/2025\/06\/25\/no-esperamos-la-agenda-la-construimos-dante-velazquez-impulso-el-acuerdo-binacional-del-agua-con-un-mensaje-de-liderazgo-y-proyeccion-desde-la-quiaca\/"},"author":{"name":"admin","@id":"https:\/\/www.muyjujuy.com\/#\/schema\/person\/a3b63db1f387ec4149299954904c5bf0"},"headline":"\u201cNo esperamos la agenda, la construimos\u201d: Dante Vel\u00e1zquez impuls\u00f3 el acuerdo binacional del agua con un mensaje de liderazgo y proyecci\u00f3n desde La Quiaca","datePublished":"2025-06-25T14:33:21+00:00","mainEntityOfPage":{"@id":"https:\/\/www.muyjujuy.com\/index.php\/2025\/06\/25\/no-esperamos-la-agenda-la-construimos-dante-velazquez-impulso-el-acuerdo-binacional-del-agua-con-un-mensaje-de-liderazgo-y-proyeccion-desde-la-quiaca\/"},"wordCount":1576,"commentCount":0,"publisher":{"@id":"https:\/\/www.muyjujuy.com\/#organization"},"image":{"@id":"https:\/\/www.muyjujuy.com\/index.php\/2025\/06\/25\/no-esperamos-la-agenda-la-construimos-dante-velazquez-impulso-el-acuerdo-binacional-del-agua-con-un-mensaje-de-liderazgo-y-proyeccion-desde-la-quiaca\/#primaryimage"},"thumbnailUrl":"https:\/\/www.muyjujuy.com\/wp-content\/uploads\/2025\/06\/politica-1.jpg","articleSection":["JUJUY","Pol\u00edtica"],"inLanguage":"es-AR","potentialAction":[{"@type":"CommentAction","name":"Comment","target":["https:\/\/www.muyjujuy.com\/index.php\/2025\/06\/25\/no-esperamos-la-agenda-la-construimos-dante-velazquez-impulso-el-acuerdo-binacional-del-agua-con-un-mensaje-de-liderazgo-y-proyeccion-desde-la-quiaca\/#respond"]}]},{"@type":"WebPage","@id":"https:\/\/www.muyjujuy.com\/index.php\/2025\/06\/25\/no-esperamos-la-agenda-la-construimos-dante-velazquez-impulso-el-acuerdo-binacional-del-agua-con-un-mensaje-de-liderazgo-y-proyeccion-desde-la-quiaca\/","url":"https:\/\/www.muyjujuy.com\/index.php\/2025\/06\/25\/no-esperamos-la-agenda-la-construimos-dante-velazquez-impulso-el-acuerdo-binacional-del-agua-con-un-mensaje-de-liderazgo-y-proyeccion-desde-la-quiaca\/","name":"\u201cNo esperamos la agenda, la construimos\u201d: Dante Vel\u00e1zquez impuls\u00f3 el acuerdo binacional del agua con un mensaje de liderazgo y proyecci\u00f3n desde La Quiaca - Muy Jujuy","isPartOf":{"@id":"https:\/\/www.muyjujuy.com\/#website"},"primaryImageOfPage":{"@id":"https:\/\/www.muyjujuy.com\/index.php\/2025\/06\/25\/no-esperamos-la-agenda-la-construimos-dante-velazquez-impulso-el-acuerdo-binacional-del-agua-con-un-mensaje-de-liderazgo-y-proyeccion-desde-la-quiaca\/#primaryimage"},"image":{"@id":"https:\/\/www.muyjujuy.com\/index.php\/2025\/06\/25\/no-esperamos-la-agenda-la-construimos-dante-velazquez-impulso-el-acuerdo-binacional-del-agua-con-un-mensaje-de-liderazgo-y-proyeccion-desde-la-quiaca\/#primaryimage"},"thumbnailUrl":"https:\/\/www.muyjujuy.com\/wp-content\/uploads\/2025\/06\/politica-1.jpg","datePublished":"2025-06-25T14:33:21+00:00","breadcrumb":{"@id":"https:\/\/www.muyjujuy.com\/index.php\/2025\/06\/25\/no-esperamos-la-agenda-la-construimos-dante-velazquez-impulso-el-acuerdo-binacional-del-agua-con-un-mensaje-de-liderazgo-y-proyeccion-desde-la-quiaca\/#breadcrumb"},"inLanguage":"es-AR","potentialAction":[{"@type":"ReadAction","target":["https:\/\/www.muyjujuy.com\/index.php\/2025\/06\/25\/no-esperamos-la-agenda-la-construimos-dante-velazquez-impulso-el-acuerdo-binacional-del-agua-con-un-mensaje-de-liderazgo-y-proyeccion-desde-la-quiaca\/"]}]},{"@type":"ImageObject","inLanguage":"es-AR","@id":"https:\/\/www.muyjujuy.com\/index.php\/2025\/06\/25\/no-esperamos-la-agenda-la-construimos-dante-velazquez-impulso-el-acuerdo-binacional-del-agua-con-un-mensaje-de-liderazgo-y-proyeccion-desde-la-quiaca\/#primaryimage","url":"https:\/\/www.muyjujuy.com\/wp-content\/uploads\/2025\/06\/politica-1.jpg","contentUrl":"https:\/\/www.muyjujuy.com\/wp-content\/uploads\/2025\/06\/politica-1.jpg","width":895,"height":534},{"@type":"BreadcrumbList","@id":"https:\/\/www.muyjujuy.com\/index.php\/2025\/06\/25\/no-esperamos-la-agenda-la-construimos-dante-velazquez-impulso-el-acuerdo-binacional-del-agua-con-un-mensaje-de-liderazgo-y-proyeccion-desde-la-quiaca\/#breadcrumb","itemListElement":[{"@type":"ListItem","position":1,"name":"Inicio","item":"https:\/\/www.muyjujuy.com\/"},{"@type":"ListItem","position":2,"name":"\u201cNo esperamos la agenda, la construimos\u201d: Dante Vel\u00e1zquez impuls\u00f3 el acuerdo binacional del agua con un mensaje de liderazgo y proyecci\u00f3n desde La Quiaca"}]},{"@type":"WebSite","@id":"https:\/\/www.muyjujuy.com\/#website","url":"https:\/\/www.muyjujuy.com\/","name":"Muy Jujuy","description":"","publisher":{"@id":"https:\/\/www.muyjujuy.com\/#organization"},"potentialAction":[{"@type":"SearchAction","target":{"@type":"EntryPoint","urlTemplate":"https:\/\/www.muyjujuy.com\/?s={search_term_string}"},"query-input":{"@type":"PropertyValueSpecification","valueRequired":true,"valueName":"search_term_string"}}],"inLanguage":"es-AR"},{"@type":"Organization","@id":"https:\/\/www.muyjujuy.com\/#organization","name":"Muy Jujuy","url":"https:\/\/www.muyjujuy.com\/","logo":{"@type":"ImageObject","inLanguage":"es-AR","@id":"https:\/\/www.muyjujuy.com\/#\/schema\/logo\/image\/","url":"http:\/\/www.muyjujuy.com\/wp-content\/uploads\/2022\/05\/logo-mobil-jujuy.png","contentUrl":"http:\/\/www.muyjujuy.com\/wp-content\/uploads\/2022\/05\/logo-mobil-jujuy.png","width":174,"height":81,"caption":"Muy Jujuy"},"image":{"@id":"https:\/\/www.muyjujuy.com\/#\/schema\/logo\/image\/"},"sameAs":["https:\/\/www.facebook.com\/muyjujuycom","https:\/\/x.com\/muyjujuy","https:\/\/www.instagram.com\/muyjujuycom"]},{"@type":"Person","@id":"https:\/\/www.muyjujuy.com\/#\/schema\/person\/a3b63db1f387ec4149299954904c5bf0","name":"admin","image":{"@type":"ImageObject","inLanguage":"es-AR","@id":"https:\/\/secure.gravatar.com\/avatar\/b6e63d8d3a73633362405a0ad27e9c28391755813b59886f19a99d6cef8a03fc?s=96&d=mm&r=g","url":"https:\/\/secure.gravatar.com\/avatar\/b6e63d8d3a73633362405a0ad27e9c28391755813b59886f19a99d6cef8a03fc?s=96&d=mm&r=g","contentUrl":"https:\/\/secure.gravatar.com\/avatar\/b6e63d8d3a73633362405a0ad27e9c28391755813b59886f19a99d6cef8a03fc?s=96&d=mm&r=g","caption":"admin"},"url":"https:\/\/www.muyjujuy.com\/index.php\/author\/soyeleditor\/"}]}},"_links":{"self":[{"href":"https:\/\/www.muyjujuy.com\/index.php\/wp-json\/wp\/v2\/posts\/2605","targetHints":{"allow":["GET"]}}],"collection":[{"href":"https:\/\/www.muyjujuy.com\/index.php\/wp-json\/wp\/v2\/posts"}],"about":[{"href":"https:\/\/www.muyjujuy.com\/index.php\/wp-json\/wp\/v2\/types\/post"}],"author":[{"embeddable":true,"href":"https:\/\/www.muyjujuy.com\/index.php\/wp-json\/wp\/v2\/users\/1"}],"replies":[{"embeddable":true,"href":"https:\/\/www.muyjujuy.com\/index.php\/wp-json\/wp\/v2\/comments?post=2605"}],"version-history":[{"count":1,"href":"https:\/\/www.muyjujuy.com\/index.php\/wp-json\/wp\/v2\/posts\/2605\/revisions"}],"predecessor-version":[{"id":2607,"href":"https:\/\/www.muyjujuy.com\/index.php\/wp-json\/wp\/v2\/posts\/2605\/revisions\/2607"}],"wp:featuredmedia":[{"embeddable":true,"href":"https:\/\/www.muyjujuy.com\/index.php\/wp-json\/wp\/v2\/media\/2606"}],"wp:attachment":[{"href":"https:\/\/www.muyjujuy.com\/index.php\/wp-json\/wp\/v2\/media?parent=2605"}],"wp:term":[{"taxonomy":"category","embeddable":true,"href":"https:\/\/www.muyjujuy.com\/index.php\/wp-json\/wp\/v2\/categories?post=2605"},{"taxonomy":"post_tag","embeddable":true,"href":"https:\/\/www.muyjujuy.com\/index.php\/wp-json\/wp\/v2\/tags?post=2605"}],"curies":[{"name":"wp","href":"https:\/\/api.w.org\/{rel}","templated":true}]}}