{"id":2611,"date":"2025-06-26T11:09:07","date_gmt":"2025-06-26T14:09:07","guid":{"rendered":"https:\/\/www.muyjujuy.com\/?p=2611"},"modified":"2025-06-26T11:09:07","modified_gmt":"2025-06-26T14:09:07","slug":"con-dos-ausencias-de-peso-gimnasia-de-jujuy-visita-el-sabado-a-talleres-de-remedios-de-escalada","status":"publish","type":"post","link":"https:\/\/www.muyjujuy.com\/index.php\/2025\/06\/26\/con-dos-ausencias-de-peso-gimnasia-de-jujuy-visita-el-sabado-a-talleres-de-remedios-de-escalada\/","title":{"rendered":"Con dos ausencias de peso, Gimnasia de Jujuy visita el s\u00e1bado a Talleres de Remedios de Escalada"},"content":{"rendered":"\n<p><strong>Alejandro Quintana<\/strong>, uno de los m\u00e1ximos artilleros, y <strong>Nicol\u00e1s Dematei<\/strong> llegaron al l\u00edmite de amonestaciones y no estar\u00e1n disponibles. <strong>El Lobo<\/strong> se alista para defender el liderazgo en la <strong>Zona B<\/strong>.<\/p>\n\n\n\n<p><strong>Gimnasia y Esgrima de Jujuy<\/strong> se medir\u00e1 este <strong>s\u00e1bado 28 de junio a partir de las 15:30<\/strong> ante <strong>Talleres de Remedios de Escalada<\/strong>. El equipo juje\u00f1o, que lidera la <strong>Zona B de la Primera Nacional<\/strong>, visitar\u00e1 al colista del grupo en un duelo clave para sostener la cima de la tabla.<\/p>\n\n\n\n<p>Luego del ag\u00f3nico empate frente a <strong>Estudiantes de R\u00edo Cuarto<\/strong>, el plantel que conduce <strong>Mat\u00edas M\u00f3dolo<\/strong> ajusta los \u00faltimos detalles de cara a su viaje al conurbano bonaerense, con la confirmaci\u00f3n de dos bajas significativas: el delantero <strong>Alejandro Quintana<\/strong> y el zaguero <strong>Nicol\u00e1s Dematei<\/strong>, ambos habituales titulares, quedaron marginados por acumulaci\u00f3n de cinco amarillas y deber\u00e1n cumplir una fecha de sanci\u00f3n. Ante este panorama, el entrenador analiza posibles variantes para reemplazar a dos piezas fundamentales en su esquema.<\/p>\n\n\n\n<p>El compromiso del s\u00e1bado enfrentar\u00e1 a dos equipos con presentes totalmente opuestos. <strong>Gimnasia de Jujuy<\/strong> se mantiene en lo m\u00e1s alto de la <strong>Zona B<\/strong> desde hace siete fechas, suma <strong>37 puntos<\/strong> y ostenta una racha de <strong>nueve encuentros invicto<\/strong>.<\/p>\n\n\n\n<p>En contraste, <strong>Talleres de Remedios de Escalada<\/strong> ocupa el \u00faltimo lugar del grupo con tan solo <strong>7 unidades<\/strong>. A lo largo del certamen obtuvo una \u00fanica victoria, aunque viene de igualar ante <strong>Gimnasia de Mendoza<\/strong>, uno de los protagonistas del torneo. Adem\u00e1s, el conjunto <strong>albirrojo<\/strong> convirti\u00f3 apenas <strong>5 goles en 19 fechas disputadas<\/strong>.<\/p>\n","protected":false},"excerpt":{"rendered":"<p>Alejandro Quintana, uno de los m\u00e1ximos artilleros, y Nicol\u00e1s Dematei llegaron al l\u00edmite de amonestaciones y no estar\u00e1n disponibles. El Lobo se alista para defender el liderazgo en la Zona B. Gimnasia y Esgrima de Jujuy se medir\u00e1 este s\u00e1bado 28 de junio a partir de las 15:30 ante Talleres de Remedios de Escalada. El [&hellip;]<\/p>\n","protected":false},"author":1,"featured_media":2612,"comment_status":"open","ping_status":"open","sticky":false,"template":"","format":"standard","meta":{"footnotes":""},"categories":[26,863],"tags":[],"class_list":{"0":"post-2611","1":"post","2":"type-post","3":"status-publish","4":"format-standard","5":"has-post-thumbnail","7":"category-deportes","8":"category-jujuy"},"yoast_head":"<!-- This site is optimized with the Yoast SEO plugin v27.5 - https:\/\/yoast.com\/product\/yoast-seo-wordpress\/ -->\n<title>Con dos ausencias de peso, Gimnasia de Jujuy visita el s\u00e1bado a Talleres de Remedios de Escalada - Muy Jujuy<\/title>\n<meta name=\"robots\" content=\"index, follow, max-snippet:-1, max-image-preview:large, max-video-preview:-1\" \/>\n<link rel=\"canonical\" href=\"https:\/\/www.muyjujuy.com\/index.php\/2025\/06\/26\/con-dos-ausencias-de-peso-gimnasia-de-jujuy-visita-el-sabado-a-talleres-de-remedios-de-escalada\/\" \/>\n<meta property=\"og:locale\" content=\"es_ES\" \/>\n<meta property=\"og:type\" content=\"article\" \/>\n<meta property=\"og:title\" content=\"Con dos ausencias de peso, Gimnasia de Jujuy visita el s\u00e1bado a Talleres de Remedios de Escalada - Muy Jujuy\" \/>\n<meta property=\"og:description\" content=\"Alejandro Quintana, uno de los m\u00e1ximos artilleros, y Nicol\u00e1s Dematei llegaron al l\u00edmite de amonestaciones y no estar\u00e1n disponibles. El Lobo se alista para defender el liderazgo en la Zona B. Gimnasia y Esgrima de Jujuy se medir\u00e1 este s\u00e1bado 28 de junio a partir de las 15:30 ante Talleres de Remedios de Escalada. El [&hellip;]\" \/>\n<meta property=\"og:url\" content=\"https:\/\/www.muyjujuy.com\/index.php\/2025\/06\/26\/con-dos-ausencias-de-peso-gimnasia-de-jujuy-visita-el-sabado-a-talleres-de-remedios-de-escalada\/\" \/>\n<meta property=\"og:site_name\" content=\"Muy Jujuy\" \/>\n<meta property=\"article:publisher\" content=\"https:\/\/www.facebook.com\/muyjujuycom\" \/>\n<meta property=\"article:published_time\" content=\"2025-06-26T14:09:07+00:00\" \/>\n<meta name=\"author\" content=\"admin\" \/>\n<meta name=\"twitter:card\" content=\"summary_large_image\" \/>\n<meta name=\"twitter:creator\" content=\"@muyjujuy\" \/>\n<meta name=\"twitter:site\" content=\"@muyjujuy\" \/>\n<meta name=\"twitter:label1\" content=\"Escrito por\" \/>\n\t<meta name=\"twitter:data1\" content=\"admin\" \/>\n\t<meta name=\"twitter:label2\" content=\"Tiempo de lectura\" \/>\n\t<meta name=\"twitter:data2\" content=\"1 minuto\" \/>\n<script type=\"application\/ld+json\" class=\"yoast-schema-graph\">{\"@context\":\"https:\\\/\\\/schema.org\",\"@graph\":[{\"@type\":\"Article\",\"@id\":\"https:\\\/\\\/www.muyjujuy.com\\\/index.php\\\/2025\\\/06\\\/26\\\/con-dos-ausencias-de-peso-gimnasia-de-jujuy-visita-el-sabado-a-talleres-de-remedios-de-escalada\\\/#article\",\"isPartOf\":{\"@id\":\"https:\\\/\\\/www.muyjujuy.com\\\/index.php\\\/2025\\\/06\\\/26\\\/con-dos-ausencias-de-peso-gimnasia-de-jujuy-visita-el-sabado-a-talleres-de-remedios-de-escalada\\\/\"},\"author\":{\"name\":\"admin\",\"@id\":\"https:\\\/\\\/www.muyjujuy.com\\\/#\\\/schema\\\/person\\\/a3b63db1f387ec4149299954904c5bf0\"},\"headline\":\"Con dos ausencias de peso, Gimnasia de Jujuy visita el s\u00e1bado a Talleres de Remedios de Escalada\",\"datePublished\":\"2025-06-26T14:09:07+00:00\",\"mainEntityOfPage\":{\"@id\":\"https:\\\/\\\/www.muyjujuy.com\\\/index.php\\\/2025\\\/06\\\/26\\\/con-dos-ausencias-de-peso-gimnasia-de-jujuy-visita-el-sabado-a-talleres-de-remedios-de-escalada\\\/\"},\"wordCount\":283,\"commentCount\":0,\"publisher\":{\"@id\":\"https:\\\/\\\/www.muyjujuy.com\\\/#organization\"},\"image\":{\"@id\":\"https:\\\/\\\/www.muyjujuy.com\\\/index.php\\\/2025\\\/06\\\/26\\\/con-dos-ausencias-de-peso-gimnasia-de-jujuy-visita-el-sabado-a-talleres-de-remedios-de-escalada\\\/#primaryimage\"},\"thumbnailUrl\":\"https:\\\/\\\/www.muyjujuy.com\\\/wp-content\\\/uploads\\\/2025\\\/06\\\/LOBO.jpg\",\"articleSection\":[\"Deportes\",\"JUJUY\"],\"inLanguage\":\"es-AR\",\"potentialAction\":[{\"@type\":\"CommentAction\",\"name\":\"Comment\",\"target\":[\"https:\\\/\\\/www.muyjujuy.com\\\/index.php\\\/2025\\\/06\\\/26\\\/con-dos-ausencias-de-peso-gimnasia-de-jujuy-visita-el-sabado-a-talleres-de-remedios-de-escalada\\\/#respond\"]}]},{\"@type\":\"WebPage\",\"@id\":\"https:\\\/\\\/www.muyjujuy.com\\\/index.php\\\/2025\\\/06\\\/26\\\/con-dos-ausencias-de-peso-gimnasia-de-jujuy-visita-el-sabado-a-talleres-de-remedios-de-escalada\\\/\",\"url\":\"https:\\\/\\\/www.muyjujuy.com\\\/index.php\\\/2025\\\/06\\\/26\\\/con-dos-ausencias-de-peso-gimnasia-de-jujuy-visita-el-sabado-a-talleres-de-remedios-de-escalada\\\/\",\"name\":\"Con dos ausencias de peso, Gimnasia de Jujuy visita el s\u00e1bado a Talleres de Remedios de Escalada - Muy Jujuy\",\"isPartOf\":{\"@id\":\"https:\\\/\\\/www.muyjujuy.com\\\/#website\"},\"primaryImageOfPage\":{\"@id\":\"https:\\\/\\\/www.muyjujuy.com\\\/index.php\\\/2025\\\/06\\\/26\\\/con-dos-ausencias-de-peso-gimnasia-de-jujuy-visita-el-sabado-a-talleres-de-remedios-de-escalada\\\/#primaryimage\"},\"image\":{\"@id\":\"https:\\\/\\\/www.muyjujuy.com\\\/index.php\\\/2025\\\/06\\\/26\\\/con-dos-ausencias-de-peso-gimnasia-de-jujuy-visita-el-sabado-a-talleres-de-remedios-de-escalada\\\/#primaryimage\"},\"thumbnailUrl\":\"https:\\\/\\\/www.muyjujuy.com\\\/wp-content\\\/uploads\\\/2025\\\/06\\\/LOBO.jpg\",\"datePublished\":\"2025-06-26T14:09:07+00:00\",\"breadcrumb\":{\"@id\":\"https:\\\/\\\/www.muyjujuy.com\\\/index.php\\\/2025\\\/06\\\/26\\\/con-dos-ausencias-de-peso-gimnasia-de-jujuy-visita-el-sabado-a-talleres-de-remedios-de-escalada\\\/#breadcrumb\"},\"inLanguage\":\"es-AR\",\"potentialAction\":[{\"@type\":\"ReadAction\",\"target\":[\"https:\\\/\\\/www.muyjujuy.com\\\/index.php\\\/2025\\\/06\\\/26\\\/con-dos-ausencias-de-peso-gimnasia-de-jujuy-visita-el-sabado-a-talleres-de-remedios-de-escalada\\\/\"]}]},{\"@type\":\"ImageObject\",\"inLanguage\":\"es-AR\",\"@id\":\"https:\\\/\\\/www.muyjujuy.com\\\/index.php\\\/2025\\\/06\\\/26\\\/con-dos-ausencias-de-peso-gimnasia-de-jujuy-visita-el-sabado-a-talleres-de-remedios-de-escalada\\\/#primaryimage\",\"url\":\"https:\\\/\\\/www.muyjujuy.com\\\/wp-content\\\/uploads\\\/2025\\\/06\\\/LOBO.jpg\",\"contentUrl\":\"https:\\\/\\\/www.muyjujuy.com\\\/wp-content\\\/uploads\\\/2025\\\/06\\\/LOBO.jpg\",\"width\":948,\"height\":516},{\"@type\":\"BreadcrumbList\",\"@id\":\"https:\\\/\\\/www.muyjujuy.com\\\/index.php\\\/2025\\\/06\\\/26\\\/con-dos-ausencias-de-peso-gimnasia-de-jujuy-visita-el-sabado-a-talleres-de-remedios-de-escalada\\\/#breadcrumb\",\"itemListElement\":[{\"@type\":\"ListItem\",\"position\":1,\"name\":\"Inicio\",\"item\":\"https:\\\/\\\/www.muyjujuy.com\\\/\"},{\"@type\":\"ListItem\",\"position\":2,\"name\":\"Con dos ausencias de peso, Gimnasia de Jujuy visita el s\u00e1bado a Talleres de Remedios de Escalada\"}]},{\"@type\":\"WebSite\",\"@id\":\"https:\\\/\\\/www.muyjujuy.com\\\/#website\",\"url\":\"https:\\\/\\\/www.muyjujuy.com\\\/\",\"name\":\"Muy Jujuy\",\"description\":\"\",\"publisher\":{\"@id\":\"https:\\\/\\\/www.muyjujuy.com\\\/#organization\"},\"potentialAction\":[{\"@type\":\"SearchAction\",\"target\":{\"@type\":\"EntryPoint\",\"urlTemplate\":\"https:\\\/\\\/www.muyjujuy.com\\\/?s={search_term_string}\"},\"query-input\":{\"@type\":\"PropertyValueSpecification\",\"valueRequired\":true,\"valueName\":\"search_term_string\"}}],\"inLanguage\":\"es-AR\"},{\"@type\":\"Organization\",\"@id\":\"https:\\\/\\\/www.muyjujuy.com\\\/#organization\",\"name\":\"Muy Jujuy\",\"url\":\"https:\\\/\\\/www.muyjujuy.com\\\/\",\"logo\":{\"@type\":\"ImageObject\",\"inLanguage\":\"es-AR\",\"@id\":\"https:\\\/\\\/www.muyjujuy.com\\\/#\\\/schema\\\/logo\\\/image\\\/\",\"url\":\"http:\\\/\\\/www.muyjujuy.com\\\/wp-content\\\/uploads\\\/2022\\\/05\\\/logo-mobil-jujuy.png\",\"contentUrl\":\"http:\\\/\\\/www.muyjujuy.com\\\/wp-content\\\/uploads\\\/2022\\\/05\\\/logo-mobil-jujuy.png\",\"width\":174,\"height\":81,\"caption\":\"Muy Jujuy\"},\"image\":{\"@id\":\"https:\\\/\\\/www.muyjujuy.com\\\/#\\\/schema\\\/logo\\\/image\\\/\"},\"sameAs\":[\"https:\\\/\\\/www.facebook.com\\\/muyjujuycom\",\"https:\\\/\\\/x.com\\\/muyjujuy\",\"https:\\\/\\\/www.instagram.com\\\/muyjujuycom\"]},{\"@type\":\"Person\",\"@id\":\"https:\\\/\\\/www.muyjujuy.com\\\/#\\\/schema\\\/person\\\/a3b63db1f387ec4149299954904c5bf0\",\"name\":\"admin\",\"image\":{\"@type\":\"ImageObject\",\"inLanguage\":\"es-AR\",\"@id\":\"https:\\\/\\\/secure.gravatar.com\\\/avatar\\\/b6e63d8d3a73633362405a0ad27e9c28391755813b59886f19a99d6cef8a03fc?s=96&d=mm&r=g\",\"url\":\"https:\\\/\\\/secure.gravatar.com\\\/avatar\\\/b6e63d8d3a73633362405a0ad27e9c28391755813b59886f19a99d6cef8a03fc?s=96&d=mm&r=g\",\"contentUrl\":\"https:\\\/\\\/secure.gravatar.com\\\/avatar\\\/b6e63d8d3a73633362405a0ad27e9c28391755813b59886f19a99d6cef8a03fc?s=96&d=mm&r=g\",\"caption\":\"admin\"},\"url\":\"https:\\\/\\\/www.muyjujuy.com\\\/index.php\\\/author\\\/soyeleditor\\\/\"}]}<\/script>\n<!-- \/ Yoast SEO plugin. -->","yoast_head_json":{"title":"Con dos ausencias de peso, Gimnasia de Jujuy visita el s\u00e1bado a Talleres de Remedios de Escalada - Muy Jujuy","robots":{"index":"index","follow":"follow","max-snippet":"max-snippet:-1","max-image-preview":"max-image-preview:large","max-video-preview":"max-video-preview:-1"},"canonical":"https:\/\/www.muyjujuy.com\/index.php\/2025\/06\/26\/con-dos-ausencias-de-peso-gimnasia-de-jujuy-visita-el-sabado-a-talleres-de-remedios-de-escalada\/","og_locale":"es_ES","og_type":"article","og_title":"Con dos ausencias de peso, Gimnasia de Jujuy visita el s\u00e1bado a Talleres de Remedios de Escalada - Muy Jujuy","og_description":"Alejandro Quintana, uno de los m\u00e1ximos artilleros, y Nicol\u00e1s Dematei llegaron al l\u00edmite de amonestaciones y no estar\u00e1n disponibles. El Lobo se alista para defender el liderazgo en la Zona B. Gimnasia y Esgrima de Jujuy se medir\u00e1 este s\u00e1bado 28 de junio a partir de las 15:30 ante Talleres de Remedios de Escalada. El [&hellip;]","og_url":"https:\/\/www.muyjujuy.com\/index.php\/2025\/06\/26\/con-dos-ausencias-de-peso-gimnasia-de-jujuy-visita-el-sabado-a-talleres-de-remedios-de-escalada\/","og_site_name":"Muy Jujuy","article_publisher":"https:\/\/www.facebook.com\/muyjujuycom","article_published_time":"2025-06-26T14:09:07+00:00","author":"admin","twitter_card":"summary_large_image","twitter_creator":"@muyjujuy","twitter_site":"@muyjujuy","twitter_misc":{"Escrito por":"admin","Tiempo de lectura":"1 minuto"},"schema":{"@context":"https:\/\/schema.org","@graph":[{"@type":"Article","@id":"https:\/\/www.muyjujuy.com\/index.php\/2025\/06\/26\/con-dos-ausencias-de-peso-gimnasia-de-jujuy-visita-el-sabado-a-talleres-de-remedios-de-escalada\/#article","isPartOf":{"@id":"https:\/\/www.muyjujuy.com\/index.php\/2025\/06\/26\/con-dos-ausencias-de-peso-gimnasia-de-jujuy-visita-el-sabado-a-talleres-de-remedios-de-escalada\/"},"author":{"name":"admin","@id":"https:\/\/www.muyjujuy.com\/#\/schema\/person\/a3b63db1f387ec4149299954904c5bf0"},"headline":"Con dos ausencias de peso, Gimnasia de Jujuy visita el s\u00e1bado a Talleres de Remedios de Escalada","datePublished":"2025-06-26T14:09:07+00:00","mainEntityOfPage":{"@id":"https:\/\/www.muyjujuy.com\/index.php\/2025\/06\/26\/con-dos-ausencias-de-peso-gimnasia-de-jujuy-visita-el-sabado-a-talleres-de-remedios-de-escalada\/"},"wordCount":283,"commentCount":0,"publisher":{"@id":"https:\/\/www.muyjujuy.com\/#organization"},"image":{"@id":"https:\/\/www.muyjujuy.com\/index.php\/2025\/06\/26\/con-dos-ausencias-de-peso-gimnasia-de-jujuy-visita-el-sabado-a-talleres-de-remedios-de-escalada\/#primaryimage"},"thumbnailUrl":"https:\/\/www.muyjujuy.com\/wp-content\/uploads\/2025\/06\/LOBO.jpg","articleSection":["Deportes","JUJUY"],"inLanguage":"es-AR","potentialAction":[{"@type":"CommentAction","name":"Comment","target":["https:\/\/www.muyjujuy.com\/index.php\/2025\/06\/26\/con-dos-ausencias-de-peso-gimnasia-de-jujuy-visita-el-sabado-a-talleres-de-remedios-de-escalada\/#respond"]}]},{"@type":"WebPage","@id":"https:\/\/www.muyjujuy.com\/index.php\/2025\/06\/26\/con-dos-ausencias-de-peso-gimnasia-de-jujuy-visita-el-sabado-a-talleres-de-remedios-de-escalada\/","url":"https:\/\/www.muyjujuy.com\/index.php\/2025\/06\/26\/con-dos-ausencias-de-peso-gimnasia-de-jujuy-visita-el-sabado-a-talleres-de-remedios-de-escalada\/","name":"Con dos ausencias de peso, Gimnasia de Jujuy visita el s\u00e1bado a Talleres de Remedios de Escalada - Muy Jujuy","isPartOf":{"@id":"https:\/\/www.muyjujuy.com\/#website"},"primaryImageOfPage":{"@id":"https:\/\/www.muyjujuy.com\/index.php\/2025\/06\/26\/con-dos-ausencias-de-peso-gimnasia-de-jujuy-visita-el-sabado-a-talleres-de-remedios-de-escalada\/#primaryimage"},"image":{"@id":"https:\/\/www.muyjujuy.com\/index.php\/2025\/06\/26\/con-dos-ausencias-de-peso-gimnasia-de-jujuy-visita-el-sabado-a-talleres-de-remedios-de-escalada\/#primaryimage"},"thumbnailUrl":"https:\/\/www.muyjujuy.com\/wp-content\/uploads\/2025\/06\/LOBO.jpg","datePublished":"2025-06-26T14:09:07+00:00","breadcrumb":{"@id":"https:\/\/www.muyjujuy.com\/index.php\/2025\/06\/26\/con-dos-ausencias-de-peso-gimnasia-de-jujuy-visita-el-sabado-a-talleres-de-remedios-de-escalada\/#breadcrumb"},"inLanguage":"es-AR","potentialAction":[{"@type":"ReadAction","target":["https:\/\/www.muyjujuy.com\/index.php\/2025\/06\/26\/con-dos-ausencias-de-peso-gimnasia-de-jujuy-visita-el-sabado-a-talleres-de-remedios-de-escalada\/"]}]},{"@type":"ImageObject","inLanguage":"es-AR","@id":"https:\/\/www.muyjujuy.com\/index.php\/2025\/06\/26\/con-dos-ausencias-de-peso-gimnasia-de-jujuy-visita-el-sabado-a-talleres-de-remedios-de-escalada\/#primaryimage","url":"https:\/\/www.muyjujuy.com\/wp-content\/uploads\/2025\/06\/LOBO.jpg","contentUrl":"https:\/\/www.muyjujuy.com\/wp-content\/uploads\/2025\/06\/LOBO.jpg","width":948,"height":516},{"@type":"BreadcrumbList","@id":"https:\/\/www.muyjujuy.com\/index.php\/2025\/06\/26\/con-dos-ausencias-de-peso-gimnasia-de-jujuy-visita-el-sabado-a-talleres-de-remedios-de-escalada\/#breadcrumb","itemListElement":[{"@type":"ListItem","position":1,"name":"Inicio","item":"https:\/\/www.muyjujuy.com\/"},{"@type":"ListItem","position":2,"name":"Con dos ausencias de peso, Gimnasia de Jujuy visita el s\u00e1bado a Talleres de Remedios de Escalada"}]},{"@type":"WebSite","@id":"https:\/\/www.muyjujuy.com\/#website","url":"https:\/\/www.muyjujuy.com\/","name":"Muy Jujuy","description":"","publisher":{"@id":"https:\/\/www.muyjujuy.com\/#organization"},"potentialAction":[{"@type":"SearchAction","target":{"@type":"EntryPoint","urlTemplate":"https:\/\/www.muyjujuy.com\/?s={search_term_string}"},"query-input":{"@type":"PropertyValueSpecification","valueRequired":true,"valueName":"search_term_string"}}],"inLanguage":"es-AR"},{"@type":"Organization","@id":"https:\/\/www.muyjujuy.com\/#organization","name":"Muy Jujuy","url":"https:\/\/www.muyjujuy.com\/","logo":{"@type":"ImageObject","inLanguage":"es-AR","@id":"https:\/\/www.muyjujuy.com\/#\/schema\/logo\/image\/","url":"http:\/\/www.muyjujuy.com\/wp-content\/uploads\/2022\/05\/logo-mobil-jujuy.png","contentUrl":"http:\/\/www.muyjujuy.com\/wp-content\/uploads\/2022\/05\/logo-mobil-jujuy.png","width":174,"height":81,"caption":"Muy Jujuy"},"image":{"@id":"https:\/\/www.muyjujuy.com\/#\/schema\/logo\/image\/"},"sameAs":["https:\/\/www.facebook.com\/muyjujuycom","https:\/\/x.com\/muyjujuy","https:\/\/www.instagram.com\/muyjujuycom"]},{"@type":"Person","@id":"https:\/\/www.muyjujuy.com\/#\/schema\/person\/a3b63db1f387ec4149299954904c5bf0","name":"admin","image":{"@type":"ImageObject","inLanguage":"es-AR","@id":"https:\/\/secure.gravatar.com\/avatar\/b6e63d8d3a73633362405a0ad27e9c28391755813b59886f19a99d6cef8a03fc?s=96&d=mm&r=g","url":"https:\/\/secure.gravatar.com\/avatar\/b6e63d8d3a73633362405a0ad27e9c28391755813b59886f19a99d6cef8a03fc?s=96&d=mm&r=g","contentUrl":"https:\/\/secure.gravatar.com\/avatar\/b6e63d8d3a73633362405a0ad27e9c28391755813b59886f19a99d6cef8a03fc?s=96&d=mm&r=g","caption":"admin"},"url":"https:\/\/www.muyjujuy.com\/index.php\/author\/soyeleditor\/"}]}},"_links":{"self":[{"href":"https:\/\/www.muyjujuy.com\/index.php\/wp-json\/wp\/v2\/posts\/2611","targetHints":{"allow":["GET"]}}],"collection":[{"href":"https:\/\/www.muyjujuy.com\/index.php\/wp-json\/wp\/v2\/posts"}],"about":[{"href":"https:\/\/www.muyjujuy.com\/index.php\/wp-json\/wp\/v2\/types\/post"}],"author":[{"embeddable":true,"href":"https:\/\/www.muyjujuy.com\/index.php\/wp-json\/wp\/v2\/users\/1"}],"replies":[{"embeddable":true,"href":"https:\/\/www.muyjujuy.com\/index.php\/wp-json\/wp\/v2\/comments?post=2611"}],"version-history":[{"count":1,"href":"https:\/\/www.muyjujuy.com\/index.php\/wp-json\/wp\/v2\/posts\/2611\/revisions"}],"predecessor-version":[{"id":2613,"href":"https:\/\/www.muyjujuy.com\/index.php\/wp-json\/wp\/v2\/posts\/2611\/revisions\/2613"}],"wp:featuredmedia":[{"embeddable":true,"href":"https:\/\/www.muyjujuy.com\/index.php\/wp-json\/wp\/v2\/media\/2612"}],"wp:attachment":[{"href":"https:\/\/www.muyjujuy.com\/index.php\/wp-json\/wp\/v2\/media?parent=2611"}],"wp:term":[{"taxonomy":"category","embeddable":true,"href":"https:\/\/www.muyjujuy.com\/index.php\/wp-json\/wp\/v2\/categories?post=2611"},{"taxonomy":"post_tag","embeddable":true,"href":"https:\/\/www.muyjujuy.com\/index.php\/wp-json\/wp\/v2\/tags?post=2611"}],"curies":[{"name":"wp","href":"https:\/\/api.w.org\/{rel}","templated":true}]}}