{"id":2614,"date":"2025-06-27T11:11:16","date_gmt":"2025-06-27T14:11:16","guid":{"rendered":"https:\/\/www.muyjujuy.com\/?p=2614"},"modified":"2025-06-27T11:11:16","modified_gmt":"2025-06-27T14:11:16","slug":"aumenta-la-presion-laboral-en-jujuy-el-195-de-los-ocupados-busca-una-nueva-fuente-de-ingreso","status":"publish","type":"post","link":"https:\/\/www.muyjujuy.com\/index.php\/2025\/06\/27\/aumenta-la-presion-laboral-en-jujuy-el-195-de-los-ocupados-busca-una-nueva-fuente-de-ingreso\/","title":{"rendered":"Aumenta la presi\u00f3n laboral en Jujuy: el 19,5% de los ocupados busca una nueva fuente de ingreso"},"content":{"rendered":"\n<p>De acuerdo con el m\u00e1s reciente relevamiento del <strong>INDEC<\/strong> sobre la situaci\u00f3n del empleo, el conglomerado <strong>Jujuy-Palpal\u00e1<\/strong> registr\u00f3 una <strong>tasa de desocupaci\u00f3n del 3,1%<\/strong> durante el <strong>primer trimestre de 2025<\/strong>.<\/p>\n\n\n\n<p>Las cifras oficiales difundidas por el <strong>Instituto Nacional de Estad\u00edstica y Censos (INDEC)<\/strong> para el per\u00edodo enero-marzo de 2025 reflejan que, aunque el nivel de <strong>desempleo en Jujuy<\/strong> contin\u00faa por debajo del promedio nacional, <strong>la presi\u00f3n sobre el mercado de trabajo sigue en ascenso<\/strong>.<\/p>\n\n\n\n<p>En el \u00e1rea comprendida por <strong>Jujuy y Palpal\u00e1<\/strong>, la <strong>desocupaci\u00f3n<\/strong> se situ\u00f3 en <strong>3,1%<\/strong>, lo que representa aproximadamente <strong>5.000 personas sin empleo<\/strong> dentro de una <strong>poblaci\u00f3n econ\u00f3micamente activa de 176.000 habitantes<\/strong>. A su vez, el n\u00famero de <strong>personas con trabajo<\/strong> ascendi\u00f3 a <strong>171.000<\/strong>.<\/p>\n\n\n\n<p>Pese al bajo \u00edndice de desempleo, genera preocupaci\u00f3n el elevado porcentaje de <strong>ocupados en b\u00fasqueda activa de otro empleo<\/strong>, que se ubica en el <strong>19,5%<\/strong>. Este dato equivale a <strong>unas 34.000 personas que, aun teniendo trabajo, buscan una segunda opci\u00f3n<\/strong> debido a <strong>ingresos insuficientes<\/strong> o a <strong>condiciones laborales precarias<\/strong>.<\/p>\n\n\n\n<p>Asimismo, la <strong>subocupaci\u00f3n<\/strong> \u2014aquellos trabajadores con jornadas menores a 35 horas semanales que desean ampliar su carga horaria\u2014 lleg\u00f3 al <strong>9%<\/strong>, lo que se traduce en <strong>aproximadamente 15.800 personas<\/strong> afectadas por esta situaci\u00f3n.<\/p>\n\n\n\n<p>Estos datos evidencian que, aunque la <strong>desocupaci\u00f3n abierta<\/strong> es baja en comparaci\u00f3n con otras regiones del pa\u00eds, el <strong>empleo vigente no logra satisfacer plenamente las necesidades econ\u00f3micas de la poblaci\u00f3n<\/strong>. En consecuencia, el mercado laboral en <strong>Jujuy<\/strong> contin\u00faa mostrando signos de <strong>inestabilidad<\/strong> y de una <strong>creciente demanda por condiciones laborales m\u00e1s dignas<\/strong>.<\/p>\n","protected":false},"excerpt":{"rendered":"<p>De acuerdo con el m\u00e1s reciente relevamiento del INDEC sobre la situaci\u00f3n del empleo, el conglomerado Jujuy-Palpal\u00e1 registr\u00f3 una tasa de desocupaci\u00f3n del 3,1% durante el primer trimestre de 2025. Las cifras oficiales difundidas por el Instituto Nacional de Estad\u00edstica y Censos (INDEC) para el per\u00edodo enero-marzo de 2025 reflejan que, aunque el nivel de [&hellip;]<\/p>\n","protected":false},"author":1,"featured_media":2615,"comment_status":"open","ping_status":"open","sticky":false,"template":"","format":"standard","meta":{"footnotes":""},"categories":[863,25],"tags":[],"class_list":{"0":"post-2614","1":"post","2":"type-post","3":"status-publish","4":"format-standard","5":"has-post-thumbnail","7":"category-jujuy","8":"category-sociedad"},"yoast_head":"<!-- This site is optimized with the Yoast SEO plugin v27.5 - https:\/\/yoast.com\/product\/yoast-seo-wordpress\/ -->\n<title>Aumenta la presi\u00f3n laboral en Jujuy: el 19,5% de los ocupados busca una nueva fuente de ingreso - Muy Jujuy<\/title>\n<meta name=\"robots\" content=\"index, follow, max-snippet:-1, max-image-preview:large, max-video-preview:-1\" \/>\n<link rel=\"canonical\" href=\"https:\/\/www.muyjujuy.com\/index.php\/2025\/06\/27\/aumenta-la-presion-laboral-en-jujuy-el-195-de-los-ocupados-busca-una-nueva-fuente-de-ingreso\/\" \/>\n<meta property=\"og:locale\" content=\"es_ES\" \/>\n<meta property=\"og:type\" content=\"article\" \/>\n<meta property=\"og:title\" content=\"Aumenta la presi\u00f3n laboral en Jujuy: el 19,5% de los ocupados busca una nueva fuente de ingreso - Muy Jujuy\" \/>\n<meta property=\"og:description\" content=\"De acuerdo con el m\u00e1s reciente relevamiento del INDEC sobre la situaci\u00f3n del empleo, el conglomerado Jujuy-Palpal\u00e1 registr\u00f3 una tasa de desocupaci\u00f3n del 3,1% durante el primer trimestre de 2025. Las cifras oficiales difundidas por el Instituto Nacional de Estad\u00edstica y Censos (INDEC) para el per\u00edodo enero-marzo de 2025 reflejan que, aunque el nivel de [&hellip;]\" \/>\n<meta property=\"og:url\" content=\"https:\/\/www.muyjujuy.com\/index.php\/2025\/06\/27\/aumenta-la-presion-laboral-en-jujuy-el-195-de-los-ocupados-busca-una-nueva-fuente-de-ingreso\/\" \/>\n<meta property=\"og:site_name\" content=\"Muy Jujuy\" \/>\n<meta property=\"article:publisher\" content=\"https:\/\/www.facebook.com\/muyjujuycom\" \/>\n<meta property=\"article:published_time\" content=\"2025-06-27T14:11:16+00:00\" \/>\n<meta name=\"author\" content=\"admin\" \/>\n<meta name=\"twitter:card\" content=\"summary_large_image\" \/>\n<meta name=\"twitter:creator\" content=\"@muyjujuy\" \/>\n<meta name=\"twitter:site\" content=\"@muyjujuy\" \/>\n<meta name=\"twitter:label1\" content=\"Escrito por\" \/>\n\t<meta name=\"twitter:data1\" content=\"admin\" \/>\n\t<meta name=\"twitter:label2\" content=\"Tiempo de lectura\" \/>\n\t<meta name=\"twitter:data2\" content=\"1 minuto\" \/>\n<script type=\"application\/ld+json\" class=\"yoast-schema-graph\">{\"@context\":\"https:\\\/\\\/schema.org\",\"@graph\":[{\"@type\":\"Article\",\"@id\":\"https:\\\/\\\/www.muyjujuy.com\\\/index.php\\\/2025\\\/06\\\/27\\\/aumenta-la-presion-laboral-en-jujuy-el-195-de-los-ocupados-busca-una-nueva-fuente-de-ingreso\\\/#article\",\"isPartOf\":{\"@id\":\"https:\\\/\\\/www.muyjujuy.com\\\/index.php\\\/2025\\\/06\\\/27\\\/aumenta-la-presion-laboral-en-jujuy-el-195-de-los-ocupados-busca-una-nueva-fuente-de-ingreso\\\/\"},\"author\":{\"name\":\"admin\",\"@id\":\"https:\\\/\\\/www.muyjujuy.com\\\/#\\\/schema\\\/person\\\/a3b63db1f387ec4149299954904c5bf0\"},\"headline\":\"Aumenta la presi\u00f3n laboral en Jujuy: el 19,5% de los ocupados busca una nueva fuente de ingreso\",\"datePublished\":\"2025-06-27T14:11:16+00:00\",\"mainEntityOfPage\":{\"@id\":\"https:\\\/\\\/www.muyjujuy.com\\\/index.php\\\/2025\\\/06\\\/27\\\/aumenta-la-presion-laboral-en-jujuy-el-195-de-los-ocupados-busca-una-nueva-fuente-de-ingreso\\\/\"},\"wordCount\":279,\"commentCount\":0,\"publisher\":{\"@id\":\"https:\\\/\\\/www.muyjujuy.com\\\/#organization\"},\"image\":{\"@id\":\"https:\\\/\\\/www.muyjujuy.com\\\/index.php\\\/2025\\\/06\\\/27\\\/aumenta-la-presion-laboral-en-jujuy-el-195-de-los-ocupados-busca-una-nueva-fuente-de-ingreso\\\/#primaryimage\"},\"thumbnailUrl\":\"https:\\\/\\\/www.muyjujuy.com\\\/wp-content\\\/uploads\\\/2025\\\/06\\\/desempleo.jpg\",\"articleSection\":[\"JUJUY\",\"Sociedad\"],\"inLanguage\":\"es-AR\",\"potentialAction\":[{\"@type\":\"CommentAction\",\"name\":\"Comment\",\"target\":[\"https:\\\/\\\/www.muyjujuy.com\\\/index.php\\\/2025\\\/06\\\/27\\\/aumenta-la-presion-laboral-en-jujuy-el-195-de-los-ocupados-busca-una-nueva-fuente-de-ingreso\\\/#respond\"]}]},{\"@type\":\"WebPage\",\"@id\":\"https:\\\/\\\/www.muyjujuy.com\\\/index.php\\\/2025\\\/06\\\/27\\\/aumenta-la-presion-laboral-en-jujuy-el-195-de-los-ocupados-busca-una-nueva-fuente-de-ingreso\\\/\",\"url\":\"https:\\\/\\\/www.muyjujuy.com\\\/index.php\\\/2025\\\/06\\\/27\\\/aumenta-la-presion-laboral-en-jujuy-el-195-de-los-ocupados-busca-una-nueva-fuente-de-ingreso\\\/\",\"name\":\"Aumenta la presi\u00f3n laboral en Jujuy: el 19,5% de los ocupados busca una nueva fuente de ingreso - Muy Jujuy\",\"isPartOf\":{\"@id\":\"https:\\\/\\\/www.muyjujuy.com\\\/#website\"},\"primaryImageOfPage\":{\"@id\":\"https:\\\/\\\/www.muyjujuy.com\\\/index.php\\\/2025\\\/06\\\/27\\\/aumenta-la-presion-laboral-en-jujuy-el-195-de-los-ocupados-busca-una-nueva-fuente-de-ingreso\\\/#primaryimage\"},\"image\":{\"@id\":\"https:\\\/\\\/www.muyjujuy.com\\\/index.php\\\/2025\\\/06\\\/27\\\/aumenta-la-presion-laboral-en-jujuy-el-195-de-los-ocupados-busca-una-nueva-fuente-de-ingreso\\\/#primaryimage\"},\"thumbnailUrl\":\"https:\\\/\\\/www.muyjujuy.com\\\/wp-content\\\/uploads\\\/2025\\\/06\\\/desempleo.jpg\",\"datePublished\":\"2025-06-27T14:11:16+00:00\",\"breadcrumb\":{\"@id\":\"https:\\\/\\\/www.muyjujuy.com\\\/index.php\\\/2025\\\/06\\\/27\\\/aumenta-la-presion-laboral-en-jujuy-el-195-de-los-ocupados-busca-una-nueva-fuente-de-ingreso\\\/#breadcrumb\"},\"inLanguage\":\"es-AR\",\"potentialAction\":[{\"@type\":\"ReadAction\",\"target\":[\"https:\\\/\\\/www.muyjujuy.com\\\/index.php\\\/2025\\\/06\\\/27\\\/aumenta-la-presion-laboral-en-jujuy-el-195-de-los-ocupados-busca-una-nueva-fuente-de-ingreso\\\/\"]}]},{\"@type\":\"ImageObject\",\"inLanguage\":\"es-AR\",\"@id\":\"https:\\\/\\\/www.muyjujuy.com\\\/index.php\\\/2025\\\/06\\\/27\\\/aumenta-la-presion-laboral-en-jujuy-el-195-de-los-ocupados-busca-una-nueva-fuente-de-ingreso\\\/#primaryimage\",\"url\":\"https:\\\/\\\/www.muyjujuy.com\\\/wp-content\\\/uploads\\\/2025\\\/06\\\/desempleo.jpg\",\"contentUrl\":\"https:\\\/\\\/www.muyjujuy.com\\\/wp-content\\\/uploads\\\/2025\\\/06\\\/desempleo.jpg\",\"width\":927,\"height\":526},{\"@type\":\"BreadcrumbList\",\"@id\":\"https:\\\/\\\/www.muyjujuy.com\\\/index.php\\\/2025\\\/06\\\/27\\\/aumenta-la-presion-laboral-en-jujuy-el-195-de-los-ocupados-busca-una-nueva-fuente-de-ingreso\\\/#breadcrumb\",\"itemListElement\":[{\"@type\":\"ListItem\",\"position\":1,\"name\":\"Inicio\",\"item\":\"https:\\\/\\\/www.muyjujuy.com\\\/\"},{\"@type\":\"ListItem\",\"position\":2,\"name\":\"Aumenta la presi\u00f3n laboral en Jujuy: el 19,5% de los ocupados busca una nueva fuente de ingreso\"}]},{\"@type\":\"WebSite\",\"@id\":\"https:\\\/\\\/www.muyjujuy.com\\\/#website\",\"url\":\"https:\\\/\\\/www.muyjujuy.com\\\/\",\"name\":\"Muy Jujuy\",\"description\":\"\",\"publisher\":{\"@id\":\"https:\\\/\\\/www.muyjujuy.com\\\/#organization\"},\"potentialAction\":[{\"@type\":\"SearchAction\",\"target\":{\"@type\":\"EntryPoint\",\"urlTemplate\":\"https:\\\/\\\/www.muyjujuy.com\\\/?s={search_term_string}\"},\"query-input\":{\"@type\":\"PropertyValueSpecification\",\"valueRequired\":true,\"valueName\":\"search_term_string\"}}],\"inLanguage\":\"es-AR\"},{\"@type\":\"Organization\",\"@id\":\"https:\\\/\\\/www.muyjujuy.com\\\/#organization\",\"name\":\"Muy Jujuy\",\"url\":\"https:\\\/\\\/www.muyjujuy.com\\\/\",\"logo\":{\"@type\":\"ImageObject\",\"inLanguage\":\"es-AR\",\"@id\":\"https:\\\/\\\/www.muyjujuy.com\\\/#\\\/schema\\\/logo\\\/image\\\/\",\"url\":\"http:\\\/\\\/www.muyjujuy.com\\\/wp-content\\\/uploads\\\/2022\\\/05\\\/logo-mobil-jujuy.png\",\"contentUrl\":\"http:\\\/\\\/www.muyjujuy.com\\\/wp-content\\\/uploads\\\/2022\\\/05\\\/logo-mobil-jujuy.png\",\"width\":174,\"height\":81,\"caption\":\"Muy Jujuy\"},\"image\":{\"@id\":\"https:\\\/\\\/www.muyjujuy.com\\\/#\\\/schema\\\/logo\\\/image\\\/\"},\"sameAs\":[\"https:\\\/\\\/www.facebook.com\\\/muyjujuycom\",\"https:\\\/\\\/x.com\\\/muyjujuy\",\"https:\\\/\\\/www.instagram.com\\\/muyjujuycom\"]},{\"@type\":\"Person\",\"@id\":\"https:\\\/\\\/www.muyjujuy.com\\\/#\\\/schema\\\/person\\\/a3b63db1f387ec4149299954904c5bf0\",\"name\":\"admin\",\"image\":{\"@type\":\"ImageObject\",\"inLanguage\":\"es-AR\",\"@id\":\"https:\\\/\\\/secure.gravatar.com\\\/avatar\\\/b6e63d8d3a73633362405a0ad27e9c28391755813b59886f19a99d6cef8a03fc?s=96&d=mm&r=g\",\"url\":\"https:\\\/\\\/secure.gravatar.com\\\/avatar\\\/b6e63d8d3a73633362405a0ad27e9c28391755813b59886f19a99d6cef8a03fc?s=96&d=mm&r=g\",\"contentUrl\":\"https:\\\/\\\/secure.gravatar.com\\\/avatar\\\/b6e63d8d3a73633362405a0ad27e9c28391755813b59886f19a99d6cef8a03fc?s=96&d=mm&r=g\",\"caption\":\"admin\"},\"url\":\"https:\\\/\\\/www.muyjujuy.com\\\/index.php\\\/author\\\/soyeleditor\\\/\"}]}<\/script>\n<!-- \/ Yoast SEO plugin. -->","yoast_head_json":{"title":"Aumenta la presi\u00f3n laboral en Jujuy: el 19,5% de los ocupados busca una nueva fuente de ingreso - Muy Jujuy","robots":{"index":"index","follow":"follow","max-snippet":"max-snippet:-1","max-image-preview":"max-image-preview:large","max-video-preview":"max-video-preview:-1"},"canonical":"https:\/\/www.muyjujuy.com\/index.php\/2025\/06\/27\/aumenta-la-presion-laboral-en-jujuy-el-195-de-los-ocupados-busca-una-nueva-fuente-de-ingreso\/","og_locale":"es_ES","og_type":"article","og_title":"Aumenta la presi\u00f3n laboral en Jujuy: el 19,5% de los ocupados busca una nueva fuente de ingreso - Muy Jujuy","og_description":"De acuerdo con el m\u00e1s reciente relevamiento del INDEC sobre la situaci\u00f3n del empleo, el conglomerado Jujuy-Palpal\u00e1 registr\u00f3 una tasa de desocupaci\u00f3n del 3,1% durante el primer trimestre de 2025. Las cifras oficiales difundidas por el Instituto Nacional de Estad\u00edstica y Censos (INDEC) para el per\u00edodo enero-marzo de 2025 reflejan que, aunque el nivel de [&hellip;]","og_url":"https:\/\/www.muyjujuy.com\/index.php\/2025\/06\/27\/aumenta-la-presion-laboral-en-jujuy-el-195-de-los-ocupados-busca-una-nueva-fuente-de-ingreso\/","og_site_name":"Muy Jujuy","article_publisher":"https:\/\/www.facebook.com\/muyjujuycom","article_published_time":"2025-06-27T14:11:16+00:00","author":"admin","twitter_card":"summary_large_image","twitter_creator":"@muyjujuy","twitter_site":"@muyjujuy","twitter_misc":{"Escrito por":"admin","Tiempo de lectura":"1 minuto"},"schema":{"@context":"https:\/\/schema.org","@graph":[{"@type":"Article","@id":"https:\/\/www.muyjujuy.com\/index.php\/2025\/06\/27\/aumenta-la-presion-laboral-en-jujuy-el-195-de-los-ocupados-busca-una-nueva-fuente-de-ingreso\/#article","isPartOf":{"@id":"https:\/\/www.muyjujuy.com\/index.php\/2025\/06\/27\/aumenta-la-presion-laboral-en-jujuy-el-195-de-los-ocupados-busca-una-nueva-fuente-de-ingreso\/"},"author":{"name":"admin","@id":"https:\/\/www.muyjujuy.com\/#\/schema\/person\/a3b63db1f387ec4149299954904c5bf0"},"headline":"Aumenta la presi\u00f3n laboral en Jujuy: el 19,5% de los ocupados busca una nueva fuente de ingreso","datePublished":"2025-06-27T14:11:16+00:00","mainEntityOfPage":{"@id":"https:\/\/www.muyjujuy.com\/index.php\/2025\/06\/27\/aumenta-la-presion-laboral-en-jujuy-el-195-de-los-ocupados-busca-una-nueva-fuente-de-ingreso\/"},"wordCount":279,"commentCount":0,"publisher":{"@id":"https:\/\/www.muyjujuy.com\/#organization"},"image":{"@id":"https:\/\/www.muyjujuy.com\/index.php\/2025\/06\/27\/aumenta-la-presion-laboral-en-jujuy-el-195-de-los-ocupados-busca-una-nueva-fuente-de-ingreso\/#primaryimage"},"thumbnailUrl":"https:\/\/www.muyjujuy.com\/wp-content\/uploads\/2025\/06\/desempleo.jpg","articleSection":["JUJUY","Sociedad"],"inLanguage":"es-AR","potentialAction":[{"@type":"CommentAction","name":"Comment","target":["https:\/\/www.muyjujuy.com\/index.php\/2025\/06\/27\/aumenta-la-presion-laboral-en-jujuy-el-195-de-los-ocupados-busca-una-nueva-fuente-de-ingreso\/#respond"]}]},{"@type":"WebPage","@id":"https:\/\/www.muyjujuy.com\/index.php\/2025\/06\/27\/aumenta-la-presion-laboral-en-jujuy-el-195-de-los-ocupados-busca-una-nueva-fuente-de-ingreso\/","url":"https:\/\/www.muyjujuy.com\/index.php\/2025\/06\/27\/aumenta-la-presion-laboral-en-jujuy-el-195-de-los-ocupados-busca-una-nueva-fuente-de-ingreso\/","name":"Aumenta la presi\u00f3n laboral en Jujuy: el 19,5% de los ocupados busca una nueva fuente de ingreso - Muy Jujuy","isPartOf":{"@id":"https:\/\/www.muyjujuy.com\/#website"},"primaryImageOfPage":{"@id":"https:\/\/www.muyjujuy.com\/index.php\/2025\/06\/27\/aumenta-la-presion-laboral-en-jujuy-el-195-de-los-ocupados-busca-una-nueva-fuente-de-ingreso\/#primaryimage"},"image":{"@id":"https:\/\/www.muyjujuy.com\/index.php\/2025\/06\/27\/aumenta-la-presion-laboral-en-jujuy-el-195-de-los-ocupados-busca-una-nueva-fuente-de-ingreso\/#primaryimage"},"thumbnailUrl":"https:\/\/www.muyjujuy.com\/wp-content\/uploads\/2025\/06\/desempleo.jpg","datePublished":"2025-06-27T14:11:16+00:00","breadcrumb":{"@id":"https:\/\/www.muyjujuy.com\/index.php\/2025\/06\/27\/aumenta-la-presion-laboral-en-jujuy-el-195-de-los-ocupados-busca-una-nueva-fuente-de-ingreso\/#breadcrumb"},"inLanguage":"es-AR","potentialAction":[{"@type":"ReadAction","target":["https:\/\/www.muyjujuy.com\/index.php\/2025\/06\/27\/aumenta-la-presion-laboral-en-jujuy-el-195-de-los-ocupados-busca-una-nueva-fuente-de-ingreso\/"]}]},{"@type":"ImageObject","inLanguage":"es-AR","@id":"https:\/\/www.muyjujuy.com\/index.php\/2025\/06\/27\/aumenta-la-presion-laboral-en-jujuy-el-195-de-los-ocupados-busca-una-nueva-fuente-de-ingreso\/#primaryimage","url":"https:\/\/www.muyjujuy.com\/wp-content\/uploads\/2025\/06\/desempleo.jpg","contentUrl":"https:\/\/www.muyjujuy.com\/wp-content\/uploads\/2025\/06\/desempleo.jpg","width":927,"height":526},{"@type":"BreadcrumbList","@id":"https:\/\/www.muyjujuy.com\/index.php\/2025\/06\/27\/aumenta-la-presion-laboral-en-jujuy-el-195-de-los-ocupados-busca-una-nueva-fuente-de-ingreso\/#breadcrumb","itemListElement":[{"@type":"ListItem","position":1,"name":"Inicio","item":"https:\/\/www.muyjujuy.com\/"},{"@type":"ListItem","position":2,"name":"Aumenta la presi\u00f3n laboral en Jujuy: el 19,5% de los ocupados busca una nueva fuente de ingreso"}]},{"@type":"WebSite","@id":"https:\/\/www.muyjujuy.com\/#website","url":"https:\/\/www.muyjujuy.com\/","name":"Muy Jujuy","description":"","publisher":{"@id":"https:\/\/www.muyjujuy.com\/#organization"},"potentialAction":[{"@type":"SearchAction","target":{"@type":"EntryPoint","urlTemplate":"https:\/\/www.muyjujuy.com\/?s={search_term_string}"},"query-input":{"@type":"PropertyValueSpecification","valueRequired":true,"valueName":"search_term_string"}}],"inLanguage":"es-AR"},{"@type":"Organization","@id":"https:\/\/www.muyjujuy.com\/#organization","name":"Muy Jujuy","url":"https:\/\/www.muyjujuy.com\/","logo":{"@type":"ImageObject","inLanguage":"es-AR","@id":"https:\/\/www.muyjujuy.com\/#\/schema\/logo\/image\/","url":"http:\/\/www.muyjujuy.com\/wp-content\/uploads\/2022\/05\/logo-mobil-jujuy.png","contentUrl":"http:\/\/www.muyjujuy.com\/wp-content\/uploads\/2022\/05\/logo-mobil-jujuy.png","width":174,"height":81,"caption":"Muy Jujuy"},"image":{"@id":"https:\/\/www.muyjujuy.com\/#\/schema\/logo\/image\/"},"sameAs":["https:\/\/www.facebook.com\/muyjujuycom","https:\/\/x.com\/muyjujuy","https:\/\/www.instagram.com\/muyjujuycom"]},{"@type":"Person","@id":"https:\/\/www.muyjujuy.com\/#\/schema\/person\/a3b63db1f387ec4149299954904c5bf0","name":"admin","image":{"@type":"ImageObject","inLanguage":"es-AR","@id":"https:\/\/secure.gravatar.com\/avatar\/b6e63d8d3a73633362405a0ad27e9c28391755813b59886f19a99d6cef8a03fc?s=96&d=mm&r=g","url":"https:\/\/secure.gravatar.com\/avatar\/b6e63d8d3a73633362405a0ad27e9c28391755813b59886f19a99d6cef8a03fc?s=96&d=mm&r=g","contentUrl":"https:\/\/secure.gravatar.com\/avatar\/b6e63d8d3a73633362405a0ad27e9c28391755813b59886f19a99d6cef8a03fc?s=96&d=mm&r=g","caption":"admin"},"url":"https:\/\/www.muyjujuy.com\/index.php\/author\/soyeleditor\/"}]}},"_links":{"self":[{"href":"https:\/\/www.muyjujuy.com\/index.php\/wp-json\/wp\/v2\/posts\/2614","targetHints":{"allow":["GET"]}}],"collection":[{"href":"https:\/\/www.muyjujuy.com\/index.php\/wp-json\/wp\/v2\/posts"}],"about":[{"href":"https:\/\/www.muyjujuy.com\/index.php\/wp-json\/wp\/v2\/types\/post"}],"author":[{"embeddable":true,"href":"https:\/\/www.muyjujuy.com\/index.php\/wp-json\/wp\/v2\/users\/1"}],"replies":[{"embeddable":true,"href":"https:\/\/www.muyjujuy.com\/index.php\/wp-json\/wp\/v2\/comments?post=2614"}],"version-history":[{"count":1,"href":"https:\/\/www.muyjujuy.com\/index.php\/wp-json\/wp\/v2\/posts\/2614\/revisions"}],"predecessor-version":[{"id":2616,"href":"https:\/\/www.muyjujuy.com\/index.php\/wp-json\/wp\/v2\/posts\/2614\/revisions\/2616"}],"wp:featuredmedia":[{"embeddable":true,"href":"https:\/\/www.muyjujuy.com\/index.php\/wp-json\/wp\/v2\/media\/2615"}],"wp:attachment":[{"href":"https:\/\/www.muyjujuy.com\/index.php\/wp-json\/wp\/v2\/media?parent=2614"}],"wp:term":[{"taxonomy":"category","embeddable":true,"href":"https:\/\/www.muyjujuy.com\/index.php\/wp-json\/wp\/v2\/categories?post=2614"},{"taxonomy":"post_tag","embeddable":true,"href":"https:\/\/www.muyjujuy.com\/index.php\/wp-json\/wp\/v2\/tags?post=2614"}],"curies":[{"name":"wp","href":"https:\/\/api.w.org\/{rel}","templated":true}]}}