{"id":2617,"date":"2025-06-27T11:29:59","date_gmt":"2025-06-27T14:29:59","guid":{"rendered":"https:\/\/www.muyjujuy.com\/?p=2617"},"modified":"2025-06-27T11:29:59","modified_gmt":"2025-06-27T14:29:59","slug":"una-combi-con-argentinos-quedo-atrapada-por-la-nieve-en-el-paso-de-jama","status":"publish","type":"post","link":"https:\/\/www.muyjujuy.com\/index.php\/2025\/06\/27\/una-combi-con-argentinos-quedo-atrapada-por-la-nieve-en-el-paso-de-jama\/","title":{"rendered":"Una combi con argentinos qued\u00f3 atrapada por la nieve en el Paso de Jama"},"content":{"rendered":"\n<p>Durante la jornada de ayer, las <strong>fuertes nevadas<\/strong> registradas en el <strong>Paso de Jama<\/strong> provocaron que varios ciudadanos <strong>argentinos y paraguayos<\/strong> quedaran <strong>inmovilizados<\/strong> en la ruta.<br>El <strong>Paso de Jama<\/strong>, que une <strong>Argentina con Chile<\/strong>, fue afectado por una intensa nevada que oblig\u00f3 a su <strong>cierre moment\u00e1neo<\/strong>, impidiendo la circulaci\u00f3n y dejando a numerosas personas varadas. La <strong>acumulaci\u00f3n de nieve<\/strong> complic\u00f3 seriamente el tr\u00e1nsito, lo que motiv\u00f3 la intervenci\u00f3n de las <strong>autoridades chilenas<\/strong>, quienes prestaron <strong>asistencia inmediata<\/strong> a los damnificados.<\/p>\n\n\n\n<p>Frente a este escenario, el <strong>gobierno chileno<\/strong>, a trav\u00e9s de <strong>Carabineros<\/strong>, coordin\u00f3 el <strong>traslado y resguardo<\/strong> de los afectados hacia la zona de Jama. Por su parte, el <strong>gobierno argentino<\/strong>, mediante <strong>Sanidad de Fronteras<\/strong>, se encarg\u00f3 de proporcionar la <strong>atenci\u00f3n m\u00e9dica necesaria<\/strong>, y las <strong>autoridades sanitarias locales<\/strong> intervinieron para garantizar el cuidado de todos los damnificados, quienes fueron contenidos y asistidos hasta que la situaci\u00f3n estuviera controlada.<\/p>\n\n\n\n<p>Es relevante mencionar que, a pesar de la <strong>interrupci\u00f3n del paso en sentido Argentina-Chile<\/strong>, los <strong>viajeros procedentes de Chile<\/strong> fueron <strong>atendidos adecuadamente<\/strong> para ingresar al territorio argentino. En este contexto, el <strong>gobierno argentino<\/strong> facilit\u00f3 su <strong>entrada<\/strong> y se comprometi\u00f3 a brindar el <strong>apoyo correspondiente<\/strong> a quienes arribaran desde el lado chileno.<\/p>\n\n\n\n<p>La <strong>decisi\u00f3n de cerrar el paso<\/strong> fue tomada por la <strong>Unidad de Decisi\u00f3n de Pasos Fronterizos de Chile<\/strong>, organismo que depende del <strong>Ministerio del Interior de ese pa\u00eds<\/strong> y tiene la facultad de <strong>habilitar o restringir<\/strong> el tr\u00e1nsito por los corredores internacionales, de acuerdo a criterios <strong>clim\u00e1ticos y de seguridad<\/strong>.<\/p>\n\n\n\n<p><strong>Condiciones invernales y cierre del Paso de Jama<\/strong><\/p>\n\n\n\n<p>Actualmente, el <strong>Paso de Jama<\/strong> funciona bajo <strong>modalidad invernal<\/strong>, con un <strong>horario reducido<\/strong> entre las <strong>9:00 y las 19:00 horas<\/strong>, sujeto a variaciones seg\u00fan el <strong>estado del clima y de la calzada<\/strong>. Tal como ocurri\u00f3 ayer, cuando las <strong>nevadas intensas<\/strong> forzaron un <strong>cierre preventivo<\/strong> para resguardar la integridad de quienes circulaban por la zona.<\/p>\n\n\n\n<p>El monitoreo de las condiciones de la v\u00eda estuvo a cargo de <strong>Vialidad Chilena<\/strong>, organismo responsable de determinar si el tr\u00e1nsito est\u00e1 habilitado para <strong>veh\u00edculos livianos, medianos o pesados<\/strong>. En esta oportunidad, la <strong>presencia de nieve<\/strong> llev\u00f3 a cerrar temporalmente el paso <strong>en direcci\u00f3n Argentina-Chile<\/strong>, mientras que el cruce en sentido <strong>Chile-Argentina<\/strong> continu\u00f3 operando con normalidad.<\/p>\n","protected":false},"excerpt":{"rendered":"<p>Durante la jornada de ayer, las fuertes nevadas registradas en el Paso de Jama provocaron que varios ciudadanos argentinos y paraguayos quedaran inmovilizados en la ruta.El Paso de Jama, que une Argentina con Chile, fue afectado por una intensa nevada que oblig\u00f3 a su cierre moment\u00e1neo, impidiendo la circulaci\u00f3n y dejando a numerosas personas varadas. [&hellip;]<\/p>\n","protected":false},"author":1,"featured_media":2618,"comment_status":"open","ping_status":"open","sticky":false,"template":"","format":"standard","meta":{"footnotes":""},"categories":[863,25],"tags":[],"class_list":{"0":"post-2617","1":"post","2":"type-post","3":"status-publish","4":"format-standard","5":"has-post-thumbnail","7":"category-jujuy","8":"category-sociedad"},"yoast_head":"<!-- This site is optimized with the Yoast SEO plugin v27.5 - https:\/\/yoast.com\/product\/yoast-seo-wordpress\/ -->\n<title>Una combi con argentinos qued\u00f3 atrapada por la nieve en el Paso de Jama - Muy Jujuy<\/title>\n<meta name=\"robots\" content=\"index, follow, max-snippet:-1, max-image-preview:large, max-video-preview:-1\" \/>\n<link rel=\"canonical\" href=\"https:\/\/www.muyjujuy.com\/index.php\/2025\/06\/27\/una-combi-con-argentinos-quedo-atrapada-por-la-nieve-en-el-paso-de-jama\/\" \/>\n<meta property=\"og:locale\" content=\"es_ES\" \/>\n<meta property=\"og:type\" content=\"article\" \/>\n<meta property=\"og:title\" content=\"Una combi con argentinos qued\u00f3 atrapada por la nieve en el Paso de Jama - Muy Jujuy\" \/>\n<meta property=\"og:description\" content=\"Durante la jornada de ayer, las fuertes nevadas registradas en el Paso de Jama provocaron que varios ciudadanos argentinos y paraguayos quedaran inmovilizados en la ruta.El Paso de Jama, que une Argentina con Chile, fue afectado por una intensa nevada que oblig\u00f3 a su cierre moment\u00e1neo, impidiendo la circulaci\u00f3n y dejando a numerosas personas varadas. [&hellip;]\" \/>\n<meta property=\"og:url\" content=\"https:\/\/www.muyjujuy.com\/index.php\/2025\/06\/27\/una-combi-con-argentinos-quedo-atrapada-por-la-nieve-en-el-paso-de-jama\/\" \/>\n<meta property=\"og:site_name\" content=\"Muy Jujuy\" \/>\n<meta property=\"article:publisher\" content=\"https:\/\/www.facebook.com\/muyjujuycom\" \/>\n<meta property=\"article:published_time\" content=\"2025-06-27T14:29:59+00:00\" \/>\n<meta name=\"author\" content=\"admin\" \/>\n<meta name=\"twitter:card\" content=\"summary_large_image\" \/>\n<meta name=\"twitter:creator\" content=\"@muyjujuy\" \/>\n<meta name=\"twitter:site\" content=\"@muyjujuy\" \/>\n<meta name=\"twitter:label1\" content=\"Escrito por\" \/>\n\t<meta name=\"twitter:data1\" content=\"admin\" \/>\n\t<meta name=\"twitter:label2\" content=\"Tiempo de lectura\" \/>\n\t<meta name=\"twitter:data2\" content=\"2 minutos\" \/>\n<script type=\"application\/ld+json\" class=\"yoast-schema-graph\">{\"@context\":\"https:\\\/\\\/schema.org\",\"@graph\":[{\"@type\":\"Article\",\"@id\":\"https:\\\/\\\/www.muyjujuy.com\\\/index.php\\\/2025\\\/06\\\/27\\\/una-combi-con-argentinos-quedo-atrapada-por-la-nieve-en-el-paso-de-jama\\\/#article\",\"isPartOf\":{\"@id\":\"https:\\\/\\\/www.muyjujuy.com\\\/index.php\\\/2025\\\/06\\\/27\\\/una-combi-con-argentinos-quedo-atrapada-por-la-nieve-en-el-paso-de-jama\\\/\"},\"author\":{\"name\":\"admin\",\"@id\":\"https:\\\/\\\/www.muyjujuy.com\\\/#\\\/schema\\\/person\\\/a3b63db1f387ec4149299954904c5bf0\"},\"headline\":\"Una combi con argentinos qued\u00f3 atrapada por la nieve en el Paso de Jama\",\"datePublished\":\"2025-06-27T14:29:59+00:00\",\"mainEntityOfPage\":{\"@id\":\"https:\\\/\\\/www.muyjujuy.com\\\/index.php\\\/2025\\\/06\\\/27\\\/una-combi-con-argentinos-quedo-atrapada-por-la-nieve-en-el-paso-de-jama\\\/\"},\"wordCount\":398,\"commentCount\":0,\"publisher\":{\"@id\":\"https:\\\/\\\/www.muyjujuy.com\\\/#organization\"},\"image\":{\"@id\":\"https:\\\/\\\/www.muyjujuy.com\\\/index.php\\\/2025\\\/06\\\/27\\\/una-combi-con-argentinos-quedo-atrapada-por-la-nieve-en-el-paso-de-jama\\\/#primaryimage\"},\"thumbnailUrl\":\"https:\\\/\\\/www.muyjujuy.com\\\/wp-content\\\/uploads\\\/2025\\\/06\\\/nieve.jpg\",\"articleSection\":[\"JUJUY\",\"Sociedad\"],\"inLanguage\":\"es-AR\",\"potentialAction\":[{\"@type\":\"CommentAction\",\"name\":\"Comment\",\"target\":[\"https:\\\/\\\/www.muyjujuy.com\\\/index.php\\\/2025\\\/06\\\/27\\\/una-combi-con-argentinos-quedo-atrapada-por-la-nieve-en-el-paso-de-jama\\\/#respond\"]}]},{\"@type\":\"WebPage\",\"@id\":\"https:\\\/\\\/www.muyjujuy.com\\\/index.php\\\/2025\\\/06\\\/27\\\/una-combi-con-argentinos-quedo-atrapada-por-la-nieve-en-el-paso-de-jama\\\/\",\"url\":\"https:\\\/\\\/www.muyjujuy.com\\\/index.php\\\/2025\\\/06\\\/27\\\/una-combi-con-argentinos-quedo-atrapada-por-la-nieve-en-el-paso-de-jama\\\/\",\"name\":\"Una combi con argentinos qued\u00f3 atrapada por la nieve en el Paso de Jama - Muy Jujuy\",\"isPartOf\":{\"@id\":\"https:\\\/\\\/www.muyjujuy.com\\\/#website\"},\"primaryImageOfPage\":{\"@id\":\"https:\\\/\\\/www.muyjujuy.com\\\/index.php\\\/2025\\\/06\\\/27\\\/una-combi-con-argentinos-quedo-atrapada-por-la-nieve-en-el-paso-de-jama\\\/#primaryimage\"},\"image\":{\"@id\":\"https:\\\/\\\/www.muyjujuy.com\\\/index.php\\\/2025\\\/06\\\/27\\\/una-combi-con-argentinos-quedo-atrapada-por-la-nieve-en-el-paso-de-jama\\\/#primaryimage\"},\"thumbnailUrl\":\"https:\\\/\\\/www.muyjujuy.com\\\/wp-content\\\/uploads\\\/2025\\\/06\\\/nieve.jpg\",\"datePublished\":\"2025-06-27T14:29:59+00:00\",\"breadcrumb\":{\"@id\":\"https:\\\/\\\/www.muyjujuy.com\\\/index.php\\\/2025\\\/06\\\/27\\\/una-combi-con-argentinos-quedo-atrapada-por-la-nieve-en-el-paso-de-jama\\\/#breadcrumb\"},\"inLanguage\":\"es-AR\",\"potentialAction\":[{\"@type\":\"ReadAction\",\"target\":[\"https:\\\/\\\/www.muyjujuy.com\\\/index.php\\\/2025\\\/06\\\/27\\\/una-combi-con-argentinos-quedo-atrapada-por-la-nieve-en-el-paso-de-jama\\\/\"]}]},{\"@type\":\"ImageObject\",\"inLanguage\":\"es-AR\",\"@id\":\"https:\\\/\\\/www.muyjujuy.com\\\/index.php\\\/2025\\\/06\\\/27\\\/una-combi-con-argentinos-quedo-atrapada-por-la-nieve-en-el-paso-de-jama\\\/#primaryimage\",\"url\":\"https:\\\/\\\/www.muyjujuy.com\\\/wp-content\\\/uploads\\\/2025\\\/06\\\/nieve.jpg\",\"contentUrl\":\"https:\\\/\\\/www.muyjujuy.com\\\/wp-content\\\/uploads\\\/2025\\\/06\\\/nieve.jpg\",\"width\":620,\"height\":352},{\"@type\":\"BreadcrumbList\",\"@id\":\"https:\\\/\\\/www.muyjujuy.com\\\/index.php\\\/2025\\\/06\\\/27\\\/una-combi-con-argentinos-quedo-atrapada-por-la-nieve-en-el-paso-de-jama\\\/#breadcrumb\",\"itemListElement\":[{\"@type\":\"ListItem\",\"position\":1,\"name\":\"Inicio\",\"item\":\"https:\\\/\\\/www.muyjujuy.com\\\/\"},{\"@type\":\"ListItem\",\"position\":2,\"name\":\"Una combi con argentinos qued\u00f3 atrapada por la nieve en el Paso de Jama\"}]},{\"@type\":\"WebSite\",\"@id\":\"https:\\\/\\\/www.muyjujuy.com\\\/#website\",\"url\":\"https:\\\/\\\/www.muyjujuy.com\\\/\",\"name\":\"Muy Jujuy\",\"description\":\"\",\"publisher\":{\"@id\":\"https:\\\/\\\/www.muyjujuy.com\\\/#organization\"},\"potentialAction\":[{\"@type\":\"SearchAction\",\"target\":{\"@type\":\"EntryPoint\",\"urlTemplate\":\"https:\\\/\\\/www.muyjujuy.com\\\/?s={search_term_string}\"},\"query-input\":{\"@type\":\"PropertyValueSpecification\",\"valueRequired\":true,\"valueName\":\"search_term_string\"}}],\"inLanguage\":\"es-AR\"},{\"@type\":\"Organization\",\"@id\":\"https:\\\/\\\/www.muyjujuy.com\\\/#organization\",\"name\":\"Muy Jujuy\",\"url\":\"https:\\\/\\\/www.muyjujuy.com\\\/\",\"logo\":{\"@type\":\"ImageObject\",\"inLanguage\":\"es-AR\",\"@id\":\"https:\\\/\\\/www.muyjujuy.com\\\/#\\\/schema\\\/logo\\\/image\\\/\",\"url\":\"http:\\\/\\\/www.muyjujuy.com\\\/wp-content\\\/uploads\\\/2022\\\/05\\\/logo-mobil-jujuy.png\",\"contentUrl\":\"http:\\\/\\\/www.muyjujuy.com\\\/wp-content\\\/uploads\\\/2022\\\/05\\\/logo-mobil-jujuy.png\",\"width\":174,\"height\":81,\"caption\":\"Muy Jujuy\"},\"image\":{\"@id\":\"https:\\\/\\\/www.muyjujuy.com\\\/#\\\/schema\\\/logo\\\/image\\\/\"},\"sameAs\":[\"https:\\\/\\\/www.facebook.com\\\/muyjujuycom\",\"https:\\\/\\\/x.com\\\/muyjujuy\",\"https:\\\/\\\/www.instagram.com\\\/muyjujuycom\"]},{\"@type\":\"Person\",\"@id\":\"https:\\\/\\\/www.muyjujuy.com\\\/#\\\/schema\\\/person\\\/a3b63db1f387ec4149299954904c5bf0\",\"name\":\"admin\",\"image\":{\"@type\":\"ImageObject\",\"inLanguage\":\"es-AR\",\"@id\":\"https:\\\/\\\/secure.gravatar.com\\\/avatar\\\/b6e63d8d3a73633362405a0ad27e9c28391755813b59886f19a99d6cef8a03fc?s=96&d=mm&r=g\",\"url\":\"https:\\\/\\\/secure.gravatar.com\\\/avatar\\\/b6e63d8d3a73633362405a0ad27e9c28391755813b59886f19a99d6cef8a03fc?s=96&d=mm&r=g\",\"contentUrl\":\"https:\\\/\\\/secure.gravatar.com\\\/avatar\\\/b6e63d8d3a73633362405a0ad27e9c28391755813b59886f19a99d6cef8a03fc?s=96&d=mm&r=g\",\"caption\":\"admin\"},\"url\":\"https:\\\/\\\/www.muyjujuy.com\\\/index.php\\\/author\\\/soyeleditor\\\/\"}]}<\/script>\n<!-- \/ Yoast SEO plugin. -->","yoast_head_json":{"title":"Una combi con argentinos qued\u00f3 atrapada por la nieve en el Paso de Jama - Muy Jujuy","robots":{"index":"index","follow":"follow","max-snippet":"max-snippet:-1","max-image-preview":"max-image-preview:large","max-video-preview":"max-video-preview:-1"},"canonical":"https:\/\/www.muyjujuy.com\/index.php\/2025\/06\/27\/una-combi-con-argentinos-quedo-atrapada-por-la-nieve-en-el-paso-de-jama\/","og_locale":"es_ES","og_type":"article","og_title":"Una combi con argentinos qued\u00f3 atrapada por la nieve en el Paso de Jama - Muy Jujuy","og_description":"Durante la jornada de ayer, las fuertes nevadas registradas en el Paso de Jama provocaron que varios ciudadanos argentinos y paraguayos quedaran inmovilizados en la ruta.El Paso de Jama, que une Argentina con Chile, fue afectado por una intensa nevada que oblig\u00f3 a su cierre moment\u00e1neo, impidiendo la circulaci\u00f3n y dejando a numerosas personas varadas. [&hellip;]","og_url":"https:\/\/www.muyjujuy.com\/index.php\/2025\/06\/27\/una-combi-con-argentinos-quedo-atrapada-por-la-nieve-en-el-paso-de-jama\/","og_site_name":"Muy Jujuy","article_publisher":"https:\/\/www.facebook.com\/muyjujuycom","article_published_time":"2025-06-27T14:29:59+00:00","author":"admin","twitter_card":"summary_large_image","twitter_creator":"@muyjujuy","twitter_site":"@muyjujuy","twitter_misc":{"Escrito por":"admin","Tiempo de lectura":"2 minutos"},"schema":{"@context":"https:\/\/schema.org","@graph":[{"@type":"Article","@id":"https:\/\/www.muyjujuy.com\/index.php\/2025\/06\/27\/una-combi-con-argentinos-quedo-atrapada-por-la-nieve-en-el-paso-de-jama\/#article","isPartOf":{"@id":"https:\/\/www.muyjujuy.com\/index.php\/2025\/06\/27\/una-combi-con-argentinos-quedo-atrapada-por-la-nieve-en-el-paso-de-jama\/"},"author":{"name":"admin","@id":"https:\/\/www.muyjujuy.com\/#\/schema\/person\/a3b63db1f387ec4149299954904c5bf0"},"headline":"Una combi con argentinos qued\u00f3 atrapada por la nieve en el Paso de Jama","datePublished":"2025-06-27T14:29:59+00:00","mainEntityOfPage":{"@id":"https:\/\/www.muyjujuy.com\/index.php\/2025\/06\/27\/una-combi-con-argentinos-quedo-atrapada-por-la-nieve-en-el-paso-de-jama\/"},"wordCount":398,"commentCount":0,"publisher":{"@id":"https:\/\/www.muyjujuy.com\/#organization"},"image":{"@id":"https:\/\/www.muyjujuy.com\/index.php\/2025\/06\/27\/una-combi-con-argentinos-quedo-atrapada-por-la-nieve-en-el-paso-de-jama\/#primaryimage"},"thumbnailUrl":"https:\/\/www.muyjujuy.com\/wp-content\/uploads\/2025\/06\/nieve.jpg","articleSection":["JUJUY","Sociedad"],"inLanguage":"es-AR","potentialAction":[{"@type":"CommentAction","name":"Comment","target":["https:\/\/www.muyjujuy.com\/index.php\/2025\/06\/27\/una-combi-con-argentinos-quedo-atrapada-por-la-nieve-en-el-paso-de-jama\/#respond"]}]},{"@type":"WebPage","@id":"https:\/\/www.muyjujuy.com\/index.php\/2025\/06\/27\/una-combi-con-argentinos-quedo-atrapada-por-la-nieve-en-el-paso-de-jama\/","url":"https:\/\/www.muyjujuy.com\/index.php\/2025\/06\/27\/una-combi-con-argentinos-quedo-atrapada-por-la-nieve-en-el-paso-de-jama\/","name":"Una combi con argentinos qued\u00f3 atrapada por la nieve en el Paso de Jama - Muy Jujuy","isPartOf":{"@id":"https:\/\/www.muyjujuy.com\/#website"},"primaryImageOfPage":{"@id":"https:\/\/www.muyjujuy.com\/index.php\/2025\/06\/27\/una-combi-con-argentinos-quedo-atrapada-por-la-nieve-en-el-paso-de-jama\/#primaryimage"},"image":{"@id":"https:\/\/www.muyjujuy.com\/index.php\/2025\/06\/27\/una-combi-con-argentinos-quedo-atrapada-por-la-nieve-en-el-paso-de-jama\/#primaryimage"},"thumbnailUrl":"https:\/\/www.muyjujuy.com\/wp-content\/uploads\/2025\/06\/nieve.jpg","datePublished":"2025-06-27T14:29:59+00:00","breadcrumb":{"@id":"https:\/\/www.muyjujuy.com\/index.php\/2025\/06\/27\/una-combi-con-argentinos-quedo-atrapada-por-la-nieve-en-el-paso-de-jama\/#breadcrumb"},"inLanguage":"es-AR","potentialAction":[{"@type":"ReadAction","target":["https:\/\/www.muyjujuy.com\/index.php\/2025\/06\/27\/una-combi-con-argentinos-quedo-atrapada-por-la-nieve-en-el-paso-de-jama\/"]}]},{"@type":"ImageObject","inLanguage":"es-AR","@id":"https:\/\/www.muyjujuy.com\/index.php\/2025\/06\/27\/una-combi-con-argentinos-quedo-atrapada-por-la-nieve-en-el-paso-de-jama\/#primaryimage","url":"https:\/\/www.muyjujuy.com\/wp-content\/uploads\/2025\/06\/nieve.jpg","contentUrl":"https:\/\/www.muyjujuy.com\/wp-content\/uploads\/2025\/06\/nieve.jpg","width":620,"height":352},{"@type":"BreadcrumbList","@id":"https:\/\/www.muyjujuy.com\/index.php\/2025\/06\/27\/una-combi-con-argentinos-quedo-atrapada-por-la-nieve-en-el-paso-de-jama\/#breadcrumb","itemListElement":[{"@type":"ListItem","position":1,"name":"Inicio","item":"https:\/\/www.muyjujuy.com\/"},{"@type":"ListItem","position":2,"name":"Una combi con argentinos qued\u00f3 atrapada por la nieve en el Paso de Jama"}]},{"@type":"WebSite","@id":"https:\/\/www.muyjujuy.com\/#website","url":"https:\/\/www.muyjujuy.com\/","name":"Muy Jujuy","description":"","publisher":{"@id":"https:\/\/www.muyjujuy.com\/#organization"},"potentialAction":[{"@type":"SearchAction","target":{"@type":"EntryPoint","urlTemplate":"https:\/\/www.muyjujuy.com\/?s={search_term_string}"},"query-input":{"@type":"PropertyValueSpecification","valueRequired":true,"valueName":"search_term_string"}}],"inLanguage":"es-AR"},{"@type":"Organization","@id":"https:\/\/www.muyjujuy.com\/#organization","name":"Muy Jujuy","url":"https:\/\/www.muyjujuy.com\/","logo":{"@type":"ImageObject","inLanguage":"es-AR","@id":"https:\/\/www.muyjujuy.com\/#\/schema\/logo\/image\/","url":"http:\/\/www.muyjujuy.com\/wp-content\/uploads\/2022\/05\/logo-mobil-jujuy.png","contentUrl":"http:\/\/www.muyjujuy.com\/wp-content\/uploads\/2022\/05\/logo-mobil-jujuy.png","width":174,"height":81,"caption":"Muy Jujuy"},"image":{"@id":"https:\/\/www.muyjujuy.com\/#\/schema\/logo\/image\/"},"sameAs":["https:\/\/www.facebook.com\/muyjujuycom","https:\/\/x.com\/muyjujuy","https:\/\/www.instagram.com\/muyjujuycom"]},{"@type":"Person","@id":"https:\/\/www.muyjujuy.com\/#\/schema\/person\/a3b63db1f387ec4149299954904c5bf0","name":"admin","image":{"@type":"ImageObject","inLanguage":"es-AR","@id":"https:\/\/secure.gravatar.com\/avatar\/b6e63d8d3a73633362405a0ad27e9c28391755813b59886f19a99d6cef8a03fc?s=96&d=mm&r=g","url":"https:\/\/secure.gravatar.com\/avatar\/b6e63d8d3a73633362405a0ad27e9c28391755813b59886f19a99d6cef8a03fc?s=96&d=mm&r=g","contentUrl":"https:\/\/secure.gravatar.com\/avatar\/b6e63d8d3a73633362405a0ad27e9c28391755813b59886f19a99d6cef8a03fc?s=96&d=mm&r=g","caption":"admin"},"url":"https:\/\/www.muyjujuy.com\/index.php\/author\/soyeleditor\/"}]}},"_links":{"self":[{"href":"https:\/\/www.muyjujuy.com\/index.php\/wp-json\/wp\/v2\/posts\/2617","targetHints":{"allow":["GET"]}}],"collection":[{"href":"https:\/\/www.muyjujuy.com\/index.php\/wp-json\/wp\/v2\/posts"}],"about":[{"href":"https:\/\/www.muyjujuy.com\/index.php\/wp-json\/wp\/v2\/types\/post"}],"author":[{"embeddable":true,"href":"https:\/\/www.muyjujuy.com\/index.php\/wp-json\/wp\/v2\/users\/1"}],"replies":[{"embeddable":true,"href":"https:\/\/www.muyjujuy.com\/index.php\/wp-json\/wp\/v2\/comments?post=2617"}],"version-history":[{"count":1,"href":"https:\/\/www.muyjujuy.com\/index.php\/wp-json\/wp\/v2\/posts\/2617\/revisions"}],"predecessor-version":[{"id":2619,"href":"https:\/\/www.muyjujuy.com\/index.php\/wp-json\/wp\/v2\/posts\/2617\/revisions\/2619"}],"wp:featuredmedia":[{"embeddable":true,"href":"https:\/\/www.muyjujuy.com\/index.php\/wp-json\/wp\/v2\/media\/2618"}],"wp:attachment":[{"href":"https:\/\/www.muyjujuy.com\/index.php\/wp-json\/wp\/v2\/media?parent=2617"}],"wp:term":[{"taxonomy":"category","embeddable":true,"href":"https:\/\/www.muyjujuy.com\/index.php\/wp-json\/wp\/v2\/categories?post=2617"},{"taxonomy":"post_tag","embeddable":true,"href":"https:\/\/www.muyjujuy.com\/index.php\/wp-json\/wp\/v2\/tags?post=2617"}],"curies":[{"name":"wp","href":"https:\/\/api.w.org\/{rel}","templated":true}]}}