{"id":2620,"date":"2025-06-30T11:18:09","date_gmt":"2025-06-30T14:18:09","guid":{"rendered":"https:\/\/www.muyjujuy.com\/?p=2620"},"modified":"2025-06-30T11:18:09","modified_gmt":"2025-06-30T14:18:09","slug":"bajas-temperaturas-en-jujuy-primeras-imagenes-de-la-nieve-en-la-region-de-los-valles","status":"publish","type":"post","link":"https:\/\/www.muyjujuy.com\/index.php\/2025\/06\/30\/bajas-temperaturas-en-jujuy-primeras-imagenes-de-la-nieve-en-la-region-de-los-valles\/","title":{"rendered":"Bajas temperaturas en Jujuy: primeras im\u00e1genes de la nieve en la regi\u00f3n de los Valles"},"content":{"rendered":"\n<p>El mes de <strong>junio<\/strong> se despide con un marcado descenso t\u00e9rmico y <strong>precipitaciones de nieve<\/strong> en diversos puntos de la provincia de <strong>Jujuy<\/strong>. Lectores de <strong>Somos Jujuy<\/strong> compartieron fotograf\u00edas de distintos parajes donde el paisaje amaneci\u00f3 te\u00f1ido de blanco. Entre las localidades alcanzadas se destacan <strong>Termas de Reyes, San Antonio, La Almona<\/strong> y <strong>Le\u00f3n<\/strong>.<\/p>\n\n\n\n<p>En <strong>San Salvador de Jujuy<\/strong>, durante la madrugada de este lunes se registraron <strong>copos de nieve<\/strong> y <strong>agua nieve<\/strong> en algunos sectores, en el marco del <strong>alerta amarilla por fr\u00edo extremo<\/strong> emitido el d\u00eda anterior por el <strong>Servicio Meteorol\u00f3gico Nacional<\/strong>.<\/p>\n\n\n\n<p>Las temperaturas m\u00ednimas se ubicaron en torno a los <strong>0\u00b0C<\/strong>, mientras que las m\u00e1ximas no superar\u00e1n los <strong>3\u00b0C<\/strong>, impactando en localidades como <strong>El Carmen, Ledesma, Palpal\u00e1, San Pedro, San Antonio, Santa B\u00e1rbara, Valle Grande, Tilcara<\/strong> y <strong>Dr. Manuel Belgrano<\/strong>.<\/p>\n\n\n\n<p>Desde <strong>Defensa Civil<\/strong> se recomienda <strong>evitar la exposici\u00f3n prolongada al aire libre<\/strong>, <strong>abrigar adecuadamente a ni\u00f1os y adultos mayores<\/strong>, y tener especial precauci\u00f3n con los <strong>sistemas de calefacci\u00f3n<\/strong> que implican riesgo de <strong>mon\u00f3xido de carbono<\/strong>.<\/p>\n\n\n\n<p>Debido a las <strong>bajas temperaturas<\/strong>, algunas <strong>instituciones educativas<\/strong> optar\u00e1n por el dictado de <strong>clases en modalidad virtual<\/strong>.<\/p>\n","protected":false},"excerpt":{"rendered":"<p>El mes de junio se despide con un marcado descenso t\u00e9rmico y precipitaciones de nieve en diversos puntos de la provincia de Jujuy. Lectores de Somos Jujuy compartieron fotograf\u00edas de distintos parajes donde el paisaje amaneci\u00f3 te\u00f1ido de blanco. Entre las localidades alcanzadas se destacan Termas de Reyes, San Antonio, La Almona y Le\u00f3n. En [&hellip;]<\/p>\n","protected":false},"author":1,"featured_media":2621,"comment_status":"open","ping_status":"open","sticky":false,"template":"","format":"standard","meta":{"footnotes":""},"categories":[863,25],"tags":[],"class_list":{"0":"post-2620","1":"post","2":"type-post","3":"status-publish","4":"format-standard","5":"has-post-thumbnail","7":"category-jujuy","8":"category-sociedad"},"yoast_head":"<!-- This site is optimized with the Yoast SEO plugin v27.5 - https:\/\/yoast.com\/product\/yoast-seo-wordpress\/ -->\n<title>Bajas temperaturas en Jujuy: primeras im\u00e1genes de la nieve en la regi\u00f3n de los Valles - Muy Jujuy<\/title>\n<meta name=\"robots\" content=\"index, follow, max-snippet:-1, max-image-preview:large, max-video-preview:-1\" \/>\n<link rel=\"canonical\" href=\"https:\/\/www.muyjujuy.com\/index.php\/2025\/06\/30\/bajas-temperaturas-en-jujuy-primeras-imagenes-de-la-nieve-en-la-region-de-los-valles\/\" \/>\n<meta property=\"og:locale\" content=\"es_ES\" \/>\n<meta property=\"og:type\" content=\"article\" \/>\n<meta property=\"og:title\" content=\"Bajas temperaturas en Jujuy: primeras im\u00e1genes de la nieve en la regi\u00f3n de los Valles - Muy Jujuy\" \/>\n<meta property=\"og:description\" content=\"El mes de junio se despide con un marcado descenso t\u00e9rmico y precipitaciones de nieve en diversos puntos de la provincia de Jujuy. Lectores de Somos Jujuy compartieron fotograf\u00edas de distintos parajes donde el paisaje amaneci\u00f3 te\u00f1ido de blanco. Entre las localidades alcanzadas se destacan Termas de Reyes, San Antonio, La Almona y Le\u00f3n. En [&hellip;]\" \/>\n<meta property=\"og:url\" content=\"https:\/\/www.muyjujuy.com\/index.php\/2025\/06\/30\/bajas-temperaturas-en-jujuy-primeras-imagenes-de-la-nieve-en-la-region-de-los-valles\/\" \/>\n<meta property=\"og:site_name\" content=\"Muy Jujuy\" \/>\n<meta property=\"article:publisher\" content=\"https:\/\/www.facebook.com\/muyjujuycom\" \/>\n<meta property=\"article:published_time\" content=\"2025-06-30T14:18:09+00:00\" \/>\n<meta name=\"author\" content=\"admin\" \/>\n<meta name=\"twitter:card\" content=\"summary_large_image\" \/>\n<meta name=\"twitter:creator\" content=\"@muyjujuy\" \/>\n<meta name=\"twitter:site\" content=\"@muyjujuy\" \/>\n<meta name=\"twitter:label1\" content=\"Escrito por\" \/>\n\t<meta name=\"twitter:data1\" content=\"admin\" \/>\n\t<meta name=\"twitter:label2\" content=\"Tiempo de lectura\" \/>\n\t<meta name=\"twitter:data2\" content=\"1 minuto\" \/>\n<script type=\"application\/ld+json\" class=\"yoast-schema-graph\">{\"@context\":\"https:\\\/\\\/schema.org\",\"@graph\":[{\"@type\":\"Article\",\"@id\":\"https:\\\/\\\/www.muyjujuy.com\\\/index.php\\\/2025\\\/06\\\/30\\\/bajas-temperaturas-en-jujuy-primeras-imagenes-de-la-nieve-en-la-region-de-los-valles\\\/#article\",\"isPartOf\":{\"@id\":\"https:\\\/\\\/www.muyjujuy.com\\\/index.php\\\/2025\\\/06\\\/30\\\/bajas-temperaturas-en-jujuy-primeras-imagenes-de-la-nieve-en-la-region-de-los-valles\\\/\"},\"author\":{\"name\":\"admin\",\"@id\":\"https:\\\/\\\/www.muyjujuy.com\\\/#\\\/schema\\\/person\\\/a3b63db1f387ec4149299954904c5bf0\"},\"headline\":\"Bajas temperaturas en Jujuy: primeras im\u00e1genes de la nieve en la regi\u00f3n de los Valles\",\"datePublished\":\"2025-06-30T14:18:09+00:00\",\"mainEntityOfPage\":{\"@id\":\"https:\\\/\\\/www.muyjujuy.com\\\/index.php\\\/2025\\\/06\\\/30\\\/bajas-temperaturas-en-jujuy-primeras-imagenes-de-la-nieve-en-la-region-de-los-valles\\\/\"},\"wordCount\":219,\"commentCount\":0,\"publisher\":{\"@id\":\"https:\\\/\\\/www.muyjujuy.com\\\/#organization\"},\"image\":{\"@id\":\"https:\\\/\\\/www.muyjujuy.com\\\/index.php\\\/2025\\\/06\\\/30\\\/bajas-temperaturas-en-jujuy-primeras-imagenes-de-la-nieve-en-la-region-de-los-valles\\\/#primaryimage\"},\"thumbnailUrl\":\"https:\\\/\\\/www.muyjujuy.com\\\/wp-content\\\/uploads\\\/2025\\\/06\\\/nevada.jpg\",\"articleSection\":[\"JUJUY\",\"Sociedad\"],\"inLanguage\":\"es-AR\",\"potentialAction\":[{\"@type\":\"CommentAction\",\"name\":\"Comment\",\"target\":[\"https:\\\/\\\/www.muyjujuy.com\\\/index.php\\\/2025\\\/06\\\/30\\\/bajas-temperaturas-en-jujuy-primeras-imagenes-de-la-nieve-en-la-region-de-los-valles\\\/#respond\"]}]},{\"@type\":\"WebPage\",\"@id\":\"https:\\\/\\\/www.muyjujuy.com\\\/index.php\\\/2025\\\/06\\\/30\\\/bajas-temperaturas-en-jujuy-primeras-imagenes-de-la-nieve-en-la-region-de-los-valles\\\/\",\"url\":\"https:\\\/\\\/www.muyjujuy.com\\\/index.php\\\/2025\\\/06\\\/30\\\/bajas-temperaturas-en-jujuy-primeras-imagenes-de-la-nieve-en-la-region-de-los-valles\\\/\",\"name\":\"Bajas temperaturas en Jujuy: primeras im\u00e1genes de la nieve en la regi\u00f3n de los Valles - Muy Jujuy\",\"isPartOf\":{\"@id\":\"https:\\\/\\\/www.muyjujuy.com\\\/#website\"},\"primaryImageOfPage\":{\"@id\":\"https:\\\/\\\/www.muyjujuy.com\\\/index.php\\\/2025\\\/06\\\/30\\\/bajas-temperaturas-en-jujuy-primeras-imagenes-de-la-nieve-en-la-region-de-los-valles\\\/#primaryimage\"},\"image\":{\"@id\":\"https:\\\/\\\/www.muyjujuy.com\\\/index.php\\\/2025\\\/06\\\/30\\\/bajas-temperaturas-en-jujuy-primeras-imagenes-de-la-nieve-en-la-region-de-los-valles\\\/#primaryimage\"},\"thumbnailUrl\":\"https:\\\/\\\/www.muyjujuy.com\\\/wp-content\\\/uploads\\\/2025\\\/06\\\/nevada.jpg\",\"datePublished\":\"2025-06-30T14:18:09+00:00\",\"breadcrumb\":{\"@id\":\"https:\\\/\\\/www.muyjujuy.com\\\/index.php\\\/2025\\\/06\\\/30\\\/bajas-temperaturas-en-jujuy-primeras-imagenes-de-la-nieve-en-la-region-de-los-valles\\\/#breadcrumb\"},\"inLanguage\":\"es-AR\",\"potentialAction\":[{\"@type\":\"ReadAction\",\"target\":[\"https:\\\/\\\/www.muyjujuy.com\\\/index.php\\\/2025\\\/06\\\/30\\\/bajas-temperaturas-en-jujuy-primeras-imagenes-de-la-nieve-en-la-region-de-los-valles\\\/\"]}]},{\"@type\":\"ImageObject\",\"inLanguage\":\"es-AR\",\"@id\":\"https:\\\/\\\/www.muyjujuy.com\\\/index.php\\\/2025\\\/06\\\/30\\\/bajas-temperaturas-en-jujuy-primeras-imagenes-de-la-nieve-en-la-region-de-los-valles\\\/#primaryimage\",\"url\":\"https:\\\/\\\/www.muyjujuy.com\\\/wp-content\\\/uploads\\\/2025\\\/06\\\/nevada.jpg\",\"contentUrl\":\"https:\\\/\\\/www.muyjujuy.com\\\/wp-content\\\/uploads\\\/2025\\\/06\\\/nevada.jpg\",\"width\":771,\"height\":526},{\"@type\":\"BreadcrumbList\",\"@id\":\"https:\\\/\\\/www.muyjujuy.com\\\/index.php\\\/2025\\\/06\\\/30\\\/bajas-temperaturas-en-jujuy-primeras-imagenes-de-la-nieve-en-la-region-de-los-valles\\\/#breadcrumb\",\"itemListElement\":[{\"@type\":\"ListItem\",\"position\":1,\"name\":\"Inicio\",\"item\":\"https:\\\/\\\/www.muyjujuy.com\\\/\"},{\"@type\":\"ListItem\",\"position\":2,\"name\":\"Bajas temperaturas en Jujuy: primeras im\u00e1genes de la nieve en la regi\u00f3n de los Valles\"}]},{\"@type\":\"WebSite\",\"@id\":\"https:\\\/\\\/www.muyjujuy.com\\\/#website\",\"url\":\"https:\\\/\\\/www.muyjujuy.com\\\/\",\"name\":\"Muy Jujuy\",\"description\":\"\",\"publisher\":{\"@id\":\"https:\\\/\\\/www.muyjujuy.com\\\/#organization\"},\"potentialAction\":[{\"@type\":\"SearchAction\",\"target\":{\"@type\":\"EntryPoint\",\"urlTemplate\":\"https:\\\/\\\/www.muyjujuy.com\\\/?s={search_term_string}\"},\"query-input\":{\"@type\":\"PropertyValueSpecification\",\"valueRequired\":true,\"valueName\":\"search_term_string\"}}],\"inLanguage\":\"es-AR\"},{\"@type\":\"Organization\",\"@id\":\"https:\\\/\\\/www.muyjujuy.com\\\/#organization\",\"name\":\"Muy Jujuy\",\"url\":\"https:\\\/\\\/www.muyjujuy.com\\\/\",\"logo\":{\"@type\":\"ImageObject\",\"inLanguage\":\"es-AR\",\"@id\":\"https:\\\/\\\/www.muyjujuy.com\\\/#\\\/schema\\\/logo\\\/image\\\/\",\"url\":\"http:\\\/\\\/www.muyjujuy.com\\\/wp-content\\\/uploads\\\/2022\\\/05\\\/logo-mobil-jujuy.png\",\"contentUrl\":\"http:\\\/\\\/www.muyjujuy.com\\\/wp-content\\\/uploads\\\/2022\\\/05\\\/logo-mobil-jujuy.png\",\"width\":174,\"height\":81,\"caption\":\"Muy Jujuy\"},\"image\":{\"@id\":\"https:\\\/\\\/www.muyjujuy.com\\\/#\\\/schema\\\/logo\\\/image\\\/\"},\"sameAs\":[\"https:\\\/\\\/www.facebook.com\\\/muyjujuycom\",\"https:\\\/\\\/x.com\\\/muyjujuy\",\"https:\\\/\\\/www.instagram.com\\\/muyjujuycom\"]},{\"@type\":\"Person\",\"@id\":\"https:\\\/\\\/www.muyjujuy.com\\\/#\\\/schema\\\/person\\\/a3b63db1f387ec4149299954904c5bf0\",\"name\":\"admin\",\"image\":{\"@type\":\"ImageObject\",\"inLanguage\":\"es-AR\",\"@id\":\"https:\\\/\\\/secure.gravatar.com\\\/avatar\\\/b6e63d8d3a73633362405a0ad27e9c28391755813b59886f19a99d6cef8a03fc?s=96&d=mm&r=g\",\"url\":\"https:\\\/\\\/secure.gravatar.com\\\/avatar\\\/b6e63d8d3a73633362405a0ad27e9c28391755813b59886f19a99d6cef8a03fc?s=96&d=mm&r=g\",\"contentUrl\":\"https:\\\/\\\/secure.gravatar.com\\\/avatar\\\/b6e63d8d3a73633362405a0ad27e9c28391755813b59886f19a99d6cef8a03fc?s=96&d=mm&r=g\",\"caption\":\"admin\"},\"url\":\"https:\\\/\\\/www.muyjujuy.com\\\/index.php\\\/author\\\/soyeleditor\\\/\"}]}<\/script>\n<!-- \/ Yoast SEO plugin. -->","yoast_head_json":{"title":"Bajas temperaturas en Jujuy: primeras im\u00e1genes de la nieve en la regi\u00f3n de los Valles - Muy Jujuy","robots":{"index":"index","follow":"follow","max-snippet":"max-snippet:-1","max-image-preview":"max-image-preview:large","max-video-preview":"max-video-preview:-1"},"canonical":"https:\/\/www.muyjujuy.com\/index.php\/2025\/06\/30\/bajas-temperaturas-en-jujuy-primeras-imagenes-de-la-nieve-en-la-region-de-los-valles\/","og_locale":"es_ES","og_type":"article","og_title":"Bajas temperaturas en Jujuy: primeras im\u00e1genes de la nieve en la regi\u00f3n de los Valles - Muy Jujuy","og_description":"El mes de junio se despide con un marcado descenso t\u00e9rmico y precipitaciones de nieve en diversos puntos de la provincia de Jujuy. Lectores de Somos Jujuy compartieron fotograf\u00edas de distintos parajes donde el paisaje amaneci\u00f3 te\u00f1ido de blanco. Entre las localidades alcanzadas se destacan Termas de Reyes, San Antonio, La Almona y Le\u00f3n. En [&hellip;]","og_url":"https:\/\/www.muyjujuy.com\/index.php\/2025\/06\/30\/bajas-temperaturas-en-jujuy-primeras-imagenes-de-la-nieve-en-la-region-de-los-valles\/","og_site_name":"Muy Jujuy","article_publisher":"https:\/\/www.facebook.com\/muyjujuycom","article_published_time":"2025-06-30T14:18:09+00:00","author":"admin","twitter_card":"summary_large_image","twitter_creator":"@muyjujuy","twitter_site":"@muyjujuy","twitter_misc":{"Escrito por":"admin","Tiempo de lectura":"1 minuto"},"schema":{"@context":"https:\/\/schema.org","@graph":[{"@type":"Article","@id":"https:\/\/www.muyjujuy.com\/index.php\/2025\/06\/30\/bajas-temperaturas-en-jujuy-primeras-imagenes-de-la-nieve-en-la-region-de-los-valles\/#article","isPartOf":{"@id":"https:\/\/www.muyjujuy.com\/index.php\/2025\/06\/30\/bajas-temperaturas-en-jujuy-primeras-imagenes-de-la-nieve-en-la-region-de-los-valles\/"},"author":{"name":"admin","@id":"https:\/\/www.muyjujuy.com\/#\/schema\/person\/a3b63db1f387ec4149299954904c5bf0"},"headline":"Bajas temperaturas en Jujuy: primeras im\u00e1genes de la nieve en la regi\u00f3n de los Valles","datePublished":"2025-06-30T14:18:09+00:00","mainEntityOfPage":{"@id":"https:\/\/www.muyjujuy.com\/index.php\/2025\/06\/30\/bajas-temperaturas-en-jujuy-primeras-imagenes-de-la-nieve-en-la-region-de-los-valles\/"},"wordCount":219,"commentCount":0,"publisher":{"@id":"https:\/\/www.muyjujuy.com\/#organization"},"image":{"@id":"https:\/\/www.muyjujuy.com\/index.php\/2025\/06\/30\/bajas-temperaturas-en-jujuy-primeras-imagenes-de-la-nieve-en-la-region-de-los-valles\/#primaryimage"},"thumbnailUrl":"https:\/\/www.muyjujuy.com\/wp-content\/uploads\/2025\/06\/nevada.jpg","articleSection":["JUJUY","Sociedad"],"inLanguage":"es-AR","potentialAction":[{"@type":"CommentAction","name":"Comment","target":["https:\/\/www.muyjujuy.com\/index.php\/2025\/06\/30\/bajas-temperaturas-en-jujuy-primeras-imagenes-de-la-nieve-en-la-region-de-los-valles\/#respond"]}]},{"@type":"WebPage","@id":"https:\/\/www.muyjujuy.com\/index.php\/2025\/06\/30\/bajas-temperaturas-en-jujuy-primeras-imagenes-de-la-nieve-en-la-region-de-los-valles\/","url":"https:\/\/www.muyjujuy.com\/index.php\/2025\/06\/30\/bajas-temperaturas-en-jujuy-primeras-imagenes-de-la-nieve-en-la-region-de-los-valles\/","name":"Bajas temperaturas en Jujuy: primeras im\u00e1genes de la nieve en la regi\u00f3n de los Valles - Muy Jujuy","isPartOf":{"@id":"https:\/\/www.muyjujuy.com\/#website"},"primaryImageOfPage":{"@id":"https:\/\/www.muyjujuy.com\/index.php\/2025\/06\/30\/bajas-temperaturas-en-jujuy-primeras-imagenes-de-la-nieve-en-la-region-de-los-valles\/#primaryimage"},"image":{"@id":"https:\/\/www.muyjujuy.com\/index.php\/2025\/06\/30\/bajas-temperaturas-en-jujuy-primeras-imagenes-de-la-nieve-en-la-region-de-los-valles\/#primaryimage"},"thumbnailUrl":"https:\/\/www.muyjujuy.com\/wp-content\/uploads\/2025\/06\/nevada.jpg","datePublished":"2025-06-30T14:18:09+00:00","breadcrumb":{"@id":"https:\/\/www.muyjujuy.com\/index.php\/2025\/06\/30\/bajas-temperaturas-en-jujuy-primeras-imagenes-de-la-nieve-en-la-region-de-los-valles\/#breadcrumb"},"inLanguage":"es-AR","potentialAction":[{"@type":"ReadAction","target":["https:\/\/www.muyjujuy.com\/index.php\/2025\/06\/30\/bajas-temperaturas-en-jujuy-primeras-imagenes-de-la-nieve-en-la-region-de-los-valles\/"]}]},{"@type":"ImageObject","inLanguage":"es-AR","@id":"https:\/\/www.muyjujuy.com\/index.php\/2025\/06\/30\/bajas-temperaturas-en-jujuy-primeras-imagenes-de-la-nieve-en-la-region-de-los-valles\/#primaryimage","url":"https:\/\/www.muyjujuy.com\/wp-content\/uploads\/2025\/06\/nevada.jpg","contentUrl":"https:\/\/www.muyjujuy.com\/wp-content\/uploads\/2025\/06\/nevada.jpg","width":771,"height":526},{"@type":"BreadcrumbList","@id":"https:\/\/www.muyjujuy.com\/index.php\/2025\/06\/30\/bajas-temperaturas-en-jujuy-primeras-imagenes-de-la-nieve-en-la-region-de-los-valles\/#breadcrumb","itemListElement":[{"@type":"ListItem","position":1,"name":"Inicio","item":"https:\/\/www.muyjujuy.com\/"},{"@type":"ListItem","position":2,"name":"Bajas temperaturas en Jujuy: primeras im\u00e1genes de la nieve en la regi\u00f3n de los Valles"}]},{"@type":"WebSite","@id":"https:\/\/www.muyjujuy.com\/#website","url":"https:\/\/www.muyjujuy.com\/","name":"Muy Jujuy","description":"","publisher":{"@id":"https:\/\/www.muyjujuy.com\/#organization"},"potentialAction":[{"@type":"SearchAction","target":{"@type":"EntryPoint","urlTemplate":"https:\/\/www.muyjujuy.com\/?s={search_term_string}"},"query-input":{"@type":"PropertyValueSpecification","valueRequired":true,"valueName":"search_term_string"}}],"inLanguage":"es-AR"},{"@type":"Organization","@id":"https:\/\/www.muyjujuy.com\/#organization","name":"Muy Jujuy","url":"https:\/\/www.muyjujuy.com\/","logo":{"@type":"ImageObject","inLanguage":"es-AR","@id":"https:\/\/www.muyjujuy.com\/#\/schema\/logo\/image\/","url":"http:\/\/www.muyjujuy.com\/wp-content\/uploads\/2022\/05\/logo-mobil-jujuy.png","contentUrl":"http:\/\/www.muyjujuy.com\/wp-content\/uploads\/2022\/05\/logo-mobil-jujuy.png","width":174,"height":81,"caption":"Muy Jujuy"},"image":{"@id":"https:\/\/www.muyjujuy.com\/#\/schema\/logo\/image\/"},"sameAs":["https:\/\/www.facebook.com\/muyjujuycom","https:\/\/x.com\/muyjujuy","https:\/\/www.instagram.com\/muyjujuycom"]},{"@type":"Person","@id":"https:\/\/www.muyjujuy.com\/#\/schema\/person\/a3b63db1f387ec4149299954904c5bf0","name":"admin","image":{"@type":"ImageObject","inLanguage":"es-AR","@id":"https:\/\/secure.gravatar.com\/avatar\/b6e63d8d3a73633362405a0ad27e9c28391755813b59886f19a99d6cef8a03fc?s=96&d=mm&r=g","url":"https:\/\/secure.gravatar.com\/avatar\/b6e63d8d3a73633362405a0ad27e9c28391755813b59886f19a99d6cef8a03fc?s=96&d=mm&r=g","contentUrl":"https:\/\/secure.gravatar.com\/avatar\/b6e63d8d3a73633362405a0ad27e9c28391755813b59886f19a99d6cef8a03fc?s=96&d=mm&r=g","caption":"admin"},"url":"https:\/\/www.muyjujuy.com\/index.php\/author\/soyeleditor\/"}]}},"_links":{"self":[{"href":"https:\/\/www.muyjujuy.com\/index.php\/wp-json\/wp\/v2\/posts\/2620","targetHints":{"allow":["GET"]}}],"collection":[{"href":"https:\/\/www.muyjujuy.com\/index.php\/wp-json\/wp\/v2\/posts"}],"about":[{"href":"https:\/\/www.muyjujuy.com\/index.php\/wp-json\/wp\/v2\/types\/post"}],"author":[{"embeddable":true,"href":"https:\/\/www.muyjujuy.com\/index.php\/wp-json\/wp\/v2\/users\/1"}],"replies":[{"embeddable":true,"href":"https:\/\/www.muyjujuy.com\/index.php\/wp-json\/wp\/v2\/comments?post=2620"}],"version-history":[{"count":1,"href":"https:\/\/www.muyjujuy.com\/index.php\/wp-json\/wp\/v2\/posts\/2620\/revisions"}],"predecessor-version":[{"id":2622,"href":"https:\/\/www.muyjujuy.com\/index.php\/wp-json\/wp\/v2\/posts\/2620\/revisions\/2622"}],"wp:featuredmedia":[{"embeddable":true,"href":"https:\/\/www.muyjujuy.com\/index.php\/wp-json\/wp\/v2\/media\/2621"}],"wp:attachment":[{"href":"https:\/\/www.muyjujuy.com\/index.php\/wp-json\/wp\/v2\/media?parent=2620"}],"wp:term":[{"taxonomy":"category","embeddable":true,"href":"https:\/\/www.muyjujuy.com\/index.php\/wp-json\/wp\/v2\/categories?post=2620"},{"taxonomy":"post_tag","embeddable":true,"href":"https:\/\/www.muyjujuy.com\/index.php\/wp-json\/wp\/v2\/tags?post=2620"}],"curies":[{"name":"wp","href":"https:\/\/api.w.org\/{rel}","templated":true}]}}