{"id":2623,"date":"2025-06-30T11:23:13","date_gmt":"2025-06-30T14:23:13","guid":{"rendered":"https:\/\/www.muyjujuy.com\/?p=2623"},"modified":"2025-06-30T11:23:13","modified_gmt":"2025-06-30T14:23:13","slug":"ante-el-frio-extremo-en-jujuy-autorizan-clases-virtuales-en-las-escuelas","status":"publish","type":"post","link":"https:\/\/www.muyjujuy.com\/index.php\/2025\/06\/30\/ante-el-frio-extremo-en-jujuy-autorizan-clases-virtuales-en-las-escuelas\/","title":{"rendered":"Ante el fr\u00edo extremo en Jujuy, autorizan clases virtuales en las escuelas"},"content":{"rendered":"\n<p>El <strong>Ministerio de Educaci\u00f3n de Jujuy<\/strong> emiti\u00f3 un comunicado mediante el cual faculta a <strong>supervisores y directivos escolares<\/strong> a sustituir la modalidad presencial por el dictado de <strong>clases virtuales<\/strong>.<\/p>\n\n\n\n<p>Frente a las <strong>bajas temperaturas<\/strong> pronosticadas para este lunes en la provincia, la cartera educativa resolvi\u00f3 otorgar autonom\u00eda a los responsables de cada instituci\u00f3n para <strong>suspender la presencialidad<\/strong> en aquellos casos donde las condiciones clim\u00e1ticas lo requieran, priorizando el bienestar de la comunidad educativa.<\/p>\n\n\n\n<p>El objetivo de esta disposici\u00f3n es <strong>proteger la salud<\/strong> de estudiantes, docentes y personal escolar, garantizando al mismo tiempo la <strong>continuidad de los aprendizajes<\/strong>. Para ello, se sugiere el uso de plataformas digitales oficiales como <strong>Google Classroom, Zoom o Meet<\/strong>, as\u00ed como <strong>materiales impresos<\/strong> para aquellos alumnos que no cuenten con conectividad.<\/p>\n\n\n\n<p>Desde el organismo educativo se enfatiz\u00f3 que los <strong>equipos de conducci\u00f3n<\/strong> deber\u00e1n asegurar tanto la <strong>continuidad pedag\u00f3gica<\/strong> como el cumplimiento efectivo del dictado de clases, en especial en los establecimientos que prestan <strong>servicio de comedor escolar<\/strong>.<\/p>\n\n\n\n<p><strong>Sugerencias para enfrentar las bajas temperaturas<\/strong><\/p>\n\n\n\n<ul class=\"wp-block-list\">\n<li>Limitar la <strong>exposici\u00f3n prolongada al aire libre<\/strong> cuando se registren temperaturas extremadamente bajas.<\/li>\n\n\n\n<li>Vestir con <strong>m\u00faltiples capas de ropa liviana<\/strong>, lo que permite conservar mejor el calor del cuerpo.<\/li>\n\n\n\n<li>Mantenerse activo para generar calor corporal: caminar, mover las extremidades o cambiar de postura con frecuencia.<\/li>\n\n\n\n<li>Asegurar una <strong>calefacci\u00f3n segura en el hogar<\/strong>, evitando riesgos de incendio o intoxicaci\u00f3n por <strong>mon\u00f3xido de carbono<\/strong>.<\/li>\n\n\n\n<li>No automedicarse ante molestias derivadas del fr\u00edo; se recomienda consultar con un profesional de la salud.<\/li>\n\n\n\n<li>Evitar <strong>fumar en ambientes cerrados<\/strong>, ya que reduce la calidad del aire y agrava afecciones respiratorias.<\/li>\n\n\n\n<li>Prestar especial atenci\u00f3n a <strong>ni\u00f1os, personas mayores y quienes padecen enfermedades cr\u00f3nicas<\/strong>, por ser los m\u00e1s vulnerables ante las bajas temperaturas.<\/li>\n<\/ul>\n","protected":false},"excerpt":{"rendered":"<p>El Ministerio de Educaci\u00f3n de Jujuy emiti\u00f3 un comunicado mediante el cual faculta a supervisores y directivos escolares a sustituir la modalidad presencial por el dictado de clases virtuales. Frente a las bajas temperaturas pronosticadas para este lunes en la provincia, la cartera educativa resolvi\u00f3 otorgar autonom\u00eda a los responsables de cada instituci\u00f3n para suspender [&hellip;]<\/p>\n","protected":false},"author":1,"featured_media":2624,"comment_status":"open","ping_status":"open","sticky":false,"template":"","format":"standard","meta":{"footnotes":""},"categories":[863,25],"tags":[],"class_list":{"0":"post-2623","1":"post","2":"type-post","3":"status-publish","4":"format-standard","5":"has-post-thumbnail","7":"category-jujuy","8":"category-sociedad"},"yoast_head":"<!-- This site is optimized with the Yoast SEO plugin v27.5 - https:\/\/yoast.com\/product\/yoast-seo-wordpress\/ -->\n<title>Ante el fr\u00edo extremo en Jujuy, autorizan clases virtuales en las escuelas - Muy Jujuy<\/title>\n<meta name=\"robots\" content=\"index, follow, max-snippet:-1, max-image-preview:large, max-video-preview:-1\" \/>\n<link rel=\"canonical\" href=\"https:\/\/www.muyjujuy.com\/index.php\/2025\/06\/30\/ante-el-frio-extremo-en-jujuy-autorizan-clases-virtuales-en-las-escuelas\/\" \/>\n<meta property=\"og:locale\" content=\"es_ES\" \/>\n<meta property=\"og:type\" content=\"article\" \/>\n<meta property=\"og:title\" content=\"Ante el fr\u00edo extremo en Jujuy, autorizan clases virtuales en las escuelas - Muy Jujuy\" \/>\n<meta property=\"og:description\" content=\"El Ministerio de Educaci\u00f3n de Jujuy emiti\u00f3 un comunicado mediante el cual faculta a supervisores y directivos escolares a sustituir la modalidad presencial por el dictado de clases virtuales. Frente a las bajas temperaturas pronosticadas para este lunes en la provincia, la cartera educativa resolvi\u00f3 otorgar autonom\u00eda a los responsables de cada instituci\u00f3n para suspender [&hellip;]\" \/>\n<meta property=\"og:url\" content=\"https:\/\/www.muyjujuy.com\/index.php\/2025\/06\/30\/ante-el-frio-extremo-en-jujuy-autorizan-clases-virtuales-en-las-escuelas\/\" \/>\n<meta property=\"og:site_name\" content=\"Muy Jujuy\" \/>\n<meta property=\"article:publisher\" content=\"https:\/\/www.facebook.com\/muyjujuycom\" \/>\n<meta property=\"article:published_time\" content=\"2025-06-30T14:23:13+00:00\" \/>\n<meta name=\"author\" content=\"admin\" \/>\n<meta name=\"twitter:card\" content=\"summary_large_image\" \/>\n<meta name=\"twitter:creator\" content=\"@muyjujuy\" \/>\n<meta name=\"twitter:site\" content=\"@muyjujuy\" \/>\n<meta name=\"twitter:label1\" content=\"Escrito por\" \/>\n\t<meta name=\"twitter:data1\" content=\"admin\" \/>\n\t<meta name=\"twitter:label2\" content=\"Tiempo de lectura\" \/>\n\t<meta name=\"twitter:data2\" content=\"2 minutos\" \/>\n<script type=\"application\/ld+json\" class=\"yoast-schema-graph\">{\"@context\":\"https:\\\/\\\/schema.org\",\"@graph\":[{\"@type\":\"Article\",\"@id\":\"https:\\\/\\\/www.muyjujuy.com\\\/index.php\\\/2025\\\/06\\\/30\\\/ante-el-frio-extremo-en-jujuy-autorizan-clases-virtuales-en-las-escuelas\\\/#article\",\"isPartOf\":{\"@id\":\"https:\\\/\\\/www.muyjujuy.com\\\/index.php\\\/2025\\\/06\\\/30\\\/ante-el-frio-extremo-en-jujuy-autorizan-clases-virtuales-en-las-escuelas\\\/\"},\"author\":{\"name\":\"admin\",\"@id\":\"https:\\\/\\\/www.muyjujuy.com\\\/#\\\/schema\\\/person\\\/a3b63db1f387ec4149299954904c5bf0\"},\"headline\":\"Ante el fr\u00edo extremo en Jujuy, autorizan clases virtuales en las escuelas\",\"datePublished\":\"2025-06-30T14:23:13+00:00\",\"mainEntityOfPage\":{\"@id\":\"https:\\\/\\\/www.muyjujuy.com\\\/index.php\\\/2025\\\/06\\\/30\\\/ante-el-frio-extremo-en-jujuy-autorizan-clases-virtuales-en-las-escuelas\\\/\"},\"wordCount\":313,\"commentCount\":0,\"publisher\":{\"@id\":\"https:\\\/\\\/www.muyjujuy.com\\\/#organization\"},\"image\":{\"@id\":\"https:\\\/\\\/www.muyjujuy.com\\\/index.php\\\/2025\\\/06\\\/30\\\/ante-el-frio-extremo-en-jujuy-autorizan-clases-virtuales-en-las-escuelas\\\/#primaryimage\"},\"thumbnailUrl\":\"https:\\\/\\\/www.muyjujuy.com\\\/wp-content\\\/uploads\\\/2025\\\/06\\\/aulas.jpg\",\"articleSection\":[\"JUJUY\",\"Sociedad\"],\"inLanguage\":\"es-AR\",\"potentialAction\":[{\"@type\":\"CommentAction\",\"name\":\"Comment\",\"target\":[\"https:\\\/\\\/www.muyjujuy.com\\\/index.php\\\/2025\\\/06\\\/30\\\/ante-el-frio-extremo-en-jujuy-autorizan-clases-virtuales-en-las-escuelas\\\/#respond\"]}]},{\"@type\":\"WebPage\",\"@id\":\"https:\\\/\\\/www.muyjujuy.com\\\/index.php\\\/2025\\\/06\\\/30\\\/ante-el-frio-extremo-en-jujuy-autorizan-clases-virtuales-en-las-escuelas\\\/\",\"url\":\"https:\\\/\\\/www.muyjujuy.com\\\/index.php\\\/2025\\\/06\\\/30\\\/ante-el-frio-extremo-en-jujuy-autorizan-clases-virtuales-en-las-escuelas\\\/\",\"name\":\"Ante el fr\u00edo extremo en Jujuy, autorizan clases virtuales en las escuelas - Muy Jujuy\",\"isPartOf\":{\"@id\":\"https:\\\/\\\/www.muyjujuy.com\\\/#website\"},\"primaryImageOfPage\":{\"@id\":\"https:\\\/\\\/www.muyjujuy.com\\\/index.php\\\/2025\\\/06\\\/30\\\/ante-el-frio-extremo-en-jujuy-autorizan-clases-virtuales-en-las-escuelas\\\/#primaryimage\"},\"image\":{\"@id\":\"https:\\\/\\\/www.muyjujuy.com\\\/index.php\\\/2025\\\/06\\\/30\\\/ante-el-frio-extremo-en-jujuy-autorizan-clases-virtuales-en-las-escuelas\\\/#primaryimage\"},\"thumbnailUrl\":\"https:\\\/\\\/www.muyjujuy.com\\\/wp-content\\\/uploads\\\/2025\\\/06\\\/aulas.jpg\",\"datePublished\":\"2025-06-30T14:23:13+00:00\",\"breadcrumb\":{\"@id\":\"https:\\\/\\\/www.muyjujuy.com\\\/index.php\\\/2025\\\/06\\\/30\\\/ante-el-frio-extremo-en-jujuy-autorizan-clases-virtuales-en-las-escuelas\\\/#breadcrumb\"},\"inLanguage\":\"es-AR\",\"potentialAction\":[{\"@type\":\"ReadAction\",\"target\":[\"https:\\\/\\\/www.muyjujuy.com\\\/index.php\\\/2025\\\/06\\\/30\\\/ante-el-frio-extremo-en-jujuy-autorizan-clases-virtuales-en-las-escuelas\\\/\"]}]},{\"@type\":\"ImageObject\",\"inLanguage\":\"es-AR\",\"@id\":\"https:\\\/\\\/www.muyjujuy.com\\\/index.php\\\/2025\\\/06\\\/30\\\/ante-el-frio-extremo-en-jujuy-autorizan-clases-virtuales-en-las-escuelas\\\/#primaryimage\",\"url\":\"https:\\\/\\\/www.muyjujuy.com\\\/wp-content\\\/uploads\\\/2025\\\/06\\\/aulas.jpg\",\"contentUrl\":\"https:\\\/\\\/www.muyjujuy.com\\\/wp-content\\\/uploads\\\/2025\\\/06\\\/aulas.jpg\",\"width\":948,\"height\":518},{\"@type\":\"BreadcrumbList\",\"@id\":\"https:\\\/\\\/www.muyjujuy.com\\\/index.php\\\/2025\\\/06\\\/30\\\/ante-el-frio-extremo-en-jujuy-autorizan-clases-virtuales-en-las-escuelas\\\/#breadcrumb\",\"itemListElement\":[{\"@type\":\"ListItem\",\"position\":1,\"name\":\"Inicio\",\"item\":\"https:\\\/\\\/www.muyjujuy.com\\\/\"},{\"@type\":\"ListItem\",\"position\":2,\"name\":\"Ante el fr\u00edo extremo en Jujuy, autorizan clases virtuales en las escuelas\"}]},{\"@type\":\"WebSite\",\"@id\":\"https:\\\/\\\/www.muyjujuy.com\\\/#website\",\"url\":\"https:\\\/\\\/www.muyjujuy.com\\\/\",\"name\":\"Muy Jujuy\",\"description\":\"\",\"publisher\":{\"@id\":\"https:\\\/\\\/www.muyjujuy.com\\\/#organization\"},\"potentialAction\":[{\"@type\":\"SearchAction\",\"target\":{\"@type\":\"EntryPoint\",\"urlTemplate\":\"https:\\\/\\\/www.muyjujuy.com\\\/?s={search_term_string}\"},\"query-input\":{\"@type\":\"PropertyValueSpecification\",\"valueRequired\":true,\"valueName\":\"search_term_string\"}}],\"inLanguage\":\"es-AR\"},{\"@type\":\"Organization\",\"@id\":\"https:\\\/\\\/www.muyjujuy.com\\\/#organization\",\"name\":\"Muy Jujuy\",\"url\":\"https:\\\/\\\/www.muyjujuy.com\\\/\",\"logo\":{\"@type\":\"ImageObject\",\"inLanguage\":\"es-AR\",\"@id\":\"https:\\\/\\\/www.muyjujuy.com\\\/#\\\/schema\\\/logo\\\/image\\\/\",\"url\":\"http:\\\/\\\/www.muyjujuy.com\\\/wp-content\\\/uploads\\\/2022\\\/05\\\/logo-mobil-jujuy.png\",\"contentUrl\":\"http:\\\/\\\/www.muyjujuy.com\\\/wp-content\\\/uploads\\\/2022\\\/05\\\/logo-mobil-jujuy.png\",\"width\":174,\"height\":81,\"caption\":\"Muy Jujuy\"},\"image\":{\"@id\":\"https:\\\/\\\/www.muyjujuy.com\\\/#\\\/schema\\\/logo\\\/image\\\/\"},\"sameAs\":[\"https:\\\/\\\/www.facebook.com\\\/muyjujuycom\",\"https:\\\/\\\/x.com\\\/muyjujuy\",\"https:\\\/\\\/www.instagram.com\\\/muyjujuycom\"]},{\"@type\":\"Person\",\"@id\":\"https:\\\/\\\/www.muyjujuy.com\\\/#\\\/schema\\\/person\\\/a3b63db1f387ec4149299954904c5bf0\",\"name\":\"admin\",\"image\":{\"@type\":\"ImageObject\",\"inLanguage\":\"es-AR\",\"@id\":\"https:\\\/\\\/secure.gravatar.com\\\/avatar\\\/b6e63d8d3a73633362405a0ad27e9c28391755813b59886f19a99d6cef8a03fc?s=96&d=mm&r=g\",\"url\":\"https:\\\/\\\/secure.gravatar.com\\\/avatar\\\/b6e63d8d3a73633362405a0ad27e9c28391755813b59886f19a99d6cef8a03fc?s=96&d=mm&r=g\",\"contentUrl\":\"https:\\\/\\\/secure.gravatar.com\\\/avatar\\\/b6e63d8d3a73633362405a0ad27e9c28391755813b59886f19a99d6cef8a03fc?s=96&d=mm&r=g\",\"caption\":\"admin\"},\"url\":\"https:\\\/\\\/www.muyjujuy.com\\\/index.php\\\/author\\\/soyeleditor\\\/\"}]}<\/script>\n<!-- \/ Yoast SEO plugin. -->","yoast_head_json":{"title":"Ante el fr\u00edo extremo en Jujuy, autorizan clases virtuales en las escuelas - Muy Jujuy","robots":{"index":"index","follow":"follow","max-snippet":"max-snippet:-1","max-image-preview":"max-image-preview:large","max-video-preview":"max-video-preview:-1"},"canonical":"https:\/\/www.muyjujuy.com\/index.php\/2025\/06\/30\/ante-el-frio-extremo-en-jujuy-autorizan-clases-virtuales-en-las-escuelas\/","og_locale":"es_ES","og_type":"article","og_title":"Ante el fr\u00edo extremo en Jujuy, autorizan clases virtuales en las escuelas - Muy Jujuy","og_description":"El Ministerio de Educaci\u00f3n de Jujuy emiti\u00f3 un comunicado mediante el cual faculta a supervisores y directivos escolares a sustituir la modalidad presencial por el dictado de clases virtuales. Frente a las bajas temperaturas pronosticadas para este lunes en la provincia, la cartera educativa resolvi\u00f3 otorgar autonom\u00eda a los responsables de cada instituci\u00f3n para suspender [&hellip;]","og_url":"https:\/\/www.muyjujuy.com\/index.php\/2025\/06\/30\/ante-el-frio-extremo-en-jujuy-autorizan-clases-virtuales-en-las-escuelas\/","og_site_name":"Muy Jujuy","article_publisher":"https:\/\/www.facebook.com\/muyjujuycom","article_published_time":"2025-06-30T14:23:13+00:00","author":"admin","twitter_card":"summary_large_image","twitter_creator":"@muyjujuy","twitter_site":"@muyjujuy","twitter_misc":{"Escrito por":"admin","Tiempo de lectura":"2 minutos"},"schema":{"@context":"https:\/\/schema.org","@graph":[{"@type":"Article","@id":"https:\/\/www.muyjujuy.com\/index.php\/2025\/06\/30\/ante-el-frio-extremo-en-jujuy-autorizan-clases-virtuales-en-las-escuelas\/#article","isPartOf":{"@id":"https:\/\/www.muyjujuy.com\/index.php\/2025\/06\/30\/ante-el-frio-extremo-en-jujuy-autorizan-clases-virtuales-en-las-escuelas\/"},"author":{"name":"admin","@id":"https:\/\/www.muyjujuy.com\/#\/schema\/person\/a3b63db1f387ec4149299954904c5bf0"},"headline":"Ante el fr\u00edo extremo en Jujuy, autorizan clases virtuales en las escuelas","datePublished":"2025-06-30T14:23:13+00:00","mainEntityOfPage":{"@id":"https:\/\/www.muyjujuy.com\/index.php\/2025\/06\/30\/ante-el-frio-extremo-en-jujuy-autorizan-clases-virtuales-en-las-escuelas\/"},"wordCount":313,"commentCount":0,"publisher":{"@id":"https:\/\/www.muyjujuy.com\/#organization"},"image":{"@id":"https:\/\/www.muyjujuy.com\/index.php\/2025\/06\/30\/ante-el-frio-extremo-en-jujuy-autorizan-clases-virtuales-en-las-escuelas\/#primaryimage"},"thumbnailUrl":"https:\/\/www.muyjujuy.com\/wp-content\/uploads\/2025\/06\/aulas.jpg","articleSection":["JUJUY","Sociedad"],"inLanguage":"es-AR","potentialAction":[{"@type":"CommentAction","name":"Comment","target":["https:\/\/www.muyjujuy.com\/index.php\/2025\/06\/30\/ante-el-frio-extremo-en-jujuy-autorizan-clases-virtuales-en-las-escuelas\/#respond"]}]},{"@type":"WebPage","@id":"https:\/\/www.muyjujuy.com\/index.php\/2025\/06\/30\/ante-el-frio-extremo-en-jujuy-autorizan-clases-virtuales-en-las-escuelas\/","url":"https:\/\/www.muyjujuy.com\/index.php\/2025\/06\/30\/ante-el-frio-extremo-en-jujuy-autorizan-clases-virtuales-en-las-escuelas\/","name":"Ante el fr\u00edo extremo en Jujuy, autorizan clases virtuales en las escuelas - Muy Jujuy","isPartOf":{"@id":"https:\/\/www.muyjujuy.com\/#website"},"primaryImageOfPage":{"@id":"https:\/\/www.muyjujuy.com\/index.php\/2025\/06\/30\/ante-el-frio-extremo-en-jujuy-autorizan-clases-virtuales-en-las-escuelas\/#primaryimage"},"image":{"@id":"https:\/\/www.muyjujuy.com\/index.php\/2025\/06\/30\/ante-el-frio-extremo-en-jujuy-autorizan-clases-virtuales-en-las-escuelas\/#primaryimage"},"thumbnailUrl":"https:\/\/www.muyjujuy.com\/wp-content\/uploads\/2025\/06\/aulas.jpg","datePublished":"2025-06-30T14:23:13+00:00","breadcrumb":{"@id":"https:\/\/www.muyjujuy.com\/index.php\/2025\/06\/30\/ante-el-frio-extremo-en-jujuy-autorizan-clases-virtuales-en-las-escuelas\/#breadcrumb"},"inLanguage":"es-AR","potentialAction":[{"@type":"ReadAction","target":["https:\/\/www.muyjujuy.com\/index.php\/2025\/06\/30\/ante-el-frio-extremo-en-jujuy-autorizan-clases-virtuales-en-las-escuelas\/"]}]},{"@type":"ImageObject","inLanguage":"es-AR","@id":"https:\/\/www.muyjujuy.com\/index.php\/2025\/06\/30\/ante-el-frio-extremo-en-jujuy-autorizan-clases-virtuales-en-las-escuelas\/#primaryimage","url":"https:\/\/www.muyjujuy.com\/wp-content\/uploads\/2025\/06\/aulas.jpg","contentUrl":"https:\/\/www.muyjujuy.com\/wp-content\/uploads\/2025\/06\/aulas.jpg","width":948,"height":518},{"@type":"BreadcrumbList","@id":"https:\/\/www.muyjujuy.com\/index.php\/2025\/06\/30\/ante-el-frio-extremo-en-jujuy-autorizan-clases-virtuales-en-las-escuelas\/#breadcrumb","itemListElement":[{"@type":"ListItem","position":1,"name":"Inicio","item":"https:\/\/www.muyjujuy.com\/"},{"@type":"ListItem","position":2,"name":"Ante el fr\u00edo extremo en Jujuy, autorizan clases virtuales en las escuelas"}]},{"@type":"WebSite","@id":"https:\/\/www.muyjujuy.com\/#website","url":"https:\/\/www.muyjujuy.com\/","name":"Muy Jujuy","description":"","publisher":{"@id":"https:\/\/www.muyjujuy.com\/#organization"},"potentialAction":[{"@type":"SearchAction","target":{"@type":"EntryPoint","urlTemplate":"https:\/\/www.muyjujuy.com\/?s={search_term_string}"},"query-input":{"@type":"PropertyValueSpecification","valueRequired":true,"valueName":"search_term_string"}}],"inLanguage":"es-AR"},{"@type":"Organization","@id":"https:\/\/www.muyjujuy.com\/#organization","name":"Muy Jujuy","url":"https:\/\/www.muyjujuy.com\/","logo":{"@type":"ImageObject","inLanguage":"es-AR","@id":"https:\/\/www.muyjujuy.com\/#\/schema\/logo\/image\/","url":"http:\/\/www.muyjujuy.com\/wp-content\/uploads\/2022\/05\/logo-mobil-jujuy.png","contentUrl":"http:\/\/www.muyjujuy.com\/wp-content\/uploads\/2022\/05\/logo-mobil-jujuy.png","width":174,"height":81,"caption":"Muy Jujuy"},"image":{"@id":"https:\/\/www.muyjujuy.com\/#\/schema\/logo\/image\/"},"sameAs":["https:\/\/www.facebook.com\/muyjujuycom","https:\/\/x.com\/muyjujuy","https:\/\/www.instagram.com\/muyjujuycom"]},{"@type":"Person","@id":"https:\/\/www.muyjujuy.com\/#\/schema\/person\/a3b63db1f387ec4149299954904c5bf0","name":"admin","image":{"@type":"ImageObject","inLanguage":"es-AR","@id":"https:\/\/secure.gravatar.com\/avatar\/b6e63d8d3a73633362405a0ad27e9c28391755813b59886f19a99d6cef8a03fc?s=96&d=mm&r=g","url":"https:\/\/secure.gravatar.com\/avatar\/b6e63d8d3a73633362405a0ad27e9c28391755813b59886f19a99d6cef8a03fc?s=96&d=mm&r=g","contentUrl":"https:\/\/secure.gravatar.com\/avatar\/b6e63d8d3a73633362405a0ad27e9c28391755813b59886f19a99d6cef8a03fc?s=96&d=mm&r=g","caption":"admin"},"url":"https:\/\/www.muyjujuy.com\/index.php\/author\/soyeleditor\/"}]}},"_links":{"self":[{"href":"https:\/\/www.muyjujuy.com\/index.php\/wp-json\/wp\/v2\/posts\/2623","targetHints":{"allow":["GET"]}}],"collection":[{"href":"https:\/\/www.muyjujuy.com\/index.php\/wp-json\/wp\/v2\/posts"}],"about":[{"href":"https:\/\/www.muyjujuy.com\/index.php\/wp-json\/wp\/v2\/types\/post"}],"author":[{"embeddable":true,"href":"https:\/\/www.muyjujuy.com\/index.php\/wp-json\/wp\/v2\/users\/1"}],"replies":[{"embeddable":true,"href":"https:\/\/www.muyjujuy.com\/index.php\/wp-json\/wp\/v2\/comments?post=2623"}],"version-history":[{"count":1,"href":"https:\/\/www.muyjujuy.com\/index.php\/wp-json\/wp\/v2\/posts\/2623\/revisions"}],"predecessor-version":[{"id":2625,"href":"https:\/\/www.muyjujuy.com\/index.php\/wp-json\/wp\/v2\/posts\/2623\/revisions\/2625"}],"wp:featuredmedia":[{"embeddable":true,"href":"https:\/\/www.muyjujuy.com\/index.php\/wp-json\/wp\/v2\/media\/2624"}],"wp:attachment":[{"href":"https:\/\/www.muyjujuy.com\/index.php\/wp-json\/wp\/v2\/media?parent=2623"}],"wp:term":[{"taxonomy":"category","embeddable":true,"href":"https:\/\/www.muyjujuy.com\/index.php\/wp-json\/wp\/v2\/categories?post=2623"},{"taxonomy":"post_tag","embeddable":true,"href":"https:\/\/www.muyjujuy.com\/index.php\/wp-json\/wp\/v2\/tags?post=2623"}],"curies":[{"name":"wp","href":"https:\/\/api.w.org\/{rel}","templated":true}]}}