{"id":2626,"date":"2025-07-01T11:02:06","date_gmt":"2025-07-01T14:02:06","guid":{"rendered":"https:\/\/www.muyjujuy.com\/?p=2626"},"modified":"2025-07-01T11:02:06","modified_gmt":"2025-07-01T14:02:06","slug":"a-pesar-de-las-bajas-temperaturas-las-clases-continuan-educacion-descarto-anticipar-el-receso-invernal-en-jujuy","status":"publish","type":"post","link":"https:\/\/www.muyjujuy.com\/index.php\/2025\/07\/01\/a-pesar-de-las-bajas-temperaturas-las-clases-continuan-educacion-descarto-anticipar-el-receso-invernal-en-jujuy\/","title":{"rendered":"A pesar de las bajas temperaturas, las clases contin\u00faan: Educaci\u00f3n descart\u00f3 anticipar el receso invernal en Jujuy"},"content":{"rendered":"\n<p><strong>Alicia Zamora<\/strong>, secretaria de Gesti\u00f3n Educativa, confirm\u00f3 que las <strong>actividades presenciales se retomar\u00e1n con normalidad este jueves<\/strong>, en funci\u00f3n de la mejora de las condiciones clim\u00e1ticas. Adem\u00e1s, se\u00f1al\u00f3 que <strong>no se contempla adelantar las vacaciones de invierno<\/strong>, como lo vienen solicitando los sindicatos docentes.<\/p>\n\n\n\n<p>En el marco de la ola polar que afecta a gran parte de la provincia, <strong>la funcionaria provincial explic\u00f3 que las clases presenciales se reanudar\u00e1n este jueves<\/strong>, fecha para la cual se prev\u00e9 una <strong>estabilizaci\u00f3n en las temperaturas<\/strong> que permitir\u00e1 garantizar el desarrollo de la actividad escolar.<\/p>\n\n\n\n<p><strong>\u201cA partir del jueves, se espera una recuperaci\u00f3n de los valores t\u00e9rmicos previos a esta contingencia, lo que nos habilita a sostener la presencialidad en todos los establecimientos de la provincia\u201d<\/strong>, expres\u00f3 Zamora en declaraciones a medios locales.<\/p>\n\n\n\n<p>En relaci\u00f3n con el pedido de los gremios para <strong>adelantar el descanso invernal<\/strong>, la secretaria fue clara: <strong>\u201cNo es viable modificar el calendario. No es una decisi\u00f3n exclusiva del Ministerio, ya que existe una planificaci\u00f3n escolar y un cronograma tur\u00edstico en marcha. Muchas familias ya organizaron sus actividades en torno a esa fecha\u201d<\/strong>, explic\u00f3.<\/p>\n\n\n\n<p>Consultada sobre el desempe\u00f1o docente en este contexto, <strong>Zamora puso en valor el compromiso del personal educativo, en especial en zonas rurales<\/strong>, donde en muchos casos los docentes <strong>permanecen en las escuelas durante el fin de semana<\/strong>. <strong>\u201cCerrar una escuela en estas situaciones implica dejar a los ni\u00f1os sin acceso al comedor y sin contenci\u00f3n social. La funci\u00f3n de la escuela trasciende lo meramente pedag\u00f3gico\u201d<\/strong>, subray\u00f3.<\/p>\n\n\n\n<p>La funcionaria tambi\u00e9n aclar\u00f3 que <strong>la educaci\u00f3n virtual no depende exclusivamente de internet<\/strong>, y record\u00f3 que el Ministerio <strong>dispone desde hace tiempo de material pedag\u00f3gico descargable<\/strong> en su sitio oficial. <strong>\u201cEn el marco del Plan de Alfabetizaci\u00f3n se han dise\u00f1ado actividades adaptadas para contextos de emergencia como nevadas, crecidas de r\u00edos o interrupciones de caminos. Es responsabilidad del docente asegurar que ese contenido llegue a sus alumnos\u201d<\/strong>, manifest\u00f3.<\/p>\n\n\n\n<p>Frente a cuestionamientos por la falta de conectividad en algunas instituciones, Zamora explic\u00f3 que <strong>la infraestructura tecnol\u00f3gica est\u00e1 a cargo de EDUCAR<\/strong>, organismo perteneciente a la Secretar\u00eda de Educaci\u00f3n de la Naci\u00f3n, y <strong>no depende directamente del Ministerio de Educaci\u00f3n provincial<\/strong>. No obstante, confirm\u00f3 que <strong>se est\u00e1n ampliando los puntos de conexi\u00f3n en m\u00e1s establecimientos escolares<\/strong>.<\/p>\n\n\n\n<p><strong>Las escuelas de Jujuy podr\u00e1n continuar este martes con modalidad virtual debido al fr\u00edo extremo<\/strong><\/p>\n\n\n\n<p>A ra\u00edz de las <strong>condiciones clim\u00e1ticas adversas y persistentes<\/strong> en la provincia, el Ministerio de Educaci\u00f3n de Jujuy inform\u00f3 que <strong>este martes 1 de julio se permitir\u00e1 continuar con clases virtuales<\/strong>, tanto sincr\u00f3nicas como asincr\u00f3nicas, en los establecimientos que as\u00ed lo determinen de acuerdo a su realidad institucional.<\/p>\n\n\n\n<p>En casos donde <strong>no haya acceso a conectividad<\/strong>, los equipos directivos <strong>podr\u00e1n utilizar cartillas pedag\u00f3gicas como recurso alternativo<\/strong> para garantizar la continuidad del proceso educativo.<\/p>\n\n\n\n<p>Desde la cartera educativa, adem\u00e1s, <strong>recordaron que en el portal web oficial est\u00e1n disponibles materiales para los distintos niveles<\/strong>, listos para ser descargados por las comunidades escolares.<\/p>\n\n\n\n<p><strong>Las inasistencias ser\u00e1n justificadas y se mantendr\u00e1 el funcionamiento de los comedores escolares<\/strong><\/p>\n\n\n\n<p>Ante las <strong>dificultades para asistir presencialmente producto de las bajas temperaturas<\/strong>, el Ministerio aclar\u00f3 que <strong>las faltas de los alumnos ser\u00e1n consideradas justificadas<\/strong>.<\/p>\n\n\n\n<p>Asimismo, se reafirm\u00f3 la necesidad de <strong>mantener operativos los comedores escolares<\/strong>, considerados un componente esencial para la atenci\u00f3n de ni\u00f1os, ni\u00f1as y adolescentes. Actualmente, en la provincia <strong>funcionan 672 establecimientos con servicio de comedor<\/strong>, que alcanzan a m\u00e1s de <strong>148.000 estudiantes<\/strong>, quienes adem\u00e1s reciben desayuno y, en las escuelas de jornada completa, tambi\u00e9n merienda.<\/p>\n\n\n\n<p>Finalmente, se inform\u00f3 que <strong>todas aquellas situaciones no contempladas expresamente ser\u00e1n evaluadas por los supervisores escolares correspondientes<\/strong>, conforme a lo establecido por el <strong>anuario escolar vigente<\/strong>.<\/p>\n","protected":false},"excerpt":{"rendered":"<p>Alicia Zamora, secretaria de Gesti\u00f3n Educativa, confirm\u00f3 que las actividades presenciales se retomar\u00e1n con normalidad este jueves, en funci\u00f3n de la mejora de las condiciones clim\u00e1ticas. Adem\u00e1s, se\u00f1al\u00f3 que no se contempla adelantar las vacaciones de invierno, como lo vienen solicitando los sindicatos docentes. En el marco de la ola polar que afecta a gran [&hellip;]<\/p>\n","protected":false},"author":1,"featured_media":2627,"comment_status":"open","ping_status":"open","sticky":false,"template":"","format":"standard","meta":{"footnotes":""},"categories":[863,25],"tags":[],"class_list":{"0":"post-2626","1":"post","2":"type-post","3":"status-publish","4":"format-standard","5":"has-post-thumbnail","7":"category-jujuy","8":"category-sociedad"},"yoast_head":"<!-- This site is optimized with the Yoast SEO plugin v27.5 - https:\/\/yoast.com\/product\/yoast-seo-wordpress\/ -->\n<title>A pesar de las bajas temperaturas, las clases contin\u00faan: Educaci\u00f3n descart\u00f3 anticipar el receso invernal en Jujuy - Muy Jujuy<\/title>\n<meta name=\"robots\" content=\"index, follow, max-snippet:-1, max-image-preview:large, max-video-preview:-1\" \/>\n<link rel=\"canonical\" href=\"https:\/\/www.muyjujuy.com\/index.php\/2025\/07\/01\/a-pesar-de-las-bajas-temperaturas-las-clases-continuan-educacion-descarto-anticipar-el-receso-invernal-en-jujuy\/\" \/>\n<meta property=\"og:locale\" content=\"es_ES\" \/>\n<meta property=\"og:type\" content=\"article\" \/>\n<meta property=\"og:title\" content=\"A pesar de las bajas temperaturas, las clases contin\u00faan: Educaci\u00f3n descart\u00f3 anticipar el receso invernal en Jujuy - Muy Jujuy\" \/>\n<meta property=\"og:description\" content=\"Alicia Zamora, secretaria de Gesti\u00f3n Educativa, confirm\u00f3 que las actividades presenciales se retomar\u00e1n con normalidad este jueves, en funci\u00f3n de la mejora de las condiciones clim\u00e1ticas. Adem\u00e1s, se\u00f1al\u00f3 que no se contempla adelantar las vacaciones de invierno, como lo vienen solicitando los sindicatos docentes. En el marco de la ola polar que afecta a gran [&hellip;]\" \/>\n<meta property=\"og:url\" content=\"https:\/\/www.muyjujuy.com\/index.php\/2025\/07\/01\/a-pesar-de-las-bajas-temperaturas-las-clases-continuan-educacion-descarto-anticipar-el-receso-invernal-en-jujuy\/\" \/>\n<meta property=\"og:site_name\" content=\"Muy Jujuy\" \/>\n<meta property=\"article:publisher\" content=\"https:\/\/www.facebook.com\/muyjujuycom\" \/>\n<meta property=\"article:published_time\" content=\"2025-07-01T14:02:06+00:00\" \/>\n<meta name=\"author\" content=\"admin\" \/>\n<meta name=\"twitter:card\" content=\"summary_large_image\" \/>\n<meta name=\"twitter:creator\" content=\"@muyjujuy\" \/>\n<meta name=\"twitter:site\" content=\"@muyjujuy\" \/>\n<meta name=\"twitter:label1\" content=\"Escrito por\" \/>\n\t<meta name=\"twitter:data1\" content=\"admin\" \/>\n\t<meta name=\"twitter:label2\" content=\"Tiempo de lectura\" \/>\n\t<meta name=\"twitter:data2\" content=\"3 minutos\" \/>\n<script type=\"application\/ld+json\" class=\"yoast-schema-graph\">{\"@context\":\"https:\\\/\\\/schema.org\",\"@graph\":[{\"@type\":\"Article\",\"@id\":\"https:\\\/\\\/www.muyjujuy.com\\\/index.php\\\/2025\\\/07\\\/01\\\/a-pesar-de-las-bajas-temperaturas-las-clases-continuan-educacion-descarto-anticipar-el-receso-invernal-en-jujuy\\\/#article\",\"isPartOf\":{\"@id\":\"https:\\\/\\\/www.muyjujuy.com\\\/index.php\\\/2025\\\/07\\\/01\\\/a-pesar-de-las-bajas-temperaturas-las-clases-continuan-educacion-descarto-anticipar-el-receso-invernal-en-jujuy\\\/\"},\"author\":{\"name\":\"admin\",\"@id\":\"https:\\\/\\\/www.muyjujuy.com\\\/#\\\/schema\\\/person\\\/a3b63db1f387ec4149299954904c5bf0\"},\"headline\":\"A pesar de las bajas temperaturas, las clases contin\u00faan: Educaci\u00f3n descart\u00f3 anticipar el receso invernal en Jujuy\",\"datePublished\":\"2025-07-01T14:02:06+00:00\",\"mainEntityOfPage\":{\"@id\":\"https:\\\/\\\/www.muyjujuy.com\\\/index.php\\\/2025\\\/07\\\/01\\\/a-pesar-de-las-bajas-temperaturas-las-clases-continuan-educacion-descarto-anticipar-el-receso-invernal-en-jujuy\\\/\"},\"wordCount\":673,\"commentCount\":0,\"publisher\":{\"@id\":\"https:\\\/\\\/www.muyjujuy.com\\\/#organization\"},\"image\":{\"@id\":\"https:\\\/\\\/www.muyjujuy.com\\\/index.php\\\/2025\\\/07\\\/01\\\/a-pesar-de-las-bajas-temperaturas-las-clases-continuan-educacion-descarto-anticipar-el-receso-invernal-en-jujuy\\\/#primaryimage\"},\"thumbnailUrl\":\"https:\\\/\\\/www.muyjujuy.com\\\/wp-content\\\/uploads\\\/2025\\\/07\\\/ESCUELAS.jpg\",\"articleSection\":[\"JUJUY\",\"Sociedad\"],\"inLanguage\":\"es-AR\",\"potentialAction\":[{\"@type\":\"CommentAction\",\"name\":\"Comment\",\"target\":[\"https:\\\/\\\/www.muyjujuy.com\\\/index.php\\\/2025\\\/07\\\/01\\\/a-pesar-de-las-bajas-temperaturas-las-clases-continuan-educacion-descarto-anticipar-el-receso-invernal-en-jujuy\\\/#respond\"]}]},{\"@type\":\"WebPage\",\"@id\":\"https:\\\/\\\/www.muyjujuy.com\\\/index.php\\\/2025\\\/07\\\/01\\\/a-pesar-de-las-bajas-temperaturas-las-clases-continuan-educacion-descarto-anticipar-el-receso-invernal-en-jujuy\\\/\",\"url\":\"https:\\\/\\\/www.muyjujuy.com\\\/index.php\\\/2025\\\/07\\\/01\\\/a-pesar-de-las-bajas-temperaturas-las-clases-continuan-educacion-descarto-anticipar-el-receso-invernal-en-jujuy\\\/\",\"name\":\"A pesar de las bajas temperaturas, las clases contin\u00faan: Educaci\u00f3n descart\u00f3 anticipar el receso invernal en Jujuy - Muy Jujuy\",\"isPartOf\":{\"@id\":\"https:\\\/\\\/www.muyjujuy.com\\\/#website\"},\"primaryImageOfPage\":{\"@id\":\"https:\\\/\\\/www.muyjujuy.com\\\/index.php\\\/2025\\\/07\\\/01\\\/a-pesar-de-las-bajas-temperaturas-las-clases-continuan-educacion-descarto-anticipar-el-receso-invernal-en-jujuy\\\/#primaryimage\"},\"image\":{\"@id\":\"https:\\\/\\\/www.muyjujuy.com\\\/index.php\\\/2025\\\/07\\\/01\\\/a-pesar-de-las-bajas-temperaturas-las-clases-continuan-educacion-descarto-anticipar-el-receso-invernal-en-jujuy\\\/#primaryimage\"},\"thumbnailUrl\":\"https:\\\/\\\/www.muyjujuy.com\\\/wp-content\\\/uploads\\\/2025\\\/07\\\/ESCUELAS.jpg\",\"datePublished\":\"2025-07-01T14:02:06+00:00\",\"breadcrumb\":{\"@id\":\"https:\\\/\\\/www.muyjujuy.com\\\/index.php\\\/2025\\\/07\\\/01\\\/a-pesar-de-las-bajas-temperaturas-las-clases-continuan-educacion-descarto-anticipar-el-receso-invernal-en-jujuy\\\/#breadcrumb\"},\"inLanguage\":\"es-AR\",\"potentialAction\":[{\"@type\":\"ReadAction\",\"target\":[\"https:\\\/\\\/www.muyjujuy.com\\\/index.php\\\/2025\\\/07\\\/01\\\/a-pesar-de-las-bajas-temperaturas-las-clases-continuan-educacion-descarto-anticipar-el-receso-invernal-en-jujuy\\\/\"]}]},{\"@type\":\"ImageObject\",\"inLanguage\":\"es-AR\",\"@id\":\"https:\\\/\\\/www.muyjujuy.com\\\/index.php\\\/2025\\\/07\\\/01\\\/a-pesar-de-las-bajas-temperaturas-las-clases-continuan-educacion-descarto-anticipar-el-receso-invernal-en-jujuy\\\/#primaryimage\",\"url\":\"https:\\\/\\\/www.muyjujuy.com\\\/wp-content\\\/uploads\\\/2025\\\/07\\\/ESCUELAS.jpg\",\"contentUrl\":\"https:\\\/\\\/www.muyjujuy.com\\\/wp-content\\\/uploads\\\/2025\\\/07\\\/ESCUELAS.jpg\",\"width\":861,\"height\":525},{\"@type\":\"BreadcrumbList\",\"@id\":\"https:\\\/\\\/www.muyjujuy.com\\\/index.php\\\/2025\\\/07\\\/01\\\/a-pesar-de-las-bajas-temperaturas-las-clases-continuan-educacion-descarto-anticipar-el-receso-invernal-en-jujuy\\\/#breadcrumb\",\"itemListElement\":[{\"@type\":\"ListItem\",\"position\":1,\"name\":\"Inicio\",\"item\":\"https:\\\/\\\/www.muyjujuy.com\\\/\"},{\"@type\":\"ListItem\",\"position\":2,\"name\":\"A pesar de las bajas temperaturas, las clases contin\u00faan: Educaci\u00f3n descart\u00f3 anticipar el receso invernal en Jujuy\"}]},{\"@type\":\"WebSite\",\"@id\":\"https:\\\/\\\/www.muyjujuy.com\\\/#website\",\"url\":\"https:\\\/\\\/www.muyjujuy.com\\\/\",\"name\":\"Muy Jujuy\",\"description\":\"\",\"publisher\":{\"@id\":\"https:\\\/\\\/www.muyjujuy.com\\\/#organization\"},\"potentialAction\":[{\"@type\":\"SearchAction\",\"target\":{\"@type\":\"EntryPoint\",\"urlTemplate\":\"https:\\\/\\\/www.muyjujuy.com\\\/?s={search_term_string}\"},\"query-input\":{\"@type\":\"PropertyValueSpecification\",\"valueRequired\":true,\"valueName\":\"search_term_string\"}}],\"inLanguage\":\"es-AR\"},{\"@type\":\"Organization\",\"@id\":\"https:\\\/\\\/www.muyjujuy.com\\\/#organization\",\"name\":\"Muy Jujuy\",\"url\":\"https:\\\/\\\/www.muyjujuy.com\\\/\",\"logo\":{\"@type\":\"ImageObject\",\"inLanguage\":\"es-AR\",\"@id\":\"https:\\\/\\\/www.muyjujuy.com\\\/#\\\/schema\\\/logo\\\/image\\\/\",\"url\":\"http:\\\/\\\/www.muyjujuy.com\\\/wp-content\\\/uploads\\\/2022\\\/05\\\/logo-mobil-jujuy.png\",\"contentUrl\":\"http:\\\/\\\/www.muyjujuy.com\\\/wp-content\\\/uploads\\\/2022\\\/05\\\/logo-mobil-jujuy.png\",\"width\":174,\"height\":81,\"caption\":\"Muy Jujuy\"},\"image\":{\"@id\":\"https:\\\/\\\/www.muyjujuy.com\\\/#\\\/schema\\\/logo\\\/image\\\/\"},\"sameAs\":[\"https:\\\/\\\/www.facebook.com\\\/muyjujuycom\",\"https:\\\/\\\/x.com\\\/muyjujuy\",\"https:\\\/\\\/www.instagram.com\\\/muyjujuycom\"]},{\"@type\":\"Person\",\"@id\":\"https:\\\/\\\/www.muyjujuy.com\\\/#\\\/schema\\\/person\\\/a3b63db1f387ec4149299954904c5bf0\",\"name\":\"admin\",\"image\":{\"@type\":\"ImageObject\",\"inLanguage\":\"es-AR\",\"@id\":\"https:\\\/\\\/secure.gravatar.com\\\/avatar\\\/b6e63d8d3a73633362405a0ad27e9c28391755813b59886f19a99d6cef8a03fc?s=96&d=mm&r=g\",\"url\":\"https:\\\/\\\/secure.gravatar.com\\\/avatar\\\/b6e63d8d3a73633362405a0ad27e9c28391755813b59886f19a99d6cef8a03fc?s=96&d=mm&r=g\",\"contentUrl\":\"https:\\\/\\\/secure.gravatar.com\\\/avatar\\\/b6e63d8d3a73633362405a0ad27e9c28391755813b59886f19a99d6cef8a03fc?s=96&d=mm&r=g\",\"caption\":\"admin\"},\"url\":\"https:\\\/\\\/www.muyjujuy.com\\\/index.php\\\/author\\\/soyeleditor\\\/\"}]}<\/script>\n<!-- \/ Yoast SEO plugin. -->","yoast_head_json":{"title":"A pesar de las bajas temperaturas, las clases contin\u00faan: Educaci\u00f3n descart\u00f3 anticipar el receso invernal en Jujuy - Muy Jujuy","robots":{"index":"index","follow":"follow","max-snippet":"max-snippet:-1","max-image-preview":"max-image-preview:large","max-video-preview":"max-video-preview:-1"},"canonical":"https:\/\/www.muyjujuy.com\/index.php\/2025\/07\/01\/a-pesar-de-las-bajas-temperaturas-las-clases-continuan-educacion-descarto-anticipar-el-receso-invernal-en-jujuy\/","og_locale":"es_ES","og_type":"article","og_title":"A pesar de las bajas temperaturas, las clases contin\u00faan: Educaci\u00f3n descart\u00f3 anticipar el receso invernal en Jujuy - Muy Jujuy","og_description":"Alicia Zamora, secretaria de Gesti\u00f3n Educativa, confirm\u00f3 que las actividades presenciales se retomar\u00e1n con normalidad este jueves, en funci\u00f3n de la mejora de las condiciones clim\u00e1ticas. Adem\u00e1s, se\u00f1al\u00f3 que no se contempla adelantar las vacaciones de invierno, como lo vienen solicitando los sindicatos docentes. En el marco de la ola polar que afecta a gran [&hellip;]","og_url":"https:\/\/www.muyjujuy.com\/index.php\/2025\/07\/01\/a-pesar-de-las-bajas-temperaturas-las-clases-continuan-educacion-descarto-anticipar-el-receso-invernal-en-jujuy\/","og_site_name":"Muy Jujuy","article_publisher":"https:\/\/www.facebook.com\/muyjujuycom","article_published_time":"2025-07-01T14:02:06+00:00","author":"admin","twitter_card":"summary_large_image","twitter_creator":"@muyjujuy","twitter_site":"@muyjujuy","twitter_misc":{"Escrito por":"admin","Tiempo de lectura":"3 minutos"},"schema":{"@context":"https:\/\/schema.org","@graph":[{"@type":"Article","@id":"https:\/\/www.muyjujuy.com\/index.php\/2025\/07\/01\/a-pesar-de-las-bajas-temperaturas-las-clases-continuan-educacion-descarto-anticipar-el-receso-invernal-en-jujuy\/#article","isPartOf":{"@id":"https:\/\/www.muyjujuy.com\/index.php\/2025\/07\/01\/a-pesar-de-las-bajas-temperaturas-las-clases-continuan-educacion-descarto-anticipar-el-receso-invernal-en-jujuy\/"},"author":{"name":"admin","@id":"https:\/\/www.muyjujuy.com\/#\/schema\/person\/a3b63db1f387ec4149299954904c5bf0"},"headline":"A pesar de las bajas temperaturas, las clases contin\u00faan: Educaci\u00f3n descart\u00f3 anticipar el receso invernal en Jujuy","datePublished":"2025-07-01T14:02:06+00:00","mainEntityOfPage":{"@id":"https:\/\/www.muyjujuy.com\/index.php\/2025\/07\/01\/a-pesar-de-las-bajas-temperaturas-las-clases-continuan-educacion-descarto-anticipar-el-receso-invernal-en-jujuy\/"},"wordCount":673,"commentCount":0,"publisher":{"@id":"https:\/\/www.muyjujuy.com\/#organization"},"image":{"@id":"https:\/\/www.muyjujuy.com\/index.php\/2025\/07\/01\/a-pesar-de-las-bajas-temperaturas-las-clases-continuan-educacion-descarto-anticipar-el-receso-invernal-en-jujuy\/#primaryimage"},"thumbnailUrl":"https:\/\/www.muyjujuy.com\/wp-content\/uploads\/2025\/07\/ESCUELAS.jpg","articleSection":["JUJUY","Sociedad"],"inLanguage":"es-AR","potentialAction":[{"@type":"CommentAction","name":"Comment","target":["https:\/\/www.muyjujuy.com\/index.php\/2025\/07\/01\/a-pesar-de-las-bajas-temperaturas-las-clases-continuan-educacion-descarto-anticipar-el-receso-invernal-en-jujuy\/#respond"]}]},{"@type":"WebPage","@id":"https:\/\/www.muyjujuy.com\/index.php\/2025\/07\/01\/a-pesar-de-las-bajas-temperaturas-las-clases-continuan-educacion-descarto-anticipar-el-receso-invernal-en-jujuy\/","url":"https:\/\/www.muyjujuy.com\/index.php\/2025\/07\/01\/a-pesar-de-las-bajas-temperaturas-las-clases-continuan-educacion-descarto-anticipar-el-receso-invernal-en-jujuy\/","name":"A pesar de las bajas temperaturas, las clases contin\u00faan: Educaci\u00f3n descart\u00f3 anticipar el receso invernal en Jujuy - Muy Jujuy","isPartOf":{"@id":"https:\/\/www.muyjujuy.com\/#website"},"primaryImageOfPage":{"@id":"https:\/\/www.muyjujuy.com\/index.php\/2025\/07\/01\/a-pesar-de-las-bajas-temperaturas-las-clases-continuan-educacion-descarto-anticipar-el-receso-invernal-en-jujuy\/#primaryimage"},"image":{"@id":"https:\/\/www.muyjujuy.com\/index.php\/2025\/07\/01\/a-pesar-de-las-bajas-temperaturas-las-clases-continuan-educacion-descarto-anticipar-el-receso-invernal-en-jujuy\/#primaryimage"},"thumbnailUrl":"https:\/\/www.muyjujuy.com\/wp-content\/uploads\/2025\/07\/ESCUELAS.jpg","datePublished":"2025-07-01T14:02:06+00:00","breadcrumb":{"@id":"https:\/\/www.muyjujuy.com\/index.php\/2025\/07\/01\/a-pesar-de-las-bajas-temperaturas-las-clases-continuan-educacion-descarto-anticipar-el-receso-invernal-en-jujuy\/#breadcrumb"},"inLanguage":"es-AR","potentialAction":[{"@type":"ReadAction","target":["https:\/\/www.muyjujuy.com\/index.php\/2025\/07\/01\/a-pesar-de-las-bajas-temperaturas-las-clases-continuan-educacion-descarto-anticipar-el-receso-invernal-en-jujuy\/"]}]},{"@type":"ImageObject","inLanguage":"es-AR","@id":"https:\/\/www.muyjujuy.com\/index.php\/2025\/07\/01\/a-pesar-de-las-bajas-temperaturas-las-clases-continuan-educacion-descarto-anticipar-el-receso-invernal-en-jujuy\/#primaryimage","url":"https:\/\/www.muyjujuy.com\/wp-content\/uploads\/2025\/07\/ESCUELAS.jpg","contentUrl":"https:\/\/www.muyjujuy.com\/wp-content\/uploads\/2025\/07\/ESCUELAS.jpg","width":861,"height":525},{"@type":"BreadcrumbList","@id":"https:\/\/www.muyjujuy.com\/index.php\/2025\/07\/01\/a-pesar-de-las-bajas-temperaturas-las-clases-continuan-educacion-descarto-anticipar-el-receso-invernal-en-jujuy\/#breadcrumb","itemListElement":[{"@type":"ListItem","position":1,"name":"Inicio","item":"https:\/\/www.muyjujuy.com\/"},{"@type":"ListItem","position":2,"name":"A pesar de las bajas temperaturas, las clases contin\u00faan: Educaci\u00f3n descart\u00f3 anticipar el receso invernal en Jujuy"}]},{"@type":"WebSite","@id":"https:\/\/www.muyjujuy.com\/#website","url":"https:\/\/www.muyjujuy.com\/","name":"Muy Jujuy","description":"","publisher":{"@id":"https:\/\/www.muyjujuy.com\/#organization"},"potentialAction":[{"@type":"SearchAction","target":{"@type":"EntryPoint","urlTemplate":"https:\/\/www.muyjujuy.com\/?s={search_term_string}"},"query-input":{"@type":"PropertyValueSpecification","valueRequired":true,"valueName":"search_term_string"}}],"inLanguage":"es-AR"},{"@type":"Organization","@id":"https:\/\/www.muyjujuy.com\/#organization","name":"Muy Jujuy","url":"https:\/\/www.muyjujuy.com\/","logo":{"@type":"ImageObject","inLanguage":"es-AR","@id":"https:\/\/www.muyjujuy.com\/#\/schema\/logo\/image\/","url":"http:\/\/www.muyjujuy.com\/wp-content\/uploads\/2022\/05\/logo-mobil-jujuy.png","contentUrl":"http:\/\/www.muyjujuy.com\/wp-content\/uploads\/2022\/05\/logo-mobil-jujuy.png","width":174,"height":81,"caption":"Muy Jujuy"},"image":{"@id":"https:\/\/www.muyjujuy.com\/#\/schema\/logo\/image\/"},"sameAs":["https:\/\/www.facebook.com\/muyjujuycom","https:\/\/x.com\/muyjujuy","https:\/\/www.instagram.com\/muyjujuycom"]},{"@type":"Person","@id":"https:\/\/www.muyjujuy.com\/#\/schema\/person\/a3b63db1f387ec4149299954904c5bf0","name":"admin","image":{"@type":"ImageObject","inLanguage":"es-AR","@id":"https:\/\/secure.gravatar.com\/avatar\/b6e63d8d3a73633362405a0ad27e9c28391755813b59886f19a99d6cef8a03fc?s=96&d=mm&r=g","url":"https:\/\/secure.gravatar.com\/avatar\/b6e63d8d3a73633362405a0ad27e9c28391755813b59886f19a99d6cef8a03fc?s=96&d=mm&r=g","contentUrl":"https:\/\/secure.gravatar.com\/avatar\/b6e63d8d3a73633362405a0ad27e9c28391755813b59886f19a99d6cef8a03fc?s=96&d=mm&r=g","caption":"admin"},"url":"https:\/\/www.muyjujuy.com\/index.php\/author\/soyeleditor\/"}]}},"_links":{"self":[{"href":"https:\/\/www.muyjujuy.com\/index.php\/wp-json\/wp\/v2\/posts\/2626","targetHints":{"allow":["GET"]}}],"collection":[{"href":"https:\/\/www.muyjujuy.com\/index.php\/wp-json\/wp\/v2\/posts"}],"about":[{"href":"https:\/\/www.muyjujuy.com\/index.php\/wp-json\/wp\/v2\/types\/post"}],"author":[{"embeddable":true,"href":"https:\/\/www.muyjujuy.com\/index.php\/wp-json\/wp\/v2\/users\/1"}],"replies":[{"embeddable":true,"href":"https:\/\/www.muyjujuy.com\/index.php\/wp-json\/wp\/v2\/comments?post=2626"}],"version-history":[{"count":1,"href":"https:\/\/www.muyjujuy.com\/index.php\/wp-json\/wp\/v2\/posts\/2626\/revisions"}],"predecessor-version":[{"id":2628,"href":"https:\/\/www.muyjujuy.com\/index.php\/wp-json\/wp\/v2\/posts\/2626\/revisions\/2628"}],"wp:featuredmedia":[{"embeddable":true,"href":"https:\/\/www.muyjujuy.com\/index.php\/wp-json\/wp\/v2\/media\/2627"}],"wp:attachment":[{"href":"https:\/\/www.muyjujuy.com\/index.php\/wp-json\/wp\/v2\/media?parent=2626"}],"wp:term":[{"taxonomy":"category","embeddable":true,"href":"https:\/\/www.muyjujuy.com\/index.php\/wp-json\/wp\/v2\/categories?post=2626"},{"taxonomy":"post_tag","embeddable":true,"href":"https:\/\/www.muyjujuy.com\/index.php\/wp-json\/wp\/v2\/tags?post=2626"}],"curies":[{"name":"wp","href":"https:\/\/api.w.org\/{rel}","templated":true}]}}