{"id":2629,"date":"2025-07-01T11:07:34","date_gmt":"2025-07-01T14:07:34","guid":{"rendered":"https:\/\/www.muyjujuy.com\/?p=2629"},"modified":"2025-07-01T11:07:34","modified_gmt":"2025-07-01T14:07:34","slug":"ypf-aplico-un-aumento-del-35-en-los-combustibles-desde-este-martes-estos-son-los-nuevos-valores-en-jujuy","status":"publish","type":"post","link":"https:\/\/www.muyjujuy.com\/index.php\/2025\/07\/01\/ypf-aplico-un-aumento-del-35-en-los-combustibles-desde-este-martes-estos-son-los-nuevos-valores-en-jujuy\/","title":{"rendered":"YPF aplic\u00f3 un aumento del 3,5% en los combustibles desde este martes: estos son los nuevos valores en Jujuy"},"content":{"rendered":"\n<p>El ajuste representa un incremento promedio de <strong>$90 por litro en las estaciones de servicio de la capital juje\u00f1a<\/strong>.<\/p>\n\n\n\n<p>La compa\u00f1\u00eda <strong>YPF dispuso desde este martes un incremento del 3,5% en los precios de sus combustibles<\/strong>, y adem\u00e1s comenz\u00f3 a regir un nuevo sistema de <strong>valores diferenciados seg\u00fan modalidad de carga y franja horaria<\/strong>.<\/p>\n\n\n\n<p>En <strong>San Salvador de Jujuy<\/strong>, la suba equivale a un promedio de <strong>$90 por litro<\/strong>. Estos son los precios vigentes desde el <strong>1 de julio<\/strong>:<\/p>\n\n\n\n<p><strong>Nafta s\u00faper:<\/strong> $1.361 (antes $1.278)<br><strong>Nafta premium (Infinia):<\/strong> $1.569 (antes $1.474)<br><strong>Gasoil com\u00fan (Di\u00e9sel 500):<\/strong> $1.405 (antes $1.320)<br><strong>Gasoil premium (Infinia Di\u00e9sel):<\/strong> $1.573 (antes $1.477)<\/p>\n\n\n\n<p><strong>\u201cA partir de ma\u00f1ana se aplicar\u00e1 una actualizaci\u00f3n en los precios que contempla una variaci\u00f3n promedio del 3,5%<\/strong>, considerando variables como el <strong>precio internacional del crudo, el tipo de cambio, la carga impositiva sobre combustibles y el costo de los biocombustibles\u201d,<\/strong> comunic\u00f3 YPF.<\/p>\n\n\n\n<p>Tambi\u00e9n se indic\u00f3 que <strong>se implementar\u00e1 un esquema de precios especiales durante el horario nocturno (de 0 a 6 AM)<\/strong>, con un <strong>descuento del 3% para pagos realizados a trav\u00e9s de la aplicaci\u00f3n YPF App<\/strong>.<\/p>\n\n\n\n<p>Respecto a la <strong>modalidad de autodespacho<\/strong>, se inform\u00f3 que <strong>estar\u00e1 disponible las 24 horas en estaciones habilitadas<\/strong>, con <strong>un descuento adicional del 3%<\/strong>, el cual podr\u00e1 <strong>acumularse con el beneficio por franja horaria<\/strong>, alcanzando as\u00ed <strong>un ahorro del 6% en horario nocturno<\/strong>.<\/p>\n\n\n\n<p>No obstante, <strong>las estaciones de servicio ubicadas en las provincias de La Pampa, Jujuy y Buenos Aires no podr\u00e1n acceder a estos beneficios<\/strong>, ya que <strong>sus legislaciones vigentes proh\u00edben la modalidad de autodespacho<\/strong>.<\/p>\n\n\n\n<p><strong>\u201cEsta nueva estructura de precios basada en modalidad de carga y horarios apunta a consolidar un cambio cultural en la gesti\u00f3n de tarifas de combustibles en el pa\u00eds. El enfoque busca empoderar al usuario, que ahora puede obtener beneficios concretos al elegir c\u00f3mo, cu\u00e1ndo y d\u00f3nde cargar\u201d<\/strong>, explic\u00f3 la empresa a trav\u00e9s de un comunicado. <strong>YPF proyecta implementar el autodespacho en el 50% de su red de estaciones en los pr\u00f3ximos meses<\/strong>.<\/p>\n\n\n\n<p><strong>C\u00f3mo funcionar\u00e1n los descuentos<\/strong><\/p>\n\n\n\n<p>Si bien se oficializ\u00f3 un aumento del 3,5% a partir de la medianoche, YPF tambi\u00e9n comunic\u00f3 un sistema de <strong>descuentos combinables para pagos a trav\u00e9s de su aplicaci\u00f3n<\/strong>, en los siguientes t\u00e9rminos:<\/p>\n\n\n\n<ul class=\"wp-block-list\">\n<li><strong>3% de descuento permanente en estaciones con autodespacho, en cualquier momento del d\u00eda.<\/strong><\/li>\n\n\n\n<li><strong>3% adicional de descuento por cargar combustible entre las 0:00 y las 6:00 en estaciones habilitadas.<\/strong><\/li>\n\n\n\n<li><strong>Ambos beneficios estar\u00e1n disponibles en todo el pa\u00eds, con excepci\u00f3n de las provincias de La Pampa, Jujuy y Buenos Aires.<\/strong><\/li>\n<\/ul>\n\n\n\n<p>Los anuncios realizados por YPF respecto a sus precios se conocieron <strong>pocas horas despu\u00e9s del fallo de la Justicia estadounidense<\/strong>, que orden\u00f3 al Estado argentino <strong>ceder el 51% de las acciones de la compa\u00f1\u00eda a los demandantes por la expropiaci\u00f3n<\/strong>, en un proceso que determin\u00f3 que <strong>Argentina deber\u00e1 pagar US$16.000 millones<\/strong>, seg\u00fan consta en la sentencia.<\/p>\n","protected":false},"excerpt":{"rendered":"<p>El ajuste representa un incremento promedio de $90 por litro en las estaciones de servicio de la capital juje\u00f1a. La compa\u00f1\u00eda YPF dispuso desde este martes un incremento del 3,5% en los precios de sus combustibles, y adem\u00e1s comenz\u00f3 a regir un nuevo sistema de valores diferenciados seg\u00fan modalidad de carga y franja horaria. En [&hellip;]<\/p>\n","protected":false},"author":1,"featured_media":2631,"comment_status":"open","ping_status":"open","sticky":false,"template":"","format":"standard","meta":{"footnotes":""},"categories":[863,25],"tags":[],"class_list":{"0":"post-2629","1":"post","2":"type-post","3":"status-publish","4":"format-standard","5":"has-post-thumbnail","7":"category-jujuy","8":"category-sociedad"},"yoast_head":"<!-- This site is optimized with the Yoast SEO plugin v27.5 - https:\/\/yoast.com\/product\/yoast-seo-wordpress\/ -->\n<title>YPF aplic\u00f3 un aumento del 3,5% en los combustibles desde este martes: estos son los nuevos valores en Jujuy - Muy Jujuy<\/title>\n<meta name=\"robots\" content=\"index, follow, max-snippet:-1, max-image-preview:large, max-video-preview:-1\" \/>\n<link rel=\"canonical\" href=\"https:\/\/www.muyjujuy.com\/index.php\/2025\/07\/01\/ypf-aplico-un-aumento-del-35-en-los-combustibles-desde-este-martes-estos-son-los-nuevos-valores-en-jujuy\/\" \/>\n<meta property=\"og:locale\" content=\"es_ES\" \/>\n<meta property=\"og:type\" content=\"article\" \/>\n<meta property=\"og:title\" content=\"YPF aplic\u00f3 un aumento del 3,5% en los combustibles desde este martes: estos son los nuevos valores en Jujuy - Muy Jujuy\" \/>\n<meta property=\"og:description\" content=\"El ajuste representa un incremento promedio de $90 por litro en las estaciones de servicio de la capital juje\u00f1a. La compa\u00f1\u00eda YPF dispuso desde este martes un incremento del 3,5% en los precios de sus combustibles, y adem\u00e1s comenz\u00f3 a regir un nuevo sistema de valores diferenciados seg\u00fan modalidad de carga y franja horaria. En [&hellip;]\" \/>\n<meta property=\"og:url\" content=\"https:\/\/www.muyjujuy.com\/index.php\/2025\/07\/01\/ypf-aplico-un-aumento-del-35-en-los-combustibles-desde-este-martes-estos-son-los-nuevos-valores-en-jujuy\/\" \/>\n<meta property=\"og:site_name\" content=\"Muy Jujuy\" \/>\n<meta property=\"article:publisher\" content=\"https:\/\/www.facebook.com\/muyjujuycom\" \/>\n<meta property=\"article:published_time\" content=\"2025-07-01T14:07:34+00:00\" \/>\n<meta name=\"author\" content=\"admin\" \/>\n<meta name=\"twitter:card\" content=\"summary_large_image\" \/>\n<meta name=\"twitter:creator\" content=\"@muyjujuy\" \/>\n<meta name=\"twitter:site\" content=\"@muyjujuy\" \/>\n<meta name=\"twitter:label1\" content=\"Escrito por\" \/>\n\t<meta name=\"twitter:data1\" content=\"admin\" \/>\n\t<meta name=\"twitter:label2\" content=\"Tiempo de lectura\" \/>\n\t<meta name=\"twitter:data2\" content=\"2 minutos\" \/>\n<script type=\"application\/ld+json\" class=\"yoast-schema-graph\">{\"@context\":\"https:\\\/\\\/schema.org\",\"@graph\":[{\"@type\":\"Article\",\"@id\":\"https:\\\/\\\/www.muyjujuy.com\\\/index.php\\\/2025\\\/07\\\/01\\\/ypf-aplico-un-aumento-del-35-en-los-combustibles-desde-este-martes-estos-son-los-nuevos-valores-en-jujuy\\\/#article\",\"isPartOf\":{\"@id\":\"https:\\\/\\\/www.muyjujuy.com\\\/index.php\\\/2025\\\/07\\\/01\\\/ypf-aplico-un-aumento-del-35-en-los-combustibles-desde-este-martes-estos-son-los-nuevos-valores-en-jujuy\\\/\"},\"author\":{\"name\":\"admin\",\"@id\":\"https:\\\/\\\/www.muyjujuy.com\\\/#\\\/schema\\\/person\\\/a3b63db1f387ec4149299954904c5bf0\"},\"headline\":\"YPF aplic\u00f3 un aumento del 3,5% en los combustibles desde este martes: estos son los nuevos valores en Jujuy\",\"datePublished\":\"2025-07-01T14:07:34+00:00\",\"mainEntityOfPage\":{\"@id\":\"https:\\\/\\\/www.muyjujuy.com\\\/index.php\\\/2025\\\/07\\\/01\\\/ypf-aplico-un-aumento-del-35-en-los-combustibles-desde-este-martes-estos-son-los-nuevos-valores-en-jujuy\\\/\"},\"wordCount\":498,\"commentCount\":0,\"publisher\":{\"@id\":\"https:\\\/\\\/www.muyjujuy.com\\\/#organization\"},\"image\":{\"@id\":\"https:\\\/\\\/www.muyjujuy.com\\\/index.php\\\/2025\\\/07\\\/01\\\/ypf-aplico-un-aumento-del-35-en-los-combustibles-desde-este-martes-estos-son-los-nuevos-valores-en-jujuy\\\/#primaryimage\"},\"thumbnailUrl\":\"https:\\\/\\\/www.muyjujuy.com\\\/wp-content\\\/uploads\\\/2025\\\/07\\\/YPF-1.jpg\",\"articleSection\":[\"JUJUY\",\"Sociedad\"],\"inLanguage\":\"es-AR\",\"potentialAction\":[{\"@type\":\"CommentAction\",\"name\":\"Comment\",\"target\":[\"https:\\\/\\\/www.muyjujuy.com\\\/index.php\\\/2025\\\/07\\\/01\\\/ypf-aplico-un-aumento-del-35-en-los-combustibles-desde-este-martes-estos-son-los-nuevos-valores-en-jujuy\\\/#respond\"]}]},{\"@type\":\"WebPage\",\"@id\":\"https:\\\/\\\/www.muyjujuy.com\\\/index.php\\\/2025\\\/07\\\/01\\\/ypf-aplico-un-aumento-del-35-en-los-combustibles-desde-este-martes-estos-son-los-nuevos-valores-en-jujuy\\\/\",\"url\":\"https:\\\/\\\/www.muyjujuy.com\\\/index.php\\\/2025\\\/07\\\/01\\\/ypf-aplico-un-aumento-del-35-en-los-combustibles-desde-este-martes-estos-son-los-nuevos-valores-en-jujuy\\\/\",\"name\":\"YPF aplic\u00f3 un aumento del 3,5% en los combustibles desde este martes: estos son los nuevos valores en Jujuy - Muy Jujuy\",\"isPartOf\":{\"@id\":\"https:\\\/\\\/www.muyjujuy.com\\\/#website\"},\"primaryImageOfPage\":{\"@id\":\"https:\\\/\\\/www.muyjujuy.com\\\/index.php\\\/2025\\\/07\\\/01\\\/ypf-aplico-un-aumento-del-35-en-los-combustibles-desde-este-martes-estos-son-los-nuevos-valores-en-jujuy\\\/#primaryimage\"},\"image\":{\"@id\":\"https:\\\/\\\/www.muyjujuy.com\\\/index.php\\\/2025\\\/07\\\/01\\\/ypf-aplico-un-aumento-del-35-en-los-combustibles-desde-este-martes-estos-son-los-nuevos-valores-en-jujuy\\\/#primaryimage\"},\"thumbnailUrl\":\"https:\\\/\\\/www.muyjujuy.com\\\/wp-content\\\/uploads\\\/2025\\\/07\\\/YPF-1.jpg\",\"datePublished\":\"2025-07-01T14:07:34+00:00\",\"breadcrumb\":{\"@id\":\"https:\\\/\\\/www.muyjujuy.com\\\/index.php\\\/2025\\\/07\\\/01\\\/ypf-aplico-un-aumento-del-35-en-los-combustibles-desde-este-martes-estos-son-los-nuevos-valores-en-jujuy\\\/#breadcrumb\"},\"inLanguage\":\"es-AR\",\"potentialAction\":[{\"@type\":\"ReadAction\",\"target\":[\"https:\\\/\\\/www.muyjujuy.com\\\/index.php\\\/2025\\\/07\\\/01\\\/ypf-aplico-un-aumento-del-35-en-los-combustibles-desde-este-martes-estos-son-los-nuevos-valores-en-jujuy\\\/\"]}]},{\"@type\":\"ImageObject\",\"inLanguage\":\"es-AR\",\"@id\":\"https:\\\/\\\/www.muyjujuy.com\\\/index.php\\\/2025\\\/07\\\/01\\\/ypf-aplico-un-aumento-del-35-en-los-combustibles-desde-este-martes-estos-son-los-nuevos-valores-en-jujuy\\\/#primaryimage\",\"url\":\"https:\\\/\\\/www.muyjujuy.com\\\/wp-content\\\/uploads\\\/2025\\\/07\\\/YPF-1.jpg\",\"contentUrl\":\"https:\\\/\\\/www.muyjujuy.com\\\/wp-content\\\/uploads\\\/2025\\\/07\\\/YPF-1.jpg\",\"width\":946,\"height\":537},{\"@type\":\"BreadcrumbList\",\"@id\":\"https:\\\/\\\/www.muyjujuy.com\\\/index.php\\\/2025\\\/07\\\/01\\\/ypf-aplico-un-aumento-del-35-en-los-combustibles-desde-este-martes-estos-son-los-nuevos-valores-en-jujuy\\\/#breadcrumb\",\"itemListElement\":[{\"@type\":\"ListItem\",\"position\":1,\"name\":\"Inicio\",\"item\":\"https:\\\/\\\/www.muyjujuy.com\\\/\"},{\"@type\":\"ListItem\",\"position\":2,\"name\":\"YPF aplic\u00f3 un aumento del 3,5% en los combustibles desde este martes: estos son los nuevos valores en Jujuy\"}]},{\"@type\":\"WebSite\",\"@id\":\"https:\\\/\\\/www.muyjujuy.com\\\/#website\",\"url\":\"https:\\\/\\\/www.muyjujuy.com\\\/\",\"name\":\"Muy Jujuy\",\"description\":\"\",\"publisher\":{\"@id\":\"https:\\\/\\\/www.muyjujuy.com\\\/#organization\"},\"potentialAction\":[{\"@type\":\"SearchAction\",\"target\":{\"@type\":\"EntryPoint\",\"urlTemplate\":\"https:\\\/\\\/www.muyjujuy.com\\\/?s={search_term_string}\"},\"query-input\":{\"@type\":\"PropertyValueSpecification\",\"valueRequired\":true,\"valueName\":\"search_term_string\"}}],\"inLanguage\":\"es-AR\"},{\"@type\":\"Organization\",\"@id\":\"https:\\\/\\\/www.muyjujuy.com\\\/#organization\",\"name\":\"Muy Jujuy\",\"url\":\"https:\\\/\\\/www.muyjujuy.com\\\/\",\"logo\":{\"@type\":\"ImageObject\",\"inLanguage\":\"es-AR\",\"@id\":\"https:\\\/\\\/www.muyjujuy.com\\\/#\\\/schema\\\/logo\\\/image\\\/\",\"url\":\"http:\\\/\\\/www.muyjujuy.com\\\/wp-content\\\/uploads\\\/2022\\\/05\\\/logo-mobil-jujuy.png\",\"contentUrl\":\"http:\\\/\\\/www.muyjujuy.com\\\/wp-content\\\/uploads\\\/2022\\\/05\\\/logo-mobil-jujuy.png\",\"width\":174,\"height\":81,\"caption\":\"Muy Jujuy\"},\"image\":{\"@id\":\"https:\\\/\\\/www.muyjujuy.com\\\/#\\\/schema\\\/logo\\\/image\\\/\"},\"sameAs\":[\"https:\\\/\\\/www.facebook.com\\\/muyjujuycom\",\"https:\\\/\\\/x.com\\\/muyjujuy\",\"https:\\\/\\\/www.instagram.com\\\/muyjujuycom\"]},{\"@type\":\"Person\",\"@id\":\"https:\\\/\\\/www.muyjujuy.com\\\/#\\\/schema\\\/person\\\/a3b63db1f387ec4149299954904c5bf0\",\"name\":\"admin\",\"image\":{\"@type\":\"ImageObject\",\"inLanguage\":\"es-AR\",\"@id\":\"https:\\\/\\\/secure.gravatar.com\\\/avatar\\\/b6e63d8d3a73633362405a0ad27e9c28391755813b59886f19a99d6cef8a03fc?s=96&d=mm&r=g\",\"url\":\"https:\\\/\\\/secure.gravatar.com\\\/avatar\\\/b6e63d8d3a73633362405a0ad27e9c28391755813b59886f19a99d6cef8a03fc?s=96&d=mm&r=g\",\"contentUrl\":\"https:\\\/\\\/secure.gravatar.com\\\/avatar\\\/b6e63d8d3a73633362405a0ad27e9c28391755813b59886f19a99d6cef8a03fc?s=96&d=mm&r=g\",\"caption\":\"admin\"},\"url\":\"https:\\\/\\\/www.muyjujuy.com\\\/index.php\\\/author\\\/soyeleditor\\\/\"}]}<\/script>\n<!-- \/ Yoast SEO plugin. -->","yoast_head_json":{"title":"YPF aplic\u00f3 un aumento del 3,5% en los combustibles desde este martes: estos son los nuevos valores en Jujuy - Muy Jujuy","robots":{"index":"index","follow":"follow","max-snippet":"max-snippet:-1","max-image-preview":"max-image-preview:large","max-video-preview":"max-video-preview:-1"},"canonical":"https:\/\/www.muyjujuy.com\/index.php\/2025\/07\/01\/ypf-aplico-un-aumento-del-35-en-los-combustibles-desde-este-martes-estos-son-los-nuevos-valores-en-jujuy\/","og_locale":"es_ES","og_type":"article","og_title":"YPF aplic\u00f3 un aumento del 3,5% en los combustibles desde este martes: estos son los nuevos valores en Jujuy - Muy Jujuy","og_description":"El ajuste representa un incremento promedio de $90 por litro en las estaciones de servicio de la capital juje\u00f1a. La compa\u00f1\u00eda YPF dispuso desde este martes un incremento del 3,5% en los precios de sus combustibles, y adem\u00e1s comenz\u00f3 a regir un nuevo sistema de valores diferenciados seg\u00fan modalidad de carga y franja horaria. En [&hellip;]","og_url":"https:\/\/www.muyjujuy.com\/index.php\/2025\/07\/01\/ypf-aplico-un-aumento-del-35-en-los-combustibles-desde-este-martes-estos-son-los-nuevos-valores-en-jujuy\/","og_site_name":"Muy Jujuy","article_publisher":"https:\/\/www.facebook.com\/muyjujuycom","article_published_time":"2025-07-01T14:07:34+00:00","author":"admin","twitter_card":"summary_large_image","twitter_creator":"@muyjujuy","twitter_site":"@muyjujuy","twitter_misc":{"Escrito por":"admin","Tiempo de lectura":"2 minutos"},"schema":{"@context":"https:\/\/schema.org","@graph":[{"@type":"Article","@id":"https:\/\/www.muyjujuy.com\/index.php\/2025\/07\/01\/ypf-aplico-un-aumento-del-35-en-los-combustibles-desde-este-martes-estos-son-los-nuevos-valores-en-jujuy\/#article","isPartOf":{"@id":"https:\/\/www.muyjujuy.com\/index.php\/2025\/07\/01\/ypf-aplico-un-aumento-del-35-en-los-combustibles-desde-este-martes-estos-son-los-nuevos-valores-en-jujuy\/"},"author":{"name":"admin","@id":"https:\/\/www.muyjujuy.com\/#\/schema\/person\/a3b63db1f387ec4149299954904c5bf0"},"headline":"YPF aplic\u00f3 un aumento del 3,5% en los combustibles desde este martes: estos son los nuevos valores en Jujuy","datePublished":"2025-07-01T14:07:34+00:00","mainEntityOfPage":{"@id":"https:\/\/www.muyjujuy.com\/index.php\/2025\/07\/01\/ypf-aplico-un-aumento-del-35-en-los-combustibles-desde-este-martes-estos-son-los-nuevos-valores-en-jujuy\/"},"wordCount":498,"commentCount":0,"publisher":{"@id":"https:\/\/www.muyjujuy.com\/#organization"},"image":{"@id":"https:\/\/www.muyjujuy.com\/index.php\/2025\/07\/01\/ypf-aplico-un-aumento-del-35-en-los-combustibles-desde-este-martes-estos-son-los-nuevos-valores-en-jujuy\/#primaryimage"},"thumbnailUrl":"https:\/\/www.muyjujuy.com\/wp-content\/uploads\/2025\/07\/YPF-1.jpg","articleSection":["JUJUY","Sociedad"],"inLanguage":"es-AR","potentialAction":[{"@type":"CommentAction","name":"Comment","target":["https:\/\/www.muyjujuy.com\/index.php\/2025\/07\/01\/ypf-aplico-un-aumento-del-35-en-los-combustibles-desde-este-martes-estos-son-los-nuevos-valores-en-jujuy\/#respond"]}]},{"@type":"WebPage","@id":"https:\/\/www.muyjujuy.com\/index.php\/2025\/07\/01\/ypf-aplico-un-aumento-del-35-en-los-combustibles-desde-este-martes-estos-son-los-nuevos-valores-en-jujuy\/","url":"https:\/\/www.muyjujuy.com\/index.php\/2025\/07\/01\/ypf-aplico-un-aumento-del-35-en-los-combustibles-desde-este-martes-estos-son-los-nuevos-valores-en-jujuy\/","name":"YPF aplic\u00f3 un aumento del 3,5% en los combustibles desde este martes: estos son los nuevos valores en Jujuy - Muy Jujuy","isPartOf":{"@id":"https:\/\/www.muyjujuy.com\/#website"},"primaryImageOfPage":{"@id":"https:\/\/www.muyjujuy.com\/index.php\/2025\/07\/01\/ypf-aplico-un-aumento-del-35-en-los-combustibles-desde-este-martes-estos-son-los-nuevos-valores-en-jujuy\/#primaryimage"},"image":{"@id":"https:\/\/www.muyjujuy.com\/index.php\/2025\/07\/01\/ypf-aplico-un-aumento-del-35-en-los-combustibles-desde-este-martes-estos-son-los-nuevos-valores-en-jujuy\/#primaryimage"},"thumbnailUrl":"https:\/\/www.muyjujuy.com\/wp-content\/uploads\/2025\/07\/YPF-1.jpg","datePublished":"2025-07-01T14:07:34+00:00","breadcrumb":{"@id":"https:\/\/www.muyjujuy.com\/index.php\/2025\/07\/01\/ypf-aplico-un-aumento-del-35-en-los-combustibles-desde-este-martes-estos-son-los-nuevos-valores-en-jujuy\/#breadcrumb"},"inLanguage":"es-AR","potentialAction":[{"@type":"ReadAction","target":["https:\/\/www.muyjujuy.com\/index.php\/2025\/07\/01\/ypf-aplico-un-aumento-del-35-en-los-combustibles-desde-este-martes-estos-son-los-nuevos-valores-en-jujuy\/"]}]},{"@type":"ImageObject","inLanguage":"es-AR","@id":"https:\/\/www.muyjujuy.com\/index.php\/2025\/07\/01\/ypf-aplico-un-aumento-del-35-en-los-combustibles-desde-este-martes-estos-son-los-nuevos-valores-en-jujuy\/#primaryimage","url":"https:\/\/www.muyjujuy.com\/wp-content\/uploads\/2025\/07\/YPF-1.jpg","contentUrl":"https:\/\/www.muyjujuy.com\/wp-content\/uploads\/2025\/07\/YPF-1.jpg","width":946,"height":537},{"@type":"BreadcrumbList","@id":"https:\/\/www.muyjujuy.com\/index.php\/2025\/07\/01\/ypf-aplico-un-aumento-del-35-en-los-combustibles-desde-este-martes-estos-son-los-nuevos-valores-en-jujuy\/#breadcrumb","itemListElement":[{"@type":"ListItem","position":1,"name":"Inicio","item":"https:\/\/www.muyjujuy.com\/"},{"@type":"ListItem","position":2,"name":"YPF aplic\u00f3 un aumento del 3,5% en los combustibles desde este martes: estos son los nuevos valores en Jujuy"}]},{"@type":"WebSite","@id":"https:\/\/www.muyjujuy.com\/#website","url":"https:\/\/www.muyjujuy.com\/","name":"Muy Jujuy","description":"","publisher":{"@id":"https:\/\/www.muyjujuy.com\/#organization"},"potentialAction":[{"@type":"SearchAction","target":{"@type":"EntryPoint","urlTemplate":"https:\/\/www.muyjujuy.com\/?s={search_term_string}"},"query-input":{"@type":"PropertyValueSpecification","valueRequired":true,"valueName":"search_term_string"}}],"inLanguage":"es-AR"},{"@type":"Organization","@id":"https:\/\/www.muyjujuy.com\/#organization","name":"Muy Jujuy","url":"https:\/\/www.muyjujuy.com\/","logo":{"@type":"ImageObject","inLanguage":"es-AR","@id":"https:\/\/www.muyjujuy.com\/#\/schema\/logo\/image\/","url":"http:\/\/www.muyjujuy.com\/wp-content\/uploads\/2022\/05\/logo-mobil-jujuy.png","contentUrl":"http:\/\/www.muyjujuy.com\/wp-content\/uploads\/2022\/05\/logo-mobil-jujuy.png","width":174,"height":81,"caption":"Muy Jujuy"},"image":{"@id":"https:\/\/www.muyjujuy.com\/#\/schema\/logo\/image\/"},"sameAs":["https:\/\/www.facebook.com\/muyjujuycom","https:\/\/x.com\/muyjujuy","https:\/\/www.instagram.com\/muyjujuycom"]},{"@type":"Person","@id":"https:\/\/www.muyjujuy.com\/#\/schema\/person\/a3b63db1f387ec4149299954904c5bf0","name":"admin","image":{"@type":"ImageObject","inLanguage":"es-AR","@id":"https:\/\/secure.gravatar.com\/avatar\/b6e63d8d3a73633362405a0ad27e9c28391755813b59886f19a99d6cef8a03fc?s=96&d=mm&r=g","url":"https:\/\/secure.gravatar.com\/avatar\/b6e63d8d3a73633362405a0ad27e9c28391755813b59886f19a99d6cef8a03fc?s=96&d=mm&r=g","contentUrl":"https:\/\/secure.gravatar.com\/avatar\/b6e63d8d3a73633362405a0ad27e9c28391755813b59886f19a99d6cef8a03fc?s=96&d=mm&r=g","caption":"admin"},"url":"https:\/\/www.muyjujuy.com\/index.php\/author\/soyeleditor\/"}]}},"_links":{"self":[{"href":"https:\/\/www.muyjujuy.com\/index.php\/wp-json\/wp\/v2\/posts\/2629","targetHints":{"allow":["GET"]}}],"collection":[{"href":"https:\/\/www.muyjujuy.com\/index.php\/wp-json\/wp\/v2\/posts"}],"about":[{"href":"https:\/\/www.muyjujuy.com\/index.php\/wp-json\/wp\/v2\/types\/post"}],"author":[{"embeddable":true,"href":"https:\/\/www.muyjujuy.com\/index.php\/wp-json\/wp\/v2\/users\/1"}],"replies":[{"embeddable":true,"href":"https:\/\/www.muyjujuy.com\/index.php\/wp-json\/wp\/v2\/comments?post=2629"}],"version-history":[{"count":1,"href":"https:\/\/www.muyjujuy.com\/index.php\/wp-json\/wp\/v2\/posts\/2629\/revisions"}],"predecessor-version":[{"id":2632,"href":"https:\/\/www.muyjujuy.com\/index.php\/wp-json\/wp\/v2\/posts\/2629\/revisions\/2632"}],"wp:featuredmedia":[{"embeddable":true,"href":"https:\/\/www.muyjujuy.com\/index.php\/wp-json\/wp\/v2\/media\/2631"}],"wp:attachment":[{"href":"https:\/\/www.muyjujuy.com\/index.php\/wp-json\/wp\/v2\/media?parent=2629"}],"wp:term":[{"taxonomy":"category","embeddable":true,"href":"https:\/\/www.muyjujuy.com\/index.php\/wp-json\/wp\/v2\/categories?post=2629"},{"taxonomy":"post_tag","embeddable":true,"href":"https:\/\/www.muyjujuy.com\/index.php\/wp-json\/wp\/v2\/tags?post=2629"}],"curies":[{"name":"wp","href":"https:\/\/api.w.org\/{rel}","templated":true}]}}