{"id":2633,"date":"2025-07-02T11:39:52","date_gmt":"2025-07-02T14:39:52","guid":{"rendered":"https:\/\/www.muyjujuy.com\/?p=2633"},"modified":"2025-07-02T11:39:52","modified_gmt":"2025-07-02T14:39:52","slug":"estado-de-rutas-en-jujuy-el-paso-de-jama-sigue-inhabilitado-y-solicitan-circular-con-precaucion-en-barcena","status":"publish","type":"post","link":"https:\/\/www.muyjujuy.com\/index.php\/2025\/07\/02\/estado-de-rutas-en-jujuy-el-paso-de-jama-sigue-inhabilitado-y-solicitan-circular-con-precaucion-en-barcena\/","title":{"rendered":"Estado de rutas en Jujuy: el Paso de Jama sigue inhabilitado y solicitan circular con precauci\u00f3n en B\u00e1rcena"},"content":{"rendered":"\n<p>La <strong>Direcci\u00f3n de Tr\u00e1nsito y Seguridad Vial de la Polic\u00eda de Jujuy<\/strong> emiti\u00f3 un informe actualizado sobre la <strong>condici\u00f3n de las rutas provinciales y nacionales<\/strong> correspondiente a este <strong>mi\u00e9rcoles 2 de julio<\/strong>. Se recomienda <strong>m\u00e1xima precauci\u00f3n al circular por distintos tramos<\/strong> y se confirm\u00f3 el <strong>cierre total del Paso de Jama<\/strong>.<\/p>\n\n\n\n<p>Las autoridades solicitan a los conductores <strong>consultar previamente el estado de las v\u00edas<\/strong> antes de iniciar un viaje y extremar los cuidados al conducir.<\/p>\n\n\n\n<p><strong>Detalle del estado de las rutas:<\/strong><br><strong>Paso de Jama:<\/strong> Este <strong>paso internacional permanece completamente cerrado<\/strong> debido a la acumulaci\u00f3n de nieve, lo que <strong>obstruye el tr\u00e1nsito sobre la ruta CH-27<\/strong>. La interrupci\u00f3n se mantendr\u00e1 <strong>hasta nuevo aviso<\/strong>.<\/p>\n\n\n\n<p><strong>Ruta Nacional 34, Km 1188 \u2013 Intersecci\u00f3n con RP1 (San Pedro):<\/strong> Por trabajos de obra en la autopista, se indica que los veh\u00edculos que circulen en <strong>sentido sur-norte<\/strong> deben hacerlo a trav\u00e9s de <strong>la rama derecha de acceso al puente<\/strong>, mientras que quienes se desplacen en sentido opuesto ser\u00e1n <strong>desviados por la rama izquierda<\/strong>. Se recuerda a los automovilistas <strong>disminuir la velocidad<\/strong>, <strong>respetar las se\u00f1ales<\/strong> y seguir las indicaciones del <strong>personal en la zona<\/strong>.<\/p>\n\n\n\n<p>Asimismo, se solicita <strong>circular con atenci\u00f3n<\/strong> por diversos tramos de rutas provinciales y nacionales, debido a condiciones adversas.<\/p>\n\n\n\n<p>La <strong>provincia contin\u00faa bajo alerta por bajas temperaturas extremas<\/strong>. Para esta jornada, el <strong>Servicio Meteorol\u00f3gico Nacional<\/strong> emiti\u00f3 una <strong>alerta naranja<\/strong> que abarca las zonas de <strong>El Carmen, Ledesma, Palpal\u00e1, San Antonio, San Pedro, Santa B\u00e1rbara, Valle Grande<\/strong>, as\u00ed como las <strong>\u00e1reas bajas de los departamentos Doctor Manuel Belgrano y Tilcara<\/strong>.<\/p>\n","protected":false},"excerpt":{"rendered":"<p>La Direcci\u00f3n de Tr\u00e1nsito y Seguridad Vial de la Polic\u00eda de Jujuy emiti\u00f3 un informe actualizado sobre la condici\u00f3n de las rutas provinciales y nacionales correspondiente a este mi\u00e9rcoles 2 de julio. Se recomienda m\u00e1xima precauci\u00f3n al circular por distintos tramos y se confirm\u00f3 el cierre total del Paso de Jama. Las autoridades solicitan a [&hellip;]<\/p>\n","protected":false},"author":1,"featured_media":2634,"comment_status":"open","ping_status":"open","sticky":false,"template":"","format":"standard","meta":{"footnotes":""},"categories":[863,25],"tags":[],"class_list":{"0":"post-2633","1":"post","2":"type-post","3":"status-publish","4":"format-standard","5":"has-post-thumbnail","7":"category-jujuy","8":"category-sociedad"},"yoast_head":"<!-- This site is optimized with the Yoast SEO plugin v27.5 - https:\/\/yoast.com\/product\/yoast-seo-wordpress\/ -->\n<title>Estado de rutas en Jujuy: el Paso de Jama sigue inhabilitado y solicitan circular con precauci\u00f3n en B\u00e1rcena - Muy Jujuy<\/title>\n<meta name=\"robots\" content=\"index, follow, max-snippet:-1, max-image-preview:large, max-video-preview:-1\" \/>\n<link rel=\"canonical\" href=\"https:\/\/www.muyjujuy.com\/index.php\/2025\/07\/02\/estado-de-rutas-en-jujuy-el-paso-de-jama-sigue-inhabilitado-y-solicitan-circular-con-precaucion-en-barcena\/\" \/>\n<meta property=\"og:locale\" content=\"es_ES\" \/>\n<meta property=\"og:type\" content=\"article\" \/>\n<meta property=\"og:title\" content=\"Estado de rutas en Jujuy: el Paso de Jama sigue inhabilitado y solicitan circular con precauci\u00f3n en B\u00e1rcena - Muy Jujuy\" \/>\n<meta property=\"og:description\" content=\"La Direcci\u00f3n de Tr\u00e1nsito y Seguridad Vial de la Polic\u00eda de Jujuy emiti\u00f3 un informe actualizado sobre la condici\u00f3n de las rutas provinciales y nacionales correspondiente a este mi\u00e9rcoles 2 de julio. Se recomienda m\u00e1xima precauci\u00f3n al circular por distintos tramos y se confirm\u00f3 el cierre total del Paso de Jama. Las autoridades solicitan a [&hellip;]\" \/>\n<meta property=\"og:url\" content=\"https:\/\/www.muyjujuy.com\/index.php\/2025\/07\/02\/estado-de-rutas-en-jujuy-el-paso-de-jama-sigue-inhabilitado-y-solicitan-circular-con-precaucion-en-barcena\/\" \/>\n<meta property=\"og:site_name\" content=\"Muy Jujuy\" \/>\n<meta property=\"article:publisher\" content=\"https:\/\/www.facebook.com\/muyjujuycom\" \/>\n<meta property=\"article:published_time\" content=\"2025-07-02T14:39:52+00:00\" \/>\n<meta name=\"author\" content=\"admin\" \/>\n<meta name=\"twitter:card\" content=\"summary_large_image\" \/>\n<meta name=\"twitter:creator\" content=\"@muyjujuy\" \/>\n<meta name=\"twitter:site\" content=\"@muyjujuy\" \/>\n<meta name=\"twitter:label1\" content=\"Escrito por\" \/>\n\t<meta name=\"twitter:data1\" content=\"admin\" \/>\n\t<meta name=\"twitter:label2\" content=\"Tiempo de lectura\" \/>\n\t<meta name=\"twitter:data2\" content=\"1 minuto\" \/>\n<script type=\"application\/ld+json\" class=\"yoast-schema-graph\">{\"@context\":\"https:\\\/\\\/schema.org\",\"@graph\":[{\"@type\":\"Article\",\"@id\":\"https:\\\/\\\/www.muyjujuy.com\\\/index.php\\\/2025\\\/07\\\/02\\\/estado-de-rutas-en-jujuy-el-paso-de-jama-sigue-inhabilitado-y-solicitan-circular-con-precaucion-en-barcena\\\/#article\",\"isPartOf\":{\"@id\":\"https:\\\/\\\/www.muyjujuy.com\\\/index.php\\\/2025\\\/07\\\/02\\\/estado-de-rutas-en-jujuy-el-paso-de-jama-sigue-inhabilitado-y-solicitan-circular-con-precaucion-en-barcena\\\/\"},\"author\":{\"name\":\"admin\",\"@id\":\"https:\\\/\\\/www.muyjujuy.com\\\/#\\\/schema\\\/person\\\/a3b63db1f387ec4149299954904c5bf0\"},\"headline\":\"Estado de rutas en Jujuy: el Paso de Jama sigue inhabilitado y solicitan circular con precauci\u00f3n en B\u00e1rcena\",\"datePublished\":\"2025-07-02T14:39:52+00:00\",\"mainEntityOfPage\":{\"@id\":\"https:\\\/\\\/www.muyjujuy.com\\\/index.php\\\/2025\\\/07\\\/02\\\/estado-de-rutas-en-jujuy-el-paso-de-jama-sigue-inhabilitado-y-solicitan-circular-con-precaucion-en-barcena\\\/\"},\"wordCount\":290,\"commentCount\":0,\"publisher\":{\"@id\":\"https:\\\/\\\/www.muyjujuy.com\\\/#organization\"},\"image\":{\"@id\":\"https:\\\/\\\/www.muyjujuy.com\\\/index.php\\\/2025\\\/07\\\/02\\\/estado-de-rutas-en-jujuy-el-paso-de-jama-sigue-inhabilitado-y-solicitan-circular-con-precaucion-en-barcena\\\/#primaryimage\"},\"thumbnailUrl\":\"https:\\\/\\\/www.muyjujuy.com\\\/wp-content\\\/uploads\\\/2025\\\/07\\\/NIEVE.jpg\",\"articleSection\":[\"JUJUY\",\"Sociedad\"],\"inLanguage\":\"es-AR\",\"potentialAction\":[{\"@type\":\"CommentAction\",\"name\":\"Comment\",\"target\":[\"https:\\\/\\\/www.muyjujuy.com\\\/index.php\\\/2025\\\/07\\\/02\\\/estado-de-rutas-en-jujuy-el-paso-de-jama-sigue-inhabilitado-y-solicitan-circular-con-precaucion-en-barcena\\\/#respond\"]}]},{\"@type\":\"WebPage\",\"@id\":\"https:\\\/\\\/www.muyjujuy.com\\\/index.php\\\/2025\\\/07\\\/02\\\/estado-de-rutas-en-jujuy-el-paso-de-jama-sigue-inhabilitado-y-solicitan-circular-con-precaucion-en-barcena\\\/\",\"url\":\"https:\\\/\\\/www.muyjujuy.com\\\/index.php\\\/2025\\\/07\\\/02\\\/estado-de-rutas-en-jujuy-el-paso-de-jama-sigue-inhabilitado-y-solicitan-circular-con-precaucion-en-barcena\\\/\",\"name\":\"Estado de rutas en Jujuy: el Paso de Jama sigue inhabilitado y solicitan circular con precauci\u00f3n en B\u00e1rcena - Muy Jujuy\",\"isPartOf\":{\"@id\":\"https:\\\/\\\/www.muyjujuy.com\\\/#website\"},\"primaryImageOfPage\":{\"@id\":\"https:\\\/\\\/www.muyjujuy.com\\\/index.php\\\/2025\\\/07\\\/02\\\/estado-de-rutas-en-jujuy-el-paso-de-jama-sigue-inhabilitado-y-solicitan-circular-con-precaucion-en-barcena\\\/#primaryimage\"},\"image\":{\"@id\":\"https:\\\/\\\/www.muyjujuy.com\\\/index.php\\\/2025\\\/07\\\/02\\\/estado-de-rutas-en-jujuy-el-paso-de-jama-sigue-inhabilitado-y-solicitan-circular-con-precaucion-en-barcena\\\/#primaryimage\"},\"thumbnailUrl\":\"https:\\\/\\\/www.muyjujuy.com\\\/wp-content\\\/uploads\\\/2025\\\/07\\\/NIEVE.jpg\",\"datePublished\":\"2025-07-02T14:39:52+00:00\",\"breadcrumb\":{\"@id\":\"https:\\\/\\\/www.muyjujuy.com\\\/index.php\\\/2025\\\/07\\\/02\\\/estado-de-rutas-en-jujuy-el-paso-de-jama-sigue-inhabilitado-y-solicitan-circular-con-precaucion-en-barcena\\\/#breadcrumb\"},\"inLanguage\":\"es-AR\",\"potentialAction\":[{\"@type\":\"ReadAction\",\"target\":[\"https:\\\/\\\/www.muyjujuy.com\\\/index.php\\\/2025\\\/07\\\/02\\\/estado-de-rutas-en-jujuy-el-paso-de-jama-sigue-inhabilitado-y-solicitan-circular-con-precaucion-en-barcena\\\/\"]}]},{\"@type\":\"ImageObject\",\"inLanguage\":\"es-AR\",\"@id\":\"https:\\\/\\\/www.muyjujuy.com\\\/index.php\\\/2025\\\/07\\\/02\\\/estado-de-rutas-en-jujuy-el-paso-de-jama-sigue-inhabilitado-y-solicitan-circular-con-precaucion-en-barcena\\\/#primaryimage\",\"url\":\"https:\\\/\\\/www.muyjujuy.com\\\/wp-content\\\/uploads\\\/2025\\\/07\\\/NIEVE.jpg\",\"contentUrl\":\"https:\\\/\\\/www.muyjujuy.com\\\/wp-content\\\/uploads\\\/2025\\\/07\\\/NIEVE.jpg\",\"width\":937,\"height\":513},{\"@type\":\"BreadcrumbList\",\"@id\":\"https:\\\/\\\/www.muyjujuy.com\\\/index.php\\\/2025\\\/07\\\/02\\\/estado-de-rutas-en-jujuy-el-paso-de-jama-sigue-inhabilitado-y-solicitan-circular-con-precaucion-en-barcena\\\/#breadcrumb\",\"itemListElement\":[{\"@type\":\"ListItem\",\"position\":1,\"name\":\"Inicio\",\"item\":\"https:\\\/\\\/www.muyjujuy.com\\\/\"},{\"@type\":\"ListItem\",\"position\":2,\"name\":\"Estado de rutas en Jujuy: el Paso de Jama sigue inhabilitado y solicitan circular con precauci\u00f3n en B\u00e1rcena\"}]},{\"@type\":\"WebSite\",\"@id\":\"https:\\\/\\\/www.muyjujuy.com\\\/#website\",\"url\":\"https:\\\/\\\/www.muyjujuy.com\\\/\",\"name\":\"Muy Jujuy\",\"description\":\"\",\"publisher\":{\"@id\":\"https:\\\/\\\/www.muyjujuy.com\\\/#organization\"},\"potentialAction\":[{\"@type\":\"SearchAction\",\"target\":{\"@type\":\"EntryPoint\",\"urlTemplate\":\"https:\\\/\\\/www.muyjujuy.com\\\/?s={search_term_string}\"},\"query-input\":{\"@type\":\"PropertyValueSpecification\",\"valueRequired\":true,\"valueName\":\"search_term_string\"}}],\"inLanguage\":\"es-AR\"},{\"@type\":\"Organization\",\"@id\":\"https:\\\/\\\/www.muyjujuy.com\\\/#organization\",\"name\":\"Muy Jujuy\",\"url\":\"https:\\\/\\\/www.muyjujuy.com\\\/\",\"logo\":{\"@type\":\"ImageObject\",\"inLanguage\":\"es-AR\",\"@id\":\"https:\\\/\\\/www.muyjujuy.com\\\/#\\\/schema\\\/logo\\\/image\\\/\",\"url\":\"http:\\\/\\\/www.muyjujuy.com\\\/wp-content\\\/uploads\\\/2022\\\/05\\\/logo-mobil-jujuy.png\",\"contentUrl\":\"http:\\\/\\\/www.muyjujuy.com\\\/wp-content\\\/uploads\\\/2022\\\/05\\\/logo-mobil-jujuy.png\",\"width\":174,\"height\":81,\"caption\":\"Muy Jujuy\"},\"image\":{\"@id\":\"https:\\\/\\\/www.muyjujuy.com\\\/#\\\/schema\\\/logo\\\/image\\\/\"},\"sameAs\":[\"https:\\\/\\\/www.facebook.com\\\/muyjujuycom\",\"https:\\\/\\\/x.com\\\/muyjujuy\",\"https:\\\/\\\/www.instagram.com\\\/muyjujuycom\"]},{\"@type\":\"Person\",\"@id\":\"https:\\\/\\\/www.muyjujuy.com\\\/#\\\/schema\\\/person\\\/a3b63db1f387ec4149299954904c5bf0\",\"name\":\"admin\",\"image\":{\"@type\":\"ImageObject\",\"inLanguage\":\"es-AR\",\"@id\":\"https:\\\/\\\/secure.gravatar.com\\\/avatar\\\/b6e63d8d3a73633362405a0ad27e9c28391755813b59886f19a99d6cef8a03fc?s=96&d=mm&r=g\",\"url\":\"https:\\\/\\\/secure.gravatar.com\\\/avatar\\\/b6e63d8d3a73633362405a0ad27e9c28391755813b59886f19a99d6cef8a03fc?s=96&d=mm&r=g\",\"contentUrl\":\"https:\\\/\\\/secure.gravatar.com\\\/avatar\\\/b6e63d8d3a73633362405a0ad27e9c28391755813b59886f19a99d6cef8a03fc?s=96&d=mm&r=g\",\"caption\":\"admin\"},\"url\":\"https:\\\/\\\/www.muyjujuy.com\\\/index.php\\\/author\\\/soyeleditor\\\/\"}]}<\/script>\n<!-- \/ Yoast SEO plugin. -->","yoast_head_json":{"title":"Estado de rutas en Jujuy: el Paso de Jama sigue inhabilitado y solicitan circular con precauci\u00f3n en B\u00e1rcena - Muy Jujuy","robots":{"index":"index","follow":"follow","max-snippet":"max-snippet:-1","max-image-preview":"max-image-preview:large","max-video-preview":"max-video-preview:-1"},"canonical":"https:\/\/www.muyjujuy.com\/index.php\/2025\/07\/02\/estado-de-rutas-en-jujuy-el-paso-de-jama-sigue-inhabilitado-y-solicitan-circular-con-precaucion-en-barcena\/","og_locale":"es_ES","og_type":"article","og_title":"Estado de rutas en Jujuy: el Paso de Jama sigue inhabilitado y solicitan circular con precauci\u00f3n en B\u00e1rcena - Muy Jujuy","og_description":"La Direcci\u00f3n de Tr\u00e1nsito y Seguridad Vial de la Polic\u00eda de Jujuy emiti\u00f3 un informe actualizado sobre la condici\u00f3n de las rutas provinciales y nacionales correspondiente a este mi\u00e9rcoles 2 de julio. Se recomienda m\u00e1xima precauci\u00f3n al circular por distintos tramos y se confirm\u00f3 el cierre total del Paso de Jama. Las autoridades solicitan a [&hellip;]","og_url":"https:\/\/www.muyjujuy.com\/index.php\/2025\/07\/02\/estado-de-rutas-en-jujuy-el-paso-de-jama-sigue-inhabilitado-y-solicitan-circular-con-precaucion-en-barcena\/","og_site_name":"Muy Jujuy","article_publisher":"https:\/\/www.facebook.com\/muyjujuycom","article_published_time":"2025-07-02T14:39:52+00:00","author":"admin","twitter_card":"summary_large_image","twitter_creator":"@muyjujuy","twitter_site":"@muyjujuy","twitter_misc":{"Escrito por":"admin","Tiempo de lectura":"1 minuto"},"schema":{"@context":"https:\/\/schema.org","@graph":[{"@type":"Article","@id":"https:\/\/www.muyjujuy.com\/index.php\/2025\/07\/02\/estado-de-rutas-en-jujuy-el-paso-de-jama-sigue-inhabilitado-y-solicitan-circular-con-precaucion-en-barcena\/#article","isPartOf":{"@id":"https:\/\/www.muyjujuy.com\/index.php\/2025\/07\/02\/estado-de-rutas-en-jujuy-el-paso-de-jama-sigue-inhabilitado-y-solicitan-circular-con-precaucion-en-barcena\/"},"author":{"name":"admin","@id":"https:\/\/www.muyjujuy.com\/#\/schema\/person\/a3b63db1f387ec4149299954904c5bf0"},"headline":"Estado de rutas en Jujuy: el Paso de Jama sigue inhabilitado y solicitan circular con precauci\u00f3n en B\u00e1rcena","datePublished":"2025-07-02T14:39:52+00:00","mainEntityOfPage":{"@id":"https:\/\/www.muyjujuy.com\/index.php\/2025\/07\/02\/estado-de-rutas-en-jujuy-el-paso-de-jama-sigue-inhabilitado-y-solicitan-circular-con-precaucion-en-barcena\/"},"wordCount":290,"commentCount":0,"publisher":{"@id":"https:\/\/www.muyjujuy.com\/#organization"},"image":{"@id":"https:\/\/www.muyjujuy.com\/index.php\/2025\/07\/02\/estado-de-rutas-en-jujuy-el-paso-de-jama-sigue-inhabilitado-y-solicitan-circular-con-precaucion-en-barcena\/#primaryimage"},"thumbnailUrl":"https:\/\/www.muyjujuy.com\/wp-content\/uploads\/2025\/07\/NIEVE.jpg","articleSection":["JUJUY","Sociedad"],"inLanguage":"es-AR","potentialAction":[{"@type":"CommentAction","name":"Comment","target":["https:\/\/www.muyjujuy.com\/index.php\/2025\/07\/02\/estado-de-rutas-en-jujuy-el-paso-de-jama-sigue-inhabilitado-y-solicitan-circular-con-precaucion-en-barcena\/#respond"]}]},{"@type":"WebPage","@id":"https:\/\/www.muyjujuy.com\/index.php\/2025\/07\/02\/estado-de-rutas-en-jujuy-el-paso-de-jama-sigue-inhabilitado-y-solicitan-circular-con-precaucion-en-barcena\/","url":"https:\/\/www.muyjujuy.com\/index.php\/2025\/07\/02\/estado-de-rutas-en-jujuy-el-paso-de-jama-sigue-inhabilitado-y-solicitan-circular-con-precaucion-en-barcena\/","name":"Estado de rutas en Jujuy: el Paso de Jama sigue inhabilitado y solicitan circular con precauci\u00f3n en B\u00e1rcena - Muy Jujuy","isPartOf":{"@id":"https:\/\/www.muyjujuy.com\/#website"},"primaryImageOfPage":{"@id":"https:\/\/www.muyjujuy.com\/index.php\/2025\/07\/02\/estado-de-rutas-en-jujuy-el-paso-de-jama-sigue-inhabilitado-y-solicitan-circular-con-precaucion-en-barcena\/#primaryimage"},"image":{"@id":"https:\/\/www.muyjujuy.com\/index.php\/2025\/07\/02\/estado-de-rutas-en-jujuy-el-paso-de-jama-sigue-inhabilitado-y-solicitan-circular-con-precaucion-en-barcena\/#primaryimage"},"thumbnailUrl":"https:\/\/www.muyjujuy.com\/wp-content\/uploads\/2025\/07\/NIEVE.jpg","datePublished":"2025-07-02T14:39:52+00:00","breadcrumb":{"@id":"https:\/\/www.muyjujuy.com\/index.php\/2025\/07\/02\/estado-de-rutas-en-jujuy-el-paso-de-jama-sigue-inhabilitado-y-solicitan-circular-con-precaucion-en-barcena\/#breadcrumb"},"inLanguage":"es-AR","potentialAction":[{"@type":"ReadAction","target":["https:\/\/www.muyjujuy.com\/index.php\/2025\/07\/02\/estado-de-rutas-en-jujuy-el-paso-de-jama-sigue-inhabilitado-y-solicitan-circular-con-precaucion-en-barcena\/"]}]},{"@type":"ImageObject","inLanguage":"es-AR","@id":"https:\/\/www.muyjujuy.com\/index.php\/2025\/07\/02\/estado-de-rutas-en-jujuy-el-paso-de-jama-sigue-inhabilitado-y-solicitan-circular-con-precaucion-en-barcena\/#primaryimage","url":"https:\/\/www.muyjujuy.com\/wp-content\/uploads\/2025\/07\/NIEVE.jpg","contentUrl":"https:\/\/www.muyjujuy.com\/wp-content\/uploads\/2025\/07\/NIEVE.jpg","width":937,"height":513},{"@type":"BreadcrumbList","@id":"https:\/\/www.muyjujuy.com\/index.php\/2025\/07\/02\/estado-de-rutas-en-jujuy-el-paso-de-jama-sigue-inhabilitado-y-solicitan-circular-con-precaucion-en-barcena\/#breadcrumb","itemListElement":[{"@type":"ListItem","position":1,"name":"Inicio","item":"https:\/\/www.muyjujuy.com\/"},{"@type":"ListItem","position":2,"name":"Estado de rutas en Jujuy: el Paso de Jama sigue inhabilitado y solicitan circular con precauci\u00f3n en B\u00e1rcena"}]},{"@type":"WebSite","@id":"https:\/\/www.muyjujuy.com\/#website","url":"https:\/\/www.muyjujuy.com\/","name":"Muy Jujuy","description":"","publisher":{"@id":"https:\/\/www.muyjujuy.com\/#organization"},"potentialAction":[{"@type":"SearchAction","target":{"@type":"EntryPoint","urlTemplate":"https:\/\/www.muyjujuy.com\/?s={search_term_string}"},"query-input":{"@type":"PropertyValueSpecification","valueRequired":true,"valueName":"search_term_string"}}],"inLanguage":"es-AR"},{"@type":"Organization","@id":"https:\/\/www.muyjujuy.com\/#organization","name":"Muy Jujuy","url":"https:\/\/www.muyjujuy.com\/","logo":{"@type":"ImageObject","inLanguage":"es-AR","@id":"https:\/\/www.muyjujuy.com\/#\/schema\/logo\/image\/","url":"http:\/\/www.muyjujuy.com\/wp-content\/uploads\/2022\/05\/logo-mobil-jujuy.png","contentUrl":"http:\/\/www.muyjujuy.com\/wp-content\/uploads\/2022\/05\/logo-mobil-jujuy.png","width":174,"height":81,"caption":"Muy Jujuy"},"image":{"@id":"https:\/\/www.muyjujuy.com\/#\/schema\/logo\/image\/"},"sameAs":["https:\/\/www.facebook.com\/muyjujuycom","https:\/\/x.com\/muyjujuy","https:\/\/www.instagram.com\/muyjujuycom"]},{"@type":"Person","@id":"https:\/\/www.muyjujuy.com\/#\/schema\/person\/a3b63db1f387ec4149299954904c5bf0","name":"admin","image":{"@type":"ImageObject","inLanguage":"es-AR","@id":"https:\/\/secure.gravatar.com\/avatar\/b6e63d8d3a73633362405a0ad27e9c28391755813b59886f19a99d6cef8a03fc?s=96&d=mm&r=g","url":"https:\/\/secure.gravatar.com\/avatar\/b6e63d8d3a73633362405a0ad27e9c28391755813b59886f19a99d6cef8a03fc?s=96&d=mm&r=g","contentUrl":"https:\/\/secure.gravatar.com\/avatar\/b6e63d8d3a73633362405a0ad27e9c28391755813b59886f19a99d6cef8a03fc?s=96&d=mm&r=g","caption":"admin"},"url":"https:\/\/www.muyjujuy.com\/index.php\/author\/soyeleditor\/"}]}},"_links":{"self":[{"href":"https:\/\/www.muyjujuy.com\/index.php\/wp-json\/wp\/v2\/posts\/2633","targetHints":{"allow":["GET"]}}],"collection":[{"href":"https:\/\/www.muyjujuy.com\/index.php\/wp-json\/wp\/v2\/posts"}],"about":[{"href":"https:\/\/www.muyjujuy.com\/index.php\/wp-json\/wp\/v2\/types\/post"}],"author":[{"embeddable":true,"href":"https:\/\/www.muyjujuy.com\/index.php\/wp-json\/wp\/v2\/users\/1"}],"replies":[{"embeddable":true,"href":"https:\/\/www.muyjujuy.com\/index.php\/wp-json\/wp\/v2\/comments?post=2633"}],"version-history":[{"count":1,"href":"https:\/\/www.muyjujuy.com\/index.php\/wp-json\/wp\/v2\/posts\/2633\/revisions"}],"predecessor-version":[{"id":2635,"href":"https:\/\/www.muyjujuy.com\/index.php\/wp-json\/wp\/v2\/posts\/2633\/revisions\/2635"}],"wp:featuredmedia":[{"embeddable":true,"href":"https:\/\/www.muyjujuy.com\/index.php\/wp-json\/wp\/v2\/media\/2634"}],"wp:attachment":[{"href":"https:\/\/www.muyjujuy.com\/index.php\/wp-json\/wp\/v2\/media?parent=2633"}],"wp:term":[{"taxonomy":"category","embeddable":true,"href":"https:\/\/www.muyjujuy.com\/index.php\/wp-json\/wp\/v2\/categories?post=2633"},{"taxonomy":"post_tag","embeddable":true,"href":"https:\/\/www.muyjujuy.com\/index.php\/wp-json\/wp\/v2\/tags?post=2633"}],"curies":[{"name":"wp","href":"https:\/\/api.w.org\/{rel}","templated":true}]}}