{"id":264,"date":"2022-05-23T20:27:13","date_gmt":"2022-05-23T23:27:13","guid":{"rendered":"https:\/\/www.muyjujuy.com\/?p=264"},"modified":"2022-05-24T12:49:30","modified_gmt":"2022-05-24T15:49:30","slug":"un-referente-del-noa-aparece-en-los-nuevos-billetes","status":"publish","type":"post","link":"https:\/\/www.muyjujuy.com\/index.php\/2022\/05\/23\/un-referente-del-noa-aparece-en-los-nuevos-billetes\/","title":{"rendered":"Un referente del NOA aparece en los nuevos billetes"},"content":{"rendered":"\n<p><em>El presidente Alberto Fern\u00e1ndez present\u00f3 oficialmente los nuevos billetes argentinos. Con la incorporaci\u00f3n de nuevas personalidades, resalta un referente hist\u00f3rico en el billete de 200 pesos. Ent\u00e9rate qui\u00e9n es. <\/em><\/p>\n\n\n\n<p><\/p>\n\n\n\n<figure class=\"wp-block-image size-large\"><img loading=\"lazy\" decoding=\"async\" width=\"1024\" height=\"576\" src=\"https:\/\/www.muyjujuy.com\/wp-content\/uploads\/2022\/05\/info-1024x576.jpg\" alt=\"\" class=\"wp-image-265\" title=\"Los nuevos billetes de Argentina 2022\" srcset=\"https:\/\/www.muyjujuy.com\/wp-content\/uploads\/2022\/05\/info-1024x576.jpg 1024w, https:\/\/www.muyjujuy.com\/wp-content\/uploads\/2022\/05\/info-300x169.jpg 300w, https:\/\/www.muyjujuy.com\/wp-content\/uploads\/2022\/05\/info-768x432.jpg 768w, https:\/\/www.muyjujuy.com\/wp-content\/uploads\/2022\/05\/info-1536x864.jpg 1536w, https:\/\/www.muyjujuy.com\/wp-content\/uploads\/2022\/05\/info-150x84.jpg 150w, https:\/\/www.muyjujuy.com\/wp-content\/uploads\/2022\/05\/info-696x392.jpg 696w, https:\/\/www.muyjujuy.com\/wp-content\/uploads\/2022\/05\/info-1068x601.jpg 1068w, https:\/\/www.muyjujuy.com\/wp-content\/uploads\/2022\/05\/info.jpg 1920w\" sizes=\"auto, (max-width: 1024px) 100vw, 1024px\" \/><\/figure>\n\n\n\n<p>Se trata de un referente hist\u00f3rico cuya imagen se ver\u00e1 en el nuevo billete de 200 pesos. Entre las proezas del referente norte\u00f1o, destacan la batalla que libr\u00f3 con recursos limitados deteniendo seis invasiones del ejercito espa\u00f1ol. <strong>&#8220;Yo no pretendo ni glorias, ni homenajes, yo s\u00f3lo trabajo por la libertad de mi Patria&#8221;<\/strong> fue una de sus frases m\u00e1s recordadas. <\/p>\n\n\n\n<p>Nacido en Salta el 8 de febrero de 1785, Mart\u00edn Miguel G\u00fcemes tuvo una temprana adhesi\u00f3n a las fuerzas militares. De su reconocida trayectoria militar destacan su participaci\u00f3n durante las invasiones inglesas, las campa\u00f1as al Alto Per\u00fa y su protagonismo la Guerra Gaucha. El General ejerci\u00f3 un rol clave en la guerra de independencia de la Argentina, frenando la invasi\u00f3n de las fuerzas realistas. Tambi\u00e9n fue gobernador de Salta durante 6 a\u00f1os. El 17 de junio de 1821, a los 36 a\u00f1os falleci\u00f3 en la Ca\u00f1ada de la Horqueta, un paraje cercano a la ciudad capital.<\/p>\n\n\n\n<p>En la presentaci\u00f3n, el Presidente tambi\u00e9n dio a conocer la inclusi\u00f3n de personalidades hist\u00f3ricas del g\u00e9nero femenino. Entre ellas est\u00e1n Juana Azurduy, Mar\u00eda Remedios del Valle y Eva Per\u00f3n-que ya estaba- con un nuevo dise\u00f1o. Las primeras dos referentes figuran por primera vez en la moneda nacional. Ambas tuvieron una labor destacada durante las guerras de independencia del virreinato del R\u00edo de la Plata contra la corona espa\u00f1ola. La primera aparece acompa\u00f1ando al referente hist\u00f3rico en el nuevo billete de 200 pesos. Y la segunda se ver\u00e1 a la par de Manuel Belgrano. <\/p>\n\n\n\n<p>El viernes pasado, Alberto Fern\u00e1ndez &#8220;<strong>Lo que estamos haciendo es volver a poner en los billetes a nuestros pr\u00f3ceres y hero\u00ednas, a los hombres y las mujeres que hicieron historia en la Argentina. Con esto recuperamos identidad social\u201d<\/strong>. El acto se realiz\u00f3 en el Sal\u00f3n del Bicentenario y junto al primer mandatario estuvieron: la titular de la Administraci\u00f3n Federal de Ingresos P\u00fablicos (AFIP), Mercedes Marc\u00f3 del Pont y el presidente del Banco Central (BCRA), Miguel \u00c1ngel Pesce. <\/p>\n\n\n\n<p><\/p>\n\n\n\n<p>Enterate de todo lo que sucede en la Provincia en <a href=\"http:\/\/www.muyjujuy.com\">Muy Jujuy<\/a><a href=\"https:\/\/www.lanacion.com.ar\/economia\/nueva-moneda-o-nueva-unidad-monetaria-nid28042022\/\" target=\"_blank\" rel=\"noreferrer noopener\"><\/a><\/p>\n","protected":false},"excerpt":{"rendered":"<p>Entre las proezas, destacan la batalla que libr\u00f3 con recursos limitados deteniendo seis invasiones del ejercito espa\u00f1ol. <\/p>\n","protected":false},"author":3,"featured_media":266,"comment_status":"open","ping_status":"open","sticky":false,"template":"","format":"standard","meta":{"footnotes":""},"categories":[24],"tags":[404,400,398,402,401,399],"class_list":{"0":"post-264","1":"post","2":"type-post","3":"status-publish","4":"format-standard","5":"has-post-thumbnail","7":"category-politica","8":"tag-alberto-fernandez-2","9":"tag-azurduy","10":"tag-billetes","11":"tag-gobierno","12":"tag-guemes","13":"tag-noa"},"yoast_head":"<!-- This site is optimized with the Yoast SEO plugin v27.5 - https:\/\/yoast.com\/product\/yoast-seo-wordpress\/ -->\n<title>Un referente del NOA aparece en los nuevos billetes - Muy Jujuy<\/title>\n<meta name=\"description\" content=\"Se trata de un referente hist\u00f3rico cuya imagen se ver\u00e1 en el nuevo billete de 200 pesos. &quot;Yo no pretendo ni glorias, ni homenajes, yo s\u00f3lo trabajo por la libertad de mi Patria&quot; fue una de sus frases m\u00e1s recordadas.\" \/>\n<meta name=\"robots\" content=\"index, follow, max-snippet:-1, max-image-preview:large, max-video-preview:-1\" \/>\n<link rel=\"canonical\" href=\"https:\/\/www.muyjujuy.com\/index.php\/2022\/05\/23\/un-referente-del-noa-aparece-en-los-nuevos-billetes\/\" \/>\n<meta property=\"og:locale\" content=\"es_ES\" \/>\n<meta property=\"og:type\" content=\"article\" \/>\n<meta property=\"og:title\" content=\"Un referente del NOA aparece en los nuevos billetes - Muy Jujuy\" \/>\n<meta property=\"og:description\" content=\"Se trata de un referente hist\u00f3rico cuya imagen se ver\u00e1 en el nuevo billete de 200 pesos. &quot;Yo no pretendo ni glorias, ni homenajes, yo s\u00f3lo trabajo por la libertad de mi Patria&quot; fue una de sus frases m\u00e1s recordadas.\" \/>\n<meta property=\"og:url\" content=\"https:\/\/www.muyjujuy.com\/index.php\/2022\/05\/23\/un-referente-del-noa-aparece-en-los-nuevos-billetes\/\" \/>\n<meta property=\"og:site_name\" content=\"Muy Jujuy\" \/>\n<meta property=\"article:publisher\" content=\"https:\/\/www.facebook.com\/muyjujuycom\" \/>\n<meta property=\"article:published_time\" content=\"2022-05-23T23:27:13+00:00\" \/>\n<meta property=\"article:modified_time\" content=\"2022-05-24T15:49:30+00:00\" \/>\n<meta property=\"og:image\" content=\"https:\/\/www.muyjujuy.com\/wp-content\/uploads\/2022\/05\/info-1.jpg\" \/>\n\t<meta property=\"og:image:width\" content=\"1920\" \/>\n\t<meta property=\"og:image:height\" content=\"1080\" \/>\n\t<meta property=\"og:image:type\" content=\"image\/jpeg\" \/>\n<meta name=\"author\" content=\"Redacci\u00f3n Muy Jujuy\" \/>\n<meta name=\"twitter:card\" content=\"summary_large_image\" \/>\n<meta name=\"twitter:creator\" content=\"@muyjujuy\" \/>\n<meta name=\"twitter:site\" content=\"@muyjujuy\" \/>\n<meta name=\"twitter:label1\" content=\"Escrito por\" \/>\n\t<meta name=\"twitter:data1\" content=\"Redacci\u00f3n Muy Jujuy\" \/>\n\t<meta name=\"twitter:label2\" content=\"Tiempo de lectura\" \/>\n\t<meta name=\"twitter:data2\" content=\"2 minutos\" \/>\n<script type=\"application\/ld+json\" class=\"yoast-schema-graph\">{\"@context\":\"https:\\\/\\\/schema.org\",\"@graph\":[{\"@type\":\"Article\",\"@id\":\"https:\\\/\\\/www.muyjujuy.com\\\/index.php\\\/2022\\\/05\\\/23\\\/un-referente-del-noa-aparece-en-los-nuevos-billetes\\\/#article\",\"isPartOf\":{\"@id\":\"https:\\\/\\\/www.muyjujuy.com\\\/index.php\\\/2022\\\/05\\\/23\\\/un-referente-del-noa-aparece-en-los-nuevos-billetes\\\/\"},\"author\":{\"name\":\"Redacci\u00f3n Muy Jujuy\",\"@id\":\"https:\\\/\\\/www.muyjujuy.com\\\/#\\\/schema\\\/person\\\/1d0f6e223ccea9e3f9034c1a5b683bf2\"},\"headline\":\"Un referente del NOA aparece en los nuevos billetes\",\"datePublished\":\"2022-05-23T23:27:13+00:00\",\"dateModified\":\"2022-05-24T15:49:30+00:00\",\"mainEntityOfPage\":{\"@id\":\"https:\\\/\\\/www.muyjujuy.com\\\/index.php\\\/2022\\\/05\\\/23\\\/un-referente-del-noa-aparece-en-los-nuevos-billetes\\\/\"},\"wordCount\":406,\"commentCount\":0,\"publisher\":{\"@id\":\"https:\\\/\\\/www.muyjujuy.com\\\/#organization\"},\"image\":{\"@id\":\"https:\\\/\\\/www.muyjujuy.com\\\/index.php\\\/2022\\\/05\\\/23\\\/un-referente-del-noa-aparece-en-los-nuevos-billetes\\\/#primaryimage\"},\"thumbnailUrl\":\"https:\\\/\\\/www.muyjujuy.com\\\/wp-content\\\/uploads\\\/2022\\\/05\\\/info-1.jpg\",\"keywords\":[\"Alberto Fernandez\",\"Azurduy\",\"Billetes\",\"Gobierno\",\"Guemes\",\"Noa\"],\"articleSection\":[\"Pol\u00edtica\"],\"inLanguage\":\"es-AR\",\"potentialAction\":[{\"@type\":\"CommentAction\",\"name\":\"Comment\",\"target\":[\"https:\\\/\\\/www.muyjujuy.com\\\/index.php\\\/2022\\\/05\\\/23\\\/un-referente-del-noa-aparece-en-los-nuevos-billetes\\\/#respond\"]}]},{\"@type\":\"WebPage\",\"@id\":\"https:\\\/\\\/www.muyjujuy.com\\\/index.php\\\/2022\\\/05\\\/23\\\/un-referente-del-noa-aparece-en-los-nuevos-billetes\\\/\",\"url\":\"https:\\\/\\\/www.muyjujuy.com\\\/index.php\\\/2022\\\/05\\\/23\\\/un-referente-del-noa-aparece-en-los-nuevos-billetes\\\/\",\"name\":\"Un referente del NOA aparece en los nuevos billetes - Muy Jujuy\",\"isPartOf\":{\"@id\":\"https:\\\/\\\/www.muyjujuy.com\\\/#website\"},\"primaryImageOfPage\":{\"@id\":\"https:\\\/\\\/www.muyjujuy.com\\\/index.php\\\/2022\\\/05\\\/23\\\/un-referente-del-noa-aparece-en-los-nuevos-billetes\\\/#primaryimage\"},\"image\":{\"@id\":\"https:\\\/\\\/www.muyjujuy.com\\\/index.php\\\/2022\\\/05\\\/23\\\/un-referente-del-noa-aparece-en-los-nuevos-billetes\\\/#primaryimage\"},\"thumbnailUrl\":\"https:\\\/\\\/www.muyjujuy.com\\\/wp-content\\\/uploads\\\/2022\\\/05\\\/info-1.jpg\",\"datePublished\":\"2022-05-23T23:27:13+00:00\",\"dateModified\":\"2022-05-24T15:49:30+00:00\",\"description\":\"Se trata de un referente hist\u00f3rico cuya imagen se ver\u00e1 en el nuevo billete de 200 pesos. \\\"Yo no pretendo ni glorias, ni homenajes, yo s\u00f3lo trabajo por la libertad de mi Patria\\\" fue una de sus frases m\u00e1s recordadas.\",\"breadcrumb\":{\"@id\":\"https:\\\/\\\/www.muyjujuy.com\\\/index.php\\\/2022\\\/05\\\/23\\\/un-referente-del-noa-aparece-en-los-nuevos-billetes\\\/#breadcrumb\"},\"inLanguage\":\"es-AR\",\"potentialAction\":[{\"@type\":\"ReadAction\",\"target\":[\"https:\\\/\\\/www.muyjujuy.com\\\/index.php\\\/2022\\\/05\\\/23\\\/un-referente-del-noa-aparece-en-los-nuevos-billetes\\\/\"]}]},{\"@type\":\"ImageObject\",\"inLanguage\":\"es-AR\",\"@id\":\"https:\\\/\\\/www.muyjujuy.com\\\/index.php\\\/2022\\\/05\\\/23\\\/un-referente-del-noa-aparece-en-los-nuevos-billetes\\\/#primaryimage\",\"url\":\"https:\\\/\\\/www.muyjujuy.com\\\/wp-content\\\/uploads\\\/2022\\\/05\\\/info-1.jpg\",\"contentUrl\":\"https:\\\/\\\/www.muyjujuy.com\\\/wp-content\\\/uploads\\\/2022\\\/05\\\/info-1.jpg\",\"width\":1920,\"height\":1080},{\"@type\":\"BreadcrumbList\",\"@id\":\"https:\\\/\\\/www.muyjujuy.com\\\/index.php\\\/2022\\\/05\\\/23\\\/un-referente-del-noa-aparece-en-los-nuevos-billetes\\\/#breadcrumb\",\"itemListElement\":[{\"@type\":\"ListItem\",\"position\":1,\"name\":\"Inicio\",\"item\":\"https:\\\/\\\/www.muyjujuy.com\\\/\"},{\"@type\":\"ListItem\",\"position\":2,\"name\":\"Un referente del NOA aparece en los nuevos billetes\"}]},{\"@type\":\"WebSite\",\"@id\":\"https:\\\/\\\/www.muyjujuy.com\\\/#website\",\"url\":\"https:\\\/\\\/www.muyjujuy.com\\\/\",\"name\":\"Muy Jujuy\",\"description\":\"\",\"publisher\":{\"@id\":\"https:\\\/\\\/www.muyjujuy.com\\\/#organization\"},\"potentialAction\":[{\"@type\":\"SearchAction\",\"target\":{\"@type\":\"EntryPoint\",\"urlTemplate\":\"https:\\\/\\\/www.muyjujuy.com\\\/?s={search_term_string}\"},\"query-input\":{\"@type\":\"PropertyValueSpecification\",\"valueRequired\":true,\"valueName\":\"search_term_string\"}}],\"inLanguage\":\"es-AR\"},{\"@type\":\"Organization\",\"@id\":\"https:\\\/\\\/www.muyjujuy.com\\\/#organization\",\"name\":\"Muy Jujuy\",\"url\":\"https:\\\/\\\/www.muyjujuy.com\\\/\",\"logo\":{\"@type\":\"ImageObject\",\"inLanguage\":\"es-AR\",\"@id\":\"https:\\\/\\\/www.muyjujuy.com\\\/#\\\/schema\\\/logo\\\/image\\\/\",\"url\":\"http:\\\/\\\/www.muyjujuy.com\\\/wp-content\\\/uploads\\\/2022\\\/05\\\/logo-mobil-jujuy.png\",\"contentUrl\":\"http:\\\/\\\/www.muyjujuy.com\\\/wp-content\\\/uploads\\\/2022\\\/05\\\/logo-mobil-jujuy.png\",\"width\":174,\"height\":81,\"caption\":\"Muy Jujuy\"},\"image\":{\"@id\":\"https:\\\/\\\/www.muyjujuy.com\\\/#\\\/schema\\\/logo\\\/image\\\/\"},\"sameAs\":[\"https:\\\/\\\/www.facebook.com\\\/muyjujuycom\",\"https:\\\/\\\/x.com\\\/muyjujuy\",\"https:\\\/\\\/www.instagram.com\\\/muyjujuycom\"]},{\"@type\":\"Person\",\"@id\":\"https:\\\/\\\/www.muyjujuy.com\\\/#\\\/schema\\\/person\\\/1d0f6e223ccea9e3f9034c1a5b683bf2\",\"name\":\"Redacci\u00f3n Muy Jujuy\",\"image\":{\"@type\":\"ImageObject\",\"inLanguage\":\"es-AR\",\"@id\":\"https:\\\/\\\/secure.gravatar.com\\\/avatar\\\/fec5f6f1893d741ed5eecccff109ce43e67a855411202a3212a058cb8e5c27d4?s=96&d=mm&r=g\",\"url\":\"https:\\\/\\\/secure.gravatar.com\\\/avatar\\\/fec5f6f1893d741ed5eecccff109ce43e67a855411202a3212a058cb8e5c27d4?s=96&d=mm&r=g\",\"contentUrl\":\"https:\\\/\\\/secure.gravatar.com\\\/avatar\\\/fec5f6f1893d741ed5eecccff109ce43e67a855411202a3212a058cb8e5c27d4?s=96&d=mm&r=g\",\"caption\":\"Redacci\u00f3n Muy Jujuy\"},\"url\":\"https:\\\/\\\/www.muyjujuy.com\\\/index.php\\\/author\\\/editor\\\/\"}]}<\/script>\n<!-- \/ Yoast SEO plugin. -->","yoast_head_json":{"title":"Un referente del NOA aparece en los nuevos billetes - Muy Jujuy","description":"Se trata de un referente hist\u00f3rico cuya imagen se ver\u00e1 en el nuevo billete de 200 pesos. \"Yo no pretendo ni glorias, ni homenajes, yo s\u00f3lo trabajo por la libertad de mi Patria\" fue una de sus frases m\u00e1s recordadas.","robots":{"index":"index","follow":"follow","max-snippet":"max-snippet:-1","max-image-preview":"max-image-preview:large","max-video-preview":"max-video-preview:-1"},"canonical":"https:\/\/www.muyjujuy.com\/index.php\/2022\/05\/23\/un-referente-del-noa-aparece-en-los-nuevos-billetes\/","og_locale":"es_ES","og_type":"article","og_title":"Un referente del NOA aparece en los nuevos billetes - Muy Jujuy","og_description":"Se trata de un referente hist\u00f3rico cuya imagen se ver\u00e1 en el nuevo billete de 200 pesos. \"Yo no pretendo ni glorias, ni homenajes, yo s\u00f3lo trabajo por la libertad de mi Patria\" fue una de sus frases m\u00e1s recordadas.","og_url":"https:\/\/www.muyjujuy.com\/index.php\/2022\/05\/23\/un-referente-del-noa-aparece-en-los-nuevos-billetes\/","og_site_name":"Muy Jujuy","article_publisher":"https:\/\/www.facebook.com\/muyjujuycom","article_published_time":"2022-05-23T23:27:13+00:00","article_modified_time":"2022-05-24T15:49:30+00:00","og_image":[{"width":1920,"height":1080,"url":"https:\/\/www.muyjujuy.com\/wp-content\/uploads\/2022\/05\/info-1.jpg","type":"image\/jpeg"}],"author":"Redacci\u00f3n Muy Jujuy","twitter_card":"summary_large_image","twitter_creator":"@muyjujuy","twitter_site":"@muyjujuy","twitter_misc":{"Escrito por":"Redacci\u00f3n Muy Jujuy","Tiempo de lectura":"2 minutos"},"schema":{"@context":"https:\/\/schema.org","@graph":[{"@type":"Article","@id":"https:\/\/www.muyjujuy.com\/index.php\/2022\/05\/23\/un-referente-del-noa-aparece-en-los-nuevos-billetes\/#article","isPartOf":{"@id":"https:\/\/www.muyjujuy.com\/index.php\/2022\/05\/23\/un-referente-del-noa-aparece-en-los-nuevos-billetes\/"},"author":{"name":"Redacci\u00f3n Muy Jujuy","@id":"https:\/\/www.muyjujuy.com\/#\/schema\/person\/1d0f6e223ccea9e3f9034c1a5b683bf2"},"headline":"Un referente del NOA aparece en los nuevos billetes","datePublished":"2022-05-23T23:27:13+00:00","dateModified":"2022-05-24T15:49:30+00:00","mainEntityOfPage":{"@id":"https:\/\/www.muyjujuy.com\/index.php\/2022\/05\/23\/un-referente-del-noa-aparece-en-los-nuevos-billetes\/"},"wordCount":406,"commentCount":0,"publisher":{"@id":"https:\/\/www.muyjujuy.com\/#organization"},"image":{"@id":"https:\/\/www.muyjujuy.com\/index.php\/2022\/05\/23\/un-referente-del-noa-aparece-en-los-nuevos-billetes\/#primaryimage"},"thumbnailUrl":"https:\/\/www.muyjujuy.com\/wp-content\/uploads\/2022\/05\/info-1.jpg","keywords":["Alberto Fernandez","Azurduy","Billetes","Gobierno","Guemes","Noa"],"articleSection":["Pol\u00edtica"],"inLanguage":"es-AR","potentialAction":[{"@type":"CommentAction","name":"Comment","target":["https:\/\/www.muyjujuy.com\/index.php\/2022\/05\/23\/un-referente-del-noa-aparece-en-los-nuevos-billetes\/#respond"]}]},{"@type":"WebPage","@id":"https:\/\/www.muyjujuy.com\/index.php\/2022\/05\/23\/un-referente-del-noa-aparece-en-los-nuevos-billetes\/","url":"https:\/\/www.muyjujuy.com\/index.php\/2022\/05\/23\/un-referente-del-noa-aparece-en-los-nuevos-billetes\/","name":"Un referente del NOA aparece en los nuevos billetes - Muy Jujuy","isPartOf":{"@id":"https:\/\/www.muyjujuy.com\/#website"},"primaryImageOfPage":{"@id":"https:\/\/www.muyjujuy.com\/index.php\/2022\/05\/23\/un-referente-del-noa-aparece-en-los-nuevos-billetes\/#primaryimage"},"image":{"@id":"https:\/\/www.muyjujuy.com\/index.php\/2022\/05\/23\/un-referente-del-noa-aparece-en-los-nuevos-billetes\/#primaryimage"},"thumbnailUrl":"https:\/\/www.muyjujuy.com\/wp-content\/uploads\/2022\/05\/info-1.jpg","datePublished":"2022-05-23T23:27:13+00:00","dateModified":"2022-05-24T15:49:30+00:00","description":"Se trata de un referente hist\u00f3rico cuya imagen se ver\u00e1 en el nuevo billete de 200 pesos. \"Yo no pretendo ni glorias, ni homenajes, yo s\u00f3lo trabajo por la libertad de mi Patria\" fue una de sus frases m\u00e1s recordadas.","breadcrumb":{"@id":"https:\/\/www.muyjujuy.com\/index.php\/2022\/05\/23\/un-referente-del-noa-aparece-en-los-nuevos-billetes\/#breadcrumb"},"inLanguage":"es-AR","potentialAction":[{"@type":"ReadAction","target":["https:\/\/www.muyjujuy.com\/index.php\/2022\/05\/23\/un-referente-del-noa-aparece-en-los-nuevos-billetes\/"]}]},{"@type":"ImageObject","inLanguage":"es-AR","@id":"https:\/\/www.muyjujuy.com\/index.php\/2022\/05\/23\/un-referente-del-noa-aparece-en-los-nuevos-billetes\/#primaryimage","url":"https:\/\/www.muyjujuy.com\/wp-content\/uploads\/2022\/05\/info-1.jpg","contentUrl":"https:\/\/www.muyjujuy.com\/wp-content\/uploads\/2022\/05\/info-1.jpg","width":1920,"height":1080},{"@type":"BreadcrumbList","@id":"https:\/\/www.muyjujuy.com\/index.php\/2022\/05\/23\/un-referente-del-noa-aparece-en-los-nuevos-billetes\/#breadcrumb","itemListElement":[{"@type":"ListItem","position":1,"name":"Inicio","item":"https:\/\/www.muyjujuy.com\/"},{"@type":"ListItem","position":2,"name":"Un referente del NOA aparece en los nuevos billetes"}]},{"@type":"WebSite","@id":"https:\/\/www.muyjujuy.com\/#website","url":"https:\/\/www.muyjujuy.com\/","name":"Muy Jujuy","description":"","publisher":{"@id":"https:\/\/www.muyjujuy.com\/#organization"},"potentialAction":[{"@type":"SearchAction","target":{"@type":"EntryPoint","urlTemplate":"https:\/\/www.muyjujuy.com\/?s={search_term_string}"},"query-input":{"@type":"PropertyValueSpecification","valueRequired":true,"valueName":"search_term_string"}}],"inLanguage":"es-AR"},{"@type":"Organization","@id":"https:\/\/www.muyjujuy.com\/#organization","name":"Muy Jujuy","url":"https:\/\/www.muyjujuy.com\/","logo":{"@type":"ImageObject","inLanguage":"es-AR","@id":"https:\/\/www.muyjujuy.com\/#\/schema\/logo\/image\/","url":"http:\/\/www.muyjujuy.com\/wp-content\/uploads\/2022\/05\/logo-mobil-jujuy.png","contentUrl":"http:\/\/www.muyjujuy.com\/wp-content\/uploads\/2022\/05\/logo-mobil-jujuy.png","width":174,"height":81,"caption":"Muy Jujuy"},"image":{"@id":"https:\/\/www.muyjujuy.com\/#\/schema\/logo\/image\/"},"sameAs":["https:\/\/www.facebook.com\/muyjujuycom","https:\/\/x.com\/muyjujuy","https:\/\/www.instagram.com\/muyjujuycom"]},{"@type":"Person","@id":"https:\/\/www.muyjujuy.com\/#\/schema\/person\/1d0f6e223ccea9e3f9034c1a5b683bf2","name":"Redacci\u00f3n Muy Jujuy","image":{"@type":"ImageObject","inLanguage":"es-AR","@id":"https:\/\/secure.gravatar.com\/avatar\/fec5f6f1893d741ed5eecccff109ce43e67a855411202a3212a058cb8e5c27d4?s=96&d=mm&r=g","url":"https:\/\/secure.gravatar.com\/avatar\/fec5f6f1893d741ed5eecccff109ce43e67a855411202a3212a058cb8e5c27d4?s=96&d=mm&r=g","contentUrl":"https:\/\/secure.gravatar.com\/avatar\/fec5f6f1893d741ed5eecccff109ce43e67a855411202a3212a058cb8e5c27d4?s=96&d=mm&r=g","caption":"Redacci\u00f3n Muy Jujuy"},"url":"https:\/\/www.muyjujuy.com\/index.php\/author\/editor\/"}]}},"_links":{"self":[{"href":"https:\/\/www.muyjujuy.com\/index.php\/wp-json\/wp\/v2\/posts\/264","targetHints":{"allow":["GET"]}}],"collection":[{"href":"https:\/\/www.muyjujuy.com\/index.php\/wp-json\/wp\/v2\/posts"}],"about":[{"href":"https:\/\/www.muyjujuy.com\/index.php\/wp-json\/wp\/v2\/types\/post"}],"author":[{"embeddable":true,"href":"https:\/\/www.muyjujuy.com\/index.php\/wp-json\/wp\/v2\/users\/3"}],"replies":[{"embeddable":true,"href":"https:\/\/www.muyjujuy.com\/index.php\/wp-json\/wp\/v2\/comments?post=264"}],"version-history":[{"count":5,"href":"https:\/\/www.muyjujuy.com\/index.php\/wp-json\/wp\/v2\/posts\/264\/revisions"}],"predecessor-version":[{"id":276,"href":"https:\/\/www.muyjujuy.com\/index.php\/wp-json\/wp\/v2\/posts\/264\/revisions\/276"}],"wp:featuredmedia":[{"embeddable":true,"href":"https:\/\/www.muyjujuy.com\/index.php\/wp-json\/wp\/v2\/media\/266"}],"wp:attachment":[{"href":"https:\/\/www.muyjujuy.com\/index.php\/wp-json\/wp\/v2\/media?parent=264"}],"wp:term":[{"taxonomy":"category","embeddable":true,"href":"https:\/\/www.muyjujuy.com\/index.php\/wp-json\/wp\/v2\/categories?post=264"},{"taxonomy":"post_tag","embeddable":true,"href":"https:\/\/www.muyjujuy.com\/index.php\/wp-json\/wp\/v2\/tags?post=264"}],"curies":[{"name":"wp","href":"https:\/\/api.w.org\/{rel}","templated":true}]}}