{"id":2640,"date":"2025-07-03T10:36:29","date_gmt":"2025-07-03T13:36:29","guid":{"rendered":"https:\/\/www.muyjujuy.com\/?p=2640"},"modified":"2025-07-03T10:36:29","modified_gmt":"2025-07-03T13:36:29","slug":"la-sensacion-termica-alcanzo-los-42c-en-san-salvador-de-jujuy-conoce-el-pronostico-para-los-proximos-dias","status":"publish","type":"post","link":"https:\/\/www.muyjujuy.com\/index.php\/2025\/07\/03\/la-sensacion-termica-alcanzo-los-42c-en-san-salvador-de-jujuy-conoce-el-pronostico-para-los-proximos-dias\/","title":{"rendered":"La sensaci\u00f3n t\u00e9rmica alcanz\u00f3 los -4,2\u00b0C en San Salvador de Jujuy: conoc\u00e9 el pron\u00f3stico para los pr\u00f3ximos d\u00edas"},"content":{"rendered":"\n<p><strong>El invierno se manifiesta con intensidad en la provincia<\/strong>, y este <strong>jueves 3 de julio<\/strong>, en <strong>San Salvador de Jujuy y zonas aleda\u00f1as<\/strong>, la <strong>sensaci\u00f3n t\u00e9rmica descendi\u00f3 a -4,2\u00b0C<\/strong>, mientras que la <strong>temperatura m\u00ednima registrada fue de -0,5\u00b0C<\/strong>. En paralelo, <strong>las regiones de Valles y Yungas<\/strong> permanecen bajo <strong>alerta naranja<\/strong> por <strong>bajas temperaturas extremas<\/strong> durante toda la jornada.<\/p>\n\n\n\n<p><strong>San Pedro de Jujuy, Libertador General San Mart\u00edn, El Carmen, Palpal\u00e1, Perico, San Antonio y Fraile Pintado<\/strong> se encuentran entre las localidades que, junto a la capital provincial, <strong>registraron valores por debajo de cero grados<\/strong>.<\/p>\n\n\n\n<p><strong>El Servicio Meteorol\u00f3gico Nacional informa que para este jueves<\/strong>, la <strong>temperatura m\u00e1xima<\/strong> en <strong>San Salvador de Jujuy y alrededores<\/strong> alcanzar\u00e1 los <strong>15\u00b0C<\/strong>. El <strong>cielo permanece despejado<\/strong>, y se espera un <strong>progresivo ascenso t\u00e9rmico<\/strong> a lo largo del d\u00eda.<\/p>\n\n\n\n<p><strong>Para el viernes 4 de julio<\/strong>, se anticipa una <strong>m\u00ednima de 8\u00b0C<\/strong> y una <strong>m\u00e1xima de 19\u00b0C<\/strong>, con un panorama meteorol\u00f3gico de <strong>cielo despejado a parcialmente nublado<\/strong>.<\/p>\n\n\n\n<p><strong>El s\u00e1bado 5 de julio<\/strong> presentar\u00e1 una <strong>m\u00ednima estimada en 5\u00b0C<\/strong> y una <strong>m\u00e1xima nuevamente en 19\u00b0C<\/strong>, con el cielo <strong>mayormente parcial nublado<\/strong>.<\/p>\n\n\n\n<p><strong>El domingo 6 de julio<\/strong>, en tanto, tendr\u00e1 <strong>temperaturas que oscilar\u00e1n entre los 8\u00b0C y 17\u00b0C<\/strong>, con condiciones de <strong>cielo algo nublado a despejado<\/strong>.<\/p>\n\n\n\n<p><strong>A partir del lunes 7 de julio<\/strong>, se prev\u00e9 que las <strong>temperaturas m\u00e1ximas superen los 20\u00b0C<\/strong>, marcando un leve ascenso t\u00e9rmico en la regi\u00f3n.<\/p>\n","protected":false},"excerpt":{"rendered":"<p>El invierno se manifiesta con intensidad en la provincia, y este jueves 3 de julio, en San Salvador de Jujuy y zonas aleda\u00f1as, la sensaci\u00f3n t\u00e9rmica descendi\u00f3 a -4,2\u00b0C, mientras que la temperatura m\u00ednima registrada fue de -0,5\u00b0C. En paralelo, las regiones de Valles y Yungas permanecen bajo alerta naranja por bajas temperaturas extremas durante [&hellip;]<\/p>\n","protected":false},"author":1,"featured_media":2641,"comment_status":"open","ping_status":"open","sticky":false,"template":"","format":"standard","meta":{"footnotes":""},"categories":[863,25],"tags":[],"class_list":{"0":"post-2640","1":"post","2":"type-post","3":"status-publish","4":"format-standard","5":"has-post-thumbnail","7":"category-jujuy","8":"category-sociedad"},"yoast_head":"<!-- This site is optimized with the Yoast SEO plugin v27.5 - https:\/\/yoast.com\/product\/yoast-seo-wordpress\/ -->\n<title>La sensaci\u00f3n t\u00e9rmica alcanz\u00f3 los -4,2\u00b0C en San Salvador de Jujuy: conoc\u00e9 el pron\u00f3stico para los pr\u00f3ximos d\u00edas - Muy Jujuy<\/title>\n<meta name=\"robots\" content=\"index, follow, max-snippet:-1, max-image-preview:large, max-video-preview:-1\" \/>\n<link rel=\"canonical\" href=\"https:\/\/www.muyjujuy.com\/index.php\/2025\/07\/03\/la-sensacion-termica-alcanzo-los-42c-en-san-salvador-de-jujuy-conoce-el-pronostico-para-los-proximos-dias\/\" \/>\n<meta property=\"og:locale\" content=\"es_ES\" \/>\n<meta property=\"og:type\" content=\"article\" \/>\n<meta property=\"og:title\" content=\"La sensaci\u00f3n t\u00e9rmica alcanz\u00f3 los -4,2\u00b0C en San Salvador de Jujuy: conoc\u00e9 el pron\u00f3stico para los pr\u00f3ximos d\u00edas - Muy Jujuy\" \/>\n<meta property=\"og:description\" content=\"El invierno se manifiesta con intensidad en la provincia, y este jueves 3 de julio, en San Salvador de Jujuy y zonas aleda\u00f1as, la sensaci\u00f3n t\u00e9rmica descendi\u00f3 a -4,2\u00b0C, mientras que la temperatura m\u00ednima registrada fue de -0,5\u00b0C. En paralelo, las regiones de Valles y Yungas permanecen bajo alerta naranja por bajas temperaturas extremas durante [&hellip;]\" \/>\n<meta property=\"og:url\" content=\"https:\/\/www.muyjujuy.com\/index.php\/2025\/07\/03\/la-sensacion-termica-alcanzo-los-42c-en-san-salvador-de-jujuy-conoce-el-pronostico-para-los-proximos-dias\/\" \/>\n<meta property=\"og:site_name\" content=\"Muy Jujuy\" \/>\n<meta property=\"article:publisher\" content=\"https:\/\/www.facebook.com\/muyjujuycom\" \/>\n<meta property=\"article:published_time\" content=\"2025-07-03T13:36:29+00:00\" \/>\n<meta name=\"author\" content=\"admin\" \/>\n<meta name=\"twitter:card\" content=\"summary_large_image\" \/>\n<meta name=\"twitter:creator\" content=\"@muyjujuy\" \/>\n<meta name=\"twitter:site\" content=\"@muyjujuy\" \/>\n<meta name=\"twitter:label1\" content=\"Escrito por\" \/>\n\t<meta name=\"twitter:data1\" content=\"admin\" \/>\n\t<meta name=\"twitter:label2\" content=\"Tiempo de lectura\" \/>\n\t<meta name=\"twitter:data2\" content=\"1 minuto\" \/>\n<script type=\"application\/ld+json\" class=\"yoast-schema-graph\">{\"@context\":\"https:\\\/\\\/schema.org\",\"@graph\":[{\"@type\":\"Article\",\"@id\":\"https:\\\/\\\/www.muyjujuy.com\\\/index.php\\\/2025\\\/07\\\/03\\\/la-sensacion-termica-alcanzo-los-42c-en-san-salvador-de-jujuy-conoce-el-pronostico-para-los-proximos-dias\\\/#article\",\"isPartOf\":{\"@id\":\"https:\\\/\\\/www.muyjujuy.com\\\/index.php\\\/2025\\\/07\\\/03\\\/la-sensacion-termica-alcanzo-los-42c-en-san-salvador-de-jujuy-conoce-el-pronostico-para-los-proximos-dias\\\/\"},\"author\":{\"name\":\"admin\",\"@id\":\"https:\\\/\\\/www.muyjujuy.com\\\/#\\\/schema\\\/person\\\/a3b63db1f387ec4149299954904c5bf0\"},\"headline\":\"La sensaci\u00f3n t\u00e9rmica alcanz\u00f3 los -4,2\u00b0C en San Salvador de Jujuy: conoc\u00e9 el pron\u00f3stico para los pr\u00f3ximos d\u00edas\",\"datePublished\":\"2025-07-03T13:36:29+00:00\",\"mainEntityOfPage\":{\"@id\":\"https:\\\/\\\/www.muyjujuy.com\\\/index.php\\\/2025\\\/07\\\/03\\\/la-sensacion-termica-alcanzo-los-42c-en-san-salvador-de-jujuy-conoce-el-pronostico-para-los-proximos-dias\\\/\"},\"wordCount\":269,\"commentCount\":0,\"publisher\":{\"@id\":\"https:\\\/\\\/www.muyjujuy.com\\\/#organization\"},\"image\":{\"@id\":\"https:\\\/\\\/www.muyjujuy.com\\\/index.php\\\/2025\\\/07\\\/03\\\/la-sensacion-termica-alcanzo-los-42c-en-san-salvador-de-jujuy-conoce-el-pronostico-para-los-proximos-dias\\\/#primaryimage\"},\"thumbnailUrl\":\"https:\\\/\\\/www.muyjujuy.com\\\/wp-content\\\/uploads\\\/2025\\\/07\\\/FRIO.jpg\",\"articleSection\":[\"JUJUY\",\"Sociedad\"],\"inLanguage\":\"es-AR\",\"potentialAction\":[{\"@type\":\"CommentAction\",\"name\":\"Comment\",\"target\":[\"https:\\\/\\\/www.muyjujuy.com\\\/index.php\\\/2025\\\/07\\\/03\\\/la-sensacion-termica-alcanzo-los-42c-en-san-salvador-de-jujuy-conoce-el-pronostico-para-los-proximos-dias\\\/#respond\"]}]},{\"@type\":\"WebPage\",\"@id\":\"https:\\\/\\\/www.muyjujuy.com\\\/index.php\\\/2025\\\/07\\\/03\\\/la-sensacion-termica-alcanzo-los-42c-en-san-salvador-de-jujuy-conoce-el-pronostico-para-los-proximos-dias\\\/\",\"url\":\"https:\\\/\\\/www.muyjujuy.com\\\/index.php\\\/2025\\\/07\\\/03\\\/la-sensacion-termica-alcanzo-los-42c-en-san-salvador-de-jujuy-conoce-el-pronostico-para-los-proximos-dias\\\/\",\"name\":\"La sensaci\u00f3n t\u00e9rmica alcanz\u00f3 los -4,2\u00b0C en San Salvador de Jujuy: conoc\u00e9 el pron\u00f3stico para los pr\u00f3ximos d\u00edas - Muy Jujuy\",\"isPartOf\":{\"@id\":\"https:\\\/\\\/www.muyjujuy.com\\\/#website\"},\"primaryImageOfPage\":{\"@id\":\"https:\\\/\\\/www.muyjujuy.com\\\/index.php\\\/2025\\\/07\\\/03\\\/la-sensacion-termica-alcanzo-los-42c-en-san-salvador-de-jujuy-conoce-el-pronostico-para-los-proximos-dias\\\/#primaryimage\"},\"image\":{\"@id\":\"https:\\\/\\\/www.muyjujuy.com\\\/index.php\\\/2025\\\/07\\\/03\\\/la-sensacion-termica-alcanzo-los-42c-en-san-salvador-de-jujuy-conoce-el-pronostico-para-los-proximos-dias\\\/#primaryimage\"},\"thumbnailUrl\":\"https:\\\/\\\/www.muyjujuy.com\\\/wp-content\\\/uploads\\\/2025\\\/07\\\/FRIO.jpg\",\"datePublished\":\"2025-07-03T13:36:29+00:00\",\"breadcrumb\":{\"@id\":\"https:\\\/\\\/www.muyjujuy.com\\\/index.php\\\/2025\\\/07\\\/03\\\/la-sensacion-termica-alcanzo-los-42c-en-san-salvador-de-jujuy-conoce-el-pronostico-para-los-proximos-dias\\\/#breadcrumb\"},\"inLanguage\":\"es-AR\",\"potentialAction\":[{\"@type\":\"ReadAction\",\"target\":[\"https:\\\/\\\/www.muyjujuy.com\\\/index.php\\\/2025\\\/07\\\/03\\\/la-sensacion-termica-alcanzo-los-42c-en-san-salvador-de-jujuy-conoce-el-pronostico-para-los-proximos-dias\\\/\"]}]},{\"@type\":\"ImageObject\",\"inLanguage\":\"es-AR\",\"@id\":\"https:\\\/\\\/www.muyjujuy.com\\\/index.php\\\/2025\\\/07\\\/03\\\/la-sensacion-termica-alcanzo-los-42c-en-san-salvador-de-jujuy-conoce-el-pronostico-para-los-proximos-dias\\\/#primaryimage\",\"url\":\"https:\\\/\\\/www.muyjujuy.com\\\/wp-content\\\/uploads\\\/2025\\\/07\\\/FRIO.jpg\",\"contentUrl\":\"https:\\\/\\\/www.muyjujuy.com\\\/wp-content\\\/uploads\\\/2025\\\/07\\\/FRIO.jpg\",\"width\":924,\"height\":541},{\"@type\":\"BreadcrumbList\",\"@id\":\"https:\\\/\\\/www.muyjujuy.com\\\/index.php\\\/2025\\\/07\\\/03\\\/la-sensacion-termica-alcanzo-los-42c-en-san-salvador-de-jujuy-conoce-el-pronostico-para-los-proximos-dias\\\/#breadcrumb\",\"itemListElement\":[{\"@type\":\"ListItem\",\"position\":1,\"name\":\"Inicio\",\"item\":\"https:\\\/\\\/www.muyjujuy.com\\\/\"},{\"@type\":\"ListItem\",\"position\":2,\"name\":\"La sensaci\u00f3n t\u00e9rmica alcanz\u00f3 los -4,2\u00b0C en San Salvador de Jujuy: conoc\u00e9 el pron\u00f3stico para los pr\u00f3ximos d\u00edas\"}]},{\"@type\":\"WebSite\",\"@id\":\"https:\\\/\\\/www.muyjujuy.com\\\/#website\",\"url\":\"https:\\\/\\\/www.muyjujuy.com\\\/\",\"name\":\"Muy Jujuy\",\"description\":\"\",\"publisher\":{\"@id\":\"https:\\\/\\\/www.muyjujuy.com\\\/#organization\"},\"potentialAction\":[{\"@type\":\"SearchAction\",\"target\":{\"@type\":\"EntryPoint\",\"urlTemplate\":\"https:\\\/\\\/www.muyjujuy.com\\\/?s={search_term_string}\"},\"query-input\":{\"@type\":\"PropertyValueSpecification\",\"valueRequired\":true,\"valueName\":\"search_term_string\"}}],\"inLanguage\":\"es-AR\"},{\"@type\":\"Organization\",\"@id\":\"https:\\\/\\\/www.muyjujuy.com\\\/#organization\",\"name\":\"Muy Jujuy\",\"url\":\"https:\\\/\\\/www.muyjujuy.com\\\/\",\"logo\":{\"@type\":\"ImageObject\",\"inLanguage\":\"es-AR\",\"@id\":\"https:\\\/\\\/www.muyjujuy.com\\\/#\\\/schema\\\/logo\\\/image\\\/\",\"url\":\"http:\\\/\\\/www.muyjujuy.com\\\/wp-content\\\/uploads\\\/2022\\\/05\\\/logo-mobil-jujuy.png\",\"contentUrl\":\"http:\\\/\\\/www.muyjujuy.com\\\/wp-content\\\/uploads\\\/2022\\\/05\\\/logo-mobil-jujuy.png\",\"width\":174,\"height\":81,\"caption\":\"Muy Jujuy\"},\"image\":{\"@id\":\"https:\\\/\\\/www.muyjujuy.com\\\/#\\\/schema\\\/logo\\\/image\\\/\"},\"sameAs\":[\"https:\\\/\\\/www.facebook.com\\\/muyjujuycom\",\"https:\\\/\\\/x.com\\\/muyjujuy\",\"https:\\\/\\\/www.instagram.com\\\/muyjujuycom\"]},{\"@type\":\"Person\",\"@id\":\"https:\\\/\\\/www.muyjujuy.com\\\/#\\\/schema\\\/person\\\/a3b63db1f387ec4149299954904c5bf0\",\"name\":\"admin\",\"image\":{\"@type\":\"ImageObject\",\"inLanguage\":\"es-AR\",\"@id\":\"https:\\\/\\\/secure.gravatar.com\\\/avatar\\\/b6e63d8d3a73633362405a0ad27e9c28391755813b59886f19a99d6cef8a03fc?s=96&d=mm&r=g\",\"url\":\"https:\\\/\\\/secure.gravatar.com\\\/avatar\\\/b6e63d8d3a73633362405a0ad27e9c28391755813b59886f19a99d6cef8a03fc?s=96&d=mm&r=g\",\"contentUrl\":\"https:\\\/\\\/secure.gravatar.com\\\/avatar\\\/b6e63d8d3a73633362405a0ad27e9c28391755813b59886f19a99d6cef8a03fc?s=96&d=mm&r=g\",\"caption\":\"admin\"},\"url\":\"https:\\\/\\\/www.muyjujuy.com\\\/index.php\\\/author\\\/soyeleditor\\\/\"}]}<\/script>\n<!-- \/ Yoast SEO plugin. -->","yoast_head_json":{"title":"La sensaci\u00f3n t\u00e9rmica alcanz\u00f3 los -4,2\u00b0C en San Salvador de Jujuy: conoc\u00e9 el pron\u00f3stico para los pr\u00f3ximos d\u00edas - Muy Jujuy","robots":{"index":"index","follow":"follow","max-snippet":"max-snippet:-1","max-image-preview":"max-image-preview:large","max-video-preview":"max-video-preview:-1"},"canonical":"https:\/\/www.muyjujuy.com\/index.php\/2025\/07\/03\/la-sensacion-termica-alcanzo-los-42c-en-san-salvador-de-jujuy-conoce-el-pronostico-para-los-proximos-dias\/","og_locale":"es_ES","og_type":"article","og_title":"La sensaci\u00f3n t\u00e9rmica alcanz\u00f3 los -4,2\u00b0C en San Salvador de Jujuy: conoc\u00e9 el pron\u00f3stico para los pr\u00f3ximos d\u00edas - Muy Jujuy","og_description":"El invierno se manifiesta con intensidad en la provincia, y este jueves 3 de julio, en San Salvador de Jujuy y zonas aleda\u00f1as, la sensaci\u00f3n t\u00e9rmica descendi\u00f3 a -4,2\u00b0C, mientras que la temperatura m\u00ednima registrada fue de -0,5\u00b0C. En paralelo, las regiones de Valles y Yungas permanecen bajo alerta naranja por bajas temperaturas extremas durante [&hellip;]","og_url":"https:\/\/www.muyjujuy.com\/index.php\/2025\/07\/03\/la-sensacion-termica-alcanzo-los-42c-en-san-salvador-de-jujuy-conoce-el-pronostico-para-los-proximos-dias\/","og_site_name":"Muy Jujuy","article_publisher":"https:\/\/www.facebook.com\/muyjujuycom","article_published_time":"2025-07-03T13:36:29+00:00","author":"admin","twitter_card":"summary_large_image","twitter_creator":"@muyjujuy","twitter_site":"@muyjujuy","twitter_misc":{"Escrito por":"admin","Tiempo de lectura":"1 minuto"},"schema":{"@context":"https:\/\/schema.org","@graph":[{"@type":"Article","@id":"https:\/\/www.muyjujuy.com\/index.php\/2025\/07\/03\/la-sensacion-termica-alcanzo-los-42c-en-san-salvador-de-jujuy-conoce-el-pronostico-para-los-proximos-dias\/#article","isPartOf":{"@id":"https:\/\/www.muyjujuy.com\/index.php\/2025\/07\/03\/la-sensacion-termica-alcanzo-los-42c-en-san-salvador-de-jujuy-conoce-el-pronostico-para-los-proximos-dias\/"},"author":{"name":"admin","@id":"https:\/\/www.muyjujuy.com\/#\/schema\/person\/a3b63db1f387ec4149299954904c5bf0"},"headline":"La sensaci\u00f3n t\u00e9rmica alcanz\u00f3 los -4,2\u00b0C en San Salvador de Jujuy: conoc\u00e9 el pron\u00f3stico para los pr\u00f3ximos d\u00edas","datePublished":"2025-07-03T13:36:29+00:00","mainEntityOfPage":{"@id":"https:\/\/www.muyjujuy.com\/index.php\/2025\/07\/03\/la-sensacion-termica-alcanzo-los-42c-en-san-salvador-de-jujuy-conoce-el-pronostico-para-los-proximos-dias\/"},"wordCount":269,"commentCount":0,"publisher":{"@id":"https:\/\/www.muyjujuy.com\/#organization"},"image":{"@id":"https:\/\/www.muyjujuy.com\/index.php\/2025\/07\/03\/la-sensacion-termica-alcanzo-los-42c-en-san-salvador-de-jujuy-conoce-el-pronostico-para-los-proximos-dias\/#primaryimage"},"thumbnailUrl":"https:\/\/www.muyjujuy.com\/wp-content\/uploads\/2025\/07\/FRIO.jpg","articleSection":["JUJUY","Sociedad"],"inLanguage":"es-AR","potentialAction":[{"@type":"CommentAction","name":"Comment","target":["https:\/\/www.muyjujuy.com\/index.php\/2025\/07\/03\/la-sensacion-termica-alcanzo-los-42c-en-san-salvador-de-jujuy-conoce-el-pronostico-para-los-proximos-dias\/#respond"]}]},{"@type":"WebPage","@id":"https:\/\/www.muyjujuy.com\/index.php\/2025\/07\/03\/la-sensacion-termica-alcanzo-los-42c-en-san-salvador-de-jujuy-conoce-el-pronostico-para-los-proximos-dias\/","url":"https:\/\/www.muyjujuy.com\/index.php\/2025\/07\/03\/la-sensacion-termica-alcanzo-los-42c-en-san-salvador-de-jujuy-conoce-el-pronostico-para-los-proximos-dias\/","name":"La sensaci\u00f3n t\u00e9rmica alcanz\u00f3 los -4,2\u00b0C en San Salvador de Jujuy: conoc\u00e9 el pron\u00f3stico para los pr\u00f3ximos d\u00edas - Muy Jujuy","isPartOf":{"@id":"https:\/\/www.muyjujuy.com\/#website"},"primaryImageOfPage":{"@id":"https:\/\/www.muyjujuy.com\/index.php\/2025\/07\/03\/la-sensacion-termica-alcanzo-los-42c-en-san-salvador-de-jujuy-conoce-el-pronostico-para-los-proximos-dias\/#primaryimage"},"image":{"@id":"https:\/\/www.muyjujuy.com\/index.php\/2025\/07\/03\/la-sensacion-termica-alcanzo-los-42c-en-san-salvador-de-jujuy-conoce-el-pronostico-para-los-proximos-dias\/#primaryimage"},"thumbnailUrl":"https:\/\/www.muyjujuy.com\/wp-content\/uploads\/2025\/07\/FRIO.jpg","datePublished":"2025-07-03T13:36:29+00:00","breadcrumb":{"@id":"https:\/\/www.muyjujuy.com\/index.php\/2025\/07\/03\/la-sensacion-termica-alcanzo-los-42c-en-san-salvador-de-jujuy-conoce-el-pronostico-para-los-proximos-dias\/#breadcrumb"},"inLanguage":"es-AR","potentialAction":[{"@type":"ReadAction","target":["https:\/\/www.muyjujuy.com\/index.php\/2025\/07\/03\/la-sensacion-termica-alcanzo-los-42c-en-san-salvador-de-jujuy-conoce-el-pronostico-para-los-proximos-dias\/"]}]},{"@type":"ImageObject","inLanguage":"es-AR","@id":"https:\/\/www.muyjujuy.com\/index.php\/2025\/07\/03\/la-sensacion-termica-alcanzo-los-42c-en-san-salvador-de-jujuy-conoce-el-pronostico-para-los-proximos-dias\/#primaryimage","url":"https:\/\/www.muyjujuy.com\/wp-content\/uploads\/2025\/07\/FRIO.jpg","contentUrl":"https:\/\/www.muyjujuy.com\/wp-content\/uploads\/2025\/07\/FRIO.jpg","width":924,"height":541},{"@type":"BreadcrumbList","@id":"https:\/\/www.muyjujuy.com\/index.php\/2025\/07\/03\/la-sensacion-termica-alcanzo-los-42c-en-san-salvador-de-jujuy-conoce-el-pronostico-para-los-proximos-dias\/#breadcrumb","itemListElement":[{"@type":"ListItem","position":1,"name":"Inicio","item":"https:\/\/www.muyjujuy.com\/"},{"@type":"ListItem","position":2,"name":"La sensaci\u00f3n t\u00e9rmica alcanz\u00f3 los -4,2\u00b0C en San Salvador de Jujuy: conoc\u00e9 el pron\u00f3stico para los pr\u00f3ximos d\u00edas"}]},{"@type":"WebSite","@id":"https:\/\/www.muyjujuy.com\/#website","url":"https:\/\/www.muyjujuy.com\/","name":"Muy Jujuy","description":"","publisher":{"@id":"https:\/\/www.muyjujuy.com\/#organization"},"potentialAction":[{"@type":"SearchAction","target":{"@type":"EntryPoint","urlTemplate":"https:\/\/www.muyjujuy.com\/?s={search_term_string}"},"query-input":{"@type":"PropertyValueSpecification","valueRequired":true,"valueName":"search_term_string"}}],"inLanguage":"es-AR"},{"@type":"Organization","@id":"https:\/\/www.muyjujuy.com\/#organization","name":"Muy Jujuy","url":"https:\/\/www.muyjujuy.com\/","logo":{"@type":"ImageObject","inLanguage":"es-AR","@id":"https:\/\/www.muyjujuy.com\/#\/schema\/logo\/image\/","url":"http:\/\/www.muyjujuy.com\/wp-content\/uploads\/2022\/05\/logo-mobil-jujuy.png","contentUrl":"http:\/\/www.muyjujuy.com\/wp-content\/uploads\/2022\/05\/logo-mobil-jujuy.png","width":174,"height":81,"caption":"Muy Jujuy"},"image":{"@id":"https:\/\/www.muyjujuy.com\/#\/schema\/logo\/image\/"},"sameAs":["https:\/\/www.facebook.com\/muyjujuycom","https:\/\/x.com\/muyjujuy","https:\/\/www.instagram.com\/muyjujuycom"]},{"@type":"Person","@id":"https:\/\/www.muyjujuy.com\/#\/schema\/person\/a3b63db1f387ec4149299954904c5bf0","name":"admin","image":{"@type":"ImageObject","inLanguage":"es-AR","@id":"https:\/\/secure.gravatar.com\/avatar\/b6e63d8d3a73633362405a0ad27e9c28391755813b59886f19a99d6cef8a03fc?s=96&d=mm&r=g","url":"https:\/\/secure.gravatar.com\/avatar\/b6e63d8d3a73633362405a0ad27e9c28391755813b59886f19a99d6cef8a03fc?s=96&d=mm&r=g","contentUrl":"https:\/\/secure.gravatar.com\/avatar\/b6e63d8d3a73633362405a0ad27e9c28391755813b59886f19a99d6cef8a03fc?s=96&d=mm&r=g","caption":"admin"},"url":"https:\/\/www.muyjujuy.com\/index.php\/author\/soyeleditor\/"}]}},"_links":{"self":[{"href":"https:\/\/www.muyjujuy.com\/index.php\/wp-json\/wp\/v2\/posts\/2640","targetHints":{"allow":["GET"]}}],"collection":[{"href":"https:\/\/www.muyjujuy.com\/index.php\/wp-json\/wp\/v2\/posts"}],"about":[{"href":"https:\/\/www.muyjujuy.com\/index.php\/wp-json\/wp\/v2\/types\/post"}],"author":[{"embeddable":true,"href":"https:\/\/www.muyjujuy.com\/index.php\/wp-json\/wp\/v2\/users\/1"}],"replies":[{"embeddable":true,"href":"https:\/\/www.muyjujuy.com\/index.php\/wp-json\/wp\/v2\/comments?post=2640"}],"version-history":[{"count":1,"href":"https:\/\/www.muyjujuy.com\/index.php\/wp-json\/wp\/v2\/posts\/2640\/revisions"}],"predecessor-version":[{"id":2642,"href":"https:\/\/www.muyjujuy.com\/index.php\/wp-json\/wp\/v2\/posts\/2640\/revisions\/2642"}],"wp:featuredmedia":[{"embeddable":true,"href":"https:\/\/www.muyjujuy.com\/index.php\/wp-json\/wp\/v2\/media\/2641"}],"wp:attachment":[{"href":"https:\/\/www.muyjujuy.com\/index.php\/wp-json\/wp\/v2\/media?parent=2640"}],"wp:term":[{"taxonomy":"category","embeddable":true,"href":"https:\/\/www.muyjujuy.com\/index.php\/wp-json\/wp\/v2\/categories?post=2640"},{"taxonomy":"post_tag","embeddable":true,"href":"https:\/\/www.muyjujuy.com\/index.php\/wp-json\/wp\/v2\/tags?post=2640"}],"curies":[{"name":"wp","href":"https:\/\/api.w.org\/{rel}","templated":true}]}}