{"id":2643,"date":"2025-07-03T10:43:10","date_gmt":"2025-07-03T13:43:10","guid":{"rendered":"https:\/\/www.muyjujuy.com\/?p=2643"},"modified":"2025-07-03T10:43:10","modified_gmt":"2025-07-03T13:43:10","slug":"manana-con-siniestros-viales-en-san-salvador-se-reportaron-dos-colisiones-multiples","status":"publish","type":"post","link":"https:\/\/www.muyjujuy.com\/index.php\/2025\/07\/03\/manana-con-siniestros-viales-en-san-salvador-se-reportaron-dos-colisiones-multiples\/","title":{"rendered":"Ma\u00f1ana con siniestros viales en San Salvador: se reportaron dos colisiones m\u00faltiples"},"content":{"rendered":"\n<p><strong>Durante la ma\u00f1ana de este jueves se produjeron dos accidentes de tr\u00e1nsito en la ciudad de San Salvador de Jujuy.<\/strong> Ambos episodios ocurrieron en sectores distintos, pero compartieron una caracter\u00edstica en com\u00fan: <strong>fueron choques en cadena.<\/strong><\/p>\n\n\n\n<p><strong>El primer incidente ocurri\u00f3 alrededor de las 8:00 de la ma\u00f1ana sobre Ruta 66, a la altura de la Nueva Terminal de \u00d3mnibus.<\/strong> En el hecho se vieron involucrados <strong>tres rodados<\/strong>, cuando una <strong>camioneta Hilux fren\u00f3 de forma repentina<\/strong>, ocasionando que los veh\u00edculos que circulaban detr\u00e1s no pudieran detenerse a tiempo, lo que deriv\u00f3 en una colisi\u00f3n m\u00faltiple.<br><strong>Solo se registraron da\u00f1os materiales<\/strong>, aunque uno de los conductores <strong>sufri\u00f3 un golpe en la cabeza<\/strong>, sin requerir traslado hospitalario.<\/p>\n\n\n\n<p><strong>El impacto m\u00e1s severo lo recibi\u00f3 una camioneta Estrada blanca<\/strong>, que fue el \u00faltimo de los veh\u00edculos en colisionar, resultando con <strong>el radiador da\u00f1ado<\/strong>. Por su parte, un <strong>autom\u00f3vil gris<\/strong> involucrado en el hecho <strong>present\u00f3 da\u00f1os en su parte delantera<\/strong>. En el lugar intervinieron equipos del <strong>SAME y de Seguridad Vial<\/strong>.<\/p>\n\n\n\n<p><strong>El segundo choque se produjo aproximadamente a las 9:00 horas, sobre avenida Ricardo Balb\u00edn<\/strong>, frente a las instalaciones de <strong>Vialidad de la Provincia<\/strong>. En esta ocasi\u00f3n, <strong>cuatro veh\u00edculos resultaron involucrados<\/strong>, tras la detenci\u00f3n brusca de uno de ellos, lo que provoc\u00f3 que los dem\u00e1s no pudieran frenar a tiempo.<br><strong>El siniestro dej\u00f3 \u00fanicamente da\u00f1os materiales.<\/strong><\/p>\n\n\n\n<p><strong>Al lugar acudi\u00f3 personal de la Polic\u00eda de la Provincia<\/strong>, acompa\u00f1ado por agentes de <strong>Seguridad Vial y del SAME<\/strong>. Luego de realizar el correspondiente <strong>test de alcoholemia a los conductores involucrados<\/strong>, todos los resultados fueron <strong>negativos<\/strong>.<\/p>\n","protected":false},"excerpt":{"rendered":"<p>Durante la ma\u00f1ana de este jueves se produjeron dos accidentes de tr\u00e1nsito en la ciudad de San Salvador de Jujuy. Ambos episodios ocurrieron en sectores distintos, pero compartieron una caracter\u00edstica en com\u00fan: fueron choques en cadena. El primer incidente ocurri\u00f3 alrededor de las 8:00 de la ma\u00f1ana sobre Ruta 66, a la altura de la [&hellip;]<\/p>\n","protected":false},"author":1,"featured_media":2644,"comment_status":"open","ping_status":"open","sticky":false,"template":"","format":"standard","meta":{"footnotes":""},"categories":[863,25],"tags":[],"class_list":{"0":"post-2643","1":"post","2":"type-post","3":"status-publish","4":"format-standard","5":"has-post-thumbnail","7":"category-jujuy","8":"category-sociedad"},"yoast_head":"<!-- This site is optimized with the Yoast SEO plugin v27.5 - https:\/\/yoast.com\/product\/yoast-seo-wordpress\/ -->\n<title>Ma\u00f1ana con siniestros viales en San Salvador: se reportaron dos colisiones m\u00faltiples - Muy Jujuy<\/title>\n<meta name=\"robots\" content=\"index, follow, max-snippet:-1, max-image-preview:large, max-video-preview:-1\" \/>\n<link rel=\"canonical\" href=\"https:\/\/www.muyjujuy.com\/index.php\/2025\/07\/03\/manana-con-siniestros-viales-en-san-salvador-se-reportaron-dos-colisiones-multiples\/\" \/>\n<meta property=\"og:locale\" content=\"es_ES\" \/>\n<meta property=\"og:type\" content=\"article\" \/>\n<meta property=\"og:title\" content=\"Ma\u00f1ana con siniestros viales en San Salvador: se reportaron dos colisiones m\u00faltiples - Muy Jujuy\" \/>\n<meta property=\"og:description\" content=\"Durante la ma\u00f1ana de este jueves se produjeron dos accidentes de tr\u00e1nsito en la ciudad de San Salvador de Jujuy. Ambos episodios ocurrieron en sectores distintos, pero compartieron una caracter\u00edstica en com\u00fan: fueron choques en cadena. El primer incidente ocurri\u00f3 alrededor de las 8:00 de la ma\u00f1ana sobre Ruta 66, a la altura de la [&hellip;]\" \/>\n<meta property=\"og:url\" content=\"https:\/\/www.muyjujuy.com\/index.php\/2025\/07\/03\/manana-con-siniestros-viales-en-san-salvador-se-reportaron-dos-colisiones-multiples\/\" \/>\n<meta property=\"og:site_name\" content=\"Muy Jujuy\" \/>\n<meta property=\"article:publisher\" content=\"https:\/\/www.facebook.com\/muyjujuycom\" \/>\n<meta property=\"article:published_time\" content=\"2025-07-03T13:43:10+00:00\" \/>\n<meta name=\"author\" content=\"admin\" \/>\n<meta name=\"twitter:card\" content=\"summary_large_image\" \/>\n<meta name=\"twitter:creator\" content=\"@muyjujuy\" \/>\n<meta name=\"twitter:site\" content=\"@muyjujuy\" \/>\n<meta name=\"twitter:label1\" content=\"Escrito por\" \/>\n\t<meta name=\"twitter:data1\" content=\"admin\" \/>\n\t<meta name=\"twitter:label2\" content=\"Tiempo de lectura\" \/>\n\t<meta name=\"twitter:data2\" content=\"1 minuto\" \/>\n<script type=\"application\/ld+json\" class=\"yoast-schema-graph\">{\"@context\":\"https:\\\/\\\/schema.org\",\"@graph\":[{\"@type\":\"Article\",\"@id\":\"https:\\\/\\\/www.muyjujuy.com\\\/index.php\\\/2025\\\/07\\\/03\\\/manana-con-siniestros-viales-en-san-salvador-se-reportaron-dos-colisiones-multiples\\\/#article\",\"isPartOf\":{\"@id\":\"https:\\\/\\\/www.muyjujuy.com\\\/index.php\\\/2025\\\/07\\\/03\\\/manana-con-siniestros-viales-en-san-salvador-se-reportaron-dos-colisiones-multiples\\\/\"},\"author\":{\"name\":\"admin\",\"@id\":\"https:\\\/\\\/www.muyjujuy.com\\\/#\\\/schema\\\/person\\\/a3b63db1f387ec4149299954904c5bf0\"},\"headline\":\"Ma\u00f1ana con siniestros viales en San Salvador: se reportaron dos colisiones m\u00faltiples\",\"datePublished\":\"2025-07-03T13:43:10+00:00\",\"mainEntityOfPage\":{\"@id\":\"https:\\\/\\\/www.muyjujuy.com\\\/index.php\\\/2025\\\/07\\\/03\\\/manana-con-siniestros-viales-en-san-salvador-se-reportaron-dos-colisiones-multiples\\\/\"},\"wordCount\":290,\"commentCount\":0,\"publisher\":{\"@id\":\"https:\\\/\\\/www.muyjujuy.com\\\/#organization\"},\"image\":{\"@id\":\"https:\\\/\\\/www.muyjujuy.com\\\/index.php\\\/2025\\\/07\\\/03\\\/manana-con-siniestros-viales-en-san-salvador-se-reportaron-dos-colisiones-multiples\\\/#primaryimage\"},\"thumbnailUrl\":\"https:\\\/\\\/www.muyjujuy.com\\\/wp-content\\\/uploads\\\/2025\\\/07\\\/choque.jpg\",\"articleSection\":[\"JUJUY\",\"Sociedad\"],\"inLanguage\":\"es-AR\",\"potentialAction\":[{\"@type\":\"CommentAction\",\"name\":\"Comment\",\"target\":[\"https:\\\/\\\/www.muyjujuy.com\\\/index.php\\\/2025\\\/07\\\/03\\\/manana-con-siniestros-viales-en-san-salvador-se-reportaron-dos-colisiones-multiples\\\/#respond\"]}]},{\"@type\":\"WebPage\",\"@id\":\"https:\\\/\\\/www.muyjujuy.com\\\/index.php\\\/2025\\\/07\\\/03\\\/manana-con-siniestros-viales-en-san-salvador-se-reportaron-dos-colisiones-multiples\\\/\",\"url\":\"https:\\\/\\\/www.muyjujuy.com\\\/index.php\\\/2025\\\/07\\\/03\\\/manana-con-siniestros-viales-en-san-salvador-se-reportaron-dos-colisiones-multiples\\\/\",\"name\":\"Ma\u00f1ana con siniestros viales en San Salvador: se reportaron dos colisiones m\u00faltiples - Muy Jujuy\",\"isPartOf\":{\"@id\":\"https:\\\/\\\/www.muyjujuy.com\\\/#website\"},\"primaryImageOfPage\":{\"@id\":\"https:\\\/\\\/www.muyjujuy.com\\\/index.php\\\/2025\\\/07\\\/03\\\/manana-con-siniestros-viales-en-san-salvador-se-reportaron-dos-colisiones-multiples\\\/#primaryimage\"},\"image\":{\"@id\":\"https:\\\/\\\/www.muyjujuy.com\\\/index.php\\\/2025\\\/07\\\/03\\\/manana-con-siniestros-viales-en-san-salvador-se-reportaron-dos-colisiones-multiples\\\/#primaryimage\"},\"thumbnailUrl\":\"https:\\\/\\\/www.muyjujuy.com\\\/wp-content\\\/uploads\\\/2025\\\/07\\\/choque.jpg\",\"datePublished\":\"2025-07-03T13:43:10+00:00\",\"breadcrumb\":{\"@id\":\"https:\\\/\\\/www.muyjujuy.com\\\/index.php\\\/2025\\\/07\\\/03\\\/manana-con-siniestros-viales-en-san-salvador-se-reportaron-dos-colisiones-multiples\\\/#breadcrumb\"},\"inLanguage\":\"es-AR\",\"potentialAction\":[{\"@type\":\"ReadAction\",\"target\":[\"https:\\\/\\\/www.muyjujuy.com\\\/index.php\\\/2025\\\/07\\\/03\\\/manana-con-siniestros-viales-en-san-salvador-se-reportaron-dos-colisiones-multiples\\\/\"]}]},{\"@type\":\"ImageObject\",\"inLanguage\":\"es-AR\",\"@id\":\"https:\\\/\\\/www.muyjujuy.com\\\/index.php\\\/2025\\\/07\\\/03\\\/manana-con-siniestros-viales-en-san-salvador-se-reportaron-dos-colisiones-multiples\\\/#primaryimage\",\"url\":\"https:\\\/\\\/www.muyjujuy.com\\\/wp-content\\\/uploads\\\/2025\\\/07\\\/choque.jpg\",\"contentUrl\":\"https:\\\/\\\/www.muyjujuy.com\\\/wp-content\\\/uploads\\\/2025\\\/07\\\/choque.jpg\",\"width\":961,\"height\":499},{\"@type\":\"BreadcrumbList\",\"@id\":\"https:\\\/\\\/www.muyjujuy.com\\\/index.php\\\/2025\\\/07\\\/03\\\/manana-con-siniestros-viales-en-san-salvador-se-reportaron-dos-colisiones-multiples\\\/#breadcrumb\",\"itemListElement\":[{\"@type\":\"ListItem\",\"position\":1,\"name\":\"Inicio\",\"item\":\"https:\\\/\\\/www.muyjujuy.com\\\/\"},{\"@type\":\"ListItem\",\"position\":2,\"name\":\"Ma\u00f1ana con siniestros viales en San Salvador: se reportaron dos colisiones m\u00faltiples\"}]},{\"@type\":\"WebSite\",\"@id\":\"https:\\\/\\\/www.muyjujuy.com\\\/#website\",\"url\":\"https:\\\/\\\/www.muyjujuy.com\\\/\",\"name\":\"Muy Jujuy\",\"description\":\"\",\"publisher\":{\"@id\":\"https:\\\/\\\/www.muyjujuy.com\\\/#organization\"},\"potentialAction\":[{\"@type\":\"SearchAction\",\"target\":{\"@type\":\"EntryPoint\",\"urlTemplate\":\"https:\\\/\\\/www.muyjujuy.com\\\/?s={search_term_string}\"},\"query-input\":{\"@type\":\"PropertyValueSpecification\",\"valueRequired\":true,\"valueName\":\"search_term_string\"}}],\"inLanguage\":\"es-AR\"},{\"@type\":\"Organization\",\"@id\":\"https:\\\/\\\/www.muyjujuy.com\\\/#organization\",\"name\":\"Muy Jujuy\",\"url\":\"https:\\\/\\\/www.muyjujuy.com\\\/\",\"logo\":{\"@type\":\"ImageObject\",\"inLanguage\":\"es-AR\",\"@id\":\"https:\\\/\\\/www.muyjujuy.com\\\/#\\\/schema\\\/logo\\\/image\\\/\",\"url\":\"http:\\\/\\\/www.muyjujuy.com\\\/wp-content\\\/uploads\\\/2022\\\/05\\\/logo-mobil-jujuy.png\",\"contentUrl\":\"http:\\\/\\\/www.muyjujuy.com\\\/wp-content\\\/uploads\\\/2022\\\/05\\\/logo-mobil-jujuy.png\",\"width\":174,\"height\":81,\"caption\":\"Muy Jujuy\"},\"image\":{\"@id\":\"https:\\\/\\\/www.muyjujuy.com\\\/#\\\/schema\\\/logo\\\/image\\\/\"},\"sameAs\":[\"https:\\\/\\\/www.facebook.com\\\/muyjujuycom\",\"https:\\\/\\\/x.com\\\/muyjujuy\",\"https:\\\/\\\/www.instagram.com\\\/muyjujuycom\"]},{\"@type\":\"Person\",\"@id\":\"https:\\\/\\\/www.muyjujuy.com\\\/#\\\/schema\\\/person\\\/a3b63db1f387ec4149299954904c5bf0\",\"name\":\"admin\",\"image\":{\"@type\":\"ImageObject\",\"inLanguage\":\"es-AR\",\"@id\":\"https:\\\/\\\/secure.gravatar.com\\\/avatar\\\/b6e63d8d3a73633362405a0ad27e9c28391755813b59886f19a99d6cef8a03fc?s=96&d=mm&r=g\",\"url\":\"https:\\\/\\\/secure.gravatar.com\\\/avatar\\\/b6e63d8d3a73633362405a0ad27e9c28391755813b59886f19a99d6cef8a03fc?s=96&d=mm&r=g\",\"contentUrl\":\"https:\\\/\\\/secure.gravatar.com\\\/avatar\\\/b6e63d8d3a73633362405a0ad27e9c28391755813b59886f19a99d6cef8a03fc?s=96&d=mm&r=g\",\"caption\":\"admin\"},\"url\":\"https:\\\/\\\/www.muyjujuy.com\\\/index.php\\\/author\\\/soyeleditor\\\/\"}]}<\/script>\n<!-- \/ Yoast SEO plugin. -->","yoast_head_json":{"title":"Ma\u00f1ana con siniestros viales en San Salvador: se reportaron dos colisiones m\u00faltiples - Muy Jujuy","robots":{"index":"index","follow":"follow","max-snippet":"max-snippet:-1","max-image-preview":"max-image-preview:large","max-video-preview":"max-video-preview:-1"},"canonical":"https:\/\/www.muyjujuy.com\/index.php\/2025\/07\/03\/manana-con-siniestros-viales-en-san-salvador-se-reportaron-dos-colisiones-multiples\/","og_locale":"es_ES","og_type":"article","og_title":"Ma\u00f1ana con siniestros viales en San Salvador: se reportaron dos colisiones m\u00faltiples - Muy Jujuy","og_description":"Durante la ma\u00f1ana de este jueves se produjeron dos accidentes de tr\u00e1nsito en la ciudad de San Salvador de Jujuy. Ambos episodios ocurrieron en sectores distintos, pero compartieron una caracter\u00edstica en com\u00fan: fueron choques en cadena. El primer incidente ocurri\u00f3 alrededor de las 8:00 de la ma\u00f1ana sobre Ruta 66, a la altura de la [&hellip;]","og_url":"https:\/\/www.muyjujuy.com\/index.php\/2025\/07\/03\/manana-con-siniestros-viales-en-san-salvador-se-reportaron-dos-colisiones-multiples\/","og_site_name":"Muy Jujuy","article_publisher":"https:\/\/www.facebook.com\/muyjujuycom","article_published_time":"2025-07-03T13:43:10+00:00","author":"admin","twitter_card":"summary_large_image","twitter_creator":"@muyjujuy","twitter_site":"@muyjujuy","twitter_misc":{"Escrito por":"admin","Tiempo de lectura":"1 minuto"},"schema":{"@context":"https:\/\/schema.org","@graph":[{"@type":"Article","@id":"https:\/\/www.muyjujuy.com\/index.php\/2025\/07\/03\/manana-con-siniestros-viales-en-san-salvador-se-reportaron-dos-colisiones-multiples\/#article","isPartOf":{"@id":"https:\/\/www.muyjujuy.com\/index.php\/2025\/07\/03\/manana-con-siniestros-viales-en-san-salvador-se-reportaron-dos-colisiones-multiples\/"},"author":{"name":"admin","@id":"https:\/\/www.muyjujuy.com\/#\/schema\/person\/a3b63db1f387ec4149299954904c5bf0"},"headline":"Ma\u00f1ana con siniestros viales en San Salvador: se reportaron dos colisiones m\u00faltiples","datePublished":"2025-07-03T13:43:10+00:00","mainEntityOfPage":{"@id":"https:\/\/www.muyjujuy.com\/index.php\/2025\/07\/03\/manana-con-siniestros-viales-en-san-salvador-se-reportaron-dos-colisiones-multiples\/"},"wordCount":290,"commentCount":0,"publisher":{"@id":"https:\/\/www.muyjujuy.com\/#organization"},"image":{"@id":"https:\/\/www.muyjujuy.com\/index.php\/2025\/07\/03\/manana-con-siniestros-viales-en-san-salvador-se-reportaron-dos-colisiones-multiples\/#primaryimage"},"thumbnailUrl":"https:\/\/www.muyjujuy.com\/wp-content\/uploads\/2025\/07\/choque.jpg","articleSection":["JUJUY","Sociedad"],"inLanguage":"es-AR","potentialAction":[{"@type":"CommentAction","name":"Comment","target":["https:\/\/www.muyjujuy.com\/index.php\/2025\/07\/03\/manana-con-siniestros-viales-en-san-salvador-se-reportaron-dos-colisiones-multiples\/#respond"]}]},{"@type":"WebPage","@id":"https:\/\/www.muyjujuy.com\/index.php\/2025\/07\/03\/manana-con-siniestros-viales-en-san-salvador-se-reportaron-dos-colisiones-multiples\/","url":"https:\/\/www.muyjujuy.com\/index.php\/2025\/07\/03\/manana-con-siniestros-viales-en-san-salvador-se-reportaron-dos-colisiones-multiples\/","name":"Ma\u00f1ana con siniestros viales en San Salvador: se reportaron dos colisiones m\u00faltiples - Muy Jujuy","isPartOf":{"@id":"https:\/\/www.muyjujuy.com\/#website"},"primaryImageOfPage":{"@id":"https:\/\/www.muyjujuy.com\/index.php\/2025\/07\/03\/manana-con-siniestros-viales-en-san-salvador-se-reportaron-dos-colisiones-multiples\/#primaryimage"},"image":{"@id":"https:\/\/www.muyjujuy.com\/index.php\/2025\/07\/03\/manana-con-siniestros-viales-en-san-salvador-se-reportaron-dos-colisiones-multiples\/#primaryimage"},"thumbnailUrl":"https:\/\/www.muyjujuy.com\/wp-content\/uploads\/2025\/07\/choque.jpg","datePublished":"2025-07-03T13:43:10+00:00","breadcrumb":{"@id":"https:\/\/www.muyjujuy.com\/index.php\/2025\/07\/03\/manana-con-siniestros-viales-en-san-salvador-se-reportaron-dos-colisiones-multiples\/#breadcrumb"},"inLanguage":"es-AR","potentialAction":[{"@type":"ReadAction","target":["https:\/\/www.muyjujuy.com\/index.php\/2025\/07\/03\/manana-con-siniestros-viales-en-san-salvador-se-reportaron-dos-colisiones-multiples\/"]}]},{"@type":"ImageObject","inLanguage":"es-AR","@id":"https:\/\/www.muyjujuy.com\/index.php\/2025\/07\/03\/manana-con-siniestros-viales-en-san-salvador-se-reportaron-dos-colisiones-multiples\/#primaryimage","url":"https:\/\/www.muyjujuy.com\/wp-content\/uploads\/2025\/07\/choque.jpg","contentUrl":"https:\/\/www.muyjujuy.com\/wp-content\/uploads\/2025\/07\/choque.jpg","width":961,"height":499},{"@type":"BreadcrumbList","@id":"https:\/\/www.muyjujuy.com\/index.php\/2025\/07\/03\/manana-con-siniestros-viales-en-san-salvador-se-reportaron-dos-colisiones-multiples\/#breadcrumb","itemListElement":[{"@type":"ListItem","position":1,"name":"Inicio","item":"https:\/\/www.muyjujuy.com\/"},{"@type":"ListItem","position":2,"name":"Ma\u00f1ana con siniestros viales en San Salvador: se reportaron dos colisiones m\u00faltiples"}]},{"@type":"WebSite","@id":"https:\/\/www.muyjujuy.com\/#website","url":"https:\/\/www.muyjujuy.com\/","name":"Muy Jujuy","description":"","publisher":{"@id":"https:\/\/www.muyjujuy.com\/#organization"},"potentialAction":[{"@type":"SearchAction","target":{"@type":"EntryPoint","urlTemplate":"https:\/\/www.muyjujuy.com\/?s={search_term_string}"},"query-input":{"@type":"PropertyValueSpecification","valueRequired":true,"valueName":"search_term_string"}}],"inLanguage":"es-AR"},{"@type":"Organization","@id":"https:\/\/www.muyjujuy.com\/#organization","name":"Muy Jujuy","url":"https:\/\/www.muyjujuy.com\/","logo":{"@type":"ImageObject","inLanguage":"es-AR","@id":"https:\/\/www.muyjujuy.com\/#\/schema\/logo\/image\/","url":"http:\/\/www.muyjujuy.com\/wp-content\/uploads\/2022\/05\/logo-mobil-jujuy.png","contentUrl":"http:\/\/www.muyjujuy.com\/wp-content\/uploads\/2022\/05\/logo-mobil-jujuy.png","width":174,"height":81,"caption":"Muy Jujuy"},"image":{"@id":"https:\/\/www.muyjujuy.com\/#\/schema\/logo\/image\/"},"sameAs":["https:\/\/www.facebook.com\/muyjujuycom","https:\/\/x.com\/muyjujuy","https:\/\/www.instagram.com\/muyjujuycom"]},{"@type":"Person","@id":"https:\/\/www.muyjujuy.com\/#\/schema\/person\/a3b63db1f387ec4149299954904c5bf0","name":"admin","image":{"@type":"ImageObject","inLanguage":"es-AR","@id":"https:\/\/secure.gravatar.com\/avatar\/b6e63d8d3a73633362405a0ad27e9c28391755813b59886f19a99d6cef8a03fc?s=96&d=mm&r=g","url":"https:\/\/secure.gravatar.com\/avatar\/b6e63d8d3a73633362405a0ad27e9c28391755813b59886f19a99d6cef8a03fc?s=96&d=mm&r=g","contentUrl":"https:\/\/secure.gravatar.com\/avatar\/b6e63d8d3a73633362405a0ad27e9c28391755813b59886f19a99d6cef8a03fc?s=96&d=mm&r=g","caption":"admin"},"url":"https:\/\/www.muyjujuy.com\/index.php\/author\/soyeleditor\/"}]}},"_links":{"self":[{"href":"https:\/\/www.muyjujuy.com\/index.php\/wp-json\/wp\/v2\/posts\/2643","targetHints":{"allow":["GET"]}}],"collection":[{"href":"https:\/\/www.muyjujuy.com\/index.php\/wp-json\/wp\/v2\/posts"}],"about":[{"href":"https:\/\/www.muyjujuy.com\/index.php\/wp-json\/wp\/v2\/types\/post"}],"author":[{"embeddable":true,"href":"https:\/\/www.muyjujuy.com\/index.php\/wp-json\/wp\/v2\/users\/1"}],"replies":[{"embeddable":true,"href":"https:\/\/www.muyjujuy.com\/index.php\/wp-json\/wp\/v2\/comments?post=2643"}],"version-history":[{"count":1,"href":"https:\/\/www.muyjujuy.com\/index.php\/wp-json\/wp\/v2\/posts\/2643\/revisions"}],"predecessor-version":[{"id":2645,"href":"https:\/\/www.muyjujuy.com\/index.php\/wp-json\/wp\/v2\/posts\/2643\/revisions\/2645"}],"wp:featuredmedia":[{"embeddable":true,"href":"https:\/\/www.muyjujuy.com\/index.php\/wp-json\/wp\/v2\/media\/2644"}],"wp:attachment":[{"href":"https:\/\/www.muyjujuy.com\/index.php\/wp-json\/wp\/v2\/media?parent=2643"}],"wp:term":[{"taxonomy":"category","embeddable":true,"href":"https:\/\/www.muyjujuy.com\/index.php\/wp-json\/wp\/v2\/categories?post=2643"},{"taxonomy":"post_tag","embeddable":true,"href":"https:\/\/www.muyjujuy.com\/index.php\/wp-json\/wp\/v2\/tags?post=2643"}],"curies":[{"name":"wp","href":"https:\/\/api.w.org\/{rel}","templated":true}]}}