{"id":2646,"date":"2025-07-04T11:55:58","date_gmt":"2025-07-04T14:55:58","guid":{"rendered":"https:\/\/www.muyjujuy.com\/?p=2646"},"modified":"2025-07-04T11:55:58","modified_gmt":"2025-07-04T14:55:58","slug":"se-reanudo-la-comercializacion-de-gnc-en-las-estaciones-de-servicio-de-jujuy","status":"publish","type":"post","link":"https:\/\/www.muyjujuy.com\/index.php\/2025\/07\/04\/se-reanudo-la-comercializacion-de-gnc-en-las-estaciones-de-servicio-de-jujuy\/","title":{"rendered":"Se reanud\u00f3 la comercializaci\u00f3n de GNC en las estaciones de servicio de Jujuy"},"content":{"rendered":"\n<p>En el contexto de la <strong>ola de fr\u00edo polar<\/strong> que afecta a amplias regiones del pa\u00eds, las estaciones de servicio que expenden <strong>Gas Natural Comprimido (GNC)<\/strong> en la provincia de <strong>Jujuy<\/strong> interrumpieron su funcionamiento el mi\u00e9rcoles por la tarde, tras una disposici\u00f3n del <strong>Comit\u00e9 de Emergencia y la empresa distribuidora de gas<\/strong>. La medida tuvo como objetivo <strong>asegurar el abastecimiento residencial<\/strong> y garantizar el suministro a los sectores considerados esenciales.<\/p>\n\n\n\n<p>Luego de <strong>dos jornadas sin provisi\u00f3n de GNC<\/strong>, la presidenta de la <strong>C\u00e1mara de Expendedores de Jujuy<\/strong>, <strong>Silvia Ficoseco<\/strong>, dialog\u00f3 con <strong>AM 630 Lw8<\/strong> y confirm\u00f3 que este viernes <strong>se autoriz\u00f3 nuevamente la venta de GNC<\/strong> en la red de estaciones de servicio de la provincia. \u201c<strong>Nos acaban de comunicar que se habilita la venta, pero \u00fanicamente en aquellas estaciones con contrato de volumen firme<\/strong>\u201d, destac\u00f3.<\/p>\n\n\n\n<p>Ficoseco aclar\u00f3 que todas las estaciones tienen la <strong>posibilidad de optar por un contrato de volumen firme o interrumpible<\/strong>. \u201c<strong>El esquema firme implica un costo adicional en el precio del gas adquirido. En el caso de Jujuy, la mayor\u00eda de las empresas elegimos esa modalidad<\/strong>\u201d, explic\u00f3, estimando que cerca del <strong>80% de los establecimientos operan bajo ese tipo de contrataci\u00f3n<\/strong>.<\/p>\n\n\n\n<p>\u201c<strong>Ya comenzaron a llegar veh\u00edculos y hay filas para cargar. Principalmente taxistas y personas que necesitan el veh\u00edculo como herramienta de trabajo<\/strong>\u201d, concluy\u00f3.<\/p>\n","protected":false},"excerpt":{"rendered":"<p>En el contexto de la ola de fr\u00edo polar que afecta a amplias regiones del pa\u00eds, las estaciones de servicio que expenden Gas Natural Comprimido (GNC) en la provincia de Jujuy interrumpieron su funcionamiento el mi\u00e9rcoles por la tarde, tras una disposici\u00f3n del Comit\u00e9 de Emergencia y la empresa distribuidora de gas. La medida tuvo [&hellip;]<\/p>\n","protected":false},"author":1,"featured_media":2647,"comment_status":"open","ping_status":"open","sticky":false,"template":"","format":"standard","meta":{"footnotes":""},"categories":[863,25],"tags":[],"class_list":{"0":"post-2646","1":"post","2":"type-post","3":"status-publish","4":"format-standard","5":"has-post-thumbnail","7":"category-jujuy","8":"category-sociedad"},"yoast_head":"<!-- This site is optimized with the Yoast SEO plugin v27.5 - https:\/\/yoast.com\/product\/yoast-seo-wordpress\/ -->\n<title>Se reanud\u00f3 la comercializaci\u00f3n de GNC en las estaciones de servicio de Jujuy - Muy Jujuy<\/title>\n<meta name=\"robots\" content=\"index, follow, max-snippet:-1, max-image-preview:large, max-video-preview:-1\" \/>\n<link rel=\"canonical\" href=\"https:\/\/www.muyjujuy.com\/index.php\/2025\/07\/04\/se-reanudo-la-comercializacion-de-gnc-en-las-estaciones-de-servicio-de-jujuy\/\" \/>\n<meta property=\"og:locale\" content=\"es_ES\" \/>\n<meta property=\"og:type\" content=\"article\" \/>\n<meta property=\"og:title\" content=\"Se reanud\u00f3 la comercializaci\u00f3n de GNC en las estaciones de servicio de Jujuy - Muy Jujuy\" \/>\n<meta property=\"og:description\" content=\"En el contexto de la ola de fr\u00edo polar que afecta a amplias regiones del pa\u00eds, las estaciones de servicio que expenden Gas Natural Comprimido (GNC) en la provincia de Jujuy interrumpieron su funcionamiento el mi\u00e9rcoles por la tarde, tras una disposici\u00f3n del Comit\u00e9 de Emergencia y la empresa distribuidora de gas. La medida tuvo [&hellip;]\" \/>\n<meta property=\"og:url\" content=\"https:\/\/www.muyjujuy.com\/index.php\/2025\/07\/04\/se-reanudo-la-comercializacion-de-gnc-en-las-estaciones-de-servicio-de-jujuy\/\" \/>\n<meta property=\"og:site_name\" content=\"Muy Jujuy\" \/>\n<meta property=\"article:publisher\" content=\"https:\/\/www.facebook.com\/muyjujuycom\" \/>\n<meta property=\"article:published_time\" content=\"2025-07-04T14:55:58+00:00\" \/>\n<meta name=\"author\" content=\"admin\" \/>\n<meta name=\"twitter:card\" content=\"summary_large_image\" \/>\n<meta name=\"twitter:creator\" content=\"@muyjujuy\" \/>\n<meta name=\"twitter:site\" content=\"@muyjujuy\" \/>\n<meta name=\"twitter:label1\" content=\"Escrito por\" \/>\n\t<meta name=\"twitter:data1\" content=\"admin\" \/>\n\t<meta name=\"twitter:label2\" content=\"Tiempo de lectura\" \/>\n\t<meta name=\"twitter:data2\" content=\"1 minuto\" \/>\n<script type=\"application\/ld+json\" class=\"yoast-schema-graph\">{\"@context\":\"https:\\\/\\\/schema.org\",\"@graph\":[{\"@type\":\"Article\",\"@id\":\"https:\\\/\\\/www.muyjujuy.com\\\/index.php\\\/2025\\\/07\\\/04\\\/se-reanudo-la-comercializacion-de-gnc-en-las-estaciones-de-servicio-de-jujuy\\\/#article\",\"isPartOf\":{\"@id\":\"https:\\\/\\\/www.muyjujuy.com\\\/index.php\\\/2025\\\/07\\\/04\\\/se-reanudo-la-comercializacion-de-gnc-en-las-estaciones-de-servicio-de-jujuy\\\/\"},\"author\":{\"name\":\"admin\",\"@id\":\"https:\\\/\\\/www.muyjujuy.com\\\/#\\\/schema\\\/person\\\/a3b63db1f387ec4149299954904c5bf0\"},\"headline\":\"Se reanud\u00f3 la comercializaci\u00f3n de GNC en las estaciones de servicio de Jujuy\",\"datePublished\":\"2025-07-04T14:55:58+00:00\",\"mainEntityOfPage\":{\"@id\":\"https:\\\/\\\/www.muyjujuy.com\\\/index.php\\\/2025\\\/07\\\/04\\\/se-reanudo-la-comercializacion-de-gnc-en-las-estaciones-de-servicio-de-jujuy\\\/\"},\"wordCount\":241,\"commentCount\":0,\"publisher\":{\"@id\":\"https:\\\/\\\/www.muyjujuy.com\\\/#organization\"},\"image\":{\"@id\":\"https:\\\/\\\/www.muyjujuy.com\\\/index.php\\\/2025\\\/07\\\/04\\\/se-reanudo-la-comercializacion-de-gnc-en-las-estaciones-de-servicio-de-jujuy\\\/#primaryimage\"},\"thumbnailUrl\":\"https:\\\/\\\/www.muyjujuy.com\\\/wp-content\\\/uploads\\\/2025\\\/07\\\/gnc.jpg\",\"articleSection\":[\"JUJUY\",\"Sociedad\"],\"inLanguage\":\"es-AR\",\"potentialAction\":[{\"@type\":\"CommentAction\",\"name\":\"Comment\",\"target\":[\"https:\\\/\\\/www.muyjujuy.com\\\/index.php\\\/2025\\\/07\\\/04\\\/se-reanudo-la-comercializacion-de-gnc-en-las-estaciones-de-servicio-de-jujuy\\\/#respond\"]}]},{\"@type\":\"WebPage\",\"@id\":\"https:\\\/\\\/www.muyjujuy.com\\\/index.php\\\/2025\\\/07\\\/04\\\/se-reanudo-la-comercializacion-de-gnc-en-las-estaciones-de-servicio-de-jujuy\\\/\",\"url\":\"https:\\\/\\\/www.muyjujuy.com\\\/index.php\\\/2025\\\/07\\\/04\\\/se-reanudo-la-comercializacion-de-gnc-en-las-estaciones-de-servicio-de-jujuy\\\/\",\"name\":\"Se reanud\u00f3 la comercializaci\u00f3n de GNC en las estaciones de servicio de Jujuy - Muy Jujuy\",\"isPartOf\":{\"@id\":\"https:\\\/\\\/www.muyjujuy.com\\\/#website\"},\"primaryImageOfPage\":{\"@id\":\"https:\\\/\\\/www.muyjujuy.com\\\/index.php\\\/2025\\\/07\\\/04\\\/se-reanudo-la-comercializacion-de-gnc-en-las-estaciones-de-servicio-de-jujuy\\\/#primaryimage\"},\"image\":{\"@id\":\"https:\\\/\\\/www.muyjujuy.com\\\/index.php\\\/2025\\\/07\\\/04\\\/se-reanudo-la-comercializacion-de-gnc-en-las-estaciones-de-servicio-de-jujuy\\\/#primaryimage\"},\"thumbnailUrl\":\"https:\\\/\\\/www.muyjujuy.com\\\/wp-content\\\/uploads\\\/2025\\\/07\\\/gnc.jpg\",\"datePublished\":\"2025-07-04T14:55:58+00:00\",\"breadcrumb\":{\"@id\":\"https:\\\/\\\/www.muyjujuy.com\\\/index.php\\\/2025\\\/07\\\/04\\\/se-reanudo-la-comercializacion-de-gnc-en-las-estaciones-de-servicio-de-jujuy\\\/#breadcrumb\"},\"inLanguage\":\"es-AR\",\"potentialAction\":[{\"@type\":\"ReadAction\",\"target\":[\"https:\\\/\\\/www.muyjujuy.com\\\/index.php\\\/2025\\\/07\\\/04\\\/se-reanudo-la-comercializacion-de-gnc-en-las-estaciones-de-servicio-de-jujuy\\\/\"]}]},{\"@type\":\"ImageObject\",\"inLanguage\":\"es-AR\",\"@id\":\"https:\\\/\\\/www.muyjujuy.com\\\/index.php\\\/2025\\\/07\\\/04\\\/se-reanudo-la-comercializacion-de-gnc-en-las-estaciones-de-servicio-de-jujuy\\\/#primaryimage\",\"url\":\"https:\\\/\\\/www.muyjujuy.com\\\/wp-content\\\/uploads\\\/2025\\\/07\\\/gnc.jpg\",\"contentUrl\":\"https:\\\/\\\/www.muyjujuy.com\\\/wp-content\\\/uploads\\\/2025\\\/07\\\/gnc.jpg\",\"width\":956,\"height\":539},{\"@type\":\"BreadcrumbList\",\"@id\":\"https:\\\/\\\/www.muyjujuy.com\\\/index.php\\\/2025\\\/07\\\/04\\\/se-reanudo-la-comercializacion-de-gnc-en-las-estaciones-de-servicio-de-jujuy\\\/#breadcrumb\",\"itemListElement\":[{\"@type\":\"ListItem\",\"position\":1,\"name\":\"Inicio\",\"item\":\"https:\\\/\\\/www.muyjujuy.com\\\/\"},{\"@type\":\"ListItem\",\"position\":2,\"name\":\"Se reanud\u00f3 la comercializaci\u00f3n de GNC en las estaciones de servicio de Jujuy\"}]},{\"@type\":\"WebSite\",\"@id\":\"https:\\\/\\\/www.muyjujuy.com\\\/#website\",\"url\":\"https:\\\/\\\/www.muyjujuy.com\\\/\",\"name\":\"Muy Jujuy\",\"description\":\"\",\"publisher\":{\"@id\":\"https:\\\/\\\/www.muyjujuy.com\\\/#organization\"},\"potentialAction\":[{\"@type\":\"SearchAction\",\"target\":{\"@type\":\"EntryPoint\",\"urlTemplate\":\"https:\\\/\\\/www.muyjujuy.com\\\/?s={search_term_string}\"},\"query-input\":{\"@type\":\"PropertyValueSpecification\",\"valueRequired\":true,\"valueName\":\"search_term_string\"}}],\"inLanguage\":\"es-AR\"},{\"@type\":\"Organization\",\"@id\":\"https:\\\/\\\/www.muyjujuy.com\\\/#organization\",\"name\":\"Muy Jujuy\",\"url\":\"https:\\\/\\\/www.muyjujuy.com\\\/\",\"logo\":{\"@type\":\"ImageObject\",\"inLanguage\":\"es-AR\",\"@id\":\"https:\\\/\\\/www.muyjujuy.com\\\/#\\\/schema\\\/logo\\\/image\\\/\",\"url\":\"http:\\\/\\\/www.muyjujuy.com\\\/wp-content\\\/uploads\\\/2022\\\/05\\\/logo-mobil-jujuy.png\",\"contentUrl\":\"http:\\\/\\\/www.muyjujuy.com\\\/wp-content\\\/uploads\\\/2022\\\/05\\\/logo-mobil-jujuy.png\",\"width\":174,\"height\":81,\"caption\":\"Muy Jujuy\"},\"image\":{\"@id\":\"https:\\\/\\\/www.muyjujuy.com\\\/#\\\/schema\\\/logo\\\/image\\\/\"},\"sameAs\":[\"https:\\\/\\\/www.facebook.com\\\/muyjujuycom\",\"https:\\\/\\\/x.com\\\/muyjujuy\",\"https:\\\/\\\/www.instagram.com\\\/muyjujuycom\"]},{\"@type\":\"Person\",\"@id\":\"https:\\\/\\\/www.muyjujuy.com\\\/#\\\/schema\\\/person\\\/a3b63db1f387ec4149299954904c5bf0\",\"name\":\"admin\",\"image\":{\"@type\":\"ImageObject\",\"inLanguage\":\"es-AR\",\"@id\":\"https:\\\/\\\/secure.gravatar.com\\\/avatar\\\/b6e63d8d3a73633362405a0ad27e9c28391755813b59886f19a99d6cef8a03fc?s=96&d=mm&r=g\",\"url\":\"https:\\\/\\\/secure.gravatar.com\\\/avatar\\\/b6e63d8d3a73633362405a0ad27e9c28391755813b59886f19a99d6cef8a03fc?s=96&d=mm&r=g\",\"contentUrl\":\"https:\\\/\\\/secure.gravatar.com\\\/avatar\\\/b6e63d8d3a73633362405a0ad27e9c28391755813b59886f19a99d6cef8a03fc?s=96&d=mm&r=g\",\"caption\":\"admin\"},\"url\":\"https:\\\/\\\/www.muyjujuy.com\\\/index.php\\\/author\\\/soyeleditor\\\/\"}]}<\/script>\n<!-- \/ Yoast SEO plugin. -->","yoast_head_json":{"title":"Se reanud\u00f3 la comercializaci\u00f3n de GNC en las estaciones de servicio de Jujuy - Muy Jujuy","robots":{"index":"index","follow":"follow","max-snippet":"max-snippet:-1","max-image-preview":"max-image-preview:large","max-video-preview":"max-video-preview:-1"},"canonical":"https:\/\/www.muyjujuy.com\/index.php\/2025\/07\/04\/se-reanudo-la-comercializacion-de-gnc-en-las-estaciones-de-servicio-de-jujuy\/","og_locale":"es_ES","og_type":"article","og_title":"Se reanud\u00f3 la comercializaci\u00f3n de GNC en las estaciones de servicio de Jujuy - Muy Jujuy","og_description":"En el contexto de la ola de fr\u00edo polar que afecta a amplias regiones del pa\u00eds, las estaciones de servicio que expenden Gas Natural Comprimido (GNC) en la provincia de Jujuy interrumpieron su funcionamiento el mi\u00e9rcoles por la tarde, tras una disposici\u00f3n del Comit\u00e9 de Emergencia y la empresa distribuidora de gas. La medida tuvo [&hellip;]","og_url":"https:\/\/www.muyjujuy.com\/index.php\/2025\/07\/04\/se-reanudo-la-comercializacion-de-gnc-en-las-estaciones-de-servicio-de-jujuy\/","og_site_name":"Muy Jujuy","article_publisher":"https:\/\/www.facebook.com\/muyjujuycom","article_published_time":"2025-07-04T14:55:58+00:00","author":"admin","twitter_card":"summary_large_image","twitter_creator":"@muyjujuy","twitter_site":"@muyjujuy","twitter_misc":{"Escrito por":"admin","Tiempo de lectura":"1 minuto"},"schema":{"@context":"https:\/\/schema.org","@graph":[{"@type":"Article","@id":"https:\/\/www.muyjujuy.com\/index.php\/2025\/07\/04\/se-reanudo-la-comercializacion-de-gnc-en-las-estaciones-de-servicio-de-jujuy\/#article","isPartOf":{"@id":"https:\/\/www.muyjujuy.com\/index.php\/2025\/07\/04\/se-reanudo-la-comercializacion-de-gnc-en-las-estaciones-de-servicio-de-jujuy\/"},"author":{"name":"admin","@id":"https:\/\/www.muyjujuy.com\/#\/schema\/person\/a3b63db1f387ec4149299954904c5bf0"},"headline":"Se reanud\u00f3 la comercializaci\u00f3n de GNC en las estaciones de servicio de Jujuy","datePublished":"2025-07-04T14:55:58+00:00","mainEntityOfPage":{"@id":"https:\/\/www.muyjujuy.com\/index.php\/2025\/07\/04\/se-reanudo-la-comercializacion-de-gnc-en-las-estaciones-de-servicio-de-jujuy\/"},"wordCount":241,"commentCount":0,"publisher":{"@id":"https:\/\/www.muyjujuy.com\/#organization"},"image":{"@id":"https:\/\/www.muyjujuy.com\/index.php\/2025\/07\/04\/se-reanudo-la-comercializacion-de-gnc-en-las-estaciones-de-servicio-de-jujuy\/#primaryimage"},"thumbnailUrl":"https:\/\/www.muyjujuy.com\/wp-content\/uploads\/2025\/07\/gnc.jpg","articleSection":["JUJUY","Sociedad"],"inLanguage":"es-AR","potentialAction":[{"@type":"CommentAction","name":"Comment","target":["https:\/\/www.muyjujuy.com\/index.php\/2025\/07\/04\/se-reanudo-la-comercializacion-de-gnc-en-las-estaciones-de-servicio-de-jujuy\/#respond"]}]},{"@type":"WebPage","@id":"https:\/\/www.muyjujuy.com\/index.php\/2025\/07\/04\/se-reanudo-la-comercializacion-de-gnc-en-las-estaciones-de-servicio-de-jujuy\/","url":"https:\/\/www.muyjujuy.com\/index.php\/2025\/07\/04\/se-reanudo-la-comercializacion-de-gnc-en-las-estaciones-de-servicio-de-jujuy\/","name":"Se reanud\u00f3 la comercializaci\u00f3n de GNC en las estaciones de servicio de Jujuy - Muy Jujuy","isPartOf":{"@id":"https:\/\/www.muyjujuy.com\/#website"},"primaryImageOfPage":{"@id":"https:\/\/www.muyjujuy.com\/index.php\/2025\/07\/04\/se-reanudo-la-comercializacion-de-gnc-en-las-estaciones-de-servicio-de-jujuy\/#primaryimage"},"image":{"@id":"https:\/\/www.muyjujuy.com\/index.php\/2025\/07\/04\/se-reanudo-la-comercializacion-de-gnc-en-las-estaciones-de-servicio-de-jujuy\/#primaryimage"},"thumbnailUrl":"https:\/\/www.muyjujuy.com\/wp-content\/uploads\/2025\/07\/gnc.jpg","datePublished":"2025-07-04T14:55:58+00:00","breadcrumb":{"@id":"https:\/\/www.muyjujuy.com\/index.php\/2025\/07\/04\/se-reanudo-la-comercializacion-de-gnc-en-las-estaciones-de-servicio-de-jujuy\/#breadcrumb"},"inLanguage":"es-AR","potentialAction":[{"@type":"ReadAction","target":["https:\/\/www.muyjujuy.com\/index.php\/2025\/07\/04\/se-reanudo-la-comercializacion-de-gnc-en-las-estaciones-de-servicio-de-jujuy\/"]}]},{"@type":"ImageObject","inLanguage":"es-AR","@id":"https:\/\/www.muyjujuy.com\/index.php\/2025\/07\/04\/se-reanudo-la-comercializacion-de-gnc-en-las-estaciones-de-servicio-de-jujuy\/#primaryimage","url":"https:\/\/www.muyjujuy.com\/wp-content\/uploads\/2025\/07\/gnc.jpg","contentUrl":"https:\/\/www.muyjujuy.com\/wp-content\/uploads\/2025\/07\/gnc.jpg","width":956,"height":539},{"@type":"BreadcrumbList","@id":"https:\/\/www.muyjujuy.com\/index.php\/2025\/07\/04\/se-reanudo-la-comercializacion-de-gnc-en-las-estaciones-de-servicio-de-jujuy\/#breadcrumb","itemListElement":[{"@type":"ListItem","position":1,"name":"Inicio","item":"https:\/\/www.muyjujuy.com\/"},{"@type":"ListItem","position":2,"name":"Se reanud\u00f3 la comercializaci\u00f3n de GNC en las estaciones de servicio de Jujuy"}]},{"@type":"WebSite","@id":"https:\/\/www.muyjujuy.com\/#website","url":"https:\/\/www.muyjujuy.com\/","name":"Muy Jujuy","description":"","publisher":{"@id":"https:\/\/www.muyjujuy.com\/#organization"},"potentialAction":[{"@type":"SearchAction","target":{"@type":"EntryPoint","urlTemplate":"https:\/\/www.muyjujuy.com\/?s={search_term_string}"},"query-input":{"@type":"PropertyValueSpecification","valueRequired":true,"valueName":"search_term_string"}}],"inLanguage":"es-AR"},{"@type":"Organization","@id":"https:\/\/www.muyjujuy.com\/#organization","name":"Muy Jujuy","url":"https:\/\/www.muyjujuy.com\/","logo":{"@type":"ImageObject","inLanguage":"es-AR","@id":"https:\/\/www.muyjujuy.com\/#\/schema\/logo\/image\/","url":"http:\/\/www.muyjujuy.com\/wp-content\/uploads\/2022\/05\/logo-mobil-jujuy.png","contentUrl":"http:\/\/www.muyjujuy.com\/wp-content\/uploads\/2022\/05\/logo-mobil-jujuy.png","width":174,"height":81,"caption":"Muy Jujuy"},"image":{"@id":"https:\/\/www.muyjujuy.com\/#\/schema\/logo\/image\/"},"sameAs":["https:\/\/www.facebook.com\/muyjujuycom","https:\/\/x.com\/muyjujuy","https:\/\/www.instagram.com\/muyjujuycom"]},{"@type":"Person","@id":"https:\/\/www.muyjujuy.com\/#\/schema\/person\/a3b63db1f387ec4149299954904c5bf0","name":"admin","image":{"@type":"ImageObject","inLanguage":"es-AR","@id":"https:\/\/secure.gravatar.com\/avatar\/b6e63d8d3a73633362405a0ad27e9c28391755813b59886f19a99d6cef8a03fc?s=96&d=mm&r=g","url":"https:\/\/secure.gravatar.com\/avatar\/b6e63d8d3a73633362405a0ad27e9c28391755813b59886f19a99d6cef8a03fc?s=96&d=mm&r=g","contentUrl":"https:\/\/secure.gravatar.com\/avatar\/b6e63d8d3a73633362405a0ad27e9c28391755813b59886f19a99d6cef8a03fc?s=96&d=mm&r=g","caption":"admin"},"url":"https:\/\/www.muyjujuy.com\/index.php\/author\/soyeleditor\/"}]}},"_links":{"self":[{"href":"https:\/\/www.muyjujuy.com\/index.php\/wp-json\/wp\/v2\/posts\/2646","targetHints":{"allow":["GET"]}}],"collection":[{"href":"https:\/\/www.muyjujuy.com\/index.php\/wp-json\/wp\/v2\/posts"}],"about":[{"href":"https:\/\/www.muyjujuy.com\/index.php\/wp-json\/wp\/v2\/types\/post"}],"author":[{"embeddable":true,"href":"https:\/\/www.muyjujuy.com\/index.php\/wp-json\/wp\/v2\/users\/1"}],"replies":[{"embeddable":true,"href":"https:\/\/www.muyjujuy.com\/index.php\/wp-json\/wp\/v2\/comments?post=2646"}],"version-history":[{"count":1,"href":"https:\/\/www.muyjujuy.com\/index.php\/wp-json\/wp\/v2\/posts\/2646\/revisions"}],"predecessor-version":[{"id":2648,"href":"https:\/\/www.muyjujuy.com\/index.php\/wp-json\/wp\/v2\/posts\/2646\/revisions\/2648"}],"wp:featuredmedia":[{"embeddable":true,"href":"https:\/\/www.muyjujuy.com\/index.php\/wp-json\/wp\/v2\/media\/2647"}],"wp:attachment":[{"href":"https:\/\/www.muyjujuy.com\/index.php\/wp-json\/wp\/v2\/media?parent=2646"}],"wp:term":[{"taxonomy":"category","embeddable":true,"href":"https:\/\/www.muyjujuy.com\/index.php\/wp-json\/wp\/v2\/categories?post=2646"},{"taxonomy":"post_tag","embeddable":true,"href":"https:\/\/www.muyjujuy.com\/index.php\/wp-json\/wp\/v2\/tags?post=2646"}],"curies":[{"name":"wp","href":"https:\/\/api.w.org\/{rel}","templated":true}]}}