{"id":2649,"date":"2025-07-04T12:18:03","date_gmt":"2025-07-04T15:18:03","guid":{"rendered":"https:\/\/www.muyjujuy.com\/?p=2649"},"modified":"2025-07-04T12:18:03","modified_gmt":"2025-07-04T15:18:03","slug":"este-sabado-se-realizara-un-acto-en-reconocimiento-por-el-traslado-de-esculturas-al-centro-cultural-lola-mora","status":"publish","type":"post","link":"https:\/\/www.muyjujuy.com\/index.php\/2025\/07\/04\/este-sabado-se-realizara-un-acto-en-reconocimiento-por-el-traslado-de-esculturas-al-centro-cultural-lola-mora\/","title":{"rendered":"Este s\u00e1bado se realizar\u00e1 un acto en reconocimiento por el traslado de esculturas al Centro Cultural Lola Mora"},"content":{"rendered":"\n<p>El <strong>Gobierno de Jujuy<\/strong> convoca a la comunidad a participar del <strong>acto homenaje con motivo del traslado de las emblem\u00e1ticas esculturas<\/strong> <em>\u201cEl Trabajo\u201d<\/em> y <em>\u201cLa Libertad\u201d<\/em> al futuro <strong>Centro Cultural Lola Mora<\/strong>, pr\u00f3ximo a inaugurarse en el barrio <strong>Alto La Vi\u00f1a<\/strong>.<\/p>\n\n\n\n<p>La actividad est\u00e1 programada para el <strong>s\u00e1bado 5 de julio a las 12:00 horas<\/strong>, y se llevar\u00e1 a cabo en la <strong>Casa de Gobierno<\/strong>, ubicada sobre calle <strong>Sarmiento<\/strong>.<\/p>\n\n\n\n<p>Este nuevo espacio cultural, concebido por el arquitecto <strong>C\u00e9sar Pelli<\/strong> como su \u00faltima obra, albergar\u00e1 las creaciones de <strong>Lola Mora<\/strong>, reuniendo as\u00ed <strong>dos importantes herencias del arte argentino en un mismo \u00e1mbito dedicado a la expresi\u00f3n art\u00edstica y la cultura<\/strong>.<\/p>\n\n\n\n<p>Durante el homenaje, el p\u00fablico podr\u00e1 disfrutar de <strong>presentaciones musicales en vivo a cargo de la Orquesta Sinf\u00f3nica de Jujuy<\/strong> y de un espect\u00e1culo de <strong>danzas tem\u00e1ticas<\/strong>, especialmente preparadas para celebrar esta significativa ocasi\u00f3n. Adem\u00e1s, habr\u00e1 instancias para conocer m\u00e1s sobre la <strong>trayectoria de Lola Mora<\/strong> y el <strong>proyecto arquitect\u00f3nico dise\u00f1ado por Pelli<\/strong> para la provincia.<\/p>\n\n\n\n<p>Este encuentro representa el <strong>firme compromiso de Jujuy con la preservaci\u00f3n y difusi\u00f3n de su patrimonio cultural<\/strong>, promoviendo un espacio orientado a la <strong>valoraci\u00f3n del arte, la historia y la identidad local<\/strong>.<\/p>\n","protected":false},"excerpt":{"rendered":"<p>El Gobierno de Jujuy convoca a la comunidad a participar del acto homenaje con motivo del traslado de las emblem\u00e1ticas esculturas \u201cEl Trabajo\u201d y \u201cLa Libertad\u201d al futuro Centro Cultural Lola Mora, pr\u00f3ximo a inaugurarse en el barrio Alto La Vi\u00f1a. La actividad est\u00e1 programada para el s\u00e1bado 5 de julio a las 12:00 horas, [&hellip;]<\/p>\n","protected":false},"author":1,"featured_media":2650,"comment_status":"open","ping_status":"open","sticky":false,"template":"","format":"standard","meta":{"footnotes":""},"categories":[863,25],"tags":[],"class_list":{"0":"post-2649","1":"post","2":"type-post","3":"status-publish","4":"format-standard","5":"has-post-thumbnail","7":"category-jujuy","8":"category-sociedad"},"yoast_head":"<!-- This site is optimized with the Yoast SEO plugin v27.5 - https:\/\/yoast.com\/product\/yoast-seo-wordpress\/ -->\n<title>Este s\u00e1bado se realizar\u00e1 un acto en reconocimiento por el traslado de esculturas al Centro Cultural Lola Mora - Muy Jujuy<\/title>\n<meta name=\"robots\" content=\"index, follow, max-snippet:-1, max-image-preview:large, max-video-preview:-1\" \/>\n<link rel=\"canonical\" href=\"https:\/\/www.muyjujuy.com\/index.php\/2025\/07\/04\/este-sabado-se-realizara-un-acto-en-reconocimiento-por-el-traslado-de-esculturas-al-centro-cultural-lola-mora\/\" \/>\n<meta property=\"og:locale\" content=\"es_ES\" \/>\n<meta property=\"og:type\" content=\"article\" \/>\n<meta property=\"og:title\" content=\"Este s\u00e1bado se realizar\u00e1 un acto en reconocimiento por el traslado de esculturas al Centro Cultural Lola Mora - Muy Jujuy\" \/>\n<meta property=\"og:description\" content=\"El Gobierno de Jujuy convoca a la comunidad a participar del acto homenaje con motivo del traslado de las emblem\u00e1ticas esculturas \u201cEl Trabajo\u201d y \u201cLa Libertad\u201d al futuro Centro Cultural Lola Mora, pr\u00f3ximo a inaugurarse en el barrio Alto La Vi\u00f1a. La actividad est\u00e1 programada para el s\u00e1bado 5 de julio a las 12:00 horas, [&hellip;]\" \/>\n<meta property=\"og:url\" content=\"https:\/\/www.muyjujuy.com\/index.php\/2025\/07\/04\/este-sabado-se-realizara-un-acto-en-reconocimiento-por-el-traslado-de-esculturas-al-centro-cultural-lola-mora\/\" \/>\n<meta property=\"og:site_name\" content=\"Muy Jujuy\" \/>\n<meta property=\"article:publisher\" content=\"https:\/\/www.facebook.com\/muyjujuycom\" \/>\n<meta property=\"article:published_time\" content=\"2025-07-04T15:18:03+00:00\" \/>\n<meta name=\"author\" content=\"admin\" \/>\n<meta name=\"twitter:card\" content=\"summary_large_image\" \/>\n<meta name=\"twitter:creator\" content=\"@muyjujuy\" \/>\n<meta name=\"twitter:site\" content=\"@muyjujuy\" \/>\n<meta name=\"twitter:label1\" content=\"Escrito por\" \/>\n\t<meta name=\"twitter:data1\" content=\"admin\" \/>\n\t<meta name=\"twitter:label2\" content=\"Tiempo de lectura\" \/>\n\t<meta name=\"twitter:data2\" content=\"1 minuto\" \/>\n<script type=\"application\/ld+json\" class=\"yoast-schema-graph\">{\"@context\":\"https:\\\/\\\/schema.org\",\"@graph\":[{\"@type\":\"Article\",\"@id\":\"https:\\\/\\\/www.muyjujuy.com\\\/index.php\\\/2025\\\/07\\\/04\\\/este-sabado-se-realizara-un-acto-en-reconocimiento-por-el-traslado-de-esculturas-al-centro-cultural-lola-mora\\\/#article\",\"isPartOf\":{\"@id\":\"https:\\\/\\\/www.muyjujuy.com\\\/index.php\\\/2025\\\/07\\\/04\\\/este-sabado-se-realizara-un-acto-en-reconocimiento-por-el-traslado-de-esculturas-al-centro-cultural-lola-mora\\\/\"},\"author\":{\"name\":\"admin\",\"@id\":\"https:\\\/\\\/www.muyjujuy.com\\\/#\\\/schema\\\/person\\\/a3b63db1f387ec4149299954904c5bf0\"},\"headline\":\"Este s\u00e1bado se realizar\u00e1 un acto en reconocimiento por el traslado de esculturas al Centro Cultural Lola Mora\",\"datePublished\":\"2025-07-04T15:18:03+00:00\",\"mainEntityOfPage\":{\"@id\":\"https:\\\/\\\/www.muyjujuy.com\\\/index.php\\\/2025\\\/07\\\/04\\\/este-sabado-se-realizara-un-acto-en-reconocimiento-por-el-traslado-de-esculturas-al-centro-cultural-lola-mora\\\/\"},\"wordCount\":233,\"commentCount\":0,\"publisher\":{\"@id\":\"https:\\\/\\\/www.muyjujuy.com\\\/#organization\"},\"image\":{\"@id\":\"https:\\\/\\\/www.muyjujuy.com\\\/index.php\\\/2025\\\/07\\\/04\\\/este-sabado-se-realizara-un-acto-en-reconocimiento-por-el-traslado-de-esculturas-al-centro-cultural-lola-mora\\\/#primaryimage\"},\"thumbnailUrl\":\"https:\\\/\\\/www.muyjujuy.com\\\/wp-content\\\/uploads\\\/2025\\\/07\\\/LOLA-MORA.jpg\",\"articleSection\":[\"JUJUY\",\"Sociedad\"],\"inLanguage\":\"es-AR\",\"potentialAction\":[{\"@type\":\"CommentAction\",\"name\":\"Comment\",\"target\":[\"https:\\\/\\\/www.muyjujuy.com\\\/index.php\\\/2025\\\/07\\\/04\\\/este-sabado-se-realizara-un-acto-en-reconocimiento-por-el-traslado-de-esculturas-al-centro-cultural-lola-mora\\\/#respond\"]}]},{\"@type\":\"WebPage\",\"@id\":\"https:\\\/\\\/www.muyjujuy.com\\\/index.php\\\/2025\\\/07\\\/04\\\/este-sabado-se-realizara-un-acto-en-reconocimiento-por-el-traslado-de-esculturas-al-centro-cultural-lola-mora\\\/\",\"url\":\"https:\\\/\\\/www.muyjujuy.com\\\/index.php\\\/2025\\\/07\\\/04\\\/este-sabado-se-realizara-un-acto-en-reconocimiento-por-el-traslado-de-esculturas-al-centro-cultural-lola-mora\\\/\",\"name\":\"Este s\u00e1bado se realizar\u00e1 un acto en reconocimiento por el traslado de esculturas al Centro Cultural Lola Mora - Muy Jujuy\",\"isPartOf\":{\"@id\":\"https:\\\/\\\/www.muyjujuy.com\\\/#website\"},\"primaryImageOfPage\":{\"@id\":\"https:\\\/\\\/www.muyjujuy.com\\\/index.php\\\/2025\\\/07\\\/04\\\/este-sabado-se-realizara-un-acto-en-reconocimiento-por-el-traslado-de-esculturas-al-centro-cultural-lola-mora\\\/#primaryimage\"},\"image\":{\"@id\":\"https:\\\/\\\/www.muyjujuy.com\\\/index.php\\\/2025\\\/07\\\/04\\\/este-sabado-se-realizara-un-acto-en-reconocimiento-por-el-traslado-de-esculturas-al-centro-cultural-lola-mora\\\/#primaryimage\"},\"thumbnailUrl\":\"https:\\\/\\\/www.muyjujuy.com\\\/wp-content\\\/uploads\\\/2025\\\/07\\\/LOLA-MORA.jpg\",\"datePublished\":\"2025-07-04T15:18:03+00:00\",\"breadcrumb\":{\"@id\":\"https:\\\/\\\/www.muyjujuy.com\\\/index.php\\\/2025\\\/07\\\/04\\\/este-sabado-se-realizara-un-acto-en-reconocimiento-por-el-traslado-de-esculturas-al-centro-cultural-lola-mora\\\/#breadcrumb\"},\"inLanguage\":\"es-AR\",\"potentialAction\":[{\"@type\":\"ReadAction\",\"target\":[\"https:\\\/\\\/www.muyjujuy.com\\\/index.php\\\/2025\\\/07\\\/04\\\/este-sabado-se-realizara-un-acto-en-reconocimiento-por-el-traslado-de-esculturas-al-centro-cultural-lola-mora\\\/\"]}]},{\"@type\":\"ImageObject\",\"inLanguage\":\"es-AR\",\"@id\":\"https:\\\/\\\/www.muyjujuy.com\\\/index.php\\\/2025\\\/07\\\/04\\\/este-sabado-se-realizara-un-acto-en-reconocimiento-por-el-traslado-de-esculturas-al-centro-cultural-lola-mora\\\/#primaryimage\",\"url\":\"https:\\\/\\\/www.muyjujuy.com\\\/wp-content\\\/uploads\\\/2025\\\/07\\\/LOLA-MORA.jpg\",\"contentUrl\":\"https:\\\/\\\/www.muyjujuy.com\\\/wp-content\\\/uploads\\\/2025\\\/07\\\/LOLA-MORA.jpg\",\"width\":870,\"height\":521},{\"@type\":\"BreadcrumbList\",\"@id\":\"https:\\\/\\\/www.muyjujuy.com\\\/index.php\\\/2025\\\/07\\\/04\\\/este-sabado-se-realizara-un-acto-en-reconocimiento-por-el-traslado-de-esculturas-al-centro-cultural-lola-mora\\\/#breadcrumb\",\"itemListElement\":[{\"@type\":\"ListItem\",\"position\":1,\"name\":\"Inicio\",\"item\":\"https:\\\/\\\/www.muyjujuy.com\\\/\"},{\"@type\":\"ListItem\",\"position\":2,\"name\":\"Este s\u00e1bado se realizar\u00e1 un acto en reconocimiento por el traslado de esculturas al Centro Cultural Lola Mora\"}]},{\"@type\":\"WebSite\",\"@id\":\"https:\\\/\\\/www.muyjujuy.com\\\/#website\",\"url\":\"https:\\\/\\\/www.muyjujuy.com\\\/\",\"name\":\"Muy Jujuy\",\"description\":\"\",\"publisher\":{\"@id\":\"https:\\\/\\\/www.muyjujuy.com\\\/#organization\"},\"potentialAction\":[{\"@type\":\"SearchAction\",\"target\":{\"@type\":\"EntryPoint\",\"urlTemplate\":\"https:\\\/\\\/www.muyjujuy.com\\\/?s={search_term_string}\"},\"query-input\":{\"@type\":\"PropertyValueSpecification\",\"valueRequired\":true,\"valueName\":\"search_term_string\"}}],\"inLanguage\":\"es-AR\"},{\"@type\":\"Organization\",\"@id\":\"https:\\\/\\\/www.muyjujuy.com\\\/#organization\",\"name\":\"Muy Jujuy\",\"url\":\"https:\\\/\\\/www.muyjujuy.com\\\/\",\"logo\":{\"@type\":\"ImageObject\",\"inLanguage\":\"es-AR\",\"@id\":\"https:\\\/\\\/www.muyjujuy.com\\\/#\\\/schema\\\/logo\\\/image\\\/\",\"url\":\"http:\\\/\\\/www.muyjujuy.com\\\/wp-content\\\/uploads\\\/2022\\\/05\\\/logo-mobil-jujuy.png\",\"contentUrl\":\"http:\\\/\\\/www.muyjujuy.com\\\/wp-content\\\/uploads\\\/2022\\\/05\\\/logo-mobil-jujuy.png\",\"width\":174,\"height\":81,\"caption\":\"Muy Jujuy\"},\"image\":{\"@id\":\"https:\\\/\\\/www.muyjujuy.com\\\/#\\\/schema\\\/logo\\\/image\\\/\"},\"sameAs\":[\"https:\\\/\\\/www.facebook.com\\\/muyjujuycom\",\"https:\\\/\\\/x.com\\\/muyjujuy\",\"https:\\\/\\\/www.instagram.com\\\/muyjujuycom\"]},{\"@type\":\"Person\",\"@id\":\"https:\\\/\\\/www.muyjujuy.com\\\/#\\\/schema\\\/person\\\/a3b63db1f387ec4149299954904c5bf0\",\"name\":\"admin\",\"image\":{\"@type\":\"ImageObject\",\"inLanguage\":\"es-AR\",\"@id\":\"https:\\\/\\\/secure.gravatar.com\\\/avatar\\\/b6e63d8d3a73633362405a0ad27e9c28391755813b59886f19a99d6cef8a03fc?s=96&d=mm&r=g\",\"url\":\"https:\\\/\\\/secure.gravatar.com\\\/avatar\\\/b6e63d8d3a73633362405a0ad27e9c28391755813b59886f19a99d6cef8a03fc?s=96&d=mm&r=g\",\"contentUrl\":\"https:\\\/\\\/secure.gravatar.com\\\/avatar\\\/b6e63d8d3a73633362405a0ad27e9c28391755813b59886f19a99d6cef8a03fc?s=96&d=mm&r=g\",\"caption\":\"admin\"},\"url\":\"https:\\\/\\\/www.muyjujuy.com\\\/index.php\\\/author\\\/soyeleditor\\\/\"}]}<\/script>\n<!-- \/ Yoast SEO plugin. -->","yoast_head_json":{"title":"Este s\u00e1bado se realizar\u00e1 un acto en reconocimiento por el traslado de esculturas al Centro Cultural Lola Mora - Muy Jujuy","robots":{"index":"index","follow":"follow","max-snippet":"max-snippet:-1","max-image-preview":"max-image-preview:large","max-video-preview":"max-video-preview:-1"},"canonical":"https:\/\/www.muyjujuy.com\/index.php\/2025\/07\/04\/este-sabado-se-realizara-un-acto-en-reconocimiento-por-el-traslado-de-esculturas-al-centro-cultural-lola-mora\/","og_locale":"es_ES","og_type":"article","og_title":"Este s\u00e1bado se realizar\u00e1 un acto en reconocimiento por el traslado de esculturas al Centro Cultural Lola Mora - Muy Jujuy","og_description":"El Gobierno de Jujuy convoca a la comunidad a participar del acto homenaje con motivo del traslado de las emblem\u00e1ticas esculturas \u201cEl Trabajo\u201d y \u201cLa Libertad\u201d al futuro Centro Cultural Lola Mora, pr\u00f3ximo a inaugurarse en el barrio Alto La Vi\u00f1a. La actividad est\u00e1 programada para el s\u00e1bado 5 de julio a las 12:00 horas, [&hellip;]","og_url":"https:\/\/www.muyjujuy.com\/index.php\/2025\/07\/04\/este-sabado-se-realizara-un-acto-en-reconocimiento-por-el-traslado-de-esculturas-al-centro-cultural-lola-mora\/","og_site_name":"Muy Jujuy","article_publisher":"https:\/\/www.facebook.com\/muyjujuycom","article_published_time":"2025-07-04T15:18:03+00:00","author":"admin","twitter_card":"summary_large_image","twitter_creator":"@muyjujuy","twitter_site":"@muyjujuy","twitter_misc":{"Escrito por":"admin","Tiempo de lectura":"1 minuto"},"schema":{"@context":"https:\/\/schema.org","@graph":[{"@type":"Article","@id":"https:\/\/www.muyjujuy.com\/index.php\/2025\/07\/04\/este-sabado-se-realizara-un-acto-en-reconocimiento-por-el-traslado-de-esculturas-al-centro-cultural-lola-mora\/#article","isPartOf":{"@id":"https:\/\/www.muyjujuy.com\/index.php\/2025\/07\/04\/este-sabado-se-realizara-un-acto-en-reconocimiento-por-el-traslado-de-esculturas-al-centro-cultural-lola-mora\/"},"author":{"name":"admin","@id":"https:\/\/www.muyjujuy.com\/#\/schema\/person\/a3b63db1f387ec4149299954904c5bf0"},"headline":"Este s\u00e1bado se realizar\u00e1 un acto en reconocimiento por el traslado de esculturas al Centro Cultural Lola Mora","datePublished":"2025-07-04T15:18:03+00:00","mainEntityOfPage":{"@id":"https:\/\/www.muyjujuy.com\/index.php\/2025\/07\/04\/este-sabado-se-realizara-un-acto-en-reconocimiento-por-el-traslado-de-esculturas-al-centro-cultural-lola-mora\/"},"wordCount":233,"commentCount":0,"publisher":{"@id":"https:\/\/www.muyjujuy.com\/#organization"},"image":{"@id":"https:\/\/www.muyjujuy.com\/index.php\/2025\/07\/04\/este-sabado-se-realizara-un-acto-en-reconocimiento-por-el-traslado-de-esculturas-al-centro-cultural-lola-mora\/#primaryimage"},"thumbnailUrl":"https:\/\/www.muyjujuy.com\/wp-content\/uploads\/2025\/07\/LOLA-MORA.jpg","articleSection":["JUJUY","Sociedad"],"inLanguage":"es-AR","potentialAction":[{"@type":"CommentAction","name":"Comment","target":["https:\/\/www.muyjujuy.com\/index.php\/2025\/07\/04\/este-sabado-se-realizara-un-acto-en-reconocimiento-por-el-traslado-de-esculturas-al-centro-cultural-lola-mora\/#respond"]}]},{"@type":"WebPage","@id":"https:\/\/www.muyjujuy.com\/index.php\/2025\/07\/04\/este-sabado-se-realizara-un-acto-en-reconocimiento-por-el-traslado-de-esculturas-al-centro-cultural-lola-mora\/","url":"https:\/\/www.muyjujuy.com\/index.php\/2025\/07\/04\/este-sabado-se-realizara-un-acto-en-reconocimiento-por-el-traslado-de-esculturas-al-centro-cultural-lola-mora\/","name":"Este s\u00e1bado se realizar\u00e1 un acto en reconocimiento por el traslado de esculturas al Centro Cultural Lola Mora - Muy Jujuy","isPartOf":{"@id":"https:\/\/www.muyjujuy.com\/#website"},"primaryImageOfPage":{"@id":"https:\/\/www.muyjujuy.com\/index.php\/2025\/07\/04\/este-sabado-se-realizara-un-acto-en-reconocimiento-por-el-traslado-de-esculturas-al-centro-cultural-lola-mora\/#primaryimage"},"image":{"@id":"https:\/\/www.muyjujuy.com\/index.php\/2025\/07\/04\/este-sabado-se-realizara-un-acto-en-reconocimiento-por-el-traslado-de-esculturas-al-centro-cultural-lola-mora\/#primaryimage"},"thumbnailUrl":"https:\/\/www.muyjujuy.com\/wp-content\/uploads\/2025\/07\/LOLA-MORA.jpg","datePublished":"2025-07-04T15:18:03+00:00","breadcrumb":{"@id":"https:\/\/www.muyjujuy.com\/index.php\/2025\/07\/04\/este-sabado-se-realizara-un-acto-en-reconocimiento-por-el-traslado-de-esculturas-al-centro-cultural-lola-mora\/#breadcrumb"},"inLanguage":"es-AR","potentialAction":[{"@type":"ReadAction","target":["https:\/\/www.muyjujuy.com\/index.php\/2025\/07\/04\/este-sabado-se-realizara-un-acto-en-reconocimiento-por-el-traslado-de-esculturas-al-centro-cultural-lola-mora\/"]}]},{"@type":"ImageObject","inLanguage":"es-AR","@id":"https:\/\/www.muyjujuy.com\/index.php\/2025\/07\/04\/este-sabado-se-realizara-un-acto-en-reconocimiento-por-el-traslado-de-esculturas-al-centro-cultural-lola-mora\/#primaryimage","url":"https:\/\/www.muyjujuy.com\/wp-content\/uploads\/2025\/07\/LOLA-MORA.jpg","contentUrl":"https:\/\/www.muyjujuy.com\/wp-content\/uploads\/2025\/07\/LOLA-MORA.jpg","width":870,"height":521},{"@type":"BreadcrumbList","@id":"https:\/\/www.muyjujuy.com\/index.php\/2025\/07\/04\/este-sabado-se-realizara-un-acto-en-reconocimiento-por-el-traslado-de-esculturas-al-centro-cultural-lola-mora\/#breadcrumb","itemListElement":[{"@type":"ListItem","position":1,"name":"Inicio","item":"https:\/\/www.muyjujuy.com\/"},{"@type":"ListItem","position":2,"name":"Este s\u00e1bado se realizar\u00e1 un acto en reconocimiento por el traslado de esculturas al Centro Cultural Lola Mora"}]},{"@type":"WebSite","@id":"https:\/\/www.muyjujuy.com\/#website","url":"https:\/\/www.muyjujuy.com\/","name":"Muy Jujuy","description":"","publisher":{"@id":"https:\/\/www.muyjujuy.com\/#organization"},"potentialAction":[{"@type":"SearchAction","target":{"@type":"EntryPoint","urlTemplate":"https:\/\/www.muyjujuy.com\/?s={search_term_string}"},"query-input":{"@type":"PropertyValueSpecification","valueRequired":true,"valueName":"search_term_string"}}],"inLanguage":"es-AR"},{"@type":"Organization","@id":"https:\/\/www.muyjujuy.com\/#organization","name":"Muy Jujuy","url":"https:\/\/www.muyjujuy.com\/","logo":{"@type":"ImageObject","inLanguage":"es-AR","@id":"https:\/\/www.muyjujuy.com\/#\/schema\/logo\/image\/","url":"http:\/\/www.muyjujuy.com\/wp-content\/uploads\/2022\/05\/logo-mobil-jujuy.png","contentUrl":"http:\/\/www.muyjujuy.com\/wp-content\/uploads\/2022\/05\/logo-mobil-jujuy.png","width":174,"height":81,"caption":"Muy Jujuy"},"image":{"@id":"https:\/\/www.muyjujuy.com\/#\/schema\/logo\/image\/"},"sameAs":["https:\/\/www.facebook.com\/muyjujuycom","https:\/\/x.com\/muyjujuy","https:\/\/www.instagram.com\/muyjujuycom"]},{"@type":"Person","@id":"https:\/\/www.muyjujuy.com\/#\/schema\/person\/a3b63db1f387ec4149299954904c5bf0","name":"admin","image":{"@type":"ImageObject","inLanguage":"es-AR","@id":"https:\/\/secure.gravatar.com\/avatar\/b6e63d8d3a73633362405a0ad27e9c28391755813b59886f19a99d6cef8a03fc?s=96&d=mm&r=g","url":"https:\/\/secure.gravatar.com\/avatar\/b6e63d8d3a73633362405a0ad27e9c28391755813b59886f19a99d6cef8a03fc?s=96&d=mm&r=g","contentUrl":"https:\/\/secure.gravatar.com\/avatar\/b6e63d8d3a73633362405a0ad27e9c28391755813b59886f19a99d6cef8a03fc?s=96&d=mm&r=g","caption":"admin"},"url":"https:\/\/www.muyjujuy.com\/index.php\/author\/soyeleditor\/"}]}},"_links":{"self":[{"href":"https:\/\/www.muyjujuy.com\/index.php\/wp-json\/wp\/v2\/posts\/2649","targetHints":{"allow":["GET"]}}],"collection":[{"href":"https:\/\/www.muyjujuy.com\/index.php\/wp-json\/wp\/v2\/posts"}],"about":[{"href":"https:\/\/www.muyjujuy.com\/index.php\/wp-json\/wp\/v2\/types\/post"}],"author":[{"embeddable":true,"href":"https:\/\/www.muyjujuy.com\/index.php\/wp-json\/wp\/v2\/users\/1"}],"replies":[{"embeddable":true,"href":"https:\/\/www.muyjujuy.com\/index.php\/wp-json\/wp\/v2\/comments?post=2649"}],"version-history":[{"count":1,"href":"https:\/\/www.muyjujuy.com\/index.php\/wp-json\/wp\/v2\/posts\/2649\/revisions"}],"predecessor-version":[{"id":2651,"href":"https:\/\/www.muyjujuy.com\/index.php\/wp-json\/wp\/v2\/posts\/2649\/revisions\/2651"}],"wp:featuredmedia":[{"embeddable":true,"href":"https:\/\/www.muyjujuy.com\/index.php\/wp-json\/wp\/v2\/media\/2650"}],"wp:attachment":[{"href":"https:\/\/www.muyjujuy.com\/index.php\/wp-json\/wp\/v2\/media?parent=2649"}],"wp:term":[{"taxonomy":"category","embeddable":true,"href":"https:\/\/www.muyjujuy.com\/index.php\/wp-json\/wp\/v2\/categories?post=2649"},{"taxonomy":"post_tag","embeddable":true,"href":"https:\/\/www.muyjujuy.com\/index.php\/wp-json\/wp\/v2\/tags?post=2649"}],"curies":[{"name":"wp","href":"https:\/\/api.w.org\/{rel}","templated":true}]}}