{"id":2652,"date":"2025-07-07T10:29:19","date_gmt":"2025-07-07T13:29:19","guid":{"rendered":"https:\/\/www.muyjujuy.com\/?p=2652"},"modified":"2025-07-07T10:29:19","modified_gmt":"2025-07-07T13:29:19","slug":"desde-este-lunes-se-aplica-un-incremento-del-20-en-el-valor-del-pan-en-jujuy","status":"publish","type":"post","link":"https:\/\/www.muyjujuy.com\/index.php\/2025\/07\/07\/desde-este-lunes-se-aplica-un-incremento-del-20-en-el-valor-del-pan-en-jujuy\/","title":{"rendered":"Desde este lunes, se aplica un incremento del 20% en el valor del pan en Jujuy"},"content":{"rendered":"\n<p>Aunque el ajuste oficial establece una suba del 20%, panader\u00edas juje\u00f1as optaron por asumir parte del aumento para reducir el impacto en el bolsillo de los consumidores.<\/p>\n\n\n\n<p>Desde este <strong>lunes comenz\u00f3 a regir un nuevo aumento en el precio del pan<\/strong> en la provincia de <strong>Jujuy<\/strong>. As\u00ed lo confirm\u00f3 <strong>Luis Cucchiaro<\/strong>, representante del <strong>Centro de Industriales Panaderos<\/strong>, quien se\u00f1al\u00f3 que si bien el porcentaje sugerido es del <strong>20%<\/strong>, numerosos comercios aplicar\u00e1n solo un <strong>10%<\/strong>, absorbiendo el resto para <strong>aminorar las consecuencias econ\u00f3micas en los hogares<\/strong>.<\/p>\n\n\n\n<p><strong>\u201cNos lleg\u00f3 la lista actualizada este s\u00e1bado y, aunque la recomendaci\u00f3n es aplicar un 20%, en nuestra panader\u00eda optamos por un 10% de aumento en esta primera etapa\u201d<\/strong>, explic\u00f3 <strong>Cucchiaro<\/strong> desde <strong>panader\u00eda San Mart\u00edn<\/strong>. <strong>\u201cQueremos acompa\u00f1ar a los clientes en un contexto econ\u00f3mico complicado\u201d<\/strong>, a\u00f1adi\u00f3.<\/p>\n\n\n\n<p>Con esta actualizaci\u00f3n, los precios de referencia se ubicar\u00edan en torno a los <strong>$3.200 por kilo de mi\u00f1\u00f3n<\/strong> y <strong>$4.800 el kilo de bizcocho<\/strong>, aunque los valores finales podr\u00edan diferir seg\u00fan el establecimiento.<\/p>\n\n\n\n<p>El referente panadero record\u00f3 que, aunque el \u00faltimo ajuste tuvo lugar en <strong>marzo<\/strong>, durante los meses siguientes se registraron fuertes alzas en las <strong>materias primas<\/strong>, en especial los productos grasos, cuyos precios aumentaron hasta un <strong>100%<\/strong>. A esto se suman los incrementos en los <strong>servicios y los acuerdos salariales<\/strong>, que impactan directamente en los costos de producci\u00f3n.<\/p>\n\n\n\n<p><strong>\u201cNo queremos trasladar todos los aumentos de manera directa al p\u00fablico, por eso muchas panader\u00edas decidimos cubrir parte de la suba. Vamos a esperar una estabilizaci\u00f3n en los insumos antes de considerar aplicar el 10% restante\u201d<\/strong>, concluy\u00f3.<\/p>\n","protected":false},"excerpt":{"rendered":"<p>Aunque el ajuste oficial establece una suba del 20%, panader\u00edas juje\u00f1as optaron por asumir parte del aumento para reducir el impacto en el bolsillo de los consumidores. Desde este lunes comenz\u00f3 a regir un nuevo aumento en el precio del pan en la provincia de Jujuy. As\u00ed lo confirm\u00f3 Luis Cucchiaro, representante del Centro de [&hellip;]<\/p>\n","protected":false},"author":1,"featured_media":2653,"comment_status":"open","ping_status":"open","sticky":false,"template":"","format":"standard","meta":{"footnotes":""},"categories":[863,25],"tags":[],"class_list":{"0":"post-2652","1":"post","2":"type-post","3":"status-publish","4":"format-standard","5":"has-post-thumbnail","7":"category-jujuy","8":"category-sociedad"},"yoast_head":"<!-- This site is optimized with the Yoast SEO plugin v27.5 - https:\/\/yoast.com\/product\/yoast-seo-wordpress\/ -->\n<title>Desde este lunes, se aplica un incremento del 20% en el valor del pan en Jujuy - Muy Jujuy<\/title>\n<meta name=\"robots\" content=\"index, follow, max-snippet:-1, max-image-preview:large, max-video-preview:-1\" \/>\n<link rel=\"canonical\" href=\"https:\/\/www.muyjujuy.com\/index.php\/2025\/07\/07\/desde-este-lunes-se-aplica-un-incremento-del-20-en-el-valor-del-pan-en-jujuy\/\" \/>\n<meta property=\"og:locale\" content=\"es_ES\" \/>\n<meta property=\"og:type\" content=\"article\" \/>\n<meta property=\"og:title\" content=\"Desde este lunes, se aplica un incremento del 20% en el valor del pan en Jujuy - Muy Jujuy\" \/>\n<meta property=\"og:description\" content=\"Aunque el ajuste oficial establece una suba del 20%, panader\u00edas juje\u00f1as optaron por asumir parte del aumento para reducir el impacto en el bolsillo de los consumidores. Desde este lunes comenz\u00f3 a regir un nuevo aumento en el precio del pan en la provincia de Jujuy. As\u00ed lo confirm\u00f3 Luis Cucchiaro, representante del Centro de [&hellip;]\" \/>\n<meta property=\"og:url\" content=\"https:\/\/www.muyjujuy.com\/index.php\/2025\/07\/07\/desde-este-lunes-se-aplica-un-incremento-del-20-en-el-valor-del-pan-en-jujuy\/\" \/>\n<meta property=\"og:site_name\" content=\"Muy Jujuy\" \/>\n<meta property=\"article:publisher\" content=\"https:\/\/www.facebook.com\/muyjujuycom\" \/>\n<meta property=\"article:published_time\" content=\"2025-07-07T13:29:19+00:00\" \/>\n<meta name=\"author\" content=\"admin\" \/>\n<meta name=\"twitter:card\" content=\"summary_large_image\" \/>\n<meta name=\"twitter:creator\" content=\"@muyjujuy\" \/>\n<meta name=\"twitter:site\" content=\"@muyjujuy\" \/>\n<meta name=\"twitter:label1\" content=\"Escrito por\" \/>\n\t<meta name=\"twitter:data1\" content=\"admin\" \/>\n\t<meta name=\"twitter:label2\" content=\"Tiempo de lectura\" \/>\n\t<meta name=\"twitter:data2\" content=\"1 minuto\" \/>\n<script type=\"application\/ld+json\" class=\"yoast-schema-graph\">{\"@context\":\"https:\\\/\\\/schema.org\",\"@graph\":[{\"@type\":\"Article\",\"@id\":\"https:\\\/\\\/www.muyjujuy.com\\\/index.php\\\/2025\\\/07\\\/07\\\/desde-este-lunes-se-aplica-un-incremento-del-20-en-el-valor-del-pan-en-jujuy\\\/#article\",\"isPartOf\":{\"@id\":\"https:\\\/\\\/www.muyjujuy.com\\\/index.php\\\/2025\\\/07\\\/07\\\/desde-este-lunes-se-aplica-un-incremento-del-20-en-el-valor-del-pan-en-jujuy\\\/\"},\"author\":{\"name\":\"admin\",\"@id\":\"https:\\\/\\\/www.muyjujuy.com\\\/#\\\/schema\\\/person\\\/a3b63db1f387ec4149299954904c5bf0\"},\"headline\":\"Desde este lunes, se aplica un incremento del 20% en el valor del pan en Jujuy\",\"datePublished\":\"2025-07-07T13:29:19+00:00\",\"mainEntityOfPage\":{\"@id\":\"https:\\\/\\\/www.muyjujuy.com\\\/index.php\\\/2025\\\/07\\\/07\\\/desde-este-lunes-se-aplica-un-incremento-del-20-en-el-valor-del-pan-en-jujuy\\\/\"},\"wordCount\":285,\"commentCount\":0,\"publisher\":{\"@id\":\"https:\\\/\\\/www.muyjujuy.com\\\/#organization\"},\"image\":{\"@id\":\"https:\\\/\\\/www.muyjujuy.com\\\/index.php\\\/2025\\\/07\\\/07\\\/desde-este-lunes-se-aplica-un-incremento-del-20-en-el-valor-del-pan-en-jujuy\\\/#primaryimage\"},\"thumbnailUrl\":\"https:\\\/\\\/www.muyjujuy.com\\\/wp-content\\\/uploads\\\/2025\\\/07\\\/PAN.jpg\",\"articleSection\":[\"JUJUY\",\"Sociedad\"],\"inLanguage\":\"es-AR\",\"potentialAction\":[{\"@type\":\"CommentAction\",\"name\":\"Comment\",\"target\":[\"https:\\\/\\\/www.muyjujuy.com\\\/index.php\\\/2025\\\/07\\\/07\\\/desde-este-lunes-se-aplica-un-incremento-del-20-en-el-valor-del-pan-en-jujuy\\\/#respond\"]}]},{\"@type\":\"WebPage\",\"@id\":\"https:\\\/\\\/www.muyjujuy.com\\\/index.php\\\/2025\\\/07\\\/07\\\/desde-este-lunes-se-aplica-un-incremento-del-20-en-el-valor-del-pan-en-jujuy\\\/\",\"url\":\"https:\\\/\\\/www.muyjujuy.com\\\/index.php\\\/2025\\\/07\\\/07\\\/desde-este-lunes-se-aplica-un-incremento-del-20-en-el-valor-del-pan-en-jujuy\\\/\",\"name\":\"Desde este lunes, se aplica un incremento del 20% en el valor del pan en Jujuy - Muy Jujuy\",\"isPartOf\":{\"@id\":\"https:\\\/\\\/www.muyjujuy.com\\\/#website\"},\"primaryImageOfPage\":{\"@id\":\"https:\\\/\\\/www.muyjujuy.com\\\/index.php\\\/2025\\\/07\\\/07\\\/desde-este-lunes-se-aplica-un-incremento-del-20-en-el-valor-del-pan-en-jujuy\\\/#primaryimage\"},\"image\":{\"@id\":\"https:\\\/\\\/www.muyjujuy.com\\\/index.php\\\/2025\\\/07\\\/07\\\/desde-este-lunes-se-aplica-un-incremento-del-20-en-el-valor-del-pan-en-jujuy\\\/#primaryimage\"},\"thumbnailUrl\":\"https:\\\/\\\/www.muyjujuy.com\\\/wp-content\\\/uploads\\\/2025\\\/07\\\/PAN.jpg\",\"datePublished\":\"2025-07-07T13:29:19+00:00\",\"breadcrumb\":{\"@id\":\"https:\\\/\\\/www.muyjujuy.com\\\/index.php\\\/2025\\\/07\\\/07\\\/desde-este-lunes-se-aplica-un-incremento-del-20-en-el-valor-del-pan-en-jujuy\\\/#breadcrumb\"},\"inLanguage\":\"es-AR\",\"potentialAction\":[{\"@type\":\"ReadAction\",\"target\":[\"https:\\\/\\\/www.muyjujuy.com\\\/index.php\\\/2025\\\/07\\\/07\\\/desde-este-lunes-se-aplica-un-incremento-del-20-en-el-valor-del-pan-en-jujuy\\\/\"]}]},{\"@type\":\"ImageObject\",\"inLanguage\":\"es-AR\",\"@id\":\"https:\\\/\\\/www.muyjujuy.com\\\/index.php\\\/2025\\\/07\\\/07\\\/desde-este-lunes-se-aplica-un-incremento-del-20-en-el-valor-del-pan-en-jujuy\\\/#primaryimage\",\"url\":\"https:\\\/\\\/www.muyjujuy.com\\\/wp-content\\\/uploads\\\/2025\\\/07\\\/PAN.jpg\",\"contentUrl\":\"https:\\\/\\\/www.muyjujuy.com\\\/wp-content\\\/uploads\\\/2025\\\/07\\\/PAN.jpg\",\"width\":942,\"height\":534},{\"@type\":\"BreadcrumbList\",\"@id\":\"https:\\\/\\\/www.muyjujuy.com\\\/index.php\\\/2025\\\/07\\\/07\\\/desde-este-lunes-se-aplica-un-incremento-del-20-en-el-valor-del-pan-en-jujuy\\\/#breadcrumb\",\"itemListElement\":[{\"@type\":\"ListItem\",\"position\":1,\"name\":\"Inicio\",\"item\":\"https:\\\/\\\/www.muyjujuy.com\\\/\"},{\"@type\":\"ListItem\",\"position\":2,\"name\":\"Desde este lunes, se aplica un incremento del 20% en el valor del pan en Jujuy\"}]},{\"@type\":\"WebSite\",\"@id\":\"https:\\\/\\\/www.muyjujuy.com\\\/#website\",\"url\":\"https:\\\/\\\/www.muyjujuy.com\\\/\",\"name\":\"Muy Jujuy\",\"description\":\"\",\"publisher\":{\"@id\":\"https:\\\/\\\/www.muyjujuy.com\\\/#organization\"},\"potentialAction\":[{\"@type\":\"SearchAction\",\"target\":{\"@type\":\"EntryPoint\",\"urlTemplate\":\"https:\\\/\\\/www.muyjujuy.com\\\/?s={search_term_string}\"},\"query-input\":{\"@type\":\"PropertyValueSpecification\",\"valueRequired\":true,\"valueName\":\"search_term_string\"}}],\"inLanguage\":\"es-AR\"},{\"@type\":\"Organization\",\"@id\":\"https:\\\/\\\/www.muyjujuy.com\\\/#organization\",\"name\":\"Muy Jujuy\",\"url\":\"https:\\\/\\\/www.muyjujuy.com\\\/\",\"logo\":{\"@type\":\"ImageObject\",\"inLanguage\":\"es-AR\",\"@id\":\"https:\\\/\\\/www.muyjujuy.com\\\/#\\\/schema\\\/logo\\\/image\\\/\",\"url\":\"http:\\\/\\\/www.muyjujuy.com\\\/wp-content\\\/uploads\\\/2022\\\/05\\\/logo-mobil-jujuy.png\",\"contentUrl\":\"http:\\\/\\\/www.muyjujuy.com\\\/wp-content\\\/uploads\\\/2022\\\/05\\\/logo-mobil-jujuy.png\",\"width\":174,\"height\":81,\"caption\":\"Muy Jujuy\"},\"image\":{\"@id\":\"https:\\\/\\\/www.muyjujuy.com\\\/#\\\/schema\\\/logo\\\/image\\\/\"},\"sameAs\":[\"https:\\\/\\\/www.facebook.com\\\/muyjujuycom\",\"https:\\\/\\\/x.com\\\/muyjujuy\",\"https:\\\/\\\/www.instagram.com\\\/muyjujuycom\"]},{\"@type\":\"Person\",\"@id\":\"https:\\\/\\\/www.muyjujuy.com\\\/#\\\/schema\\\/person\\\/a3b63db1f387ec4149299954904c5bf0\",\"name\":\"admin\",\"image\":{\"@type\":\"ImageObject\",\"inLanguage\":\"es-AR\",\"@id\":\"https:\\\/\\\/secure.gravatar.com\\\/avatar\\\/b6e63d8d3a73633362405a0ad27e9c28391755813b59886f19a99d6cef8a03fc?s=96&d=mm&r=g\",\"url\":\"https:\\\/\\\/secure.gravatar.com\\\/avatar\\\/b6e63d8d3a73633362405a0ad27e9c28391755813b59886f19a99d6cef8a03fc?s=96&d=mm&r=g\",\"contentUrl\":\"https:\\\/\\\/secure.gravatar.com\\\/avatar\\\/b6e63d8d3a73633362405a0ad27e9c28391755813b59886f19a99d6cef8a03fc?s=96&d=mm&r=g\",\"caption\":\"admin\"},\"url\":\"https:\\\/\\\/www.muyjujuy.com\\\/index.php\\\/author\\\/soyeleditor\\\/\"}]}<\/script>\n<!-- \/ Yoast SEO plugin. -->","yoast_head_json":{"title":"Desde este lunes, se aplica un incremento del 20% en el valor del pan en Jujuy - Muy Jujuy","robots":{"index":"index","follow":"follow","max-snippet":"max-snippet:-1","max-image-preview":"max-image-preview:large","max-video-preview":"max-video-preview:-1"},"canonical":"https:\/\/www.muyjujuy.com\/index.php\/2025\/07\/07\/desde-este-lunes-se-aplica-un-incremento-del-20-en-el-valor-del-pan-en-jujuy\/","og_locale":"es_ES","og_type":"article","og_title":"Desde este lunes, se aplica un incremento del 20% en el valor del pan en Jujuy - Muy Jujuy","og_description":"Aunque el ajuste oficial establece una suba del 20%, panader\u00edas juje\u00f1as optaron por asumir parte del aumento para reducir el impacto en el bolsillo de los consumidores. Desde este lunes comenz\u00f3 a regir un nuevo aumento en el precio del pan en la provincia de Jujuy. As\u00ed lo confirm\u00f3 Luis Cucchiaro, representante del Centro de [&hellip;]","og_url":"https:\/\/www.muyjujuy.com\/index.php\/2025\/07\/07\/desde-este-lunes-se-aplica-un-incremento-del-20-en-el-valor-del-pan-en-jujuy\/","og_site_name":"Muy Jujuy","article_publisher":"https:\/\/www.facebook.com\/muyjujuycom","article_published_time":"2025-07-07T13:29:19+00:00","author":"admin","twitter_card":"summary_large_image","twitter_creator":"@muyjujuy","twitter_site":"@muyjujuy","twitter_misc":{"Escrito por":"admin","Tiempo de lectura":"1 minuto"},"schema":{"@context":"https:\/\/schema.org","@graph":[{"@type":"Article","@id":"https:\/\/www.muyjujuy.com\/index.php\/2025\/07\/07\/desde-este-lunes-se-aplica-un-incremento-del-20-en-el-valor-del-pan-en-jujuy\/#article","isPartOf":{"@id":"https:\/\/www.muyjujuy.com\/index.php\/2025\/07\/07\/desde-este-lunes-se-aplica-un-incremento-del-20-en-el-valor-del-pan-en-jujuy\/"},"author":{"name":"admin","@id":"https:\/\/www.muyjujuy.com\/#\/schema\/person\/a3b63db1f387ec4149299954904c5bf0"},"headline":"Desde este lunes, se aplica un incremento del 20% en el valor del pan en Jujuy","datePublished":"2025-07-07T13:29:19+00:00","mainEntityOfPage":{"@id":"https:\/\/www.muyjujuy.com\/index.php\/2025\/07\/07\/desde-este-lunes-se-aplica-un-incremento-del-20-en-el-valor-del-pan-en-jujuy\/"},"wordCount":285,"commentCount":0,"publisher":{"@id":"https:\/\/www.muyjujuy.com\/#organization"},"image":{"@id":"https:\/\/www.muyjujuy.com\/index.php\/2025\/07\/07\/desde-este-lunes-se-aplica-un-incremento-del-20-en-el-valor-del-pan-en-jujuy\/#primaryimage"},"thumbnailUrl":"https:\/\/www.muyjujuy.com\/wp-content\/uploads\/2025\/07\/PAN.jpg","articleSection":["JUJUY","Sociedad"],"inLanguage":"es-AR","potentialAction":[{"@type":"CommentAction","name":"Comment","target":["https:\/\/www.muyjujuy.com\/index.php\/2025\/07\/07\/desde-este-lunes-se-aplica-un-incremento-del-20-en-el-valor-del-pan-en-jujuy\/#respond"]}]},{"@type":"WebPage","@id":"https:\/\/www.muyjujuy.com\/index.php\/2025\/07\/07\/desde-este-lunes-se-aplica-un-incremento-del-20-en-el-valor-del-pan-en-jujuy\/","url":"https:\/\/www.muyjujuy.com\/index.php\/2025\/07\/07\/desde-este-lunes-se-aplica-un-incremento-del-20-en-el-valor-del-pan-en-jujuy\/","name":"Desde este lunes, se aplica un incremento del 20% en el valor del pan en Jujuy - Muy Jujuy","isPartOf":{"@id":"https:\/\/www.muyjujuy.com\/#website"},"primaryImageOfPage":{"@id":"https:\/\/www.muyjujuy.com\/index.php\/2025\/07\/07\/desde-este-lunes-se-aplica-un-incremento-del-20-en-el-valor-del-pan-en-jujuy\/#primaryimage"},"image":{"@id":"https:\/\/www.muyjujuy.com\/index.php\/2025\/07\/07\/desde-este-lunes-se-aplica-un-incremento-del-20-en-el-valor-del-pan-en-jujuy\/#primaryimage"},"thumbnailUrl":"https:\/\/www.muyjujuy.com\/wp-content\/uploads\/2025\/07\/PAN.jpg","datePublished":"2025-07-07T13:29:19+00:00","breadcrumb":{"@id":"https:\/\/www.muyjujuy.com\/index.php\/2025\/07\/07\/desde-este-lunes-se-aplica-un-incremento-del-20-en-el-valor-del-pan-en-jujuy\/#breadcrumb"},"inLanguage":"es-AR","potentialAction":[{"@type":"ReadAction","target":["https:\/\/www.muyjujuy.com\/index.php\/2025\/07\/07\/desde-este-lunes-se-aplica-un-incremento-del-20-en-el-valor-del-pan-en-jujuy\/"]}]},{"@type":"ImageObject","inLanguage":"es-AR","@id":"https:\/\/www.muyjujuy.com\/index.php\/2025\/07\/07\/desde-este-lunes-se-aplica-un-incremento-del-20-en-el-valor-del-pan-en-jujuy\/#primaryimage","url":"https:\/\/www.muyjujuy.com\/wp-content\/uploads\/2025\/07\/PAN.jpg","contentUrl":"https:\/\/www.muyjujuy.com\/wp-content\/uploads\/2025\/07\/PAN.jpg","width":942,"height":534},{"@type":"BreadcrumbList","@id":"https:\/\/www.muyjujuy.com\/index.php\/2025\/07\/07\/desde-este-lunes-se-aplica-un-incremento-del-20-en-el-valor-del-pan-en-jujuy\/#breadcrumb","itemListElement":[{"@type":"ListItem","position":1,"name":"Inicio","item":"https:\/\/www.muyjujuy.com\/"},{"@type":"ListItem","position":2,"name":"Desde este lunes, se aplica un incremento del 20% en el valor del pan en Jujuy"}]},{"@type":"WebSite","@id":"https:\/\/www.muyjujuy.com\/#website","url":"https:\/\/www.muyjujuy.com\/","name":"Muy Jujuy","description":"","publisher":{"@id":"https:\/\/www.muyjujuy.com\/#organization"},"potentialAction":[{"@type":"SearchAction","target":{"@type":"EntryPoint","urlTemplate":"https:\/\/www.muyjujuy.com\/?s={search_term_string}"},"query-input":{"@type":"PropertyValueSpecification","valueRequired":true,"valueName":"search_term_string"}}],"inLanguage":"es-AR"},{"@type":"Organization","@id":"https:\/\/www.muyjujuy.com\/#organization","name":"Muy Jujuy","url":"https:\/\/www.muyjujuy.com\/","logo":{"@type":"ImageObject","inLanguage":"es-AR","@id":"https:\/\/www.muyjujuy.com\/#\/schema\/logo\/image\/","url":"http:\/\/www.muyjujuy.com\/wp-content\/uploads\/2022\/05\/logo-mobil-jujuy.png","contentUrl":"http:\/\/www.muyjujuy.com\/wp-content\/uploads\/2022\/05\/logo-mobil-jujuy.png","width":174,"height":81,"caption":"Muy Jujuy"},"image":{"@id":"https:\/\/www.muyjujuy.com\/#\/schema\/logo\/image\/"},"sameAs":["https:\/\/www.facebook.com\/muyjujuycom","https:\/\/x.com\/muyjujuy","https:\/\/www.instagram.com\/muyjujuycom"]},{"@type":"Person","@id":"https:\/\/www.muyjujuy.com\/#\/schema\/person\/a3b63db1f387ec4149299954904c5bf0","name":"admin","image":{"@type":"ImageObject","inLanguage":"es-AR","@id":"https:\/\/secure.gravatar.com\/avatar\/b6e63d8d3a73633362405a0ad27e9c28391755813b59886f19a99d6cef8a03fc?s=96&d=mm&r=g","url":"https:\/\/secure.gravatar.com\/avatar\/b6e63d8d3a73633362405a0ad27e9c28391755813b59886f19a99d6cef8a03fc?s=96&d=mm&r=g","contentUrl":"https:\/\/secure.gravatar.com\/avatar\/b6e63d8d3a73633362405a0ad27e9c28391755813b59886f19a99d6cef8a03fc?s=96&d=mm&r=g","caption":"admin"},"url":"https:\/\/www.muyjujuy.com\/index.php\/author\/soyeleditor\/"}]}},"_links":{"self":[{"href":"https:\/\/www.muyjujuy.com\/index.php\/wp-json\/wp\/v2\/posts\/2652","targetHints":{"allow":["GET"]}}],"collection":[{"href":"https:\/\/www.muyjujuy.com\/index.php\/wp-json\/wp\/v2\/posts"}],"about":[{"href":"https:\/\/www.muyjujuy.com\/index.php\/wp-json\/wp\/v2\/types\/post"}],"author":[{"embeddable":true,"href":"https:\/\/www.muyjujuy.com\/index.php\/wp-json\/wp\/v2\/users\/1"}],"replies":[{"embeddable":true,"href":"https:\/\/www.muyjujuy.com\/index.php\/wp-json\/wp\/v2\/comments?post=2652"}],"version-history":[{"count":1,"href":"https:\/\/www.muyjujuy.com\/index.php\/wp-json\/wp\/v2\/posts\/2652\/revisions"}],"predecessor-version":[{"id":2654,"href":"https:\/\/www.muyjujuy.com\/index.php\/wp-json\/wp\/v2\/posts\/2652\/revisions\/2654"}],"wp:featuredmedia":[{"embeddable":true,"href":"https:\/\/www.muyjujuy.com\/index.php\/wp-json\/wp\/v2\/media\/2653"}],"wp:attachment":[{"href":"https:\/\/www.muyjujuy.com\/index.php\/wp-json\/wp\/v2\/media?parent=2652"}],"wp:term":[{"taxonomy":"category","embeddable":true,"href":"https:\/\/www.muyjujuy.com\/index.php\/wp-json\/wp\/v2\/categories?post=2652"},{"taxonomy":"post_tag","embeddable":true,"href":"https:\/\/www.muyjujuy.com\/index.php\/wp-json\/wp\/v2\/tags?post=2652"}],"curies":[{"name":"wp","href":"https:\/\/api.w.org\/{rel}","templated":true}]}}