{"id":2658,"date":"2025-07-08T10:48:29","date_gmt":"2025-07-08T13:48:29","guid":{"rendered":"https:\/\/www.muyjujuy.com\/?p=2658"},"modified":"2025-07-08T10:48:29","modified_gmt":"2025-07-08T13:48:29","slug":"alarma-por-el-bajo-desempeno-en-matematica-entre-estudiantes-de-nivel-secundario-en-jujuy","status":"publish","type":"post","link":"https:\/\/www.muyjujuy.com\/index.php\/2025\/07\/08\/alarma-por-el-bajo-desempeno-en-matematica-entre-estudiantes-de-nivel-secundario-en-jujuy\/","title":{"rendered":"Alarma por el bajo desempe\u00f1o en matem\u00e1tica entre estudiantes de nivel secundario en Jujuy"},"content":{"rendered":"\n<p>La <strong>ministra de Educaci\u00f3n de Jujuy, Miriam Serrano<\/strong>, se refiri\u00f3 a los \u00faltimos resultados obtenidos en las evaluaciones nacionales y manifest\u00f3 su <strong>preocupaci\u00f3n ante el bajo rendimiento en matem\u00e1tica<\/strong> por parte del alumnado del nivel medio. En contraposici\u00f3n, se\u00f1al\u00f3 que en el \u00e1rea de lengua los indicadores son m\u00e1s positivos, ya que entre <strong>seis y siete estudiantes de cada diez logran desempe\u00f1os satisfactorios<\/strong>.<\/p>\n\n\n\n<p><strong>\u201cLos datos en lengua muestran que de cada diez estudiantes, seis o siete comprenden lo que leen. Aunque no es el escenario ideal, estamos en l\u00ednea con el promedio nacional\u201d<\/strong>, afirm\u00f3. Sin embargo, advirti\u00f3 que <strong>\u201cen matem\u00e1tica, los resultados son diametralmente opuestos\u201d<\/strong>, lo que representa una se\u00f1al de alerta y evidencia la <strong>necesidad de fortalecer las pr\u00e1cticas pedag\u00f3gicas<\/strong>.<\/p>\n\n\n\n<p>Serrano destac\u00f3 que esta disparidad tambi\u00e9n se explica por <strong>las caracter\u00edsticas particulares de cada \u00e1rea de conocimiento<\/strong>. <strong>\u201cEn casa, los chicos ven que se lee, que se comenta lo que se lee, que hay un ambiente lector. Pero la matem\u00e1tica es diferente: exige conocimientos previos, el manejo de s\u00edmbolos y estructuras abstractas, aspectos que muchas veces las familias no est\u00e1n en condiciones de acompa\u00f1ar\u201d<\/strong>, sostuvo.<\/p>\n\n\n\n<p>En ese marco, remarc\u00f3 que uno de los principales desaf\u00edos del sistema educativo actual es <strong>\u201crevisar las metodolog\u00edas con las que se ense\u00f1a matem\u00e1tica\u201d<\/strong>, incorporando propuestas como <strong>juegos, narrativas o enfoques que resulten m\u00e1s estimulantes para los alumnos<\/strong>.<\/p>\n\n\n\n<p>Adem\u00e1s, alert\u00f3 sobre las <strong>consecuencias que tiene la falta de comprensi\u00f3n matem\u00e1tica m\u00e1s all\u00e1 del \u00e1mbito escolar<\/strong>. <strong>\u201cLa memoria se ejercita, pero si no se entienden los conceptos fundamentales, si no se puede analizar lo que se aprende, resulta muy complejo desarrollar el pensamiento cr\u00edtico\u201d<\/strong>, asegur\u00f3.<\/p>\n\n\n\n<p>Por \u00faltimo, adelant\u00f3 que durante el segundo semestre del a\u00f1o, el <strong>Ministerio de Educaci\u00f3n provincial pondr\u00e1 el foco en acciones concretas orientadas a mejorar los aprendizajes en matem\u00e1tica<\/strong> en el nivel secundario.<\/p>\n","protected":false},"excerpt":{"rendered":"<p>La ministra de Educaci\u00f3n de Jujuy, Miriam Serrano, se refiri\u00f3 a los \u00faltimos resultados obtenidos en las evaluaciones nacionales y manifest\u00f3 su preocupaci\u00f3n ante el bajo rendimiento en matem\u00e1tica por parte del alumnado del nivel medio. En contraposici\u00f3n, se\u00f1al\u00f3 que en el \u00e1rea de lengua los indicadores son m\u00e1s positivos, ya que entre seis y [&hellip;]<\/p>\n","protected":false},"author":1,"featured_media":2659,"comment_status":"open","ping_status":"open","sticky":false,"template":"","format":"standard","meta":{"footnotes":""},"categories":[863,25],"tags":[],"class_list":{"0":"post-2658","1":"post","2":"type-post","3":"status-publish","4":"format-standard","5":"has-post-thumbnail","7":"category-jujuy","8":"category-sociedad"},"yoast_head":"<!-- This site is optimized with the Yoast SEO plugin v27.5 - https:\/\/yoast.com\/product\/yoast-seo-wordpress\/ -->\n<title>Alarma por el bajo desempe\u00f1o en matem\u00e1tica entre estudiantes de nivel secundario en Jujuy - Muy Jujuy<\/title>\n<meta name=\"robots\" content=\"index, follow, max-snippet:-1, max-image-preview:large, max-video-preview:-1\" \/>\n<link rel=\"canonical\" href=\"https:\/\/www.muyjujuy.com\/index.php\/2025\/07\/08\/alarma-por-el-bajo-desempeno-en-matematica-entre-estudiantes-de-nivel-secundario-en-jujuy\/\" \/>\n<meta property=\"og:locale\" content=\"es_ES\" \/>\n<meta property=\"og:type\" content=\"article\" \/>\n<meta property=\"og:title\" content=\"Alarma por el bajo desempe\u00f1o en matem\u00e1tica entre estudiantes de nivel secundario en Jujuy - Muy Jujuy\" \/>\n<meta property=\"og:description\" content=\"La ministra de Educaci\u00f3n de Jujuy, Miriam Serrano, se refiri\u00f3 a los \u00faltimos resultados obtenidos en las evaluaciones nacionales y manifest\u00f3 su preocupaci\u00f3n ante el bajo rendimiento en matem\u00e1tica por parte del alumnado del nivel medio. En contraposici\u00f3n, se\u00f1al\u00f3 que en el \u00e1rea de lengua los indicadores son m\u00e1s positivos, ya que entre seis y [&hellip;]\" \/>\n<meta property=\"og:url\" content=\"https:\/\/www.muyjujuy.com\/index.php\/2025\/07\/08\/alarma-por-el-bajo-desempeno-en-matematica-entre-estudiantes-de-nivel-secundario-en-jujuy\/\" \/>\n<meta property=\"og:site_name\" content=\"Muy Jujuy\" \/>\n<meta property=\"article:publisher\" content=\"https:\/\/www.facebook.com\/muyjujuycom\" \/>\n<meta property=\"article:published_time\" content=\"2025-07-08T13:48:29+00:00\" \/>\n<meta name=\"author\" content=\"admin\" \/>\n<meta name=\"twitter:card\" content=\"summary_large_image\" \/>\n<meta name=\"twitter:creator\" content=\"@muyjujuy\" \/>\n<meta name=\"twitter:site\" content=\"@muyjujuy\" \/>\n<meta name=\"twitter:label1\" content=\"Escrito por\" \/>\n\t<meta name=\"twitter:data1\" content=\"admin\" \/>\n\t<meta name=\"twitter:label2\" content=\"Tiempo de lectura\" \/>\n\t<meta name=\"twitter:data2\" content=\"2 minutos\" \/>\n<script type=\"application\/ld+json\" class=\"yoast-schema-graph\">{\"@context\":\"https:\\\/\\\/schema.org\",\"@graph\":[{\"@type\":\"Article\",\"@id\":\"https:\\\/\\\/www.muyjujuy.com\\\/index.php\\\/2025\\\/07\\\/08\\\/alarma-por-el-bajo-desempeno-en-matematica-entre-estudiantes-de-nivel-secundario-en-jujuy\\\/#article\",\"isPartOf\":{\"@id\":\"https:\\\/\\\/www.muyjujuy.com\\\/index.php\\\/2025\\\/07\\\/08\\\/alarma-por-el-bajo-desempeno-en-matematica-entre-estudiantes-de-nivel-secundario-en-jujuy\\\/\"},\"author\":{\"name\":\"admin\",\"@id\":\"https:\\\/\\\/www.muyjujuy.com\\\/#\\\/schema\\\/person\\\/a3b63db1f387ec4149299954904c5bf0\"},\"headline\":\"Alarma por el bajo desempe\u00f1o en matem\u00e1tica entre estudiantes de nivel secundario en Jujuy\",\"datePublished\":\"2025-07-08T13:48:29+00:00\",\"mainEntityOfPage\":{\"@id\":\"https:\\\/\\\/www.muyjujuy.com\\\/index.php\\\/2025\\\/07\\\/08\\\/alarma-por-el-bajo-desempeno-en-matematica-entre-estudiantes-de-nivel-secundario-en-jujuy\\\/\"},\"wordCount\":349,\"commentCount\":0,\"publisher\":{\"@id\":\"https:\\\/\\\/www.muyjujuy.com\\\/#organization\"},\"image\":{\"@id\":\"https:\\\/\\\/www.muyjujuy.com\\\/index.php\\\/2025\\\/07\\\/08\\\/alarma-por-el-bajo-desempeno-en-matematica-entre-estudiantes-de-nivel-secundario-en-jujuy\\\/#primaryimage\"},\"thumbnailUrl\":\"https:\\\/\\\/www.muyjujuy.com\\\/wp-content\\\/uploads\\\/2025\\\/07\\\/JUJUY.jpg\",\"articleSection\":[\"JUJUY\",\"Sociedad\"],\"inLanguage\":\"es-AR\",\"potentialAction\":[{\"@type\":\"CommentAction\",\"name\":\"Comment\",\"target\":[\"https:\\\/\\\/www.muyjujuy.com\\\/index.php\\\/2025\\\/07\\\/08\\\/alarma-por-el-bajo-desempeno-en-matematica-entre-estudiantes-de-nivel-secundario-en-jujuy\\\/#respond\"]}]},{\"@type\":\"WebPage\",\"@id\":\"https:\\\/\\\/www.muyjujuy.com\\\/index.php\\\/2025\\\/07\\\/08\\\/alarma-por-el-bajo-desempeno-en-matematica-entre-estudiantes-de-nivel-secundario-en-jujuy\\\/\",\"url\":\"https:\\\/\\\/www.muyjujuy.com\\\/index.php\\\/2025\\\/07\\\/08\\\/alarma-por-el-bajo-desempeno-en-matematica-entre-estudiantes-de-nivel-secundario-en-jujuy\\\/\",\"name\":\"Alarma por el bajo desempe\u00f1o en matem\u00e1tica entre estudiantes de nivel secundario en Jujuy - Muy Jujuy\",\"isPartOf\":{\"@id\":\"https:\\\/\\\/www.muyjujuy.com\\\/#website\"},\"primaryImageOfPage\":{\"@id\":\"https:\\\/\\\/www.muyjujuy.com\\\/index.php\\\/2025\\\/07\\\/08\\\/alarma-por-el-bajo-desempeno-en-matematica-entre-estudiantes-de-nivel-secundario-en-jujuy\\\/#primaryimage\"},\"image\":{\"@id\":\"https:\\\/\\\/www.muyjujuy.com\\\/index.php\\\/2025\\\/07\\\/08\\\/alarma-por-el-bajo-desempeno-en-matematica-entre-estudiantes-de-nivel-secundario-en-jujuy\\\/#primaryimage\"},\"thumbnailUrl\":\"https:\\\/\\\/www.muyjujuy.com\\\/wp-content\\\/uploads\\\/2025\\\/07\\\/JUJUY.jpg\",\"datePublished\":\"2025-07-08T13:48:29+00:00\",\"breadcrumb\":{\"@id\":\"https:\\\/\\\/www.muyjujuy.com\\\/index.php\\\/2025\\\/07\\\/08\\\/alarma-por-el-bajo-desempeno-en-matematica-entre-estudiantes-de-nivel-secundario-en-jujuy\\\/#breadcrumb\"},\"inLanguage\":\"es-AR\",\"potentialAction\":[{\"@type\":\"ReadAction\",\"target\":[\"https:\\\/\\\/www.muyjujuy.com\\\/index.php\\\/2025\\\/07\\\/08\\\/alarma-por-el-bajo-desempeno-en-matematica-entre-estudiantes-de-nivel-secundario-en-jujuy\\\/\"]}]},{\"@type\":\"ImageObject\",\"inLanguage\":\"es-AR\",\"@id\":\"https:\\\/\\\/www.muyjujuy.com\\\/index.php\\\/2025\\\/07\\\/08\\\/alarma-por-el-bajo-desempeno-en-matematica-entre-estudiantes-de-nivel-secundario-en-jujuy\\\/#primaryimage\",\"url\":\"https:\\\/\\\/www.muyjujuy.com\\\/wp-content\\\/uploads\\\/2025\\\/07\\\/JUJUY.jpg\",\"contentUrl\":\"https:\\\/\\\/www.muyjujuy.com\\\/wp-content\\\/uploads\\\/2025\\\/07\\\/JUJUY.jpg\",\"width\":960,\"height\":496},{\"@type\":\"BreadcrumbList\",\"@id\":\"https:\\\/\\\/www.muyjujuy.com\\\/index.php\\\/2025\\\/07\\\/08\\\/alarma-por-el-bajo-desempeno-en-matematica-entre-estudiantes-de-nivel-secundario-en-jujuy\\\/#breadcrumb\",\"itemListElement\":[{\"@type\":\"ListItem\",\"position\":1,\"name\":\"Inicio\",\"item\":\"https:\\\/\\\/www.muyjujuy.com\\\/\"},{\"@type\":\"ListItem\",\"position\":2,\"name\":\"Alarma por el bajo desempe\u00f1o en matem\u00e1tica entre estudiantes de nivel secundario en Jujuy\"}]},{\"@type\":\"WebSite\",\"@id\":\"https:\\\/\\\/www.muyjujuy.com\\\/#website\",\"url\":\"https:\\\/\\\/www.muyjujuy.com\\\/\",\"name\":\"Muy Jujuy\",\"description\":\"\",\"publisher\":{\"@id\":\"https:\\\/\\\/www.muyjujuy.com\\\/#organization\"},\"potentialAction\":[{\"@type\":\"SearchAction\",\"target\":{\"@type\":\"EntryPoint\",\"urlTemplate\":\"https:\\\/\\\/www.muyjujuy.com\\\/?s={search_term_string}\"},\"query-input\":{\"@type\":\"PropertyValueSpecification\",\"valueRequired\":true,\"valueName\":\"search_term_string\"}}],\"inLanguage\":\"es-AR\"},{\"@type\":\"Organization\",\"@id\":\"https:\\\/\\\/www.muyjujuy.com\\\/#organization\",\"name\":\"Muy Jujuy\",\"url\":\"https:\\\/\\\/www.muyjujuy.com\\\/\",\"logo\":{\"@type\":\"ImageObject\",\"inLanguage\":\"es-AR\",\"@id\":\"https:\\\/\\\/www.muyjujuy.com\\\/#\\\/schema\\\/logo\\\/image\\\/\",\"url\":\"http:\\\/\\\/www.muyjujuy.com\\\/wp-content\\\/uploads\\\/2022\\\/05\\\/logo-mobil-jujuy.png\",\"contentUrl\":\"http:\\\/\\\/www.muyjujuy.com\\\/wp-content\\\/uploads\\\/2022\\\/05\\\/logo-mobil-jujuy.png\",\"width\":174,\"height\":81,\"caption\":\"Muy Jujuy\"},\"image\":{\"@id\":\"https:\\\/\\\/www.muyjujuy.com\\\/#\\\/schema\\\/logo\\\/image\\\/\"},\"sameAs\":[\"https:\\\/\\\/www.facebook.com\\\/muyjujuycom\",\"https:\\\/\\\/x.com\\\/muyjujuy\",\"https:\\\/\\\/www.instagram.com\\\/muyjujuycom\"]},{\"@type\":\"Person\",\"@id\":\"https:\\\/\\\/www.muyjujuy.com\\\/#\\\/schema\\\/person\\\/a3b63db1f387ec4149299954904c5bf0\",\"name\":\"admin\",\"image\":{\"@type\":\"ImageObject\",\"inLanguage\":\"es-AR\",\"@id\":\"https:\\\/\\\/secure.gravatar.com\\\/avatar\\\/b6e63d8d3a73633362405a0ad27e9c28391755813b59886f19a99d6cef8a03fc?s=96&d=mm&r=g\",\"url\":\"https:\\\/\\\/secure.gravatar.com\\\/avatar\\\/b6e63d8d3a73633362405a0ad27e9c28391755813b59886f19a99d6cef8a03fc?s=96&d=mm&r=g\",\"contentUrl\":\"https:\\\/\\\/secure.gravatar.com\\\/avatar\\\/b6e63d8d3a73633362405a0ad27e9c28391755813b59886f19a99d6cef8a03fc?s=96&d=mm&r=g\",\"caption\":\"admin\"},\"url\":\"https:\\\/\\\/www.muyjujuy.com\\\/index.php\\\/author\\\/soyeleditor\\\/\"}]}<\/script>\n<!-- \/ Yoast SEO plugin. -->","yoast_head_json":{"title":"Alarma por el bajo desempe\u00f1o en matem\u00e1tica entre estudiantes de nivel secundario en Jujuy - Muy Jujuy","robots":{"index":"index","follow":"follow","max-snippet":"max-snippet:-1","max-image-preview":"max-image-preview:large","max-video-preview":"max-video-preview:-1"},"canonical":"https:\/\/www.muyjujuy.com\/index.php\/2025\/07\/08\/alarma-por-el-bajo-desempeno-en-matematica-entre-estudiantes-de-nivel-secundario-en-jujuy\/","og_locale":"es_ES","og_type":"article","og_title":"Alarma por el bajo desempe\u00f1o en matem\u00e1tica entre estudiantes de nivel secundario en Jujuy - Muy Jujuy","og_description":"La ministra de Educaci\u00f3n de Jujuy, Miriam Serrano, se refiri\u00f3 a los \u00faltimos resultados obtenidos en las evaluaciones nacionales y manifest\u00f3 su preocupaci\u00f3n ante el bajo rendimiento en matem\u00e1tica por parte del alumnado del nivel medio. En contraposici\u00f3n, se\u00f1al\u00f3 que en el \u00e1rea de lengua los indicadores son m\u00e1s positivos, ya que entre seis y [&hellip;]","og_url":"https:\/\/www.muyjujuy.com\/index.php\/2025\/07\/08\/alarma-por-el-bajo-desempeno-en-matematica-entre-estudiantes-de-nivel-secundario-en-jujuy\/","og_site_name":"Muy Jujuy","article_publisher":"https:\/\/www.facebook.com\/muyjujuycom","article_published_time":"2025-07-08T13:48:29+00:00","author":"admin","twitter_card":"summary_large_image","twitter_creator":"@muyjujuy","twitter_site":"@muyjujuy","twitter_misc":{"Escrito por":"admin","Tiempo de lectura":"2 minutos"},"schema":{"@context":"https:\/\/schema.org","@graph":[{"@type":"Article","@id":"https:\/\/www.muyjujuy.com\/index.php\/2025\/07\/08\/alarma-por-el-bajo-desempeno-en-matematica-entre-estudiantes-de-nivel-secundario-en-jujuy\/#article","isPartOf":{"@id":"https:\/\/www.muyjujuy.com\/index.php\/2025\/07\/08\/alarma-por-el-bajo-desempeno-en-matematica-entre-estudiantes-de-nivel-secundario-en-jujuy\/"},"author":{"name":"admin","@id":"https:\/\/www.muyjujuy.com\/#\/schema\/person\/a3b63db1f387ec4149299954904c5bf0"},"headline":"Alarma por el bajo desempe\u00f1o en matem\u00e1tica entre estudiantes de nivel secundario en Jujuy","datePublished":"2025-07-08T13:48:29+00:00","mainEntityOfPage":{"@id":"https:\/\/www.muyjujuy.com\/index.php\/2025\/07\/08\/alarma-por-el-bajo-desempeno-en-matematica-entre-estudiantes-de-nivel-secundario-en-jujuy\/"},"wordCount":349,"commentCount":0,"publisher":{"@id":"https:\/\/www.muyjujuy.com\/#organization"},"image":{"@id":"https:\/\/www.muyjujuy.com\/index.php\/2025\/07\/08\/alarma-por-el-bajo-desempeno-en-matematica-entre-estudiantes-de-nivel-secundario-en-jujuy\/#primaryimage"},"thumbnailUrl":"https:\/\/www.muyjujuy.com\/wp-content\/uploads\/2025\/07\/JUJUY.jpg","articleSection":["JUJUY","Sociedad"],"inLanguage":"es-AR","potentialAction":[{"@type":"CommentAction","name":"Comment","target":["https:\/\/www.muyjujuy.com\/index.php\/2025\/07\/08\/alarma-por-el-bajo-desempeno-en-matematica-entre-estudiantes-de-nivel-secundario-en-jujuy\/#respond"]}]},{"@type":"WebPage","@id":"https:\/\/www.muyjujuy.com\/index.php\/2025\/07\/08\/alarma-por-el-bajo-desempeno-en-matematica-entre-estudiantes-de-nivel-secundario-en-jujuy\/","url":"https:\/\/www.muyjujuy.com\/index.php\/2025\/07\/08\/alarma-por-el-bajo-desempeno-en-matematica-entre-estudiantes-de-nivel-secundario-en-jujuy\/","name":"Alarma por el bajo desempe\u00f1o en matem\u00e1tica entre estudiantes de nivel secundario en Jujuy - Muy Jujuy","isPartOf":{"@id":"https:\/\/www.muyjujuy.com\/#website"},"primaryImageOfPage":{"@id":"https:\/\/www.muyjujuy.com\/index.php\/2025\/07\/08\/alarma-por-el-bajo-desempeno-en-matematica-entre-estudiantes-de-nivel-secundario-en-jujuy\/#primaryimage"},"image":{"@id":"https:\/\/www.muyjujuy.com\/index.php\/2025\/07\/08\/alarma-por-el-bajo-desempeno-en-matematica-entre-estudiantes-de-nivel-secundario-en-jujuy\/#primaryimage"},"thumbnailUrl":"https:\/\/www.muyjujuy.com\/wp-content\/uploads\/2025\/07\/JUJUY.jpg","datePublished":"2025-07-08T13:48:29+00:00","breadcrumb":{"@id":"https:\/\/www.muyjujuy.com\/index.php\/2025\/07\/08\/alarma-por-el-bajo-desempeno-en-matematica-entre-estudiantes-de-nivel-secundario-en-jujuy\/#breadcrumb"},"inLanguage":"es-AR","potentialAction":[{"@type":"ReadAction","target":["https:\/\/www.muyjujuy.com\/index.php\/2025\/07\/08\/alarma-por-el-bajo-desempeno-en-matematica-entre-estudiantes-de-nivel-secundario-en-jujuy\/"]}]},{"@type":"ImageObject","inLanguage":"es-AR","@id":"https:\/\/www.muyjujuy.com\/index.php\/2025\/07\/08\/alarma-por-el-bajo-desempeno-en-matematica-entre-estudiantes-de-nivel-secundario-en-jujuy\/#primaryimage","url":"https:\/\/www.muyjujuy.com\/wp-content\/uploads\/2025\/07\/JUJUY.jpg","contentUrl":"https:\/\/www.muyjujuy.com\/wp-content\/uploads\/2025\/07\/JUJUY.jpg","width":960,"height":496},{"@type":"BreadcrumbList","@id":"https:\/\/www.muyjujuy.com\/index.php\/2025\/07\/08\/alarma-por-el-bajo-desempeno-en-matematica-entre-estudiantes-de-nivel-secundario-en-jujuy\/#breadcrumb","itemListElement":[{"@type":"ListItem","position":1,"name":"Inicio","item":"https:\/\/www.muyjujuy.com\/"},{"@type":"ListItem","position":2,"name":"Alarma por el bajo desempe\u00f1o en matem\u00e1tica entre estudiantes de nivel secundario en Jujuy"}]},{"@type":"WebSite","@id":"https:\/\/www.muyjujuy.com\/#website","url":"https:\/\/www.muyjujuy.com\/","name":"Muy Jujuy","description":"","publisher":{"@id":"https:\/\/www.muyjujuy.com\/#organization"},"potentialAction":[{"@type":"SearchAction","target":{"@type":"EntryPoint","urlTemplate":"https:\/\/www.muyjujuy.com\/?s={search_term_string}"},"query-input":{"@type":"PropertyValueSpecification","valueRequired":true,"valueName":"search_term_string"}}],"inLanguage":"es-AR"},{"@type":"Organization","@id":"https:\/\/www.muyjujuy.com\/#organization","name":"Muy Jujuy","url":"https:\/\/www.muyjujuy.com\/","logo":{"@type":"ImageObject","inLanguage":"es-AR","@id":"https:\/\/www.muyjujuy.com\/#\/schema\/logo\/image\/","url":"http:\/\/www.muyjujuy.com\/wp-content\/uploads\/2022\/05\/logo-mobil-jujuy.png","contentUrl":"http:\/\/www.muyjujuy.com\/wp-content\/uploads\/2022\/05\/logo-mobil-jujuy.png","width":174,"height":81,"caption":"Muy Jujuy"},"image":{"@id":"https:\/\/www.muyjujuy.com\/#\/schema\/logo\/image\/"},"sameAs":["https:\/\/www.facebook.com\/muyjujuycom","https:\/\/x.com\/muyjujuy","https:\/\/www.instagram.com\/muyjujuycom"]},{"@type":"Person","@id":"https:\/\/www.muyjujuy.com\/#\/schema\/person\/a3b63db1f387ec4149299954904c5bf0","name":"admin","image":{"@type":"ImageObject","inLanguage":"es-AR","@id":"https:\/\/secure.gravatar.com\/avatar\/b6e63d8d3a73633362405a0ad27e9c28391755813b59886f19a99d6cef8a03fc?s=96&d=mm&r=g","url":"https:\/\/secure.gravatar.com\/avatar\/b6e63d8d3a73633362405a0ad27e9c28391755813b59886f19a99d6cef8a03fc?s=96&d=mm&r=g","contentUrl":"https:\/\/secure.gravatar.com\/avatar\/b6e63d8d3a73633362405a0ad27e9c28391755813b59886f19a99d6cef8a03fc?s=96&d=mm&r=g","caption":"admin"},"url":"https:\/\/www.muyjujuy.com\/index.php\/author\/soyeleditor\/"}]}},"_links":{"self":[{"href":"https:\/\/www.muyjujuy.com\/index.php\/wp-json\/wp\/v2\/posts\/2658","targetHints":{"allow":["GET"]}}],"collection":[{"href":"https:\/\/www.muyjujuy.com\/index.php\/wp-json\/wp\/v2\/posts"}],"about":[{"href":"https:\/\/www.muyjujuy.com\/index.php\/wp-json\/wp\/v2\/types\/post"}],"author":[{"embeddable":true,"href":"https:\/\/www.muyjujuy.com\/index.php\/wp-json\/wp\/v2\/users\/1"}],"replies":[{"embeddable":true,"href":"https:\/\/www.muyjujuy.com\/index.php\/wp-json\/wp\/v2\/comments?post=2658"}],"version-history":[{"count":1,"href":"https:\/\/www.muyjujuy.com\/index.php\/wp-json\/wp\/v2\/posts\/2658\/revisions"}],"predecessor-version":[{"id":2660,"href":"https:\/\/www.muyjujuy.com\/index.php\/wp-json\/wp\/v2\/posts\/2658\/revisions\/2660"}],"wp:featuredmedia":[{"embeddable":true,"href":"https:\/\/www.muyjujuy.com\/index.php\/wp-json\/wp\/v2\/media\/2659"}],"wp:attachment":[{"href":"https:\/\/www.muyjujuy.com\/index.php\/wp-json\/wp\/v2\/media?parent=2658"}],"wp:term":[{"taxonomy":"category","embeddable":true,"href":"https:\/\/www.muyjujuy.com\/index.php\/wp-json\/wp\/v2\/categories?post=2658"},{"taxonomy":"post_tag","embeddable":true,"href":"https:\/\/www.muyjujuy.com\/index.php\/wp-json\/wp\/v2\/tags?post=2658"}],"curies":[{"name":"wp","href":"https:\/\/api.w.org\/{rel}","templated":true}]}}