{"id":2664,"date":"2025-07-10T21:31:00","date_gmt":"2025-07-11T00:31:00","guid":{"rendered":"https:\/\/www.muyjujuy.com\/?p=2664"},"modified":"2025-07-10T21:31:00","modified_gmt":"2025-07-11T00:31:00","slug":"el-gobierno-nacional-penaliza-a-las-provincias-con-cuentas-ordenadas-y-busca-apropiarse-de-recursos-que-pertenecen-a-los-jujenos","status":"publish","type":"post","link":"https:\/\/www.muyjujuy.com\/index.php\/2025\/07\/10\/el-gobierno-nacional-penaliza-a-las-provincias-con-cuentas-ordenadas-y-busca-apropiarse-de-recursos-que-pertenecen-a-los-jujenos\/","title":{"rendered":"&#8220;El Gobierno Nacional penaliza a las provincias con cuentas ordenadas y busca apropiarse de recursos que pertenecen a los juje\u00f1os&#8221;"},"content":{"rendered":"\n<p>Desde el <strong>Bloque de Diputados del Frente Cambia Jujuy<\/strong> expresaron su <strong>profunda inquietud ante la actitud del Gobierno Nacional<\/strong>, al que se\u00f1alan por aplicar medidas que perjudican a aquellas provincias que han alcanzado el equilibrio fiscal y por intentar <strong>adue\u00f1arse de fondos que leg\u00edtimamente le corresponden al pueblo de Jujuy<\/strong>.<\/p>\n\n\n\n<p>Mediante un comunicado oficial, los legisladores que integran el oficialismo en la provincia manifestaron su <strong>respaldo a los proyectos impulsados por distintos gobernadores en el Senado de la Naci\u00f3n<\/strong>, como la <strong>reasignaci\u00f3n del impuesto a los combustibles<\/strong> y la <strong>actualizaci\u00f3n de los Aportes del Tesoro Nacional (ATN)<\/strong>. <strong>\u201cEstas propuestas no afectan el super\u00e1vit nacional ni suponen un aumento del gasto p\u00fablico, sino que buscan restituir fondos que son patrimonio de las provincias\u201d<\/strong>, indicaron.<\/p>\n\n\n\n<p>A su vez, subrayaron que <strong>\u201cla mayor\u00eda de los mandatarios provinciales, entre ellos el gobernador Carlos Sadir, han acompa\u00f1ado con responsabilidad las medidas nacionales tendientes a reducir el d\u00e9ficit y controlar la inflaci\u00f3n. Sin embargo, resulta inviable seguir exigiendo ajustes a quienes han cumplido con sus compromisos, ordenaron sus cuentas y eliminaron el d\u00e9ficit fiscal, como es el caso de la provincia de Jujuy\u201d<\/strong>.<\/p>\n\n\n\n<p>Desde el bloque tambi\u00e9n advirtieron que, <strong>a pesar de los esfuerzos llevados adelante por el Ejecutivo provincial, el Gobierno de Jujuy debe financiar con recursos propios \u00e1reas fundamentales que han sido desatendidas por la Naci\u00f3n<\/strong>, tales como:<\/p>\n\n\n\n<ul class=\"wp-block-list\">\n<li><strong>La paralizaci\u00f3n de obras p\u00fablicas estrat\u00e9gicas, como la Ruta Nacional 34.<\/strong><\/li>\n\n\n\n<li><strong>La eliminaci\u00f3n de subsidios al transporte.<\/strong><\/li>\n\n\n\n<li><strong>La supresi\u00f3n del Fondo Nacional de Incentivo Docente (FONID).<\/strong><\/li>\n\n\n\n<li><strong>El recorte de programas sanitarios que impactan directamente sobre los sectores m\u00e1s vulnerables.<\/strong><\/li>\n<\/ul>\n\n\n\n<p><strong>\u201cEs necesario que el federalismo y el di\u00e1logo institucional vuelvan a ocupar un lugar prioritario en la agenda nacional. En este marco, consideramos indispensable que los senadores por Jujuy \u2013elegidos para representar a nuestra provincia\u2013 se sumen a este reclamo justo, en defensa de los intereses del pueblo juje\u00f1o\u201d<\/strong>, concluye el comunicado.<\/p>\n\n\n\n<p><strong>Jujuy, 10 de julio de 2025<\/strong>.<\/p>\n","protected":false},"excerpt":{"rendered":"<p>Desde el Bloque de Diputados del Frente Cambia Jujuy expresaron su profunda inquietud ante la actitud del Gobierno Nacional, al que se\u00f1alan por aplicar medidas que perjudican a aquellas provincias que han alcanzado el equilibrio fiscal y por intentar adue\u00f1arse de fondos que leg\u00edtimamente le corresponden al pueblo de Jujuy. Mediante un comunicado oficial, los [&hellip;]<\/p>\n","protected":false},"author":1,"featured_media":2665,"comment_status":"open","ping_status":"open","sticky":false,"template":"","format":"standard","meta":{"footnotes":""},"categories":[863,24],"tags":[],"class_list":{"0":"post-2664","1":"post","2":"type-post","3":"status-publish","4":"format-standard","5":"has-post-thumbnail","7":"category-jujuy","8":"category-politica"},"yoast_head":"<!-- This site is optimized with the Yoast SEO plugin v27.5 - https:\/\/yoast.com\/product\/yoast-seo-wordpress\/ -->\n<title>&quot;El Gobierno Nacional penaliza a las provincias con cuentas ordenadas y busca apropiarse de recursos que pertenecen a los juje\u00f1os&quot; - Muy Jujuy<\/title>\n<meta name=\"robots\" content=\"index, follow, max-snippet:-1, max-image-preview:large, max-video-preview:-1\" \/>\n<link rel=\"canonical\" href=\"https:\/\/www.muyjujuy.com\/index.php\/2025\/07\/10\/el-gobierno-nacional-penaliza-a-las-provincias-con-cuentas-ordenadas-y-busca-apropiarse-de-recursos-que-pertenecen-a-los-jujenos\/\" \/>\n<meta property=\"og:locale\" content=\"es_ES\" \/>\n<meta property=\"og:type\" content=\"article\" \/>\n<meta property=\"og:title\" content=\"&quot;El Gobierno Nacional penaliza a las provincias con cuentas ordenadas y busca apropiarse de recursos que pertenecen a los juje\u00f1os&quot; - Muy Jujuy\" \/>\n<meta property=\"og:description\" content=\"Desde el Bloque de Diputados del Frente Cambia Jujuy expresaron su profunda inquietud ante la actitud del Gobierno Nacional, al que se\u00f1alan por aplicar medidas que perjudican a aquellas provincias que han alcanzado el equilibrio fiscal y por intentar adue\u00f1arse de fondos que leg\u00edtimamente le corresponden al pueblo de Jujuy. Mediante un comunicado oficial, los [&hellip;]\" \/>\n<meta property=\"og:url\" content=\"https:\/\/www.muyjujuy.com\/index.php\/2025\/07\/10\/el-gobierno-nacional-penaliza-a-las-provincias-con-cuentas-ordenadas-y-busca-apropiarse-de-recursos-que-pertenecen-a-los-jujenos\/\" \/>\n<meta property=\"og:site_name\" content=\"Muy Jujuy\" \/>\n<meta property=\"article:publisher\" content=\"https:\/\/www.facebook.com\/muyjujuycom\" \/>\n<meta property=\"article:published_time\" content=\"2025-07-11T00:31:00+00:00\" \/>\n<meta name=\"author\" content=\"admin\" \/>\n<meta name=\"twitter:card\" content=\"summary_large_image\" \/>\n<meta name=\"twitter:creator\" content=\"@muyjujuy\" \/>\n<meta name=\"twitter:site\" content=\"@muyjujuy\" \/>\n<meta name=\"twitter:label1\" content=\"Escrito por\" \/>\n\t<meta name=\"twitter:data1\" content=\"admin\" \/>\n\t<meta name=\"twitter:label2\" content=\"Tiempo de lectura\" \/>\n\t<meta name=\"twitter:data2\" content=\"2 minutos\" \/>\n<script type=\"application\/ld+json\" class=\"yoast-schema-graph\">{\"@context\":\"https:\\\/\\\/schema.org\",\"@graph\":[{\"@type\":\"Article\",\"@id\":\"https:\\\/\\\/www.muyjujuy.com\\\/index.php\\\/2025\\\/07\\\/10\\\/el-gobierno-nacional-penaliza-a-las-provincias-con-cuentas-ordenadas-y-busca-apropiarse-de-recursos-que-pertenecen-a-los-jujenos\\\/#article\",\"isPartOf\":{\"@id\":\"https:\\\/\\\/www.muyjujuy.com\\\/index.php\\\/2025\\\/07\\\/10\\\/el-gobierno-nacional-penaliza-a-las-provincias-con-cuentas-ordenadas-y-busca-apropiarse-de-recursos-que-pertenecen-a-los-jujenos\\\/\"},\"author\":{\"name\":\"admin\",\"@id\":\"https:\\\/\\\/www.muyjujuy.com\\\/#\\\/schema\\\/person\\\/a3b63db1f387ec4149299954904c5bf0\"},\"headline\":\"&#8220;El Gobierno Nacional penaliza a las provincias con cuentas ordenadas y busca apropiarse de recursos que pertenecen a los juje\u00f1os&#8221;\",\"datePublished\":\"2025-07-11T00:31:00+00:00\",\"mainEntityOfPage\":{\"@id\":\"https:\\\/\\\/www.muyjujuy.com\\\/index.php\\\/2025\\\/07\\\/10\\\/el-gobierno-nacional-penaliza-a-las-provincias-con-cuentas-ordenadas-y-busca-apropiarse-de-recursos-que-pertenecen-a-los-jujenos\\\/\"},\"wordCount\":362,\"commentCount\":0,\"publisher\":{\"@id\":\"https:\\\/\\\/www.muyjujuy.com\\\/#organization\"},\"image\":{\"@id\":\"https:\\\/\\\/www.muyjujuy.com\\\/index.php\\\/2025\\\/07\\\/10\\\/el-gobierno-nacional-penaliza-a-las-provincias-con-cuentas-ordenadas-y-busca-apropiarse-de-recursos-que-pertenecen-a-los-jujenos\\\/#primaryimage\"},\"thumbnailUrl\":\"https:\\\/\\\/www.muyjujuy.com\\\/wp-content\\\/uploads\\\/2025\\\/07\\\/jujuy-1.jpg\",\"articleSection\":[\"JUJUY\",\"Pol\u00edtica\"],\"inLanguage\":\"es-AR\",\"potentialAction\":[{\"@type\":\"CommentAction\",\"name\":\"Comment\",\"target\":[\"https:\\\/\\\/www.muyjujuy.com\\\/index.php\\\/2025\\\/07\\\/10\\\/el-gobierno-nacional-penaliza-a-las-provincias-con-cuentas-ordenadas-y-busca-apropiarse-de-recursos-que-pertenecen-a-los-jujenos\\\/#respond\"]}]},{\"@type\":\"WebPage\",\"@id\":\"https:\\\/\\\/www.muyjujuy.com\\\/index.php\\\/2025\\\/07\\\/10\\\/el-gobierno-nacional-penaliza-a-las-provincias-con-cuentas-ordenadas-y-busca-apropiarse-de-recursos-que-pertenecen-a-los-jujenos\\\/\",\"url\":\"https:\\\/\\\/www.muyjujuy.com\\\/index.php\\\/2025\\\/07\\\/10\\\/el-gobierno-nacional-penaliza-a-las-provincias-con-cuentas-ordenadas-y-busca-apropiarse-de-recursos-que-pertenecen-a-los-jujenos\\\/\",\"name\":\"\\\"El Gobierno Nacional penaliza a las provincias con cuentas ordenadas y busca apropiarse de recursos que pertenecen a los juje\u00f1os\\\" - Muy Jujuy\",\"isPartOf\":{\"@id\":\"https:\\\/\\\/www.muyjujuy.com\\\/#website\"},\"primaryImageOfPage\":{\"@id\":\"https:\\\/\\\/www.muyjujuy.com\\\/index.php\\\/2025\\\/07\\\/10\\\/el-gobierno-nacional-penaliza-a-las-provincias-con-cuentas-ordenadas-y-busca-apropiarse-de-recursos-que-pertenecen-a-los-jujenos\\\/#primaryimage\"},\"image\":{\"@id\":\"https:\\\/\\\/www.muyjujuy.com\\\/index.php\\\/2025\\\/07\\\/10\\\/el-gobierno-nacional-penaliza-a-las-provincias-con-cuentas-ordenadas-y-busca-apropiarse-de-recursos-que-pertenecen-a-los-jujenos\\\/#primaryimage\"},\"thumbnailUrl\":\"https:\\\/\\\/www.muyjujuy.com\\\/wp-content\\\/uploads\\\/2025\\\/07\\\/jujuy-1.jpg\",\"datePublished\":\"2025-07-11T00:31:00+00:00\",\"breadcrumb\":{\"@id\":\"https:\\\/\\\/www.muyjujuy.com\\\/index.php\\\/2025\\\/07\\\/10\\\/el-gobierno-nacional-penaliza-a-las-provincias-con-cuentas-ordenadas-y-busca-apropiarse-de-recursos-que-pertenecen-a-los-jujenos\\\/#breadcrumb\"},\"inLanguage\":\"es-AR\",\"potentialAction\":[{\"@type\":\"ReadAction\",\"target\":[\"https:\\\/\\\/www.muyjujuy.com\\\/index.php\\\/2025\\\/07\\\/10\\\/el-gobierno-nacional-penaliza-a-las-provincias-con-cuentas-ordenadas-y-busca-apropiarse-de-recursos-que-pertenecen-a-los-jujenos\\\/\"]}]},{\"@type\":\"ImageObject\",\"inLanguage\":\"es-AR\",\"@id\":\"https:\\\/\\\/www.muyjujuy.com\\\/index.php\\\/2025\\\/07\\\/10\\\/el-gobierno-nacional-penaliza-a-las-provincias-con-cuentas-ordenadas-y-busca-apropiarse-de-recursos-que-pertenecen-a-los-jujenos\\\/#primaryimage\",\"url\":\"https:\\\/\\\/www.muyjujuy.com\\\/wp-content\\\/uploads\\\/2025\\\/07\\\/jujuy-1.jpg\",\"contentUrl\":\"https:\\\/\\\/www.muyjujuy.com\\\/wp-content\\\/uploads\\\/2025\\\/07\\\/jujuy-1.jpg\",\"width\":927,\"height\":525},{\"@type\":\"BreadcrumbList\",\"@id\":\"https:\\\/\\\/www.muyjujuy.com\\\/index.php\\\/2025\\\/07\\\/10\\\/el-gobierno-nacional-penaliza-a-las-provincias-con-cuentas-ordenadas-y-busca-apropiarse-de-recursos-que-pertenecen-a-los-jujenos\\\/#breadcrumb\",\"itemListElement\":[{\"@type\":\"ListItem\",\"position\":1,\"name\":\"Inicio\",\"item\":\"https:\\\/\\\/www.muyjujuy.com\\\/\"},{\"@type\":\"ListItem\",\"position\":2,\"name\":\"&#8220;El Gobierno Nacional penaliza a las provincias con cuentas ordenadas y busca apropiarse de recursos que pertenecen a los juje\u00f1os&#8221;\"}]},{\"@type\":\"WebSite\",\"@id\":\"https:\\\/\\\/www.muyjujuy.com\\\/#website\",\"url\":\"https:\\\/\\\/www.muyjujuy.com\\\/\",\"name\":\"Muy Jujuy\",\"description\":\"\",\"publisher\":{\"@id\":\"https:\\\/\\\/www.muyjujuy.com\\\/#organization\"},\"potentialAction\":[{\"@type\":\"SearchAction\",\"target\":{\"@type\":\"EntryPoint\",\"urlTemplate\":\"https:\\\/\\\/www.muyjujuy.com\\\/?s={search_term_string}\"},\"query-input\":{\"@type\":\"PropertyValueSpecification\",\"valueRequired\":true,\"valueName\":\"search_term_string\"}}],\"inLanguage\":\"es-AR\"},{\"@type\":\"Organization\",\"@id\":\"https:\\\/\\\/www.muyjujuy.com\\\/#organization\",\"name\":\"Muy Jujuy\",\"url\":\"https:\\\/\\\/www.muyjujuy.com\\\/\",\"logo\":{\"@type\":\"ImageObject\",\"inLanguage\":\"es-AR\",\"@id\":\"https:\\\/\\\/www.muyjujuy.com\\\/#\\\/schema\\\/logo\\\/image\\\/\",\"url\":\"http:\\\/\\\/www.muyjujuy.com\\\/wp-content\\\/uploads\\\/2022\\\/05\\\/logo-mobil-jujuy.png\",\"contentUrl\":\"http:\\\/\\\/www.muyjujuy.com\\\/wp-content\\\/uploads\\\/2022\\\/05\\\/logo-mobil-jujuy.png\",\"width\":174,\"height\":81,\"caption\":\"Muy Jujuy\"},\"image\":{\"@id\":\"https:\\\/\\\/www.muyjujuy.com\\\/#\\\/schema\\\/logo\\\/image\\\/\"},\"sameAs\":[\"https:\\\/\\\/www.facebook.com\\\/muyjujuycom\",\"https:\\\/\\\/x.com\\\/muyjujuy\",\"https:\\\/\\\/www.instagram.com\\\/muyjujuycom\"]},{\"@type\":\"Person\",\"@id\":\"https:\\\/\\\/www.muyjujuy.com\\\/#\\\/schema\\\/person\\\/a3b63db1f387ec4149299954904c5bf0\",\"name\":\"admin\",\"image\":{\"@type\":\"ImageObject\",\"inLanguage\":\"es-AR\",\"@id\":\"https:\\\/\\\/secure.gravatar.com\\\/avatar\\\/b6e63d8d3a73633362405a0ad27e9c28391755813b59886f19a99d6cef8a03fc?s=96&d=mm&r=g\",\"url\":\"https:\\\/\\\/secure.gravatar.com\\\/avatar\\\/b6e63d8d3a73633362405a0ad27e9c28391755813b59886f19a99d6cef8a03fc?s=96&d=mm&r=g\",\"contentUrl\":\"https:\\\/\\\/secure.gravatar.com\\\/avatar\\\/b6e63d8d3a73633362405a0ad27e9c28391755813b59886f19a99d6cef8a03fc?s=96&d=mm&r=g\",\"caption\":\"admin\"},\"url\":\"https:\\\/\\\/www.muyjujuy.com\\\/index.php\\\/author\\\/soyeleditor\\\/\"}]}<\/script>\n<!-- \/ Yoast SEO plugin. -->","yoast_head_json":{"title":"\"El Gobierno Nacional penaliza a las provincias con cuentas ordenadas y busca apropiarse de recursos que pertenecen a los juje\u00f1os\" - Muy Jujuy","robots":{"index":"index","follow":"follow","max-snippet":"max-snippet:-1","max-image-preview":"max-image-preview:large","max-video-preview":"max-video-preview:-1"},"canonical":"https:\/\/www.muyjujuy.com\/index.php\/2025\/07\/10\/el-gobierno-nacional-penaliza-a-las-provincias-con-cuentas-ordenadas-y-busca-apropiarse-de-recursos-que-pertenecen-a-los-jujenos\/","og_locale":"es_ES","og_type":"article","og_title":"\"El Gobierno Nacional penaliza a las provincias con cuentas ordenadas y busca apropiarse de recursos que pertenecen a los juje\u00f1os\" - Muy Jujuy","og_description":"Desde el Bloque de Diputados del Frente Cambia Jujuy expresaron su profunda inquietud ante la actitud del Gobierno Nacional, al que se\u00f1alan por aplicar medidas que perjudican a aquellas provincias que han alcanzado el equilibrio fiscal y por intentar adue\u00f1arse de fondos que leg\u00edtimamente le corresponden al pueblo de Jujuy. Mediante un comunicado oficial, los [&hellip;]","og_url":"https:\/\/www.muyjujuy.com\/index.php\/2025\/07\/10\/el-gobierno-nacional-penaliza-a-las-provincias-con-cuentas-ordenadas-y-busca-apropiarse-de-recursos-que-pertenecen-a-los-jujenos\/","og_site_name":"Muy Jujuy","article_publisher":"https:\/\/www.facebook.com\/muyjujuycom","article_published_time":"2025-07-11T00:31:00+00:00","author":"admin","twitter_card":"summary_large_image","twitter_creator":"@muyjujuy","twitter_site":"@muyjujuy","twitter_misc":{"Escrito por":"admin","Tiempo de lectura":"2 minutos"},"schema":{"@context":"https:\/\/schema.org","@graph":[{"@type":"Article","@id":"https:\/\/www.muyjujuy.com\/index.php\/2025\/07\/10\/el-gobierno-nacional-penaliza-a-las-provincias-con-cuentas-ordenadas-y-busca-apropiarse-de-recursos-que-pertenecen-a-los-jujenos\/#article","isPartOf":{"@id":"https:\/\/www.muyjujuy.com\/index.php\/2025\/07\/10\/el-gobierno-nacional-penaliza-a-las-provincias-con-cuentas-ordenadas-y-busca-apropiarse-de-recursos-que-pertenecen-a-los-jujenos\/"},"author":{"name":"admin","@id":"https:\/\/www.muyjujuy.com\/#\/schema\/person\/a3b63db1f387ec4149299954904c5bf0"},"headline":"&#8220;El Gobierno Nacional penaliza a las provincias con cuentas ordenadas y busca apropiarse de recursos que pertenecen a los juje\u00f1os&#8221;","datePublished":"2025-07-11T00:31:00+00:00","mainEntityOfPage":{"@id":"https:\/\/www.muyjujuy.com\/index.php\/2025\/07\/10\/el-gobierno-nacional-penaliza-a-las-provincias-con-cuentas-ordenadas-y-busca-apropiarse-de-recursos-que-pertenecen-a-los-jujenos\/"},"wordCount":362,"commentCount":0,"publisher":{"@id":"https:\/\/www.muyjujuy.com\/#organization"},"image":{"@id":"https:\/\/www.muyjujuy.com\/index.php\/2025\/07\/10\/el-gobierno-nacional-penaliza-a-las-provincias-con-cuentas-ordenadas-y-busca-apropiarse-de-recursos-que-pertenecen-a-los-jujenos\/#primaryimage"},"thumbnailUrl":"https:\/\/www.muyjujuy.com\/wp-content\/uploads\/2025\/07\/jujuy-1.jpg","articleSection":["JUJUY","Pol\u00edtica"],"inLanguage":"es-AR","potentialAction":[{"@type":"CommentAction","name":"Comment","target":["https:\/\/www.muyjujuy.com\/index.php\/2025\/07\/10\/el-gobierno-nacional-penaliza-a-las-provincias-con-cuentas-ordenadas-y-busca-apropiarse-de-recursos-que-pertenecen-a-los-jujenos\/#respond"]}]},{"@type":"WebPage","@id":"https:\/\/www.muyjujuy.com\/index.php\/2025\/07\/10\/el-gobierno-nacional-penaliza-a-las-provincias-con-cuentas-ordenadas-y-busca-apropiarse-de-recursos-que-pertenecen-a-los-jujenos\/","url":"https:\/\/www.muyjujuy.com\/index.php\/2025\/07\/10\/el-gobierno-nacional-penaliza-a-las-provincias-con-cuentas-ordenadas-y-busca-apropiarse-de-recursos-que-pertenecen-a-los-jujenos\/","name":"\"El Gobierno Nacional penaliza a las provincias con cuentas ordenadas y busca apropiarse de recursos que pertenecen a los juje\u00f1os\" - Muy Jujuy","isPartOf":{"@id":"https:\/\/www.muyjujuy.com\/#website"},"primaryImageOfPage":{"@id":"https:\/\/www.muyjujuy.com\/index.php\/2025\/07\/10\/el-gobierno-nacional-penaliza-a-las-provincias-con-cuentas-ordenadas-y-busca-apropiarse-de-recursos-que-pertenecen-a-los-jujenos\/#primaryimage"},"image":{"@id":"https:\/\/www.muyjujuy.com\/index.php\/2025\/07\/10\/el-gobierno-nacional-penaliza-a-las-provincias-con-cuentas-ordenadas-y-busca-apropiarse-de-recursos-que-pertenecen-a-los-jujenos\/#primaryimage"},"thumbnailUrl":"https:\/\/www.muyjujuy.com\/wp-content\/uploads\/2025\/07\/jujuy-1.jpg","datePublished":"2025-07-11T00:31:00+00:00","breadcrumb":{"@id":"https:\/\/www.muyjujuy.com\/index.php\/2025\/07\/10\/el-gobierno-nacional-penaliza-a-las-provincias-con-cuentas-ordenadas-y-busca-apropiarse-de-recursos-que-pertenecen-a-los-jujenos\/#breadcrumb"},"inLanguage":"es-AR","potentialAction":[{"@type":"ReadAction","target":["https:\/\/www.muyjujuy.com\/index.php\/2025\/07\/10\/el-gobierno-nacional-penaliza-a-las-provincias-con-cuentas-ordenadas-y-busca-apropiarse-de-recursos-que-pertenecen-a-los-jujenos\/"]}]},{"@type":"ImageObject","inLanguage":"es-AR","@id":"https:\/\/www.muyjujuy.com\/index.php\/2025\/07\/10\/el-gobierno-nacional-penaliza-a-las-provincias-con-cuentas-ordenadas-y-busca-apropiarse-de-recursos-que-pertenecen-a-los-jujenos\/#primaryimage","url":"https:\/\/www.muyjujuy.com\/wp-content\/uploads\/2025\/07\/jujuy-1.jpg","contentUrl":"https:\/\/www.muyjujuy.com\/wp-content\/uploads\/2025\/07\/jujuy-1.jpg","width":927,"height":525},{"@type":"BreadcrumbList","@id":"https:\/\/www.muyjujuy.com\/index.php\/2025\/07\/10\/el-gobierno-nacional-penaliza-a-las-provincias-con-cuentas-ordenadas-y-busca-apropiarse-de-recursos-que-pertenecen-a-los-jujenos\/#breadcrumb","itemListElement":[{"@type":"ListItem","position":1,"name":"Inicio","item":"https:\/\/www.muyjujuy.com\/"},{"@type":"ListItem","position":2,"name":"&#8220;El Gobierno Nacional penaliza a las provincias con cuentas ordenadas y busca apropiarse de recursos que pertenecen a los juje\u00f1os&#8221;"}]},{"@type":"WebSite","@id":"https:\/\/www.muyjujuy.com\/#website","url":"https:\/\/www.muyjujuy.com\/","name":"Muy Jujuy","description":"","publisher":{"@id":"https:\/\/www.muyjujuy.com\/#organization"},"potentialAction":[{"@type":"SearchAction","target":{"@type":"EntryPoint","urlTemplate":"https:\/\/www.muyjujuy.com\/?s={search_term_string}"},"query-input":{"@type":"PropertyValueSpecification","valueRequired":true,"valueName":"search_term_string"}}],"inLanguage":"es-AR"},{"@type":"Organization","@id":"https:\/\/www.muyjujuy.com\/#organization","name":"Muy Jujuy","url":"https:\/\/www.muyjujuy.com\/","logo":{"@type":"ImageObject","inLanguage":"es-AR","@id":"https:\/\/www.muyjujuy.com\/#\/schema\/logo\/image\/","url":"http:\/\/www.muyjujuy.com\/wp-content\/uploads\/2022\/05\/logo-mobil-jujuy.png","contentUrl":"http:\/\/www.muyjujuy.com\/wp-content\/uploads\/2022\/05\/logo-mobil-jujuy.png","width":174,"height":81,"caption":"Muy Jujuy"},"image":{"@id":"https:\/\/www.muyjujuy.com\/#\/schema\/logo\/image\/"},"sameAs":["https:\/\/www.facebook.com\/muyjujuycom","https:\/\/x.com\/muyjujuy","https:\/\/www.instagram.com\/muyjujuycom"]},{"@type":"Person","@id":"https:\/\/www.muyjujuy.com\/#\/schema\/person\/a3b63db1f387ec4149299954904c5bf0","name":"admin","image":{"@type":"ImageObject","inLanguage":"es-AR","@id":"https:\/\/secure.gravatar.com\/avatar\/b6e63d8d3a73633362405a0ad27e9c28391755813b59886f19a99d6cef8a03fc?s=96&d=mm&r=g","url":"https:\/\/secure.gravatar.com\/avatar\/b6e63d8d3a73633362405a0ad27e9c28391755813b59886f19a99d6cef8a03fc?s=96&d=mm&r=g","contentUrl":"https:\/\/secure.gravatar.com\/avatar\/b6e63d8d3a73633362405a0ad27e9c28391755813b59886f19a99d6cef8a03fc?s=96&d=mm&r=g","caption":"admin"},"url":"https:\/\/www.muyjujuy.com\/index.php\/author\/soyeleditor\/"}]}},"_links":{"self":[{"href":"https:\/\/www.muyjujuy.com\/index.php\/wp-json\/wp\/v2\/posts\/2664","targetHints":{"allow":["GET"]}}],"collection":[{"href":"https:\/\/www.muyjujuy.com\/index.php\/wp-json\/wp\/v2\/posts"}],"about":[{"href":"https:\/\/www.muyjujuy.com\/index.php\/wp-json\/wp\/v2\/types\/post"}],"author":[{"embeddable":true,"href":"https:\/\/www.muyjujuy.com\/index.php\/wp-json\/wp\/v2\/users\/1"}],"replies":[{"embeddable":true,"href":"https:\/\/www.muyjujuy.com\/index.php\/wp-json\/wp\/v2\/comments?post=2664"}],"version-history":[{"count":1,"href":"https:\/\/www.muyjujuy.com\/index.php\/wp-json\/wp\/v2\/posts\/2664\/revisions"}],"predecessor-version":[{"id":2666,"href":"https:\/\/www.muyjujuy.com\/index.php\/wp-json\/wp\/v2\/posts\/2664\/revisions\/2666"}],"wp:featuredmedia":[{"embeddable":true,"href":"https:\/\/www.muyjujuy.com\/index.php\/wp-json\/wp\/v2\/media\/2665"}],"wp:attachment":[{"href":"https:\/\/www.muyjujuy.com\/index.php\/wp-json\/wp\/v2\/media?parent=2664"}],"wp:term":[{"taxonomy":"category","embeddable":true,"href":"https:\/\/www.muyjujuy.com\/index.php\/wp-json\/wp\/v2\/categories?post=2664"},{"taxonomy":"post_tag","embeddable":true,"href":"https:\/\/www.muyjujuy.com\/index.php\/wp-json\/wp\/v2\/tags?post=2664"}],"curies":[{"name":"wp","href":"https:\/\/api.w.org\/{rel}","templated":true}]}}