{"id":2667,"date":"2025-07-10T21:37:29","date_gmt":"2025-07-11T00:37:29","guid":{"rendered":"https:\/\/www.muyjujuy.com\/?p=2667"},"modified":"2025-07-10T21:37:29","modified_gmt":"2025-07-11T00:37:29","slug":"en-medio-del-conflicto-con-pilotos-y-controladores-jujuy-inicia-la-temporada-invernal-con-un-70-de-ocupacion-hotelera","status":"publish","type":"post","link":"https:\/\/www.muyjujuy.com\/index.php\/2025\/07\/10\/en-medio-del-conflicto-con-pilotos-y-controladores-jujuy-inicia-la-temporada-invernal-con-un-70-de-ocupacion-hotelera\/","title":{"rendered":"En medio del conflicto con pilotos y controladores, Jujuy inicia la temporada invernal con un 70% de ocupaci\u00f3n hotelera"},"content":{"rendered":"\n<p>El <strong>secretario de Turismo<\/strong>, <strong>Diego Valdecantos<\/strong>, manifest\u00f3 su <strong>preocupaci\u00f3n ante posibles demoras y cancelaciones de vuelos<\/strong> durante el receso invernal. Actualmente, la provincia registra un <strong>70% de reservas hoteleras confirmadas<\/strong>.<\/p>\n\n\n\n<p>Valdecantos se refiri\u00f3 este jueves al posible impacto en el flujo tur\u00edstico que podr\u00eda provocar el <strong>plan de medidas de fuerza anunciado por los controladores a\u00e9reos<\/strong> para julio, coincidiendo con la temporada alta de invierno. <strong>El Gobierno nacional dict\u00f3 la conciliaci\u00f3n obligatoria<\/strong> en la tarde del mismo d\u00eda.<\/p>\n\n\n\n<p>En paralelo, el <strong>gremio de pilotos anunci\u00f3 un paro para el s\u00e1bado 19 de julio<\/strong>, fecha clave del inicio de vacaciones en Ciudad y Provincia de Buenos Aires. La medida afectar\u00e1 <strong>los vuelos durante toda la jornada<\/strong>, desde la medianoche hasta las 23:59 horas.<\/p>\n\n\n\n<p><strong>\u201cEstas acciones impactan de lleno en el turismo. Los vuelos que arriban a Jujuy desde distintos destinos del pa\u00eds son fundamentales para sostener la temporada. Cuando hay demoras o cancelaciones, los turistas pierden noches de hotel o excursiones ya contratadas\u201d,<\/strong> se\u00f1al\u00f3 el funcionario.<\/p>\n\n\n\n<p>En ese sentido, remarc\u00f3 que <strong>el turismo interno ya enfrenta limitaciones por la crisis econ\u00f3mica nacional<\/strong>, por lo que nuevas dificultades como las medidas gremiales <strong>profundizan los desaf\u00edos del sector<\/strong>. \u201cConfiamos en que se llegue a una soluci\u00f3n. No podemos permitir m\u00e1s perjuicios a una actividad que se viene preparando con mucho esfuerzo y altas expectativas\u201d, sostuvo.<\/p>\n\n\n\n<p>A pesar del contexto, desde la Secretar\u00eda de Turismo informaron que <strong>la ocupaci\u00f3n hotelera en Jujuy alcanza actualmente el 70%<\/strong>, lo que abre un panorama alentador si no se agravan los problemas vinculados al transporte a\u00e9reo.<\/p>\n\n\n\n<p><strong>\u201cLa provincia brinda m\u00faltiples propuestas para vacacionar: desde la Quebrada hasta los Valles y la Puna. Hay inter\u00e9s real de la gente en visitar Jujuy, las consultas y reservas lo demuestran, pero necesitamos asegurar que puedan llegar\u201d,<\/strong> concluy\u00f3 Valdecantos.<\/p>\n\n\n\n<hr class=\"wp-block-separator has-alpha-channel-opacity\"\/>\n\n\n\n<p><strong>La conciliaci\u00f3n obligatoria busca evitar el paro de controladores a\u00e9reos<\/strong><\/p>\n\n\n\n<p>La resoluci\u00f3n, que rige desde <strong>las 00 horas del 11 de julio por un plazo de 15 d\u00edas<\/strong>, fue dispuesta por el Gobierno nacional con el objetivo de <strong>garantizar la prestaci\u00f3n de los servicios a\u00e9reos esenciales<\/strong>, inform\u00f3 el <strong>Ministerio de Capital Humano<\/strong> mediante un comunicado.<\/p>\n\n\n\n<p><strong>\u201cA trav\u00e9s de la Secretar\u00eda de Trabajo, Empleo y Seguridad Social, se informa que se ha dictado la conciliaci\u00f3n obligatoria en el conflicto entre la Asociaci\u00f3n de T\u00e9cnicos y Empleados de Protecci\u00f3n y Seguridad a la Aeronavegaci\u00f3n (ATEPSA) y los organismos estatales vinculados al control a\u00e9reo: la Empresa Argentina de Navegaci\u00f3n A\u00e9rea (EANA S.E.) y la Administraci\u00f3n Nacional de Aviaci\u00f3n Civil (ANAC)\u201d<\/strong>, detall\u00f3 la cartera conducida por <strong>Sandra Pettovello<\/strong>.<\/p>\n\n\n\n<p>Asimismo, se indic\u00f3 que la medida tiene efecto <strong>desde la medianoche del 11 de julio de 2025<\/strong> y establece un per\u00edodo de negociaci\u00f3n de <strong>15 d\u00edas h\u00e1biles<\/strong>, durante el cual <strong>las partes deben retrotraer la situaci\u00f3n al estado previo al conflicto<\/strong>.<\/p>\n\n\n\n<hr class=\"wp-block-separator has-alpha-channel-opacity\"\/>\n\n\n\n<p><strong>El calendario de paros previsto por los controladores a\u00e9reos<\/strong><\/p>\n\n\n\n<p>El <strong>plan de lucha de ATEPSA contempla 10 jornadas de interrupciones parciales del servicio<\/strong>, que afectar\u00edan vuelos de cabotaje e internacionales. El cronograma previsto es el siguiente:<\/p>\n\n\n\n<ul class=\"wp-block-list\">\n<li><strong>Viernes 11 de julio<\/strong>: de 14 a 16 (vuelos de cabotaje) y de 18 a 20 (vuelos internacionales)<\/li>\n\n\n\n<li><strong>S\u00e1bado 12 de julio<\/strong>: de 21 a 23 (cabotaje)<\/li>\n\n\n\n<li><strong>Domingo 13 de julio<\/strong>: de 9 a 11 y de 15 a 17<\/li>\n\n\n\n<li><strong>Martes 15 de julio<\/strong>: de 16 a 19 (internacionales) y de 22 a 23:59 (cabotaje)<\/li>\n\n\n\n<li><strong>Viernes 18 de julio<\/strong>: de 16 a 02 del s\u00e1bado 19 (toda la aviaci\u00f3n)<\/li>\n\n\n\n<li><strong>Domingo 20 de julio<\/strong>: de 12 a 22<\/li>\n\n\n\n<li><strong>Jueves 24 de julio<\/strong>: de 12 a 23:59<\/li>\n\n\n\n<li><strong>Viernes 25 de julio<\/strong>: de 6 a 18<\/li>\n\n\n\n<li><strong>Domingo 27 de julio<\/strong>: de 14 a 02 del lunes 28<\/li>\n\n\n\n<li><strong>Mi\u00e9rcoles 30 de julio<\/strong>: de 12 a 23:59<\/li>\n<\/ul>\n","protected":false},"excerpt":{"rendered":"<p>El secretario de Turismo, Diego Valdecantos, manifest\u00f3 su preocupaci\u00f3n ante posibles demoras y cancelaciones de vuelos durante el receso invernal. Actualmente, la provincia registra un 70% de reservas hoteleras confirmadas. Valdecantos se refiri\u00f3 este jueves al posible impacto en el flujo tur\u00edstico que podr\u00eda provocar el plan de medidas de fuerza anunciado por los controladores [&hellip;]<\/p>\n","protected":false},"author":1,"featured_media":2668,"comment_status":"open","ping_status":"open","sticky":false,"template":"","format":"standard","meta":{"footnotes":""},"categories":[863,24],"tags":[],"class_list":{"0":"post-2667","1":"post","2":"type-post","3":"status-publish","4":"format-standard","5":"has-post-thumbnail","7":"category-jujuy","8":"category-politica"},"yoast_head":"<!-- This site is optimized with the Yoast SEO plugin v27.5 - https:\/\/yoast.com\/product\/yoast-seo-wordpress\/ -->\n<title>En medio del conflicto con pilotos y controladores, Jujuy inicia la temporada invernal con un 70% de ocupaci\u00f3n hotelera - Muy Jujuy<\/title>\n<meta name=\"robots\" content=\"index, follow, max-snippet:-1, max-image-preview:large, max-video-preview:-1\" \/>\n<link rel=\"canonical\" href=\"https:\/\/www.muyjujuy.com\/index.php\/2025\/07\/10\/en-medio-del-conflicto-con-pilotos-y-controladores-jujuy-inicia-la-temporada-invernal-con-un-70-de-ocupacion-hotelera\/\" \/>\n<meta property=\"og:locale\" content=\"es_ES\" \/>\n<meta property=\"og:type\" content=\"article\" \/>\n<meta property=\"og:title\" content=\"En medio del conflicto con pilotos y controladores, Jujuy inicia la temporada invernal con un 70% de ocupaci\u00f3n hotelera - Muy Jujuy\" \/>\n<meta property=\"og:description\" content=\"El secretario de Turismo, Diego Valdecantos, manifest\u00f3 su preocupaci\u00f3n ante posibles demoras y cancelaciones de vuelos durante el receso invernal. Actualmente, la provincia registra un 70% de reservas hoteleras confirmadas. Valdecantos se refiri\u00f3 este jueves al posible impacto en el flujo tur\u00edstico que podr\u00eda provocar el plan de medidas de fuerza anunciado por los controladores [&hellip;]\" \/>\n<meta property=\"og:url\" content=\"https:\/\/www.muyjujuy.com\/index.php\/2025\/07\/10\/en-medio-del-conflicto-con-pilotos-y-controladores-jujuy-inicia-la-temporada-invernal-con-un-70-de-ocupacion-hotelera\/\" \/>\n<meta property=\"og:site_name\" content=\"Muy Jujuy\" \/>\n<meta property=\"article:publisher\" content=\"https:\/\/www.facebook.com\/muyjujuycom\" \/>\n<meta property=\"article:published_time\" content=\"2025-07-11T00:37:29+00:00\" \/>\n<meta name=\"author\" content=\"admin\" \/>\n<meta name=\"twitter:card\" content=\"summary_large_image\" \/>\n<meta name=\"twitter:creator\" content=\"@muyjujuy\" \/>\n<meta name=\"twitter:site\" content=\"@muyjujuy\" \/>\n<meta name=\"twitter:label1\" content=\"Escrito por\" \/>\n\t<meta name=\"twitter:data1\" content=\"admin\" \/>\n\t<meta name=\"twitter:label2\" content=\"Tiempo de lectura\" \/>\n\t<meta name=\"twitter:data2\" content=\"3 minutos\" \/>\n<script type=\"application\/ld+json\" class=\"yoast-schema-graph\">{\"@context\":\"https:\\\/\\\/schema.org\",\"@graph\":[{\"@type\":\"Article\",\"@id\":\"https:\\\/\\\/www.muyjujuy.com\\\/index.php\\\/2025\\\/07\\\/10\\\/en-medio-del-conflicto-con-pilotos-y-controladores-jujuy-inicia-la-temporada-invernal-con-un-70-de-ocupacion-hotelera\\\/#article\",\"isPartOf\":{\"@id\":\"https:\\\/\\\/www.muyjujuy.com\\\/index.php\\\/2025\\\/07\\\/10\\\/en-medio-del-conflicto-con-pilotos-y-controladores-jujuy-inicia-la-temporada-invernal-con-un-70-de-ocupacion-hotelera\\\/\"},\"author\":{\"name\":\"admin\",\"@id\":\"https:\\\/\\\/www.muyjujuy.com\\\/#\\\/schema\\\/person\\\/a3b63db1f387ec4149299954904c5bf0\"},\"headline\":\"En medio del conflicto con pilotos y controladores, Jujuy inicia la temporada invernal con un 70% de ocupaci\u00f3n hotelera\",\"datePublished\":\"2025-07-11T00:37:29+00:00\",\"mainEntityOfPage\":{\"@id\":\"https:\\\/\\\/www.muyjujuy.com\\\/index.php\\\/2025\\\/07\\\/10\\\/en-medio-del-conflicto-con-pilotos-y-controladores-jujuy-inicia-la-temporada-invernal-con-un-70-de-ocupacion-hotelera\\\/\"},\"wordCount\":628,\"commentCount\":0,\"publisher\":{\"@id\":\"https:\\\/\\\/www.muyjujuy.com\\\/#organization\"},\"image\":{\"@id\":\"https:\\\/\\\/www.muyjujuy.com\\\/index.php\\\/2025\\\/07\\\/10\\\/en-medio-del-conflicto-con-pilotos-y-controladores-jujuy-inicia-la-temporada-invernal-con-un-70-de-ocupacion-hotelera\\\/#primaryimage\"},\"thumbnailUrl\":\"https:\\\/\\\/www.muyjujuy.com\\\/wp-content\\\/uploads\\\/2025\\\/07\\\/turismo.jpg\",\"articleSection\":[\"JUJUY\",\"Pol\u00edtica\"],\"inLanguage\":\"es-AR\",\"potentialAction\":[{\"@type\":\"CommentAction\",\"name\":\"Comment\",\"target\":[\"https:\\\/\\\/www.muyjujuy.com\\\/index.php\\\/2025\\\/07\\\/10\\\/en-medio-del-conflicto-con-pilotos-y-controladores-jujuy-inicia-la-temporada-invernal-con-un-70-de-ocupacion-hotelera\\\/#respond\"]}]},{\"@type\":\"WebPage\",\"@id\":\"https:\\\/\\\/www.muyjujuy.com\\\/index.php\\\/2025\\\/07\\\/10\\\/en-medio-del-conflicto-con-pilotos-y-controladores-jujuy-inicia-la-temporada-invernal-con-un-70-de-ocupacion-hotelera\\\/\",\"url\":\"https:\\\/\\\/www.muyjujuy.com\\\/index.php\\\/2025\\\/07\\\/10\\\/en-medio-del-conflicto-con-pilotos-y-controladores-jujuy-inicia-la-temporada-invernal-con-un-70-de-ocupacion-hotelera\\\/\",\"name\":\"En medio del conflicto con pilotos y controladores, Jujuy inicia la temporada invernal con un 70% de ocupaci\u00f3n hotelera - Muy Jujuy\",\"isPartOf\":{\"@id\":\"https:\\\/\\\/www.muyjujuy.com\\\/#website\"},\"primaryImageOfPage\":{\"@id\":\"https:\\\/\\\/www.muyjujuy.com\\\/index.php\\\/2025\\\/07\\\/10\\\/en-medio-del-conflicto-con-pilotos-y-controladores-jujuy-inicia-la-temporada-invernal-con-un-70-de-ocupacion-hotelera\\\/#primaryimage\"},\"image\":{\"@id\":\"https:\\\/\\\/www.muyjujuy.com\\\/index.php\\\/2025\\\/07\\\/10\\\/en-medio-del-conflicto-con-pilotos-y-controladores-jujuy-inicia-la-temporada-invernal-con-un-70-de-ocupacion-hotelera\\\/#primaryimage\"},\"thumbnailUrl\":\"https:\\\/\\\/www.muyjujuy.com\\\/wp-content\\\/uploads\\\/2025\\\/07\\\/turismo.jpg\",\"datePublished\":\"2025-07-11T00:37:29+00:00\",\"breadcrumb\":{\"@id\":\"https:\\\/\\\/www.muyjujuy.com\\\/index.php\\\/2025\\\/07\\\/10\\\/en-medio-del-conflicto-con-pilotos-y-controladores-jujuy-inicia-la-temporada-invernal-con-un-70-de-ocupacion-hotelera\\\/#breadcrumb\"},\"inLanguage\":\"es-AR\",\"potentialAction\":[{\"@type\":\"ReadAction\",\"target\":[\"https:\\\/\\\/www.muyjujuy.com\\\/index.php\\\/2025\\\/07\\\/10\\\/en-medio-del-conflicto-con-pilotos-y-controladores-jujuy-inicia-la-temporada-invernal-con-un-70-de-ocupacion-hotelera\\\/\"]}]},{\"@type\":\"ImageObject\",\"inLanguage\":\"es-AR\",\"@id\":\"https:\\\/\\\/www.muyjujuy.com\\\/index.php\\\/2025\\\/07\\\/10\\\/en-medio-del-conflicto-con-pilotos-y-controladores-jujuy-inicia-la-temporada-invernal-con-un-70-de-ocupacion-hotelera\\\/#primaryimage\",\"url\":\"https:\\\/\\\/www.muyjujuy.com\\\/wp-content\\\/uploads\\\/2025\\\/07\\\/turismo.jpg\",\"contentUrl\":\"https:\\\/\\\/www.muyjujuy.com\\\/wp-content\\\/uploads\\\/2025\\\/07\\\/turismo.jpg\",\"width\":858,\"height\":515},{\"@type\":\"BreadcrumbList\",\"@id\":\"https:\\\/\\\/www.muyjujuy.com\\\/index.php\\\/2025\\\/07\\\/10\\\/en-medio-del-conflicto-con-pilotos-y-controladores-jujuy-inicia-la-temporada-invernal-con-un-70-de-ocupacion-hotelera\\\/#breadcrumb\",\"itemListElement\":[{\"@type\":\"ListItem\",\"position\":1,\"name\":\"Inicio\",\"item\":\"https:\\\/\\\/www.muyjujuy.com\\\/\"},{\"@type\":\"ListItem\",\"position\":2,\"name\":\"En medio del conflicto con pilotos y controladores, Jujuy inicia la temporada invernal con un 70% de ocupaci\u00f3n hotelera\"}]},{\"@type\":\"WebSite\",\"@id\":\"https:\\\/\\\/www.muyjujuy.com\\\/#website\",\"url\":\"https:\\\/\\\/www.muyjujuy.com\\\/\",\"name\":\"Muy Jujuy\",\"description\":\"\",\"publisher\":{\"@id\":\"https:\\\/\\\/www.muyjujuy.com\\\/#organization\"},\"potentialAction\":[{\"@type\":\"SearchAction\",\"target\":{\"@type\":\"EntryPoint\",\"urlTemplate\":\"https:\\\/\\\/www.muyjujuy.com\\\/?s={search_term_string}\"},\"query-input\":{\"@type\":\"PropertyValueSpecification\",\"valueRequired\":true,\"valueName\":\"search_term_string\"}}],\"inLanguage\":\"es-AR\"},{\"@type\":\"Organization\",\"@id\":\"https:\\\/\\\/www.muyjujuy.com\\\/#organization\",\"name\":\"Muy Jujuy\",\"url\":\"https:\\\/\\\/www.muyjujuy.com\\\/\",\"logo\":{\"@type\":\"ImageObject\",\"inLanguage\":\"es-AR\",\"@id\":\"https:\\\/\\\/www.muyjujuy.com\\\/#\\\/schema\\\/logo\\\/image\\\/\",\"url\":\"http:\\\/\\\/www.muyjujuy.com\\\/wp-content\\\/uploads\\\/2022\\\/05\\\/logo-mobil-jujuy.png\",\"contentUrl\":\"http:\\\/\\\/www.muyjujuy.com\\\/wp-content\\\/uploads\\\/2022\\\/05\\\/logo-mobil-jujuy.png\",\"width\":174,\"height\":81,\"caption\":\"Muy Jujuy\"},\"image\":{\"@id\":\"https:\\\/\\\/www.muyjujuy.com\\\/#\\\/schema\\\/logo\\\/image\\\/\"},\"sameAs\":[\"https:\\\/\\\/www.facebook.com\\\/muyjujuycom\",\"https:\\\/\\\/x.com\\\/muyjujuy\",\"https:\\\/\\\/www.instagram.com\\\/muyjujuycom\"]},{\"@type\":\"Person\",\"@id\":\"https:\\\/\\\/www.muyjujuy.com\\\/#\\\/schema\\\/person\\\/a3b63db1f387ec4149299954904c5bf0\",\"name\":\"admin\",\"image\":{\"@type\":\"ImageObject\",\"inLanguage\":\"es-AR\",\"@id\":\"https:\\\/\\\/secure.gravatar.com\\\/avatar\\\/b6e63d8d3a73633362405a0ad27e9c28391755813b59886f19a99d6cef8a03fc?s=96&d=mm&r=g\",\"url\":\"https:\\\/\\\/secure.gravatar.com\\\/avatar\\\/b6e63d8d3a73633362405a0ad27e9c28391755813b59886f19a99d6cef8a03fc?s=96&d=mm&r=g\",\"contentUrl\":\"https:\\\/\\\/secure.gravatar.com\\\/avatar\\\/b6e63d8d3a73633362405a0ad27e9c28391755813b59886f19a99d6cef8a03fc?s=96&d=mm&r=g\",\"caption\":\"admin\"},\"url\":\"https:\\\/\\\/www.muyjujuy.com\\\/index.php\\\/author\\\/soyeleditor\\\/\"}]}<\/script>\n<!-- \/ Yoast SEO plugin. -->","yoast_head_json":{"title":"En medio del conflicto con pilotos y controladores, Jujuy inicia la temporada invernal con un 70% de ocupaci\u00f3n hotelera - Muy Jujuy","robots":{"index":"index","follow":"follow","max-snippet":"max-snippet:-1","max-image-preview":"max-image-preview:large","max-video-preview":"max-video-preview:-1"},"canonical":"https:\/\/www.muyjujuy.com\/index.php\/2025\/07\/10\/en-medio-del-conflicto-con-pilotos-y-controladores-jujuy-inicia-la-temporada-invernal-con-un-70-de-ocupacion-hotelera\/","og_locale":"es_ES","og_type":"article","og_title":"En medio del conflicto con pilotos y controladores, Jujuy inicia la temporada invernal con un 70% de ocupaci\u00f3n hotelera - Muy Jujuy","og_description":"El secretario de Turismo, Diego Valdecantos, manifest\u00f3 su preocupaci\u00f3n ante posibles demoras y cancelaciones de vuelos durante el receso invernal. Actualmente, la provincia registra un 70% de reservas hoteleras confirmadas. Valdecantos se refiri\u00f3 este jueves al posible impacto en el flujo tur\u00edstico que podr\u00eda provocar el plan de medidas de fuerza anunciado por los controladores [&hellip;]","og_url":"https:\/\/www.muyjujuy.com\/index.php\/2025\/07\/10\/en-medio-del-conflicto-con-pilotos-y-controladores-jujuy-inicia-la-temporada-invernal-con-un-70-de-ocupacion-hotelera\/","og_site_name":"Muy Jujuy","article_publisher":"https:\/\/www.facebook.com\/muyjujuycom","article_published_time":"2025-07-11T00:37:29+00:00","author":"admin","twitter_card":"summary_large_image","twitter_creator":"@muyjujuy","twitter_site":"@muyjujuy","twitter_misc":{"Escrito por":"admin","Tiempo de lectura":"3 minutos"},"schema":{"@context":"https:\/\/schema.org","@graph":[{"@type":"Article","@id":"https:\/\/www.muyjujuy.com\/index.php\/2025\/07\/10\/en-medio-del-conflicto-con-pilotos-y-controladores-jujuy-inicia-la-temporada-invernal-con-un-70-de-ocupacion-hotelera\/#article","isPartOf":{"@id":"https:\/\/www.muyjujuy.com\/index.php\/2025\/07\/10\/en-medio-del-conflicto-con-pilotos-y-controladores-jujuy-inicia-la-temporada-invernal-con-un-70-de-ocupacion-hotelera\/"},"author":{"name":"admin","@id":"https:\/\/www.muyjujuy.com\/#\/schema\/person\/a3b63db1f387ec4149299954904c5bf0"},"headline":"En medio del conflicto con pilotos y controladores, Jujuy inicia la temporada invernal con un 70% de ocupaci\u00f3n hotelera","datePublished":"2025-07-11T00:37:29+00:00","mainEntityOfPage":{"@id":"https:\/\/www.muyjujuy.com\/index.php\/2025\/07\/10\/en-medio-del-conflicto-con-pilotos-y-controladores-jujuy-inicia-la-temporada-invernal-con-un-70-de-ocupacion-hotelera\/"},"wordCount":628,"commentCount":0,"publisher":{"@id":"https:\/\/www.muyjujuy.com\/#organization"},"image":{"@id":"https:\/\/www.muyjujuy.com\/index.php\/2025\/07\/10\/en-medio-del-conflicto-con-pilotos-y-controladores-jujuy-inicia-la-temporada-invernal-con-un-70-de-ocupacion-hotelera\/#primaryimage"},"thumbnailUrl":"https:\/\/www.muyjujuy.com\/wp-content\/uploads\/2025\/07\/turismo.jpg","articleSection":["JUJUY","Pol\u00edtica"],"inLanguage":"es-AR","potentialAction":[{"@type":"CommentAction","name":"Comment","target":["https:\/\/www.muyjujuy.com\/index.php\/2025\/07\/10\/en-medio-del-conflicto-con-pilotos-y-controladores-jujuy-inicia-la-temporada-invernal-con-un-70-de-ocupacion-hotelera\/#respond"]}]},{"@type":"WebPage","@id":"https:\/\/www.muyjujuy.com\/index.php\/2025\/07\/10\/en-medio-del-conflicto-con-pilotos-y-controladores-jujuy-inicia-la-temporada-invernal-con-un-70-de-ocupacion-hotelera\/","url":"https:\/\/www.muyjujuy.com\/index.php\/2025\/07\/10\/en-medio-del-conflicto-con-pilotos-y-controladores-jujuy-inicia-la-temporada-invernal-con-un-70-de-ocupacion-hotelera\/","name":"En medio del conflicto con pilotos y controladores, Jujuy inicia la temporada invernal con un 70% de ocupaci\u00f3n hotelera - Muy Jujuy","isPartOf":{"@id":"https:\/\/www.muyjujuy.com\/#website"},"primaryImageOfPage":{"@id":"https:\/\/www.muyjujuy.com\/index.php\/2025\/07\/10\/en-medio-del-conflicto-con-pilotos-y-controladores-jujuy-inicia-la-temporada-invernal-con-un-70-de-ocupacion-hotelera\/#primaryimage"},"image":{"@id":"https:\/\/www.muyjujuy.com\/index.php\/2025\/07\/10\/en-medio-del-conflicto-con-pilotos-y-controladores-jujuy-inicia-la-temporada-invernal-con-un-70-de-ocupacion-hotelera\/#primaryimage"},"thumbnailUrl":"https:\/\/www.muyjujuy.com\/wp-content\/uploads\/2025\/07\/turismo.jpg","datePublished":"2025-07-11T00:37:29+00:00","breadcrumb":{"@id":"https:\/\/www.muyjujuy.com\/index.php\/2025\/07\/10\/en-medio-del-conflicto-con-pilotos-y-controladores-jujuy-inicia-la-temporada-invernal-con-un-70-de-ocupacion-hotelera\/#breadcrumb"},"inLanguage":"es-AR","potentialAction":[{"@type":"ReadAction","target":["https:\/\/www.muyjujuy.com\/index.php\/2025\/07\/10\/en-medio-del-conflicto-con-pilotos-y-controladores-jujuy-inicia-la-temporada-invernal-con-un-70-de-ocupacion-hotelera\/"]}]},{"@type":"ImageObject","inLanguage":"es-AR","@id":"https:\/\/www.muyjujuy.com\/index.php\/2025\/07\/10\/en-medio-del-conflicto-con-pilotos-y-controladores-jujuy-inicia-la-temporada-invernal-con-un-70-de-ocupacion-hotelera\/#primaryimage","url":"https:\/\/www.muyjujuy.com\/wp-content\/uploads\/2025\/07\/turismo.jpg","contentUrl":"https:\/\/www.muyjujuy.com\/wp-content\/uploads\/2025\/07\/turismo.jpg","width":858,"height":515},{"@type":"BreadcrumbList","@id":"https:\/\/www.muyjujuy.com\/index.php\/2025\/07\/10\/en-medio-del-conflicto-con-pilotos-y-controladores-jujuy-inicia-la-temporada-invernal-con-un-70-de-ocupacion-hotelera\/#breadcrumb","itemListElement":[{"@type":"ListItem","position":1,"name":"Inicio","item":"https:\/\/www.muyjujuy.com\/"},{"@type":"ListItem","position":2,"name":"En medio del conflicto con pilotos y controladores, Jujuy inicia la temporada invernal con un 70% de ocupaci\u00f3n hotelera"}]},{"@type":"WebSite","@id":"https:\/\/www.muyjujuy.com\/#website","url":"https:\/\/www.muyjujuy.com\/","name":"Muy Jujuy","description":"","publisher":{"@id":"https:\/\/www.muyjujuy.com\/#organization"},"potentialAction":[{"@type":"SearchAction","target":{"@type":"EntryPoint","urlTemplate":"https:\/\/www.muyjujuy.com\/?s={search_term_string}"},"query-input":{"@type":"PropertyValueSpecification","valueRequired":true,"valueName":"search_term_string"}}],"inLanguage":"es-AR"},{"@type":"Organization","@id":"https:\/\/www.muyjujuy.com\/#organization","name":"Muy Jujuy","url":"https:\/\/www.muyjujuy.com\/","logo":{"@type":"ImageObject","inLanguage":"es-AR","@id":"https:\/\/www.muyjujuy.com\/#\/schema\/logo\/image\/","url":"http:\/\/www.muyjujuy.com\/wp-content\/uploads\/2022\/05\/logo-mobil-jujuy.png","contentUrl":"http:\/\/www.muyjujuy.com\/wp-content\/uploads\/2022\/05\/logo-mobil-jujuy.png","width":174,"height":81,"caption":"Muy Jujuy"},"image":{"@id":"https:\/\/www.muyjujuy.com\/#\/schema\/logo\/image\/"},"sameAs":["https:\/\/www.facebook.com\/muyjujuycom","https:\/\/x.com\/muyjujuy","https:\/\/www.instagram.com\/muyjujuycom"]},{"@type":"Person","@id":"https:\/\/www.muyjujuy.com\/#\/schema\/person\/a3b63db1f387ec4149299954904c5bf0","name":"admin","image":{"@type":"ImageObject","inLanguage":"es-AR","@id":"https:\/\/secure.gravatar.com\/avatar\/b6e63d8d3a73633362405a0ad27e9c28391755813b59886f19a99d6cef8a03fc?s=96&d=mm&r=g","url":"https:\/\/secure.gravatar.com\/avatar\/b6e63d8d3a73633362405a0ad27e9c28391755813b59886f19a99d6cef8a03fc?s=96&d=mm&r=g","contentUrl":"https:\/\/secure.gravatar.com\/avatar\/b6e63d8d3a73633362405a0ad27e9c28391755813b59886f19a99d6cef8a03fc?s=96&d=mm&r=g","caption":"admin"},"url":"https:\/\/www.muyjujuy.com\/index.php\/author\/soyeleditor\/"}]}},"_links":{"self":[{"href":"https:\/\/www.muyjujuy.com\/index.php\/wp-json\/wp\/v2\/posts\/2667","targetHints":{"allow":["GET"]}}],"collection":[{"href":"https:\/\/www.muyjujuy.com\/index.php\/wp-json\/wp\/v2\/posts"}],"about":[{"href":"https:\/\/www.muyjujuy.com\/index.php\/wp-json\/wp\/v2\/types\/post"}],"author":[{"embeddable":true,"href":"https:\/\/www.muyjujuy.com\/index.php\/wp-json\/wp\/v2\/users\/1"}],"replies":[{"embeddable":true,"href":"https:\/\/www.muyjujuy.com\/index.php\/wp-json\/wp\/v2\/comments?post=2667"}],"version-history":[{"count":1,"href":"https:\/\/www.muyjujuy.com\/index.php\/wp-json\/wp\/v2\/posts\/2667\/revisions"}],"predecessor-version":[{"id":2669,"href":"https:\/\/www.muyjujuy.com\/index.php\/wp-json\/wp\/v2\/posts\/2667\/revisions\/2669"}],"wp:featuredmedia":[{"embeddable":true,"href":"https:\/\/www.muyjujuy.com\/index.php\/wp-json\/wp\/v2\/media\/2668"}],"wp:attachment":[{"href":"https:\/\/www.muyjujuy.com\/index.php\/wp-json\/wp\/v2\/media?parent=2667"}],"wp:term":[{"taxonomy":"category","embeddable":true,"href":"https:\/\/www.muyjujuy.com\/index.php\/wp-json\/wp\/v2\/categories?post=2667"},{"taxonomy":"post_tag","embeddable":true,"href":"https:\/\/www.muyjujuy.com\/index.php\/wp-json\/wp\/v2\/tags?post=2667"}],"curies":[{"name":"wp","href":"https:\/\/api.w.org\/{rel}","templated":true}]}}