{"id":2671,"date":"2025-07-14T11:32:40","date_gmt":"2025-07-14T14:32:40","guid":{"rendered":"https:\/\/www.muyjujuy.com\/?p=2671"},"modified":"2025-07-14T11:32:40","modified_gmt":"2025-07-14T14:32:40","slug":"desde-hoy-la-sube-es-el-unico-metodo-de-pago-habilitado-para-viajar-en-colectivo-en-los-valles","status":"publish","type":"post","link":"https:\/\/www.muyjujuy.com\/index.php\/2025\/07\/14\/desde-hoy-la-sube-es-el-unico-metodo-de-pago-habilitado-para-viajar-en-colectivo-en-los-valles\/","title":{"rendered":"Desde hoy, la SUBE es el \u00fanico m\u00e9todo de pago habilitado para viajar en colectivo en los Valles"},"content":{"rendered":"\n<p>La <strong>Secretar\u00eda de Transporte de Jujuy<\/strong> inform\u00f3 que, a partir de este <strong>lunes 14 de julio<\/strong>, la <strong>tarjeta SUBE<\/strong> ser\u00e1 el \u00fanico medio v\u00e1lido para abonar los pasajes en colectivo en las localidades de <strong>San Antonio, El Carmen, Monterrico, Perico, Pampa Blanca, Puesto Viejo, Aguas Calientes y La Mendieta<\/strong>. Con esta disposici\u00f3n, el uso de <strong>dinero en efectivo dejar\u00e1 de estar permitido<\/strong> en casi todos los recorridos, con excepci\u00f3n de un trayecto espec\u00edfico.<\/p>\n\n\n\n<p>El <strong>secretario de Transporte, Pablo Giachino<\/strong>, indic\u00f3 que \u201c<strong>el sistema comenz\u00f3 a utilizarse en febrero, hemos ido incorpor\u00e1ndolo progresivamente en las l\u00edneas de la zona de Perico, que ya cuentan con la tecnolog\u00eda SUBE. La ciudadan\u00eda se ha ido adaptando, ya que elimina el manejo de efectivo y permite cargar saldo desde el celular, adem\u00e1s de acceder a la Tarifa Social Federal a trav\u00e9s de la SUBE. Actualmente, estamos en condiciones de operar \u00fanicamente con este sistema<\/strong>\u201d.<\/p>\n\n\n\n<p>El funcionario destac\u00f3 que <strong>la misma tarjeta puede utilizarse para trasladarse a San Salvador, Palpal\u00e1 y en todos los servicios urbanos<\/strong>. Asimismo, remarc\u00f3 que <strong>hay puntos de recarga habilitados en todas las ciudades<\/strong>, y que <strong>los municipios han instalado centros de atenci\u00f3n<\/strong> donde los usuarios pueden <strong>registrar su tarjeta, cargar cr\u00e9dito y resolver consultas<\/strong>. \u201c<strong>Consideramos que el contexto es el adecuado para avanzar con esta modalidad, que tambi\u00e9n mejora la seguridad de los choferes al no tener que transportar dinero en efectivo<\/strong>\u201d, agreg\u00f3 Giachino.<\/p>\n\n\n\n<p>En cuanto al <strong>servicio que conecta San Salvador de Jujuy con La Mendieta, a trav\u00e9s de Carahunco<\/strong>, se inform\u00f3 que <strong>la empresa San Jos\u00e9 operar\u00e1 exclusivamente con el sistema SUBE<\/strong>. En cambio, <strong>la empresa Tu Argentina<\/strong>, que cubre el trayecto entre <strong>La Mendieta y San Pedro<\/strong>, <strong>seguir\u00e1 aceptando efectivo<\/strong> hasta que reciba <strong>la autorizaci\u00f3n nacional<\/strong> necesaria para implementar la tarjeta.<\/p>\n\n\n\n<p>Desde la Secretar\u00eda de Transporte indicaron que <strong>se est\u00e1 trabajando para extender el uso del sistema SUBE a la zona del Ramal<\/strong>, aunque esa ampliaci\u00f3n <strong>todav\u00eda depende de la aprobaci\u00f3n del gobierno nacional<\/strong> para poder llevarse a cabo.<\/p>\n\n\n\n<p>Es importante se\u00f1alar que <strong>en todas las localidades alcanzadas por esta medida<\/strong>, los usuarios pueden acceder a la <strong>tarifa social<\/strong>, que implica un <strong>descuento del 55% en el costo del pasaje<\/strong> para <strong>jubilados, trabajadoras de casas particulares, titulares de la AUH y otros beneficiarios<\/strong>.<\/p>\n","protected":false},"excerpt":{"rendered":"<p>La Secretar\u00eda de Transporte de Jujuy inform\u00f3 que, a partir de este lunes 14 de julio, la tarjeta SUBE ser\u00e1 el \u00fanico medio v\u00e1lido para abonar los pasajes en colectivo en las localidades de San Antonio, El Carmen, Monterrico, Perico, Pampa Blanca, Puesto Viejo, Aguas Calientes y La Mendieta. Con esta disposici\u00f3n, el uso de [&hellip;]<\/p>\n","protected":false},"author":1,"featured_media":2672,"comment_status":"open","ping_status":"open","sticky":false,"template":"","format":"standard","meta":{"footnotes":""},"categories":[863,25],"tags":[],"class_list":{"0":"post-2671","1":"post","2":"type-post","3":"status-publish","4":"format-standard","5":"has-post-thumbnail","7":"category-jujuy","8":"category-sociedad"},"yoast_head":"<!-- This site is optimized with the Yoast SEO plugin v27.5 - https:\/\/yoast.com\/product\/yoast-seo-wordpress\/ -->\n<title>Desde hoy, la SUBE es el \u00fanico m\u00e9todo de pago habilitado para viajar en colectivo en los Valles - Muy Jujuy<\/title>\n<meta name=\"robots\" content=\"index, follow, max-snippet:-1, max-image-preview:large, max-video-preview:-1\" \/>\n<link rel=\"canonical\" href=\"https:\/\/www.muyjujuy.com\/index.php\/2025\/07\/14\/desde-hoy-la-sube-es-el-unico-metodo-de-pago-habilitado-para-viajar-en-colectivo-en-los-valles\/\" \/>\n<meta property=\"og:locale\" content=\"es_ES\" \/>\n<meta property=\"og:type\" content=\"article\" \/>\n<meta property=\"og:title\" content=\"Desde hoy, la SUBE es el \u00fanico m\u00e9todo de pago habilitado para viajar en colectivo en los Valles - Muy Jujuy\" \/>\n<meta property=\"og:description\" content=\"La Secretar\u00eda de Transporte de Jujuy inform\u00f3 que, a partir de este lunes 14 de julio, la tarjeta SUBE ser\u00e1 el \u00fanico medio v\u00e1lido para abonar los pasajes en colectivo en las localidades de San Antonio, El Carmen, Monterrico, Perico, Pampa Blanca, Puesto Viejo, Aguas Calientes y La Mendieta. Con esta disposici\u00f3n, el uso de [&hellip;]\" \/>\n<meta property=\"og:url\" content=\"https:\/\/www.muyjujuy.com\/index.php\/2025\/07\/14\/desde-hoy-la-sube-es-el-unico-metodo-de-pago-habilitado-para-viajar-en-colectivo-en-los-valles\/\" \/>\n<meta property=\"og:site_name\" content=\"Muy Jujuy\" \/>\n<meta property=\"article:publisher\" content=\"https:\/\/www.facebook.com\/muyjujuycom\" \/>\n<meta property=\"article:published_time\" content=\"2025-07-14T14:32:40+00:00\" \/>\n<meta name=\"author\" content=\"admin\" \/>\n<meta name=\"twitter:card\" content=\"summary_large_image\" \/>\n<meta name=\"twitter:creator\" content=\"@muyjujuy\" \/>\n<meta name=\"twitter:site\" content=\"@muyjujuy\" \/>\n<meta name=\"twitter:label1\" content=\"Escrito por\" \/>\n\t<meta name=\"twitter:data1\" content=\"admin\" \/>\n\t<meta name=\"twitter:label2\" content=\"Tiempo de lectura\" \/>\n\t<meta name=\"twitter:data2\" content=\"2 minutos\" \/>\n<script type=\"application\/ld+json\" class=\"yoast-schema-graph\">{\"@context\":\"https:\\\/\\\/schema.org\",\"@graph\":[{\"@type\":\"Article\",\"@id\":\"https:\\\/\\\/www.muyjujuy.com\\\/index.php\\\/2025\\\/07\\\/14\\\/desde-hoy-la-sube-es-el-unico-metodo-de-pago-habilitado-para-viajar-en-colectivo-en-los-valles\\\/#article\",\"isPartOf\":{\"@id\":\"https:\\\/\\\/www.muyjujuy.com\\\/index.php\\\/2025\\\/07\\\/14\\\/desde-hoy-la-sube-es-el-unico-metodo-de-pago-habilitado-para-viajar-en-colectivo-en-los-valles\\\/\"},\"author\":{\"name\":\"admin\",\"@id\":\"https:\\\/\\\/www.muyjujuy.com\\\/#\\\/schema\\\/person\\\/a3b63db1f387ec4149299954904c5bf0\"},\"headline\":\"Desde hoy, la SUBE es el \u00fanico m\u00e9todo de pago habilitado para viajar en colectivo en los Valles\",\"datePublished\":\"2025-07-14T14:32:40+00:00\",\"mainEntityOfPage\":{\"@id\":\"https:\\\/\\\/www.muyjujuy.com\\\/index.php\\\/2025\\\/07\\\/14\\\/desde-hoy-la-sube-es-el-unico-metodo-de-pago-habilitado-para-viajar-en-colectivo-en-los-valles\\\/\"},\"wordCount\":414,\"commentCount\":0,\"publisher\":{\"@id\":\"https:\\\/\\\/www.muyjujuy.com\\\/#organization\"},\"image\":{\"@id\":\"https:\\\/\\\/www.muyjujuy.com\\\/index.php\\\/2025\\\/07\\\/14\\\/desde-hoy-la-sube-es-el-unico-metodo-de-pago-habilitado-para-viajar-en-colectivo-en-los-valles\\\/#primaryimage\"},\"thumbnailUrl\":\"https:\\\/\\\/www.muyjujuy.com\\\/wp-content\\\/uploads\\\/2025\\\/07\\\/sube.jpg\",\"articleSection\":[\"JUJUY\",\"Sociedad\"],\"inLanguage\":\"es-AR\",\"potentialAction\":[{\"@type\":\"CommentAction\",\"name\":\"Comment\",\"target\":[\"https:\\\/\\\/www.muyjujuy.com\\\/index.php\\\/2025\\\/07\\\/14\\\/desde-hoy-la-sube-es-el-unico-metodo-de-pago-habilitado-para-viajar-en-colectivo-en-los-valles\\\/#respond\"]}]},{\"@type\":\"WebPage\",\"@id\":\"https:\\\/\\\/www.muyjujuy.com\\\/index.php\\\/2025\\\/07\\\/14\\\/desde-hoy-la-sube-es-el-unico-metodo-de-pago-habilitado-para-viajar-en-colectivo-en-los-valles\\\/\",\"url\":\"https:\\\/\\\/www.muyjujuy.com\\\/index.php\\\/2025\\\/07\\\/14\\\/desde-hoy-la-sube-es-el-unico-metodo-de-pago-habilitado-para-viajar-en-colectivo-en-los-valles\\\/\",\"name\":\"Desde hoy, la SUBE es el \u00fanico m\u00e9todo de pago habilitado para viajar en colectivo en los Valles - Muy Jujuy\",\"isPartOf\":{\"@id\":\"https:\\\/\\\/www.muyjujuy.com\\\/#website\"},\"primaryImageOfPage\":{\"@id\":\"https:\\\/\\\/www.muyjujuy.com\\\/index.php\\\/2025\\\/07\\\/14\\\/desde-hoy-la-sube-es-el-unico-metodo-de-pago-habilitado-para-viajar-en-colectivo-en-los-valles\\\/#primaryimage\"},\"image\":{\"@id\":\"https:\\\/\\\/www.muyjujuy.com\\\/index.php\\\/2025\\\/07\\\/14\\\/desde-hoy-la-sube-es-el-unico-metodo-de-pago-habilitado-para-viajar-en-colectivo-en-los-valles\\\/#primaryimage\"},\"thumbnailUrl\":\"https:\\\/\\\/www.muyjujuy.com\\\/wp-content\\\/uploads\\\/2025\\\/07\\\/sube.jpg\",\"datePublished\":\"2025-07-14T14:32:40+00:00\",\"breadcrumb\":{\"@id\":\"https:\\\/\\\/www.muyjujuy.com\\\/index.php\\\/2025\\\/07\\\/14\\\/desde-hoy-la-sube-es-el-unico-metodo-de-pago-habilitado-para-viajar-en-colectivo-en-los-valles\\\/#breadcrumb\"},\"inLanguage\":\"es-AR\",\"potentialAction\":[{\"@type\":\"ReadAction\",\"target\":[\"https:\\\/\\\/www.muyjujuy.com\\\/index.php\\\/2025\\\/07\\\/14\\\/desde-hoy-la-sube-es-el-unico-metodo-de-pago-habilitado-para-viajar-en-colectivo-en-los-valles\\\/\"]}]},{\"@type\":\"ImageObject\",\"inLanguage\":\"es-AR\",\"@id\":\"https:\\\/\\\/www.muyjujuy.com\\\/index.php\\\/2025\\\/07\\\/14\\\/desde-hoy-la-sube-es-el-unico-metodo-de-pago-habilitado-para-viajar-en-colectivo-en-los-valles\\\/#primaryimage\",\"url\":\"https:\\\/\\\/www.muyjujuy.com\\\/wp-content\\\/uploads\\\/2025\\\/07\\\/sube.jpg\",\"contentUrl\":\"https:\\\/\\\/www.muyjujuy.com\\\/wp-content\\\/uploads\\\/2025\\\/07\\\/sube.jpg\",\"width\":948,\"height\":513},{\"@type\":\"BreadcrumbList\",\"@id\":\"https:\\\/\\\/www.muyjujuy.com\\\/index.php\\\/2025\\\/07\\\/14\\\/desde-hoy-la-sube-es-el-unico-metodo-de-pago-habilitado-para-viajar-en-colectivo-en-los-valles\\\/#breadcrumb\",\"itemListElement\":[{\"@type\":\"ListItem\",\"position\":1,\"name\":\"Inicio\",\"item\":\"https:\\\/\\\/www.muyjujuy.com\\\/\"},{\"@type\":\"ListItem\",\"position\":2,\"name\":\"Desde hoy, la SUBE es el \u00fanico m\u00e9todo de pago habilitado para viajar en colectivo en los Valles\"}]},{\"@type\":\"WebSite\",\"@id\":\"https:\\\/\\\/www.muyjujuy.com\\\/#website\",\"url\":\"https:\\\/\\\/www.muyjujuy.com\\\/\",\"name\":\"Muy Jujuy\",\"description\":\"\",\"publisher\":{\"@id\":\"https:\\\/\\\/www.muyjujuy.com\\\/#organization\"},\"potentialAction\":[{\"@type\":\"SearchAction\",\"target\":{\"@type\":\"EntryPoint\",\"urlTemplate\":\"https:\\\/\\\/www.muyjujuy.com\\\/?s={search_term_string}\"},\"query-input\":{\"@type\":\"PropertyValueSpecification\",\"valueRequired\":true,\"valueName\":\"search_term_string\"}}],\"inLanguage\":\"es-AR\"},{\"@type\":\"Organization\",\"@id\":\"https:\\\/\\\/www.muyjujuy.com\\\/#organization\",\"name\":\"Muy Jujuy\",\"url\":\"https:\\\/\\\/www.muyjujuy.com\\\/\",\"logo\":{\"@type\":\"ImageObject\",\"inLanguage\":\"es-AR\",\"@id\":\"https:\\\/\\\/www.muyjujuy.com\\\/#\\\/schema\\\/logo\\\/image\\\/\",\"url\":\"http:\\\/\\\/www.muyjujuy.com\\\/wp-content\\\/uploads\\\/2022\\\/05\\\/logo-mobil-jujuy.png\",\"contentUrl\":\"http:\\\/\\\/www.muyjujuy.com\\\/wp-content\\\/uploads\\\/2022\\\/05\\\/logo-mobil-jujuy.png\",\"width\":174,\"height\":81,\"caption\":\"Muy Jujuy\"},\"image\":{\"@id\":\"https:\\\/\\\/www.muyjujuy.com\\\/#\\\/schema\\\/logo\\\/image\\\/\"},\"sameAs\":[\"https:\\\/\\\/www.facebook.com\\\/muyjujuycom\",\"https:\\\/\\\/x.com\\\/muyjujuy\",\"https:\\\/\\\/www.instagram.com\\\/muyjujuycom\"]},{\"@type\":\"Person\",\"@id\":\"https:\\\/\\\/www.muyjujuy.com\\\/#\\\/schema\\\/person\\\/a3b63db1f387ec4149299954904c5bf0\",\"name\":\"admin\",\"image\":{\"@type\":\"ImageObject\",\"inLanguage\":\"es-AR\",\"@id\":\"https:\\\/\\\/secure.gravatar.com\\\/avatar\\\/b6e63d8d3a73633362405a0ad27e9c28391755813b59886f19a99d6cef8a03fc?s=96&d=mm&r=g\",\"url\":\"https:\\\/\\\/secure.gravatar.com\\\/avatar\\\/b6e63d8d3a73633362405a0ad27e9c28391755813b59886f19a99d6cef8a03fc?s=96&d=mm&r=g\",\"contentUrl\":\"https:\\\/\\\/secure.gravatar.com\\\/avatar\\\/b6e63d8d3a73633362405a0ad27e9c28391755813b59886f19a99d6cef8a03fc?s=96&d=mm&r=g\",\"caption\":\"admin\"},\"url\":\"https:\\\/\\\/www.muyjujuy.com\\\/index.php\\\/author\\\/soyeleditor\\\/\"}]}<\/script>\n<!-- \/ Yoast SEO plugin. -->","yoast_head_json":{"title":"Desde hoy, la SUBE es el \u00fanico m\u00e9todo de pago habilitado para viajar en colectivo en los Valles - Muy Jujuy","robots":{"index":"index","follow":"follow","max-snippet":"max-snippet:-1","max-image-preview":"max-image-preview:large","max-video-preview":"max-video-preview:-1"},"canonical":"https:\/\/www.muyjujuy.com\/index.php\/2025\/07\/14\/desde-hoy-la-sube-es-el-unico-metodo-de-pago-habilitado-para-viajar-en-colectivo-en-los-valles\/","og_locale":"es_ES","og_type":"article","og_title":"Desde hoy, la SUBE es el \u00fanico m\u00e9todo de pago habilitado para viajar en colectivo en los Valles - Muy Jujuy","og_description":"La Secretar\u00eda de Transporte de Jujuy inform\u00f3 que, a partir de este lunes 14 de julio, la tarjeta SUBE ser\u00e1 el \u00fanico medio v\u00e1lido para abonar los pasajes en colectivo en las localidades de San Antonio, El Carmen, Monterrico, Perico, Pampa Blanca, Puesto Viejo, Aguas Calientes y La Mendieta. Con esta disposici\u00f3n, el uso de [&hellip;]","og_url":"https:\/\/www.muyjujuy.com\/index.php\/2025\/07\/14\/desde-hoy-la-sube-es-el-unico-metodo-de-pago-habilitado-para-viajar-en-colectivo-en-los-valles\/","og_site_name":"Muy Jujuy","article_publisher":"https:\/\/www.facebook.com\/muyjujuycom","article_published_time":"2025-07-14T14:32:40+00:00","author":"admin","twitter_card":"summary_large_image","twitter_creator":"@muyjujuy","twitter_site":"@muyjujuy","twitter_misc":{"Escrito por":"admin","Tiempo de lectura":"2 minutos"},"schema":{"@context":"https:\/\/schema.org","@graph":[{"@type":"Article","@id":"https:\/\/www.muyjujuy.com\/index.php\/2025\/07\/14\/desde-hoy-la-sube-es-el-unico-metodo-de-pago-habilitado-para-viajar-en-colectivo-en-los-valles\/#article","isPartOf":{"@id":"https:\/\/www.muyjujuy.com\/index.php\/2025\/07\/14\/desde-hoy-la-sube-es-el-unico-metodo-de-pago-habilitado-para-viajar-en-colectivo-en-los-valles\/"},"author":{"name":"admin","@id":"https:\/\/www.muyjujuy.com\/#\/schema\/person\/a3b63db1f387ec4149299954904c5bf0"},"headline":"Desde hoy, la SUBE es el \u00fanico m\u00e9todo de pago habilitado para viajar en colectivo en los Valles","datePublished":"2025-07-14T14:32:40+00:00","mainEntityOfPage":{"@id":"https:\/\/www.muyjujuy.com\/index.php\/2025\/07\/14\/desde-hoy-la-sube-es-el-unico-metodo-de-pago-habilitado-para-viajar-en-colectivo-en-los-valles\/"},"wordCount":414,"commentCount":0,"publisher":{"@id":"https:\/\/www.muyjujuy.com\/#organization"},"image":{"@id":"https:\/\/www.muyjujuy.com\/index.php\/2025\/07\/14\/desde-hoy-la-sube-es-el-unico-metodo-de-pago-habilitado-para-viajar-en-colectivo-en-los-valles\/#primaryimage"},"thumbnailUrl":"https:\/\/www.muyjujuy.com\/wp-content\/uploads\/2025\/07\/sube.jpg","articleSection":["JUJUY","Sociedad"],"inLanguage":"es-AR","potentialAction":[{"@type":"CommentAction","name":"Comment","target":["https:\/\/www.muyjujuy.com\/index.php\/2025\/07\/14\/desde-hoy-la-sube-es-el-unico-metodo-de-pago-habilitado-para-viajar-en-colectivo-en-los-valles\/#respond"]}]},{"@type":"WebPage","@id":"https:\/\/www.muyjujuy.com\/index.php\/2025\/07\/14\/desde-hoy-la-sube-es-el-unico-metodo-de-pago-habilitado-para-viajar-en-colectivo-en-los-valles\/","url":"https:\/\/www.muyjujuy.com\/index.php\/2025\/07\/14\/desde-hoy-la-sube-es-el-unico-metodo-de-pago-habilitado-para-viajar-en-colectivo-en-los-valles\/","name":"Desde hoy, la SUBE es el \u00fanico m\u00e9todo de pago habilitado para viajar en colectivo en los Valles - Muy Jujuy","isPartOf":{"@id":"https:\/\/www.muyjujuy.com\/#website"},"primaryImageOfPage":{"@id":"https:\/\/www.muyjujuy.com\/index.php\/2025\/07\/14\/desde-hoy-la-sube-es-el-unico-metodo-de-pago-habilitado-para-viajar-en-colectivo-en-los-valles\/#primaryimage"},"image":{"@id":"https:\/\/www.muyjujuy.com\/index.php\/2025\/07\/14\/desde-hoy-la-sube-es-el-unico-metodo-de-pago-habilitado-para-viajar-en-colectivo-en-los-valles\/#primaryimage"},"thumbnailUrl":"https:\/\/www.muyjujuy.com\/wp-content\/uploads\/2025\/07\/sube.jpg","datePublished":"2025-07-14T14:32:40+00:00","breadcrumb":{"@id":"https:\/\/www.muyjujuy.com\/index.php\/2025\/07\/14\/desde-hoy-la-sube-es-el-unico-metodo-de-pago-habilitado-para-viajar-en-colectivo-en-los-valles\/#breadcrumb"},"inLanguage":"es-AR","potentialAction":[{"@type":"ReadAction","target":["https:\/\/www.muyjujuy.com\/index.php\/2025\/07\/14\/desde-hoy-la-sube-es-el-unico-metodo-de-pago-habilitado-para-viajar-en-colectivo-en-los-valles\/"]}]},{"@type":"ImageObject","inLanguage":"es-AR","@id":"https:\/\/www.muyjujuy.com\/index.php\/2025\/07\/14\/desde-hoy-la-sube-es-el-unico-metodo-de-pago-habilitado-para-viajar-en-colectivo-en-los-valles\/#primaryimage","url":"https:\/\/www.muyjujuy.com\/wp-content\/uploads\/2025\/07\/sube.jpg","contentUrl":"https:\/\/www.muyjujuy.com\/wp-content\/uploads\/2025\/07\/sube.jpg","width":948,"height":513},{"@type":"BreadcrumbList","@id":"https:\/\/www.muyjujuy.com\/index.php\/2025\/07\/14\/desde-hoy-la-sube-es-el-unico-metodo-de-pago-habilitado-para-viajar-en-colectivo-en-los-valles\/#breadcrumb","itemListElement":[{"@type":"ListItem","position":1,"name":"Inicio","item":"https:\/\/www.muyjujuy.com\/"},{"@type":"ListItem","position":2,"name":"Desde hoy, la SUBE es el \u00fanico m\u00e9todo de pago habilitado para viajar en colectivo en los Valles"}]},{"@type":"WebSite","@id":"https:\/\/www.muyjujuy.com\/#website","url":"https:\/\/www.muyjujuy.com\/","name":"Muy Jujuy","description":"","publisher":{"@id":"https:\/\/www.muyjujuy.com\/#organization"},"potentialAction":[{"@type":"SearchAction","target":{"@type":"EntryPoint","urlTemplate":"https:\/\/www.muyjujuy.com\/?s={search_term_string}"},"query-input":{"@type":"PropertyValueSpecification","valueRequired":true,"valueName":"search_term_string"}}],"inLanguage":"es-AR"},{"@type":"Organization","@id":"https:\/\/www.muyjujuy.com\/#organization","name":"Muy Jujuy","url":"https:\/\/www.muyjujuy.com\/","logo":{"@type":"ImageObject","inLanguage":"es-AR","@id":"https:\/\/www.muyjujuy.com\/#\/schema\/logo\/image\/","url":"http:\/\/www.muyjujuy.com\/wp-content\/uploads\/2022\/05\/logo-mobil-jujuy.png","contentUrl":"http:\/\/www.muyjujuy.com\/wp-content\/uploads\/2022\/05\/logo-mobil-jujuy.png","width":174,"height":81,"caption":"Muy Jujuy"},"image":{"@id":"https:\/\/www.muyjujuy.com\/#\/schema\/logo\/image\/"},"sameAs":["https:\/\/www.facebook.com\/muyjujuycom","https:\/\/x.com\/muyjujuy","https:\/\/www.instagram.com\/muyjujuycom"]},{"@type":"Person","@id":"https:\/\/www.muyjujuy.com\/#\/schema\/person\/a3b63db1f387ec4149299954904c5bf0","name":"admin","image":{"@type":"ImageObject","inLanguage":"es-AR","@id":"https:\/\/secure.gravatar.com\/avatar\/b6e63d8d3a73633362405a0ad27e9c28391755813b59886f19a99d6cef8a03fc?s=96&d=mm&r=g","url":"https:\/\/secure.gravatar.com\/avatar\/b6e63d8d3a73633362405a0ad27e9c28391755813b59886f19a99d6cef8a03fc?s=96&d=mm&r=g","contentUrl":"https:\/\/secure.gravatar.com\/avatar\/b6e63d8d3a73633362405a0ad27e9c28391755813b59886f19a99d6cef8a03fc?s=96&d=mm&r=g","caption":"admin"},"url":"https:\/\/www.muyjujuy.com\/index.php\/author\/soyeleditor\/"}]}},"_links":{"self":[{"href":"https:\/\/www.muyjujuy.com\/index.php\/wp-json\/wp\/v2\/posts\/2671","targetHints":{"allow":["GET"]}}],"collection":[{"href":"https:\/\/www.muyjujuy.com\/index.php\/wp-json\/wp\/v2\/posts"}],"about":[{"href":"https:\/\/www.muyjujuy.com\/index.php\/wp-json\/wp\/v2\/types\/post"}],"author":[{"embeddable":true,"href":"https:\/\/www.muyjujuy.com\/index.php\/wp-json\/wp\/v2\/users\/1"}],"replies":[{"embeddable":true,"href":"https:\/\/www.muyjujuy.com\/index.php\/wp-json\/wp\/v2\/comments?post=2671"}],"version-history":[{"count":1,"href":"https:\/\/www.muyjujuy.com\/index.php\/wp-json\/wp\/v2\/posts\/2671\/revisions"}],"predecessor-version":[{"id":2673,"href":"https:\/\/www.muyjujuy.com\/index.php\/wp-json\/wp\/v2\/posts\/2671\/revisions\/2673"}],"wp:featuredmedia":[{"embeddable":true,"href":"https:\/\/www.muyjujuy.com\/index.php\/wp-json\/wp\/v2\/media\/2672"}],"wp:attachment":[{"href":"https:\/\/www.muyjujuy.com\/index.php\/wp-json\/wp\/v2\/media?parent=2671"}],"wp:term":[{"taxonomy":"category","embeddable":true,"href":"https:\/\/www.muyjujuy.com\/index.php\/wp-json\/wp\/v2\/categories?post=2671"},{"taxonomy":"post_tag","embeddable":true,"href":"https:\/\/www.muyjujuy.com\/index.php\/wp-json\/wp\/v2\/tags?post=2671"}],"curies":[{"name":"wp","href":"https:\/\/api.w.org\/{rel}","templated":true}]}}