{"id":2674,"date":"2025-07-14T11:39:00","date_gmt":"2025-07-14T14:39:00","guid":{"rendered":"https:\/\/www.muyjujuy.com\/?p=2674"},"modified":"2025-07-14T11:39:00","modified_gmt":"2025-07-14T14:39:00","slug":"manejaba-ebrio-perdio-el-control-del-vehiculo-y-estuvo-a-punto-de-causar-una-tragedia","status":"publish","type":"post","link":"https:\/\/www.muyjujuy.com\/index.php\/2025\/07\/14\/manejaba-ebrio-perdio-el-control-del-vehiculo-y-estuvo-a-punto-de-causar-una-tragedia\/","title":{"rendered":"Manejaba ebrio, perdi\u00f3 el control del veh\u00edculo y estuvo a punto de causar una tragedia"},"content":{"rendered":"\n<p>Un <strong>hombre que conduc\u00eda bajo los efectos del alcohol<\/strong> protagoniz\u00f3 un grave incidente vial sobre la <strong>Ruta Nacional 9<\/strong>, en inmediaciones de la localidad de <strong>San Pablo de Reyes<\/strong>, que por poco no tuvo consecuencias fatales.<\/p>\n\n\n\n<p>El hecho ocurri\u00f3 en las primeras horas del <strong>lunes, cerca de las 6:30<\/strong>, cuando el autom\u00f3vil circulaba en direcci\u00f3n <strong>sur-norte<\/strong>, y al llegar a la zona del <strong>Arroyo Balcasar<\/strong>, el conductor <strong>perdi\u00f3 el dominio del rodado<\/strong>.<\/p>\n\n\n\n<p>El veh\u00edculo, que avanzaba <strong>a una velocidad excesiva<\/strong>, <strong>impact\u00f3 violentamente contra la baranda del puente<\/strong> y termin\u00f3 atravesado parcialmente sobre la ruta, por lo que el tr\u00e1nsito debi\u00f3 ser <strong>reducido a media calzada<\/strong> en ese tramo.<\/p>\n\n\n\n<p>A pesar del fuerte impacto, el episodio solo dej\u00f3 <strong>da\u00f1os materiales de consideraci\u00f3n<\/strong> y el conductor \u2014que viajaba solo\u2014 <strong>result\u00f3 con lesiones leves<\/strong>.<\/p>\n\n\n\n<p>El <strong>examen de alcoholemia<\/strong> practicado al individuo, de <strong>m\u00e1s de 40 a\u00f1os<\/strong>, confirm\u00f3 que <strong>conduc\u00eda en estado de ebriedad<\/strong>.<\/p>\n\n\n\n<p>En el lugar intervinieron <strong>servicios de emergencia del SAME, personal policial, bomberos voluntarios y agentes de Seguridad Vial<\/strong>, quienes asistieron al conductor y ordenaron el tr\u00e1nsito en la zona.<\/p>\n","protected":false},"excerpt":{"rendered":"<p>Un hombre que conduc\u00eda bajo los efectos del alcohol protagoniz\u00f3 un grave incidente vial sobre la Ruta Nacional 9, en inmediaciones de la localidad de San Pablo de Reyes, que por poco no tuvo consecuencias fatales. El hecho ocurri\u00f3 en las primeras horas del lunes, cerca de las 6:30, cuando el autom\u00f3vil circulaba en direcci\u00f3n [&hellip;]<\/p>\n","protected":false},"author":1,"featured_media":2675,"comment_status":"open","ping_status":"open","sticky":false,"template":"","format":"standard","meta":{"footnotes":""},"categories":[863,843],"tags":[],"class_list":{"0":"post-2674","1":"post","2":"type-post","3":"status-publish","4":"format-standard","5":"has-post-thumbnail","7":"category-jujuy","8":"category-policial"},"yoast_head":"<!-- This site is optimized with the Yoast SEO plugin v27.5 - https:\/\/yoast.com\/product\/yoast-seo-wordpress\/ -->\n<title>Manejaba ebrio, perdi\u00f3 el control del veh\u00edculo y estuvo a punto de causar una tragedia - Muy Jujuy<\/title>\n<meta name=\"robots\" content=\"index, follow, max-snippet:-1, max-image-preview:large, max-video-preview:-1\" \/>\n<link rel=\"canonical\" href=\"https:\/\/www.muyjujuy.com\/index.php\/2025\/07\/14\/manejaba-ebrio-perdio-el-control-del-vehiculo-y-estuvo-a-punto-de-causar-una-tragedia\/\" \/>\n<meta property=\"og:locale\" content=\"es_ES\" \/>\n<meta property=\"og:type\" content=\"article\" \/>\n<meta property=\"og:title\" content=\"Manejaba ebrio, perdi\u00f3 el control del veh\u00edculo y estuvo a punto de causar una tragedia - Muy Jujuy\" \/>\n<meta property=\"og:description\" content=\"Un hombre que conduc\u00eda bajo los efectos del alcohol protagoniz\u00f3 un grave incidente vial sobre la Ruta Nacional 9, en inmediaciones de la localidad de San Pablo de Reyes, que por poco no tuvo consecuencias fatales. El hecho ocurri\u00f3 en las primeras horas del lunes, cerca de las 6:30, cuando el autom\u00f3vil circulaba en direcci\u00f3n [&hellip;]\" \/>\n<meta property=\"og:url\" content=\"https:\/\/www.muyjujuy.com\/index.php\/2025\/07\/14\/manejaba-ebrio-perdio-el-control-del-vehiculo-y-estuvo-a-punto-de-causar-una-tragedia\/\" \/>\n<meta property=\"og:site_name\" content=\"Muy Jujuy\" \/>\n<meta property=\"article:publisher\" content=\"https:\/\/www.facebook.com\/muyjujuycom\" \/>\n<meta property=\"article:published_time\" content=\"2025-07-14T14:39:00+00:00\" \/>\n<meta name=\"author\" content=\"admin\" \/>\n<meta name=\"twitter:card\" content=\"summary_large_image\" \/>\n<meta name=\"twitter:creator\" content=\"@muyjujuy\" \/>\n<meta name=\"twitter:site\" content=\"@muyjujuy\" \/>\n<meta name=\"twitter:label1\" content=\"Escrito por\" \/>\n\t<meta name=\"twitter:data1\" content=\"admin\" \/>\n\t<meta name=\"twitter:label2\" content=\"Tiempo de lectura\" \/>\n\t<meta name=\"twitter:data2\" content=\"1 minuto\" \/>\n<script type=\"application\/ld+json\" class=\"yoast-schema-graph\">{\"@context\":\"https:\\\/\\\/schema.org\",\"@graph\":[{\"@type\":\"Article\",\"@id\":\"https:\\\/\\\/www.muyjujuy.com\\\/index.php\\\/2025\\\/07\\\/14\\\/manejaba-ebrio-perdio-el-control-del-vehiculo-y-estuvo-a-punto-de-causar-una-tragedia\\\/#article\",\"isPartOf\":{\"@id\":\"https:\\\/\\\/www.muyjujuy.com\\\/index.php\\\/2025\\\/07\\\/14\\\/manejaba-ebrio-perdio-el-control-del-vehiculo-y-estuvo-a-punto-de-causar-una-tragedia\\\/\"},\"author\":{\"name\":\"admin\",\"@id\":\"https:\\\/\\\/www.muyjujuy.com\\\/#\\\/schema\\\/person\\\/a3b63db1f387ec4149299954904c5bf0\"},\"headline\":\"Manejaba ebrio, perdi\u00f3 el control del veh\u00edculo y estuvo a punto de causar una tragedia\",\"datePublished\":\"2025-07-14T14:39:00+00:00\",\"mainEntityOfPage\":{\"@id\":\"https:\\\/\\\/www.muyjujuy.com\\\/index.php\\\/2025\\\/07\\\/14\\\/manejaba-ebrio-perdio-el-control-del-vehiculo-y-estuvo-a-punto-de-causar-una-tragedia\\\/\"},\"wordCount\":203,\"commentCount\":0,\"publisher\":{\"@id\":\"https:\\\/\\\/www.muyjujuy.com\\\/#organization\"},\"image\":{\"@id\":\"https:\\\/\\\/www.muyjujuy.com\\\/index.php\\\/2025\\\/07\\\/14\\\/manejaba-ebrio-perdio-el-control-del-vehiculo-y-estuvo-a-punto-de-causar-una-tragedia\\\/#primaryimage\"},\"thumbnailUrl\":\"https:\\\/\\\/www.muyjujuy.com\\\/wp-content\\\/uploads\\\/2025\\\/07\\\/choque-1.jpg\",\"articleSection\":[\"JUJUY\",\"POLICIAL\"],\"inLanguage\":\"es-AR\",\"potentialAction\":[{\"@type\":\"CommentAction\",\"name\":\"Comment\",\"target\":[\"https:\\\/\\\/www.muyjujuy.com\\\/index.php\\\/2025\\\/07\\\/14\\\/manejaba-ebrio-perdio-el-control-del-vehiculo-y-estuvo-a-punto-de-causar-una-tragedia\\\/#respond\"]}]},{\"@type\":\"WebPage\",\"@id\":\"https:\\\/\\\/www.muyjujuy.com\\\/index.php\\\/2025\\\/07\\\/14\\\/manejaba-ebrio-perdio-el-control-del-vehiculo-y-estuvo-a-punto-de-causar-una-tragedia\\\/\",\"url\":\"https:\\\/\\\/www.muyjujuy.com\\\/index.php\\\/2025\\\/07\\\/14\\\/manejaba-ebrio-perdio-el-control-del-vehiculo-y-estuvo-a-punto-de-causar-una-tragedia\\\/\",\"name\":\"Manejaba ebrio, perdi\u00f3 el control del veh\u00edculo y estuvo a punto de causar una tragedia - Muy Jujuy\",\"isPartOf\":{\"@id\":\"https:\\\/\\\/www.muyjujuy.com\\\/#website\"},\"primaryImageOfPage\":{\"@id\":\"https:\\\/\\\/www.muyjujuy.com\\\/index.php\\\/2025\\\/07\\\/14\\\/manejaba-ebrio-perdio-el-control-del-vehiculo-y-estuvo-a-punto-de-causar-una-tragedia\\\/#primaryimage\"},\"image\":{\"@id\":\"https:\\\/\\\/www.muyjujuy.com\\\/index.php\\\/2025\\\/07\\\/14\\\/manejaba-ebrio-perdio-el-control-del-vehiculo-y-estuvo-a-punto-de-causar-una-tragedia\\\/#primaryimage\"},\"thumbnailUrl\":\"https:\\\/\\\/www.muyjujuy.com\\\/wp-content\\\/uploads\\\/2025\\\/07\\\/choque-1.jpg\",\"datePublished\":\"2025-07-14T14:39:00+00:00\",\"breadcrumb\":{\"@id\":\"https:\\\/\\\/www.muyjujuy.com\\\/index.php\\\/2025\\\/07\\\/14\\\/manejaba-ebrio-perdio-el-control-del-vehiculo-y-estuvo-a-punto-de-causar-una-tragedia\\\/#breadcrumb\"},\"inLanguage\":\"es-AR\",\"potentialAction\":[{\"@type\":\"ReadAction\",\"target\":[\"https:\\\/\\\/www.muyjujuy.com\\\/index.php\\\/2025\\\/07\\\/14\\\/manejaba-ebrio-perdio-el-control-del-vehiculo-y-estuvo-a-punto-de-causar-una-tragedia\\\/\"]}]},{\"@type\":\"ImageObject\",\"inLanguage\":\"es-AR\",\"@id\":\"https:\\\/\\\/www.muyjujuy.com\\\/index.php\\\/2025\\\/07\\\/14\\\/manejaba-ebrio-perdio-el-control-del-vehiculo-y-estuvo-a-punto-de-causar-una-tragedia\\\/#primaryimage\",\"url\":\"https:\\\/\\\/www.muyjujuy.com\\\/wp-content\\\/uploads\\\/2025\\\/07\\\/choque-1.jpg\",\"contentUrl\":\"https:\\\/\\\/www.muyjujuy.com\\\/wp-content\\\/uploads\\\/2025\\\/07\\\/choque-1.jpg\",\"width\":866,\"height\":493},{\"@type\":\"BreadcrumbList\",\"@id\":\"https:\\\/\\\/www.muyjujuy.com\\\/index.php\\\/2025\\\/07\\\/14\\\/manejaba-ebrio-perdio-el-control-del-vehiculo-y-estuvo-a-punto-de-causar-una-tragedia\\\/#breadcrumb\",\"itemListElement\":[{\"@type\":\"ListItem\",\"position\":1,\"name\":\"Inicio\",\"item\":\"https:\\\/\\\/www.muyjujuy.com\\\/\"},{\"@type\":\"ListItem\",\"position\":2,\"name\":\"Manejaba ebrio, perdi\u00f3 el control del veh\u00edculo y estuvo a punto de causar una tragedia\"}]},{\"@type\":\"WebSite\",\"@id\":\"https:\\\/\\\/www.muyjujuy.com\\\/#website\",\"url\":\"https:\\\/\\\/www.muyjujuy.com\\\/\",\"name\":\"Muy Jujuy\",\"description\":\"\",\"publisher\":{\"@id\":\"https:\\\/\\\/www.muyjujuy.com\\\/#organization\"},\"potentialAction\":[{\"@type\":\"SearchAction\",\"target\":{\"@type\":\"EntryPoint\",\"urlTemplate\":\"https:\\\/\\\/www.muyjujuy.com\\\/?s={search_term_string}\"},\"query-input\":{\"@type\":\"PropertyValueSpecification\",\"valueRequired\":true,\"valueName\":\"search_term_string\"}}],\"inLanguage\":\"es-AR\"},{\"@type\":\"Organization\",\"@id\":\"https:\\\/\\\/www.muyjujuy.com\\\/#organization\",\"name\":\"Muy Jujuy\",\"url\":\"https:\\\/\\\/www.muyjujuy.com\\\/\",\"logo\":{\"@type\":\"ImageObject\",\"inLanguage\":\"es-AR\",\"@id\":\"https:\\\/\\\/www.muyjujuy.com\\\/#\\\/schema\\\/logo\\\/image\\\/\",\"url\":\"http:\\\/\\\/www.muyjujuy.com\\\/wp-content\\\/uploads\\\/2022\\\/05\\\/logo-mobil-jujuy.png\",\"contentUrl\":\"http:\\\/\\\/www.muyjujuy.com\\\/wp-content\\\/uploads\\\/2022\\\/05\\\/logo-mobil-jujuy.png\",\"width\":174,\"height\":81,\"caption\":\"Muy Jujuy\"},\"image\":{\"@id\":\"https:\\\/\\\/www.muyjujuy.com\\\/#\\\/schema\\\/logo\\\/image\\\/\"},\"sameAs\":[\"https:\\\/\\\/www.facebook.com\\\/muyjujuycom\",\"https:\\\/\\\/x.com\\\/muyjujuy\",\"https:\\\/\\\/www.instagram.com\\\/muyjujuycom\"]},{\"@type\":\"Person\",\"@id\":\"https:\\\/\\\/www.muyjujuy.com\\\/#\\\/schema\\\/person\\\/a3b63db1f387ec4149299954904c5bf0\",\"name\":\"admin\",\"image\":{\"@type\":\"ImageObject\",\"inLanguage\":\"es-AR\",\"@id\":\"https:\\\/\\\/secure.gravatar.com\\\/avatar\\\/b6e63d8d3a73633362405a0ad27e9c28391755813b59886f19a99d6cef8a03fc?s=96&d=mm&r=g\",\"url\":\"https:\\\/\\\/secure.gravatar.com\\\/avatar\\\/b6e63d8d3a73633362405a0ad27e9c28391755813b59886f19a99d6cef8a03fc?s=96&d=mm&r=g\",\"contentUrl\":\"https:\\\/\\\/secure.gravatar.com\\\/avatar\\\/b6e63d8d3a73633362405a0ad27e9c28391755813b59886f19a99d6cef8a03fc?s=96&d=mm&r=g\",\"caption\":\"admin\"},\"url\":\"https:\\\/\\\/www.muyjujuy.com\\\/index.php\\\/author\\\/soyeleditor\\\/\"}]}<\/script>\n<!-- \/ Yoast SEO plugin. -->","yoast_head_json":{"title":"Manejaba ebrio, perdi\u00f3 el control del veh\u00edculo y estuvo a punto de causar una tragedia - Muy Jujuy","robots":{"index":"index","follow":"follow","max-snippet":"max-snippet:-1","max-image-preview":"max-image-preview:large","max-video-preview":"max-video-preview:-1"},"canonical":"https:\/\/www.muyjujuy.com\/index.php\/2025\/07\/14\/manejaba-ebrio-perdio-el-control-del-vehiculo-y-estuvo-a-punto-de-causar-una-tragedia\/","og_locale":"es_ES","og_type":"article","og_title":"Manejaba ebrio, perdi\u00f3 el control del veh\u00edculo y estuvo a punto de causar una tragedia - Muy Jujuy","og_description":"Un hombre que conduc\u00eda bajo los efectos del alcohol protagoniz\u00f3 un grave incidente vial sobre la Ruta Nacional 9, en inmediaciones de la localidad de San Pablo de Reyes, que por poco no tuvo consecuencias fatales. El hecho ocurri\u00f3 en las primeras horas del lunes, cerca de las 6:30, cuando el autom\u00f3vil circulaba en direcci\u00f3n [&hellip;]","og_url":"https:\/\/www.muyjujuy.com\/index.php\/2025\/07\/14\/manejaba-ebrio-perdio-el-control-del-vehiculo-y-estuvo-a-punto-de-causar-una-tragedia\/","og_site_name":"Muy Jujuy","article_publisher":"https:\/\/www.facebook.com\/muyjujuycom","article_published_time":"2025-07-14T14:39:00+00:00","author":"admin","twitter_card":"summary_large_image","twitter_creator":"@muyjujuy","twitter_site":"@muyjujuy","twitter_misc":{"Escrito por":"admin","Tiempo de lectura":"1 minuto"},"schema":{"@context":"https:\/\/schema.org","@graph":[{"@type":"Article","@id":"https:\/\/www.muyjujuy.com\/index.php\/2025\/07\/14\/manejaba-ebrio-perdio-el-control-del-vehiculo-y-estuvo-a-punto-de-causar-una-tragedia\/#article","isPartOf":{"@id":"https:\/\/www.muyjujuy.com\/index.php\/2025\/07\/14\/manejaba-ebrio-perdio-el-control-del-vehiculo-y-estuvo-a-punto-de-causar-una-tragedia\/"},"author":{"name":"admin","@id":"https:\/\/www.muyjujuy.com\/#\/schema\/person\/a3b63db1f387ec4149299954904c5bf0"},"headline":"Manejaba ebrio, perdi\u00f3 el control del veh\u00edculo y estuvo a punto de causar una tragedia","datePublished":"2025-07-14T14:39:00+00:00","mainEntityOfPage":{"@id":"https:\/\/www.muyjujuy.com\/index.php\/2025\/07\/14\/manejaba-ebrio-perdio-el-control-del-vehiculo-y-estuvo-a-punto-de-causar-una-tragedia\/"},"wordCount":203,"commentCount":0,"publisher":{"@id":"https:\/\/www.muyjujuy.com\/#organization"},"image":{"@id":"https:\/\/www.muyjujuy.com\/index.php\/2025\/07\/14\/manejaba-ebrio-perdio-el-control-del-vehiculo-y-estuvo-a-punto-de-causar-una-tragedia\/#primaryimage"},"thumbnailUrl":"https:\/\/www.muyjujuy.com\/wp-content\/uploads\/2025\/07\/choque-1.jpg","articleSection":["JUJUY","POLICIAL"],"inLanguage":"es-AR","potentialAction":[{"@type":"CommentAction","name":"Comment","target":["https:\/\/www.muyjujuy.com\/index.php\/2025\/07\/14\/manejaba-ebrio-perdio-el-control-del-vehiculo-y-estuvo-a-punto-de-causar-una-tragedia\/#respond"]}]},{"@type":"WebPage","@id":"https:\/\/www.muyjujuy.com\/index.php\/2025\/07\/14\/manejaba-ebrio-perdio-el-control-del-vehiculo-y-estuvo-a-punto-de-causar-una-tragedia\/","url":"https:\/\/www.muyjujuy.com\/index.php\/2025\/07\/14\/manejaba-ebrio-perdio-el-control-del-vehiculo-y-estuvo-a-punto-de-causar-una-tragedia\/","name":"Manejaba ebrio, perdi\u00f3 el control del veh\u00edculo y estuvo a punto de causar una tragedia - Muy Jujuy","isPartOf":{"@id":"https:\/\/www.muyjujuy.com\/#website"},"primaryImageOfPage":{"@id":"https:\/\/www.muyjujuy.com\/index.php\/2025\/07\/14\/manejaba-ebrio-perdio-el-control-del-vehiculo-y-estuvo-a-punto-de-causar-una-tragedia\/#primaryimage"},"image":{"@id":"https:\/\/www.muyjujuy.com\/index.php\/2025\/07\/14\/manejaba-ebrio-perdio-el-control-del-vehiculo-y-estuvo-a-punto-de-causar-una-tragedia\/#primaryimage"},"thumbnailUrl":"https:\/\/www.muyjujuy.com\/wp-content\/uploads\/2025\/07\/choque-1.jpg","datePublished":"2025-07-14T14:39:00+00:00","breadcrumb":{"@id":"https:\/\/www.muyjujuy.com\/index.php\/2025\/07\/14\/manejaba-ebrio-perdio-el-control-del-vehiculo-y-estuvo-a-punto-de-causar-una-tragedia\/#breadcrumb"},"inLanguage":"es-AR","potentialAction":[{"@type":"ReadAction","target":["https:\/\/www.muyjujuy.com\/index.php\/2025\/07\/14\/manejaba-ebrio-perdio-el-control-del-vehiculo-y-estuvo-a-punto-de-causar-una-tragedia\/"]}]},{"@type":"ImageObject","inLanguage":"es-AR","@id":"https:\/\/www.muyjujuy.com\/index.php\/2025\/07\/14\/manejaba-ebrio-perdio-el-control-del-vehiculo-y-estuvo-a-punto-de-causar-una-tragedia\/#primaryimage","url":"https:\/\/www.muyjujuy.com\/wp-content\/uploads\/2025\/07\/choque-1.jpg","contentUrl":"https:\/\/www.muyjujuy.com\/wp-content\/uploads\/2025\/07\/choque-1.jpg","width":866,"height":493},{"@type":"BreadcrumbList","@id":"https:\/\/www.muyjujuy.com\/index.php\/2025\/07\/14\/manejaba-ebrio-perdio-el-control-del-vehiculo-y-estuvo-a-punto-de-causar-una-tragedia\/#breadcrumb","itemListElement":[{"@type":"ListItem","position":1,"name":"Inicio","item":"https:\/\/www.muyjujuy.com\/"},{"@type":"ListItem","position":2,"name":"Manejaba ebrio, perdi\u00f3 el control del veh\u00edculo y estuvo a punto de causar una tragedia"}]},{"@type":"WebSite","@id":"https:\/\/www.muyjujuy.com\/#website","url":"https:\/\/www.muyjujuy.com\/","name":"Muy Jujuy","description":"","publisher":{"@id":"https:\/\/www.muyjujuy.com\/#organization"},"potentialAction":[{"@type":"SearchAction","target":{"@type":"EntryPoint","urlTemplate":"https:\/\/www.muyjujuy.com\/?s={search_term_string}"},"query-input":{"@type":"PropertyValueSpecification","valueRequired":true,"valueName":"search_term_string"}}],"inLanguage":"es-AR"},{"@type":"Organization","@id":"https:\/\/www.muyjujuy.com\/#organization","name":"Muy Jujuy","url":"https:\/\/www.muyjujuy.com\/","logo":{"@type":"ImageObject","inLanguage":"es-AR","@id":"https:\/\/www.muyjujuy.com\/#\/schema\/logo\/image\/","url":"http:\/\/www.muyjujuy.com\/wp-content\/uploads\/2022\/05\/logo-mobil-jujuy.png","contentUrl":"http:\/\/www.muyjujuy.com\/wp-content\/uploads\/2022\/05\/logo-mobil-jujuy.png","width":174,"height":81,"caption":"Muy Jujuy"},"image":{"@id":"https:\/\/www.muyjujuy.com\/#\/schema\/logo\/image\/"},"sameAs":["https:\/\/www.facebook.com\/muyjujuycom","https:\/\/x.com\/muyjujuy","https:\/\/www.instagram.com\/muyjujuycom"]},{"@type":"Person","@id":"https:\/\/www.muyjujuy.com\/#\/schema\/person\/a3b63db1f387ec4149299954904c5bf0","name":"admin","image":{"@type":"ImageObject","inLanguage":"es-AR","@id":"https:\/\/secure.gravatar.com\/avatar\/b6e63d8d3a73633362405a0ad27e9c28391755813b59886f19a99d6cef8a03fc?s=96&d=mm&r=g","url":"https:\/\/secure.gravatar.com\/avatar\/b6e63d8d3a73633362405a0ad27e9c28391755813b59886f19a99d6cef8a03fc?s=96&d=mm&r=g","contentUrl":"https:\/\/secure.gravatar.com\/avatar\/b6e63d8d3a73633362405a0ad27e9c28391755813b59886f19a99d6cef8a03fc?s=96&d=mm&r=g","caption":"admin"},"url":"https:\/\/www.muyjujuy.com\/index.php\/author\/soyeleditor\/"}]}},"_links":{"self":[{"href":"https:\/\/www.muyjujuy.com\/index.php\/wp-json\/wp\/v2\/posts\/2674","targetHints":{"allow":["GET"]}}],"collection":[{"href":"https:\/\/www.muyjujuy.com\/index.php\/wp-json\/wp\/v2\/posts"}],"about":[{"href":"https:\/\/www.muyjujuy.com\/index.php\/wp-json\/wp\/v2\/types\/post"}],"author":[{"embeddable":true,"href":"https:\/\/www.muyjujuy.com\/index.php\/wp-json\/wp\/v2\/users\/1"}],"replies":[{"embeddable":true,"href":"https:\/\/www.muyjujuy.com\/index.php\/wp-json\/wp\/v2\/comments?post=2674"}],"version-history":[{"count":1,"href":"https:\/\/www.muyjujuy.com\/index.php\/wp-json\/wp\/v2\/posts\/2674\/revisions"}],"predecessor-version":[{"id":2676,"href":"https:\/\/www.muyjujuy.com\/index.php\/wp-json\/wp\/v2\/posts\/2674\/revisions\/2676"}],"wp:featuredmedia":[{"embeddable":true,"href":"https:\/\/www.muyjujuy.com\/index.php\/wp-json\/wp\/v2\/media\/2675"}],"wp:attachment":[{"href":"https:\/\/www.muyjujuy.com\/index.php\/wp-json\/wp\/v2\/media?parent=2674"}],"wp:term":[{"taxonomy":"category","embeddable":true,"href":"https:\/\/www.muyjujuy.com\/index.php\/wp-json\/wp\/v2\/categories?post=2674"},{"taxonomy":"post_tag","embeddable":true,"href":"https:\/\/www.muyjujuy.com\/index.php\/wp-json\/wp\/v2\/tags?post=2674"}],"curies":[{"name":"wp","href":"https:\/\/api.w.org\/{rel}","templated":true}]}}