{"id":2677,"date":"2025-07-15T11:21:32","date_gmt":"2025-07-15T14:21:32","guid":{"rendered":"https:\/\/www.muyjujuy.com\/?p=2677"},"modified":"2025-07-15T11:21:32","modified_gmt":"2025-07-15T14:21:32","slug":"jujuy-inicio-la-temporada-invernal-con-un-70-de-ocupacion-en-sus-cuatro-regiones","status":"publish","type":"post","link":"https:\/\/www.muyjujuy.com\/index.php\/2025\/07\/15\/jujuy-inicio-la-temporada-invernal-con-un-70-de-ocupacion-en-sus-cuatro-regiones\/","title":{"rendered":"Jujuy inici\u00f3 la temporada invernal con un 70% de ocupaci\u00f3n en sus cuatro regiones"},"content":{"rendered":"\n<p>La provincia de <strong>Jujuy<\/strong> comenz\u00f3 la temporada de invierno con perspectivas muy positivas. Seg\u00fan inform\u00f3 el <strong>ministro de Turismo, Federico Posadas<\/strong>, la ocupaci\u00f3n hotelera alcanza el <strong>70% en las cuatro regiones tur\u00edsticas<\/strong>: <strong>Quebrada, Puna, Valles y Yungas<\/strong>, lo que representa un inicio altamente prometedor.<\/p>\n\n\n\n<p><strong>\u201cEstamos cerca del 70% de ocupaci\u00f3n en las cuatro zonas, lo que refleja el crecimiento sostenido de Jujuy como destino tur\u00edstico a\u00f1o tras a\u00f1o\u201d<\/strong>, expres\u00f3 Posadas. En ese sentido, destac\u00f3 que <strong>ya no es \u00fanicamente la Quebrada el principal atractivo, sino tambi\u00e9n otras regiones que ofrecen experiencias y propuestas innovadoras<\/strong>.<\/p>\n\n\n\n<p>El funcionario explic\u00f3 que la provincia <strong>logr\u00f3 aumentar el promedio de estad\u00edas<\/strong>, ya que los visitantes permanecen m\u00e1s d\u00edas. Adem\u00e1s, valor\u00f3 la <strong>articulaci\u00f3n entre el sector p\u00fablico y privado como un factor fundamental para el crecimiento del turismo juje\u00f1o<\/strong>, especialmente a partir de la pospandemia.<\/p>\n\n\n\n<p><strong>\u201cHoy Jujuy se posiciona como uno de los polos gastron\u00f3micos m\u00e1s relevantes del norte argentino. Hubo un trabajo intenso en promoci\u00f3n y desarrollo de productos, lo que nos permiti\u00f3 destacar en todo el pa\u00eds\u201d<\/strong>, afirm\u00f3 Posadas.<\/p>\n\n\n\n<hr class=\"wp-block-separator has-alpha-channel-opacity\"\/>\n\n\n\n<h3 class=\"wp-block-heading\"><strong>Competitividad en precios y calidad asegurada<\/strong><\/h3>\n\n\n\n<p>El ministro tambi\u00e9n remarc\u00f3 que <strong>uno de los factores determinantes para la llegada de turistas desde distintos puntos del pa\u00eds es la competitividad en los precios<\/strong>, sin sacrificar calidad en los servicios ofrecidos.<\/p>\n\n\n\n<p><strong>\u201cNos eligen no solo por la riqueza natural y cultural, sino tambi\u00e9n por la excelente relaci\u00f3n entre costo y servicio. El norte argentino hist\u00f3ricamente fue competitivo, y queremos sostener esa ventaja sin resignar calidad\u201d<\/strong>, subray\u00f3.<\/p>\n\n\n\n<p>En este contexto, Posadas coment\u00f3 que <strong>los visitantes valoran las tarifas accesibles en hoteler\u00eda y gastronom\u00eda<\/strong>, lo que adem\u00e1s genera un <strong>impacto positivo en otros sectores, como el comercio y la producci\u00f3n local<\/strong>. <strong>\u201cEl turismo se consolida como motor de desarrollo y como generador de empleo genuino en toda la provincia\u201d<\/strong>, agreg\u00f3.<\/p>\n\n\n\n<p>Finalmente, destac\u00f3 que los resultados obtenidos en este inicio de temporada <strong>impulsan a seguir trabajando para mantener el crecimiento, pese a los desaf\u00edos macroecon\u00f3micos del pa\u00eds<\/strong>. <strong>\u201cEstamos muy entusiasmados y reafirmamos el compromiso de continuar fortaleciendo a Jujuy como destino integral\u201d<\/strong>, concluy\u00f3.<\/p>\n","protected":false},"excerpt":{"rendered":"<p>La provincia de Jujuy comenz\u00f3 la temporada de invierno con perspectivas muy positivas. Seg\u00fan inform\u00f3 el ministro de Turismo, Federico Posadas, la ocupaci\u00f3n hotelera alcanza el 70% en las cuatro regiones tur\u00edsticas: Quebrada, Puna, Valles y Yungas, lo que representa un inicio altamente prometedor. \u201cEstamos cerca del 70% de ocupaci\u00f3n en las cuatro zonas, lo [&hellip;]<\/p>\n","protected":false},"author":1,"featured_media":2678,"comment_status":"open","ping_status":"open","sticky":false,"template":"","format":"standard","meta":{"footnotes":""},"categories":[863,25],"tags":[],"class_list":{"0":"post-2677","1":"post","2":"type-post","3":"status-publish","4":"format-standard","5":"has-post-thumbnail","7":"category-jujuy","8":"category-sociedad"},"yoast_head":"<!-- This site is optimized with the Yoast SEO plugin v27.5 - https:\/\/yoast.com\/product\/yoast-seo-wordpress\/ -->\n<title>Jujuy inici\u00f3 la temporada invernal con un 70% de ocupaci\u00f3n en sus cuatro regiones - Muy Jujuy<\/title>\n<meta name=\"robots\" content=\"index, follow, max-snippet:-1, max-image-preview:large, max-video-preview:-1\" \/>\n<link rel=\"canonical\" href=\"https:\/\/www.muyjujuy.com\/index.php\/2025\/07\/15\/jujuy-inicio-la-temporada-invernal-con-un-70-de-ocupacion-en-sus-cuatro-regiones\/\" \/>\n<meta property=\"og:locale\" content=\"es_ES\" \/>\n<meta property=\"og:type\" content=\"article\" \/>\n<meta property=\"og:title\" content=\"Jujuy inici\u00f3 la temporada invernal con un 70% de ocupaci\u00f3n en sus cuatro regiones - Muy Jujuy\" \/>\n<meta property=\"og:description\" content=\"La provincia de Jujuy comenz\u00f3 la temporada de invierno con perspectivas muy positivas. Seg\u00fan inform\u00f3 el ministro de Turismo, Federico Posadas, la ocupaci\u00f3n hotelera alcanza el 70% en las cuatro regiones tur\u00edsticas: Quebrada, Puna, Valles y Yungas, lo que representa un inicio altamente prometedor. \u201cEstamos cerca del 70% de ocupaci\u00f3n en las cuatro zonas, lo [&hellip;]\" \/>\n<meta property=\"og:url\" content=\"https:\/\/www.muyjujuy.com\/index.php\/2025\/07\/15\/jujuy-inicio-la-temporada-invernal-con-un-70-de-ocupacion-en-sus-cuatro-regiones\/\" \/>\n<meta property=\"og:site_name\" content=\"Muy Jujuy\" \/>\n<meta property=\"article:publisher\" content=\"https:\/\/www.facebook.com\/muyjujuycom\" \/>\n<meta property=\"article:published_time\" content=\"2025-07-15T14:21:32+00:00\" \/>\n<meta name=\"author\" content=\"admin\" \/>\n<meta name=\"twitter:card\" content=\"summary_large_image\" \/>\n<meta name=\"twitter:creator\" content=\"@muyjujuy\" \/>\n<meta name=\"twitter:site\" content=\"@muyjujuy\" \/>\n<meta name=\"twitter:label1\" content=\"Escrito por\" \/>\n\t<meta name=\"twitter:data1\" content=\"admin\" \/>\n\t<meta name=\"twitter:label2\" content=\"Tiempo de lectura\" \/>\n\t<meta name=\"twitter:data2\" content=\"2 minutos\" \/>\n<script type=\"application\/ld+json\" class=\"yoast-schema-graph\">{\"@context\":\"https:\\\/\\\/schema.org\",\"@graph\":[{\"@type\":\"Article\",\"@id\":\"https:\\\/\\\/www.muyjujuy.com\\\/index.php\\\/2025\\\/07\\\/15\\\/jujuy-inicio-la-temporada-invernal-con-un-70-de-ocupacion-en-sus-cuatro-regiones\\\/#article\",\"isPartOf\":{\"@id\":\"https:\\\/\\\/www.muyjujuy.com\\\/index.php\\\/2025\\\/07\\\/15\\\/jujuy-inicio-la-temporada-invernal-con-un-70-de-ocupacion-en-sus-cuatro-regiones\\\/\"},\"author\":{\"name\":\"admin\",\"@id\":\"https:\\\/\\\/www.muyjujuy.com\\\/#\\\/schema\\\/person\\\/a3b63db1f387ec4149299954904c5bf0\"},\"headline\":\"Jujuy inici\u00f3 la temporada invernal con un 70% de ocupaci\u00f3n en sus cuatro regiones\",\"datePublished\":\"2025-07-15T14:21:32+00:00\",\"mainEntityOfPage\":{\"@id\":\"https:\\\/\\\/www.muyjujuy.com\\\/index.php\\\/2025\\\/07\\\/15\\\/jujuy-inicio-la-temporada-invernal-con-un-70-de-ocupacion-en-sus-cuatro-regiones\\\/\"},\"wordCount\":386,\"commentCount\":0,\"publisher\":{\"@id\":\"https:\\\/\\\/www.muyjujuy.com\\\/#organization\"},\"image\":{\"@id\":\"https:\\\/\\\/www.muyjujuy.com\\\/index.php\\\/2025\\\/07\\\/15\\\/jujuy-inicio-la-temporada-invernal-con-un-70-de-ocupacion-en-sus-cuatro-regiones\\\/#primaryimage\"},\"thumbnailUrl\":\"https:\\\/\\\/www.muyjujuy.com\\\/wp-content\\\/uploads\\\/2025\\\/07\\\/JUJUY-2.jpg\",\"articleSection\":[\"JUJUY\",\"Sociedad\"],\"inLanguage\":\"es-AR\",\"potentialAction\":[{\"@type\":\"CommentAction\",\"name\":\"Comment\",\"target\":[\"https:\\\/\\\/www.muyjujuy.com\\\/index.php\\\/2025\\\/07\\\/15\\\/jujuy-inicio-la-temporada-invernal-con-un-70-de-ocupacion-en-sus-cuatro-regiones\\\/#respond\"]}]},{\"@type\":\"WebPage\",\"@id\":\"https:\\\/\\\/www.muyjujuy.com\\\/index.php\\\/2025\\\/07\\\/15\\\/jujuy-inicio-la-temporada-invernal-con-un-70-de-ocupacion-en-sus-cuatro-regiones\\\/\",\"url\":\"https:\\\/\\\/www.muyjujuy.com\\\/index.php\\\/2025\\\/07\\\/15\\\/jujuy-inicio-la-temporada-invernal-con-un-70-de-ocupacion-en-sus-cuatro-regiones\\\/\",\"name\":\"Jujuy inici\u00f3 la temporada invernal con un 70% de ocupaci\u00f3n en sus cuatro regiones - Muy Jujuy\",\"isPartOf\":{\"@id\":\"https:\\\/\\\/www.muyjujuy.com\\\/#website\"},\"primaryImageOfPage\":{\"@id\":\"https:\\\/\\\/www.muyjujuy.com\\\/index.php\\\/2025\\\/07\\\/15\\\/jujuy-inicio-la-temporada-invernal-con-un-70-de-ocupacion-en-sus-cuatro-regiones\\\/#primaryimage\"},\"image\":{\"@id\":\"https:\\\/\\\/www.muyjujuy.com\\\/index.php\\\/2025\\\/07\\\/15\\\/jujuy-inicio-la-temporada-invernal-con-un-70-de-ocupacion-en-sus-cuatro-regiones\\\/#primaryimage\"},\"thumbnailUrl\":\"https:\\\/\\\/www.muyjujuy.com\\\/wp-content\\\/uploads\\\/2025\\\/07\\\/JUJUY-2.jpg\",\"datePublished\":\"2025-07-15T14:21:32+00:00\",\"breadcrumb\":{\"@id\":\"https:\\\/\\\/www.muyjujuy.com\\\/index.php\\\/2025\\\/07\\\/15\\\/jujuy-inicio-la-temporada-invernal-con-un-70-de-ocupacion-en-sus-cuatro-regiones\\\/#breadcrumb\"},\"inLanguage\":\"es-AR\",\"potentialAction\":[{\"@type\":\"ReadAction\",\"target\":[\"https:\\\/\\\/www.muyjujuy.com\\\/index.php\\\/2025\\\/07\\\/15\\\/jujuy-inicio-la-temporada-invernal-con-un-70-de-ocupacion-en-sus-cuatro-regiones\\\/\"]}]},{\"@type\":\"ImageObject\",\"inLanguage\":\"es-AR\",\"@id\":\"https:\\\/\\\/www.muyjujuy.com\\\/index.php\\\/2025\\\/07\\\/15\\\/jujuy-inicio-la-temporada-invernal-con-un-70-de-ocupacion-en-sus-cuatro-regiones\\\/#primaryimage\",\"url\":\"https:\\\/\\\/www.muyjujuy.com\\\/wp-content\\\/uploads\\\/2025\\\/07\\\/JUJUY-2.jpg\",\"contentUrl\":\"https:\\\/\\\/www.muyjujuy.com\\\/wp-content\\\/uploads\\\/2025\\\/07\\\/JUJUY-2.jpg\",\"width\":960,\"height\":541},{\"@type\":\"BreadcrumbList\",\"@id\":\"https:\\\/\\\/www.muyjujuy.com\\\/index.php\\\/2025\\\/07\\\/15\\\/jujuy-inicio-la-temporada-invernal-con-un-70-de-ocupacion-en-sus-cuatro-regiones\\\/#breadcrumb\",\"itemListElement\":[{\"@type\":\"ListItem\",\"position\":1,\"name\":\"Inicio\",\"item\":\"https:\\\/\\\/www.muyjujuy.com\\\/\"},{\"@type\":\"ListItem\",\"position\":2,\"name\":\"Jujuy inici\u00f3 la temporada invernal con un 70% de ocupaci\u00f3n en sus cuatro regiones\"}]},{\"@type\":\"WebSite\",\"@id\":\"https:\\\/\\\/www.muyjujuy.com\\\/#website\",\"url\":\"https:\\\/\\\/www.muyjujuy.com\\\/\",\"name\":\"Muy Jujuy\",\"description\":\"\",\"publisher\":{\"@id\":\"https:\\\/\\\/www.muyjujuy.com\\\/#organization\"},\"potentialAction\":[{\"@type\":\"SearchAction\",\"target\":{\"@type\":\"EntryPoint\",\"urlTemplate\":\"https:\\\/\\\/www.muyjujuy.com\\\/?s={search_term_string}\"},\"query-input\":{\"@type\":\"PropertyValueSpecification\",\"valueRequired\":true,\"valueName\":\"search_term_string\"}}],\"inLanguage\":\"es-AR\"},{\"@type\":\"Organization\",\"@id\":\"https:\\\/\\\/www.muyjujuy.com\\\/#organization\",\"name\":\"Muy Jujuy\",\"url\":\"https:\\\/\\\/www.muyjujuy.com\\\/\",\"logo\":{\"@type\":\"ImageObject\",\"inLanguage\":\"es-AR\",\"@id\":\"https:\\\/\\\/www.muyjujuy.com\\\/#\\\/schema\\\/logo\\\/image\\\/\",\"url\":\"http:\\\/\\\/www.muyjujuy.com\\\/wp-content\\\/uploads\\\/2022\\\/05\\\/logo-mobil-jujuy.png\",\"contentUrl\":\"http:\\\/\\\/www.muyjujuy.com\\\/wp-content\\\/uploads\\\/2022\\\/05\\\/logo-mobil-jujuy.png\",\"width\":174,\"height\":81,\"caption\":\"Muy Jujuy\"},\"image\":{\"@id\":\"https:\\\/\\\/www.muyjujuy.com\\\/#\\\/schema\\\/logo\\\/image\\\/\"},\"sameAs\":[\"https:\\\/\\\/www.facebook.com\\\/muyjujuycom\",\"https:\\\/\\\/x.com\\\/muyjujuy\",\"https:\\\/\\\/www.instagram.com\\\/muyjujuycom\"]},{\"@type\":\"Person\",\"@id\":\"https:\\\/\\\/www.muyjujuy.com\\\/#\\\/schema\\\/person\\\/a3b63db1f387ec4149299954904c5bf0\",\"name\":\"admin\",\"image\":{\"@type\":\"ImageObject\",\"inLanguage\":\"es-AR\",\"@id\":\"https:\\\/\\\/secure.gravatar.com\\\/avatar\\\/b6e63d8d3a73633362405a0ad27e9c28391755813b59886f19a99d6cef8a03fc?s=96&d=mm&r=g\",\"url\":\"https:\\\/\\\/secure.gravatar.com\\\/avatar\\\/b6e63d8d3a73633362405a0ad27e9c28391755813b59886f19a99d6cef8a03fc?s=96&d=mm&r=g\",\"contentUrl\":\"https:\\\/\\\/secure.gravatar.com\\\/avatar\\\/b6e63d8d3a73633362405a0ad27e9c28391755813b59886f19a99d6cef8a03fc?s=96&d=mm&r=g\",\"caption\":\"admin\"},\"url\":\"https:\\\/\\\/www.muyjujuy.com\\\/index.php\\\/author\\\/soyeleditor\\\/\"}]}<\/script>\n<!-- \/ Yoast SEO plugin. -->","yoast_head_json":{"title":"Jujuy inici\u00f3 la temporada invernal con un 70% de ocupaci\u00f3n en sus cuatro regiones - Muy Jujuy","robots":{"index":"index","follow":"follow","max-snippet":"max-snippet:-1","max-image-preview":"max-image-preview:large","max-video-preview":"max-video-preview:-1"},"canonical":"https:\/\/www.muyjujuy.com\/index.php\/2025\/07\/15\/jujuy-inicio-la-temporada-invernal-con-un-70-de-ocupacion-en-sus-cuatro-regiones\/","og_locale":"es_ES","og_type":"article","og_title":"Jujuy inici\u00f3 la temporada invernal con un 70% de ocupaci\u00f3n en sus cuatro regiones - Muy Jujuy","og_description":"La provincia de Jujuy comenz\u00f3 la temporada de invierno con perspectivas muy positivas. Seg\u00fan inform\u00f3 el ministro de Turismo, Federico Posadas, la ocupaci\u00f3n hotelera alcanza el 70% en las cuatro regiones tur\u00edsticas: Quebrada, Puna, Valles y Yungas, lo que representa un inicio altamente prometedor. \u201cEstamos cerca del 70% de ocupaci\u00f3n en las cuatro zonas, lo [&hellip;]","og_url":"https:\/\/www.muyjujuy.com\/index.php\/2025\/07\/15\/jujuy-inicio-la-temporada-invernal-con-un-70-de-ocupacion-en-sus-cuatro-regiones\/","og_site_name":"Muy Jujuy","article_publisher":"https:\/\/www.facebook.com\/muyjujuycom","article_published_time":"2025-07-15T14:21:32+00:00","author":"admin","twitter_card":"summary_large_image","twitter_creator":"@muyjujuy","twitter_site":"@muyjujuy","twitter_misc":{"Escrito por":"admin","Tiempo de lectura":"2 minutos"},"schema":{"@context":"https:\/\/schema.org","@graph":[{"@type":"Article","@id":"https:\/\/www.muyjujuy.com\/index.php\/2025\/07\/15\/jujuy-inicio-la-temporada-invernal-con-un-70-de-ocupacion-en-sus-cuatro-regiones\/#article","isPartOf":{"@id":"https:\/\/www.muyjujuy.com\/index.php\/2025\/07\/15\/jujuy-inicio-la-temporada-invernal-con-un-70-de-ocupacion-en-sus-cuatro-regiones\/"},"author":{"name":"admin","@id":"https:\/\/www.muyjujuy.com\/#\/schema\/person\/a3b63db1f387ec4149299954904c5bf0"},"headline":"Jujuy inici\u00f3 la temporada invernal con un 70% de ocupaci\u00f3n en sus cuatro regiones","datePublished":"2025-07-15T14:21:32+00:00","mainEntityOfPage":{"@id":"https:\/\/www.muyjujuy.com\/index.php\/2025\/07\/15\/jujuy-inicio-la-temporada-invernal-con-un-70-de-ocupacion-en-sus-cuatro-regiones\/"},"wordCount":386,"commentCount":0,"publisher":{"@id":"https:\/\/www.muyjujuy.com\/#organization"},"image":{"@id":"https:\/\/www.muyjujuy.com\/index.php\/2025\/07\/15\/jujuy-inicio-la-temporada-invernal-con-un-70-de-ocupacion-en-sus-cuatro-regiones\/#primaryimage"},"thumbnailUrl":"https:\/\/www.muyjujuy.com\/wp-content\/uploads\/2025\/07\/JUJUY-2.jpg","articleSection":["JUJUY","Sociedad"],"inLanguage":"es-AR","potentialAction":[{"@type":"CommentAction","name":"Comment","target":["https:\/\/www.muyjujuy.com\/index.php\/2025\/07\/15\/jujuy-inicio-la-temporada-invernal-con-un-70-de-ocupacion-en-sus-cuatro-regiones\/#respond"]}]},{"@type":"WebPage","@id":"https:\/\/www.muyjujuy.com\/index.php\/2025\/07\/15\/jujuy-inicio-la-temporada-invernal-con-un-70-de-ocupacion-en-sus-cuatro-regiones\/","url":"https:\/\/www.muyjujuy.com\/index.php\/2025\/07\/15\/jujuy-inicio-la-temporada-invernal-con-un-70-de-ocupacion-en-sus-cuatro-regiones\/","name":"Jujuy inici\u00f3 la temporada invernal con un 70% de ocupaci\u00f3n en sus cuatro regiones - Muy Jujuy","isPartOf":{"@id":"https:\/\/www.muyjujuy.com\/#website"},"primaryImageOfPage":{"@id":"https:\/\/www.muyjujuy.com\/index.php\/2025\/07\/15\/jujuy-inicio-la-temporada-invernal-con-un-70-de-ocupacion-en-sus-cuatro-regiones\/#primaryimage"},"image":{"@id":"https:\/\/www.muyjujuy.com\/index.php\/2025\/07\/15\/jujuy-inicio-la-temporada-invernal-con-un-70-de-ocupacion-en-sus-cuatro-regiones\/#primaryimage"},"thumbnailUrl":"https:\/\/www.muyjujuy.com\/wp-content\/uploads\/2025\/07\/JUJUY-2.jpg","datePublished":"2025-07-15T14:21:32+00:00","breadcrumb":{"@id":"https:\/\/www.muyjujuy.com\/index.php\/2025\/07\/15\/jujuy-inicio-la-temporada-invernal-con-un-70-de-ocupacion-en-sus-cuatro-regiones\/#breadcrumb"},"inLanguage":"es-AR","potentialAction":[{"@type":"ReadAction","target":["https:\/\/www.muyjujuy.com\/index.php\/2025\/07\/15\/jujuy-inicio-la-temporada-invernal-con-un-70-de-ocupacion-en-sus-cuatro-regiones\/"]}]},{"@type":"ImageObject","inLanguage":"es-AR","@id":"https:\/\/www.muyjujuy.com\/index.php\/2025\/07\/15\/jujuy-inicio-la-temporada-invernal-con-un-70-de-ocupacion-en-sus-cuatro-regiones\/#primaryimage","url":"https:\/\/www.muyjujuy.com\/wp-content\/uploads\/2025\/07\/JUJUY-2.jpg","contentUrl":"https:\/\/www.muyjujuy.com\/wp-content\/uploads\/2025\/07\/JUJUY-2.jpg","width":960,"height":541},{"@type":"BreadcrumbList","@id":"https:\/\/www.muyjujuy.com\/index.php\/2025\/07\/15\/jujuy-inicio-la-temporada-invernal-con-un-70-de-ocupacion-en-sus-cuatro-regiones\/#breadcrumb","itemListElement":[{"@type":"ListItem","position":1,"name":"Inicio","item":"https:\/\/www.muyjujuy.com\/"},{"@type":"ListItem","position":2,"name":"Jujuy inici\u00f3 la temporada invernal con un 70% de ocupaci\u00f3n en sus cuatro regiones"}]},{"@type":"WebSite","@id":"https:\/\/www.muyjujuy.com\/#website","url":"https:\/\/www.muyjujuy.com\/","name":"Muy Jujuy","description":"","publisher":{"@id":"https:\/\/www.muyjujuy.com\/#organization"},"potentialAction":[{"@type":"SearchAction","target":{"@type":"EntryPoint","urlTemplate":"https:\/\/www.muyjujuy.com\/?s={search_term_string}"},"query-input":{"@type":"PropertyValueSpecification","valueRequired":true,"valueName":"search_term_string"}}],"inLanguage":"es-AR"},{"@type":"Organization","@id":"https:\/\/www.muyjujuy.com\/#organization","name":"Muy Jujuy","url":"https:\/\/www.muyjujuy.com\/","logo":{"@type":"ImageObject","inLanguage":"es-AR","@id":"https:\/\/www.muyjujuy.com\/#\/schema\/logo\/image\/","url":"http:\/\/www.muyjujuy.com\/wp-content\/uploads\/2022\/05\/logo-mobil-jujuy.png","contentUrl":"http:\/\/www.muyjujuy.com\/wp-content\/uploads\/2022\/05\/logo-mobil-jujuy.png","width":174,"height":81,"caption":"Muy Jujuy"},"image":{"@id":"https:\/\/www.muyjujuy.com\/#\/schema\/logo\/image\/"},"sameAs":["https:\/\/www.facebook.com\/muyjujuycom","https:\/\/x.com\/muyjujuy","https:\/\/www.instagram.com\/muyjujuycom"]},{"@type":"Person","@id":"https:\/\/www.muyjujuy.com\/#\/schema\/person\/a3b63db1f387ec4149299954904c5bf0","name":"admin","image":{"@type":"ImageObject","inLanguage":"es-AR","@id":"https:\/\/secure.gravatar.com\/avatar\/b6e63d8d3a73633362405a0ad27e9c28391755813b59886f19a99d6cef8a03fc?s=96&d=mm&r=g","url":"https:\/\/secure.gravatar.com\/avatar\/b6e63d8d3a73633362405a0ad27e9c28391755813b59886f19a99d6cef8a03fc?s=96&d=mm&r=g","contentUrl":"https:\/\/secure.gravatar.com\/avatar\/b6e63d8d3a73633362405a0ad27e9c28391755813b59886f19a99d6cef8a03fc?s=96&d=mm&r=g","caption":"admin"},"url":"https:\/\/www.muyjujuy.com\/index.php\/author\/soyeleditor\/"}]}},"_links":{"self":[{"href":"https:\/\/www.muyjujuy.com\/index.php\/wp-json\/wp\/v2\/posts\/2677","targetHints":{"allow":["GET"]}}],"collection":[{"href":"https:\/\/www.muyjujuy.com\/index.php\/wp-json\/wp\/v2\/posts"}],"about":[{"href":"https:\/\/www.muyjujuy.com\/index.php\/wp-json\/wp\/v2\/types\/post"}],"author":[{"embeddable":true,"href":"https:\/\/www.muyjujuy.com\/index.php\/wp-json\/wp\/v2\/users\/1"}],"replies":[{"embeddable":true,"href":"https:\/\/www.muyjujuy.com\/index.php\/wp-json\/wp\/v2\/comments?post=2677"}],"version-history":[{"count":1,"href":"https:\/\/www.muyjujuy.com\/index.php\/wp-json\/wp\/v2\/posts\/2677\/revisions"}],"predecessor-version":[{"id":2679,"href":"https:\/\/www.muyjujuy.com\/index.php\/wp-json\/wp\/v2\/posts\/2677\/revisions\/2679"}],"wp:featuredmedia":[{"embeddable":true,"href":"https:\/\/www.muyjujuy.com\/index.php\/wp-json\/wp\/v2\/media\/2678"}],"wp:attachment":[{"href":"https:\/\/www.muyjujuy.com\/index.php\/wp-json\/wp\/v2\/media?parent=2677"}],"wp:term":[{"taxonomy":"category","embeddable":true,"href":"https:\/\/www.muyjujuy.com\/index.php\/wp-json\/wp\/v2\/categories?post=2677"},{"taxonomy":"post_tag","embeddable":true,"href":"https:\/\/www.muyjujuy.com\/index.php\/wp-json\/wp\/v2\/tags?post=2677"}],"curies":[{"name":"wp","href":"https:\/\/api.w.org\/{rel}","templated":true}]}}