{"id":2680,"date":"2025-07-15T11:25:48","date_gmt":"2025-07-15T14:25:48","guid":{"rendered":"https:\/\/www.muyjujuy.com\/?p=2680"},"modified":"2025-07-15T11:25:48","modified_gmt":"2025-07-15T14:25:48","slug":"preocupacion-en-las-provincias-por-la-eliminacion-del-fondo-nacional-para-incendios-forestales","status":"publish","type":"post","link":"https:\/\/www.muyjujuy.com\/index.php\/2025\/07\/15\/preocupacion-en-las-provincias-por-la-eliminacion-del-fondo-nacional-para-incendios-forestales\/","title":{"rendered":"Preocupaci\u00f3n en las provincias por la eliminaci\u00f3n del Fondo Nacional para Incendios Forestales"},"content":{"rendered":"\n<p>La reciente <strong>disoluci\u00f3n del Fideicomiso del Fondo Nacional de Manejo del Fuego<\/strong>, dispuesta mediante el <strong>Decreto 463\/2025 del Poder Ejecutivo Nacional<\/strong>, gener\u00f3 inquietud en las provincias. Durante una <strong>reuni\u00f3n virtual del Consejo Federal de Medio Ambiente (COFEMA)<\/strong>, la <strong>Comisi\u00f3n de Incendios Forestales<\/strong>, presidida por Jujuy, solicit\u00f3 aclaraciones a Naci\u00f3n sobre el futuro de los recursos destinados a esta problem\u00e1tica.<\/p>\n\n\n\n<p>De acuerdo con lo informado, aunque el decreto indica que el fondo continuar\u00e1 integr\u00e1ndose con el <strong>aporte del 3 por mil de las primas de seguros (excepto las de vida)<\/strong>, su administraci\u00f3n pasar\u00e1 ahora a depender del <strong>Ministerio de Seguridad<\/strong>. Ante este cambio, las jurisdicciones provinciales manifestaron dudas sobre la modalidad de ejecuci\u00f3n y sobre si los recursos llegar\u00e1n efectivamente a los sistemas provinciales de <strong>manejo del fuego<\/strong>.<\/p>\n\n\n\n<p>Asimismo, se expresaron inquietudes respecto al <strong>monto actualmente disponible<\/strong>, el <strong>destino espec\u00edfico de los fondos<\/strong> y la necesidad de asegurar que se prioricen las <strong>demandas locales<\/strong>. Desde Jujuy subrayaron que resulta fundamental <strong>garantizar una distribuci\u00f3n equitativa en un contexto marcado por la emergencia clim\u00e1tica y el incremento del riesgo de incendios forestales<\/strong>.<\/p>\n\n\n\n<p>Durante el encuentro tambi\u00e9n se analiz\u00f3 la posibilidad de que otros instrumentos, como los fondos previstos en la <strong>Ley de Bosques Nativos<\/strong> o los programas de <strong>Pago por Resultados<\/strong>, puedan complementar el financiamiento ante la situaci\u00f3n planteada.<\/p>\n\n\n\n<p>Como parte de las acciones, se propuso convocar a una <strong>Asamblea del COFEMA en agosto<\/strong>, con el objetivo de obtener definiciones claras y avanzar en mayor transparencia. Las provincias reclamaron, adem\u00e1s, <strong>una participaci\u00f3n m\u00e1s activa dentro del Sistema Nacional para la Gesti\u00f3n Integral del Riesgo (SINAGIR)<\/strong>, a fin de incidir en las decisiones relacionadas con la <strong>estrategia federal para el combate de incendios forestales<\/strong>.<\/p>\n","protected":false},"excerpt":{"rendered":"<p>La reciente disoluci\u00f3n del Fideicomiso del Fondo Nacional de Manejo del Fuego, dispuesta mediante el Decreto 463\/2025 del Poder Ejecutivo Nacional, gener\u00f3 inquietud en las provincias. Durante una reuni\u00f3n virtual del Consejo Federal de Medio Ambiente (COFEMA), la Comisi\u00f3n de Incendios Forestales, presidida por Jujuy, solicit\u00f3 aclaraciones a Naci\u00f3n sobre el futuro de los recursos [&hellip;]<\/p>\n","protected":false},"author":1,"featured_media":2681,"comment_status":"open","ping_status":"open","sticky":false,"template":"","format":"standard","meta":{"footnotes":""},"categories":[863,24],"tags":[],"class_list":{"0":"post-2680","1":"post","2":"type-post","3":"status-publish","4":"format-standard","5":"has-post-thumbnail","7":"category-jujuy","8":"category-politica"},"yoast_head":"<!-- This site is optimized with the Yoast SEO plugin v27.5 - https:\/\/yoast.com\/product\/yoast-seo-wordpress\/ -->\n<title>Preocupaci\u00f3n en las provincias por la eliminaci\u00f3n del Fondo Nacional para Incendios Forestales - Muy Jujuy<\/title>\n<meta name=\"robots\" content=\"index, follow, max-snippet:-1, max-image-preview:large, max-video-preview:-1\" \/>\n<link rel=\"canonical\" href=\"https:\/\/www.muyjujuy.com\/index.php\/2025\/07\/15\/preocupacion-en-las-provincias-por-la-eliminacion-del-fondo-nacional-para-incendios-forestales\/\" \/>\n<meta property=\"og:locale\" content=\"es_ES\" \/>\n<meta property=\"og:type\" content=\"article\" \/>\n<meta property=\"og:title\" content=\"Preocupaci\u00f3n en las provincias por la eliminaci\u00f3n del Fondo Nacional para Incendios Forestales - Muy Jujuy\" \/>\n<meta property=\"og:description\" content=\"La reciente disoluci\u00f3n del Fideicomiso del Fondo Nacional de Manejo del Fuego, dispuesta mediante el Decreto 463\/2025 del Poder Ejecutivo Nacional, gener\u00f3 inquietud en las provincias. Durante una reuni\u00f3n virtual del Consejo Federal de Medio Ambiente (COFEMA), la Comisi\u00f3n de Incendios Forestales, presidida por Jujuy, solicit\u00f3 aclaraciones a Naci\u00f3n sobre el futuro de los recursos [&hellip;]\" \/>\n<meta property=\"og:url\" content=\"https:\/\/www.muyjujuy.com\/index.php\/2025\/07\/15\/preocupacion-en-las-provincias-por-la-eliminacion-del-fondo-nacional-para-incendios-forestales\/\" \/>\n<meta property=\"og:site_name\" content=\"Muy Jujuy\" \/>\n<meta property=\"article:publisher\" content=\"https:\/\/www.facebook.com\/muyjujuycom\" \/>\n<meta property=\"article:published_time\" content=\"2025-07-15T14:25:48+00:00\" \/>\n<meta name=\"author\" content=\"admin\" \/>\n<meta name=\"twitter:card\" content=\"summary_large_image\" \/>\n<meta name=\"twitter:creator\" content=\"@muyjujuy\" \/>\n<meta name=\"twitter:site\" content=\"@muyjujuy\" \/>\n<meta name=\"twitter:label1\" content=\"Escrito por\" \/>\n\t<meta name=\"twitter:data1\" content=\"admin\" \/>\n\t<meta name=\"twitter:label2\" content=\"Tiempo de lectura\" \/>\n\t<meta name=\"twitter:data2\" content=\"1 minuto\" \/>\n<script type=\"application\/ld+json\" class=\"yoast-schema-graph\">{\"@context\":\"https:\\\/\\\/schema.org\",\"@graph\":[{\"@type\":\"Article\",\"@id\":\"https:\\\/\\\/www.muyjujuy.com\\\/index.php\\\/2025\\\/07\\\/15\\\/preocupacion-en-las-provincias-por-la-eliminacion-del-fondo-nacional-para-incendios-forestales\\\/#article\",\"isPartOf\":{\"@id\":\"https:\\\/\\\/www.muyjujuy.com\\\/index.php\\\/2025\\\/07\\\/15\\\/preocupacion-en-las-provincias-por-la-eliminacion-del-fondo-nacional-para-incendios-forestales\\\/\"},\"author\":{\"name\":\"admin\",\"@id\":\"https:\\\/\\\/www.muyjujuy.com\\\/#\\\/schema\\\/person\\\/a3b63db1f387ec4149299954904c5bf0\"},\"headline\":\"Preocupaci\u00f3n en las provincias por la eliminaci\u00f3n del Fondo Nacional para Incendios Forestales\",\"datePublished\":\"2025-07-15T14:25:48+00:00\",\"mainEntityOfPage\":{\"@id\":\"https:\\\/\\\/www.muyjujuy.com\\\/index.php\\\/2025\\\/07\\\/15\\\/preocupacion-en-las-provincias-por-la-eliminacion-del-fondo-nacional-para-incendios-forestales\\\/\"},\"wordCount\":311,\"commentCount\":0,\"publisher\":{\"@id\":\"https:\\\/\\\/www.muyjujuy.com\\\/#organization\"},\"image\":{\"@id\":\"https:\\\/\\\/www.muyjujuy.com\\\/index.php\\\/2025\\\/07\\\/15\\\/preocupacion-en-las-provincias-por-la-eliminacion-del-fondo-nacional-para-incendios-forestales\\\/#primaryimage\"},\"thumbnailUrl\":\"https:\\\/\\\/www.muyjujuy.com\\\/wp-content\\\/uploads\\\/2025\\\/07\\\/INCENDIO.jpg\",\"articleSection\":[\"JUJUY\",\"Pol\u00edtica\"],\"inLanguage\":\"es-AR\",\"potentialAction\":[{\"@type\":\"CommentAction\",\"name\":\"Comment\",\"target\":[\"https:\\\/\\\/www.muyjujuy.com\\\/index.php\\\/2025\\\/07\\\/15\\\/preocupacion-en-las-provincias-por-la-eliminacion-del-fondo-nacional-para-incendios-forestales\\\/#respond\"]}]},{\"@type\":\"WebPage\",\"@id\":\"https:\\\/\\\/www.muyjujuy.com\\\/index.php\\\/2025\\\/07\\\/15\\\/preocupacion-en-las-provincias-por-la-eliminacion-del-fondo-nacional-para-incendios-forestales\\\/\",\"url\":\"https:\\\/\\\/www.muyjujuy.com\\\/index.php\\\/2025\\\/07\\\/15\\\/preocupacion-en-las-provincias-por-la-eliminacion-del-fondo-nacional-para-incendios-forestales\\\/\",\"name\":\"Preocupaci\u00f3n en las provincias por la eliminaci\u00f3n del Fondo Nacional para Incendios Forestales - Muy Jujuy\",\"isPartOf\":{\"@id\":\"https:\\\/\\\/www.muyjujuy.com\\\/#website\"},\"primaryImageOfPage\":{\"@id\":\"https:\\\/\\\/www.muyjujuy.com\\\/index.php\\\/2025\\\/07\\\/15\\\/preocupacion-en-las-provincias-por-la-eliminacion-del-fondo-nacional-para-incendios-forestales\\\/#primaryimage\"},\"image\":{\"@id\":\"https:\\\/\\\/www.muyjujuy.com\\\/index.php\\\/2025\\\/07\\\/15\\\/preocupacion-en-las-provincias-por-la-eliminacion-del-fondo-nacional-para-incendios-forestales\\\/#primaryimage\"},\"thumbnailUrl\":\"https:\\\/\\\/www.muyjujuy.com\\\/wp-content\\\/uploads\\\/2025\\\/07\\\/INCENDIO.jpg\",\"datePublished\":\"2025-07-15T14:25:48+00:00\",\"breadcrumb\":{\"@id\":\"https:\\\/\\\/www.muyjujuy.com\\\/index.php\\\/2025\\\/07\\\/15\\\/preocupacion-en-las-provincias-por-la-eliminacion-del-fondo-nacional-para-incendios-forestales\\\/#breadcrumb\"},\"inLanguage\":\"es-AR\",\"potentialAction\":[{\"@type\":\"ReadAction\",\"target\":[\"https:\\\/\\\/www.muyjujuy.com\\\/index.php\\\/2025\\\/07\\\/15\\\/preocupacion-en-las-provincias-por-la-eliminacion-del-fondo-nacional-para-incendios-forestales\\\/\"]}]},{\"@type\":\"ImageObject\",\"inLanguage\":\"es-AR\",\"@id\":\"https:\\\/\\\/www.muyjujuy.com\\\/index.php\\\/2025\\\/07\\\/15\\\/preocupacion-en-las-provincias-por-la-eliminacion-del-fondo-nacional-para-incendios-forestales\\\/#primaryimage\",\"url\":\"https:\\\/\\\/www.muyjujuy.com\\\/wp-content\\\/uploads\\\/2025\\\/07\\\/INCENDIO.jpg\",\"contentUrl\":\"https:\\\/\\\/www.muyjujuy.com\\\/wp-content\\\/uploads\\\/2025\\\/07\\\/INCENDIO.jpg\",\"width\":959,\"height\":513},{\"@type\":\"BreadcrumbList\",\"@id\":\"https:\\\/\\\/www.muyjujuy.com\\\/index.php\\\/2025\\\/07\\\/15\\\/preocupacion-en-las-provincias-por-la-eliminacion-del-fondo-nacional-para-incendios-forestales\\\/#breadcrumb\",\"itemListElement\":[{\"@type\":\"ListItem\",\"position\":1,\"name\":\"Inicio\",\"item\":\"https:\\\/\\\/www.muyjujuy.com\\\/\"},{\"@type\":\"ListItem\",\"position\":2,\"name\":\"Preocupaci\u00f3n en las provincias por la eliminaci\u00f3n del Fondo Nacional para Incendios Forestales\"}]},{\"@type\":\"WebSite\",\"@id\":\"https:\\\/\\\/www.muyjujuy.com\\\/#website\",\"url\":\"https:\\\/\\\/www.muyjujuy.com\\\/\",\"name\":\"Muy Jujuy\",\"description\":\"\",\"publisher\":{\"@id\":\"https:\\\/\\\/www.muyjujuy.com\\\/#organization\"},\"potentialAction\":[{\"@type\":\"SearchAction\",\"target\":{\"@type\":\"EntryPoint\",\"urlTemplate\":\"https:\\\/\\\/www.muyjujuy.com\\\/?s={search_term_string}\"},\"query-input\":{\"@type\":\"PropertyValueSpecification\",\"valueRequired\":true,\"valueName\":\"search_term_string\"}}],\"inLanguage\":\"es-AR\"},{\"@type\":\"Organization\",\"@id\":\"https:\\\/\\\/www.muyjujuy.com\\\/#organization\",\"name\":\"Muy Jujuy\",\"url\":\"https:\\\/\\\/www.muyjujuy.com\\\/\",\"logo\":{\"@type\":\"ImageObject\",\"inLanguage\":\"es-AR\",\"@id\":\"https:\\\/\\\/www.muyjujuy.com\\\/#\\\/schema\\\/logo\\\/image\\\/\",\"url\":\"http:\\\/\\\/www.muyjujuy.com\\\/wp-content\\\/uploads\\\/2022\\\/05\\\/logo-mobil-jujuy.png\",\"contentUrl\":\"http:\\\/\\\/www.muyjujuy.com\\\/wp-content\\\/uploads\\\/2022\\\/05\\\/logo-mobil-jujuy.png\",\"width\":174,\"height\":81,\"caption\":\"Muy Jujuy\"},\"image\":{\"@id\":\"https:\\\/\\\/www.muyjujuy.com\\\/#\\\/schema\\\/logo\\\/image\\\/\"},\"sameAs\":[\"https:\\\/\\\/www.facebook.com\\\/muyjujuycom\",\"https:\\\/\\\/x.com\\\/muyjujuy\",\"https:\\\/\\\/www.instagram.com\\\/muyjujuycom\"]},{\"@type\":\"Person\",\"@id\":\"https:\\\/\\\/www.muyjujuy.com\\\/#\\\/schema\\\/person\\\/a3b63db1f387ec4149299954904c5bf0\",\"name\":\"admin\",\"image\":{\"@type\":\"ImageObject\",\"inLanguage\":\"es-AR\",\"@id\":\"https:\\\/\\\/secure.gravatar.com\\\/avatar\\\/b6e63d8d3a73633362405a0ad27e9c28391755813b59886f19a99d6cef8a03fc?s=96&d=mm&r=g\",\"url\":\"https:\\\/\\\/secure.gravatar.com\\\/avatar\\\/b6e63d8d3a73633362405a0ad27e9c28391755813b59886f19a99d6cef8a03fc?s=96&d=mm&r=g\",\"contentUrl\":\"https:\\\/\\\/secure.gravatar.com\\\/avatar\\\/b6e63d8d3a73633362405a0ad27e9c28391755813b59886f19a99d6cef8a03fc?s=96&d=mm&r=g\",\"caption\":\"admin\"},\"url\":\"https:\\\/\\\/www.muyjujuy.com\\\/index.php\\\/author\\\/soyeleditor\\\/\"}]}<\/script>\n<!-- \/ Yoast SEO plugin. -->","yoast_head_json":{"title":"Preocupaci\u00f3n en las provincias por la eliminaci\u00f3n del Fondo Nacional para Incendios Forestales - Muy Jujuy","robots":{"index":"index","follow":"follow","max-snippet":"max-snippet:-1","max-image-preview":"max-image-preview:large","max-video-preview":"max-video-preview:-1"},"canonical":"https:\/\/www.muyjujuy.com\/index.php\/2025\/07\/15\/preocupacion-en-las-provincias-por-la-eliminacion-del-fondo-nacional-para-incendios-forestales\/","og_locale":"es_ES","og_type":"article","og_title":"Preocupaci\u00f3n en las provincias por la eliminaci\u00f3n del Fondo Nacional para Incendios Forestales - Muy Jujuy","og_description":"La reciente disoluci\u00f3n del Fideicomiso del Fondo Nacional de Manejo del Fuego, dispuesta mediante el Decreto 463\/2025 del Poder Ejecutivo Nacional, gener\u00f3 inquietud en las provincias. Durante una reuni\u00f3n virtual del Consejo Federal de Medio Ambiente (COFEMA), la Comisi\u00f3n de Incendios Forestales, presidida por Jujuy, solicit\u00f3 aclaraciones a Naci\u00f3n sobre el futuro de los recursos [&hellip;]","og_url":"https:\/\/www.muyjujuy.com\/index.php\/2025\/07\/15\/preocupacion-en-las-provincias-por-la-eliminacion-del-fondo-nacional-para-incendios-forestales\/","og_site_name":"Muy Jujuy","article_publisher":"https:\/\/www.facebook.com\/muyjujuycom","article_published_time":"2025-07-15T14:25:48+00:00","author":"admin","twitter_card":"summary_large_image","twitter_creator":"@muyjujuy","twitter_site":"@muyjujuy","twitter_misc":{"Escrito por":"admin","Tiempo de lectura":"1 minuto"},"schema":{"@context":"https:\/\/schema.org","@graph":[{"@type":"Article","@id":"https:\/\/www.muyjujuy.com\/index.php\/2025\/07\/15\/preocupacion-en-las-provincias-por-la-eliminacion-del-fondo-nacional-para-incendios-forestales\/#article","isPartOf":{"@id":"https:\/\/www.muyjujuy.com\/index.php\/2025\/07\/15\/preocupacion-en-las-provincias-por-la-eliminacion-del-fondo-nacional-para-incendios-forestales\/"},"author":{"name":"admin","@id":"https:\/\/www.muyjujuy.com\/#\/schema\/person\/a3b63db1f387ec4149299954904c5bf0"},"headline":"Preocupaci\u00f3n en las provincias por la eliminaci\u00f3n del Fondo Nacional para Incendios Forestales","datePublished":"2025-07-15T14:25:48+00:00","mainEntityOfPage":{"@id":"https:\/\/www.muyjujuy.com\/index.php\/2025\/07\/15\/preocupacion-en-las-provincias-por-la-eliminacion-del-fondo-nacional-para-incendios-forestales\/"},"wordCount":311,"commentCount":0,"publisher":{"@id":"https:\/\/www.muyjujuy.com\/#organization"},"image":{"@id":"https:\/\/www.muyjujuy.com\/index.php\/2025\/07\/15\/preocupacion-en-las-provincias-por-la-eliminacion-del-fondo-nacional-para-incendios-forestales\/#primaryimage"},"thumbnailUrl":"https:\/\/www.muyjujuy.com\/wp-content\/uploads\/2025\/07\/INCENDIO.jpg","articleSection":["JUJUY","Pol\u00edtica"],"inLanguage":"es-AR","potentialAction":[{"@type":"CommentAction","name":"Comment","target":["https:\/\/www.muyjujuy.com\/index.php\/2025\/07\/15\/preocupacion-en-las-provincias-por-la-eliminacion-del-fondo-nacional-para-incendios-forestales\/#respond"]}]},{"@type":"WebPage","@id":"https:\/\/www.muyjujuy.com\/index.php\/2025\/07\/15\/preocupacion-en-las-provincias-por-la-eliminacion-del-fondo-nacional-para-incendios-forestales\/","url":"https:\/\/www.muyjujuy.com\/index.php\/2025\/07\/15\/preocupacion-en-las-provincias-por-la-eliminacion-del-fondo-nacional-para-incendios-forestales\/","name":"Preocupaci\u00f3n en las provincias por la eliminaci\u00f3n del Fondo Nacional para Incendios Forestales - Muy Jujuy","isPartOf":{"@id":"https:\/\/www.muyjujuy.com\/#website"},"primaryImageOfPage":{"@id":"https:\/\/www.muyjujuy.com\/index.php\/2025\/07\/15\/preocupacion-en-las-provincias-por-la-eliminacion-del-fondo-nacional-para-incendios-forestales\/#primaryimage"},"image":{"@id":"https:\/\/www.muyjujuy.com\/index.php\/2025\/07\/15\/preocupacion-en-las-provincias-por-la-eliminacion-del-fondo-nacional-para-incendios-forestales\/#primaryimage"},"thumbnailUrl":"https:\/\/www.muyjujuy.com\/wp-content\/uploads\/2025\/07\/INCENDIO.jpg","datePublished":"2025-07-15T14:25:48+00:00","breadcrumb":{"@id":"https:\/\/www.muyjujuy.com\/index.php\/2025\/07\/15\/preocupacion-en-las-provincias-por-la-eliminacion-del-fondo-nacional-para-incendios-forestales\/#breadcrumb"},"inLanguage":"es-AR","potentialAction":[{"@type":"ReadAction","target":["https:\/\/www.muyjujuy.com\/index.php\/2025\/07\/15\/preocupacion-en-las-provincias-por-la-eliminacion-del-fondo-nacional-para-incendios-forestales\/"]}]},{"@type":"ImageObject","inLanguage":"es-AR","@id":"https:\/\/www.muyjujuy.com\/index.php\/2025\/07\/15\/preocupacion-en-las-provincias-por-la-eliminacion-del-fondo-nacional-para-incendios-forestales\/#primaryimage","url":"https:\/\/www.muyjujuy.com\/wp-content\/uploads\/2025\/07\/INCENDIO.jpg","contentUrl":"https:\/\/www.muyjujuy.com\/wp-content\/uploads\/2025\/07\/INCENDIO.jpg","width":959,"height":513},{"@type":"BreadcrumbList","@id":"https:\/\/www.muyjujuy.com\/index.php\/2025\/07\/15\/preocupacion-en-las-provincias-por-la-eliminacion-del-fondo-nacional-para-incendios-forestales\/#breadcrumb","itemListElement":[{"@type":"ListItem","position":1,"name":"Inicio","item":"https:\/\/www.muyjujuy.com\/"},{"@type":"ListItem","position":2,"name":"Preocupaci\u00f3n en las provincias por la eliminaci\u00f3n del Fondo Nacional para Incendios Forestales"}]},{"@type":"WebSite","@id":"https:\/\/www.muyjujuy.com\/#website","url":"https:\/\/www.muyjujuy.com\/","name":"Muy Jujuy","description":"","publisher":{"@id":"https:\/\/www.muyjujuy.com\/#organization"},"potentialAction":[{"@type":"SearchAction","target":{"@type":"EntryPoint","urlTemplate":"https:\/\/www.muyjujuy.com\/?s={search_term_string}"},"query-input":{"@type":"PropertyValueSpecification","valueRequired":true,"valueName":"search_term_string"}}],"inLanguage":"es-AR"},{"@type":"Organization","@id":"https:\/\/www.muyjujuy.com\/#organization","name":"Muy Jujuy","url":"https:\/\/www.muyjujuy.com\/","logo":{"@type":"ImageObject","inLanguage":"es-AR","@id":"https:\/\/www.muyjujuy.com\/#\/schema\/logo\/image\/","url":"http:\/\/www.muyjujuy.com\/wp-content\/uploads\/2022\/05\/logo-mobil-jujuy.png","contentUrl":"http:\/\/www.muyjujuy.com\/wp-content\/uploads\/2022\/05\/logo-mobil-jujuy.png","width":174,"height":81,"caption":"Muy Jujuy"},"image":{"@id":"https:\/\/www.muyjujuy.com\/#\/schema\/logo\/image\/"},"sameAs":["https:\/\/www.facebook.com\/muyjujuycom","https:\/\/x.com\/muyjujuy","https:\/\/www.instagram.com\/muyjujuycom"]},{"@type":"Person","@id":"https:\/\/www.muyjujuy.com\/#\/schema\/person\/a3b63db1f387ec4149299954904c5bf0","name":"admin","image":{"@type":"ImageObject","inLanguage":"es-AR","@id":"https:\/\/secure.gravatar.com\/avatar\/b6e63d8d3a73633362405a0ad27e9c28391755813b59886f19a99d6cef8a03fc?s=96&d=mm&r=g","url":"https:\/\/secure.gravatar.com\/avatar\/b6e63d8d3a73633362405a0ad27e9c28391755813b59886f19a99d6cef8a03fc?s=96&d=mm&r=g","contentUrl":"https:\/\/secure.gravatar.com\/avatar\/b6e63d8d3a73633362405a0ad27e9c28391755813b59886f19a99d6cef8a03fc?s=96&d=mm&r=g","caption":"admin"},"url":"https:\/\/www.muyjujuy.com\/index.php\/author\/soyeleditor\/"}]}},"_links":{"self":[{"href":"https:\/\/www.muyjujuy.com\/index.php\/wp-json\/wp\/v2\/posts\/2680","targetHints":{"allow":["GET"]}}],"collection":[{"href":"https:\/\/www.muyjujuy.com\/index.php\/wp-json\/wp\/v2\/posts"}],"about":[{"href":"https:\/\/www.muyjujuy.com\/index.php\/wp-json\/wp\/v2\/types\/post"}],"author":[{"embeddable":true,"href":"https:\/\/www.muyjujuy.com\/index.php\/wp-json\/wp\/v2\/users\/1"}],"replies":[{"embeddable":true,"href":"https:\/\/www.muyjujuy.com\/index.php\/wp-json\/wp\/v2\/comments?post=2680"}],"version-history":[{"count":1,"href":"https:\/\/www.muyjujuy.com\/index.php\/wp-json\/wp\/v2\/posts\/2680\/revisions"}],"predecessor-version":[{"id":2682,"href":"https:\/\/www.muyjujuy.com\/index.php\/wp-json\/wp\/v2\/posts\/2680\/revisions\/2682"}],"wp:featuredmedia":[{"embeddable":true,"href":"https:\/\/www.muyjujuy.com\/index.php\/wp-json\/wp\/v2\/media\/2681"}],"wp:attachment":[{"href":"https:\/\/www.muyjujuy.com\/index.php\/wp-json\/wp\/v2\/media?parent=2680"}],"wp:term":[{"taxonomy":"category","embeddable":true,"href":"https:\/\/www.muyjujuy.com\/index.php\/wp-json\/wp\/v2\/categories?post=2680"},{"taxonomy":"post_tag","embeddable":true,"href":"https:\/\/www.muyjujuy.com\/index.php\/wp-json\/wp\/v2\/tags?post=2680"}],"curies":[{"name":"wp","href":"https:\/\/api.w.org\/{rel}","templated":true}]}}